{"id":55273,"date":"2018-08-21T20:02:40","date_gmt":"2018-08-21T19:02:40","guid":{"rendered":"http:\/\/newsestlyonnais.fr\/site\/?p=55273"},"modified":"2020-10-30T20:38:44","modified_gmt":"2020-10-30T19:38:44","slug":"vaulx-en-velin-3-coureurs-du-vcvv-professionnels-a-ag2r-la-mondiale","status":"publish","type":"post","link":"https:\/\/newsestlyonnais.fr\/site\/2018\/08\/21\/vaulx-en-velin-3-coureurs-du-vcvv-professionnels-a-ag2r-la-mondiale\/","title":{"rendered":"VAULX-EN-VELIN | 3 coureurs du VCVV professionnels \u00e0 Ag2r la Mondiale"},"content":{"rendered":"<h4>C\u2019est actuellement la p\u00e9riode des transferts en cyclisme et les mouvements se succ\u00e8dent au sein des \u00e9quipes.<\/h4>\n<p>Certaines de ces mutations estivales concernent des coureurs pass\u00e9s par le V\u00e9lo Club de Vaulx en Velin entre 2011 et 2014, c\u2019est ainsi le cas de :<\/p>\n<p>\u2013 <em><strong>Geoffrey Bouchard<\/strong><\/em>, qui vient de signer son premier contrat professionnel au sein de l\u2019\u00e9quipe Ag2r la Mondiale. Le coureur de 26 ans se voit r\u00e9compenser de sa superbe saison, avec en point d\u2019orgue le titre de champion de France amateurs. (<em><strong>PHOTO A LA UNE<\/strong><\/em>, lors de la signature de son contrat avec Vincent Lavenu, manager).<\/p>\n<p>\u2013 <em><strong>Dorian Godon<\/strong><\/em> : l\u2019\u00e9quipe savoyarde a officialis\u00e9 l\u2019arriv\u00e9e d\u2019un 2\u00b0 coureur vaudais. Le puncheur de 22 ans a effectu\u00e9 ses classes au sein de l\u2019\u00e9cole de cyclisme du V\u00e9lo Club de Vaulx en Velin. Arriv\u00e9 chez les cadets, il a rejoint l\u2019\u00e9quipe \u00e9lite, avant de franchir le Rubicon en 2016.<\/p>\n<p>Les deux hommes retrouveront un pur produit vaudais : <strong>Cl\u00e9ment Venturini<\/strong>. D\u00e9j\u00e0 pr\u00e9sent dans l\u2019effectif terre et ciel, le coureur licenci\u00e9 au V\u00e9lo Club de Vaulx en Velin, apportera son exp\u00e9rience \u00e0 ses nouveaux partenaires. La pr\u00e9sence de ses <strong>3 coureurs form\u00e9s au VCVV<\/strong>, au sein d\u2019une \u00e9quipe de premi\u00e8re division mondiale, est une preuve suppl\u00e9mentaire de la qualit\u00e9 du travail de formation effectu\u00e9 par le club.<\/p>\n<p>La structure vaudaise se f\u00e9licite de la r\u00e9ussite de ses champions et leur souhaite une excellente saison 2019 !<\/p>\n<ul>\n<li><strong>Retrouvez l&rsquo;ACTU sportive vaudaise sur : <a href=\"http:\/\/www.omsvaulxenvelin.com\" target=\"_blank\" rel=\"noopener noreferrer\">http:\/\/www.omsvaulxenvelin.com<\/a><\/strong><\/li>\n<\/ul>\n<div id='gallery-1' class='gallery galleryid-55273 gallery-columns-3 gallery-size-thumbnail'><figure class='gallery-item'>\n\t\t\t<div class='gallery-icon landscape'>\n\t\t\t\t<a href='https:\/\/newsestlyonnais.fr\/site\/2018\/08\/21\/vaulx-en-velin-3-coureurs-du-vcvv-professionnels-a-ag2r-la-mondiale\/newsestlyonnais-dorian-godon-2\/'><img loading=\"lazy\" decoding=\"async\" width=\"150\" height=\"150\" src=\"https:\/\/newsestlyonnais.fr\/site\/wp-content\/uploads\/2018\/08\/NEWSESTLYONNAIS-DORIAN-GODON-2-150x150.jpg\" class=\"attachment-thumbnail size-thumbnail\" alt=\"NEWSESTLYONNAIS DORIAN GODON (2)\" aria-describedby=\"gallery-1-55278\" srcset=\"https:\/\/newsestlyonnais.fr\/site\/wp-content\/uploads\/2018\/08\/NEWSESTLYONNAIS-DORIAN-GODON-2-150x150.jpg 150w, https:\/\/newsestlyonnais.fr\/site\/wp-content\/uploads\/2018\/08\/NEWSESTLYONNAIS-DORIAN-GODON-2-300x300.jpg 300w, https:\/\/newsestlyonnais.fr\/site\/wp-content\/uploads\/2018\/08\/NEWSESTLYONNAIS-DORIAN-GODON-2-768x767.jpg 768w, https:\/\/newsestlyonnais.fr\/site\/wp-content\/uploads\/2018\/08\/NEWSESTLYONNAIS-DORIAN-GODON-2-751x750.jpg 751w, https:\/\/newsestlyonnais.fr\/site\/wp-content\/uploads\/2018\/08\/NEWSESTLYONNAIS-DORIAN-GODON-2-600x599.jpg 600w, https:\/\/newsestlyonnais.fr\/site\/wp-content\/uploads\/2018\/08\/NEWSESTLYONNAIS-DORIAN-GODON-2.jpg 1080w\" sizes=\"auto, (max-width: 150px) 100vw, 150px\" \/><\/a>\n\t\t\t<\/div>\n\t\t\t\t<figcaption class='wp-caption-text gallery-caption' id='gallery-1-55278'>\n\t\t\t\tDorian Godon passe de Cofidis \u00e0 AG2R La Mondiale \n\t\t\t\t<\/figcaption><\/figure><figure class='gallery-item'>\n\t\t\t<div class='gallery-icon landscape'>\n\t\t\t\t<a href='https:\/\/newsestlyonnais.fr\/site\/2018\/08\/21\/vaulx-en-velin-3-coureurs-du-vcvv-professionnels-a-ag2r-la-mondiale\/newsestlyonnais-clement-venturini-2\/'><img loading=\"lazy\" decoding=\"async\" width=\"150\" height=\"150\" src=\"https:\/\/newsestlyonnais.fr\/site\/wp-content\/uploads\/2018\/08\/NEWSESTLYONNAIS-CLEMENT-VENTURINI-150x150.jpg\" class=\"attachment-thumbnail size-thumbnail\" alt=\"\" aria-describedby=\"gallery-1-55279\" srcset=\"https:\/\/newsestlyonnais.fr\/site\/wp-content\/uploads\/2018\/08\/NEWSESTLYONNAIS-CLEMENT-VENTURINI-150x150.jpg 150w, https:\/\/newsestlyonnais.fr\/site\/wp-content\/uploads\/2018\/08\/NEWSESTLYONNAIS-CLEMENT-VENTURINI-300x300.jpg 300w, https:\/\/newsestlyonnais.fr\/site\/wp-content\/uploads\/2018\/08\/NEWSESTLYONNAIS-CLEMENT-VENTURINI-768x768.jpg 768w, https:\/\/newsestlyonnais.fr\/site\/wp-content\/uploads\/2018\/08\/NEWSESTLYONNAIS-CLEMENT-VENTURINI-750x750.jpg 750w, https:\/\/newsestlyonnais.fr\/site\/wp-content\/uploads\/2018\/08\/NEWSESTLYONNAIS-CLEMENT-VENTURINI-600x600.jpg 600w, https:\/\/newsestlyonnais.fr\/site\/wp-content\/uploads\/2018\/08\/NEWSESTLYONNAIS-CLEMENT-VENTURINI.jpg 998w\" sizes=\"auto, (max-width: 150px) 100vw, 150px\" \/><\/a>\n\t\t\t<\/div>\n\t\t\t\t<figcaption class='wp-caption-text gallery-caption' id='gallery-1-55279'>\n\t\t\t\t    Cl\u00e9ment Venturini pr\u00e9sent depuis cette saison \u00e0 AG2R La Mondiale \n\t\t\t\t<\/figcaption><\/figure>\n\t\t<\/div>\n\n","protected":false},"excerpt":{"rendered":"<p>C\u2019est actuellement la p\u00e9riode des transferts en cyclisme et les mouvements se succ\u00e8dent au sein des \u00e9quipes. Certaines de ces mutations estivales concernent des coureurs pass\u00e9s par le V\u00e9lo Club de Vaulx en Velin entre 2011 et 2014, c\u2019est ainsi le cas de : \u2013 Geoffrey Bouchard, qui vient de signer son premier contrat professionnel [&hellip;]<\/p>\n","protected":false},"author":4,"featured_media":55276,"comment_status":"closed","ping_status":"closed","sticky":false,"template":"","format":"standard","meta":{"footnotes":""},"categories":[2969,28],"tags":[],"class_list":["post-55273","post","type-post","status-publish","format-standard","has-post-thumbnail","hentry","category-cyclisme-cyclo-vtt","category-vaulx-en-velin"],"yoast_head":"<!-- This site is optimized with the Yoast SEO plugin v27.2 - https:\/\/yoast.com\/product\/yoast-seo-wordpress\/ -->\n<title>VAULX EN VELIN : 3 coureurs du VCVV professionnels \u00e0 Ag2r la Mondiale<\/title>\n<meta name=\"description\" content=\"VAULX EN VELIN : 3 coureurs du VCVV professionnels \u00e0 Ag2r la Mondiale\" \/>\n<meta name=\"robots\" content=\"index, follow, max-snippet:-1, max-image-preview:large, max-video-preview:-1\" \/>\n<link rel=\"canonical\" href=\"https:\/\/newsestlyonnais.fr\/site\/2018\/08\/21\/vaulx-en-velin-3-coureurs-du-vcvv-professionnels-a-ag2r-la-mondiale\/\" \/>\n<meta property=\"og:locale\" content=\"fr_FR\" \/>\n<meta property=\"og:type\" content=\"article\" \/>\n<meta property=\"og:title\" content=\"VAULX EN VELIN : 3 coureurs du VCVV professionnels \u00e0 Ag2r la Mondiale\" \/>\n<meta property=\"og:description\" content=\"VAULX EN VELIN : 3 coureurs du VCVV professionnels \u00e0 Ag2r la Mondiale\" \/>\n<meta property=\"og:url\" content=\"https:\/\/newsestlyonnais.fr\/site\/2018\/08\/21\/vaulx-en-velin-3-coureurs-du-vcvv-professionnels-a-ag2r-la-mondiale\/\" \/>\n<meta property=\"og:site_name\" content=\"News Est Lyonnais\" \/>\n<meta property=\"article:author\" content=\"https:\/\/www.facebook.com\/pascal.oberson.1?fref=ts\" \/>\n<meta property=\"article:published_time\" content=\"2018-08-21T19:02:40+00:00\" \/>\n<meta property=\"article:modified_time\" content=\"2020-10-30T19:38:44+00:00\" \/>\n<meta property=\"og:image\" content=\"https:\/\/i0.wp.com\/newsestlyonnais.fr\/site\/wp-content\/uploads\/2018\/08\/NEWSESTLYONNAIS-BOUCHARD-ET-LAVENU.jpg?fit=1200%2C1200&ssl=1\" \/>\n\t<meta property=\"og:image:width\" content=\"1200\" \/>\n\t<meta property=\"og:image:height\" content=\"1200\" \/>\n\t<meta property=\"og:image:type\" content=\"image\/jpeg\" \/>\n<meta name=\"author\" content=\"R\u00e9dac. NEWS\" \/>\n<meta name=\"twitter:card\" content=\"summary_large_image\" \/>\n<meta name=\"twitter:label1\" content=\"\u00c9crit par\" \/>\n\t<meta name=\"twitter:data1\" content=\"R\u00e9dac. NEWS\" \/>\n\t<meta name=\"twitter:label2\" content=\"Dur\u00e9e de lecture estim\u00e9e\" \/>\n\t<meta name=\"twitter:data2\" content=\"1 minute\" \/>\n<script type=\"application\/ld+json\" class=\"yoast-schema-graph\">{\"@context\":\"https:\/\/schema.org\",\"@graph\":[{\"@type\":\"Article\",\"@id\":\"https:\/\/newsestlyonnais.fr\/site\/2018\/08\/21\/vaulx-en-velin-3-coureurs-du-vcvv-professionnels-a-ag2r-la-mondiale\/#article\",\"isPartOf\":{\"@id\":\"https:\/\/newsestlyonnais.fr\/site\/2018\/08\/21\/vaulx-en-velin-3-coureurs-du-vcvv-professionnels-a-ag2r-la-mondiale\/\"},\"author\":{\"name\":\"R\u00e9dac. NEWS\",\"@id\":\"https:\/\/newsestlyonnais.fr\/site\/#\/schema\/person\/3230d5615f390bb808365d673001e887\"},\"headline\":\"VAULX-EN-VELIN | 3 coureurs du VCVV professionnels \u00e0 Ag2r la Mondiale\",\"datePublished\":\"2018-08-21T19:02:40+00:00\",\"dateModified\":\"2020-10-30T19:38:44+00:00\",\"mainEntityOfPage\":{\"@id\":\"https:\/\/newsestlyonnais.fr\/site\/2018\/08\/21\/vaulx-en-velin-3-coureurs-du-vcvv-professionnels-a-ag2r-la-mondiale\/\"},\"wordCount\":275,\"publisher\":{\"@id\":\"https:\/\/newsestlyonnais.fr\/site\/#organization\"},\"image\":{\"@id\":\"https:\/\/newsestlyonnais.fr\/site\/2018\/08\/21\/vaulx-en-velin-3-coureurs-du-vcvv-professionnels-a-ag2r-la-mondiale\/#primaryimage\"},\"thumbnailUrl\":\"https:\/\/newsestlyonnais.fr\/site\/wp-content\/uploads\/2018\/08\/NEWSESTLYONNAIS-BOUCHARD-ET-LAVENU.jpg\",\"articleSection\":[\"Cyclisme | Cyclo | Vtt\",\"Vaulx-en-Velin\"],\"inLanguage\":\"fr-FR\"},{\"@type\":\"WebPage\",\"@id\":\"https:\/\/newsestlyonnais.fr\/site\/2018\/08\/21\/vaulx-en-velin-3-coureurs-du-vcvv-professionnels-a-ag2r-la-mondiale\/\",\"url\":\"https:\/\/newsestlyonnais.fr\/site\/2018\/08\/21\/vaulx-en-velin-3-coureurs-du-vcvv-professionnels-a-ag2r-la-mondiale\/\",\"name\":\"VAULX EN VELIN : 3 coureurs du VCVV professionnels \u00e0 Ag2r la Mondiale\",\"isPartOf\":{\"@id\":\"https:\/\/newsestlyonnais.fr\/site\/#website\"},\"primaryImageOfPage\":{\"@id\":\"https:\/\/newsestlyonnais.fr\/site\/2018\/08\/21\/vaulx-en-velin-3-coureurs-du-vcvv-professionnels-a-ag2r-la-mondiale\/#primaryimage\"},\"image\":{\"@id\":\"https:\/\/newsestlyonnais.fr\/site\/2018\/08\/21\/vaulx-en-velin-3-coureurs-du-vcvv-professionnels-a-ag2r-la-mondiale\/#primaryimage\"},\"thumbnailUrl\":\"https:\/\/newsestlyonnais.fr\/site\/wp-content\/uploads\/2018\/08\/NEWSESTLYONNAIS-BOUCHARD-ET-LAVENU.jpg\",\"datePublished\":\"2018-08-21T19:02:40+00:00\",\"dateModified\":\"2020-10-30T19:38:44+00:00\",\"description\":\"VAULX EN VELIN : 3 coureurs du VCVV professionnels \u00e0 Ag2r la Mondiale\",\"breadcrumb\":{\"@id\":\"https:\/\/newsestlyonnais.fr\/site\/2018\/08\/21\/vaulx-en-velin-3-coureurs-du-vcvv-professionnels-a-ag2r-la-mondiale\/#breadcrumb\"},\"inLanguage\":\"fr-FR\",\"potentialAction\":[{\"@type\":\"ReadAction\",\"target\":[\"https:\/\/newsestlyonnais.fr\/site\/2018\/08\/21\/vaulx-en-velin-3-coureurs-du-vcvv-professionnels-a-ag2r-la-mondiale\/\"]}]},{\"@type\":\"ImageObject\",\"inLanguage\":\"fr-FR\",\"@id\":\"https:\/\/newsestlyonnais.fr\/site\/2018\/08\/21\/vaulx-en-velin-3-coureurs-du-vcvv-professionnels-a-ag2r-la-mondiale\/#primaryimage\",\"url\":\"https:\/\/newsestlyonnais.fr\/site\/wp-content\/uploads\/2018\/08\/NEWSESTLYONNAIS-BOUCHARD-ET-LAVENU.jpg\",\"contentUrl\":\"https:\/\/newsestlyonnais.fr\/site\/wp-content\/uploads\/2018\/08\/NEWSESTLYONNAIS-BOUCHARD-ET-LAVENU.jpg\",\"width\":1200,\"height\":1200,\"caption\":\"NEWSESTLYONNAIS - BOUCHARD ET LAVENU\"},{\"@type\":\"BreadcrumbList\",\"@id\":\"https:\/\/newsestlyonnais.fr\/site\/2018\/08\/21\/vaulx-en-velin-3-coureurs-du-vcvv-professionnels-a-ag2r-la-mondiale\/#breadcrumb\",\"itemListElement\":[{\"@type\":\"ListItem\",\"position\":1,\"name\":\"Accueil\",\"item\":\"https:\/\/newsestlyonnais.fr\/site\/\"},{\"@type\":\"ListItem\",\"position\":2,\"name\":\"VAULX-EN-VELIN | 3 coureurs du VCVV professionnels \u00e0 Ag2r la Mondiale\"}]},{\"@type\":\"WebSite\",\"@id\":\"https:\/\/newsestlyonnais.fr\/site\/#website\",\"url\":\"https:\/\/newsestlyonnais.fr\/site\/\",\"name\":\"News Est Lyonnais\",\"description\":\"L&#039;actualit\u00e9 au plus pr\u00e8s\",\"publisher\":{\"@id\":\"https:\/\/newsestlyonnais.fr\/site\/#organization\"},\"potentialAction\":[{\"@type\":\"SearchAction\",\"target\":{\"@type\":\"EntryPoint\",\"urlTemplate\":\"https:\/\/newsestlyonnais.fr\/site\/?s={search_term_string}\"},\"query-input\":{\"@type\":\"PropertyValueSpecification\",\"valueRequired\":true,\"valueName\":\"search_term_string\"}}],\"inLanguage\":\"fr-FR\"},{\"@type\":\"Organization\",\"@id\":\"https:\/\/newsestlyonnais.fr\/site\/#organization\",\"name\":\"News EST LYONNAIS\",\"url\":\"https:\/\/newsestlyonnais.fr\/site\/\",\"logo\":{\"@type\":\"ImageObject\",\"inLanguage\":\"fr-FR\",\"@id\":\"https:\/\/newsestlyonnais.fr\/site\/#\/schema\/logo\/image\/\",\"url\":\"\",\"contentUrl\":\"\",\"caption\":\"News EST LYONNAIS\"},\"image\":{\"@id\":\"https:\/\/newsestlyonnais.fr\/site\/#\/schema\/logo\/image\/\"}},{\"@type\":\"Person\",\"@id\":\"https:\/\/newsestlyonnais.fr\/site\/#\/schema\/person\/3230d5615f390bb808365d673001e887\",\"name\":\"R\u00e9dac. NEWS\",\"sameAs\":[\"http:\/\/www.newsestlyonnais.fr\",\"https:\/\/www.facebook.com\/pascal.oberson.1?fref=ts\",\"https:\/\/fr.linkedin.com\/in\/pascal-oberson-b17045113\"],\"url\":\"https:\/\/newsestlyonnais.fr\/site\/author\/nel\/\"}]}<\/script>\n<!-- \/ Yoast SEO plugin. -->","yoast_head_json":{"title":"VAULX EN VELIN : 3 coureurs du VCVV professionnels \u00e0 Ag2r la Mondiale","description":"VAULX EN VELIN : 3 coureurs du VCVV professionnels \u00e0 Ag2r la Mondiale","robots":{"index":"index","follow":"follow","max-snippet":"max-snippet:-1","max-image-preview":"max-image-preview:large","max-video-preview":"max-video-preview:-1"},"canonical":"https:\/\/newsestlyonnais.fr\/site\/2018\/08\/21\/vaulx-en-velin-3-coureurs-du-vcvv-professionnels-a-ag2r-la-mondiale\/","og_locale":"fr_FR","og_type":"article","og_title":"VAULX EN VELIN : 3 coureurs du VCVV professionnels \u00e0 Ag2r la Mondiale","og_description":"VAULX EN VELIN : 3 coureurs du VCVV professionnels \u00e0 Ag2r la Mondiale","og_url":"https:\/\/newsestlyonnais.fr\/site\/2018\/08\/21\/vaulx-en-velin-3-coureurs-du-vcvv-professionnels-a-ag2r-la-mondiale\/","og_site_name":"News Est Lyonnais","article_author":"https:\/\/www.facebook.com\/pascal.oberson.1?fref=ts","article_published_time":"2018-08-21T19:02:40+00:00","article_modified_time":"2020-10-30T19:38:44+00:00","og_image":[{"width":1200,"height":1200,"url":"https:\/\/i0.wp.com\/newsestlyonnais.fr\/site\/wp-content\/uploads\/2018\/08\/NEWSESTLYONNAIS-BOUCHARD-ET-LAVENU.jpg?fit=1200%2C1200&ssl=1","type":"image\/jpeg"}],"author":"R\u00e9dac. NEWS","twitter_card":"summary_large_image","twitter_misc":{"\u00c9crit par":"R\u00e9dac. NEWS","Dur\u00e9e de lecture estim\u00e9e":"1 minute"},"schema":{"@context":"https:\/\/schema.org","@graph":[{"@type":"Article","@id":"https:\/\/newsestlyonnais.fr\/site\/2018\/08\/21\/vaulx-en-velin-3-coureurs-du-vcvv-professionnels-a-ag2r-la-mondiale\/#article","isPartOf":{"@id":"https:\/\/newsestlyonnais.fr\/site\/2018\/08\/21\/vaulx-en-velin-3-coureurs-du-vcvv-professionnels-a-ag2r-la-mondiale\/"},"author":{"name":"R\u00e9dac. NEWS","@id":"https:\/\/newsestlyonnais.fr\/site\/#\/schema\/person\/3230d5615f390bb808365d673001e887"},"headline":"VAULX-EN-VELIN | 3 coureurs du VCVV professionnels \u00e0 Ag2r la Mondiale","datePublished":"2018-08-21T19:02:40+00:00","dateModified":"2020-10-30T19:38:44+00:00","mainEntityOfPage":{"@id":"https:\/\/newsestlyonnais.fr\/site\/2018\/08\/21\/vaulx-en-velin-3-coureurs-du-vcvv-professionnels-a-ag2r-la-mondiale\/"},"wordCount":275,"publisher":{"@id":"https:\/\/newsestlyonnais.fr\/site\/#organization"},"image":{"@id":"https:\/\/newsestlyonnais.fr\/site\/2018\/08\/21\/vaulx-en-velin-3-coureurs-du-vcvv-professionnels-a-ag2r-la-mondiale\/#primaryimage"},"thumbnailUrl":"https:\/\/newsestlyonnais.fr\/site\/wp-content\/uploads\/2018\/08\/NEWSESTLYONNAIS-BOUCHARD-ET-LAVENU.jpg","articleSection":["Cyclisme | Cyclo | Vtt","Vaulx-en-Velin"],"inLanguage":"fr-FR"},{"@type":"WebPage","@id":"https:\/\/newsestlyonnais.fr\/site\/2018\/08\/21\/vaulx-en-velin-3-coureurs-du-vcvv-professionnels-a-ag2r-la-mondiale\/","url":"https:\/\/newsestlyonnais.fr\/site\/2018\/08\/21\/vaulx-en-velin-3-coureurs-du-vcvv-professionnels-a-ag2r-la-mondiale\/","name":"VAULX EN VELIN : 3 coureurs du VCVV professionnels \u00e0 Ag2r la Mondiale","isPartOf":{"@id":"https:\/\/newsestlyonnais.fr\/site\/#website"},"primaryImageOfPage":{"@id":"https:\/\/newsestlyonnais.fr\/site\/2018\/08\/21\/vaulx-en-velin-3-coureurs-du-vcvv-professionnels-a-ag2r-la-mondiale\/#primaryimage"},"image":{"@id":"https:\/\/newsestlyonnais.fr\/site\/2018\/08\/21\/vaulx-en-velin-3-coureurs-du-vcvv-professionnels-a-ag2r-la-mondiale\/#primaryimage"},"thumbnailUrl":"https:\/\/newsestlyonnais.fr\/site\/wp-content\/uploads\/2018\/08\/NEWSESTLYONNAIS-BOUCHARD-ET-LAVENU.jpg","datePublished":"2018-08-21T19:02:40+00:00","dateModified":"2020-10-30T19:38:44+00:00","description":"VAULX EN VELIN : 3 coureurs du VCVV professionnels \u00e0 Ag2r la Mondiale","breadcrumb":{"@id":"https:\/\/newsestlyonnais.fr\/site\/2018\/08\/21\/vaulx-en-velin-3-coureurs-du-vcvv-professionnels-a-ag2r-la-mondiale\/#breadcrumb"},"inLanguage":"fr-FR","potentialAction":[{"@type":"ReadAction","target":["https:\/\/newsestlyonnais.fr\/site\/2018\/08\/21\/vaulx-en-velin-3-coureurs-du-vcvv-professionnels-a-ag2r-la-mondiale\/"]}]},{"@type":"ImageObject","inLanguage":"fr-FR","@id":"https:\/\/newsestlyonnais.fr\/site\/2018\/08\/21\/vaulx-en-velin-3-coureurs-du-vcvv-professionnels-a-ag2r-la-mondiale\/#primaryimage","url":"https:\/\/newsestlyonnais.fr\/site\/wp-content\/uploads\/2018\/08\/NEWSESTLYONNAIS-BOUCHARD-ET-LAVENU.jpg","contentUrl":"https:\/\/newsestlyonnais.fr\/site\/wp-content\/uploads\/2018\/08\/NEWSESTLYONNAIS-BOUCHARD-ET-LAVENU.jpg","width":1200,"height":1200,"caption":"NEWSESTLYONNAIS - BOUCHARD ET LAVENU"},{"@type":"BreadcrumbList","@id":"https:\/\/newsestlyonnais.fr\/site\/2018\/08\/21\/vaulx-en-velin-3-coureurs-du-vcvv-professionnels-a-ag2r-la-mondiale\/#breadcrumb","itemListElement":[{"@type":"ListItem","position":1,"name":"Accueil","item":"https:\/\/newsestlyonnais.fr\/site\/"},{"@type":"ListItem","position":2,"name":"VAULX-EN-VELIN | 3 coureurs du VCVV professionnels \u00e0 Ag2r la Mondiale"}]},{"@type":"WebSite","@id":"https:\/\/newsestlyonnais.fr\/site\/#website","url":"https:\/\/newsestlyonnais.fr\/site\/","name":"News Est Lyonnais","description":"L&#039;actualit\u00e9 au plus pr\u00e8s","publisher":{"@id":"https:\/\/newsestlyonnais.fr\/site\/#organization"},"potentialAction":[{"@type":"SearchAction","target":{"@type":"EntryPoint","urlTemplate":"https:\/\/newsestlyonnais.fr\/site\/?s={search_term_string}"},"query-input":{"@type":"PropertyValueSpecification","valueRequired":true,"valueName":"search_term_string"}}],"inLanguage":"fr-FR"},{"@type":"Organization","@id":"https:\/\/newsestlyonnais.fr\/site\/#organization","name":"News EST LYONNAIS","url":"https:\/\/newsestlyonnais.fr\/site\/","logo":{"@type":"ImageObject","inLanguage":"fr-FR","@id":"https:\/\/newsestlyonnais.fr\/site\/#\/schema\/logo\/image\/","url":"","contentUrl":"","caption":"News EST LYONNAIS"},"image":{"@id":"https:\/\/newsestlyonnais.fr\/site\/#\/schema\/logo\/image\/"}},{"@type":"Person","@id":"https:\/\/newsestlyonnais.fr\/site\/#\/schema\/person\/3230d5615f390bb808365d673001e887","name":"R\u00e9dac. NEWS","sameAs":["http:\/\/www.newsestlyonnais.fr","https:\/\/www.facebook.com\/pascal.oberson.1?fref=ts","https:\/\/fr.linkedin.com\/in\/pascal-oberson-b17045113"],"url":"https:\/\/newsestlyonnais.fr\/site\/author\/nel\/"}]}},"_links":{"self":[{"href":"https:\/\/newsestlyonnais.fr\/site\/wp-json\/wp\/v2\/posts\/55273","targetHints":{"allow":["GET"]}}],"collection":[{"href":"https:\/\/newsestlyonnais.fr\/site\/wp-json\/wp\/v2\/posts"}],"about":[{"href":"https:\/\/newsestlyonnais.fr\/site\/wp-json\/wp\/v2\/types\/post"}],"author":[{"embeddable":true,"href":"https:\/\/newsestlyonnais.fr\/site\/wp-json\/wp\/v2\/users\/4"}],"replies":[{"embeddable":true,"href":"https:\/\/newsestlyonnais.fr\/site\/wp-json\/wp\/v2\/comments?post=55273"}],"version-history":[{"count":0,"href":"https:\/\/newsestlyonnais.fr\/site\/wp-json\/wp\/v2\/posts\/55273\/revisions"}],"wp:featuredmedia":[{"embeddable":true,"href":"https:\/\/newsestlyonnais.fr\/site\/wp-json\/wp\/v2\/media\/55276"}],"wp:attachment":[{"href":"https:\/\/newsestlyonnais.fr\/site\/wp-json\/wp\/v2\/media?parent=55273"}],"wp:term":[{"taxonomy":"category","embeddable":true,"href":"https:\/\/newsestlyonnais.fr\/site\/wp-json\/wp\/v2\/categories?post=55273"},{"taxonomy":"post_tag","embeddable":true,"href":"https:\/\/newsestlyonnais.fr\/site\/wp-json\/wp\/v2\/tags?post=55273"}],"curies":[{"name":"wp","href":"https:\/\/api.w.org\/{rel}","templated":true}]}}