{"id":55287,"date":"2018-08-22T14:40:47","date_gmt":"2018-08-22T13:40:47","guid":{"rendered":"http:\/\/newsestlyonnais.fr\/site\/?p=55287"},"modified":"2020-11-09T08:07:57","modified_gmt":"2020-11-09T07:07:57","slug":"genas-le-point-sur-les-travaux-de-la-rue-de-la-republique-2","status":"publish","type":"post","link":"https:\/\/newsestlyonnais.fr\/site\/2018\/08\/22\/genas-le-point-sur-les-travaux-de-la-rue-de-la-republique-2\/","title":{"rendered":"GENAS | Le point sur les travaux de la Rue de la R\u00e9publique"},"content":{"rendered":"<h4>Durant les travaux de r\u00e9habilitation de la rue de la R\u00e9publique pr\u00e9vus jusqu\u2019au 28 ao\u00fbt 2019, retrouvez r\u00e9guli\u00e8rement des infos pratiques communiqu\u00e9es par le \u00ab service Grands Projets de la Ville de Genas \u00bb.<\/h4>\n<ul>\n<li><span style=\"text-decoration: underline\"><em><strong>Coupure d\u2019eau lundi 27 ao\u00fbt<\/strong><\/em><\/span> : Une interruption d&rsquo;eau est programm\u00e9e lundi prochain, entre 9 h 30 et 12 h. Le p\u00e9rim\u00e8tre de la coupure concern\u00e9 se situe entre les N\u00b08 et 32 et entre les N\u00b0 3 et 19 de la rue de la R\u00e9publique (la boulangerie et la place de la R\u00e9publique ne seront pas impact\u00e9es). Il est recommand\u00e9 de bien v\u00e9rifier que tous les robinets sont ferm\u00e9s afin d\u2019\u00e9viter tout probl\u00e8me ou d\u2019 \u00e9ventuelles inondations. Lors de la remise en route, il est pr\u00e9f\u00e9rable de laisser couler l\u2019eau \u00e0 faible d\u00e9bit pendant quelques minutes afin de chasser l\u2019air qui pourrait se trouver dans les branchements. Il n\u2019y aura aucun impact sur la qualit\u00e9 de la potabilit\u00e9 de l\u2019eau qui reste parfaitement consommable.<\/li>\n<li><span style=\"text-decoration: underline\"><strong><em>Attention au sens de circulation<\/em> <\/strong><\/span>: Pendant les travaux, la circulation s\u2019effectue en sens unique Est-Ouest, depuis la rue Danton vers la place de la R\u00e9publique. Elle est interdite dans le sens inverse pour des raisons de s\u00e9curit\u00e9 des riverains, des compagnons de chantier et de tous les usagers de la rue. Il n\u2019y a donc plus d\u2019aires de retournement comme initialement am\u00e9nag\u00e9es pendant la premi\u00e8re phase o\u00f9 la rue \u00e9tait coup\u00e9e.<\/li>\n<\/ul>\n<h3><span style=\"text-decoration: underline\">Questions fr\u00e9quemment pos\u00e9es<\/span> :<\/h3>\n<ul>\n<li><strong>Apr\u00e8s les travaux, la rue sera-t-elle de nouveau \u00e0 double sens ?<\/strong> <strong>Oui<\/strong> ! Le sens unique de circulation est valable depuis le 14 ao\u00fbt et durant toute la dur\u00e9e des travaux, mais le projet pr\u00e9voit bien une rue \u00e0 double sens une fois le chantier termin\u00e9. C\u2019\u00e9tait l\u2019une des exigences de la Municipalit\u00e9 pour la requalification de l\u2019art\u00e8re principale de la commune.<\/li>\n<li><strong>Pourquoi l\u2019am\u00e9nagement de la rue de la R\u00e9publique ne pr\u00e9voit-il pas de pistes cyclables ?<\/strong> Le projet de r\u00e9am\u00e9nagement de la rue de la R\u00e9publique ne pr\u00e9voit, en effet, pas de pistes ou de bandes cyclables. Sa configuration, \u00e9troite dans certaines portions, n\u2019autorisait pas la cr\u00e9ation de tels am\u00e9nagements si nous souhaitions conserver une rue \u00e0 double-sens de circulation et maintenir un nombre important de places de stationnement, tout en recr\u00e9ant les trottoirs et cheminements pi\u00e9tons aux normes d\u2019accessibilit\u00e9 pour les personnes \u00e0 mobilit\u00e9 r\u00e9duite. Par ailleurs, la Municipalit\u00e9 avait pris, au pr\u00e9alable, l\u2019attache de repr\u00e9sentants d\u2019associations cyclistes. Ils avaient \u00e9mis un avis d\u00e9favorable \u00e0 l\u2019instauration de bandes cyclables sur une voie d\u00e9partementale &#8211; statut que poss\u00e8de la rue de la R\u00e9publique. Pour ces experts, il est plus dangereux de les segmenter que de maintenir les cyclistes sur la voie classique dans le cas d&rsquo;une d\u00e9partementale. Des arceaux pour v\u00e9los sont n\u00e9anmoins inclus dans le mobilier urbain qui sera dispos\u00e9 le long des nouveaux am\u00e9nagements. Enfin, le rev\u00eatement de la chauss\u00e9e, la reconfiguration des espaces de stationnement, avec notamment la sortie en marche avant des v\u00e9hicules gar\u00e9s, ont \u00e9t\u00e9 pr\u00e9cis\u00e9ment pens\u00e9s pour une meilleure s\u00e9curit\u00e9 de tous les usagers de la rue, y compris des cyclistes.<\/li>\n<\/ul>\n<p><strong>Renseignements sur ces travaux : T\u00e9l : 06. 21. 60. 23. 79 ou : grands.projets@ville-genas.fr<\/strong><\/p>\n","protected":false},"excerpt":{"rendered":"<p>Durant les travaux de r\u00e9habilitation de la rue de la R\u00e9publique pr\u00e9vus jusqu\u2019au 28 ao\u00fbt 2019, retrouvez r\u00e9guli\u00e8rement des infos pratiques communiqu\u00e9es par le \u00ab service Grands Projets de la Ville de Genas \u00bb. Coupure d\u2019eau lundi 27 ao\u00fbt : Une interruption d&rsquo;eau est programm\u00e9e lundi prochain, entre 9 h 30 et 12 h. Le [&hellip;]<\/p>\n","protected":false},"author":4,"featured_media":8137,"comment_status":"open","ping_status":"open","sticky":false,"template":"","format":"standard","meta":{"footnotes":""},"categories":[270,1598,309,172],"tags":[],"class_list":["post-55287","post","type-post","status-publish","format-standard","has-post-thumbnail","hentry","category-cte-de-communes-c-c-e-l","category-genas","category-pratique","category-travaux-amenagements"],"yoast_head":"<!-- This site is optimized with the Yoast SEO plugin v27.2 - https:\/\/yoast.com\/product\/yoast-seo-wordpress\/ -->\n<title>GENAS : Le point sur les travaux de la Rue de la R\u00e9publique<\/title>\n<meta name=\"description\" content=\"GENAS : Le point sur les travaux de la Rue de la R\u00e9publique\" \/>\n<meta name=\"robots\" content=\"index, follow, max-snippet:-1, max-image-preview:large, max-video-preview:-1\" \/>\n<link rel=\"canonical\" href=\"https:\/\/newsestlyonnais.fr\/site\/2018\/08\/22\/genas-le-point-sur-les-travaux-de-la-rue-de-la-republique-2\/\" \/>\n<meta property=\"og:locale\" content=\"fr_FR\" \/>\n<meta property=\"og:type\" content=\"article\" \/>\n<meta property=\"og:title\" content=\"GENAS : Le point sur les travaux de la Rue de la R\u00e9publique\" \/>\n<meta property=\"og:description\" content=\"GENAS : Le point sur les travaux de la Rue de la R\u00e9publique\" \/>\n<meta property=\"og:url\" content=\"https:\/\/newsestlyonnais.fr\/site\/2018\/08\/22\/genas-le-point-sur-les-travaux-de-la-rue-de-la-republique-2\/\" \/>\n<meta property=\"og:site_name\" content=\"News Est Lyonnais\" \/>\n<meta property=\"article:author\" content=\"https:\/\/www.facebook.com\/pascal.oberson.1?fref=ts\" \/>\n<meta property=\"article:published_time\" content=\"2018-08-22T13:40:47+00:00\" \/>\n<meta property=\"article:modified_time\" content=\"2020-11-09T07:07:57+00:00\" \/>\n<meta property=\"og:image\" content=\"https:\/\/i0.wp.com\/newsestlyonnais.fr\/site\/wp-content\/uploads\/2016\/05\/NEWSESTLYONNAISPANNEAUGENAS-1.jpg?fit=1000%2C750&ssl=1\" \/>\n\t<meta property=\"og:image:width\" content=\"1000\" \/>\n\t<meta property=\"og:image:height\" content=\"750\" \/>\n\t<meta property=\"og:image:type\" content=\"image\/jpeg\" \/>\n<meta name=\"author\" content=\"R\u00e9dac. NEWS\" \/>\n<meta name=\"twitter:card\" content=\"summary_large_image\" \/>\n<meta name=\"twitter:label1\" content=\"\u00c9crit par\" \/>\n\t<meta name=\"twitter:data1\" content=\"R\u00e9dac. NEWS\" \/>\n\t<meta name=\"twitter:label2\" content=\"Dur\u00e9e de lecture estim\u00e9e\" \/>\n\t<meta name=\"twitter:data2\" content=\"3 minutes\" \/>\n<script type=\"application\/ld+json\" class=\"yoast-schema-graph\">{\"@context\":\"https:\/\/schema.org\",\"@graph\":[{\"@type\":\"Article\",\"@id\":\"https:\/\/newsestlyonnais.fr\/site\/2018\/08\/22\/genas-le-point-sur-les-travaux-de-la-rue-de-la-republique-2\/#article\",\"isPartOf\":{\"@id\":\"https:\/\/newsestlyonnais.fr\/site\/2018\/08\/22\/genas-le-point-sur-les-travaux-de-la-rue-de-la-republique-2\/\"},\"author\":{\"name\":\"R\u00e9dac. NEWS\",\"@id\":\"https:\/\/newsestlyonnais.fr\/site\/#\/schema\/person\/3230d5615f390bb808365d673001e887\"},\"headline\":\"GENAS | Le point sur les travaux de la Rue de la R\u00e9publique\",\"datePublished\":\"2018-08-22T13:40:47+00:00\",\"dateModified\":\"2020-11-09T07:07:57+00:00\",\"mainEntityOfPage\":{\"@id\":\"https:\/\/newsestlyonnais.fr\/site\/2018\/08\/22\/genas-le-point-sur-les-travaux-de-la-rue-de-la-republique-2\/\"},\"wordCount\":588,\"commentCount\":0,\"publisher\":{\"@id\":\"https:\/\/newsestlyonnais.fr\/site\/#organization\"},\"image\":{\"@id\":\"https:\/\/newsestlyonnais.fr\/site\/2018\/08\/22\/genas-le-point-sur-les-travaux-de-la-rue-de-la-republique-2\/#primaryimage\"},\"thumbnailUrl\":\"https:\/\/newsestlyonnais.fr\/site\/wp-content\/uploads\/2016\/05\/NEWSESTLYONNAISPANNEAUGENAS-1.jpg\",\"articleSection\":[\"CCEL | Communes\",\"Genas\",\"Pratique\",\"Travaux | Am\u00e9nagements\"],\"inLanguage\":\"fr-FR\",\"potentialAction\":[{\"@type\":\"CommentAction\",\"name\":\"Comment\",\"target\":[\"https:\/\/newsestlyonnais.fr\/site\/2018\/08\/22\/genas-le-point-sur-les-travaux-de-la-rue-de-la-republique-2\/#respond\"]}]},{\"@type\":\"WebPage\",\"@id\":\"https:\/\/newsestlyonnais.fr\/site\/2018\/08\/22\/genas-le-point-sur-les-travaux-de-la-rue-de-la-republique-2\/\",\"url\":\"https:\/\/newsestlyonnais.fr\/site\/2018\/08\/22\/genas-le-point-sur-les-travaux-de-la-rue-de-la-republique-2\/\",\"name\":\"GENAS : Le point sur les travaux de la Rue de la R\u00e9publique\",\"isPartOf\":{\"@id\":\"https:\/\/newsestlyonnais.fr\/site\/#website\"},\"primaryImageOfPage\":{\"@id\":\"https:\/\/newsestlyonnais.fr\/site\/2018\/08\/22\/genas-le-point-sur-les-travaux-de-la-rue-de-la-republique-2\/#primaryimage\"},\"image\":{\"@id\":\"https:\/\/newsestlyonnais.fr\/site\/2018\/08\/22\/genas-le-point-sur-les-travaux-de-la-rue-de-la-republique-2\/#primaryimage\"},\"thumbnailUrl\":\"https:\/\/newsestlyonnais.fr\/site\/wp-content\/uploads\/2016\/05\/NEWSESTLYONNAISPANNEAUGENAS-1.jpg\",\"datePublished\":\"2018-08-22T13:40:47+00:00\",\"dateModified\":\"2020-11-09T07:07:57+00:00\",\"description\":\"GENAS : Le point sur les travaux de la Rue de la R\u00e9publique\",\"breadcrumb\":{\"@id\":\"https:\/\/newsestlyonnais.fr\/site\/2018\/08\/22\/genas-le-point-sur-les-travaux-de-la-rue-de-la-republique-2\/#breadcrumb\"},\"inLanguage\":\"fr-FR\",\"potentialAction\":[{\"@type\":\"ReadAction\",\"target\":[\"https:\/\/newsestlyonnais.fr\/site\/2018\/08\/22\/genas-le-point-sur-les-travaux-de-la-rue-de-la-republique-2\/\"]}]},{\"@type\":\"ImageObject\",\"inLanguage\":\"fr-FR\",\"@id\":\"https:\/\/newsestlyonnais.fr\/site\/2018\/08\/22\/genas-le-point-sur-les-travaux-de-la-rue-de-la-republique-2\/#primaryimage\",\"url\":\"https:\/\/newsestlyonnais.fr\/site\/wp-content\/uploads\/2016\/05\/NEWSESTLYONNAISPANNEAUGENAS-1.jpg\",\"contentUrl\":\"https:\/\/newsestlyonnais.fr\/site\/wp-content\/uploads\/2016\/05\/NEWSESTLYONNAISPANNEAUGENAS-1.jpg\",\"width\":1000,\"height\":750,\"caption\":\"NEWSESTLYONNAISPANNEAUGENAS\"},{\"@type\":\"BreadcrumbList\",\"@id\":\"https:\/\/newsestlyonnais.fr\/site\/2018\/08\/22\/genas-le-point-sur-les-travaux-de-la-rue-de-la-republique-2\/#breadcrumb\",\"itemListElement\":[{\"@type\":\"ListItem\",\"position\":1,\"name\":\"Accueil\",\"item\":\"https:\/\/newsestlyonnais.fr\/site\/\"},{\"@type\":\"ListItem\",\"position\":2,\"name\":\"GENAS | Le point sur les travaux de la Rue de la R\u00e9publique\"}]},{\"@type\":\"WebSite\",\"@id\":\"https:\/\/newsestlyonnais.fr\/site\/#website\",\"url\":\"https:\/\/newsestlyonnais.fr\/site\/\",\"name\":\"News Est Lyonnais\",\"description\":\"L&#039;actualit\u00e9 au plus pr\u00e8s\",\"publisher\":{\"@id\":\"https:\/\/newsestlyonnais.fr\/site\/#organization\"},\"potentialAction\":[{\"@type\":\"SearchAction\",\"target\":{\"@type\":\"EntryPoint\",\"urlTemplate\":\"https:\/\/newsestlyonnais.fr\/site\/?s={search_term_string}\"},\"query-input\":{\"@type\":\"PropertyValueSpecification\",\"valueRequired\":true,\"valueName\":\"search_term_string\"}}],\"inLanguage\":\"fr-FR\"},{\"@type\":\"Organization\",\"@id\":\"https:\/\/newsestlyonnais.fr\/site\/#organization\",\"name\":\"News EST LYONNAIS\",\"url\":\"https:\/\/newsestlyonnais.fr\/site\/\",\"logo\":{\"@type\":\"ImageObject\",\"inLanguage\":\"fr-FR\",\"@id\":\"https:\/\/newsestlyonnais.fr\/site\/#\/schema\/logo\/image\/\",\"url\":\"\",\"contentUrl\":\"\",\"caption\":\"News EST LYONNAIS\"},\"image\":{\"@id\":\"https:\/\/newsestlyonnais.fr\/site\/#\/schema\/logo\/image\/\"}},{\"@type\":\"Person\",\"@id\":\"https:\/\/newsestlyonnais.fr\/site\/#\/schema\/person\/3230d5615f390bb808365d673001e887\",\"name\":\"R\u00e9dac. NEWS\",\"sameAs\":[\"http:\/\/www.newsestlyonnais.fr\",\"https:\/\/www.facebook.com\/pascal.oberson.1?fref=ts\",\"https:\/\/fr.linkedin.com\/in\/pascal-oberson-b17045113\"],\"url\":\"https:\/\/newsestlyonnais.fr\/site\/author\/nel\/\"}]}<\/script>\n<!-- \/ Yoast SEO plugin. -->","yoast_head_json":{"title":"GENAS : Le point sur les travaux de la Rue de la R\u00e9publique","description":"GENAS : Le point sur les travaux de la Rue de la R\u00e9publique","robots":{"index":"index","follow":"follow","max-snippet":"max-snippet:-1","max-image-preview":"max-image-preview:large","max-video-preview":"max-video-preview:-1"},"canonical":"https:\/\/newsestlyonnais.fr\/site\/2018\/08\/22\/genas-le-point-sur-les-travaux-de-la-rue-de-la-republique-2\/","og_locale":"fr_FR","og_type":"article","og_title":"GENAS : Le point sur les travaux de la Rue de la R\u00e9publique","og_description":"GENAS : Le point sur les travaux de la Rue de la R\u00e9publique","og_url":"https:\/\/newsestlyonnais.fr\/site\/2018\/08\/22\/genas-le-point-sur-les-travaux-de-la-rue-de-la-republique-2\/","og_site_name":"News Est Lyonnais","article_author":"https:\/\/www.facebook.com\/pascal.oberson.1?fref=ts","article_published_time":"2018-08-22T13:40:47+00:00","article_modified_time":"2020-11-09T07:07:57+00:00","og_image":[{"width":1000,"height":750,"url":"https:\/\/i0.wp.com\/newsestlyonnais.fr\/site\/wp-content\/uploads\/2016\/05\/NEWSESTLYONNAISPANNEAUGENAS-1.jpg?fit=1000%2C750&ssl=1","type":"image\/jpeg"}],"author":"R\u00e9dac. NEWS","twitter_card":"summary_large_image","twitter_misc":{"\u00c9crit par":"R\u00e9dac. NEWS","Dur\u00e9e de lecture estim\u00e9e":"3 minutes"},"schema":{"@context":"https:\/\/schema.org","@graph":[{"@type":"Article","@id":"https:\/\/newsestlyonnais.fr\/site\/2018\/08\/22\/genas-le-point-sur-les-travaux-de-la-rue-de-la-republique-2\/#article","isPartOf":{"@id":"https:\/\/newsestlyonnais.fr\/site\/2018\/08\/22\/genas-le-point-sur-les-travaux-de-la-rue-de-la-republique-2\/"},"author":{"name":"R\u00e9dac. NEWS","@id":"https:\/\/newsestlyonnais.fr\/site\/#\/schema\/person\/3230d5615f390bb808365d673001e887"},"headline":"GENAS | Le point sur les travaux de la Rue de la R\u00e9publique","datePublished":"2018-08-22T13:40:47+00:00","dateModified":"2020-11-09T07:07:57+00:00","mainEntityOfPage":{"@id":"https:\/\/newsestlyonnais.fr\/site\/2018\/08\/22\/genas-le-point-sur-les-travaux-de-la-rue-de-la-republique-2\/"},"wordCount":588,"commentCount":0,"publisher":{"@id":"https:\/\/newsestlyonnais.fr\/site\/#organization"},"image":{"@id":"https:\/\/newsestlyonnais.fr\/site\/2018\/08\/22\/genas-le-point-sur-les-travaux-de-la-rue-de-la-republique-2\/#primaryimage"},"thumbnailUrl":"https:\/\/newsestlyonnais.fr\/site\/wp-content\/uploads\/2016\/05\/NEWSESTLYONNAISPANNEAUGENAS-1.jpg","articleSection":["CCEL | Communes","Genas","Pratique","Travaux | Am\u00e9nagements"],"inLanguage":"fr-FR","potentialAction":[{"@type":"CommentAction","name":"Comment","target":["https:\/\/newsestlyonnais.fr\/site\/2018\/08\/22\/genas-le-point-sur-les-travaux-de-la-rue-de-la-republique-2\/#respond"]}]},{"@type":"WebPage","@id":"https:\/\/newsestlyonnais.fr\/site\/2018\/08\/22\/genas-le-point-sur-les-travaux-de-la-rue-de-la-republique-2\/","url":"https:\/\/newsestlyonnais.fr\/site\/2018\/08\/22\/genas-le-point-sur-les-travaux-de-la-rue-de-la-republique-2\/","name":"GENAS : Le point sur les travaux de la Rue de la R\u00e9publique","isPartOf":{"@id":"https:\/\/newsestlyonnais.fr\/site\/#website"},"primaryImageOfPage":{"@id":"https:\/\/newsestlyonnais.fr\/site\/2018\/08\/22\/genas-le-point-sur-les-travaux-de-la-rue-de-la-republique-2\/#primaryimage"},"image":{"@id":"https:\/\/newsestlyonnais.fr\/site\/2018\/08\/22\/genas-le-point-sur-les-travaux-de-la-rue-de-la-republique-2\/#primaryimage"},"thumbnailUrl":"https:\/\/newsestlyonnais.fr\/site\/wp-content\/uploads\/2016\/05\/NEWSESTLYONNAISPANNEAUGENAS-1.jpg","datePublished":"2018-08-22T13:40:47+00:00","dateModified":"2020-11-09T07:07:57+00:00","description":"GENAS : Le point sur les travaux de la Rue de la R\u00e9publique","breadcrumb":{"@id":"https:\/\/newsestlyonnais.fr\/site\/2018\/08\/22\/genas-le-point-sur-les-travaux-de-la-rue-de-la-republique-2\/#breadcrumb"},"inLanguage":"fr-FR","potentialAction":[{"@type":"ReadAction","target":["https:\/\/newsestlyonnais.fr\/site\/2018\/08\/22\/genas-le-point-sur-les-travaux-de-la-rue-de-la-republique-2\/"]}]},{"@type":"ImageObject","inLanguage":"fr-FR","@id":"https:\/\/newsestlyonnais.fr\/site\/2018\/08\/22\/genas-le-point-sur-les-travaux-de-la-rue-de-la-republique-2\/#primaryimage","url":"https:\/\/newsestlyonnais.fr\/site\/wp-content\/uploads\/2016\/05\/NEWSESTLYONNAISPANNEAUGENAS-1.jpg","contentUrl":"https:\/\/newsestlyonnais.fr\/site\/wp-content\/uploads\/2016\/05\/NEWSESTLYONNAISPANNEAUGENAS-1.jpg","width":1000,"height":750,"caption":"NEWSESTLYONNAISPANNEAUGENAS"},{"@type":"BreadcrumbList","@id":"https:\/\/newsestlyonnais.fr\/site\/2018\/08\/22\/genas-le-point-sur-les-travaux-de-la-rue-de-la-republique-2\/#breadcrumb","itemListElement":[{"@type":"ListItem","position":1,"name":"Accueil","item":"https:\/\/newsestlyonnais.fr\/site\/"},{"@type":"ListItem","position":2,"name":"GENAS | Le point sur les travaux de la Rue de la R\u00e9publique"}]},{"@type":"WebSite","@id":"https:\/\/newsestlyonnais.fr\/site\/#website","url":"https:\/\/newsestlyonnais.fr\/site\/","name":"News Est Lyonnais","description":"L&#039;actualit\u00e9 au plus pr\u00e8s","publisher":{"@id":"https:\/\/newsestlyonnais.fr\/site\/#organization"},"potentialAction":[{"@type":"SearchAction","target":{"@type":"EntryPoint","urlTemplate":"https:\/\/newsestlyonnais.fr\/site\/?s={search_term_string}"},"query-input":{"@type":"PropertyValueSpecification","valueRequired":true,"valueName":"search_term_string"}}],"inLanguage":"fr-FR"},{"@type":"Organization","@id":"https:\/\/newsestlyonnais.fr\/site\/#organization","name":"News EST LYONNAIS","url":"https:\/\/newsestlyonnais.fr\/site\/","logo":{"@type":"ImageObject","inLanguage":"fr-FR","@id":"https:\/\/newsestlyonnais.fr\/site\/#\/schema\/logo\/image\/","url":"","contentUrl":"","caption":"News EST LYONNAIS"},"image":{"@id":"https:\/\/newsestlyonnais.fr\/site\/#\/schema\/logo\/image\/"}},{"@type":"Person","@id":"https:\/\/newsestlyonnais.fr\/site\/#\/schema\/person\/3230d5615f390bb808365d673001e887","name":"R\u00e9dac. NEWS","sameAs":["http:\/\/www.newsestlyonnais.fr","https:\/\/www.facebook.com\/pascal.oberson.1?fref=ts","https:\/\/fr.linkedin.com\/in\/pascal-oberson-b17045113"],"url":"https:\/\/newsestlyonnais.fr\/site\/author\/nel\/"}]}},"_links":{"self":[{"href":"https:\/\/newsestlyonnais.fr\/site\/wp-json\/wp\/v2\/posts\/55287","targetHints":{"allow":["GET"]}}],"collection":[{"href":"https:\/\/newsestlyonnais.fr\/site\/wp-json\/wp\/v2\/posts"}],"about":[{"href":"https:\/\/newsestlyonnais.fr\/site\/wp-json\/wp\/v2\/types\/post"}],"author":[{"embeddable":true,"href":"https:\/\/newsestlyonnais.fr\/site\/wp-json\/wp\/v2\/users\/4"}],"replies":[{"embeddable":true,"href":"https:\/\/newsestlyonnais.fr\/site\/wp-json\/wp\/v2\/comments?post=55287"}],"version-history":[{"count":0,"href":"https:\/\/newsestlyonnais.fr\/site\/wp-json\/wp\/v2\/posts\/55287\/revisions"}],"wp:featuredmedia":[{"embeddable":true,"href":"https:\/\/newsestlyonnais.fr\/site\/wp-json\/wp\/v2\/media\/8137"}],"wp:attachment":[{"href":"https:\/\/newsestlyonnais.fr\/site\/wp-json\/wp\/v2\/media?parent=55287"}],"wp:term":[{"taxonomy":"category","embeddable":true,"href":"https:\/\/newsestlyonnais.fr\/site\/wp-json\/wp\/v2\/categories?post=55287"},{"taxonomy":"post_tag","embeddable":true,"href":"https:\/\/newsestlyonnais.fr\/site\/wp-json\/wp\/v2\/tags?post=55287"}],"curies":[{"name":"wp","href":"https:\/\/api.w.org\/{rel}","templated":true}]}}