{"id":55372,"date":"2018-08-24T11:28:44","date_gmt":"2018-08-24T10:28:44","guid":{"rendered":"http:\/\/newsestlyonnais.fr\/site\/?p=55372"},"modified":"2020-11-09T08:07:04","modified_gmt":"2020-11-09T07:07:04","slug":"genas-forum-des-associations-le-samedi-1-septembre","status":"publish","type":"post","link":"https:\/\/newsestlyonnais.fr\/site\/2018\/08\/24\/genas-forum-des-associations-le-samedi-1-septembre\/","title":{"rendered":"GENAS | Forum des Associations le samedi 1\u00b0 Septembre"},"content":{"rendered":"<h4>Lieu id\u00e9al pour concocter son programme d\u2019activit\u00e9s pour l\u2019ann\u00e9e 2018-2019, cette matin\u00e9e est un moment incontournable de la rentr\u00e9e pour rencontrer les acteurs associatifs et les service municipaux de Genas.<\/h4>\n<div><\/div>\n<div>Sport, culture,loisirs, entraide, toutes les activit\u00e9s se d\u00e9clinent pour tous les \u00e2ges gr\u00e2ce \u00e0 la <em><strong>centaine d\u2019associations genassiennes !<\/strong><\/em><\/div>\n<div><\/div>\n<div>Plusieurs associations proposeront <em><strong>des d\u00e9monstrations<\/strong><\/em> :<\/div>\n<div>\u202210 h \u2013 badminton (ESGA Badminton)<\/div>\n<div>\u202210 h 30 \u2013 basket (ESGA Basket)<\/div>\n<div>\u202211 h \u2013 Danse collective (Groupe \u00c9vasion)<\/div>\n<div>\u202211 h 30 \u2013 Acad\u00e9mie d\u2019A\u00efkido de Genas<\/div>\n<div><\/div>\n<div>Les <em><strong>services municipaux<\/strong><\/em> seront \u00e9galement pr\u00e9sents lors de ce Forum :<\/div>\n<div>\u2022Le service des affaires culturelles<\/div>\n<div>\u2022Les services Enfance et Jeunesse<\/div>\n<div>\u2022La ludo-m\u00e9diath\u00e8que<\/div>\n<div>\u2022Le Centre communal d\u2019action sociale et le P\u00f4le de services \u00e0 la population.<\/div>\n<div><\/div>\n<div><span style=\"text-decoration: underline\"><strong>NOTA<\/strong> <\/span>: Un stand sera d\u00e9di\u00e9 au \u00a0\u00bb Passeport D\u00e9couvertes \u00a0\u00bb o\u00f9 l&rsquo;on pourra poser toutes questions et s&rsquo;inscrire !<\/div>\n<div>\n<div style=\"font-family: arial,helvetica,sans-serif;color: #000000;font-size: 10pt\">\n<div>\n<h4>Forum des associations, samedi 1\u00b0 Septembre de 9 h \u00e0 13 h, salle Jacques Anquetil.<\/h4>\n<\/div>\n<\/div>\n<\/div>\n<h4>&#8211;\u00a0 Toute l&rsquo;ACTU de la commune sur : <a href=\"http:\/\/genas.fr\" target=\"_blank\" rel=\"noopener noreferrer\">http:\/\/genas.fr<\/a><\/h4>\n<div><\/div>\n","protected":false},"excerpt":{"rendered":"<p>Lieu id\u00e9al pour concocter son programme d\u2019activit\u00e9s pour l\u2019ann\u00e9e 2018-2019, cette matin\u00e9e est un moment incontournable de la rentr\u00e9e pour rencontrer les acteurs associatifs et les service municipaux de Genas. Sport, culture,loisirs, entraide, toutes les activit\u00e9s se d\u00e9clinent pour tous les \u00e2ges gr\u00e2ce \u00e0 la centaine d\u2019associations genassiennes ! Plusieurs associations proposeront des d\u00e9monstrations : [&hellip;]<\/p>\n","protected":false},"author":4,"featured_media":55204,"comment_status":"open","ping_status":"open","sticky":false,"template":"","format":"standard","meta":{"footnotes":""},"categories":[270,3426,1598],"tags":[],"class_list":["post-55372","post","type-post","status-publish","format-standard","has-post-thumbnail","hentry","category-cte-de-communes-c-c-e-l","category-forums-des-associations","category-genas"],"yoast_head":"<!-- This site is optimized with the Yoast SEO plugin v27.2 - https:\/\/yoast.com\/product\/yoast-seo-wordpress\/ -->\n<title>GENAS : Forum des Associations le samedi 1\u00b0 Septembre<\/title>\n<meta name=\"description\" content=\"GENAS : Forum des Associations le samedi 1\u00b0 Septembre\" \/>\n<meta name=\"robots\" content=\"index, follow, max-snippet:-1, max-image-preview:large, max-video-preview:-1\" \/>\n<link rel=\"canonical\" href=\"https:\/\/newsestlyonnais.fr\/site\/2018\/08\/24\/genas-forum-des-associations-le-samedi-1-septembre\/\" \/>\n<meta property=\"og:locale\" content=\"fr_FR\" \/>\n<meta property=\"og:type\" content=\"article\" \/>\n<meta property=\"og:title\" content=\"GENAS : Forum des Associations le samedi 1\u00b0 Septembre\" \/>\n<meta property=\"og:description\" content=\"GENAS : Forum des Associations le samedi 1\u00b0 Septembre\" \/>\n<meta property=\"og:url\" content=\"https:\/\/newsestlyonnais.fr\/site\/2018\/08\/24\/genas-forum-des-associations-le-samedi-1-septembre\/\" \/>\n<meta property=\"og:site_name\" content=\"News Est Lyonnais\" \/>\n<meta property=\"article:author\" content=\"https:\/\/www.facebook.com\/pascal.oberson.1?fref=ts\" \/>\n<meta property=\"article:published_time\" content=\"2018-08-24T10:28:44+00:00\" \/>\n<meta property=\"article:modified_time\" content=\"2020-11-09T07:07:04+00:00\" \/>\n<meta property=\"og:image\" content=\"https:\/\/i2.wp.com\/newsestlyonnais.fr\/site\/wp-content\/uploads\/2018\/07\/NEWSESTLYONNAIS.-FORUM-GENAS-2018.jpg?fit=320%2C240&ssl=1\" \/>\n\t<meta property=\"og:image:width\" content=\"320\" \/>\n\t<meta property=\"og:image:height\" content=\"240\" \/>\n\t<meta property=\"og:image:type\" content=\"image\/jpeg\" \/>\n<meta name=\"author\" content=\"R\u00e9dac. NEWS\" \/>\n<meta name=\"twitter:card\" content=\"summary_large_image\" \/>\n<meta name=\"twitter:label1\" content=\"\u00c9crit par\" \/>\n\t<meta name=\"twitter:data1\" content=\"R\u00e9dac. NEWS\" \/>\n\t<meta name=\"twitter:label2\" content=\"Dur\u00e9e de lecture estim\u00e9e\" \/>\n\t<meta name=\"twitter:data2\" content=\"1 minute\" \/>\n<script type=\"application\/ld+json\" class=\"yoast-schema-graph\">{\"@context\":\"https:\/\/schema.org\",\"@graph\":[{\"@type\":\"Article\",\"@id\":\"https:\/\/newsestlyonnais.fr\/site\/2018\/08\/24\/genas-forum-des-associations-le-samedi-1-septembre\/#article\",\"isPartOf\":{\"@id\":\"https:\/\/newsestlyonnais.fr\/site\/2018\/08\/24\/genas-forum-des-associations-le-samedi-1-septembre\/\"},\"author\":{\"name\":\"R\u00e9dac. NEWS\",\"@id\":\"https:\/\/newsestlyonnais.fr\/site\/#\/schema\/person\/3230d5615f390bb808365d673001e887\"},\"headline\":\"GENAS | Forum des Associations le samedi 1\u00b0 Septembre\",\"datePublished\":\"2018-08-24T10:28:44+00:00\",\"dateModified\":\"2020-11-09T07:07:04+00:00\",\"mainEntityOfPage\":{\"@id\":\"https:\/\/newsestlyonnais.fr\/site\/2018\/08\/24\/genas-forum-des-associations-le-samedi-1-septembre\/\"},\"wordCount\":174,\"commentCount\":0,\"publisher\":{\"@id\":\"https:\/\/newsestlyonnais.fr\/site\/#organization\"},\"image\":{\"@id\":\"https:\/\/newsestlyonnais.fr\/site\/2018\/08\/24\/genas-forum-des-associations-le-samedi-1-septembre\/#primaryimage\"},\"thumbnailUrl\":\"https:\/\/newsestlyonnais.fr\/site\/wp-content\/uploads\/2018\/07\/NEWSESTLYONNAIS.-FORUM-GENAS-2018.jpg\",\"articleSection\":[\"CCEL | Communes\",\"Forums des associations\",\"Genas\"],\"inLanguage\":\"fr-FR\",\"potentialAction\":[{\"@type\":\"CommentAction\",\"name\":\"Comment\",\"target\":[\"https:\/\/newsestlyonnais.fr\/site\/2018\/08\/24\/genas-forum-des-associations-le-samedi-1-septembre\/#respond\"]}]},{\"@type\":\"WebPage\",\"@id\":\"https:\/\/newsestlyonnais.fr\/site\/2018\/08\/24\/genas-forum-des-associations-le-samedi-1-septembre\/\",\"url\":\"https:\/\/newsestlyonnais.fr\/site\/2018\/08\/24\/genas-forum-des-associations-le-samedi-1-septembre\/\",\"name\":\"GENAS : Forum des Associations le samedi 1\u00b0 Septembre\",\"isPartOf\":{\"@id\":\"https:\/\/newsestlyonnais.fr\/site\/#website\"},\"primaryImageOfPage\":{\"@id\":\"https:\/\/newsestlyonnais.fr\/site\/2018\/08\/24\/genas-forum-des-associations-le-samedi-1-septembre\/#primaryimage\"},\"image\":{\"@id\":\"https:\/\/newsestlyonnais.fr\/site\/2018\/08\/24\/genas-forum-des-associations-le-samedi-1-septembre\/#primaryimage\"},\"thumbnailUrl\":\"https:\/\/newsestlyonnais.fr\/site\/wp-content\/uploads\/2018\/07\/NEWSESTLYONNAIS.-FORUM-GENAS-2018.jpg\",\"datePublished\":\"2018-08-24T10:28:44+00:00\",\"dateModified\":\"2020-11-09T07:07:04+00:00\",\"description\":\"GENAS : Forum des Associations le samedi 1\u00b0 Septembre\",\"breadcrumb\":{\"@id\":\"https:\/\/newsestlyonnais.fr\/site\/2018\/08\/24\/genas-forum-des-associations-le-samedi-1-septembre\/#breadcrumb\"},\"inLanguage\":\"fr-FR\",\"potentialAction\":[{\"@type\":\"ReadAction\",\"target\":[\"https:\/\/newsestlyonnais.fr\/site\/2018\/08\/24\/genas-forum-des-associations-le-samedi-1-septembre\/\"]}]},{\"@type\":\"ImageObject\",\"inLanguage\":\"fr-FR\",\"@id\":\"https:\/\/newsestlyonnais.fr\/site\/2018\/08\/24\/genas-forum-des-associations-le-samedi-1-septembre\/#primaryimage\",\"url\":\"https:\/\/newsestlyonnais.fr\/site\/wp-content\/uploads\/2018\/07\/NEWSESTLYONNAIS.-FORUM-GENAS-2018.jpg\",\"contentUrl\":\"https:\/\/newsestlyonnais.fr\/site\/wp-content\/uploads\/2018\/07\/NEWSESTLYONNAIS.-FORUM-GENAS-2018.jpg\",\"width\":320,\"height\":240,\"caption\":\"Forum des associations\"},{\"@type\":\"BreadcrumbList\",\"@id\":\"https:\/\/newsestlyonnais.fr\/site\/2018\/08\/24\/genas-forum-des-associations-le-samedi-1-septembre\/#breadcrumb\",\"itemListElement\":[{\"@type\":\"ListItem\",\"position\":1,\"name\":\"Accueil\",\"item\":\"https:\/\/newsestlyonnais.fr\/site\/\"},{\"@type\":\"ListItem\",\"position\":2,\"name\":\"GENAS | Forum des Associations le samedi 1\u00b0 Septembre\"}]},{\"@type\":\"WebSite\",\"@id\":\"https:\/\/newsestlyonnais.fr\/site\/#website\",\"url\":\"https:\/\/newsestlyonnais.fr\/site\/\",\"name\":\"News Est Lyonnais\",\"description\":\"L&#039;actualit\u00e9 au plus pr\u00e8s\",\"publisher\":{\"@id\":\"https:\/\/newsestlyonnais.fr\/site\/#organization\"},\"potentialAction\":[{\"@type\":\"SearchAction\",\"target\":{\"@type\":\"EntryPoint\",\"urlTemplate\":\"https:\/\/newsestlyonnais.fr\/site\/?s={search_term_string}\"},\"query-input\":{\"@type\":\"PropertyValueSpecification\",\"valueRequired\":true,\"valueName\":\"search_term_string\"}}],\"inLanguage\":\"fr-FR\"},{\"@type\":\"Organization\",\"@id\":\"https:\/\/newsestlyonnais.fr\/site\/#organization\",\"name\":\"News EST LYONNAIS\",\"url\":\"https:\/\/newsestlyonnais.fr\/site\/\",\"logo\":{\"@type\":\"ImageObject\",\"inLanguage\":\"fr-FR\",\"@id\":\"https:\/\/newsestlyonnais.fr\/site\/#\/schema\/logo\/image\/\",\"url\":\"\",\"contentUrl\":\"\",\"caption\":\"News EST LYONNAIS\"},\"image\":{\"@id\":\"https:\/\/newsestlyonnais.fr\/site\/#\/schema\/logo\/image\/\"}},{\"@type\":\"Person\",\"@id\":\"https:\/\/newsestlyonnais.fr\/site\/#\/schema\/person\/3230d5615f390bb808365d673001e887\",\"name\":\"R\u00e9dac. NEWS\",\"sameAs\":[\"http:\/\/www.newsestlyonnais.fr\",\"https:\/\/www.facebook.com\/pascal.oberson.1?fref=ts\",\"https:\/\/fr.linkedin.com\/in\/pascal-oberson-b17045113\"],\"url\":\"https:\/\/newsestlyonnais.fr\/site\/author\/nel\/\"}]}<\/script>\n<!-- \/ Yoast SEO plugin. -->","yoast_head_json":{"title":"GENAS : Forum des Associations le samedi 1\u00b0 Septembre","description":"GENAS : Forum des Associations le samedi 1\u00b0 Septembre","robots":{"index":"index","follow":"follow","max-snippet":"max-snippet:-1","max-image-preview":"max-image-preview:large","max-video-preview":"max-video-preview:-1"},"canonical":"https:\/\/newsestlyonnais.fr\/site\/2018\/08\/24\/genas-forum-des-associations-le-samedi-1-septembre\/","og_locale":"fr_FR","og_type":"article","og_title":"GENAS : Forum des Associations le samedi 1\u00b0 Septembre","og_description":"GENAS : Forum des Associations le samedi 1\u00b0 Septembre","og_url":"https:\/\/newsestlyonnais.fr\/site\/2018\/08\/24\/genas-forum-des-associations-le-samedi-1-septembre\/","og_site_name":"News Est Lyonnais","article_author":"https:\/\/www.facebook.com\/pascal.oberson.1?fref=ts","article_published_time":"2018-08-24T10:28:44+00:00","article_modified_time":"2020-11-09T07:07:04+00:00","og_image":[{"width":320,"height":240,"url":"https:\/\/i2.wp.com\/newsestlyonnais.fr\/site\/wp-content\/uploads\/2018\/07\/NEWSESTLYONNAIS.-FORUM-GENAS-2018.jpg?fit=320%2C240&ssl=1","type":"image\/jpeg"}],"author":"R\u00e9dac. NEWS","twitter_card":"summary_large_image","twitter_misc":{"\u00c9crit par":"R\u00e9dac. NEWS","Dur\u00e9e de lecture estim\u00e9e":"1 minute"},"schema":{"@context":"https:\/\/schema.org","@graph":[{"@type":"Article","@id":"https:\/\/newsestlyonnais.fr\/site\/2018\/08\/24\/genas-forum-des-associations-le-samedi-1-septembre\/#article","isPartOf":{"@id":"https:\/\/newsestlyonnais.fr\/site\/2018\/08\/24\/genas-forum-des-associations-le-samedi-1-septembre\/"},"author":{"name":"R\u00e9dac. NEWS","@id":"https:\/\/newsestlyonnais.fr\/site\/#\/schema\/person\/3230d5615f390bb808365d673001e887"},"headline":"GENAS | Forum des Associations le samedi 1\u00b0 Septembre","datePublished":"2018-08-24T10:28:44+00:00","dateModified":"2020-11-09T07:07:04+00:00","mainEntityOfPage":{"@id":"https:\/\/newsestlyonnais.fr\/site\/2018\/08\/24\/genas-forum-des-associations-le-samedi-1-septembre\/"},"wordCount":174,"commentCount":0,"publisher":{"@id":"https:\/\/newsestlyonnais.fr\/site\/#organization"},"image":{"@id":"https:\/\/newsestlyonnais.fr\/site\/2018\/08\/24\/genas-forum-des-associations-le-samedi-1-septembre\/#primaryimage"},"thumbnailUrl":"https:\/\/newsestlyonnais.fr\/site\/wp-content\/uploads\/2018\/07\/NEWSESTLYONNAIS.-FORUM-GENAS-2018.jpg","articleSection":["CCEL | Communes","Forums des associations","Genas"],"inLanguage":"fr-FR","potentialAction":[{"@type":"CommentAction","name":"Comment","target":["https:\/\/newsestlyonnais.fr\/site\/2018\/08\/24\/genas-forum-des-associations-le-samedi-1-septembre\/#respond"]}]},{"@type":"WebPage","@id":"https:\/\/newsestlyonnais.fr\/site\/2018\/08\/24\/genas-forum-des-associations-le-samedi-1-septembre\/","url":"https:\/\/newsestlyonnais.fr\/site\/2018\/08\/24\/genas-forum-des-associations-le-samedi-1-septembre\/","name":"GENAS : Forum des Associations le samedi 1\u00b0 Septembre","isPartOf":{"@id":"https:\/\/newsestlyonnais.fr\/site\/#website"},"primaryImageOfPage":{"@id":"https:\/\/newsestlyonnais.fr\/site\/2018\/08\/24\/genas-forum-des-associations-le-samedi-1-septembre\/#primaryimage"},"image":{"@id":"https:\/\/newsestlyonnais.fr\/site\/2018\/08\/24\/genas-forum-des-associations-le-samedi-1-septembre\/#primaryimage"},"thumbnailUrl":"https:\/\/newsestlyonnais.fr\/site\/wp-content\/uploads\/2018\/07\/NEWSESTLYONNAIS.-FORUM-GENAS-2018.jpg","datePublished":"2018-08-24T10:28:44+00:00","dateModified":"2020-11-09T07:07:04+00:00","description":"GENAS : Forum des Associations le samedi 1\u00b0 Septembre","breadcrumb":{"@id":"https:\/\/newsestlyonnais.fr\/site\/2018\/08\/24\/genas-forum-des-associations-le-samedi-1-septembre\/#breadcrumb"},"inLanguage":"fr-FR","potentialAction":[{"@type":"ReadAction","target":["https:\/\/newsestlyonnais.fr\/site\/2018\/08\/24\/genas-forum-des-associations-le-samedi-1-septembre\/"]}]},{"@type":"ImageObject","inLanguage":"fr-FR","@id":"https:\/\/newsestlyonnais.fr\/site\/2018\/08\/24\/genas-forum-des-associations-le-samedi-1-septembre\/#primaryimage","url":"https:\/\/newsestlyonnais.fr\/site\/wp-content\/uploads\/2018\/07\/NEWSESTLYONNAIS.-FORUM-GENAS-2018.jpg","contentUrl":"https:\/\/newsestlyonnais.fr\/site\/wp-content\/uploads\/2018\/07\/NEWSESTLYONNAIS.-FORUM-GENAS-2018.jpg","width":320,"height":240,"caption":"Forum des associations"},{"@type":"BreadcrumbList","@id":"https:\/\/newsestlyonnais.fr\/site\/2018\/08\/24\/genas-forum-des-associations-le-samedi-1-septembre\/#breadcrumb","itemListElement":[{"@type":"ListItem","position":1,"name":"Accueil","item":"https:\/\/newsestlyonnais.fr\/site\/"},{"@type":"ListItem","position":2,"name":"GENAS | Forum des Associations le samedi 1\u00b0 Septembre"}]},{"@type":"WebSite","@id":"https:\/\/newsestlyonnais.fr\/site\/#website","url":"https:\/\/newsestlyonnais.fr\/site\/","name":"News Est Lyonnais","description":"L&#039;actualit\u00e9 au plus pr\u00e8s","publisher":{"@id":"https:\/\/newsestlyonnais.fr\/site\/#organization"},"potentialAction":[{"@type":"SearchAction","target":{"@type":"EntryPoint","urlTemplate":"https:\/\/newsestlyonnais.fr\/site\/?s={search_term_string}"},"query-input":{"@type":"PropertyValueSpecification","valueRequired":true,"valueName":"search_term_string"}}],"inLanguage":"fr-FR"},{"@type":"Organization","@id":"https:\/\/newsestlyonnais.fr\/site\/#organization","name":"News EST LYONNAIS","url":"https:\/\/newsestlyonnais.fr\/site\/","logo":{"@type":"ImageObject","inLanguage":"fr-FR","@id":"https:\/\/newsestlyonnais.fr\/site\/#\/schema\/logo\/image\/","url":"","contentUrl":"","caption":"News EST LYONNAIS"},"image":{"@id":"https:\/\/newsestlyonnais.fr\/site\/#\/schema\/logo\/image\/"}},{"@type":"Person","@id":"https:\/\/newsestlyonnais.fr\/site\/#\/schema\/person\/3230d5615f390bb808365d673001e887","name":"R\u00e9dac. NEWS","sameAs":["http:\/\/www.newsestlyonnais.fr","https:\/\/www.facebook.com\/pascal.oberson.1?fref=ts","https:\/\/fr.linkedin.com\/in\/pascal-oberson-b17045113"],"url":"https:\/\/newsestlyonnais.fr\/site\/author\/nel\/"}]}},"_links":{"self":[{"href":"https:\/\/newsestlyonnais.fr\/site\/wp-json\/wp\/v2\/posts\/55372","targetHints":{"allow":["GET"]}}],"collection":[{"href":"https:\/\/newsestlyonnais.fr\/site\/wp-json\/wp\/v2\/posts"}],"about":[{"href":"https:\/\/newsestlyonnais.fr\/site\/wp-json\/wp\/v2\/types\/post"}],"author":[{"embeddable":true,"href":"https:\/\/newsestlyonnais.fr\/site\/wp-json\/wp\/v2\/users\/4"}],"replies":[{"embeddable":true,"href":"https:\/\/newsestlyonnais.fr\/site\/wp-json\/wp\/v2\/comments?post=55372"}],"version-history":[{"count":0,"href":"https:\/\/newsestlyonnais.fr\/site\/wp-json\/wp\/v2\/posts\/55372\/revisions"}],"wp:featuredmedia":[{"embeddable":true,"href":"https:\/\/newsestlyonnais.fr\/site\/wp-json\/wp\/v2\/media\/55204"}],"wp:attachment":[{"href":"https:\/\/newsestlyonnais.fr\/site\/wp-json\/wp\/v2\/media?parent=55372"}],"wp:term":[{"taxonomy":"category","embeddable":true,"href":"https:\/\/newsestlyonnais.fr\/site\/wp-json\/wp\/v2\/categories?post=55372"},{"taxonomy":"post_tag","embeddable":true,"href":"https:\/\/newsestlyonnais.fr\/site\/wp-json\/wp\/v2\/tags?post=55372"}],"curies":[{"name":"wp","href":"https:\/\/api.w.org\/{rel}","templated":true}]}}