{"id":55383,"date":"2018-08-23T13:37:40","date_gmt":"2018-08-23T12:37:40","guid":{"rendered":"http:\/\/newsestlyonnais.fr\/site\/?p=55383"},"modified":"2020-11-12T06:05:25","modified_gmt":"2020-11-12T05:05:25","slug":"tcl-renforce-son-dispositif-daccueil-pour-la-rentree-scolaire","status":"publish","type":"post","link":"https:\/\/newsestlyonnais.fr\/site\/2018\/08\/23\/tcl-renforce-son-dispositif-daccueil-pour-la-rentree-scolaire\/","title":{"rendered":"TCL renforce son dispositif d&rsquo;accueil pour la rentr\u00e9e scolaire"},"content":{"rendered":"<h4>\u00c0 quelques jours de la rentr\u00e9e, TCL propose \u00e0 ses clients un dispositif d\u2019accueil renforc\u00e9 pour les accompagner dans leurs d\u00e9marches de souscription ou de renouvellement d\u2019abonnement.<\/h4>\n<p><em><span style=\"text-decoration: underline\"><strong>Des stands sur les sites universitaires et les grandes \u00e9coles<\/strong><\/span> :<\/em><br \/>\nEn cette p\u00e9riode rythm\u00e9e par les cha\u00eenes d\u2019inscription et les p\u00e9riodes d\u2019int\u00e9gration, les agents TCL vont \u00e0 la rencontre des \u00e9tudiants <strong>dans 24 sites universitaires et grandes Ecoles<\/strong> comme Lyon II, l\u2019EM Lyon, l\u2019INSA ou encore l\u2019Institut Paul Bocuse.<\/p>\n<p><strong> Jusqu\u2019au 8 octobre, pas moins de 76 stands sont programm\u00e9s<\/strong> pour accompagner les \u00e9tudiants dans la cr\u00e9ation ou le renouvellement de leur abonnement \u00ab Campus \u00bb. Cette d\u00e9marche simplifi\u00e9e permet \u00e9galement aux nouveaux \u00e9tudiants de d\u00e9couvrir le r\u00e9seau TCL et les services propos\u00e9s : application mobile, lignes Pleine Lune, programme fid\u00e9lit\u00e9, etc.<br \/>\nNOTA : Il est demand\u00e9 aux \u00e9tudiants d\u2019apporter un RIB ainsi qu\u2019une photo d\u2019identit\u00e9 pour cl\u00f4turer leur dossier<br \/>\nsans avoir \u00e0 se d\u00e9placer en agence.<\/p>\n<ul>\n<li><strong>Tous les lieux et horaires sont disponibles sur : <a href=\"http:\/\/standcampus.tcl.fr\" target=\"_blank\" rel=\"noopener noreferrer\">http:\/\/standcampus.tcl.fr<\/a><\/strong><\/li>\n<\/ul>\n<p><span style=\"text-decoration: underline\"><em><strong>Des points de vente suppl\u00e9mentaires en station<\/strong><\/em><\/span> :<\/p>\n<ul>\n<li><strong>Du mercredi 29 ao\u00fbt au samedi 8 septembre inclus<\/strong>, <strong>en plus des 6 agences TCL<\/strong> (Bellecour, Part-Dieu, La Soie, Grange Blanche, Gorge de Loup et Givors), <strong>2 espaces d\u00e9di\u00e9s<\/strong> aux abonnements scolaires et \u00e9tudiants seront disponibles dans les <strong>stations de m\u00e9tro Part-Dieu et Bellecour<\/strong>. Ouverture du lundi<br \/>\nau vendredi (10 h 45 \u00e0 18 h 45) et le samedi (9 h \u00e0 18 h).<\/li>\n<\/ul>\n<p><span style=\"text-decoration: underline\"><strong><em>Des horaires prolong\u00e9s en agence<\/em><\/strong><\/span> :<\/p>\n<ul>\n<li>Lundi 3 et mardi 4 septembre, toutes les agences TCL (\u00e0 l\u2019exception de Givors) accueilleront les clients jusqu\u2019\u00e0 21 h contre 19 h habituellement.<\/li>\n<\/ul>\n<p><strong>Plus d&rsquo;infos sur : <a href=\"http:\/\/www.tcl.fr\" target=\"_blank\" rel=\"noopener noreferrer\">http:\/\/www.tcl.fr<\/a><\/strong><\/p>\n","protected":false},"excerpt":{"rendered":"<p>\u00c0 quelques jours de la rentr\u00e9e, TCL propose \u00e0 ses clients un dispositif d\u2019accueil renforc\u00e9 pour les accompagner dans leurs d\u00e9marches de souscription ou de renouvellement d\u2019abonnement. Des stands sur les sites universitaires et les grandes \u00e9coles : En cette p\u00e9riode rythm\u00e9e par les cha\u00eenes d\u2019inscription et les p\u00e9riodes d\u2019int\u00e9gration, les agents TCL vont \u00e0 [&hellip;]<\/p>\n","protected":false},"author":4,"featured_media":25760,"comment_status":"open","ping_status":"open","sticky":false,"template":"","format":"standard","meta":{"footnotes":""},"categories":[1625,309,13,29],"tags":[],"class_list":["post-55383","post","type-post","status-publish","format-standard","has-post-thumbnail","hentry","category-lyon","category-pratique","category-transports-circulation","category-villeurbanne"],"yoast_head":"<!-- This site is optimized with the Yoast SEO plugin v27.2 - https:\/\/yoast.com\/product\/yoast-seo-wordpress\/ -->\n<title>TCL renforce son dispositif d&#039;accueil pour la rentr\u00e9e scolaire<\/title>\n<meta name=\"description\" content=\"TCL renforce son dispositif d&#039;accueil pour la rentr\u00e9e scolaire\" \/>\n<meta name=\"robots\" content=\"index, follow, max-snippet:-1, max-image-preview:large, max-video-preview:-1\" \/>\n<link rel=\"canonical\" href=\"https:\/\/newsestlyonnais.fr\/site\/2018\/08\/23\/tcl-renforce-son-dispositif-daccueil-pour-la-rentree-scolaire\/\" \/>\n<meta property=\"og:locale\" content=\"fr_FR\" \/>\n<meta property=\"og:type\" content=\"article\" \/>\n<meta property=\"og:title\" content=\"TCL renforce son dispositif d&#039;accueil pour la rentr\u00e9e scolaire\" \/>\n<meta property=\"og:description\" content=\"TCL renforce son dispositif d&#039;accueil pour la rentr\u00e9e scolaire\" \/>\n<meta property=\"og:url\" content=\"https:\/\/newsestlyonnais.fr\/site\/2018\/08\/23\/tcl-renforce-son-dispositif-daccueil-pour-la-rentree-scolaire\/\" \/>\n<meta property=\"og:site_name\" content=\"News Est Lyonnais\" \/>\n<meta property=\"article:author\" content=\"https:\/\/www.facebook.com\/pascal.oberson.1?fref=ts\" \/>\n<meta property=\"article:published_time\" content=\"2018-08-23T12:37:40+00:00\" \/>\n<meta property=\"article:modified_time\" content=\"2020-11-12T05:05:25+00:00\" \/>\n<meta property=\"og:image\" content=\"https:\/\/i2.wp.com\/newsestlyonnais.fr\/site\/wp-content\/uploads\/2017\/04\/NewsEstLyonnais-Flash-Info.png?fit=1000%2C750&ssl=1\" \/>\n\t<meta property=\"og:image:width\" content=\"1000\" \/>\n\t<meta property=\"og:image:height\" content=\"750\" \/>\n\t<meta property=\"og:image:type\" content=\"image\/png\" \/>\n<meta name=\"author\" content=\"R\u00e9dac. NEWS\" \/>\n<meta name=\"twitter:card\" content=\"summary_large_image\" \/>\n<meta name=\"twitter:label1\" content=\"\u00c9crit par\" \/>\n\t<meta name=\"twitter:data1\" content=\"R\u00e9dac. NEWS\" \/>\n\t<meta name=\"twitter:label2\" content=\"Dur\u00e9e de lecture estim\u00e9e\" \/>\n\t<meta name=\"twitter:data2\" content=\"1 minute\" \/>\n<script type=\"application\/ld+json\" class=\"yoast-schema-graph\">{\"@context\":\"https:\/\/schema.org\",\"@graph\":[{\"@type\":\"Article\",\"@id\":\"https:\/\/newsestlyonnais.fr\/site\/2018\/08\/23\/tcl-renforce-son-dispositif-daccueil-pour-la-rentree-scolaire\/#article\",\"isPartOf\":{\"@id\":\"https:\/\/newsestlyonnais.fr\/site\/2018\/08\/23\/tcl-renforce-son-dispositif-daccueil-pour-la-rentree-scolaire\/\"},\"author\":{\"name\":\"R\u00e9dac. NEWS\",\"@id\":\"https:\/\/newsestlyonnais.fr\/site\/#\/schema\/person\/3230d5615f390bb808365d673001e887\"},\"headline\":\"TCL renforce son dispositif d&rsquo;accueil pour la rentr\u00e9e scolaire\",\"datePublished\":\"2018-08-23T12:37:40+00:00\",\"dateModified\":\"2020-11-12T05:05:25+00:00\",\"mainEntityOfPage\":{\"@id\":\"https:\/\/newsestlyonnais.fr\/site\/2018\/08\/23\/tcl-renforce-son-dispositif-daccueil-pour-la-rentree-scolaire\/\"},\"wordCount\":291,\"commentCount\":0,\"publisher\":{\"@id\":\"https:\/\/newsestlyonnais.fr\/site\/#organization\"},\"image\":{\"@id\":\"https:\/\/newsestlyonnais.fr\/site\/2018\/08\/23\/tcl-renforce-son-dispositif-daccueil-pour-la-rentree-scolaire\/#primaryimage\"},\"thumbnailUrl\":\"https:\/\/newsestlyonnais.fr\/site\/wp-content\/uploads\/2017\/04\/NewsEstLyonnais-Flash-Info.png\",\"articleSection\":[\"Lyon\",\"Pratique\",\"Transports | Circulation\",\"Villeurbanne\"],\"inLanguage\":\"fr-FR\",\"potentialAction\":[{\"@type\":\"CommentAction\",\"name\":\"Comment\",\"target\":[\"https:\/\/newsestlyonnais.fr\/site\/2018\/08\/23\/tcl-renforce-son-dispositif-daccueil-pour-la-rentree-scolaire\/#respond\"]}]},{\"@type\":\"WebPage\",\"@id\":\"https:\/\/newsestlyonnais.fr\/site\/2018\/08\/23\/tcl-renforce-son-dispositif-daccueil-pour-la-rentree-scolaire\/\",\"url\":\"https:\/\/newsestlyonnais.fr\/site\/2018\/08\/23\/tcl-renforce-son-dispositif-daccueil-pour-la-rentree-scolaire\/\",\"name\":\"TCL renforce son dispositif d'accueil pour la rentr\u00e9e scolaire\",\"isPartOf\":{\"@id\":\"https:\/\/newsestlyonnais.fr\/site\/#website\"},\"primaryImageOfPage\":{\"@id\":\"https:\/\/newsestlyonnais.fr\/site\/2018\/08\/23\/tcl-renforce-son-dispositif-daccueil-pour-la-rentree-scolaire\/#primaryimage\"},\"image\":{\"@id\":\"https:\/\/newsestlyonnais.fr\/site\/2018\/08\/23\/tcl-renforce-son-dispositif-daccueil-pour-la-rentree-scolaire\/#primaryimage\"},\"thumbnailUrl\":\"https:\/\/newsestlyonnais.fr\/site\/wp-content\/uploads\/2017\/04\/NewsEstLyonnais-Flash-Info.png\",\"datePublished\":\"2018-08-23T12:37:40+00:00\",\"dateModified\":\"2020-11-12T05:05:25+00:00\",\"description\":\"TCL renforce son dispositif d'accueil pour la rentr\u00e9e scolaire\",\"breadcrumb\":{\"@id\":\"https:\/\/newsestlyonnais.fr\/site\/2018\/08\/23\/tcl-renforce-son-dispositif-daccueil-pour-la-rentree-scolaire\/#breadcrumb\"},\"inLanguage\":\"fr-FR\",\"potentialAction\":[{\"@type\":\"ReadAction\",\"target\":[\"https:\/\/newsestlyonnais.fr\/site\/2018\/08\/23\/tcl-renforce-son-dispositif-daccueil-pour-la-rentree-scolaire\/\"]}]},{\"@type\":\"ImageObject\",\"inLanguage\":\"fr-FR\",\"@id\":\"https:\/\/newsestlyonnais.fr\/site\/2018\/08\/23\/tcl-renforce-son-dispositif-daccueil-pour-la-rentree-scolaire\/#primaryimage\",\"url\":\"https:\/\/newsestlyonnais.fr\/site\/wp-content\/uploads\/2017\/04\/NewsEstLyonnais-Flash-Info.png\",\"contentUrl\":\"https:\/\/newsestlyonnais.fr\/site\/wp-content\/uploads\/2017\/04\/NewsEstLyonnais-Flash-Info.png\",\"width\":1000,\"height\":750,\"caption\":\"NewsEstLyonnais-Flash-Info\"},{\"@type\":\"BreadcrumbList\",\"@id\":\"https:\/\/newsestlyonnais.fr\/site\/2018\/08\/23\/tcl-renforce-son-dispositif-daccueil-pour-la-rentree-scolaire\/#breadcrumb\",\"itemListElement\":[{\"@type\":\"ListItem\",\"position\":1,\"name\":\"Accueil\",\"item\":\"https:\/\/newsestlyonnais.fr\/site\/\"},{\"@type\":\"ListItem\",\"position\":2,\"name\":\"TCL renforce son dispositif d&rsquo;accueil pour la rentr\u00e9e scolaire\"}]},{\"@type\":\"WebSite\",\"@id\":\"https:\/\/newsestlyonnais.fr\/site\/#website\",\"url\":\"https:\/\/newsestlyonnais.fr\/site\/\",\"name\":\"News Est Lyonnais\",\"description\":\"L&#039;actualit\u00e9 au plus pr\u00e8s\",\"publisher\":{\"@id\":\"https:\/\/newsestlyonnais.fr\/site\/#organization\"},\"potentialAction\":[{\"@type\":\"SearchAction\",\"target\":{\"@type\":\"EntryPoint\",\"urlTemplate\":\"https:\/\/newsestlyonnais.fr\/site\/?s={search_term_string}\"},\"query-input\":{\"@type\":\"PropertyValueSpecification\",\"valueRequired\":true,\"valueName\":\"search_term_string\"}}],\"inLanguage\":\"fr-FR\"},{\"@type\":\"Organization\",\"@id\":\"https:\/\/newsestlyonnais.fr\/site\/#organization\",\"name\":\"News EST LYONNAIS\",\"url\":\"https:\/\/newsestlyonnais.fr\/site\/\",\"logo\":{\"@type\":\"ImageObject\",\"inLanguage\":\"fr-FR\",\"@id\":\"https:\/\/newsestlyonnais.fr\/site\/#\/schema\/logo\/image\/\",\"url\":\"\",\"contentUrl\":\"\",\"caption\":\"News EST LYONNAIS\"},\"image\":{\"@id\":\"https:\/\/newsestlyonnais.fr\/site\/#\/schema\/logo\/image\/\"}},{\"@type\":\"Person\",\"@id\":\"https:\/\/newsestlyonnais.fr\/site\/#\/schema\/person\/3230d5615f390bb808365d673001e887\",\"name\":\"R\u00e9dac. NEWS\",\"sameAs\":[\"http:\/\/www.newsestlyonnais.fr\",\"https:\/\/www.facebook.com\/pascal.oberson.1?fref=ts\",\"https:\/\/fr.linkedin.com\/in\/pascal-oberson-b17045113\"],\"url\":\"https:\/\/newsestlyonnais.fr\/site\/author\/nel\/\"}]}<\/script>\n<!-- \/ Yoast SEO plugin. -->","yoast_head_json":{"title":"TCL renforce son dispositif d'accueil pour la rentr\u00e9e scolaire","description":"TCL renforce son dispositif d'accueil pour la rentr\u00e9e scolaire","robots":{"index":"index","follow":"follow","max-snippet":"max-snippet:-1","max-image-preview":"max-image-preview:large","max-video-preview":"max-video-preview:-1"},"canonical":"https:\/\/newsestlyonnais.fr\/site\/2018\/08\/23\/tcl-renforce-son-dispositif-daccueil-pour-la-rentree-scolaire\/","og_locale":"fr_FR","og_type":"article","og_title":"TCL renforce son dispositif d'accueil pour la rentr\u00e9e scolaire","og_description":"TCL renforce son dispositif d'accueil pour la rentr\u00e9e scolaire","og_url":"https:\/\/newsestlyonnais.fr\/site\/2018\/08\/23\/tcl-renforce-son-dispositif-daccueil-pour-la-rentree-scolaire\/","og_site_name":"News Est Lyonnais","article_author":"https:\/\/www.facebook.com\/pascal.oberson.1?fref=ts","article_published_time":"2018-08-23T12:37:40+00:00","article_modified_time":"2020-11-12T05:05:25+00:00","og_image":[{"width":1000,"height":750,"url":"https:\/\/i2.wp.com\/newsestlyonnais.fr\/site\/wp-content\/uploads\/2017\/04\/NewsEstLyonnais-Flash-Info.png?fit=1000%2C750&ssl=1","type":"image\/png"}],"author":"R\u00e9dac. NEWS","twitter_card":"summary_large_image","twitter_misc":{"\u00c9crit par":"R\u00e9dac. NEWS","Dur\u00e9e de lecture estim\u00e9e":"1 minute"},"schema":{"@context":"https:\/\/schema.org","@graph":[{"@type":"Article","@id":"https:\/\/newsestlyonnais.fr\/site\/2018\/08\/23\/tcl-renforce-son-dispositif-daccueil-pour-la-rentree-scolaire\/#article","isPartOf":{"@id":"https:\/\/newsestlyonnais.fr\/site\/2018\/08\/23\/tcl-renforce-son-dispositif-daccueil-pour-la-rentree-scolaire\/"},"author":{"name":"R\u00e9dac. NEWS","@id":"https:\/\/newsestlyonnais.fr\/site\/#\/schema\/person\/3230d5615f390bb808365d673001e887"},"headline":"TCL renforce son dispositif d&rsquo;accueil pour la rentr\u00e9e scolaire","datePublished":"2018-08-23T12:37:40+00:00","dateModified":"2020-11-12T05:05:25+00:00","mainEntityOfPage":{"@id":"https:\/\/newsestlyonnais.fr\/site\/2018\/08\/23\/tcl-renforce-son-dispositif-daccueil-pour-la-rentree-scolaire\/"},"wordCount":291,"commentCount":0,"publisher":{"@id":"https:\/\/newsestlyonnais.fr\/site\/#organization"},"image":{"@id":"https:\/\/newsestlyonnais.fr\/site\/2018\/08\/23\/tcl-renforce-son-dispositif-daccueil-pour-la-rentree-scolaire\/#primaryimage"},"thumbnailUrl":"https:\/\/newsestlyonnais.fr\/site\/wp-content\/uploads\/2017\/04\/NewsEstLyonnais-Flash-Info.png","articleSection":["Lyon","Pratique","Transports | Circulation","Villeurbanne"],"inLanguage":"fr-FR","potentialAction":[{"@type":"CommentAction","name":"Comment","target":["https:\/\/newsestlyonnais.fr\/site\/2018\/08\/23\/tcl-renforce-son-dispositif-daccueil-pour-la-rentree-scolaire\/#respond"]}]},{"@type":"WebPage","@id":"https:\/\/newsestlyonnais.fr\/site\/2018\/08\/23\/tcl-renforce-son-dispositif-daccueil-pour-la-rentree-scolaire\/","url":"https:\/\/newsestlyonnais.fr\/site\/2018\/08\/23\/tcl-renforce-son-dispositif-daccueil-pour-la-rentree-scolaire\/","name":"TCL renforce son dispositif d'accueil pour la rentr\u00e9e scolaire","isPartOf":{"@id":"https:\/\/newsestlyonnais.fr\/site\/#website"},"primaryImageOfPage":{"@id":"https:\/\/newsestlyonnais.fr\/site\/2018\/08\/23\/tcl-renforce-son-dispositif-daccueil-pour-la-rentree-scolaire\/#primaryimage"},"image":{"@id":"https:\/\/newsestlyonnais.fr\/site\/2018\/08\/23\/tcl-renforce-son-dispositif-daccueil-pour-la-rentree-scolaire\/#primaryimage"},"thumbnailUrl":"https:\/\/newsestlyonnais.fr\/site\/wp-content\/uploads\/2017\/04\/NewsEstLyonnais-Flash-Info.png","datePublished":"2018-08-23T12:37:40+00:00","dateModified":"2020-11-12T05:05:25+00:00","description":"TCL renforce son dispositif d'accueil pour la rentr\u00e9e scolaire","breadcrumb":{"@id":"https:\/\/newsestlyonnais.fr\/site\/2018\/08\/23\/tcl-renforce-son-dispositif-daccueil-pour-la-rentree-scolaire\/#breadcrumb"},"inLanguage":"fr-FR","potentialAction":[{"@type":"ReadAction","target":["https:\/\/newsestlyonnais.fr\/site\/2018\/08\/23\/tcl-renforce-son-dispositif-daccueil-pour-la-rentree-scolaire\/"]}]},{"@type":"ImageObject","inLanguage":"fr-FR","@id":"https:\/\/newsestlyonnais.fr\/site\/2018\/08\/23\/tcl-renforce-son-dispositif-daccueil-pour-la-rentree-scolaire\/#primaryimage","url":"https:\/\/newsestlyonnais.fr\/site\/wp-content\/uploads\/2017\/04\/NewsEstLyonnais-Flash-Info.png","contentUrl":"https:\/\/newsestlyonnais.fr\/site\/wp-content\/uploads\/2017\/04\/NewsEstLyonnais-Flash-Info.png","width":1000,"height":750,"caption":"NewsEstLyonnais-Flash-Info"},{"@type":"BreadcrumbList","@id":"https:\/\/newsestlyonnais.fr\/site\/2018\/08\/23\/tcl-renforce-son-dispositif-daccueil-pour-la-rentree-scolaire\/#breadcrumb","itemListElement":[{"@type":"ListItem","position":1,"name":"Accueil","item":"https:\/\/newsestlyonnais.fr\/site\/"},{"@type":"ListItem","position":2,"name":"TCL renforce son dispositif d&rsquo;accueil pour la rentr\u00e9e scolaire"}]},{"@type":"WebSite","@id":"https:\/\/newsestlyonnais.fr\/site\/#website","url":"https:\/\/newsestlyonnais.fr\/site\/","name":"News Est Lyonnais","description":"L&#039;actualit\u00e9 au plus pr\u00e8s","publisher":{"@id":"https:\/\/newsestlyonnais.fr\/site\/#organization"},"potentialAction":[{"@type":"SearchAction","target":{"@type":"EntryPoint","urlTemplate":"https:\/\/newsestlyonnais.fr\/site\/?s={search_term_string}"},"query-input":{"@type":"PropertyValueSpecification","valueRequired":true,"valueName":"search_term_string"}}],"inLanguage":"fr-FR"},{"@type":"Organization","@id":"https:\/\/newsestlyonnais.fr\/site\/#organization","name":"News EST LYONNAIS","url":"https:\/\/newsestlyonnais.fr\/site\/","logo":{"@type":"ImageObject","inLanguage":"fr-FR","@id":"https:\/\/newsestlyonnais.fr\/site\/#\/schema\/logo\/image\/","url":"","contentUrl":"","caption":"News EST LYONNAIS"},"image":{"@id":"https:\/\/newsestlyonnais.fr\/site\/#\/schema\/logo\/image\/"}},{"@type":"Person","@id":"https:\/\/newsestlyonnais.fr\/site\/#\/schema\/person\/3230d5615f390bb808365d673001e887","name":"R\u00e9dac. NEWS","sameAs":["http:\/\/www.newsestlyonnais.fr","https:\/\/www.facebook.com\/pascal.oberson.1?fref=ts","https:\/\/fr.linkedin.com\/in\/pascal-oberson-b17045113"],"url":"https:\/\/newsestlyonnais.fr\/site\/author\/nel\/"}]}},"_links":{"self":[{"href":"https:\/\/newsestlyonnais.fr\/site\/wp-json\/wp\/v2\/posts\/55383","targetHints":{"allow":["GET"]}}],"collection":[{"href":"https:\/\/newsestlyonnais.fr\/site\/wp-json\/wp\/v2\/posts"}],"about":[{"href":"https:\/\/newsestlyonnais.fr\/site\/wp-json\/wp\/v2\/types\/post"}],"author":[{"embeddable":true,"href":"https:\/\/newsestlyonnais.fr\/site\/wp-json\/wp\/v2\/users\/4"}],"replies":[{"embeddable":true,"href":"https:\/\/newsestlyonnais.fr\/site\/wp-json\/wp\/v2\/comments?post=55383"}],"version-history":[{"count":0,"href":"https:\/\/newsestlyonnais.fr\/site\/wp-json\/wp\/v2\/posts\/55383\/revisions"}],"wp:featuredmedia":[{"embeddable":true,"href":"https:\/\/newsestlyonnais.fr\/site\/wp-json\/wp\/v2\/media\/25760"}],"wp:attachment":[{"href":"https:\/\/newsestlyonnais.fr\/site\/wp-json\/wp\/v2\/media?parent=55383"}],"wp:term":[{"taxonomy":"category","embeddable":true,"href":"https:\/\/newsestlyonnais.fr\/site\/wp-json\/wp\/v2\/categories?post=55383"},{"taxonomy":"post_tag","embeddable":true,"href":"https:\/\/newsestlyonnais.fr\/site\/wp-json\/wp\/v2\/tags?post=55383"}],"curies":[{"name":"wp","href":"https:\/\/api.w.org\/{rel}","templated":true}]}}