{"id":55409,"date":"2018-08-24T16:17:45","date_gmt":"2018-08-24T15:17:45","guid":{"rendered":"http:\/\/newsestlyonnais.fr\/site\/?p=55409"},"modified":"2020-10-23T19:57:02","modified_gmt":"2020-10-23T18:57:02","slug":"vaulx-en-velin-triathlon-5-finishers-vaudais-a-lembrunman","status":"publish","type":"post","link":"https:\/\/newsestlyonnais.fr\/site\/2018\/08\/24\/vaulx-en-velin-triathlon-5-finishers-vaudais-a-lembrunman\/","title":{"rendered":"VAULX-EN-VELIN Triathlon | 5 finishers vaudais \u00e0 l\u2019EmbrunMan"},"content":{"rendered":"<p>5 triathl\u00e8tes du club, d\u00e9sormais pr\u00e9sid\u00e9 par Didier Roche, s\u2019\u00e9taient lanc\u00e9s le pari fou de participer et surtout de terminer le c\u00e9l\u00e8bre EmbrunMan !<\/p>\n<p>Un triathlon longue distance faisant partie des plus durs au monde et qui en \u00e9tait \u00e0 sa 35\u00b0 \u00e9dition. Au programme de cette journ\u00e9e, pour les vaudais pr\u00e9sents parmi les 1152\u00a0triathl\u00e8tes sur la ligne de d\u00e9part :<\/p>\n<ul>\n<li><strong>3,8 km de natation<\/strong> (avec d\u00e9part \u00e0 6 h du matin du Lac de Serre-Pon\u00e7on).<\/li>\n<li><strong>188 km de v\u00e9lo<\/strong> (avec 3600 m\u00e8tres de d\u00e9nivel\u00e9 et le passage au col de l\u2019Izoard (2360 m).<\/li>\n<li><strong>42,195 km de course \u00e0 pied<\/strong> (un marathon avec 600 m\u00e8tres de d\u00e9nivel\u00e9).<\/li>\n<\/ul>\n<p>Mission accomplie pour les 5 vaudais adeptes du triple effort et qui sont tous all\u00e9s au bout de leur effort !<\/p>\n<p>&#8212;&#8212;&#8212;&#8212;&#8212;&#8212;&#8212;&#8212;&#8212;&#8212;&#8212;&#8212;&#8212;&#8212;&#8212;&#8212;&#8212;&#8212;&#8212;&#8212;&#8212;&#8212;&#8212;&#8212;&#8212;&#8212;&#8212;&#8212;&#8212;&#8212;&#8212;&#8212;&#8212;&#8212;&#8212;&#8212;&#8212;&#8212;&#8212;&#8212;&#8212;&#8212;&#8212;&#8212;&#8212;&#8211;<\/p>\n<p><em><strong>Les finishers vaudais<\/strong> <\/em>: (PHOTO A LA UNE) :<\/p>\n<ul>\n<li><strong>Guillaume De Lazzer<\/strong>, 155\u00b0 en 13 h 0\u201936<\/li>\n<li><strong>Herv\u00e9 Conesa<\/strong>, 450\u00b0 en 14 h 29\u2032 25<\/li>\n<li><strong>Herv\u00e9 Vilpini<\/strong>, 471\u00b0 en 14 h 35\u2032 16<\/li>\n<li><strong>Didier Roche<\/strong>, 551\u00b0 en 14 h 51\u2032 09<\/li>\n<li><strong>Philippe Villecour<\/strong>t, 818\u00b0 en 16 h 17\u2032 30<\/li>\n<\/ul>\n<p>&#8212;&#8212;&#8212;&#8212;&#8212;&#8212;&#8212;&#8212;&#8212;&#8212;&#8212;&#8212;&#8212;&#8212;&#8212;&#8212;&#8212;&#8212;&#8212;&#8212;&#8212;&#8212;&#8212;&#8212;&#8212;&#8212;&#8212;&#8212;&#8212;&#8212;&#8212;&#8212;&#8212;&#8212;&#8212;&#8212;&#8212;&#8212;&#8212;&#8212;&#8212;&#8212;&#8212;&#8212;&#8212;-<\/p>\n<p>Retrouvez l&rsquo;ACTU du club sur : <a href=\"https:\/\/www.facebook.com\/groups\/127153527669567\/?fb_dtsg_ag=AdwC2dMP4q2ksY4pUHlIacZtHKRQVOpq31XuoVlW9z0Z3Q%3AAdyY1L3SGuxy_KHIgKNNuWKXtuUadrycPXicgNOY-RCfGw\" target=\"_blank\" rel=\"noopener noreferrer\">https:\/\/www.facebook.com\/groups\/127153527669567\/?fb_dtsg_ag=AdwC2dMP4q2ksY4pUHlIacZtHKRQVOpq31XuoVlW9z0Z3Q%3AAdyY1L3SGuxy_KHIgKNNuWKXtuUadrycPXicgNOY-RCfGw<\/a><\/p>\n<p>&#8212;&#8212;&#8212;&#8212;&#8212;&#8212;&#8212;&#8212;&#8212;&#8212;&#8212;&#8212;&#8212;&#8212;&#8212;&#8212;&#8212;&#8212;&#8212;&#8212;&#8212;&#8212;&#8212;&#8212;&#8212;&#8212;&#8212;&#8212;&#8212;&#8212;&#8212;&#8212;&#8212;&#8212;&#8212;&#8212;&#8212;&#8212;&#8212;&#8212;&#8212;&#8212;&#8212;&#8212;&#8212;-<\/p>\n","protected":false},"excerpt":{"rendered":"<p>Le mercredi 15 Ao\u00fbt dernier, pourtant jour f\u00e9ri\u00e9, n\u2019aura pas \u00e9t\u00e9 de tout repos pour les membres du Vaulx en Velin Triathlon.<\/p>\n","protected":false},"author":4,"featured_media":98969,"comment_status":"open","ping_status":"open","sticky":false,"template":"","format":"standard","meta":{"footnotes":""},"categories":[2988,3250,2990,28],"tags":[2528,2006],"class_list":["post-55409","post","type-post","status-publish","format-standard","has-post-thumbnail","hentry","category-natation-triathlon","category-recits-de-course-portraits-interviews","category-triathlon","category-vaulx-en-velin","tag-triathlon","tag-vaulx-en-velin"],"yoast_head":"<!-- This site is optimized with the Yoast SEO plugin v27.2 - https:\/\/yoast.com\/product\/yoast-seo-wordpress\/ -->\n<title>VAULX EN VELIN Triathlon : 5 finishers vaudais \u00e0 l\u2019EmbrunMan<\/title>\n<meta name=\"description\" content=\"VAULX EN VELIN Triathlon : 5 finishers vaudais \u00e0 l\u2019EmbrunMan\" \/>\n<meta name=\"robots\" content=\"index, follow, max-snippet:-1, max-image-preview:large, max-video-preview:-1\" \/>\n<link rel=\"canonical\" href=\"https:\/\/newsestlyonnais.fr\/site\/2018\/08\/24\/vaulx-en-velin-triathlon-5-finishers-vaudais-a-lembrunman\/\" \/>\n<meta property=\"og:locale\" content=\"fr_FR\" \/>\n<meta property=\"og:type\" content=\"article\" \/>\n<meta property=\"og:title\" content=\"VAULX EN VELIN Triathlon : 5 finishers vaudais \u00e0 l\u2019EmbrunMan\" \/>\n<meta property=\"og:description\" content=\"VAULX EN VELIN Triathlon : 5 finishers vaudais \u00e0 l\u2019EmbrunMan\" \/>\n<meta property=\"og:url\" content=\"https:\/\/newsestlyonnais.fr\/site\/2018\/08\/24\/vaulx-en-velin-triathlon-5-finishers-vaudais-a-lembrunman\/\" \/>\n<meta property=\"og:site_name\" content=\"News Est Lyonnais\" \/>\n<meta property=\"article:author\" content=\"https:\/\/www.facebook.com\/pascal.oberson.1?fref=ts\" \/>\n<meta property=\"article:published_time\" content=\"2018-08-24T15:17:45+00:00\" \/>\n<meta property=\"article:modified_time\" content=\"2020-10-23T18:57:02+00:00\" \/>\n<meta property=\"og:image\" content=\"https:\/\/i1.wp.com\/newsestlyonnais.fr\/site\/wp-content\/uploads\/2018\/08\/NEWSESTLYONNAIS-TRI-VAULX-EMBRUN-2018.jpg?fit=960%2C642&ssl=1\" \/>\n\t<meta property=\"og:image:width\" content=\"960\" \/>\n\t<meta property=\"og:image:height\" content=\"642\" \/>\n\t<meta property=\"og:image:type\" content=\"image\/jpeg\" \/>\n<meta name=\"author\" content=\"R\u00e9dac. NEWS\" \/>\n<meta name=\"twitter:card\" content=\"summary_large_image\" \/>\n<meta name=\"twitter:label1\" content=\"\u00c9crit par\" \/>\n\t<meta name=\"twitter:data1\" content=\"R\u00e9dac. NEWS\" \/>\n\t<meta name=\"twitter:label2\" content=\"Dur\u00e9e de lecture estim\u00e9e\" \/>\n\t<meta name=\"twitter:data2\" content=\"1 minute\" \/>\n<script type=\"application\/ld+json\" class=\"yoast-schema-graph\">{\"@context\":\"https:\/\/schema.org\",\"@graph\":[{\"@type\":\"Article\",\"@id\":\"https:\/\/newsestlyonnais.fr\/site\/2018\/08\/24\/vaulx-en-velin-triathlon-5-finishers-vaudais-a-lembrunman\/#article\",\"isPartOf\":{\"@id\":\"https:\/\/newsestlyonnais.fr\/site\/2018\/08\/24\/vaulx-en-velin-triathlon-5-finishers-vaudais-a-lembrunman\/\"},\"author\":{\"name\":\"R\u00e9dac. NEWS\",\"@id\":\"https:\/\/newsestlyonnais.fr\/site\/#\/schema\/person\/3230d5615f390bb808365d673001e887\"},\"headline\":\"VAULX-EN-VELIN Triathlon | 5 finishers vaudais \u00e0 l\u2019EmbrunMan\",\"datePublished\":\"2018-08-24T15:17:45+00:00\",\"dateModified\":\"2020-10-23T18:57:02+00:00\",\"mainEntityOfPage\":{\"@id\":\"https:\/\/newsestlyonnais.fr\/site\/2018\/08\/24\/vaulx-en-velin-triathlon-5-finishers-vaudais-a-lembrunman\/\"},\"wordCount\":196,\"commentCount\":0,\"publisher\":{\"@id\":\"https:\/\/newsestlyonnais.fr\/site\/#organization\"},\"image\":{\"@id\":\"https:\/\/newsestlyonnais.fr\/site\/2018\/08\/24\/vaulx-en-velin-triathlon-5-finishers-vaudais-a-lembrunman\/#primaryimage\"},\"thumbnailUrl\":\"https:\/\/newsestlyonnais.fr\/site\/wp-content\/uploads\/2018\/08\/NEWSESTLYONNAIS-TRI-VAULX-EMBRUN-2018.jpg\",\"keywords\":[\"TRIATHLON\",\"VAULX EN VELIN\"],\"articleSection\":[\"Natation | Triathlon\",\"R\u00e9cits de course \/ Portraits \/ Interviews\",\"Triathlon\",\"Vaulx-en-Velin\"],\"inLanguage\":\"fr-FR\",\"potentialAction\":[{\"@type\":\"CommentAction\",\"name\":\"Comment\",\"target\":[\"https:\/\/newsestlyonnais.fr\/site\/2018\/08\/24\/vaulx-en-velin-triathlon-5-finishers-vaudais-a-lembrunman\/#respond\"]}]},{\"@type\":\"WebPage\",\"@id\":\"https:\/\/newsestlyonnais.fr\/site\/2018\/08\/24\/vaulx-en-velin-triathlon-5-finishers-vaudais-a-lembrunman\/\",\"url\":\"https:\/\/newsestlyonnais.fr\/site\/2018\/08\/24\/vaulx-en-velin-triathlon-5-finishers-vaudais-a-lembrunman\/\",\"name\":\"VAULX EN VELIN Triathlon : 5 finishers vaudais \u00e0 l\u2019EmbrunMan\",\"isPartOf\":{\"@id\":\"https:\/\/newsestlyonnais.fr\/site\/#website\"},\"primaryImageOfPage\":{\"@id\":\"https:\/\/newsestlyonnais.fr\/site\/2018\/08\/24\/vaulx-en-velin-triathlon-5-finishers-vaudais-a-lembrunman\/#primaryimage\"},\"image\":{\"@id\":\"https:\/\/newsestlyonnais.fr\/site\/2018\/08\/24\/vaulx-en-velin-triathlon-5-finishers-vaudais-a-lembrunman\/#primaryimage\"},\"thumbnailUrl\":\"https:\/\/newsestlyonnais.fr\/site\/wp-content\/uploads\/2018\/08\/NEWSESTLYONNAIS-TRI-VAULX-EMBRUN-2018.jpg\",\"datePublished\":\"2018-08-24T15:17:45+00:00\",\"dateModified\":\"2020-10-23T18:57:02+00:00\",\"description\":\"VAULX EN VELIN Triathlon : 5 finishers vaudais \u00e0 l\u2019EmbrunMan\",\"breadcrumb\":{\"@id\":\"https:\/\/newsestlyonnais.fr\/site\/2018\/08\/24\/vaulx-en-velin-triathlon-5-finishers-vaudais-a-lembrunman\/#breadcrumb\"},\"inLanguage\":\"fr-FR\",\"potentialAction\":[{\"@type\":\"ReadAction\",\"target\":[\"https:\/\/newsestlyonnais.fr\/site\/2018\/08\/24\/vaulx-en-velin-triathlon-5-finishers-vaudais-a-lembrunman\/\"]}]},{\"@type\":\"ImageObject\",\"inLanguage\":\"fr-FR\",\"@id\":\"https:\/\/newsestlyonnais.fr\/site\/2018\/08\/24\/vaulx-en-velin-triathlon-5-finishers-vaudais-a-lembrunman\/#primaryimage\",\"url\":\"https:\/\/newsestlyonnais.fr\/site\/wp-content\/uploads\/2018\/08\/NEWSESTLYONNAIS-TRI-VAULX-EMBRUN-2018.jpg\",\"contentUrl\":\"https:\/\/newsestlyonnais.fr\/site\/wp-content\/uploads\/2018\/08\/NEWSESTLYONNAIS-TRI-VAULX-EMBRUN-2018.jpg\",\"width\":960,\"height\":642},{\"@type\":\"BreadcrumbList\",\"@id\":\"https:\/\/newsestlyonnais.fr\/site\/2018\/08\/24\/vaulx-en-velin-triathlon-5-finishers-vaudais-a-lembrunman\/#breadcrumb\",\"itemListElement\":[{\"@type\":\"ListItem\",\"position\":1,\"name\":\"Accueil\",\"item\":\"https:\/\/newsestlyonnais.fr\/site\/\"},{\"@type\":\"ListItem\",\"position\":2,\"name\":\"VAULX-EN-VELIN Triathlon | 5 finishers vaudais \u00e0 l\u2019EmbrunMan\"}]},{\"@type\":\"WebSite\",\"@id\":\"https:\/\/newsestlyonnais.fr\/site\/#website\",\"url\":\"https:\/\/newsestlyonnais.fr\/site\/\",\"name\":\"News Est Lyonnais\",\"description\":\"L&#039;actualit\u00e9 au plus pr\u00e8s\",\"publisher\":{\"@id\":\"https:\/\/newsestlyonnais.fr\/site\/#organization\"},\"potentialAction\":[{\"@type\":\"SearchAction\",\"target\":{\"@type\":\"EntryPoint\",\"urlTemplate\":\"https:\/\/newsestlyonnais.fr\/site\/?s={search_term_string}\"},\"query-input\":{\"@type\":\"PropertyValueSpecification\",\"valueRequired\":true,\"valueName\":\"search_term_string\"}}],\"inLanguage\":\"fr-FR\"},{\"@type\":\"Organization\",\"@id\":\"https:\/\/newsestlyonnais.fr\/site\/#organization\",\"name\":\"News EST LYONNAIS\",\"url\":\"https:\/\/newsestlyonnais.fr\/site\/\",\"logo\":{\"@type\":\"ImageObject\",\"inLanguage\":\"fr-FR\",\"@id\":\"https:\/\/newsestlyonnais.fr\/site\/#\/schema\/logo\/image\/\",\"url\":\"\",\"contentUrl\":\"\",\"caption\":\"News EST LYONNAIS\"},\"image\":{\"@id\":\"https:\/\/newsestlyonnais.fr\/site\/#\/schema\/logo\/image\/\"}},{\"@type\":\"Person\",\"@id\":\"https:\/\/newsestlyonnais.fr\/site\/#\/schema\/person\/3230d5615f390bb808365d673001e887\",\"name\":\"R\u00e9dac. NEWS\",\"sameAs\":[\"http:\/\/www.newsestlyonnais.fr\",\"https:\/\/www.facebook.com\/pascal.oberson.1?fref=ts\",\"https:\/\/fr.linkedin.com\/in\/pascal-oberson-b17045113\"],\"url\":\"https:\/\/newsestlyonnais.fr\/site\/author\/nel\/\"}]}<\/script>\n<!-- \/ Yoast SEO plugin. -->","yoast_head_json":{"title":"VAULX EN VELIN Triathlon : 5 finishers vaudais \u00e0 l\u2019EmbrunMan","description":"VAULX EN VELIN Triathlon : 5 finishers vaudais \u00e0 l\u2019EmbrunMan","robots":{"index":"index","follow":"follow","max-snippet":"max-snippet:-1","max-image-preview":"max-image-preview:large","max-video-preview":"max-video-preview:-1"},"canonical":"https:\/\/newsestlyonnais.fr\/site\/2018\/08\/24\/vaulx-en-velin-triathlon-5-finishers-vaudais-a-lembrunman\/","og_locale":"fr_FR","og_type":"article","og_title":"VAULX EN VELIN Triathlon : 5 finishers vaudais \u00e0 l\u2019EmbrunMan","og_description":"VAULX EN VELIN Triathlon : 5 finishers vaudais \u00e0 l\u2019EmbrunMan","og_url":"https:\/\/newsestlyonnais.fr\/site\/2018\/08\/24\/vaulx-en-velin-triathlon-5-finishers-vaudais-a-lembrunman\/","og_site_name":"News Est Lyonnais","article_author":"https:\/\/www.facebook.com\/pascal.oberson.1?fref=ts","article_published_time":"2018-08-24T15:17:45+00:00","article_modified_time":"2020-10-23T18:57:02+00:00","og_image":[{"width":960,"height":642,"url":"https:\/\/i1.wp.com\/newsestlyonnais.fr\/site\/wp-content\/uploads\/2018\/08\/NEWSESTLYONNAIS-TRI-VAULX-EMBRUN-2018.jpg?fit=960%2C642&ssl=1","type":"image\/jpeg"}],"author":"R\u00e9dac. NEWS","twitter_card":"summary_large_image","twitter_misc":{"\u00c9crit par":"R\u00e9dac. NEWS","Dur\u00e9e de lecture estim\u00e9e":"1 minute"},"schema":{"@context":"https:\/\/schema.org","@graph":[{"@type":"Article","@id":"https:\/\/newsestlyonnais.fr\/site\/2018\/08\/24\/vaulx-en-velin-triathlon-5-finishers-vaudais-a-lembrunman\/#article","isPartOf":{"@id":"https:\/\/newsestlyonnais.fr\/site\/2018\/08\/24\/vaulx-en-velin-triathlon-5-finishers-vaudais-a-lembrunman\/"},"author":{"name":"R\u00e9dac. NEWS","@id":"https:\/\/newsestlyonnais.fr\/site\/#\/schema\/person\/3230d5615f390bb808365d673001e887"},"headline":"VAULX-EN-VELIN Triathlon | 5 finishers vaudais \u00e0 l\u2019EmbrunMan","datePublished":"2018-08-24T15:17:45+00:00","dateModified":"2020-10-23T18:57:02+00:00","mainEntityOfPage":{"@id":"https:\/\/newsestlyonnais.fr\/site\/2018\/08\/24\/vaulx-en-velin-triathlon-5-finishers-vaudais-a-lembrunman\/"},"wordCount":196,"commentCount":0,"publisher":{"@id":"https:\/\/newsestlyonnais.fr\/site\/#organization"},"image":{"@id":"https:\/\/newsestlyonnais.fr\/site\/2018\/08\/24\/vaulx-en-velin-triathlon-5-finishers-vaudais-a-lembrunman\/#primaryimage"},"thumbnailUrl":"https:\/\/newsestlyonnais.fr\/site\/wp-content\/uploads\/2018\/08\/NEWSESTLYONNAIS-TRI-VAULX-EMBRUN-2018.jpg","keywords":["TRIATHLON","VAULX EN VELIN"],"articleSection":["Natation | Triathlon","R\u00e9cits de course \/ Portraits \/ Interviews","Triathlon","Vaulx-en-Velin"],"inLanguage":"fr-FR","potentialAction":[{"@type":"CommentAction","name":"Comment","target":["https:\/\/newsestlyonnais.fr\/site\/2018\/08\/24\/vaulx-en-velin-triathlon-5-finishers-vaudais-a-lembrunman\/#respond"]}]},{"@type":"WebPage","@id":"https:\/\/newsestlyonnais.fr\/site\/2018\/08\/24\/vaulx-en-velin-triathlon-5-finishers-vaudais-a-lembrunman\/","url":"https:\/\/newsestlyonnais.fr\/site\/2018\/08\/24\/vaulx-en-velin-triathlon-5-finishers-vaudais-a-lembrunman\/","name":"VAULX EN VELIN Triathlon : 5 finishers vaudais \u00e0 l\u2019EmbrunMan","isPartOf":{"@id":"https:\/\/newsestlyonnais.fr\/site\/#website"},"primaryImageOfPage":{"@id":"https:\/\/newsestlyonnais.fr\/site\/2018\/08\/24\/vaulx-en-velin-triathlon-5-finishers-vaudais-a-lembrunman\/#primaryimage"},"image":{"@id":"https:\/\/newsestlyonnais.fr\/site\/2018\/08\/24\/vaulx-en-velin-triathlon-5-finishers-vaudais-a-lembrunman\/#primaryimage"},"thumbnailUrl":"https:\/\/newsestlyonnais.fr\/site\/wp-content\/uploads\/2018\/08\/NEWSESTLYONNAIS-TRI-VAULX-EMBRUN-2018.jpg","datePublished":"2018-08-24T15:17:45+00:00","dateModified":"2020-10-23T18:57:02+00:00","description":"VAULX EN VELIN Triathlon : 5 finishers vaudais \u00e0 l\u2019EmbrunMan","breadcrumb":{"@id":"https:\/\/newsestlyonnais.fr\/site\/2018\/08\/24\/vaulx-en-velin-triathlon-5-finishers-vaudais-a-lembrunman\/#breadcrumb"},"inLanguage":"fr-FR","potentialAction":[{"@type":"ReadAction","target":["https:\/\/newsestlyonnais.fr\/site\/2018\/08\/24\/vaulx-en-velin-triathlon-5-finishers-vaudais-a-lembrunman\/"]}]},{"@type":"ImageObject","inLanguage":"fr-FR","@id":"https:\/\/newsestlyonnais.fr\/site\/2018\/08\/24\/vaulx-en-velin-triathlon-5-finishers-vaudais-a-lembrunman\/#primaryimage","url":"https:\/\/newsestlyonnais.fr\/site\/wp-content\/uploads\/2018\/08\/NEWSESTLYONNAIS-TRI-VAULX-EMBRUN-2018.jpg","contentUrl":"https:\/\/newsestlyonnais.fr\/site\/wp-content\/uploads\/2018\/08\/NEWSESTLYONNAIS-TRI-VAULX-EMBRUN-2018.jpg","width":960,"height":642},{"@type":"BreadcrumbList","@id":"https:\/\/newsestlyonnais.fr\/site\/2018\/08\/24\/vaulx-en-velin-triathlon-5-finishers-vaudais-a-lembrunman\/#breadcrumb","itemListElement":[{"@type":"ListItem","position":1,"name":"Accueil","item":"https:\/\/newsestlyonnais.fr\/site\/"},{"@type":"ListItem","position":2,"name":"VAULX-EN-VELIN Triathlon | 5 finishers vaudais \u00e0 l\u2019EmbrunMan"}]},{"@type":"WebSite","@id":"https:\/\/newsestlyonnais.fr\/site\/#website","url":"https:\/\/newsestlyonnais.fr\/site\/","name":"News Est Lyonnais","description":"L&#039;actualit\u00e9 au plus pr\u00e8s","publisher":{"@id":"https:\/\/newsestlyonnais.fr\/site\/#organization"},"potentialAction":[{"@type":"SearchAction","target":{"@type":"EntryPoint","urlTemplate":"https:\/\/newsestlyonnais.fr\/site\/?s={search_term_string}"},"query-input":{"@type":"PropertyValueSpecification","valueRequired":true,"valueName":"search_term_string"}}],"inLanguage":"fr-FR"},{"@type":"Organization","@id":"https:\/\/newsestlyonnais.fr\/site\/#organization","name":"News EST LYONNAIS","url":"https:\/\/newsestlyonnais.fr\/site\/","logo":{"@type":"ImageObject","inLanguage":"fr-FR","@id":"https:\/\/newsestlyonnais.fr\/site\/#\/schema\/logo\/image\/","url":"","contentUrl":"","caption":"News EST LYONNAIS"},"image":{"@id":"https:\/\/newsestlyonnais.fr\/site\/#\/schema\/logo\/image\/"}},{"@type":"Person","@id":"https:\/\/newsestlyonnais.fr\/site\/#\/schema\/person\/3230d5615f390bb808365d673001e887","name":"R\u00e9dac. NEWS","sameAs":["http:\/\/www.newsestlyonnais.fr","https:\/\/www.facebook.com\/pascal.oberson.1?fref=ts","https:\/\/fr.linkedin.com\/in\/pascal-oberson-b17045113"],"url":"https:\/\/newsestlyonnais.fr\/site\/author\/nel\/"}]}},"_links":{"self":[{"href":"https:\/\/newsestlyonnais.fr\/site\/wp-json\/wp\/v2\/posts\/55409","targetHints":{"allow":["GET"]}}],"collection":[{"href":"https:\/\/newsestlyonnais.fr\/site\/wp-json\/wp\/v2\/posts"}],"about":[{"href":"https:\/\/newsestlyonnais.fr\/site\/wp-json\/wp\/v2\/types\/post"}],"author":[{"embeddable":true,"href":"https:\/\/newsestlyonnais.fr\/site\/wp-json\/wp\/v2\/users\/4"}],"replies":[{"embeddable":true,"href":"https:\/\/newsestlyonnais.fr\/site\/wp-json\/wp\/v2\/comments?post=55409"}],"version-history":[{"count":0,"href":"https:\/\/newsestlyonnais.fr\/site\/wp-json\/wp\/v2\/posts\/55409\/revisions"}],"wp:featuredmedia":[{"embeddable":true,"href":"https:\/\/newsestlyonnais.fr\/site\/wp-json\/wp\/v2\/media\/98969"}],"wp:attachment":[{"href":"https:\/\/newsestlyonnais.fr\/site\/wp-json\/wp\/v2\/media?parent=55409"}],"wp:term":[{"taxonomy":"category","embeddable":true,"href":"https:\/\/newsestlyonnais.fr\/site\/wp-json\/wp\/v2\/categories?post=55409"},{"taxonomy":"post_tag","embeddable":true,"href":"https:\/\/newsestlyonnais.fr\/site\/wp-json\/wp\/v2\/tags?post=55409"}],"curies":[{"name":"wp","href":"https:\/\/api.w.org\/{rel}","templated":true}]}}