{"id":55434,"date":"2018-08-23T11:24:42","date_gmt":"2018-08-23T10:24:42","guid":{"rendered":"http:\/\/newsestlyonnais.fr\/site\/?p=55434"},"modified":"2018-09-02T17:31:51","modified_gmt":"2018-09-02T16:31:51","slug":"vaulx-en-velin-lagenda-des-manifestations-du-27-aout-au-2-septembre-2018","status":"publish","type":"post","link":"https:\/\/newsestlyonnais.fr\/site\/2018\/08\/23\/vaulx-en-velin-lagenda-des-manifestations-du-27-aout-au-2-septembre-2018\/","title":{"rendered":"VAULX EN VELIN : L\u2019agenda des manifestations du 27 Ao\u00fbt au 2 Septembre 2018"},"content":{"rendered":"<h4>Nombreux sont les \u00e9v\u00e8nements et manifestations qui se d\u00e9rouleront durant cette p\u00e9riode, sur la commune vaudaise, \u00e0 savoir :<\/h4>\n<ul>\n<li><span style=\"font-family: Arial, Helvetica, sans-serif\"><strong><span style=\"font-size: medium\">Lundi 27 ao\u00fbt, de 13 h 30 \u00e0 16 h 30 : <\/span><\/strong><span style=\"font-size: medium\"><span style=\"text-decoration: underline\">\u00ab\u00a0JEUX ET CONVIVIALIT\u00c9<\/span>\u00ab\u00a0. (Salle Edith Piaf, rue du M\u00e9boud). Entr\u00e9e libre<\/span><strong><span style=\"font-size: medium\">. <\/span><\/strong><\/span><span style=\"font-size: medium\">Vous avez envie de venir jouer entre ami-e-s, le Conseil des S\u00e9niors vous accueille, met \u00e0 votre disposition des jeux et vous propose un caf\u00e9 afin de passer un moment agr\u00e9able. <\/span>Et aussi\u00a0 : &#8211; <strong>mercredi 29 ao\u00fbt :<\/strong> <span style=\"text-decoration: underline\">Duplicate de Scrabbl<\/span>e <strong>\u00e0 13 h 30<\/strong>. Gratuit, entr\u00e9e libre. &#8211; <strong>jeudi 30 ao\u00fbt<\/strong> : <span style=\"text-decoration: underline\">Pause Caf\u00e9<\/span>, <strong>de 14 h \u00e0 16 h 30<\/strong> (1\u20ac).<\/li>\n<\/ul>\n<ul>\n<li><strong>Mardi 28 ao\u00fbt, \u00e0 partir de 13 h 30<\/strong> : <span style=\"font-family: Arial, Helvetica, sans-serif\"><span style=\"font-family: Arial, Helvetica, sans-serif\"><span style=\"font-size: medium\"><span style=\"text-decoration: underline\">\u00a0\u00bb Ouverture de la mairie annexe au Sud \u00ab\u00a0.<\/span> (32 rue Alfred-de-Musset<\/span>). L<span style=\"font-size: medium\">a mairie annexe au Sud de la commune vous ouvrira les portes de son b\u00e2timent de 645 m2. Vous y serez accueillis par le p\u00f4le accueil, le guichet espace familles (inscription scolaire, accueils p\u00e9riscolaires du matin et du soir) et le guichet population (carte d\u2019identit\u00e9, passeport). Pour mieux r\u00e9pondre aux attentes, les horaires ont \u00e9t\u00e9 \u00e9largis : mardi (13 h 30 \u00e0 19 h), mercredi (8 h 30 \u00e0 12 h 30 &amp; 13 h 30 \u00e0 17 h), jeudi (8 h 30 \u00e0 17 h), vendredi (8 h 30 \u00e0 12 h 30 &amp; 13 h 30 \u00e0 16 h) et le samedi (9 h \u00e0 12 h). <strong>et \u00e0 21 h<\/strong> : <span style=\"text-decoration: underline\">CIN\u00c9 PLEIN\u2019AIR : LES TUCHE 2, LE R\u00caVE AM\u00c9RICAIN.<\/span> (Jardin de la Paix et des Libert\u00e9s, centre ville). Tout public. Dernier rendez-vous pour Cin\u00e9 Plein\u2019Air avec la projection de cette com\u00e9die de Olivier Baroux, avec Jean-Paul Rouve, Isabelle Nanty, Claire Nadeau, Th\u00e9o Fernandez.<\/span><\/span><\/span>Apr\u00e8s avoir gagn\u00e9 au loto, la vie des Tuche change. Coin-Coin, le benjamin, va \u00e0 Los-Angeles pour travailler son anglais. Quand sa famille part le retrouver, rien ne se passe comme pr\u00e9vu.<span style=\"font-family: Arial, Helvetica, sans-serif\"><span style=\"font-size: medium\">\u00a0<\/span><\/span><\/li>\n<li><strong>Mercredi 29 ao\u00fbt, de 20 h \u00e0 minuit<\/strong>. <span style=\"text-decoration: underline\">M\u00e9diations Nomades<\/span> (Place Ernest Cavellini). Tout public. M\u00e9diations Nomades organis\u00e9es par le MAN (Mouvement pour une Alternative Non-violente). Ces rencontres conviviales, ouvertes \u00e0 tous, sont l\u2019occasion de partager, d\u2019\u00e9changer et de se retrouver autour d\u2019activit\u00e9s tenues par un m\u00e9diateur et des b\u00e9n\u00e9voles.<\/li>\n<li><span style=\"font-size: medium\"><span style=\"font-family: Arial, Helvetica, sans-serif\"><strong>Du jeudi 30 ao\u00fbt \u00e0 19 h 30 au dimanche 2 septembre : <\/strong>20 <strong>\u00b0 <\/strong><span style=\"text-decoration: underline\">Festival Woodstower<\/span>. (Plage du Fontanil \u00e0 Vaulx-en-Velin, Grand Parc). T<\/span><span style=\"font-family: Arial, Helvetica, sans-serif\">out public. <\/span><span style=\"font-family: Arial, Helvetica, sans-serif\">Cet \u00e9t\u00e9, le festival de musique Woodstower f\u00eate ses 20 ans avec une programmation exceptionnelle : Supr\u00eame NTM, Disiz la Peste, Cut Killer, Petit biscuit, MNNQNS, Chaton, Bagarre, Miley Serious, N\u00e9mir&#8230; Des animations sont aussi programm\u00e9es pendant tout le festival (tyrolienne g\u00e9ante, Chill on the beach &#8211; avec notamment le Bibliobus de Vaulx-en-Velin-, chasse aux tr\u00e9sors&#8230;).C&rsquo;est gratuit le dimanche ! Plus d&rsquo;infos sur : <a href=\"https:\/\/woodstower.com\/fr\" target=\"_blank\" rel=\"noopener\">https:\/\/woodstower.com\/fr<\/a><br \/>\n<\/span><\/span><\/li>\n<li><span style=\"font-size: medium\"><span style=\"font-family: Arial, Helvetica, sans-serif\"><strong>Dimanche 2 septembre, \u00e0 11 h :<\/strong> <span style=\"text-decoration: underline\">C\u00e9r\u00e9monie comm\u00e9morative de la Lib\u00e9ration de VAULX-EN-VELIN<\/span>.<strong> (<\/strong><\/span><strong><span style=\"font-family: Arial, Helvetica, sans-serif\">Avenue du Bataillon Carmagnole Libert\u00e9, devant la st\u00e8le \u00e0 la m\u00e9moire des R\u00e9sistants et Combattants de l&rsquo;ancienne usine TASE<\/span><\/strong><span style=\"font-family: Arial, Helvetica, sans-serif\"><strong>). <\/strong><\/span><\/span><br \/>\n<span style=\"font-size: medium\"><span style=\"font-family: Arial, Helvetica, sans-serif\">La Ville de Vaulx-en-Velin, l\u2019Association Nationale des Anciens Combattants et Ami-e-s de la R\u00e9sistance (ANACR) et l\u2019Union Fran\u00e7aise des Anciens Combattants (UFAC) invitent les habitants \u00e0 la c\u00e9r\u00e9monie comm\u00e9morative de la Lib\u00e9ration de Vaulx-en-Velin. <\/span><\/span><span style=\"font-size: small\"><em><span style=\"font-family: Arial, Helvetica, sans-serif\">A l&rsquo;issue de la c\u00e9r\u00e9monie, le verre de l&rsquo;amiti\u00e9 sera servi \u00e0 l&rsquo;Espace Carmagnole.<\/span><\/em><\/span><\/li>\n<\/ul>\n<div align=\"center\"><strong>Retrouvez l\u2019ACTU de la commune sur : <a href=\"http:\/\/www.vaulx-en-velin.net\" target=\"_blank\" rel=\"noopener\">http:\/\/www.vaulx-en-velin.net<\/a><\/strong><\/div>\n<div align=\"center\"><\/div>\n<div align=\"center\">\n<div id='gallery-1' class='gallery galleryid-55434 gallery-columns-3 gallery-size-thumbnail'><figure class='gallery-item'>\n\t\t\t<div class='gallery-icon portrait'>\n\t\t\t\t<a href='https:\/\/newsestlyonnais.fr\/site\/newsestlyonnais-20-woodstower\/'><img loading=\"lazy\" decoding=\"async\" width=\"150\" height=\"150\" src=\"https:\/\/newsestlyonnais.fr\/site\/wp-content\/uploads\/2018\/05\/NEWSESTLYONNAIS-20\u00b0-woodstower-150x150.jpeg\" class=\"attachment-thumbnail size-thumbnail\" alt=\"NEWSESTLYONNAIS - 20\u00b0 woodstower\" aria-describedby=\"gallery-1-48832\" \/><\/a>\n\t\t\t<\/div>\n\t\t\t\t<figcaption class='wp-caption-text gallery-caption' id='gallery-1-48832'>\n\t\t\t\t20 \u00b0 WOODSTOWER\n\t\t\t\t<\/figcaption><\/figure><figure class='gallery-item'>\n\t\t\t<div class='gallery-icon portrait'>\n\t\t\t\t<a href='https:\/\/newsestlyonnais.fr\/site\/newsestlyonnais-liberation-vaulx\/'><img loading=\"lazy\" decoding=\"async\" width=\"150\" height=\"150\" src=\"https:\/\/newsestlyonnais.fr\/site\/wp-content\/uploads\/2018\/08\/NEWSESTLYONNAIS-LIBERATION-VAULX--150x150.jpg\" class=\"attachment-thumbnail size-thumbnail\" alt=\"NEWSESTLYONNAIS LIBERATION VAULX\" \/><\/a>\n\t\t\t<\/div><\/figure>\n\t\t<\/div>\n\n<\/div>\n<p>&nbsp;<\/p>\n","protected":false},"excerpt":{"rendered":"<p>Nombreux sont les \u00e9v\u00e8nements et manifestations qui se d\u00e9rouleront durant cette p\u00e9riode, sur la commune vaudaise, \u00e0 savoir : Lundi 27 ao\u00fbt, de 13 h 30 \u00e0 16 h 30 : \u00ab\u00a0JEUX ET CONVIVIALIT\u00c9\u00ab\u00a0. (Salle Edith Piaf, rue du M\u00e9boud). Entr\u00e9e libre. Vous avez envie de venir jouer entre ami-e-s, le Conseil des S\u00e9niors vous [&hellip;]<\/p>\n","protected":false},"author":4,"featured_media":25509,"comment_status":"open","ping_status":"open","sticky":false,"template":"","format":"standard","meta":{"footnotes":""},"categories":[30,28],"tags":[],"class_list":["post-55434","post","type-post","status-publish","format-standard","has-post-thumbnail","hentry","category-a-la-une","category-vaulx-en-velin"],"yoast_head":"<!-- This site is optimized with the Yoast SEO plugin v27.2 - https:\/\/yoast.com\/product\/yoast-seo-wordpress\/ -->\n<title>VAULX EN VELIN : L\u2019agenda des manifestations du 27 Ao\u00fbt au 2 Septembre 2018<\/title>\n<meta name=\"description\" content=\"VAULX EN VELIN : L\u2019agenda des manifestations du 27 Ao\u00fbt au 2 Septembre 2018\" \/>\n<meta name=\"robots\" content=\"index, follow, max-snippet:-1, max-image-preview:large, max-video-preview:-1\" \/>\n<link rel=\"canonical\" href=\"https:\/\/newsestlyonnais.fr\/site\/2018\/08\/23\/vaulx-en-velin-lagenda-des-manifestations-du-27-aout-au-2-septembre-2018\/\" \/>\n<meta property=\"og:locale\" content=\"fr_FR\" \/>\n<meta property=\"og:type\" content=\"article\" \/>\n<meta property=\"og:title\" content=\"VAULX EN VELIN : L\u2019agenda des manifestations du 27 Ao\u00fbt au 2 Septembre 2018\" \/>\n<meta property=\"og:description\" content=\"VAULX EN VELIN : L\u2019agenda des manifestations du 27 Ao\u00fbt au 2 Septembre 2018\" \/>\n<meta property=\"og:url\" content=\"https:\/\/newsestlyonnais.fr\/site\/2018\/08\/23\/vaulx-en-velin-lagenda-des-manifestations-du-27-aout-au-2-septembre-2018\/\" \/>\n<meta property=\"og:site_name\" content=\"News Est Lyonnais\" \/>\n<meta property=\"article:author\" content=\"https:\/\/www.facebook.com\/pascal.oberson.1?fref=ts\" \/>\n<meta property=\"article:published_time\" content=\"2018-08-23T10:24:42+00:00\" \/>\n<meta property=\"article:modified_time\" content=\"2018-09-02T16:31:51+00:00\" \/>\n<meta property=\"og:image\" content=\"https:\/\/i1.wp.com\/newsestlyonnais.fr\/site\/wp-content\/uploads\/2017\/05\/NEWSESTLYONNAIS-PaNNEAU-VAULX-.jpg?fit=1000%2C750&ssl=1\" \/>\n\t<meta property=\"og:image:width\" content=\"1000\" \/>\n\t<meta property=\"og:image:height\" content=\"750\" \/>\n\t<meta property=\"og:image:type\" content=\"image\/jpeg\" \/>\n<meta name=\"author\" content=\"R\u00e9dac. NEWS\" \/>\n<meta name=\"twitter:card\" content=\"summary_large_image\" \/>\n<meta name=\"twitter:label1\" content=\"\u00c9crit par\" \/>\n\t<meta name=\"twitter:data1\" content=\"R\u00e9dac. NEWS\" \/>\n\t<meta name=\"twitter:label2\" content=\"Dur\u00e9e de lecture estim\u00e9e\" \/>\n\t<meta name=\"twitter:data2\" content=\"3 minutes\" \/>\n<script type=\"application\/ld+json\" class=\"yoast-schema-graph\">{\"@context\":\"https:\/\/schema.org\",\"@graph\":[{\"@type\":\"Article\",\"@id\":\"https:\/\/newsestlyonnais.fr\/site\/2018\/08\/23\/vaulx-en-velin-lagenda-des-manifestations-du-27-aout-au-2-septembre-2018\/#article\",\"isPartOf\":{\"@id\":\"https:\/\/newsestlyonnais.fr\/site\/2018\/08\/23\/vaulx-en-velin-lagenda-des-manifestations-du-27-aout-au-2-septembre-2018\/\"},\"author\":{\"name\":\"R\u00e9dac. NEWS\",\"@id\":\"https:\/\/newsestlyonnais.fr\/site\/#\/schema\/person\/3230d5615f390bb808365d673001e887\"},\"headline\":\"VAULX EN VELIN : L\u2019agenda des manifestations du 27 Ao\u00fbt au 2 Septembre 2018\",\"datePublished\":\"2018-08-23T10:24:42+00:00\",\"dateModified\":\"2018-09-02T16:31:51+00:00\",\"mainEntityOfPage\":{\"@id\":\"https:\/\/newsestlyonnais.fr\/site\/2018\/08\/23\/vaulx-en-velin-lagenda-des-manifestations-du-27-aout-au-2-septembre-2018\/\"},\"wordCount\":547,\"commentCount\":0,\"publisher\":{\"@id\":\"https:\/\/newsestlyonnais.fr\/site\/#organization\"},\"image\":{\"@id\":\"https:\/\/newsestlyonnais.fr\/site\/2018\/08\/23\/vaulx-en-velin-lagenda-des-manifestations-du-27-aout-au-2-septembre-2018\/#primaryimage\"},\"thumbnailUrl\":\"https:\/\/newsestlyonnais.fr\/site\/wp-content\/uploads\/2017\/05\/NEWSESTLYONNAIS-PaNNEAU-VAULX-.jpg\",\"articleSection\":[\"\u00e0 la une\",\"Vaulx-en-Velin\"],\"inLanguage\":\"fr-FR\",\"potentialAction\":[{\"@type\":\"CommentAction\",\"name\":\"Comment\",\"target\":[\"https:\/\/newsestlyonnais.fr\/site\/2018\/08\/23\/vaulx-en-velin-lagenda-des-manifestations-du-27-aout-au-2-septembre-2018\/#respond\"]}]},{\"@type\":\"WebPage\",\"@id\":\"https:\/\/newsestlyonnais.fr\/site\/2018\/08\/23\/vaulx-en-velin-lagenda-des-manifestations-du-27-aout-au-2-septembre-2018\/\",\"url\":\"https:\/\/newsestlyonnais.fr\/site\/2018\/08\/23\/vaulx-en-velin-lagenda-des-manifestations-du-27-aout-au-2-septembre-2018\/\",\"name\":\"VAULX EN VELIN : L\u2019agenda des manifestations du 27 Ao\u00fbt au 2 Septembre 2018\",\"isPartOf\":{\"@id\":\"https:\/\/newsestlyonnais.fr\/site\/#website\"},\"primaryImageOfPage\":{\"@id\":\"https:\/\/newsestlyonnais.fr\/site\/2018\/08\/23\/vaulx-en-velin-lagenda-des-manifestations-du-27-aout-au-2-septembre-2018\/#primaryimage\"},\"image\":{\"@id\":\"https:\/\/newsestlyonnais.fr\/site\/2018\/08\/23\/vaulx-en-velin-lagenda-des-manifestations-du-27-aout-au-2-septembre-2018\/#primaryimage\"},\"thumbnailUrl\":\"https:\/\/newsestlyonnais.fr\/site\/wp-content\/uploads\/2017\/05\/NEWSESTLYONNAIS-PaNNEAU-VAULX-.jpg\",\"datePublished\":\"2018-08-23T10:24:42+00:00\",\"dateModified\":\"2018-09-02T16:31:51+00:00\",\"description\":\"VAULX EN VELIN : L\u2019agenda des manifestations du 27 Ao\u00fbt au 2 Septembre 2018\",\"breadcrumb\":{\"@id\":\"https:\/\/newsestlyonnais.fr\/site\/2018\/08\/23\/vaulx-en-velin-lagenda-des-manifestations-du-27-aout-au-2-septembre-2018\/#breadcrumb\"},\"inLanguage\":\"fr-FR\",\"potentialAction\":[{\"@type\":\"ReadAction\",\"target\":[\"https:\/\/newsestlyonnais.fr\/site\/2018\/08\/23\/vaulx-en-velin-lagenda-des-manifestations-du-27-aout-au-2-septembre-2018\/\"]}]},{\"@type\":\"ImageObject\",\"inLanguage\":\"fr-FR\",\"@id\":\"https:\/\/newsestlyonnais.fr\/site\/2018\/08\/23\/vaulx-en-velin-lagenda-des-manifestations-du-27-aout-au-2-septembre-2018\/#primaryimage\",\"url\":\"https:\/\/newsestlyonnais.fr\/site\/wp-content\/uploads\/2017\/05\/NEWSESTLYONNAIS-PaNNEAU-VAULX-.jpg\",\"contentUrl\":\"https:\/\/newsestlyonnais.fr\/site\/wp-content\/uploads\/2017\/05\/NEWSESTLYONNAIS-PaNNEAU-VAULX-.jpg\",\"width\":1000,\"height\":750,\"caption\":\"NEWSESTLYONNAIS - PaNNEAU VAULX\"},{\"@type\":\"BreadcrumbList\",\"@id\":\"https:\/\/newsestlyonnais.fr\/site\/2018\/08\/23\/vaulx-en-velin-lagenda-des-manifestations-du-27-aout-au-2-septembre-2018\/#breadcrumb\",\"itemListElement\":[{\"@type\":\"ListItem\",\"position\":1,\"name\":\"Accueil\",\"item\":\"https:\/\/newsestlyonnais.fr\/site\/\"},{\"@type\":\"ListItem\",\"position\":2,\"name\":\"VAULX EN VELIN : L\u2019agenda des manifestations du 27 Ao\u00fbt au 2 Septembre 2018\"}]},{\"@type\":\"WebSite\",\"@id\":\"https:\/\/newsestlyonnais.fr\/site\/#website\",\"url\":\"https:\/\/newsestlyonnais.fr\/site\/\",\"name\":\"News Est Lyonnais\",\"description\":\"L&#039;actualit\u00e9 au plus pr\u00e8s\",\"publisher\":{\"@id\":\"https:\/\/newsestlyonnais.fr\/site\/#organization\"},\"potentialAction\":[{\"@type\":\"SearchAction\",\"target\":{\"@type\":\"EntryPoint\",\"urlTemplate\":\"https:\/\/newsestlyonnais.fr\/site\/?s={search_term_string}\"},\"query-input\":{\"@type\":\"PropertyValueSpecification\",\"valueRequired\":true,\"valueName\":\"search_term_string\"}}],\"inLanguage\":\"fr-FR\"},{\"@type\":\"Organization\",\"@id\":\"https:\/\/newsestlyonnais.fr\/site\/#organization\",\"name\":\"News EST LYONNAIS\",\"url\":\"https:\/\/newsestlyonnais.fr\/site\/\",\"logo\":{\"@type\":\"ImageObject\",\"inLanguage\":\"fr-FR\",\"@id\":\"https:\/\/newsestlyonnais.fr\/site\/#\/schema\/logo\/image\/\",\"url\":\"\",\"contentUrl\":\"\",\"caption\":\"News EST LYONNAIS\"},\"image\":{\"@id\":\"https:\/\/newsestlyonnais.fr\/site\/#\/schema\/logo\/image\/\"}},{\"@type\":\"Person\",\"@id\":\"https:\/\/newsestlyonnais.fr\/site\/#\/schema\/person\/3230d5615f390bb808365d673001e887\",\"name\":\"R\u00e9dac. NEWS\",\"sameAs\":[\"http:\/\/www.newsestlyonnais.fr\",\"https:\/\/www.facebook.com\/pascal.oberson.1?fref=ts\",\"https:\/\/fr.linkedin.com\/in\/pascal-oberson-b17045113\"],\"url\":\"https:\/\/newsestlyonnais.fr\/site\/author\/nel\/\"}]}<\/script>\n<!-- \/ Yoast SEO plugin. -->","yoast_head_json":{"title":"VAULX EN VELIN : L\u2019agenda des manifestations du 27 Ao\u00fbt au 2 Septembre 2018","description":"VAULX EN VELIN : L\u2019agenda des manifestations du 27 Ao\u00fbt au 2 Septembre 2018","robots":{"index":"index","follow":"follow","max-snippet":"max-snippet:-1","max-image-preview":"max-image-preview:large","max-video-preview":"max-video-preview:-1"},"canonical":"https:\/\/newsestlyonnais.fr\/site\/2018\/08\/23\/vaulx-en-velin-lagenda-des-manifestations-du-27-aout-au-2-septembre-2018\/","og_locale":"fr_FR","og_type":"article","og_title":"VAULX EN VELIN : L\u2019agenda des manifestations du 27 Ao\u00fbt au 2 Septembre 2018","og_description":"VAULX EN VELIN : L\u2019agenda des manifestations du 27 Ao\u00fbt au 2 Septembre 2018","og_url":"https:\/\/newsestlyonnais.fr\/site\/2018\/08\/23\/vaulx-en-velin-lagenda-des-manifestations-du-27-aout-au-2-septembre-2018\/","og_site_name":"News Est Lyonnais","article_author":"https:\/\/www.facebook.com\/pascal.oberson.1?fref=ts","article_published_time":"2018-08-23T10:24:42+00:00","article_modified_time":"2018-09-02T16:31:51+00:00","og_image":[{"width":1000,"height":750,"url":"https:\/\/i1.wp.com\/newsestlyonnais.fr\/site\/wp-content\/uploads\/2017\/05\/NEWSESTLYONNAIS-PaNNEAU-VAULX-.jpg?fit=1000%2C750&ssl=1","type":"image\/jpeg"}],"author":"R\u00e9dac. NEWS","twitter_card":"summary_large_image","twitter_misc":{"\u00c9crit par":"R\u00e9dac. NEWS","Dur\u00e9e de lecture estim\u00e9e":"3 minutes"},"schema":{"@context":"https:\/\/schema.org","@graph":[{"@type":"Article","@id":"https:\/\/newsestlyonnais.fr\/site\/2018\/08\/23\/vaulx-en-velin-lagenda-des-manifestations-du-27-aout-au-2-septembre-2018\/#article","isPartOf":{"@id":"https:\/\/newsestlyonnais.fr\/site\/2018\/08\/23\/vaulx-en-velin-lagenda-des-manifestations-du-27-aout-au-2-septembre-2018\/"},"author":{"name":"R\u00e9dac. NEWS","@id":"https:\/\/newsestlyonnais.fr\/site\/#\/schema\/person\/3230d5615f390bb808365d673001e887"},"headline":"VAULX EN VELIN : L\u2019agenda des manifestations du 27 Ao\u00fbt au 2 Septembre 2018","datePublished":"2018-08-23T10:24:42+00:00","dateModified":"2018-09-02T16:31:51+00:00","mainEntityOfPage":{"@id":"https:\/\/newsestlyonnais.fr\/site\/2018\/08\/23\/vaulx-en-velin-lagenda-des-manifestations-du-27-aout-au-2-septembre-2018\/"},"wordCount":547,"commentCount":0,"publisher":{"@id":"https:\/\/newsestlyonnais.fr\/site\/#organization"},"image":{"@id":"https:\/\/newsestlyonnais.fr\/site\/2018\/08\/23\/vaulx-en-velin-lagenda-des-manifestations-du-27-aout-au-2-septembre-2018\/#primaryimage"},"thumbnailUrl":"https:\/\/newsestlyonnais.fr\/site\/wp-content\/uploads\/2017\/05\/NEWSESTLYONNAIS-PaNNEAU-VAULX-.jpg","articleSection":["\u00e0 la une","Vaulx-en-Velin"],"inLanguage":"fr-FR","potentialAction":[{"@type":"CommentAction","name":"Comment","target":["https:\/\/newsestlyonnais.fr\/site\/2018\/08\/23\/vaulx-en-velin-lagenda-des-manifestations-du-27-aout-au-2-septembre-2018\/#respond"]}]},{"@type":"WebPage","@id":"https:\/\/newsestlyonnais.fr\/site\/2018\/08\/23\/vaulx-en-velin-lagenda-des-manifestations-du-27-aout-au-2-septembre-2018\/","url":"https:\/\/newsestlyonnais.fr\/site\/2018\/08\/23\/vaulx-en-velin-lagenda-des-manifestations-du-27-aout-au-2-septembre-2018\/","name":"VAULX EN VELIN : L\u2019agenda des manifestations du 27 Ao\u00fbt au 2 Septembre 2018","isPartOf":{"@id":"https:\/\/newsestlyonnais.fr\/site\/#website"},"primaryImageOfPage":{"@id":"https:\/\/newsestlyonnais.fr\/site\/2018\/08\/23\/vaulx-en-velin-lagenda-des-manifestations-du-27-aout-au-2-septembre-2018\/#primaryimage"},"image":{"@id":"https:\/\/newsestlyonnais.fr\/site\/2018\/08\/23\/vaulx-en-velin-lagenda-des-manifestations-du-27-aout-au-2-septembre-2018\/#primaryimage"},"thumbnailUrl":"https:\/\/newsestlyonnais.fr\/site\/wp-content\/uploads\/2017\/05\/NEWSESTLYONNAIS-PaNNEAU-VAULX-.jpg","datePublished":"2018-08-23T10:24:42+00:00","dateModified":"2018-09-02T16:31:51+00:00","description":"VAULX EN VELIN : L\u2019agenda des manifestations du 27 Ao\u00fbt au 2 Septembre 2018","breadcrumb":{"@id":"https:\/\/newsestlyonnais.fr\/site\/2018\/08\/23\/vaulx-en-velin-lagenda-des-manifestations-du-27-aout-au-2-septembre-2018\/#breadcrumb"},"inLanguage":"fr-FR","potentialAction":[{"@type":"ReadAction","target":["https:\/\/newsestlyonnais.fr\/site\/2018\/08\/23\/vaulx-en-velin-lagenda-des-manifestations-du-27-aout-au-2-septembre-2018\/"]}]},{"@type":"ImageObject","inLanguage":"fr-FR","@id":"https:\/\/newsestlyonnais.fr\/site\/2018\/08\/23\/vaulx-en-velin-lagenda-des-manifestations-du-27-aout-au-2-septembre-2018\/#primaryimage","url":"https:\/\/newsestlyonnais.fr\/site\/wp-content\/uploads\/2017\/05\/NEWSESTLYONNAIS-PaNNEAU-VAULX-.jpg","contentUrl":"https:\/\/newsestlyonnais.fr\/site\/wp-content\/uploads\/2017\/05\/NEWSESTLYONNAIS-PaNNEAU-VAULX-.jpg","width":1000,"height":750,"caption":"NEWSESTLYONNAIS - PaNNEAU VAULX"},{"@type":"BreadcrumbList","@id":"https:\/\/newsestlyonnais.fr\/site\/2018\/08\/23\/vaulx-en-velin-lagenda-des-manifestations-du-27-aout-au-2-septembre-2018\/#breadcrumb","itemListElement":[{"@type":"ListItem","position":1,"name":"Accueil","item":"https:\/\/newsestlyonnais.fr\/site\/"},{"@type":"ListItem","position":2,"name":"VAULX EN VELIN : L\u2019agenda des manifestations du 27 Ao\u00fbt au 2 Septembre 2018"}]},{"@type":"WebSite","@id":"https:\/\/newsestlyonnais.fr\/site\/#website","url":"https:\/\/newsestlyonnais.fr\/site\/","name":"News Est Lyonnais","description":"L&#039;actualit\u00e9 au plus pr\u00e8s","publisher":{"@id":"https:\/\/newsestlyonnais.fr\/site\/#organization"},"potentialAction":[{"@type":"SearchAction","target":{"@type":"EntryPoint","urlTemplate":"https:\/\/newsestlyonnais.fr\/site\/?s={search_term_string}"},"query-input":{"@type":"PropertyValueSpecification","valueRequired":true,"valueName":"search_term_string"}}],"inLanguage":"fr-FR"},{"@type":"Organization","@id":"https:\/\/newsestlyonnais.fr\/site\/#organization","name":"News EST LYONNAIS","url":"https:\/\/newsestlyonnais.fr\/site\/","logo":{"@type":"ImageObject","inLanguage":"fr-FR","@id":"https:\/\/newsestlyonnais.fr\/site\/#\/schema\/logo\/image\/","url":"","contentUrl":"","caption":"News EST LYONNAIS"},"image":{"@id":"https:\/\/newsestlyonnais.fr\/site\/#\/schema\/logo\/image\/"}},{"@type":"Person","@id":"https:\/\/newsestlyonnais.fr\/site\/#\/schema\/person\/3230d5615f390bb808365d673001e887","name":"R\u00e9dac. NEWS","sameAs":["http:\/\/www.newsestlyonnais.fr","https:\/\/www.facebook.com\/pascal.oberson.1?fref=ts","https:\/\/fr.linkedin.com\/in\/pascal-oberson-b17045113"],"url":"https:\/\/newsestlyonnais.fr\/site\/author\/nel\/"}]}},"_links":{"self":[{"href":"https:\/\/newsestlyonnais.fr\/site\/wp-json\/wp\/v2\/posts\/55434","targetHints":{"allow":["GET"]}}],"collection":[{"href":"https:\/\/newsestlyonnais.fr\/site\/wp-json\/wp\/v2\/posts"}],"about":[{"href":"https:\/\/newsestlyonnais.fr\/site\/wp-json\/wp\/v2\/types\/post"}],"author":[{"embeddable":true,"href":"https:\/\/newsestlyonnais.fr\/site\/wp-json\/wp\/v2\/users\/4"}],"replies":[{"embeddable":true,"href":"https:\/\/newsestlyonnais.fr\/site\/wp-json\/wp\/v2\/comments?post=55434"}],"version-history":[{"count":0,"href":"https:\/\/newsestlyonnais.fr\/site\/wp-json\/wp\/v2\/posts\/55434\/revisions"}],"wp:featuredmedia":[{"embeddable":true,"href":"https:\/\/newsestlyonnais.fr\/site\/wp-json\/wp\/v2\/media\/25509"}],"wp:attachment":[{"href":"https:\/\/newsestlyonnais.fr\/site\/wp-json\/wp\/v2\/media?parent=55434"}],"wp:term":[{"taxonomy":"category","embeddable":true,"href":"https:\/\/newsestlyonnais.fr\/site\/wp-json\/wp\/v2\/categories?post=55434"},{"taxonomy":"post_tag","embeddable":true,"href":"https:\/\/newsestlyonnais.fr\/site\/wp-json\/wp\/v2\/tags?post=55434"}],"curies":[{"name":"wp","href":"https:\/\/api.w.org\/{rel}","templated":true}]}}