{"id":55617,"date":"2018-08-29T13:56:45","date_gmt":"2018-08-29T12:56:45","guid":{"rendered":"http:\/\/newsestlyonnais.fr\/site\/?p=55617"},"modified":"2020-11-16T11:40:01","modified_gmt":"2020-11-16T10:40:01","slug":"mions-les-prochaines-manifestations-sur-la-commune-2","status":"publish","type":"post","link":"https:\/\/newsestlyonnais.fr\/site\/2018\/08\/29\/mions-les-prochaines-manifestations-sur-la-commune-2\/","title":{"rendered":"MIONS | Les prochaines manifestations sur la commune"},"content":{"rendered":"<h4>Nombreux sont les \u00e9v\u00e8nements et manifestations qui se d\u00e9rouleront dans les prochaines semaines sur la commune, \u00e0 savoir :<\/h4>\n<ul>\n<li><strong>Vendredi 31 Ao\u00fbt 2018 \u00e0 19 h<\/strong> : <span style=\"text-decoration: underline\">Inauguration stade de rugby<\/span> Jean Roug\u00e9 (Route de Corbas).<\/li>\n<li><strong>Samedi 1\u00b0 Septembre 2018 \u00e0 14 h 30<\/strong> : <span style=\"text-decoration: underline\">Inauguration stade foot<\/span> Sonny Anderson (Stade des Tilleuls) &amp; <strong>\u00e0 19 h 30<\/strong> : <span style=\"text-decoration: underline\">Concert Jazz Manouche<\/span> (Place de la Mairie).<\/li>\n<li><strong>Jeudi 6 Septembre 2018 \u00e0 19 heures<\/strong> : Conseil Municipal (H\u00f4tel de Ville, salle Simone Veil).<\/li>\n<li><strong>Samedi 8 Septembre<\/strong> <strong>2018<\/strong> <strong>de 10 h \u00e0 18 h<\/strong> : <span style=\"text-decoration: underline\">Forum des Associations<\/span> \/ Faites du Sport (Espace Convergence) &amp; <strong>\u00e0 10 h<\/strong> : <span style=\"text-decoration: underline\">C\u00e9r\u00e9monie d&rsquo;accueil des nouveaux arrivants<\/span> (Centre de loisirs).<\/li>\n<li><strong>Jeudi 13 Septembre 2018<\/strong> : <span style=\"text-decoration: underline\">Concours de boules de la Boule Joyeuse<\/span> (Espace P. Tardy).<\/li>\n<li><strong>Vendredi 14 Septembre 2018<\/strong> : <span style=\"text-decoration: underline\">Saison Culturelle<\/span> . Ensemble Vocal de Lyon. (Centre Culturel).<\/li>\n<li><strong>Samedi 15 Septembre 2018<\/strong> : <span style=\"text-decoration: underline\">Balade \u00e0 v\u00e9lo <strong>\u00e0 9 h<\/strong> &amp; Inauguration Voie Verte <strong>\u00e0 11 heures<\/strong><\/span>. &amp; <strong>\u00e0 14 h 30<\/strong> : <span style=\"text-decoration: underline\">Journ\u00e9es Europ\u00e9ennes du Patrimoine<\/span> : visite guid\u00e9e de quelques \u00e9l\u00e9ments du patrimoine de Mions (Halle Louis Miachon) &amp; <span style=\"font-family: trebuchet ms,arial,helvetica\">exposition sur le th\u00e8me du partage (M\u00e9diath\u00e8que Jacques Pr\u00e9vert).\u00a0<\/span><\/li>\n<\/ul>\n<h4><strong>L\u2019ACTU de la commune de Mions est \u00e0 retrouver sur : <a href=\"http:\/\/www.mions.fr\" target=\"_blank\" rel=\"noopener noreferrer\">http:\/\/www.mions.fr<\/a><\/strong><\/h4>\n<div id='gallery-1' class='gallery galleryid-55617 gallery-columns-3 gallery-size-thumbnail'><figure class='gallery-item'>\n\t\t\t<div class='gallery-icon portrait'>\n\t\t\t\t<a href='https:\/\/newsestlyonnais.fr\/site\/newsestlyonnais-forum-assoc-mions-2018\/'><img loading=\"lazy\" decoding=\"async\" width=\"150\" height=\"150\" src=\"https:\/\/newsestlyonnais.fr\/site\/wp-content\/uploads\/2018\/07\/NEWSESTLYONNAIS-FORUM-ASSOC-MIONS-2018-150x150.jpg\" class=\"attachment-thumbnail size-thumbnail\" alt=\"NEWSESTLYONNAIS FORUM ASSOC MIONS 2018\" aria-describedby=\"gallery-1-54500\" \/><\/a>\n\t\t\t<\/div>\n\t\t\t\t<figcaption class='wp-caption-text gallery-caption' id='gallery-1-54500'>\n\t\t\t\tForum des Associations S \n\t\t\t\t<\/figcaption><\/figure><figure class='gallery-item'>\n\t\t\t<div class='gallery-icon portrait'>\n\t\t\t\t<a href='https:\/\/newsestlyonnais.fr\/site\/2018\/08\/29\/mions-les-prochaines-manifestations-sur-la-commune-2\/newsestlyonnais-gipsy-jazz\/'><img loading=\"lazy\" decoding=\"async\" width=\"150\" height=\"150\" src=\"https:\/\/newsestlyonnais.fr\/site\/wp-content\/uploads\/2018\/08\/NEWSESTLYONNAIS.-GIPSY-JAZZ-150x150.jpg\" class=\"attachment-thumbnail size-thumbnail\" alt=\"NEWSESTLYONNAIS. GIPSY JAZZ\" aria-describedby=\"gallery-1-55637\" \/><\/a>\n\t\t\t<\/div>\n\t\t\t\t<figcaption class='wp-caption-text gallery-caption' id='gallery-1-55637'>\n\t\t\t\tSoir\u00e9e Jazz Manouche\n\t\t\t\t<\/figcaption><\/figure>\n\t\t<\/div>\n\n<p>&nbsp;<\/p>\n","protected":false},"excerpt":{"rendered":"<p>Nombreux sont les \u00e9v\u00e8nements et manifestations qui se d\u00e9rouleront dans les prochaines semaines sur la commune, \u00e0 savoir : Vendredi 31 Ao\u00fbt 2018 \u00e0 19 h : Inauguration stade de rugby Jean Roug\u00e9 (Route de Corbas). Samedi 1\u00b0 Septembre 2018 \u00e0 14 h 30 : Inauguration stade foot Sonny Anderson (Stade des Tilleuls) &amp; \u00e0 [&hellip;]<\/p>\n","protected":false},"author":4,"featured_media":52365,"comment_status":"open","ping_status":"open","sticky":false,"template":"","format":"standard","meta":{"footnotes":""},"categories":[1286,3006,2],"tags":[],"class_list":["post-55617","post","type-post","status-publish","format-standard","has-post-thumbnail","hentry","category-mions","category-musique-danse-humour","category-sports"],"yoast_head":"<!-- This site is optimized with the Yoast SEO plugin v27.2 - https:\/\/yoast.com\/product\/yoast-seo-wordpress\/ -->\n<title>MIONS : Les prochaines manifestations pr\u00e9vues sur la commune<\/title>\n<meta name=\"description\" content=\"MIONS : Les prochaines manifestations pr\u00e9vues sur la commune\" \/>\n<meta name=\"robots\" content=\"index, follow, max-snippet:-1, max-image-preview:large, max-video-preview:-1\" \/>\n<link rel=\"canonical\" href=\"https:\/\/newsestlyonnais.fr\/site\/2018\/08\/29\/mions-les-prochaines-manifestations-sur-la-commune-2\/\" \/>\n<meta property=\"og:locale\" content=\"fr_FR\" \/>\n<meta property=\"og:type\" content=\"article\" \/>\n<meta property=\"og:title\" content=\"MIONS : Les prochaines manifestations pr\u00e9vues sur la commune\" \/>\n<meta property=\"og:description\" content=\"MIONS : Les prochaines manifestations pr\u00e9vues sur la commune\" \/>\n<meta property=\"og:url\" content=\"https:\/\/newsestlyonnais.fr\/site\/2018\/08\/29\/mions-les-prochaines-manifestations-sur-la-commune-2\/\" \/>\n<meta property=\"og:site_name\" content=\"News Est Lyonnais\" \/>\n<meta property=\"article:author\" content=\"https:\/\/www.facebook.com\/pascal.oberson.1?fref=ts\" \/>\n<meta property=\"article:published_time\" content=\"2018-08-29T12:56:45+00:00\" \/>\n<meta property=\"article:modified_time\" content=\"2020-11-16T10:40:01+00:00\" \/>\n<meta property=\"og:image\" content=\"https:\/\/i0.wp.com\/newsestlyonnais.fr\/site\/wp-content\/uploads\/2018\/06\/NEWSESTLYONNAIS-PANNEAU-MIONS-e1571221648419.jpg?fit=1200%2C900&ssl=1\" \/>\n\t<meta property=\"og:image:width\" content=\"1200\" \/>\n\t<meta property=\"og:image:height\" content=\"900\" \/>\n\t<meta property=\"og:image:type\" content=\"image\/jpeg\" \/>\n<meta name=\"author\" content=\"R\u00e9dac. NEWS\" \/>\n<meta name=\"twitter:card\" content=\"summary_large_image\" \/>\n<meta name=\"twitter:label1\" content=\"\u00c9crit par\" \/>\n\t<meta name=\"twitter:data1\" content=\"R\u00e9dac. NEWS\" \/>\n\t<meta name=\"twitter:label2\" content=\"Dur\u00e9e de lecture estim\u00e9e\" \/>\n\t<meta name=\"twitter:data2\" content=\"1 minute\" \/>\n<script type=\"application\/ld+json\" class=\"yoast-schema-graph\">{\"@context\":\"https:\/\/schema.org\",\"@graph\":[{\"@type\":\"Article\",\"@id\":\"https:\/\/newsestlyonnais.fr\/site\/2018\/08\/29\/mions-les-prochaines-manifestations-sur-la-commune-2\/#article\",\"isPartOf\":{\"@id\":\"https:\/\/newsestlyonnais.fr\/site\/2018\/08\/29\/mions-les-prochaines-manifestations-sur-la-commune-2\/\"},\"author\":{\"name\":\"R\u00e9dac. NEWS\",\"@id\":\"https:\/\/newsestlyonnais.fr\/site\/#\/schema\/person\/3230d5615f390bb808365d673001e887\"},\"headline\":\"MIONS | Les prochaines manifestations sur la commune\",\"datePublished\":\"2018-08-29T12:56:45+00:00\",\"dateModified\":\"2020-11-16T10:40:01+00:00\",\"mainEntityOfPage\":{\"@id\":\"https:\/\/newsestlyonnais.fr\/site\/2018\/08\/29\/mions-les-prochaines-manifestations-sur-la-commune-2\/\"},\"wordCount\":185,\"commentCount\":0,\"publisher\":{\"@id\":\"https:\/\/newsestlyonnais.fr\/site\/#organization\"},\"image\":{\"@id\":\"https:\/\/newsestlyonnais.fr\/site\/2018\/08\/29\/mions-les-prochaines-manifestations-sur-la-commune-2\/#primaryimage\"},\"thumbnailUrl\":\"https:\/\/newsestlyonnais.fr\/site\/wp-content\/uploads\/2018\/06\/NEWSESTLYONNAIS-PANNEAU-MIONS-e1571221648419.jpg\",\"articleSection\":[\"Mions\",\"Musique | Danse | Humour\",\"Sports\"],\"inLanguage\":\"fr-FR\",\"potentialAction\":[{\"@type\":\"CommentAction\",\"name\":\"Comment\",\"target\":[\"https:\/\/newsestlyonnais.fr\/site\/2018\/08\/29\/mions-les-prochaines-manifestations-sur-la-commune-2\/#respond\"]}]},{\"@type\":\"WebPage\",\"@id\":\"https:\/\/newsestlyonnais.fr\/site\/2018\/08\/29\/mions-les-prochaines-manifestations-sur-la-commune-2\/\",\"url\":\"https:\/\/newsestlyonnais.fr\/site\/2018\/08\/29\/mions-les-prochaines-manifestations-sur-la-commune-2\/\",\"name\":\"MIONS : Les prochaines manifestations pr\u00e9vues sur la commune\",\"isPartOf\":{\"@id\":\"https:\/\/newsestlyonnais.fr\/site\/#website\"},\"primaryImageOfPage\":{\"@id\":\"https:\/\/newsestlyonnais.fr\/site\/2018\/08\/29\/mions-les-prochaines-manifestations-sur-la-commune-2\/#primaryimage\"},\"image\":{\"@id\":\"https:\/\/newsestlyonnais.fr\/site\/2018\/08\/29\/mions-les-prochaines-manifestations-sur-la-commune-2\/#primaryimage\"},\"thumbnailUrl\":\"https:\/\/newsestlyonnais.fr\/site\/wp-content\/uploads\/2018\/06\/NEWSESTLYONNAIS-PANNEAU-MIONS-e1571221648419.jpg\",\"datePublished\":\"2018-08-29T12:56:45+00:00\",\"dateModified\":\"2020-11-16T10:40:01+00:00\",\"description\":\"MIONS : Les prochaines manifestations pr\u00e9vues sur la commune\",\"breadcrumb\":{\"@id\":\"https:\/\/newsestlyonnais.fr\/site\/2018\/08\/29\/mions-les-prochaines-manifestations-sur-la-commune-2\/#breadcrumb\"},\"inLanguage\":\"fr-FR\",\"potentialAction\":[{\"@type\":\"ReadAction\",\"target\":[\"https:\/\/newsestlyonnais.fr\/site\/2018\/08\/29\/mions-les-prochaines-manifestations-sur-la-commune-2\/\"]}]},{\"@type\":\"ImageObject\",\"inLanguage\":\"fr-FR\",\"@id\":\"https:\/\/newsestlyonnais.fr\/site\/2018\/08\/29\/mions-les-prochaines-manifestations-sur-la-commune-2\/#primaryimage\",\"url\":\"https:\/\/newsestlyonnais.fr\/site\/wp-content\/uploads\/2018\/06\/NEWSESTLYONNAIS-PANNEAU-MIONS-e1571221648419.jpg\",\"contentUrl\":\"https:\/\/newsestlyonnais.fr\/site\/wp-content\/uploads\/2018\/06\/NEWSESTLYONNAIS-PANNEAU-MIONS-e1571221648419.jpg\",\"width\":1200,\"height\":900,\"caption\":\"NEWSESTLYONNAIS PANNEAU MIONS\"},{\"@type\":\"BreadcrumbList\",\"@id\":\"https:\/\/newsestlyonnais.fr\/site\/2018\/08\/29\/mions-les-prochaines-manifestations-sur-la-commune-2\/#breadcrumb\",\"itemListElement\":[{\"@type\":\"ListItem\",\"position\":1,\"name\":\"Accueil\",\"item\":\"https:\/\/newsestlyonnais.fr\/site\/\"},{\"@type\":\"ListItem\",\"position\":2,\"name\":\"MIONS | Les prochaines manifestations sur la commune\"}]},{\"@type\":\"WebSite\",\"@id\":\"https:\/\/newsestlyonnais.fr\/site\/#website\",\"url\":\"https:\/\/newsestlyonnais.fr\/site\/\",\"name\":\"News Est Lyonnais\",\"description\":\"L&#039;actualit\u00e9 au plus pr\u00e8s\",\"publisher\":{\"@id\":\"https:\/\/newsestlyonnais.fr\/site\/#organization\"},\"potentialAction\":[{\"@type\":\"SearchAction\",\"target\":{\"@type\":\"EntryPoint\",\"urlTemplate\":\"https:\/\/newsestlyonnais.fr\/site\/?s={search_term_string}\"},\"query-input\":{\"@type\":\"PropertyValueSpecification\",\"valueRequired\":true,\"valueName\":\"search_term_string\"}}],\"inLanguage\":\"fr-FR\"},{\"@type\":\"Organization\",\"@id\":\"https:\/\/newsestlyonnais.fr\/site\/#organization\",\"name\":\"News EST LYONNAIS\",\"url\":\"https:\/\/newsestlyonnais.fr\/site\/\",\"logo\":{\"@type\":\"ImageObject\",\"inLanguage\":\"fr-FR\",\"@id\":\"https:\/\/newsestlyonnais.fr\/site\/#\/schema\/logo\/image\/\",\"url\":\"\",\"contentUrl\":\"\",\"caption\":\"News EST LYONNAIS\"},\"image\":{\"@id\":\"https:\/\/newsestlyonnais.fr\/site\/#\/schema\/logo\/image\/\"}},{\"@type\":\"Person\",\"@id\":\"https:\/\/newsestlyonnais.fr\/site\/#\/schema\/person\/3230d5615f390bb808365d673001e887\",\"name\":\"R\u00e9dac. NEWS\",\"sameAs\":[\"http:\/\/www.newsestlyonnais.fr\",\"https:\/\/www.facebook.com\/pascal.oberson.1?fref=ts\",\"https:\/\/fr.linkedin.com\/in\/pascal-oberson-b17045113\"],\"url\":\"https:\/\/newsestlyonnais.fr\/site\/author\/nel\/\"}]}<\/script>\n<!-- \/ Yoast SEO plugin. -->","yoast_head_json":{"title":"MIONS : Les prochaines manifestations pr\u00e9vues sur la commune","description":"MIONS : Les prochaines manifestations pr\u00e9vues sur la commune","robots":{"index":"index","follow":"follow","max-snippet":"max-snippet:-1","max-image-preview":"max-image-preview:large","max-video-preview":"max-video-preview:-1"},"canonical":"https:\/\/newsestlyonnais.fr\/site\/2018\/08\/29\/mions-les-prochaines-manifestations-sur-la-commune-2\/","og_locale":"fr_FR","og_type":"article","og_title":"MIONS : Les prochaines manifestations pr\u00e9vues sur la commune","og_description":"MIONS : Les prochaines manifestations pr\u00e9vues sur la commune","og_url":"https:\/\/newsestlyonnais.fr\/site\/2018\/08\/29\/mions-les-prochaines-manifestations-sur-la-commune-2\/","og_site_name":"News Est Lyonnais","article_author":"https:\/\/www.facebook.com\/pascal.oberson.1?fref=ts","article_published_time":"2018-08-29T12:56:45+00:00","article_modified_time":"2020-11-16T10:40:01+00:00","og_image":[{"width":1200,"height":900,"url":"https:\/\/i0.wp.com\/newsestlyonnais.fr\/site\/wp-content\/uploads\/2018\/06\/NEWSESTLYONNAIS-PANNEAU-MIONS-e1571221648419.jpg?fit=1200%2C900&ssl=1","type":"image\/jpeg"}],"author":"R\u00e9dac. NEWS","twitter_card":"summary_large_image","twitter_misc":{"\u00c9crit par":"R\u00e9dac. NEWS","Dur\u00e9e de lecture estim\u00e9e":"1 minute"},"schema":{"@context":"https:\/\/schema.org","@graph":[{"@type":"Article","@id":"https:\/\/newsestlyonnais.fr\/site\/2018\/08\/29\/mions-les-prochaines-manifestations-sur-la-commune-2\/#article","isPartOf":{"@id":"https:\/\/newsestlyonnais.fr\/site\/2018\/08\/29\/mions-les-prochaines-manifestations-sur-la-commune-2\/"},"author":{"name":"R\u00e9dac. NEWS","@id":"https:\/\/newsestlyonnais.fr\/site\/#\/schema\/person\/3230d5615f390bb808365d673001e887"},"headline":"MIONS | Les prochaines manifestations sur la commune","datePublished":"2018-08-29T12:56:45+00:00","dateModified":"2020-11-16T10:40:01+00:00","mainEntityOfPage":{"@id":"https:\/\/newsestlyonnais.fr\/site\/2018\/08\/29\/mions-les-prochaines-manifestations-sur-la-commune-2\/"},"wordCount":185,"commentCount":0,"publisher":{"@id":"https:\/\/newsestlyonnais.fr\/site\/#organization"},"image":{"@id":"https:\/\/newsestlyonnais.fr\/site\/2018\/08\/29\/mions-les-prochaines-manifestations-sur-la-commune-2\/#primaryimage"},"thumbnailUrl":"https:\/\/newsestlyonnais.fr\/site\/wp-content\/uploads\/2018\/06\/NEWSESTLYONNAIS-PANNEAU-MIONS-e1571221648419.jpg","articleSection":["Mions","Musique | Danse | Humour","Sports"],"inLanguage":"fr-FR","potentialAction":[{"@type":"CommentAction","name":"Comment","target":["https:\/\/newsestlyonnais.fr\/site\/2018\/08\/29\/mions-les-prochaines-manifestations-sur-la-commune-2\/#respond"]}]},{"@type":"WebPage","@id":"https:\/\/newsestlyonnais.fr\/site\/2018\/08\/29\/mions-les-prochaines-manifestations-sur-la-commune-2\/","url":"https:\/\/newsestlyonnais.fr\/site\/2018\/08\/29\/mions-les-prochaines-manifestations-sur-la-commune-2\/","name":"MIONS : Les prochaines manifestations pr\u00e9vues sur la commune","isPartOf":{"@id":"https:\/\/newsestlyonnais.fr\/site\/#website"},"primaryImageOfPage":{"@id":"https:\/\/newsestlyonnais.fr\/site\/2018\/08\/29\/mions-les-prochaines-manifestations-sur-la-commune-2\/#primaryimage"},"image":{"@id":"https:\/\/newsestlyonnais.fr\/site\/2018\/08\/29\/mions-les-prochaines-manifestations-sur-la-commune-2\/#primaryimage"},"thumbnailUrl":"https:\/\/newsestlyonnais.fr\/site\/wp-content\/uploads\/2018\/06\/NEWSESTLYONNAIS-PANNEAU-MIONS-e1571221648419.jpg","datePublished":"2018-08-29T12:56:45+00:00","dateModified":"2020-11-16T10:40:01+00:00","description":"MIONS : Les prochaines manifestations pr\u00e9vues sur la commune","breadcrumb":{"@id":"https:\/\/newsestlyonnais.fr\/site\/2018\/08\/29\/mions-les-prochaines-manifestations-sur-la-commune-2\/#breadcrumb"},"inLanguage":"fr-FR","potentialAction":[{"@type":"ReadAction","target":["https:\/\/newsestlyonnais.fr\/site\/2018\/08\/29\/mions-les-prochaines-manifestations-sur-la-commune-2\/"]}]},{"@type":"ImageObject","inLanguage":"fr-FR","@id":"https:\/\/newsestlyonnais.fr\/site\/2018\/08\/29\/mions-les-prochaines-manifestations-sur-la-commune-2\/#primaryimage","url":"https:\/\/newsestlyonnais.fr\/site\/wp-content\/uploads\/2018\/06\/NEWSESTLYONNAIS-PANNEAU-MIONS-e1571221648419.jpg","contentUrl":"https:\/\/newsestlyonnais.fr\/site\/wp-content\/uploads\/2018\/06\/NEWSESTLYONNAIS-PANNEAU-MIONS-e1571221648419.jpg","width":1200,"height":900,"caption":"NEWSESTLYONNAIS PANNEAU MIONS"},{"@type":"BreadcrumbList","@id":"https:\/\/newsestlyonnais.fr\/site\/2018\/08\/29\/mions-les-prochaines-manifestations-sur-la-commune-2\/#breadcrumb","itemListElement":[{"@type":"ListItem","position":1,"name":"Accueil","item":"https:\/\/newsestlyonnais.fr\/site\/"},{"@type":"ListItem","position":2,"name":"MIONS | Les prochaines manifestations sur la commune"}]},{"@type":"WebSite","@id":"https:\/\/newsestlyonnais.fr\/site\/#website","url":"https:\/\/newsestlyonnais.fr\/site\/","name":"News Est Lyonnais","description":"L&#039;actualit\u00e9 au plus pr\u00e8s","publisher":{"@id":"https:\/\/newsestlyonnais.fr\/site\/#organization"},"potentialAction":[{"@type":"SearchAction","target":{"@type":"EntryPoint","urlTemplate":"https:\/\/newsestlyonnais.fr\/site\/?s={search_term_string}"},"query-input":{"@type":"PropertyValueSpecification","valueRequired":true,"valueName":"search_term_string"}}],"inLanguage":"fr-FR"},{"@type":"Organization","@id":"https:\/\/newsestlyonnais.fr\/site\/#organization","name":"News EST LYONNAIS","url":"https:\/\/newsestlyonnais.fr\/site\/","logo":{"@type":"ImageObject","inLanguage":"fr-FR","@id":"https:\/\/newsestlyonnais.fr\/site\/#\/schema\/logo\/image\/","url":"","contentUrl":"","caption":"News EST LYONNAIS"},"image":{"@id":"https:\/\/newsestlyonnais.fr\/site\/#\/schema\/logo\/image\/"}},{"@type":"Person","@id":"https:\/\/newsestlyonnais.fr\/site\/#\/schema\/person\/3230d5615f390bb808365d673001e887","name":"R\u00e9dac. NEWS","sameAs":["http:\/\/www.newsestlyonnais.fr","https:\/\/www.facebook.com\/pascal.oberson.1?fref=ts","https:\/\/fr.linkedin.com\/in\/pascal-oberson-b17045113"],"url":"https:\/\/newsestlyonnais.fr\/site\/author\/nel\/"}]}},"_links":{"self":[{"href":"https:\/\/newsestlyonnais.fr\/site\/wp-json\/wp\/v2\/posts\/55617","targetHints":{"allow":["GET"]}}],"collection":[{"href":"https:\/\/newsestlyonnais.fr\/site\/wp-json\/wp\/v2\/posts"}],"about":[{"href":"https:\/\/newsestlyonnais.fr\/site\/wp-json\/wp\/v2\/types\/post"}],"author":[{"embeddable":true,"href":"https:\/\/newsestlyonnais.fr\/site\/wp-json\/wp\/v2\/users\/4"}],"replies":[{"embeddable":true,"href":"https:\/\/newsestlyonnais.fr\/site\/wp-json\/wp\/v2\/comments?post=55617"}],"version-history":[{"count":0,"href":"https:\/\/newsestlyonnais.fr\/site\/wp-json\/wp\/v2\/posts\/55617\/revisions"}],"wp:featuredmedia":[{"embeddable":true,"href":"https:\/\/newsestlyonnais.fr\/site\/wp-json\/wp\/v2\/media\/52365"}],"wp:attachment":[{"href":"https:\/\/newsestlyonnais.fr\/site\/wp-json\/wp\/v2\/media?parent=55617"}],"wp:term":[{"taxonomy":"category","embeddable":true,"href":"https:\/\/newsestlyonnais.fr\/site\/wp-json\/wp\/v2\/categories?post=55617"},{"taxonomy":"post_tag","embeddable":true,"href":"https:\/\/newsestlyonnais.fr\/site\/wp-json\/wp\/v2\/tags?post=55617"}],"curies":[{"name":"wp","href":"https:\/\/api.w.org\/{rel}","templated":true}]}}