{"id":55814,"date":"2018-08-31T08:10:45","date_gmt":"2018-08-31T07:10:45","guid":{"rendered":"http:\/\/newsestlyonnais.fr\/site\/?p=55814"},"modified":"2018-09-10T10:54:11","modified_gmt":"2018-09-10T09:54:11","slug":"vaulx-en-velin-lagenda-des-manifestations-jusquau-16-septembre-2018","status":"publish","type":"post","link":"https:\/\/newsestlyonnais.fr\/site\/2018\/08\/31\/vaulx-en-velin-lagenda-des-manifestations-jusquau-16-septembre-2018\/","title":{"rendered":"VAULX EN VELIN : L\u2019agenda des manifestations jusqu&rsquo;au 16 Septembre 2018"},"content":{"rendered":"<h4>Nombreux sont les \u00e9v\u00e8nements et manifestations qui se d\u00e9rouleront durant cette p\u00e9riode, sur la commune vaudaise, \u00e0 savoir :<\/h4>\n<ul>\n<li><span style=\"font-size: medium\"><span style=\"font-family: Arial, Helvetica, sans-serif\"><strong>Jusqu\u2019au 14 septembre 2018<\/strong><\/span><\/span> : <span style=\"text-decoration: underline\"><span style=\"font-size: medium\"><span style=\"font-family: Arial, Helvetica, sans-serif\">Appel \u00e0 candidatures : Cr\u00e9ation de 4 nouveaux sites pour 5 Food-Trucks<\/span><\/span><\/span>. <span style=\"font-size: medium\"><span style=\"font-size: medium\"><span style=\"font-family: Arial, Helvetica, sans-serif\">Commer\u00e7ants, vous avez jusqu\u2019\u00e0 cette date\u00a0 pour d\u00e9poser votre dossier aupr\u00e8s du service \u00c9conomie Emploi. La Ville a souhait\u00e9 cr\u00e9er de nouveaux emplacements de vente ambulante sur le domaine public, en compl\u00e9ment des deux existants (situ\u00e9s avenue Gabriel-P\u00e9ri et rue Louis-Saillant). Ces nouveaux emplacements de restauration, destin\u00e9s aux camions ambulants (ou food-trucks) viennent enrichir l&rsquo;offre alimentaire, redynamiser certains quartiers et apporter un nouveau service \u00e0 la population et aux usagers. Plus d&rsquo;infos sur : <a href=\"http:\/\/www.vaulx-en-velin.net\/economie-emploi\/actualites\/Appel-a-candidatures-creation-de-4-nouveaux-sites-pour-5-food-trucks\">http:\/\/www.vaulx-en-velin.net\/economie-emploi\/actualites\/Appel-a-candidatures-creation-de-4-nouveaux-sites-pour-5-food-trucks<\/a> ou au service \u00c9conomie Emploi : t\u00e9l. 04 72 04 78 02 \/ service.economique@mairie-vaulxenvelin.f<\/span><\/span><\/span><\/li>\n<li><strong>Samedi 8 septembre, de 11 h \u00e0 18 h<\/strong> : <span style=\"font-size: medium\"><span style=\"font-family: Arial, Helvetica, sans-serif\"><span style=\"text-decoration: underline\">FORUM ASSOS\u2019ACTIVES , 4\u00b0 Forum des Associations<\/span>. (Parc Elsa Triolet) &#8211; Entr\u00e9e libre, tout public.<\/span><\/span><span style=\"font-size: medium\"><span style=\"font-family: Arial, Helvetica, sans-serif\">Immanquable pour r\u00e9ussir sa rentr\u00e9e ! Au <\/span><\/span><span style=\"font-size: medium\"><span style=\"font-family: Arial, Helvetica, sans-serif\">programme : village associatif, animations, jeux, d\u00e9monstrations et restauration. Plus de 70 associations, actives sur tous les quartiers de la ville et sur de multiples th\u00e9matiques, vous donnent rendez-vous sur leurs stands pour vous pr\u00e9senter leurs activit\u00e9s et leurs b\u00e9n\u00e9voles. Diff\u00e9rents services municipaux seront \u00e9galement pr\u00e9sents pour informer. Programme sur : <a href=\"http:\/\/www.vaulx-en-velin.net\/vie-associative\/actualites\/Assos-Actives-4eme-Forum-des-Associations-Vaudaises-samedi-8-septembre-2018-parc-Elsa-Triolet\" target=\"_blank\" rel=\"noopener\">http:\/\/www.vaulx-en-velin.net\/vie-associative\/actualites\/Assos-Actives-4eme-Forum-des-Associations-Vaudaises-samedi-8-septembre-2018-parc-Elsa-Triolet<\/a> <\/span><\/span><\/li>\n<li><span style=\"font-size: medium\"><span style=\"font-family: Arial, Helvetica, sans-serif\"><strong>Du 14 au 22 septembre 2018<\/strong><\/span><\/span> : <span style=\"font-size: medium\"><span style=\"font-family: Arial, Helvetica, sans-serif\"><strong>ARTA\u2019SACRA : LE FESTIVAL D\u2019ARTS SACR\u00c9S. Sur r\u00e9servation et inscription. <\/strong><\/span><\/span><span style=\"font-size: medium\"><span style=\"font-family: Arial, Helvetica, sans-serif\">Avec pr\u00e8s de 1500 participants en 2017, la 1\u00b0 \u00e9dition d\u2019Arta\u2019Sacra a marqu\u00e9 les esprits.<\/span><\/span>\n<div align=\"justify\"><span style=\"font-size: medium\"><span style=\"font-family: Arial, Helvetica, sans-serif\">Fort de cet \u00e9lan, le collectif d&rsquo;organisation renouvelle cet \u00e9v\u00e9nement qui allie une recherche artistique exigeante et constante \u00e0 une d\u00e9marche citoyenne liant la diversit\u00e9, o\u00f9 respect, spiritualit\u00e9, art et culture s\u2019entrecroisent et se nourrissent.<br \/>\nAinsi, cette programmation, aussi \u00e9clectique que surprenante, est une invitation \u00e0 devenir acteurs du festival en participant aux ateliers organis\u00e9s aux quatre coins de Vaulx-en-Velin.<br \/>\nAu programme : concerts, spectacles, conf\u00e9rences, contes, ateliers, cin\u00e9ma, initiations (calligraphie, danse tahitienne). Programme et billetterie sur : <a href=\"http:\/\/www.vaulx-en-velin.net\/culture\/actualites\/ARTA-SACRA-LE-FESTIVAL-D-ARTS-SACRES-du-14-au-22-septembre-2018\" target=\"_blank\" rel=\"noopener\">http:\/\/www.vaulx-en-velin.net\/culture\/actualites\/ARTA-SACRA-LE-FESTIVAL-D-ARTS-SACRES-du-14-au-22-septembre-2018<\/a><\/span><\/span><\/div>\n<\/li>\n<li><span style=\"font-size: medium\"><span style=\"font-family: Arial, Helvetica, sans-serif\"><strong>Samedi 15 septembre, \u00e0 20 h : <\/strong><span style=\"text-decoration: underline\">Ouverture de la saison du Centre Culturel Communal Charlie Chaplin.<\/span> Gratuit, sur r\u00e9servation (avant le 13 septembre), tout public. Un rendez-vous pour d\u00e9couvrir la programmation de la saison 2018\/2019 et les exclusivit\u00e9s du centre culturel Charlie Chaplin. La soir\u00e9e sera suivie du spectacle musical \u00ab\u00a0Le Siffleur et son quatuor \u00e0 cordes\u00a0\u00bb de Fred Radix. R\u00e9servation indispensable (avant le 13 septembre)\u2028 au 04 72 04 81 18 ou accueil@centrecharliechaplin.com ou sur :<strong><a href=\"http:\/\/www.centrecharliechaplin.com\" target=\"_blank\" rel=\"noopener\">http:\/\/www.centrecharliechaplin.com<\/a><br \/>\n<\/strong><\/span><\/span><\/li>\n<li><strong><span style=\"font-size: medium\"><span style=\"font-family: Arial, Helvetica, sans-serif\">Samedi 15 et dimanche 16 septembre : <\/span><\/span><\/strong><span style=\"font-size: medium\"><span style=\"font-family: Arial, Helvetica, sans-serif\"><span style=\"text-decoration: underline\">Journ\u00e9es Europ\u00e9ennes du Patrimoine<\/span>. \u00ab\u00a0Le go\u00fbt en partage\u00a0\u00bb. (gratuit, sur toute la ville).Pour cette 35\u00b0 \u00e9dition des Journ\u00e9es Europ\u00e9ennes du Patrimoine, le th\u00e8me retenu sur la M\u00e9tropole de Lyon est \u00ab le go\u00fbt en partage \u00bb.<br \/>\nVaulx-en-Velin, terre de culture c\u00e9r\u00e9ali\u00e8re et mara\u00eech\u00e8re, capitale du cardon, a bien s\u00fbr toute sa place dans cette dynamique. Pour ces 2 journ\u00e9es patrimoniales, les d\u00e9clinaisons vaudaises sont multiples et diverses. Elles se retrouvent dans un programme riche et dense \u00e9labor\u00e9 par de nombreux partenaires locaux (associations, services publics, entreprises)<br \/>\nPartez \u00e0 la d\u00e9couverte de l&rsquo;histoire de Vaulx-en-Velin, pour un autre regard sur votre ville.<\/span><\/span><span style=\"font-size: medium\"><span style=\"font-family: Arial, Helvetica, sans-serif\">Programme complet sur <\/span><\/span><span style=\"font-size: medium\"><span style=\"font-family: Arial, Helvetica, sans-serif\">:<\/span><\/span><strong><span style=\"font-size: medium\"><span style=\"font-family: Arial, Helvetica, sans-serif\"><a href=\"http:\/\/v1.customailer.com\/web\/data\/usr00024\/files\/2018-09-15-programmeJEP_2018_web.pdf\" target=\"_blank\" rel=\"noopener\">http:\/\/v1.customailer.com\/web\/data\/usr00024\/files\/2018-09-15-programmeJEP_2018_web.pdf<\/a><br \/>\n<\/span><\/span><\/strong><\/li>\n<li><span style=\"font-size: medium\"><span style=\"font-family: Arial, Helvetica, sans-serif\"><strong>Dimanche 16 septembre<\/strong><\/span><\/span> : <span style=\"font-size: medium\"><span style=\"font-family: Arial, Helvetica, sans-serif\"><span style=\"text-decoration: underline\">25\u00b0 TRIATHLON DE VAULX-EN-VELIN<\/span>. (Grand Parc Miribel Jonage, plage du Fontanil). Sur inscription. <\/span><\/span><span style=\"font-size: medium\"><span style=\"font-family: Arial, Helvetica, sans-serif\">Au programme de ce d\u00e9fi sportif exceptionnel, trois cross : distance XS en individuel, distance XS par \u00e9quipe de 4 et jeunes VTT. Une \u00e9dition 2018 innovante puisque que vous pourrez tester le format d\u2019\u00e9preuve qui sera pr\u00e9sent aux JO de Tokyo en 2020 (en version VTT). I<\/span><\/span><span style=\"font-size: medium\"><span style=\"font-family: Arial, Helvetica, sans-serif\">nscriptions d\u2019ores et d\u00e9j\u00e0 ouvertes et se font uniquement en ligne \u00e0 l\u2019adresse suivante : <a href=\"https:\/\/trivaulxenvelin.webself.net\/inscriptions\" target=\"_blank\" rel=\"noopener\">https:\/\/trivaulxenvelin.webself.net\/inscriptions<\/a><\/span><\/span><\/li>\n<\/ul>\n<p><strong>Retrouvez l\u2019ACTU de la commune sur : <a href=\"http:\/\/www.vaulx-en-velin.net\" target=\"_blank\" rel=\"noopener\">http:\/\/www.vaulx-en-velin.net<\/a><\/strong><\/p>\n<div id='gallery-1' class='gallery galleryid-55814 gallery-columns-3 gallery-size-thumbnail'><figure class='gallery-item'>\n\t\t\t<div class='gallery-icon landscape'>\n\t\t\t\t<a href='https:\/\/newsestlyonnais.fr\/site\/2018\/08\/31\/vaulx-en-velin-lagenda-des-manifestations-jusquau-16-septembre-2018\/newsestlyonnais-arta-sacra-2018\/'><img loading=\"lazy\" decoding=\"async\" width=\"150\" height=\"150\" src=\"https:\/\/newsestlyonnais.fr\/site\/wp-content\/uploads\/2018\/09\/NEWSESTLYONNAIS-ARTA-SACRA-2018-150x150.jpg\" class=\"attachment-thumbnail size-thumbnail\" alt=\"NEWSESTLYONNAIS ARTA SACRA 2018\" aria-describedby=\"gallery-1-55830\" \/><\/a>\n\t\t\t<\/div>\n\t\t\t\t<figcaption class='wp-caption-text gallery-caption' id='gallery-1-55830'>\n\t\t\t\t      ARTA SACRA  \n\t\t\t\t<\/figcaption><\/figure><figure class='gallery-item'>\n\t\t\t<div class='gallery-icon portrait'>\n\t\t\t\t<a href='https:\/\/newsestlyonnais.fr\/site\/newsestlyonnais-tri-vaulx-2018\/'><img loading=\"lazy\" decoding=\"async\" width=\"150\" height=\"150\" src=\"https:\/\/newsestlyonnais.fr\/site\/wp-content\/uploads\/2018\/06\/NEWSESTLYONNAIS-TRI-VAULX-2018-150x150.jpg\" class=\"attachment-thumbnail size-thumbnail\" alt=\"NEWSESTLYONNAIS TRI VAULX 2018\" aria-describedby=\"gallery-1-52481\" \/><\/a>\n\t\t\t<\/div>\n\t\t\t\t<figcaption class='wp-caption-text gallery-caption' id='gallery-1-52481'>\n\t\t\t\t25\u00b0 TRIATHLON DE VAULX EN VELIN\n\t\t\t\t<\/figcaption><\/figure>\n\t\t<\/div>\n\n","protected":false},"excerpt":{"rendered":"<p>Nombreux sont les \u00e9v\u00e8nements et manifestations qui se d\u00e9rouleront durant cette p\u00e9riode, sur la commune vaudaise, \u00e0 savoir : Jusqu\u2019au 14 septembre 2018 : Appel \u00e0 candidatures : Cr\u00e9ation de 4 nouveaux sites pour 5 Food-Trucks. Commer\u00e7ants, vous avez jusqu\u2019\u00e0 cette date\u00a0 pour d\u00e9poser votre dossier aupr\u00e8s du service \u00c9conomie Emploi. La Ville a souhait\u00e9 [&hellip;]<\/p>\n","protected":false},"author":4,"featured_media":25509,"comment_status":"open","ping_status":"open","sticky":false,"template":"","format":"standard","meta":{"footnotes":""},"categories":[30,28],"tags":[],"class_list":["post-55814","post","type-post","status-publish","format-standard","has-post-thumbnail","hentry","category-a-la-une","category-vaulx-en-velin"],"yoast_head":"<!-- This site is optimized with the Yoast SEO plugin v27.2 - https:\/\/yoast.com\/product\/yoast-seo-wordpress\/ -->\n<title>VAULX EN VELIN : L\u2019agenda des manifestations jusqu&#039;au 16 Septembre 2018<\/title>\n<meta name=\"description\" content=\"VAULX EN VELIN : L\u2019agenda des manifestations jusqu&#039;au 16 Septembre 2018\" \/>\n<meta name=\"robots\" content=\"index, follow, max-snippet:-1, max-image-preview:large, max-video-preview:-1\" \/>\n<link rel=\"canonical\" href=\"https:\/\/newsestlyonnais.fr\/site\/2018\/08\/31\/vaulx-en-velin-lagenda-des-manifestations-jusquau-16-septembre-2018\/\" \/>\n<meta property=\"og:locale\" content=\"fr_FR\" \/>\n<meta property=\"og:type\" content=\"article\" \/>\n<meta property=\"og:title\" content=\"VAULX EN VELIN : L\u2019agenda des manifestations jusqu&#039;au 16 Septembre 2018\" \/>\n<meta property=\"og:description\" content=\"VAULX EN VELIN : L\u2019agenda des manifestations jusqu&#039;au 16 Septembre 2018\" \/>\n<meta property=\"og:url\" content=\"https:\/\/newsestlyonnais.fr\/site\/2018\/08\/31\/vaulx-en-velin-lagenda-des-manifestations-jusquau-16-septembre-2018\/\" \/>\n<meta property=\"og:site_name\" content=\"News Est Lyonnais\" \/>\n<meta property=\"article:author\" content=\"https:\/\/www.facebook.com\/pascal.oberson.1?fref=ts\" \/>\n<meta property=\"article:published_time\" content=\"2018-08-31T07:10:45+00:00\" \/>\n<meta property=\"article:modified_time\" content=\"2018-09-10T09:54:11+00:00\" \/>\n<meta property=\"og:image\" content=\"https:\/\/i1.wp.com\/newsestlyonnais.fr\/site\/wp-content\/uploads\/2017\/05\/NEWSESTLYONNAIS-PaNNEAU-VAULX-.jpg?fit=1000%2C750&ssl=1\" \/>\n\t<meta property=\"og:image:width\" content=\"1000\" \/>\n\t<meta property=\"og:image:height\" content=\"750\" \/>\n\t<meta property=\"og:image:type\" content=\"image\/jpeg\" \/>\n<meta name=\"author\" content=\"R\u00e9dac. NEWS\" \/>\n<meta name=\"twitter:card\" content=\"summary_large_image\" \/>\n<meta name=\"twitter:label1\" content=\"\u00c9crit par\" \/>\n\t<meta name=\"twitter:data1\" content=\"R\u00e9dac. NEWS\" \/>\n\t<meta name=\"twitter:label2\" content=\"Dur\u00e9e de lecture estim\u00e9e\" \/>\n\t<meta name=\"twitter:data2\" content=\"3 minutes\" \/>\n<script type=\"application\/ld+json\" class=\"yoast-schema-graph\">{\"@context\":\"https:\/\/schema.org\",\"@graph\":[{\"@type\":\"Article\",\"@id\":\"https:\/\/newsestlyonnais.fr\/site\/2018\/08\/31\/vaulx-en-velin-lagenda-des-manifestations-jusquau-16-septembre-2018\/#article\",\"isPartOf\":{\"@id\":\"https:\/\/newsestlyonnais.fr\/site\/2018\/08\/31\/vaulx-en-velin-lagenda-des-manifestations-jusquau-16-septembre-2018\/\"},\"author\":{\"name\":\"R\u00e9dac. NEWS\",\"@id\":\"https:\/\/newsestlyonnais.fr\/site\/#\/schema\/person\/3230d5615f390bb808365d673001e887\"},\"headline\":\"VAULX EN VELIN : L\u2019agenda des manifestations jusqu&rsquo;au 16 Septembre 2018\",\"datePublished\":\"2018-08-31T07:10:45+00:00\",\"dateModified\":\"2018-09-10T09:54:11+00:00\",\"mainEntityOfPage\":{\"@id\":\"https:\/\/newsestlyonnais.fr\/site\/2018\/08\/31\/vaulx-en-velin-lagenda-des-manifestations-jusquau-16-septembre-2018\/\"},\"wordCount\":666,\"commentCount\":0,\"publisher\":{\"@id\":\"https:\/\/newsestlyonnais.fr\/site\/#organization\"},\"image\":{\"@id\":\"https:\/\/newsestlyonnais.fr\/site\/2018\/08\/31\/vaulx-en-velin-lagenda-des-manifestations-jusquau-16-septembre-2018\/#primaryimage\"},\"thumbnailUrl\":\"https:\/\/newsestlyonnais.fr\/site\/wp-content\/uploads\/2017\/05\/NEWSESTLYONNAIS-PaNNEAU-VAULX-.jpg\",\"articleSection\":[\"\u00e0 la une\",\"Vaulx-en-Velin\"],\"inLanguage\":\"fr-FR\",\"potentialAction\":[{\"@type\":\"CommentAction\",\"name\":\"Comment\",\"target\":[\"https:\/\/newsestlyonnais.fr\/site\/2018\/08\/31\/vaulx-en-velin-lagenda-des-manifestations-jusquau-16-septembre-2018\/#respond\"]}]},{\"@type\":\"WebPage\",\"@id\":\"https:\/\/newsestlyonnais.fr\/site\/2018\/08\/31\/vaulx-en-velin-lagenda-des-manifestations-jusquau-16-septembre-2018\/\",\"url\":\"https:\/\/newsestlyonnais.fr\/site\/2018\/08\/31\/vaulx-en-velin-lagenda-des-manifestations-jusquau-16-septembre-2018\/\",\"name\":\"VAULX EN VELIN : L\u2019agenda des manifestations jusqu'au 16 Septembre 2018\",\"isPartOf\":{\"@id\":\"https:\/\/newsestlyonnais.fr\/site\/#website\"},\"primaryImageOfPage\":{\"@id\":\"https:\/\/newsestlyonnais.fr\/site\/2018\/08\/31\/vaulx-en-velin-lagenda-des-manifestations-jusquau-16-septembre-2018\/#primaryimage\"},\"image\":{\"@id\":\"https:\/\/newsestlyonnais.fr\/site\/2018\/08\/31\/vaulx-en-velin-lagenda-des-manifestations-jusquau-16-septembre-2018\/#primaryimage\"},\"thumbnailUrl\":\"https:\/\/newsestlyonnais.fr\/site\/wp-content\/uploads\/2017\/05\/NEWSESTLYONNAIS-PaNNEAU-VAULX-.jpg\",\"datePublished\":\"2018-08-31T07:10:45+00:00\",\"dateModified\":\"2018-09-10T09:54:11+00:00\",\"description\":\"VAULX EN VELIN : L\u2019agenda des manifestations jusqu'au 16 Septembre 2018\",\"breadcrumb\":{\"@id\":\"https:\/\/newsestlyonnais.fr\/site\/2018\/08\/31\/vaulx-en-velin-lagenda-des-manifestations-jusquau-16-septembre-2018\/#breadcrumb\"},\"inLanguage\":\"fr-FR\",\"potentialAction\":[{\"@type\":\"ReadAction\",\"target\":[\"https:\/\/newsestlyonnais.fr\/site\/2018\/08\/31\/vaulx-en-velin-lagenda-des-manifestations-jusquau-16-septembre-2018\/\"]}]},{\"@type\":\"ImageObject\",\"inLanguage\":\"fr-FR\",\"@id\":\"https:\/\/newsestlyonnais.fr\/site\/2018\/08\/31\/vaulx-en-velin-lagenda-des-manifestations-jusquau-16-septembre-2018\/#primaryimage\",\"url\":\"https:\/\/newsestlyonnais.fr\/site\/wp-content\/uploads\/2017\/05\/NEWSESTLYONNAIS-PaNNEAU-VAULX-.jpg\",\"contentUrl\":\"https:\/\/newsestlyonnais.fr\/site\/wp-content\/uploads\/2017\/05\/NEWSESTLYONNAIS-PaNNEAU-VAULX-.jpg\",\"width\":1000,\"height\":750,\"caption\":\"NEWSESTLYONNAIS - PaNNEAU VAULX\"},{\"@type\":\"BreadcrumbList\",\"@id\":\"https:\/\/newsestlyonnais.fr\/site\/2018\/08\/31\/vaulx-en-velin-lagenda-des-manifestations-jusquau-16-septembre-2018\/#breadcrumb\",\"itemListElement\":[{\"@type\":\"ListItem\",\"position\":1,\"name\":\"Accueil\",\"item\":\"https:\/\/newsestlyonnais.fr\/site\/\"},{\"@type\":\"ListItem\",\"position\":2,\"name\":\"VAULX EN VELIN : L\u2019agenda des manifestations jusqu&rsquo;au 16 Septembre 2018\"}]},{\"@type\":\"WebSite\",\"@id\":\"https:\/\/newsestlyonnais.fr\/site\/#website\",\"url\":\"https:\/\/newsestlyonnais.fr\/site\/\",\"name\":\"News Est Lyonnais\",\"description\":\"L&#039;actualit\u00e9 au plus pr\u00e8s\",\"publisher\":{\"@id\":\"https:\/\/newsestlyonnais.fr\/site\/#organization\"},\"potentialAction\":[{\"@type\":\"SearchAction\",\"target\":{\"@type\":\"EntryPoint\",\"urlTemplate\":\"https:\/\/newsestlyonnais.fr\/site\/?s={search_term_string}\"},\"query-input\":{\"@type\":\"PropertyValueSpecification\",\"valueRequired\":true,\"valueName\":\"search_term_string\"}}],\"inLanguage\":\"fr-FR\"},{\"@type\":\"Organization\",\"@id\":\"https:\/\/newsestlyonnais.fr\/site\/#organization\",\"name\":\"News EST LYONNAIS\",\"url\":\"https:\/\/newsestlyonnais.fr\/site\/\",\"logo\":{\"@type\":\"ImageObject\",\"inLanguage\":\"fr-FR\",\"@id\":\"https:\/\/newsestlyonnais.fr\/site\/#\/schema\/logo\/image\/\",\"url\":\"\",\"contentUrl\":\"\",\"caption\":\"News EST LYONNAIS\"},\"image\":{\"@id\":\"https:\/\/newsestlyonnais.fr\/site\/#\/schema\/logo\/image\/\"}},{\"@type\":\"Person\",\"@id\":\"https:\/\/newsestlyonnais.fr\/site\/#\/schema\/person\/3230d5615f390bb808365d673001e887\",\"name\":\"R\u00e9dac. NEWS\",\"sameAs\":[\"http:\/\/www.newsestlyonnais.fr\",\"https:\/\/www.facebook.com\/pascal.oberson.1?fref=ts\",\"https:\/\/fr.linkedin.com\/in\/pascal-oberson-b17045113\"],\"url\":\"https:\/\/newsestlyonnais.fr\/site\/author\/nel\/\"}]}<\/script>\n<!-- \/ Yoast SEO plugin. -->","yoast_head_json":{"title":"VAULX EN VELIN : L\u2019agenda des manifestations jusqu'au 16 Septembre 2018","description":"VAULX EN VELIN : L\u2019agenda des manifestations jusqu'au 16 Septembre 2018","robots":{"index":"index","follow":"follow","max-snippet":"max-snippet:-1","max-image-preview":"max-image-preview:large","max-video-preview":"max-video-preview:-1"},"canonical":"https:\/\/newsestlyonnais.fr\/site\/2018\/08\/31\/vaulx-en-velin-lagenda-des-manifestations-jusquau-16-septembre-2018\/","og_locale":"fr_FR","og_type":"article","og_title":"VAULX EN VELIN : L\u2019agenda des manifestations jusqu'au 16 Septembre 2018","og_description":"VAULX EN VELIN : L\u2019agenda des manifestations jusqu'au 16 Septembre 2018","og_url":"https:\/\/newsestlyonnais.fr\/site\/2018\/08\/31\/vaulx-en-velin-lagenda-des-manifestations-jusquau-16-septembre-2018\/","og_site_name":"News Est Lyonnais","article_author":"https:\/\/www.facebook.com\/pascal.oberson.1?fref=ts","article_published_time":"2018-08-31T07:10:45+00:00","article_modified_time":"2018-09-10T09:54:11+00:00","og_image":[{"width":1000,"height":750,"url":"https:\/\/i1.wp.com\/newsestlyonnais.fr\/site\/wp-content\/uploads\/2017\/05\/NEWSESTLYONNAIS-PaNNEAU-VAULX-.jpg?fit=1000%2C750&ssl=1","type":"image\/jpeg"}],"author":"R\u00e9dac. NEWS","twitter_card":"summary_large_image","twitter_misc":{"\u00c9crit par":"R\u00e9dac. NEWS","Dur\u00e9e de lecture estim\u00e9e":"3 minutes"},"schema":{"@context":"https:\/\/schema.org","@graph":[{"@type":"Article","@id":"https:\/\/newsestlyonnais.fr\/site\/2018\/08\/31\/vaulx-en-velin-lagenda-des-manifestations-jusquau-16-septembre-2018\/#article","isPartOf":{"@id":"https:\/\/newsestlyonnais.fr\/site\/2018\/08\/31\/vaulx-en-velin-lagenda-des-manifestations-jusquau-16-septembre-2018\/"},"author":{"name":"R\u00e9dac. NEWS","@id":"https:\/\/newsestlyonnais.fr\/site\/#\/schema\/person\/3230d5615f390bb808365d673001e887"},"headline":"VAULX EN VELIN : L\u2019agenda des manifestations jusqu&rsquo;au 16 Septembre 2018","datePublished":"2018-08-31T07:10:45+00:00","dateModified":"2018-09-10T09:54:11+00:00","mainEntityOfPage":{"@id":"https:\/\/newsestlyonnais.fr\/site\/2018\/08\/31\/vaulx-en-velin-lagenda-des-manifestations-jusquau-16-septembre-2018\/"},"wordCount":666,"commentCount":0,"publisher":{"@id":"https:\/\/newsestlyonnais.fr\/site\/#organization"},"image":{"@id":"https:\/\/newsestlyonnais.fr\/site\/2018\/08\/31\/vaulx-en-velin-lagenda-des-manifestations-jusquau-16-septembre-2018\/#primaryimage"},"thumbnailUrl":"https:\/\/newsestlyonnais.fr\/site\/wp-content\/uploads\/2017\/05\/NEWSESTLYONNAIS-PaNNEAU-VAULX-.jpg","articleSection":["\u00e0 la une","Vaulx-en-Velin"],"inLanguage":"fr-FR","potentialAction":[{"@type":"CommentAction","name":"Comment","target":["https:\/\/newsestlyonnais.fr\/site\/2018\/08\/31\/vaulx-en-velin-lagenda-des-manifestations-jusquau-16-septembre-2018\/#respond"]}]},{"@type":"WebPage","@id":"https:\/\/newsestlyonnais.fr\/site\/2018\/08\/31\/vaulx-en-velin-lagenda-des-manifestations-jusquau-16-septembre-2018\/","url":"https:\/\/newsestlyonnais.fr\/site\/2018\/08\/31\/vaulx-en-velin-lagenda-des-manifestations-jusquau-16-septembre-2018\/","name":"VAULX EN VELIN : L\u2019agenda des manifestations jusqu'au 16 Septembre 2018","isPartOf":{"@id":"https:\/\/newsestlyonnais.fr\/site\/#website"},"primaryImageOfPage":{"@id":"https:\/\/newsestlyonnais.fr\/site\/2018\/08\/31\/vaulx-en-velin-lagenda-des-manifestations-jusquau-16-septembre-2018\/#primaryimage"},"image":{"@id":"https:\/\/newsestlyonnais.fr\/site\/2018\/08\/31\/vaulx-en-velin-lagenda-des-manifestations-jusquau-16-septembre-2018\/#primaryimage"},"thumbnailUrl":"https:\/\/newsestlyonnais.fr\/site\/wp-content\/uploads\/2017\/05\/NEWSESTLYONNAIS-PaNNEAU-VAULX-.jpg","datePublished":"2018-08-31T07:10:45+00:00","dateModified":"2018-09-10T09:54:11+00:00","description":"VAULX EN VELIN : L\u2019agenda des manifestations jusqu'au 16 Septembre 2018","breadcrumb":{"@id":"https:\/\/newsestlyonnais.fr\/site\/2018\/08\/31\/vaulx-en-velin-lagenda-des-manifestations-jusquau-16-septembre-2018\/#breadcrumb"},"inLanguage":"fr-FR","potentialAction":[{"@type":"ReadAction","target":["https:\/\/newsestlyonnais.fr\/site\/2018\/08\/31\/vaulx-en-velin-lagenda-des-manifestations-jusquau-16-septembre-2018\/"]}]},{"@type":"ImageObject","inLanguage":"fr-FR","@id":"https:\/\/newsestlyonnais.fr\/site\/2018\/08\/31\/vaulx-en-velin-lagenda-des-manifestations-jusquau-16-septembre-2018\/#primaryimage","url":"https:\/\/newsestlyonnais.fr\/site\/wp-content\/uploads\/2017\/05\/NEWSESTLYONNAIS-PaNNEAU-VAULX-.jpg","contentUrl":"https:\/\/newsestlyonnais.fr\/site\/wp-content\/uploads\/2017\/05\/NEWSESTLYONNAIS-PaNNEAU-VAULX-.jpg","width":1000,"height":750,"caption":"NEWSESTLYONNAIS - PaNNEAU VAULX"},{"@type":"BreadcrumbList","@id":"https:\/\/newsestlyonnais.fr\/site\/2018\/08\/31\/vaulx-en-velin-lagenda-des-manifestations-jusquau-16-septembre-2018\/#breadcrumb","itemListElement":[{"@type":"ListItem","position":1,"name":"Accueil","item":"https:\/\/newsestlyonnais.fr\/site\/"},{"@type":"ListItem","position":2,"name":"VAULX EN VELIN : L\u2019agenda des manifestations jusqu&rsquo;au 16 Septembre 2018"}]},{"@type":"WebSite","@id":"https:\/\/newsestlyonnais.fr\/site\/#website","url":"https:\/\/newsestlyonnais.fr\/site\/","name":"News Est Lyonnais","description":"L&#039;actualit\u00e9 au plus pr\u00e8s","publisher":{"@id":"https:\/\/newsestlyonnais.fr\/site\/#organization"},"potentialAction":[{"@type":"SearchAction","target":{"@type":"EntryPoint","urlTemplate":"https:\/\/newsestlyonnais.fr\/site\/?s={search_term_string}"},"query-input":{"@type":"PropertyValueSpecification","valueRequired":true,"valueName":"search_term_string"}}],"inLanguage":"fr-FR"},{"@type":"Organization","@id":"https:\/\/newsestlyonnais.fr\/site\/#organization","name":"News EST LYONNAIS","url":"https:\/\/newsestlyonnais.fr\/site\/","logo":{"@type":"ImageObject","inLanguage":"fr-FR","@id":"https:\/\/newsestlyonnais.fr\/site\/#\/schema\/logo\/image\/","url":"","contentUrl":"","caption":"News EST LYONNAIS"},"image":{"@id":"https:\/\/newsestlyonnais.fr\/site\/#\/schema\/logo\/image\/"}},{"@type":"Person","@id":"https:\/\/newsestlyonnais.fr\/site\/#\/schema\/person\/3230d5615f390bb808365d673001e887","name":"R\u00e9dac. NEWS","sameAs":["http:\/\/www.newsestlyonnais.fr","https:\/\/www.facebook.com\/pascal.oberson.1?fref=ts","https:\/\/fr.linkedin.com\/in\/pascal-oberson-b17045113"],"url":"https:\/\/newsestlyonnais.fr\/site\/author\/nel\/"}]}},"_links":{"self":[{"href":"https:\/\/newsestlyonnais.fr\/site\/wp-json\/wp\/v2\/posts\/55814","targetHints":{"allow":["GET"]}}],"collection":[{"href":"https:\/\/newsestlyonnais.fr\/site\/wp-json\/wp\/v2\/posts"}],"about":[{"href":"https:\/\/newsestlyonnais.fr\/site\/wp-json\/wp\/v2\/types\/post"}],"author":[{"embeddable":true,"href":"https:\/\/newsestlyonnais.fr\/site\/wp-json\/wp\/v2\/users\/4"}],"replies":[{"embeddable":true,"href":"https:\/\/newsestlyonnais.fr\/site\/wp-json\/wp\/v2\/comments?post=55814"}],"version-history":[{"count":0,"href":"https:\/\/newsestlyonnais.fr\/site\/wp-json\/wp\/v2\/posts\/55814\/revisions"}],"wp:featuredmedia":[{"embeddable":true,"href":"https:\/\/newsestlyonnais.fr\/site\/wp-json\/wp\/v2\/media\/25509"}],"wp:attachment":[{"href":"https:\/\/newsestlyonnais.fr\/site\/wp-json\/wp\/v2\/media?parent=55814"}],"wp:term":[{"taxonomy":"category","embeddable":true,"href":"https:\/\/newsestlyonnais.fr\/site\/wp-json\/wp\/v2\/categories?post=55814"},{"taxonomy":"post_tag","embeddable":true,"href":"https:\/\/newsestlyonnais.fr\/site\/wp-json\/wp\/v2\/tags?post=55814"}],"curies":[{"name":"wp","href":"https:\/\/api.w.org\/{rel}","templated":true}]}}