{"id":55849,"date":"2018-09-03T13:01:49","date_gmt":"2018-09-03T12:01:49","guid":{"rendered":"http:\/\/newsestlyonnais.fr\/site\/?p=55849"},"modified":"2020-11-16T11:25:31","modified_gmt":"2020-11-16T10:25:31","slug":"mions-deux-stades-inaugures-ce-week-end-sur-la-commune","status":"publish","type":"post","link":"https:\/\/newsestlyonnais.fr\/site\/2018\/09\/03\/mions-deux-stades-inaugures-ce-week-end-sur-la-commune\/","title":{"rendered":"MIONS | Deux stades inaugur\u00e9s ce week-end"},"content":{"rendered":"<h4>Double \u00e9v\u00e8nement sur la commune miolande en ce week-end de rentr\u00e9e avec l&rsquo;inauguration de deux \u00e9quipements sportifs.<\/h4>\n<p>Deux stades pour une pratique de sports collectifs ont en effet \u00e9t\u00e9 officiellement inaugur\u00e9s par la municipalit\u00e9 en pr\u00e9sence de nombreuses personnalit\u00e9s politiques et sportives:<\/p>\n<ul>\n<li>vendredi soir, le stade de la route de Corbas qui est devenu le <strong>stade de rugby Jean Roug\u00e9<\/strong>, en m\u00e9moire du fondateur du club devenu le R.C. Mions et fond\u00e9 en 1971. (PHOTO A LA UNE).<\/li>\n<li>samedi matin, le stade des Tilleuls est devenu le <strong>stade Sonny Anderson<\/strong> et permettra aux licenci\u00e9s du Mions Football Club d&rsquo;\u00e9voluer \u00e0 domicile dans ce complexe rebaptis\u00e9.<\/li>\n<\/ul>\n<p><strong>Retrouvez l&rsquo;ACTU de la commune sur : <a href=\"http:\/\/www.mions.fr\" target=\"_blank\" rel=\"noopener noreferrer\">http:\/\/www.mions.fr<\/a><\/strong><\/p>\n<ul>\n<li>\u00a0Retour en images sur ce double \u00e9v\u00e8nement municipal :<\/li>\n<\/ul>\n<div id='gallery-1' class='gallery galleryid-55849 gallery-columns-3 gallery-size-thumbnail'><figure class='gallery-item'>\n\t\t\t<div class='gallery-icon landscape'>\n\t\t\t\t<a href='https:\/\/newsestlyonnais.fr\/site\/2018\/09\/03\/mions-deux-stades-inaugures-ce-week-end-sur-la-commune\/newsestlyonnais-inaug-04-2\/'><img loading=\"lazy\" decoding=\"async\" width=\"150\" height=\"150\" src=\"https:\/\/newsestlyonnais.fr\/site\/wp-content\/uploads\/2018\/09\/NEWSESTLYONNAIS-INAUG-04--150x150.jpg\" class=\"attachment-thumbnail size-thumbnail\" alt=\"NEWSESTLYONNAIS INAUG 04\" aria-describedby=\"gallery-1-55882\" \/><\/a>\n\t\t\t<\/div>\n\t\t\t\t<figcaption class='wp-caption-text gallery-caption' id='gallery-1-55882'>\n\t\t\t\tLa plaque a \u00e9t\u00e9 d\u00e9voil\u00e9e \n\t\t\t\t<\/figcaption><\/figure><figure class='gallery-item'>\n\t\t\t<div class='gallery-icon landscape'>\n\t\t\t\t<a href='https:\/\/newsestlyonnais.fr\/site\/2018\/09\/03\/mions-deux-stades-inaugures-ce-week-end-sur-la-commune\/newsestlyonnais-inaug-stades-03-2\/'><img loading=\"lazy\" decoding=\"async\" width=\"150\" height=\"150\" src=\"https:\/\/newsestlyonnais.fr\/site\/wp-content\/uploads\/2018\/09\/NEWSESTLYONNAIS-INAUG-STADES-03-1-150x150.jpg\" class=\"attachment-thumbnail size-thumbnail\" alt=\"NEWSESTLYONNAIS INAUG STADES 03\" aria-describedby=\"gallery-1-55874\" \/><\/a>\n\t\t\t<\/div>\n\t\t\t\t<figcaption class='wp-caption-text gallery-caption' id='gallery-1-55874'>\n\t\t\t\tLe traditionnel couper de ruban \n\t\t\t\t<\/figcaption><\/figure><figure class='gallery-item'>\n\t\t\t<div class='gallery-icon landscape'>\n\t\t\t\t<a href='https:\/\/newsestlyonnais.fr\/site\/2018\/09\/03\/mions-deux-stades-inaugures-ce-week-end-sur-la-commune\/newsestlyonnais-rc-mions-rugby\/'><img loading=\"lazy\" decoding=\"async\" width=\"150\" height=\"150\" src=\"https:\/\/newsestlyonnais.fr\/site\/wp-content\/uploads\/2018\/09\/NEWSESTLYONNAIS-RC-MIONS-RUGBY-150x150.jpg\" class=\"attachment-thumbnail size-thumbnail\" alt=\"\" aria-describedby=\"gallery-1-55885\" \/><\/a>\n\t\t\t<\/div>\n\t\t\t\t<figcaption class='wp-caption-text gallery-caption' id='gallery-1-55885'>\n\t\t\t\tLe logo du club de rugby \n\t\t\t\t<\/figcaption><\/figure><figure class='gallery-item'>\n\t\t\t<div class='gallery-icon landscape'>\n\t\t\t\t<a href='https:\/\/newsestlyonnais.fr\/site\/2018\/09\/03\/mions-deux-stades-inaugures-ce-week-end-sur-la-commune\/newsestlyonnais-ecole-rugby-mions\/'><img loading=\"lazy\" decoding=\"async\" width=\"150\" height=\"150\" src=\"https:\/\/newsestlyonnais.fr\/site\/wp-content\/uploads\/2018\/09\/NEWSESTLYONNAIS-ECOLE-RUGBY-MIONS-150x150.jpg\" class=\"attachment-thumbnail size-thumbnail\" alt=\"NEWSESTLYONNAIS ECOLE RUGBY MIONS\" aria-describedby=\"gallery-1-55886\" \/><\/a>\n\t\t\t<\/div>\n\t\t\t\t<figcaption class='wp-caption-text gallery-caption' id='gallery-1-55886'>\n\t\t\t\tL&rsquo;\u00e9cole de rugby du RC Mions \n\t\t\t\t<\/figcaption><\/figure><figure class='gallery-item'>\n\t\t\t<div class='gallery-icon landscape'>\n\t\t\t\t<a href='https:\/\/newsestlyonnais.fr\/site\/2018\/09\/03\/mions-deux-stades-inaugures-ce-week-end-sur-la-commune\/newsestlyonnais-plaque-stade-sonny\/'><img loading=\"lazy\" decoding=\"async\" width=\"150\" height=\"150\" src=\"https:\/\/newsestlyonnais.fr\/site\/wp-content\/uploads\/2018\/09\/NEWSESTLYONNAIS-PLAQUE-STADE-SONNY-150x150.jpg\" class=\"attachment-thumbnail size-thumbnail\" alt=\"NEWSESTLYONNAIS PLAQUE STADE SONNY\" aria-describedby=\"gallery-1-55889\" \/><\/a>\n\t\t\t<\/div>\n\t\t\t\t<figcaption class='wp-caption-text gallery-caption' id='gallery-1-55889'>\n\t\t\t\tLa plaque du Stade Sonny Anderson\n\t\t\t\t<\/figcaption><\/figure><figure class='gallery-item'>\n\t\t\t<div class='gallery-icon landscape'>\n\t\t\t\t<a href='https:\/\/newsestlyonnais.fr\/site\/2018\/09\/03\/mions-deux-stades-inaugures-ce-week-end-sur-la-commune\/newsestlyonnais-stade-foot\/'><img loading=\"lazy\" decoding=\"async\" width=\"150\" height=\"150\" src=\"https:\/\/newsestlyonnais.fr\/site\/wp-content\/uploads\/2018\/09\/NEWSESTLYONNAIS-STADE-FOOT-150x150.jpg\" class=\"attachment-thumbnail size-thumbnail\" alt=\"NEWSESTLYONNAIS STADE FOOT\" aria-describedby=\"gallery-1-55888\" \/><\/a>\n\t\t\t<\/div>\n\t\t\t\t<figcaption class='wp-caption-text gallery-caption' id='gallery-1-55888'>\n\t\t\t\tLe stade de foot Sonny Anderson\n\t\t\t\t<\/figcaption><\/figure>\n\t\t<\/div>\n\n","protected":false},"excerpt":{"rendered":"<p>Double \u00e9v\u00e8nement sur la commune miolande en ce week-end de rentr\u00e9e avec l&rsquo;inauguration de deux \u00e9quipements sportifs. Deux stades pour une pratique de sports collectifs ont en effet \u00e9t\u00e9 officiellement inaugur\u00e9s par la municipalit\u00e9 en pr\u00e9sence de nombreuses personnalit\u00e9s politiques et sportives: vendredi soir, le stade de la route de Corbas qui est devenu le [&hellip;]<\/p>\n","protected":false},"author":4,"featured_media":55856,"comment_status":"open","ping_status":"open","sticky":false,"template":"","format":"standard","meta":{"footnotes":""},"categories":[574,166,1329,2996,1286,2999],"tags":[],"class_list":["post-55849","post","type-post","status-publish","format-standard","has-post-thumbnail","hentry","category-autres-sports","category-divers-sports","category-foot","category-football-rugby","category-mions","category-rugby-a-xv-sports"],"yoast_head":"<!-- This site is optimized with the Yoast SEO plugin v27.2 - https:\/\/yoast.com\/product\/yoast-seo-wordpress\/ -->\n<title>MIONS : Deux stades inaugur\u00e9s ce week-end sur la commune<\/title>\n<meta name=\"description\" content=\"MIONS : Deux stades inaugur\u00e9s ce week-end sur la commune\" \/>\n<meta name=\"robots\" content=\"index, follow, max-snippet:-1, max-image-preview:large, max-video-preview:-1\" \/>\n<link rel=\"canonical\" href=\"https:\/\/newsestlyonnais.fr\/site\/2018\/09\/03\/mions-deux-stades-inaugures-ce-week-end-sur-la-commune\/\" \/>\n<meta property=\"og:locale\" content=\"fr_FR\" \/>\n<meta property=\"og:type\" content=\"article\" \/>\n<meta property=\"og:title\" content=\"MIONS : Deux stades inaugur\u00e9s ce week-end sur la commune\" \/>\n<meta property=\"og:description\" content=\"MIONS : Deux stades inaugur\u00e9s ce week-end sur la commune\" \/>\n<meta property=\"og:url\" content=\"https:\/\/newsestlyonnais.fr\/site\/2018\/09\/03\/mions-deux-stades-inaugures-ce-week-end-sur-la-commune\/\" \/>\n<meta property=\"og:site_name\" content=\"News Est Lyonnais\" \/>\n<meta property=\"article:author\" content=\"https:\/\/www.facebook.com\/pascal.oberson.1?fref=ts\" \/>\n<meta property=\"article:published_time\" content=\"2018-09-03T12:01:49+00:00\" \/>\n<meta property=\"article:modified_time\" content=\"2020-11-16T10:25:31+00:00\" \/>\n<meta property=\"og:image\" content=\"https:\/\/i2.wp.com\/newsestlyonnais.fr\/site\/wp-content\/uploads\/2018\/09\/NEWSESTLYONNAIS-INAUG-RUGBY-01.jpg?fit=2048%2C1536&ssl=1\" \/>\n\t<meta property=\"og:image:width\" content=\"2048\" \/>\n\t<meta property=\"og:image:height\" content=\"1536\" \/>\n\t<meta property=\"og:image:type\" content=\"image\/jpeg\" \/>\n<meta name=\"author\" content=\"R\u00e9dac. NEWS\" \/>\n<meta name=\"twitter:card\" content=\"summary_large_image\" \/>\n<meta name=\"twitter:label1\" content=\"\u00c9crit par\" \/>\n\t<meta name=\"twitter:data1\" content=\"R\u00e9dac. NEWS\" \/>\n\t<meta name=\"twitter:label2\" content=\"Dur\u00e9e de lecture estim\u00e9e\" \/>\n\t<meta name=\"twitter:data2\" content=\"1 minute\" \/>\n<script type=\"application\/ld+json\" class=\"yoast-schema-graph\">{\"@context\":\"https:\/\/schema.org\",\"@graph\":[{\"@type\":\"Article\",\"@id\":\"https:\/\/newsestlyonnais.fr\/site\/2018\/09\/03\/mions-deux-stades-inaugures-ce-week-end-sur-la-commune\/#article\",\"isPartOf\":{\"@id\":\"https:\/\/newsestlyonnais.fr\/site\/2018\/09\/03\/mions-deux-stades-inaugures-ce-week-end-sur-la-commune\/\"},\"author\":{\"name\":\"R\u00e9dac. NEWS\",\"@id\":\"https:\/\/newsestlyonnais.fr\/site\/#\/schema\/person\/3230d5615f390bb808365d673001e887\"},\"headline\":\"MIONS | Deux stades inaugur\u00e9s ce week-end\",\"datePublished\":\"2018-09-03T12:01:49+00:00\",\"dateModified\":\"2020-11-16T10:25:31+00:00\",\"mainEntityOfPage\":{\"@id\":\"https:\/\/newsestlyonnais.fr\/site\/2018\/09\/03\/mions-deux-stades-inaugures-ce-week-end-sur-la-commune\/\"},\"wordCount\":144,\"commentCount\":0,\"publisher\":{\"@id\":\"https:\/\/newsestlyonnais.fr\/site\/#organization\"},\"image\":{\"@id\":\"https:\/\/newsestlyonnais.fr\/site\/2018\/09\/03\/mions-deux-stades-inaugures-ce-week-end-sur-la-commune\/#primaryimage\"},\"thumbnailUrl\":\"https:\/\/newsestlyonnais.fr\/site\/wp-content\/uploads\/2018\/09\/NEWSESTLYONNAIS-INAUG-RUGBY-01.jpg\",\"articleSection\":[\"Autres sports\",\"Divers Sports\",\"Foot | Futsal\",\"Foot | Rugby\",\"Mions\",\"Rugby \u00e0 XV\"],\"inLanguage\":\"fr-FR\",\"potentialAction\":[{\"@type\":\"CommentAction\",\"name\":\"Comment\",\"target\":[\"https:\/\/newsestlyonnais.fr\/site\/2018\/09\/03\/mions-deux-stades-inaugures-ce-week-end-sur-la-commune\/#respond\"]}]},{\"@type\":\"WebPage\",\"@id\":\"https:\/\/newsestlyonnais.fr\/site\/2018\/09\/03\/mions-deux-stades-inaugures-ce-week-end-sur-la-commune\/\",\"url\":\"https:\/\/newsestlyonnais.fr\/site\/2018\/09\/03\/mions-deux-stades-inaugures-ce-week-end-sur-la-commune\/\",\"name\":\"MIONS : Deux stades inaugur\u00e9s ce week-end sur la commune\",\"isPartOf\":{\"@id\":\"https:\/\/newsestlyonnais.fr\/site\/#website\"},\"primaryImageOfPage\":{\"@id\":\"https:\/\/newsestlyonnais.fr\/site\/2018\/09\/03\/mions-deux-stades-inaugures-ce-week-end-sur-la-commune\/#primaryimage\"},\"image\":{\"@id\":\"https:\/\/newsestlyonnais.fr\/site\/2018\/09\/03\/mions-deux-stades-inaugures-ce-week-end-sur-la-commune\/#primaryimage\"},\"thumbnailUrl\":\"https:\/\/newsestlyonnais.fr\/site\/wp-content\/uploads\/2018\/09\/NEWSESTLYONNAIS-INAUG-RUGBY-01.jpg\",\"datePublished\":\"2018-09-03T12:01:49+00:00\",\"dateModified\":\"2020-11-16T10:25:31+00:00\",\"description\":\"MIONS : Deux stades inaugur\u00e9s ce week-end sur la commune\",\"breadcrumb\":{\"@id\":\"https:\/\/newsestlyonnais.fr\/site\/2018\/09\/03\/mions-deux-stades-inaugures-ce-week-end-sur-la-commune\/#breadcrumb\"},\"inLanguage\":\"fr-FR\",\"potentialAction\":[{\"@type\":\"ReadAction\",\"target\":[\"https:\/\/newsestlyonnais.fr\/site\/2018\/09\/03\/mions-deux-stades-inaugures-ce-week-end-sur-la-commune\/\"]}]},{\"@type\":\"ImageObject\",\"inLanguage\":\"fr-FR\",\"@id\":\"https:\/\/newsestlyonnais.fr\/site\/2018\/09\/03\/mions-deux-stades-inaugures-ce-week-end-sur-la-commune\/#primaryimage\",\"url\":\"https:\/\/newsestlyonnais.fr\/site\/wp-content\/uploads\/2018\/09\/NEWSESTLYONNAIS-INAUG-RUGBY-01.jpg\",\"contentUrl\":\"https:\/\/newsestlyonnais.fr\/site\/wp-content\/uploads\/2018\/09\/NEWSESTLYONNAIS-INAUG-RUGBY-01.jpg\",\"width\":2048,\"height\":1536,\"caption\":\"NEWSESTLYONNAIS INAUG RUGBY 01\"},{\"@type\":\"BreadcrumbList\",\"@id\":\"https:\/\/newsestlyonnais.fr\/site\/2018\/09\/03\/mions-deux-stades-inaugures-ce-week-end-sur-la-commune\/#breadcrumb\",\"itemListElement\":[{\"@type\":\"ListItem\",\"position\":1,\"name\":\"Accueil\",\"item\":\"https:\/\/newsestlyonnais.fr\/site\/\"},{\"@type\":\"ListItem\",\"position\":2,\"name\":\"MIONS | Deux stades inaugur\u00e9s ce week-end\"}]},{\"@type\":\"WebSite\",\"@id\":\"https:\/\/newsestlyonnais.fr\/site\/#website\",\"url\":\"https:\/\/newsestlyonnais.fr\/site\/\",\"name\":\"News Est Lyonnais\",\"description\":\"L&#039;actualit\u00e9 au plus pr\u00e8s\",\"publisher\":{\"@id\":\"https:\/\/newsestlyonnais.fr\/site\/#organization\"},\"potentialAction\":[{\"@type\":\"SearchAction\",\"target\":{\"@type\":\"EntryPoint\",\"urlTemplate\":\"https:\/\/newsestlyonnais.fr\/site\/?s={search_term_string}\"},\"query-input\":{\"@type\":\"PropertyValueSpecification\",\"valueRequired\":true,\"valueName\":\"search_term_string\"}}],\"inLanguage\":\"fr-FR\"},{\"@type\":\"Organization\",\"@id\":\"https:\/\/newsestlyonnais.fr\/site\/#organization\",\"name\":\"News EST LYONNAIS\",\"url\":\"https:\/\/newsestlyonnais.fr\/site\/\",\"logo\":{\"@type\":\"ImageObject\",\"inLanguage\":\"fr-FR\",\"@id\":\"https:\/\/newsestlyonnais.fr\/site\/#\/schema\/logo\/image\/\",\"url\":\"\",\"contentUrl\":\"\",\"caption\":\"News EST LYONNAIS\"},\"image\":{\"@id\":\"https:\/\/newsestlyonnais.fr\/site\/#\/schema\/logo\/image\/\"}},{\"@type\":\"Person\",\"@id\":\"https:\/\/newsestlyonnais.fr\/site\/#\/schema\/person\/3230d5615f390bb808365d673001e887\",\"name\":\"R\u00e9dac. NEWS\",\"sameAs\":[\"http:\/\/www.newsestlyonnais.fr\",\"https:\/\/www.facebook.com\/pascal.oberson.1?fref=ts\",\"https:\/\/fr.linkedin.com\/in\/pascal-oberson-b17045113\"],\"url\":\"https:\/\/newsestlyonnais.fr\/site\/author\/nel\/\"}]}<\/script>\n<!-- \/ Yoast SEO plugin. -->","yoast_head_json":{"title":"MIONS : Deux stades inaugur\u00e9s ce week-end sur la commune","description":"MIONS : Deux stades inaugur\u00e9s ce week-end sur la commune","robots":{"index":"index","follow":"follow","max-snippet":"max-snippet:-1","max-image-preview":"max-image-preview:large","max-video-preview":"max-video-preview:-1"},"canonical":"https:\/\/newsestlyonnais.fr\/site\/2018\/09\/03\/mions-deux-stades-inaugures-ce-week-end-sur-la-commune\/","og_locale":"fr_FR","og_type":"article","og_title":"MIONS : Deux stades inaugur\u00e9s ce week-end sur la commune","og_description":"MIONS : Deux stades inaugur\u00e9s ce week-end sur la commune","og_url":"https:\/\/newsestlyonnais.fr\/site\/2018\/09\/03\/mions-deux-stades-inaugures-ce-week-end-sur-la-commune\/","og_site_name":"News Est Lyonnais","article_author":"https:\/\/www.facebook.com\/pascal.oberson.1?fref=ts","article_published_time":"2018-09-03T12:01:49+00:00","article_modified_time":"2020-11-16T10:25:31+00:00","og_image":[{"width":2048,"height":1536,"url":"https:\/\/i2.wp.com\/newsestlyonnais.fr\/site\/wp-content\/uploads\/2018\/09\/NEWSESTLYONNAIS-INAUG-RUGBY-01.jpg?fit=2048%2C1536&ssl=1","type":"image\/jpeg"}],"author":"R\u00e9dac. NEWS","twitter_card":"summary_large_image","twitter_misc":{"\u00c9crit par":"R\u00e9dac. NEWS","Dur\u00e9e de lecture estim\u00e9e":"1 minute"},"schema":{"@context":"https:\/\/schema.org","@graph":[{"@type":"Article","@id":"https:\/\/newsestlyonnais.fr\/site\/2018\/09\/03\/mions-deux-stades-inaugures-ce-week-end-sur-la-commune\/#article","isPartOf":{"@id":"https:\/\/newsestlyonnais.fr\/site\/2018\/09\/03\/mions-deux-stades-inaugures-ce-week-end-sur-la-commune\/"},"author":{"name":"R\u00e9dac. NEWS","@id":"https:\/\/newsestlyonnais.fr\/site\/#\/schema\/person\/3230d5615f390bb808365d673001e887"},"headline":"MIONS | Deux stades inaugur\u00e9s ce week-end","datePublished":"2018-09-03T12:01:49+00:00","dateModified":"2020-11-16T10:25:31+00:00","mainEntityOfPage":{"@id":"https:\/\/newsestlyonnais.fr\/site\/2018\/09\/03\/mions-deux-stades-inaugures-ce-week-end-sur-la-commune\/"},"wordCount":144,"commentCount":0,"publisher":{"@id":"https:\/\/newsestlyonnais.fr\/site\/#organization"},"image":{"@id":"https:\/\/newsestlyonnais.fr\/site\/2018\/09\/03\/mions-deux-stades-inaugures-ce-week-end-sur-la-commune\/#primaryimage"},"thumbnailUrl":"https:\/\/newsestlyonnais.fr\/site\/wp-content\/uploads\/2018\/09\/NEWSESTLYONNAIS-INAUG-RUGBY-01.jpg","articleSection":["Autres sports","Divers Sports","Foot | Futsal","Foot | Rugby","Mions","Rugby \u00e0 XV"],"inLanguage":"fr-FR","potentialAction":[{"@type":"CommentAction","name":"Comment","target":["https:\/\/newsestlyonnais.fr\/site\/2018\/09\/03\/mions-deux-stades-inaugures-ce-week-end-sur-la-commune\/#respond"]}]},{"@type":"WebPage","@id":"https:\/\/newsestlyonnais.fr\/site\/2018\/09\/03\/mions-deux-stades-inaugures-ce-week-end-sur-la-commune\/","url":"https:\/\/newsestlyonnais.fr\/site\/2018\/09\/03\/mions-deux-stades-inaugures-ce-week-end-sur-la-commune\/","name":"MIONS : Deux stades inaugur\u00e9s ce week-end sur la commune","isPartOf":{"@id":"https:\/\/newsestlyonnais.fr\/site\/#website"},"primaryImageOfPage":{"@id":"https:\/\/newsestlyonnais.fr\/site\/2018\/09\/03\/mions-deux-stades-inaugures-ce-week-end-sur-la-commune\/#primaryimage"},"image":{"@id":"https:\/\/newsestlyonnais.fr\/site\/2018\/09\/03\/mions-deux-stades-inaugures-ce-week-end-sur-la-commune\/#primaryimage"},"thumbnailUrl":"https:\/\/newsestlyonnais.fr\/site\/wp-content\/uploads\/2018\/09\/NEWSESTLYONNAIS-INAUG-RUGBY-01.jpg","datePublished":"2018-09-03T12:01:49+00:00","dateModified":"2020-11-16T10:25:31+00:00","description":"MIONS : Deux stades inaugur\u00e9s ce week-end sur la commune","breadcrumb":{"@id":"https:\/\/newsestlyonnais.fr\/site\/2018\/09\/03\/mions-deux-stades-inaugures-ce-week-end-sur-la-commune\/#breadcrumb"},"inLanguage":"fr-FR","potentialAction":[{"@type":"ReadAction","target":["https:\/\/newsestlyonnais.fr\/site\/2018\/09\/03\/mions-deux-stades-inaugures-ce-week-end-sur-la-commune\/"]}]},{"@type":"ImageObject","inLanguage":"fr-FR","@id":"https:\/\/newsestlyonnais.fr\/site\/2018\/09\/03\/mions-deux-stades-inaugures-ce-week-end-sur-la-commune\/#primaryimage","url":"https:\/\/newsestlyonnais.fr\/site\/wp-content\/uploads\/2018\/09\/NEWSESTLYONNAIS-INAUG-RUGBY-01.jpg","contentUrl":"https:\/\/newsestlyonnais.fr\/site\/wp-content\/uploads\/2018\/09\/NEWSESTLYONNAIS-INAUG-RUGBY-01.jpg","width":2048,"height":1536,"caption":"NEWSESTLYONNAIS INAUG RUGBY 01"},{"@type":"BreadcrumbList","@id":"https:\/\/newsestlyonnais.fr\/site\/2018\/09\/03\/mions-deux-stades-inaugures-ce-week-end-sur-la-commune\/#breadcrumb","itemListElement":[{"@type":"ListItem","position":1,"name":"Accueil","item":"https:\/\/newsestlyonnais.fr\/site\/"},{"@type":"ListItem","position":2,"name":"MIONS | Deux stades inaugur\u00e9s ce week-end"}]},{"@type":"WebSite","@id":"https:\/\/newsestlyonnais.fr\/site\/#website","url":"https:\/\/newsestlyonnais.fr\/site\/","name":"News Est Lyonnais","description":"L&#039;actualit\u00e9 au plus pr\u00e8s","publisher":{"@id":"https:\/\/newsestlyonnais.fr\/site\/#organization"},"potentialAction":[{"@type":"SearchAction","target":{"@type":"EntryPoint","urlTemplate":"https:\/\/newsestlyonnais.fr\/site\/?s={search_term_string}"},"query-input":{"@type":"PropertyValueSpecification","valueRequired":true,"valueName":"search_term_string"}}],"inLanguage":"fr-FR"},{"@type":"Organization","@id":"https:\/\/newsestlyonnais.fr\/site\/#organization","name":"News EST LYONNAIS","url":"https:\/\/newsestlyonnais.fr\/site\/","logo":{"@type":"ImageObject","inLanguage":"fr-FR","@id":"https:\/\/newsestlyonnais.fr\/site\/#\/schema\/logo\/image\/","url":"","contentUrl":"","caption":"News EST LYONNAIS"},"image":{"@id":"https:\/\/newsestlyonnais.fr\/site\/#\/schema\/logo\/image\/"}},{"@type":"Person","@id":"https:\/\/newsestlyonnais.fr\/site\/#\/schema\/person\/3230d5615f390bb808365d673001e887","name":"R\u00e9dac. NEWS","sameAs":["http:\/\/www.newsestlyonnais.fr","https:\/\/www.facebook.com\/pascal.oberson.1?fref=ts","https:\/\/fr.linkedin.com\/in\/pascal-oberson-b17045113"],"url":"https:\/\/newsestlyonnais.fr\/site\/author\/nel\/"}]}},"_links":{"self":[{"href":"https:\/\/newsestlyonnais.fr\/site\/wp-json\/wp\/v2\/posts\/55849","targetHints":{"allow":["GET"]}}],"collection":[{"href":"https:\/\/newsestlyonnais.fr\/site\/wp-json\/wp\/v2\/posts"}],"about":[{"href":"https:\/\/newsestlyonnais.fr\/site\/wp-json\/wp\/v2\/types\/post"}],"author":[{"embeddable":true,"href":"https:\/\/newsestlyonnais.fr\/site\/wp-json\/wp\/v2\/users\/4"}],"replies":[{"embeddable":true,"href":"https:\/\/newsestlyonnais.fr\/site\/wp-json\/wp\/v2\/comments?post=55849"}],"version-history":[{"count":0,"href":"https:\/\/newsestlyonnais.fr\/site\/wp-json\/wp\/v2\/posts\/55849\/revisions"}],"wp:featuredmedia":[{"embeddable":true,"href":"https:\/\/newsestlyonnais.fr\/site\/wp-json\/wp\/v2\/media\/55856"}],"wp:attachment":[{"href":"https:\/\/newsestlyonnais.fr\/site\/wp-json\/wp\/v2\/media?parent=55849"}],"wp:term":[{"taxonomy":"category","embeddable":true,"href":"https:\/\/newsestlyonnais.fr\/site\/wp-json\/wp\/v2\/categories?post=55849"},{"taxonomy":"post_tag","embeddable":true,"href":"https:\/\/newsestlyonnais.fr\/site\/wp-json\/wp\/v2\/tags?post=55849"}],"curies":[{"name":"wp","href":"https:\/\/api.w.org\/{rel}","templated":true}]}}