{"id":55857,"date":"2018-09-03T07:01:31","date_gmt":"2018-09-03T06:01:31","guid":{"rendered":"http:\/\/newsestlyonnais.fr\/site\/?p=55857"},"modified":"2020-11-07T18:45:20","modified_gmt":"2020-11-07T17:45:20","slug":"jonage-collecte-des-dechets-verts-mise-en-place-par-la-metropole-de-lyon-de-septembre-a-novembre","status":"publish","type":"post","link":"https:\/\/newsestlyonnais.fr\/site\/2018\/09\/03\/jonage-collecte-des-dechets-verts-mise-en-place-par-la-metropole-de-lyon-de-septembre-a-novembre\/","title":{"rendered":"JONAGE | Collecte des d\u00e9chets verts mise en place par la M\u00e9tropole de Lyon de septembre \u00e0 novembre"},"content":{"rendered":"<h4>Avec ramassage des feuilles et \u00e9lagage, l&rsquo;heure est au grand nettoyage dans les jardins de la M\u00e9tropole de Lyon qui met en place des points de collecte saisonni\u00e8re des d\u00e9chets verts.<\/h4>\n<div class=\"col-xs-12 col-md-9\">\n<div id=\"main\" class=\"padded-container\" role=\"main\">\n<div id=\"c4075\" class=\"csc-default\">\n<div class=\"content\">Ceci afin d&rsquo; att\u00e9nuer la forte hausse de fr\u00e9quentation dans certaines d\u00e9ch\u00e8teries de l&rsquo;agglom\u00e9ration et offrir un service de proximit\u00e9 aux habitants.<\/div>\n<div><\/div>\n<\/div>\n<div id=\"c4079\" class=\"csc-default\">\n<div class=\"row\">\n<div class=\"col-xs-12 col-sm-6\">\n<div id=\"c4077\" class=\"csc-default\">\n<div class=\"csc-header csc-header-n1\">\n<h3 class=\"csc-firstHeader\"><em><span style=\"text-decoration: underline\">Les communes concern\u00e9es :<\/span><\/em><\/h3>\n<\/div>\n<div class=\"content\">Albigny-sur-Sa\u00f4ne, Charly*, Collonges-au-Mont-d&rsquo;or, Dardilly, Fontaines-Saint-Martin, <strong>Jonage<\/strong>*, Marcy-l&rsquo;\u00c9toile, Lissieu, Quincieux, Saint-Cyr-au-Mont-d&rsquo;Or, St-Romain-au-Mont d&rsquo;Or. <span class=\"terms\">* Sur pr\u00e9sentation d&rsquo;un justificatif de domicile.<\/span><\/div>\n<\/div>\n<\/div>\n<\/div>\n<\/div>\n<\/div>\n<div><strong>Pour les usagers de la d\u00e9ch\u00e8terie de Genas, la collecte se fera \u00e0 Jonage<\/strong> (Rue de Verdun entre le boulevard Louis Pradel et la rue de la Fontaine)<strong> du 8 septembre au17 novembre 2018.<\/strong><\/div>\n<div id=\"main\" class=\"padded-container\" role=\"main\">\n<div id=\"c4079\" class=\"csc-default\">\n<div class=\"row\">\n<div class=\"col-xs-12 col-sm-6\">\n<div id=\"c4078\" class=\"csc-default\">\n<div class=\"csc-header csc-header-n1\">\n<h3 class=\"csc-firstHeader\"><span style=\"text-decoration: underline\">Infos pratiques<\/span> :<\/h3>\n<\/div>\n<div class=\"content\"><strong>&#8211; Horaires :<\/strong>\u00a0les samedis de 9 h 30 \u00e0 12 h 30 et de 13 h 30 \u00e0 16 h 30<\/div>\n<div>&#8211; <strong>Dates<\/strong> : <span style=\"text-decoration: underline\">en Septembre (samedis 8 &amp; 22), en Octobre (samedis 6 &amp; 20) et en Novembre (samedis 3 &amp; 17).<\/span><\/div>\n<div class=\"content\"><strong>&#8211; Acc\u00e8s :<\/strong> Gratuit et r\u00e9serv\u00e9 aux particuliers r\u00e9sidant sur le territoire de la M\u00e9tropole de Lyon. Fourgons, bennes et v\u00e9hicules \u00e0 plateau interdits.<\/div>\n<div class=\"content\"><strong>&#8211; D\u00e9chets accept\u00e9s :<\/strong>\u00a0seuls les d\u00e9chets v\u00e9g\u00e9taux sont accept\u00e9s &#8211;\u00a0tonte de pelouse, taille de haies, branchages, feuilles mortes.<\/div>\n<\/div>\n<\/div>\n<\/div>\n<\/div>\n<\/div>\n<\/div>\n<div><\/div>\n<div><span style=\"text-decoration: underline\"><em><strong>Plus d&rsquo;infos sur toutes les collectes sur<\/strong> :<\/em><\/span> <a href=\"https:\/\/www.grandlyon.com\/fileadmin\/user_upload\/media\/pdf\/proprete\/20180824_collecte_saisonniere_dechets_verts-automne.pdf\" target=\"_blank\" rel=\"noopener noreferrer\">https:\/\/www.grandlyon.com\/fileadmin\/user_upload\/media\/pdf\/proprete\/20180824_collecte_saisonniere_dechets_verts-automne.pdf<\/a><\/div>\n<div><\/div>\n<div><\/div>\n<div class=\"col-xs-12 col-md-9\">\n<div id=\"main\" class=\"padded-container\" role=\"main\">\n<div id=\"c11195\" class=\"csc-default\"><\/div>\n<\/div>\n<\/div>\n","protected":false},"excerpt":{"rendered":"<p>Avec ramassage des feuilles et \u00e9lagage, l&rsquo;heure est au grand nettoyage dans les jardins de la M\u00e9tropole de Lyon qui met en place des points de collecte saisonni\u00e8re des d\u00e9chets verts. Ceci afin d&rsquo; att\u00e9nuer la forte hausse de fr\u00e9quentation dans certaines d\u00e9ch\u00e8teries de l&rsquo;agglom\u00e9ration et offrir un service de proximit\u00e9 aux habitants. Les communes [&hellip;]<\/p>\n","protected":false},"author":4,"featured_media":55859,"comment_status":"open","ping_status":"open","sticky":false,"template":"","format":"standard","meta":{"footnotes":""},"categories":[1303,3010],"tags":[],"class_list":["post-55857","post","type-post","status-publish","format-standard","has-post-thumbnail","hentry","category-jonage","category-nature-environnement-culture-et-loisirs"],"yoast_head":"<!-- This site is optimized with the Yoast SEO plugin v27.2 - https:\/\/yoast.com\/product\/yoast-seo-wordpress\/ -->\n<title>JONAGE : Collecte des d\u00e9chets verts mise en place par la M\u00e9tropole de Lyon de septembre \u00e0 novembre<\/title>\n<meta name=\"description\" content=\"JONAGE : Collecte des d\u00e9chets verts mise en place par la M\u00e9tropole de Lyon de septembre \u00e0 novembre\" \/>\n<meta name=\"robots\" content=\"index, follow, max-snippet:-1, max-image-preview:large, max-video-preview:-1\" \/>\n<link rel=\"canonical\" href=\"https:\/\/newsestlyonnais.fr\/site\/2018\/09\/03\/jonage-collecte-des-dechets-verts-mise-en-place-par-la-metropole-de-lyon-de-septembre-a-novembre\/\" \/>\n<meta property=\"og:locale\" content=\"fr_FR\" \/>\n<meta property=\"og:type\" content=\"article\" \/>\n<meta property=\"og:title\" content=\"JONAGE : Collecte des d\u00e9chets verts mise en place par la M\u00e9tropole de Lyon de septembre \u00e0 novembre\" \/>\n<meta property=\"og:description\" content=\"JONAGE : Collecte des d\u00e9chets verts mise en place par la M\u00e9tropole de Lyon de septembre \u00e0 novembre\" \/>\n<meta property=\"og:url\" content=\"https:\/\/newsestlyonnais.fr\/site\/2018\/09\/03\/jonage-collecte-des-dechets-verts-mise-en-place-par-la-metropole-de-lyon-de-septembre-a-novembre\/\" \/>\n<meta property=\"og:site_name\" content=\"News Est Lyonnais\" \/>\n<meta property=\"article:author\" content=\"https:\/\/www.facebook.com\/pascal.oberson.1?fref=ts\" \/>\n<meta property=\"article:published_time\" content=\"2018-09-03T06:01:31+00:00\" \/>\n<meta property=\"article:modified_time\" content=\"2020-11-07T17:45:20+00:00\" \/>\n<meta property=\"og:image\" content=\"https:\/\/i0.wp.com\/newsestlyonnais.fr\/site\/wp-content\/uploads\/2018\/09\/NEWSESRLYONNAIS-COLLECTE-DECHETS.jpg?fit=2338%2C1654&ssl=1\" \/>\n\t<meta property=\"og:image:width\" content=\"2338\" \/>\n\t<meta property=\"og:image:height\" content=\"1654\" \/>\n\t<meta property=\"og:image:type\" content=\"image\/jpeg\" \/>\n<meta name=\"author\" content=\"R\u00e9dac. NEWS\" \/>\n<meta name=\"twitter:card\" content=\"summary_large_image\" \/>\n<meta name=\"twitter:label1\" content=\"\u00c9crit par\" \/>\n\t<meta name=\"twitter:data1\" content=\"R\u00e9dac. NEWS\" \/>\n\t<meta name=\"twitter:label2\" content=\"Dur\u00e9e de lecture estim\u00e9e\" \/>\n\t<meta name=\"twitter:data2\" content=\"1 minute\" \/>\n<script type=\"application\/ld+json\" class=\"yoast-schema-graph\">{\"@context\":\"https:\/\/schema.org\",\"@graph\":[{\"@type\":\"Article\",\"@id\":\"https:\/\/newsestlyonnais.fr\/site\/2018\/09\/03\/jonage-collecte-des-dechets-verts-mise-en-place-par-la-metropole-de-lyon-de-septembre-a-novembre\/#article\",\"isPartOf\":{\"@id\":\"https:\/\/newsestlyonnais.fr\/site\/2018\/09\/03\/jonage-collecte-des-dechets-verts-mise-en-place-par-la-metropole-de-lyon-de-septembre-a-novembre\/\"},\"author\":{\"name\":\"R\u00e9dac. NEWS\",\"@id\":\"https:\/\/newsestlyonnais.fr\/site\/#\/schema\/person\/3230d5615f390bb808365d673001e887\"},\"headline\":\"JONAGE | Collecte des d\u00e9chets verts mise en place par la M\u00e9tropole de Lyon de septembre \u00e0 novembre\",\"datePublished\":\"2018-09-03T06:01:31+00:00\",\"dateModified\":\"2020-11-07T17:45:20+00:00\",\"mainEntityOfPage\":{\"@id\":\"https:\/\/newsestlyonnais.fr\/site\/2018\/09\/03\/jonage-collecte-des-dechets-verts-mise-en-place-par-la-metropole-de-lyon-de-septembre-a-novembre\/\"},\"wordCount\":246,\"commentCount\":0,\"publisher\":{\"@id\":\"https:\/\/newsestlyonnais.fr\/site\/#organization\"},\"image\":{\"@id\":\"https:\/\/newsestlyonnais.fr\/site\/2018\/09\/03\/jonage-collecte-des-dechets-verts-mise-en-place-par-la-metropole-de-lyon-de-septembre-a-novembre\/#primaryimage\"},\"thumbnailUrl\":\"https:\/\/newsestlyonnais.fr\/site\/wp-content\/uploads\/2018\/09\/NEWSESRLYONNAIS-COLLECTE-DECHETS.jpg\",\"articleSection\":[\"Jonage\",\"Nature | Environnement | Chasse\"],\"inLanguage\":\"fr-FR\",\"potentialAction\":[{\"@type\":\"CommentAction\",\"name\":\"Comment\",\"target\":[\"https:\/\/newsestlyonnais.fr\/site\/2018\/09\/03\/jonage-collecte-des-dechets-verts-mise-en-place-par-la-metropole-de-lyon-de-septembre-a-novembre\/#respond\"]}]},{\"@type\":\"WebPage\",\"@id\":\"https:\/\/newsestlyonnais.fr\/site\/2018\/09\/03\/jonage-collecte-des-dechets-verts-mise-en-place-par-la-metropole-de-lyon-de-septembre-a-novembre\/\",\"url\":\"https:\/\/newsestlyonnais.fr\/site\/2018\/09\/03\/jonage-collecte-des-dechets-verts-mise-en-place-par-la-metropole-de-lyon-de-septembre-a-novembre\/\",\"name\":\"JONAGE : Collecte des d\u00e9chets verts mise en place par la M\u00e9tropole de Lyon de septembre \u00e0 novembre\",\"isPartOf\":{\"@id\":\"https:\/\/newsestlyonnais.fr\/site\/#website\"},\"primaryImageOfPage\":{\"@id\":\"https:\/\/newsestlyonnais.fr\/site\/2018\/09\/03\/jonage-collecte-des-dechets-verts-mise-en-place-par-la-metropole-de-lyon-de-septembre-a-novembre\/#primaryimage\"},\"image\":{\"@id\":\"https:\/\/newsestlyonnais.fr\/site\/2018\/09\/03\/jonage-collecte-des-dechets-verts-mise-en-place-par-la-metropole-de-lyon-de-septembre-a-novembre\/#primaryimage\"},\"thumbnailUrl\":\"https:\/\/newsestlyonnais.fr\/site\/wp-content\/uploads\/2018\/09\/NEWSESRLYONNAIS-COLLECTE-DECHETS.jpg\",\"datePublished\":\"2018-09-03T06:01:31+00:00\",\"dateModified\":\"2020-11-07T17:45:20+00:00\",\"description\":\"JONAGE : Collecte des d\u00e9chets verts mise en place par la M\u00e9tropole de Lyon de septembre \u00e0 novembre\",\"breadcrumb\":{\"@id\":\"https:\/\/newsestlyonnais.fr\/site\/2018\/09\/03\/jonage-collecte-des-dechets-verts-mise-en-place-par-la-metropole-de-lyon-de-septembre-a-novembre\/#breadcrumb\"},\"inLanguage\":\"fr-FR\",\"potentialAction\":[{\"@type\":\"ReadAction\",\"target\":[\"https:\/\/newsestlyonnais.fr\/site\/2018\/09\/03\/jonage-collecte-des-dechets-verts-mise-en-place-par-la-metropole-de-lyon-de-septembre-a-novembre\/\"]}]},{\"@type\":\"ImageObject\",\"inLanguage\":\"fr-FR\",\"@id\":\"https:\/\/newsestlyonnais.fr\/site\/2018\/09\/03\/jonage-collecte-des-dechets-verts-mise-en-place-par-la-metropole-de-lyon-de-septembre-a-novembre\/#primaryimage\",\"url\":\"https:\/\/newsestlyonnais.fr\/site\/wp-content\/uploads\/2018\/09\/NEWSESRLYONNAIS-COLLECTE-DECHETS.jpg\",\"contentUrl\":\"https:\/\/newsestlyonnais.fr\/site\/wp-content\/uploads\/2018\/09\/NEWSESRLYONNAIS-COLLECTE-DECHETS.jpg\",\"width\":2338,\"height\":1654,\"caption\":\"NEWSESTLYONNAIS COLLECTE DECHETS\"},{\"@type\":\"BreadcrumbList\",\"@id\":\"https:\/\/newsestlyonnais.fr\/site\/2018\/09\/03\/jonage-collecte-des-dechets-verts-mise-en-place-par-la-metropole-de-lyon-de-septembre-a-novembre\/#breadcrumb\",\"itemListElement\":[{\"@type\":\"ListItem\",\"position\":1,\"name\":\"Accueil\",\"item\":\"https:\/\/newsestlyonnais.fr\/site\/\"},{\"@type\":\"ListItem\",\"position\":2,\"name\":\"JONAGE | Collecte des d\u00e9chets verts mise en place par la M\u00e9tropole de Lyon de septembre \u00e0 novembre\"}]},{\"@type\":\"WebSite\",\"@id\":\"https:\/\/newsestlyonnais.fr\/site\/#website\",\"url\":\"https:\/\/newsestlyonnais.fr\/site\/\",\"name\":\"News Est Lyonnais\",\"description\":\"L&#039;actualit\u00e9 au plus pr\u00e8s\",\"publisher\":{\"@id\":\"https:\/\/newsestlyonnais.fr\/site\/#organization\"},\"potentialAction\":[{\"@type\":\"SearchAction\",\"target\":{\"@type\":\"EntryPoint\",\"urlTemplate\":\"https:\/\/newsestlyonnais.fr\/site\/?s={search_term_string}\"},\"query-input\":{\"@type\":\"PropertyValueSpecification\",\"valueRequired\":true,\"valueName\":\"search_term_string\"}}],\"inLanguage\":\"fr-FR\"},{\"@type\":\"Organization\",\"@id\":\"https:\/\/newsestlyonnais.fr\/site\/#organization\",\"name\":\"News EST LYONNAIS\",\"url\":\"https:\/\/newsestlyonnais.fr\/site\/\",\"logo\":{\"@type\":\"ImageObject\",\"inLanguage\":\"fr-FR\",\"@id\":\"https:\/\/newsestlyonnais.fr\/site\/#\/schema\/logo\/image\/\",\"url\":\"\",\"contentUrl\":\"\",\"caption\":\"News EST LYONNAIS\"},\"image\":{\"@id\":\"https:\/\/newsestlyonnais.fr\/site\/#\/schema\/logo\/image\/\"}},{\"@type\":\"Person\",\"@id\":\"https:\/\/newsestlyonnais.fr\/site\/#\/schema\/person\/3230d5615f390bb808365d673001e887\",\"name\":\"R\u00e9dac. NEWS\",\"sameAs\":[\"http:\/\/www.newsestlyonnais.fr\",\"https:\/\/www.facebook.com\/pascal.oberson.1?fref=ts\",\"https:\/\/fr.linkedin.com\/in\/pascal-oberson-b17045113\"],\"url\":\"https:\/\/newsestlyonnais.fr\/site\/author\/nel\/\"}]}<\/script>\n<!-- \/ Yoast SEO plugin. -->","yoast_head_json":{"title":"JONAGE : Collecte des d\u00e9chets verts mise en place par la M\u00e9tropole de Lyon de septembre \u00e0 novembre","description":"JONAGE : Collecte des d\u00e9chets verts mise en place par la M\u00e9tropole de Lyon de septembre \u00e0 novembre","robots":{"index":"index","follow":"follow","max-snippet":"max-snippet:-1","max-image-preview":"max-image-preview:large","max-video-preview":"max-video-preview:-1"},"canonical":"https:\/\/newsestlyonnais.fr\/site\/2018\/09\/03\/jonage-collecte-des-dechets-verts-mise-en-place-par-la-metropole-de-lyon-de-septembre-a-novembre\/","og_locale":"fr_FR","og_type":"article","og_title":"JONAGE : Collecte des d\u00e9chets verts mise en place par la M\u00e9tropole de Lyon de septembre \u00e0 novembre","og_description":"JONAGE : Collecte des d\u00e9chets verts mise en place par la M\u00e9tropole de Lyon de septembre \u00e0 novembre","og_url":"https:\/\/newsestlyonnais.fr\/site\/2018\/09\/03\/jonage-collecte-des-dechets-verts-mise-en-place-par-la-metropole-de-lyon-de-septembre-a-novembre\/","og_site_name":"News Est Lyonnais","article_author":"https:\/\/www.facebook.com\/pascal.oberson.1?fref=ts","article_published_time":"2018-09-03T06:01:31+00:00","article_modified_time":"2020-11-07T17:45:20+00:00","og_image":[{"width":2338,"height":1654,"url":"https:\/\/i0.wp.com\/newsestlyonnais.fr\/site\/wp-content\/uploads\/2018\/09\/NEWSESRLYONNAIS-COLLECTE-DECHETS.jpg?fit=2338%2C1654&ssl=1","type":"image\/jpeg"}],"author":"R\u00e9dac. NEWS","twitter_card":"summary_large_image","twitter_misc":{"\u00c9crit par":"R\u00e9dac. NEWS","Dur\u00e9e de lecture estim\u00e9e":"1 minute"},"schema":{"@context":"https:\/\/schema.org","@graph":[{"@type":"Article","@id":"https:\/\/newsestlyonnais.fr\/site\/2018\/09\/03\/jonage-collecte-des-dechets-verts-mise-en-place-par-la-metropole-de-lyon-de-septembre-a-novembre\/#article","isPartOf":{"@id":"https:\/\/newsestlyonnais.fr\/site\/2018\/09\/03\/jonage-collecte-des-dechets-verts-mise-en-place-par-la-metropole-de-lyon-de-septembre-a-novembre\/"},"author":{"name":"R\u00e9dac. NEWS","@id":"https:\/\/newsestlyonnais.fr\/site\/#\/schema\/person\/3230d5615f390bb808365d673001e887"},"headline":"JONAGE | Collecte des d\u00e9chets verts mise en place par la M\u00e9tropole de Lyon de septembre \u00e0 novembre","datePublished":"2018-09-03T06:01:31+00:00","dateModified":"2020-11-07T17:45:20+00:00","mainEntityOfPage":{"@id":"https:\/\/newsestlyonnais.fr\/site\/2018\/09\/03\/jonage-collecte-des-dechets-verts-mise-en-place-par-la-metropole-de-lyon-de-septembre-a-novembre\/"},"wordCount":246,"commentCount":0,"publisher":{"@id":"https:\/\/newsestlyonnais.fr\/site\/#organization"},"image":{"@id":"https:\/\/newsestlyonnais.fr\/site\/2018\/09\/03\/jonage-collecte-des-dechets-verts-mise-en-place-par-la-metropole-de-lyon-de-septembre-a-novembre\/#primaryimage"},"thumbnailUrl":"https:\/\/newsestlyonnais.fr\/site\/wp-content\/uploads\/2018\/09\/NEWSESRLYONNAIS-COLLECTE-DECHETS.jpg","articleSection":["Jonage","Nature | Environnement | Chasse"],"inLanguage":"fr-FR","potentialAction":[{"@type":"CommentAction","name":"Comment","target":["https:\/\/newsestlyonnais.fr\/site\/2018\/09\/03\/jonage-collecte-des-dechets-verts-mise-en-place-par-la-metropole-de-lyon-de-septembre-a-novembre\/#respond"]}]},{"@type":"WebPage","@id":"https:\/\/newsestlyonnais.fr\/site\/2018\/09\/03\/jonage-collecte-des-dechets-verts-mise-en-place-par-la-metropole-de-lyon-de-septembre-a-novembre\/","url":"https:\/\/newsestlyonnais.fr\/site\/2018\/09\/03\/jonage-collecte-des-dechets-verts-mise-en-place-par-la-metropole-de-lyon-de-septembre-a-novembre\/","name":"JONAGE : Collecte des d\u00e9chets verts mise en place par la M\u00e9tropole de Lyon de septembre \u00e0 novembre","isPartOf":{"@id":"https:\/\/newsestlyonnais.fr\/site\/#website"},"primaryImageOfPage":{"@id":"https:\/\/newsestlyonnais.fr\/site\/2018\/09\/03\/jonage-collecte-des-dechets-verts-mise-en-place-par-la-metropole-de-lyon-de-septembre-a-novembre\/#primaryimage"},"image":{"@id":"https:\/\/newsestlyonnais.fr\/site\/2018\/09\/03\/jonage-collecte-des-dechets-verts-mise-en-place-par-la-metropole-de-lyon-de-septembre-a-novembre\/#primaryimage"},"thumbnailUrl":"https:\/\/newsestlyonnais.fr\/site\/wp-content\/uploads\/2018\/09\/NEWSESRLYONNAIS-COLLECTE-DECHETS.jpg","datePublished":"2018-09-03T06:01:31+00:00","dateModified":"2020-11-07T17:45:20+00:00","description":"JONAGE : Collecte des d\u00e9chets verts mise en place par la M\u00e9tropole de Lyon de septembre \u00e0 novembre","breadcrumb":{"@id":"https:\/\/newsestlyonnais.fr\/site\/2018\/09\/03\/jonage-collecte-des-dechets-verts-mise-en-place-par-la-metropole-de-lyon-de-septembre-a-novembre\/#breadcrumb"},"inLanguage":"fr-FR","potentialAction":[{"@type":"ReadAction","target":["https:\/\/newsestlyonnais.fr\/site\/2018\/09\/03\/jonage-collecte-des-dechets-verts-mise-en-place-par-la-metropole-de-lyon-de-septembre-a-novembre\/"]}]},{"@type":"ImageObject","inLanguage":"fr-FR","@id":"https:\/\/newsestlyonnais.fr\/site\/2018\/09\/03\/jonage-collecte-des-dechets-verts-mise-en-place-par-la-metropole-de-lyon-de-septembre-a-novembre\/#primaryimage","url":"https:\/\/newsestlyonnais.fr\/site\/wp-content\/uploads\/2018\/09\/NEWSESRLYONNAIS-COLLECTE-DECHETS.jpg","contentUrl":"https:\/\/newsestlyonnais.fr\/site\/wp-content\/uploads\/2018\/09\/NEWSESRLYONNAIS-COLLECTE-DECHETS.jpg","width":2338,"height":1654,"caption":"NEWSESTLYONNAIS COLLECTE DECHETS"},{"@type":"BreadcrumbList","@id":"https:\/\/newsestlyonnais.fr\/site\/2018\/09\/03\/jonage-collecte-des-dechets-verts-mise-en-place-par-la-metropole-de-lyon-de-septembre-a-novembre\/#breadcrumb","itemListElement":[{"@type":"ListItem","position":1,"name":"Accueil","item":"https:\/\/newsestlyonnais.fr\/site\/"},{"@type":"ListItem","position":2,"name":"JONAGE | Collecte des d\u00e9chets verts mise en place par la M\u00e9tropole de Lyon de septembre \u00e0 novembre"}]},{"@type":"WebSite","@id":"https:\/\/newsestlyonnais.fr\/site\/#website","url":"https:\/\/newsestlyonnais.fr\/site\/","name":"News Est Lyonnais","description":"L&#039;actualit\u00e9 au plus pr\u00e8s","publisher":{"@id":"https:\/\/newsestlyonnais.fr\/site\/#organization"},"potentialAction":[{"@type":"SearchAction","target":{"@type":"EntryPoint","urlTemplate":"https:\/\/newsestlyonnais.fr\/site\/?s={search_term_string}"},"query-input":{"@type":"PropertyValueSpecification","valueRequired":true,"valueName":"search_term_string"}}],"inLanguage":"fr-FR"},{"@type":"Organization","@id":"https:\/\/newsestlyonnais.fr\/site\/#organization","name":"News EST LYONNAIS","url":"https:\/\/newsestlyonnais.fr\/site\/","logo":{"@type":"ImageObject","inLanguage":"fr-FR","@id":"https:\/\/newsestlyonnais.fr\/site\/#\/schema\/logo\/image\/","url":"","contentUrl":"","caption":"News EST LYONNAIS"},"image":{"@id":"https:\/\/newsestlyonnais.fr\/site\/#\/schema\/logo\/image\/"}},{"@type":"Person","@id":"https:\/\/newsestlyonnais.fr\/site\/#\/schema\/person\/3230d5615f390bb808365d673001e887","name":"R\u00e9dac. NEWS","sameAs":["http:\/\/www.newsestlyonnais.fr","https:\/\/www.facebook.com\/pascal.oberson.1?fref=ts","https:\/\/fr.linkedin.com\/in\/pascal-oberson-b17045113"],"url":"https:\/\/newsestlyonnais.fr\/site\/author\/nel\/"}]}},"_links":{"self":[{"href":"https:\/\/newsestlyonnais.fr\/site\/wp-json\/wp\/v2\/posts\/55857","targetHints":{"allow":["GET"]}}],"collection":[{"href":"https:\/\/newsestlyonnais.fr\/site\/wp-json\/wp\/v2\/posts"}],"about":[{"href":"https:\/\/newsestlyonnais.fr\/site\/wp-json\/wp\/v2\/types\/post"}],"author":[{"embeddable":true,"href":"https:\/\/newsestlyonnais.fr\/site\/wp-json\/wp\/v2\/users\/4"}],"replies":[{"embeddable":true,"href":"https:\/\/newsestlyonnais.fr\/site\/wp-json\/wp\/v2\/comments?post=55857"}],"version-history":[{"count":0,"href":"https:\/\/newsestlyonnais.fr\/site\/wp-json\/wp\/v2\/posts\/55857\/revisions"}],"wp:featuredmedia":[{"embeddable":true,"href":"https:\/\/newsestlyonnais.fr\/site\/wp-json\/wp\/v2\/media\/55859"}],"wp:attachment":[{"href":"https:\/\/newsestlyonnais.fr\/site\/wp-json\/wp\/v2\/media?parent=55857"}],"wp:term":[{"taxonomy":"category","embeddable":true,"href":"https:\/\/newsestlyonnais.fr\/site\/wp-json\/wp\/v2\/categories?post=55857"},{"taxonomy":"post_tag","embeddable":true,"href":"https:\/\/newsestlyonnais.fr\/site\/wp-json\/wp\/v2\/tags?post=55857"}],"curies":[{"name":"wp","href":"https:\/\/api.w.org\/{rel}","templated":true}]}}