{"id":55905,"date":"2018-09-07T06:06:37","date_gmt":"2018-09-07T05:06:37","guid":{"rendered":"http:\/\/newsestlyonnais.fr\/site\/?p=55905"},"modified":"2020-10-30T14:38:39","modified_gmt":"2020-10-30T13:38:39","slug":"saint-bonnet-saint-laurent-de-mure-genas-4-edition-de-run-in-2-mure","status":"publish","type":"post","link":"https:\/\/newsestlyonnais.fr\/site\/2018\/09\/07\/saint-bonnet-saint-laurent-de-mure-genas-4-edition-de-run-in-2-mure\/","title":{"rendered":"ST BONNET \/ ST LAURENT DE MURE \/ GENAS : 4\u00b0 \u00e9dition de Run In 2 Mure"},"content":{"rendered":"<h4>Organis\u00e9e par la Foul\u00e9e Muroise, la 4\u00b0 \u00e9dition de \u00ab\u00a0Run In 2 Mure\u00a0\u00bb aura lieu le 3\u00b0 dimanche de septembre et traversera 3 communes : Saint Bonnet &amp; Saint Laurent de Mure mais aussi Genas.<\/h4>\n<p>Christophe Bourgeois, pr\u00e9sident du club intercommunal murois et son \u00e9quipe ont mobilis\u00e9s 185 b\u00e9n\u00e9voles pour le jour J, issus de la section mais aussi d&rsquo;autres associations locales amies sans compter l&rsquo;appui des 3 municipalit\u00e9s et des partenaires dont le S.I.M. et TERRE DE RUNNING.<\/p>\n<p>\u00a0\u00bb Cette ann\u00e9e nous avons d\u00e9cid\u00e9 de conserver la formule adopt\u00e9e en 2017 avec un parcours invers\u00e9 par rapport aux 2 premi\u00e8res \u00e9ditions. Il avait d&rsquo;ailleurs bien plu et nous avions enregistr\u00e9 668 participants (sur 10 &amp; semi) sans compter les 100 jeunes kids ! Ce sont vraiment des parcours roulants et \u00e0 15 jours du d\u00e9part nous avons d\u00e9j\u00e0 enregistr\u00e9 250 inscriptions.<\/p>\n<p>Nous avons mis un accent particulier sur les 2 courses enfants (1 &amp; 1,8 kms pour les 7 \u00e0 11 ans) et sur celles r\u00e9serv\u00e9es aux handisports. C&rsquo;est une \u00e9preuve que nous avons voulu conviviale et familiale et qui est id\u00e9ale \u00e0 3 semaines du \u00ab\u00a0Run In Lyon\u00a0\u00bb ! \u00a0\u00bb confie le pr\u00e9sident du club organisateur.<\/p>\n<p><span style=\"text-decoration: underline\"><em><strong>NOTA<\/strong> <\/em><\/span>: Comme pour les 3 \u00e9ditions pr\u00e9c\u00e9dentes, une partie des b\u00e9n\u00e9fices sera revers\u00e9e au profit de \u00ab\u00a0Sourire Ensemble\u00a0\u00bb qui soutient l&rsquo;enfance handicap\u00e9e.<\/p>\n<p><span style=\"text-decoration: underline\">Le club sera pr\u00e9sent samedi 8 septembre au Forum des Associations \u00e0 St Laurent de Mure.<\/span><\/p>\n<p><span style=\"text-decoration: underline\"><em><strong>Inscriptions et infos sur<\/strong><\/em><\/span> :<\/p>\n<ul>\n<li><strong>10 km \/ semi-marathon et handisport<\/strong> : <a href=\"https:\/\/inscriptions-terrederunning.com\/ri2m2018\/select_competition\" target=\"_blank\" rel=\"noopener noreferrer\">https:\/\/inscriptions-terrederunning.com\/ri2m2018\/select_competition<\/a><\/li>\n<li><strong>courses enfants<\/strong> : <a href=\"https:\/\/www.helloasso.com\/associations\/la-foulee-muroise\/evenements\/ri2m-kids-16-septembre-2018\" target=\"_blank\" rel=\"noopener noreferrer\">https:\/\/www.helloasso.com\/associations\/la-foulee-muroise\/evenements\/ri2m-kids-16-septembre-2018<\/a><\/li>\n<\/ul>\n<div id='gallery-1' class='gallery galleryid-55905 gallery-columns-3 gallery-size-thumbnail'><figure class='gallery-item'>\n\t\t\t<div class='gallery-icon landscape'>\n\t\t\t\t<a href='https:\/\/newsestlyonnais.fr\/site\/newsestlyonnais-run-in-2-mure-3\/'><img loading=\"lazy\" decoding=\"async\" width=\"150\" height=\"150\" src=\"https:\/\/newsestlyonnais.fr\/site\/wp-content\/uploads\/2018\/02\/NEWSESTLYONNAIS-run-in-2-mure-150x150.jpg\" class=\"attachment-thumbnail size-thumbnail\" alt=\"EWSESTLYONNAIS -run in 2 mure\" aria-describedby=\"gallery-1-44321\" \/><\/a>\n\t\t\t<\/div>\n\t\t\t\t<figcaption class='wp-caption-text gallery-caption' id='gallery-1-44321'>\n\t\t\t\t      L&rsquo;affiche de l&rsquo;\u00e9preuve \n\t\t\t\t<\/figcaption><\/figure><figure class='gallery-item'>\n\t\t\t<div class='gallery-icon landscape'>\n\t\t\t\t<a href='https:\/\/newsestlyonnais.fr\/site\/2018\/09\/07\/saint-bonnet-saint-laurent-de-mure-genas-4-edition-de-run-in-2-mure\/newsestlyonnais-foulee-sourire-2\/'><img loading=\"lazy\" decoding=\"async\" width=\"150\" height=\"150\" src=\"https:\/\/newsestlyonnais.fr\/site\/wp-content\/uploads\/2018\/09\/NEWSESTLYONNAIS-FOULEE-SOURIRE-150x150.jpg\" class=\"attachment-thumbnail size-thumbnail\" alt=\"\" aria-describedby=\"gallery-1-55910\" \/><\/a>\n\t\t\t<\/div>\n\t\t\t\t<figcaption class='wp-caption-text gallery-caption' id='gallery-1-55910'>\n\t\t\t\tLa somme de 7000 \u20ac avait pu \u00eatre revers\u00e9e \u00e0 Sourire Ensemble en 2017 \n\t\t\t\t<\/figcaption><\/figure>\n\t\t<\/div>\n\n","protected":false},"excerpt":{"rendered":"<p>Organis\u00e9e par la Foul\u00e9e Muroise, la 4\u00b0 \u00e9dition de \u00ab\u00a0Run In 2 Mure\u00a0\u00bb aura lieu le 3\u00b0 dimanche de septembre et traversera 3 communes : Saint Bonnet &amp; Saint Laurent de Mure mais aussi Genas. Christophe Bourgeois, pr\u00e9sident du club intercommunal murois et son \u00e9quipe ont mobilis\u00e9s 185 b\u00e9n\u00e9voles pour le jour J, issus de [&hellip;]<\/p>\n","protected":false},"author":4,"featured_media":44321,"comment_status":"open","ping_status":"open","sticky":false,"template":"","format":"standard","meta":{"footnotes":""},"categories":[2968,270,1598,1282],"tags":[],"class_list":["post-55905","post","type-post","status-publish","format-standard","has-post-thumbnail","hentry","category-athle-course-pied-marche","category-cte-de-communes-c-c-e-l","category-genas","category-st-bonnet-st-laurent-de-mure"],"yoast_head":"<!-- This site is optimized with the Yoast SEO plugin v27.2 - https:\/\/yoast.com\/product\/yoast-seo-wordpress\/ -->\n<title>ST BONNET \/ ST LAURENT DE MURE \/ GENAS : 4\u00b0 \u00e9dition de Run In 2 Mure - News Est Lyonnais<\/title>\n<meta name=\"robots\" content=\"index, follow, max-snippet:-1, max-image-preview:large, max-video-preview:-1\" \/>\n<link rel=\"canonical\" href=\"https:\/\/newsestlyonnais.fr\/site\/2018\/09\/07\/saint-bonnet-saint-laurent-de-mure-genas-4-edition-de-run-in-2-mure\/\" \/>\n<meta property=\"og:locale\" content=\"fr_FR\" \/>\n<meta property=\"og:type\" content=\"article\" \/>\n<meta property=\"og:title\" content=\"ST BONNET \/ ST LAURENT DE MURE \/ GENAS : 4\u00b0 \u00e9dition de Run In 2 Mure - News Est Lyonnais\" \/>\n<meta property=\"og:description\" content=\"Organis\u00e9e par la Foul\u00e9e Muroise, la 4\u00b0 \u00e9dition de \u00ab\u00a0Run In 2 Mure\u00a0\u00bb aura lieu le 3\u00b0 dimanche de septembre et traversera 3 communes : Saint Bonnet &amp; Saint Laurent de Mure mais aussi Genas. Christophe Bourgeois, pr\u00e9sident du club intercommunal murois et son \u00e9quipe ont mobilis\u00e9s 185 b\u00e9n\u00e9voles pour le jour J, issus de [&hellip;]\" \/>\n<meta property=\"og:url\" content=\"https:\/\/newsestlyonnais.fr\/site\/2018\/09\/07\/saint-bonnet-saint-laurent-de-mure-genas-4-edition-de-run-in-2-mure\/\" \/>\n<meta property=\"og:site_name\" content=\"News Est Lyonnais\" \/>\n<meta property=\"article:author\" content=\"https:\/\/www.facebook.com\/pascal.oberson.1?fref=ts\" \/>\n<meta property=\"article:published_time\" content=\"2018-09-07T05:06:37+00:00\" \/>\n<meta property=\"article:modified_time\" content=\"2020-10-30T13:38:39+00:00\" \/>\n<meta property=\"og:image\" content=\"https:\/\/i1.wp.com\/newsestlyonnais.fr\/site\/wp-content\/uploads\/2018\/02\/NEWSESTLYONNAIS-run-in-2-mure.jpg?fit=2338%2C1654&ssl=1\" \/>\n\t<meta property=\"og:image:width\" content=\"2338\" \/>\n\t<meta property=\"og:image:height\" content=\"1654\" \/>\n\t<meta property=\"og:image:type\" content=\"image\/jpeg\" \/>\n<meta name=\"author\" content=\"R\u00e9dac. NEWS\" \/>\n<meta name=\"twitter:card\" content=\"summary_large_image\" \/>\n<meta name=\"twitter:label1\" content=\"\u00c9crit par\" \/>\n\t<meta name=\"twitter:data1\" content=\"R\u00e9dac. NEWS\" \/>\n\t<meta name=\"twitter:label2\" content=\"Dur\u00e9e de lecture estim\u00e9e\" \/>\n\t<meta name=\"twitter:data2\" content=\"1 minute\" \/>\n<script type=\"application\/ld+json\" class=\"yoast-schema-graph\">{\"@context\":\"https:\/\/schema.org\",\"@graph\":[{\"@type\":\"Article\",\"@id\":\"https:\/\/newsestlyonnais.fr\/site\/2018\/09\/07\/saint-bonnet-saint-laurent-de-mure-genas-4-edition-de-run-in-2-mure\/#article\",\"isPartOf\":{\"@id\":\"https:\/\/newsestlyonnais.fr\/site\/2018\/09\/07\/saint-bonnet-saint-laurent-de-mure-genas-4-edition-de-run-in-2-mure\/\"},\"author\":{\"name\":\"R\u00e9dac. NEWS\",\"@id\":\"https:\/\/newsestlyonnais.fr\/site\/#\/schema\/person\/3230d5615f390bb808365d673001e887\"},\"headline\":\"ST BONNET \/ ST LAURENT DE MURE \/ GENAS : 4\u00b0 \u00e9dition de Run In 2 Mure\",\"datePublished\":\"2018-09-07T05:06:37+00:00\",\"dateModified\":\"2020-10-30T13:38:39+00:00\",\"mainEntityOfPage\":{\"@id\":\"https:\/\/newsestlyonnais.fr\/site\/2018\/09\/07\/saint-bonnet-saint-laurent-de-mure-genas-4-edition-de-run-in-2-mure\/\"},\"wordCount\":280,\"commentCount\":0,\"publisher\":{\"@id\":\"https:\/\/newsestlyonnais.fr\/site\/#organization\"},\"image\":{\"@id\":\"https:\/\/newsestlyonnais.fr\/site\/2018\/09\/07\/saint-bonnet-saint-laurent-de-mure-genas-4-edition-de-run-in-2-mure\/#primaryimage\"},\"thumbnailUrl\":\"https:\/\/newsestlyonnais.fr\/site\/wp-content\/uploads\/2018\/02\/NEWSESTLYONNAIS-run-in-2-mure.jpg\",\"articleSection\":[\"Athl\u00e9 | Course pied | Marche\",\"CCEL | Communes\",\"Genas\",\"St Bonnet | St Laurent de Mure\"],\"inLanguage\":\"fr-FR\",\"potentialAction\":[{\"@type\":\"CommentAction\",\"name\":\"Comment\",\"target\":[\"https:\/\/newsestlyonnais.fr\/site\/2018\/09\/07\/saint-bonnet-saint-laurent-de-mure-genas-4-edition-de-run-in-2-mure\/#respond\"]}]},{\"@type\":\"WebPage\",\"@id\":\"https:\/\/newsestlyonnais.fr\/site\/2018\/09\/07\/saint-bonnet-saint-laurent-de-mure-genas-4-edition-de-run-in-2-mure\/\",\"url\":\"https:\/\/newsestlyonnais.fr\/site\/2018\/09\/07\/saint-bonnet-saint-laurent-de-mure-genas-4-edition-de-run-in-2-mure\/\",\"name\":\"ST BONNET \/ ST LAURENT DE MURE \/ GENAS : 4\u00b0 \u00e9dition de Run In 2 Mure - News Est Lyonnais\",\"isPartOf\":{\"@id\":\"https:\/\/newsestlyonnais.fr\/site\/#website\"},\"primaryImageOfPage\":{\"@id\":\"https:\/\/newsestlyonnais.fr\/site\/2018\/09\/07\/saint-bonnet-saint-laurent-de-mure-genas-4-edition-de-run-in-2-mure\/#primaryimage\"},\"image\":{\"@id\":\"https:\/\/newsestlyonnais.fr\/site\/2018\/09\/07\/saint-bonnet-saint-laurent-de-mure-genas-4-edition-de-run-in-2-mure\/#primaryimage\"},\"thumbnailUrl\":\"https:\/\/newsestlyonnais.fr\/site\/wp-content\/uploads\/2018\/02\/NEWSESTLYONNAIS-run-in-2-mure.jpg\",\"datePublished\":\"2018-09-07T05:06:37+00:00\",\"dateModified\":\"2020-10-30T13:38:39+00:00\",\"breadcrumb\":{\"@id\":\"https:\/\/newsestlyonnais.fr\/site\/2018\/09\/07\/saint-bonnet-saint-laurent-de-mure-genas-4-edition-de-run-in-2-mure\/#breadcrumb\"},\"inLanguage\":\"fr-FR\",\"potentialAction\":[{\"@type\":\"ReadAction\",\"target\":[\"https:\/\/newsestlyonnais.fr\/site\/2018\/09\/07\/saint-bonnet-saint-laurent-de-mure-genas-4-edition-de-run-in-2-mure\/\"]}]},{\"@type\":\"ImageObject\",\"inLanguage\":\"fr-FR\",\"@id\":\"https:\/\/newsestlyonnais.fr\/site\/2018\/09\/07\/saint-bonnet-saint-laurent-de-mure-genas-4-edition-de-run-in-2-mure\/#primaryimage\",\"url\":\"https:\/\/newsestlyonnais.fr\/site\/wp-content\/uploads\/2018\/02\/NEWSESTLYONNAIS-run-in-2-mure.jpg\",\"contentUrl\":\"https:\/\/newsestlyonnais.fr\/site\/wp-content\/uploads\/2018\/02\/NEWSESTLYONNAIS-run-in-2-mure.jpg\",\"width\":2338,\"height\":1654,\"caption\":\"L'affiche de l'\u00e9preuve\"},{\"@type\":\"BreadcrumbList\",\"@id\":\"https:\/\/newsestlyonnais.fr\/site\/2018\/09\/07\/saint-bonnet-saint-laurent-de-mure-genas-4-edition-de-run-in-2-mure\/#breadcrumb\",\"itemListElement\":[{\"@type\":\"ListItem\",\"position\":1,\"name\":\"Accueil\",\"item\":\"https:\/\/newsestlyonnais.fr\/site\/\"},{\"@type\":\"ListItem\",\"position\":2,\"name\":\"ST BONNET \/ ST LAURENT DE MURE \/ GENAS : 4\u00b0 \u00e9dition de Run In 2 Mure\"}]},{\"@type\":\"WebSite\",\"@id\":\"https:\/\/newsestlyonnais.fr\/site\/#website\",\"url\":\"https:\/\/newsestlyonnais.fr\/site\/\",\"name\":\"News Est Lyonnais\",\"description\":\"L&#039;actualit\u00e9 au plus pr\u00e8s\",\"publisher\":{\"@id\":\"https:\/\/newsestlyonnais.fr\/site\/#organization\"},\"potentialAction\":[{\"@type\":\"SearchAction\",\"target\":{\"@type\":\"EntryPoint\",\"urlTemplate\":\"https:\/\/newsestlyonnais.fr\/site\/?s={search_term_string}\"},\"query-input\":{\"@type\":\"PropertyValueSpecification\",\"valueRequired\":true,\"valueName\":\"search_term_string\"}}],\"inLanguage\":\"fr-FR\"},{\"@type\":\"Organization\",\"@id\":\"https:\/\/newsestlyonnais.fr\/site\/#organization\",\"name\":\"News EST LYONNAIS\",\"url\":\"https:\/\/newsestlyonnais.fr\/site\/\",\"logo\":{\"@type\":\"ImageObject\",\"inLanguage\":\"fr-FR\",\"@id\":\"https:\/\/newsestlyonnais.fr\/site\/#\/schema\/logo\/image\/\",\"url\":\"\",\"contentUrl\":\"\",\"caption\":\"News EST LYONNAIS\"},\"image\":{\"@id\":\"https:\/\/newsestlyonnais.fr\/site\/#\/schema\/logo\/image\/\"}},{\"@type\":\"Person\",\"@id\":\"https:\/\/newsestlyonnais.fr\/site\/#\/schema\/person\/3230d5615f390bb808365d673001e887\",\"name\":\"R\u00e9dac. NEWS\",\"sameAs\":[\"http:\/\/www.newsestlyonnais.fr\",\"https:\/\/www.facebook.com\/pascal.oberson.1?fref=ts\",\"https:\/\/fr.linkedin.com\/in\/pascal-oberson-b17045113\"],\"url\":\"https:\/\/newsestlyonnais.fr\/site\/author\/nel\/\"}]}<\/script>\n<!-- \/ Yoast SEO plugin. -->","yoast_head_json":{"title":"ST BONNET \/ ST LAURENT DE MURE \/ GENAS : 4\u00b0 \u00e9dition de Run In 2 Mure - News Est Lyonnais","robots":{"index":"index","follow":"follow","max-snippet":"max-snippet:-1","max-image-preview":"max-image-preview:large","max-video-preview":"max-video-preview:-1"},"canonical":"https:\/\/newsestlyonnais.fr\/site\/2018\/09\/07\/saint-bonnet-saint-laurent-de-mure-genas-4-edition-de-run-in-2-mure\/","og_locale":"fr_FR","og_type":"article","og_title":"ST BONNET \/ ST LAURENT DE MURE \/ GENAS : 4\u00b0 \u00e9dition de Run In 2 Mure - News Est Lyonnais","og_description":"Organis\u00e9e par la Foul\u00e9e Muroise, la 4\u00b0 \u00e9dition de \u00ab\u00a0Run In 2 Mure\u00a0\u00bb aura lieu le 3\u00b0 dimanche de septembre et traversera 3 communes : Saint Bonnet &amp; Saint Laurent de Mure mais aussi Genas. Christophe Bourgeois, pr\u00e9sident du club intercommunal murois et son \u00e9quipe ont mobilis\u00e9s 185 b\u00e9n\u00e9voles pour le jour J, issus de [&hellip;]","og_url":"https:\/\/newsestlyonnais.fr\/site\/2018\/09\/07\/saint-bonnet-saint-laurent-de-mure-genas-4-edition-de-run-in-2-mure\/","og_site_name":"News Est Lyonnais","article_author":"https:\/\/www.facebook.com\/pascal.oberson.1?fref=ts","article_published_time":"2018-09-07T05:06:37+00:00","article_modified_time":"2020-10-30T13:38:39+00:00","og_image":[{"width":2338,"height":1654,"url":"https:\/\/i1.wp.com\/newsestlyonnais.fr\/site\/wp-content\/uploads\/2018\/02\/NEWSESTLYONNAIS-run-in-2-mure.jpg?fit=2338%2C1654&ssl=1","type":"image\/jpeg"}],"author":"R\u00e9dac. NEWS","twitter_card":"summary_large_image","twitter_misc":{"\u00c9crit par":"R\u00e9dac. NEWS","Dur\u00e9e de lecture estim\u00e9e":"1 minute"},"schema":{"@context":"https:\/\/schema.org","@graph":[{"@type":"Article","@id":"https:\/\/newsestlyonnais.fr\/site\/2018\/09\/07\/saint-bonnet-saint-laurent-de-mure-genas-4-edition-de-run-in-2-mure\/#article","isPartOf":{"@id":"https:\/\/newsestlyonnais.fr\/site\/2018\/09\/07\/saint-bonnet-saint-laurent-de-mure-genas-4-edition-de-run-in-2-mure\/"},"author":{"name":"R\u00e9dac. NEWS","@id":"https:\/\/newsestlyonnais.fr\/site\/#\/schema\/person\/3230d5615f390bb808365d673001e887"},"headline":"ST BONNET \/ ST LAURENT DE MURE \/ GENAS : 4\u00b0 \u00e9dition de Run In 2 Mure","datePublished":"2018-09-07T05:06:37+00:00","dateModified":"2020-10-30T13:38:39+00:00","mainEntityOfPage":{"@id":"https:\/\/newsestlyonnais.fr\/site\/2018\/09\/07\/saint-bonnet-saint-laurent-de-mure-genas-4-edition-de-run-in-2-mure\/"},"wordCount":280,"commentCount":0,"publisher":{"@id":"https:\/\/newsestlyonnais.fr\/site\/#organization"},"image":{"@id":"https:\/\/newsestlyonnais.fr\/site\/2018\/09\/07\/saint-bonnet-saint-laurent-de-mure-genas-4-edition-de-run-in-2-mure\/#primaryimage"},"thumbnailUrl":"https:\/\/newsestlyonnais.fr\/site\/wp-content\/uploads\/2018\/02\/NEWSESTLYONNAIS-run-in-2-mure.jpg","articleSection":["Athl\u00e9 | Course pied | Marche","CCEL | Communes","Genas","St Bonnet | St Laurent de Mure"],"inLanguage":"fr-FR","potentialAction":[{"@type":"CommentAction","name":"Comment","target":["https:\/\/newsestlyonnais.fr\/site\/2018\/09\/07\/saint-bonnet-saint-laurent-de-mure-genas-4-edition-de-run-in-2-mure\/#respond"]}]},{"@type":"WebPage","@id":"https:\/\/newsestlyonnais.fr\/site\/2018\/09\/07\/saint-bonnet-saint-laurent-de-mure-genas-4-edition-de-run-in-2-mure\/","url":"https:\/\/newsestlyonnais.fr\/site\/2018\/09\/07\/saint-bonnet-saint-laurent-de-mure-genas-4-edition-de-run-in-2-mure\/","name":"ST BONNET \/ ST LAURENT DE MURE \/ GENAS : 4\u00b0 \u00e9dition de Run In 2 Mure - News Est Lyonnais","isPartOf":{"@id":"https:\/\/newsestlyonnais.fr\/site\/#website"},"primaryImageOfPage":{"@id":"https:\/\/newsestlyonnais.fr\/site\/2018\/09\/07\/saint-bonnet-saint-laurent-de-mure-genas-4-edition-de-run-in-2-mure\/#primaryimage"},"image":{"@id":"https:\/\/newsestlyonnais.fr\/site\/2018\/09\/07\/saint-bonnet-saint-laurent-de-mure-genas-4-edition-de-run-in-2-mure\/#primaryimage"},"thumbnailUrl":"https:\/\/newsestlyonnais.fr\/site\/wp-content\/uploads\/2018\/02\/NEWSESTLYONNAIS-run-in-2-mure.jpg","datePublished":"2018-09-07T05:06:37+00:00","dateModified":"2020-10-30T13:38:39+00:00","breadcrumb":{"@id":"https:\/\/newsestlyonnais.fr\/site\/2018\/09\/07\/saint-bonnet-saint-laurent-de-mure-genas-4-edition-de-run-in-2-mure\/#breadcrumb"},"inLanguage":"fr-FR","potentialAction":[{"@type":"ReadAction","target":["https:\/\/newsestlyonnais.fr\/site\/2018\/09\/07\/saint-bonnet-saint-laurent-de-mure-genas-4-edition-de-run-in-2-mure\/"]}]},{"@type":"ImageObject","inLanguage":"fr-FR","@id":"https:\/\/newsestlyonnais.fr\/site\/2018\/09\/07\/saint-bonnet-saint-laurent-de-mure-genas-4-edition-de-run-in-2-mure\/#primaryimage","url":"https:\/\/newsestlyonnais.fr\/site\/wp-content\/uploads\/2018\/02\/NEWSESTLYONNAIS-run-in-2-mure.jpg","contentUrl":"https:\/\/newsestlyonnais.fr\/site\/wp-content\/uploads\/2018\/02\/NEWSESTLYONNAIS-run-in-2-mure.jpg","width":2338,"height":1654,"caption":"L'affiche de l'\u00e9preuve"},{"@type":"BreadcrumbList","@id":"https:\/\/newsestlyonnais.fr\/site\/2018\/09\/07\/saint-bonnet-saint-laurent-de-mure-genas-4-edition-de-run-in-2-mure\/#breadcrumb","itemListElement":[{"@type":"ListItem","position":1,"name":"Accueil","item":"https:\/\/newsestlyonnais.fr\/site\/"},{"@type":"ListItem","position":2,"name":"ST BONNET \/ ST LAURENT DE MURE \/ GENAS : 4\u00b0 \u00e9dition de Run In 2 Mure"}]},{"@type":"WebSite","@id":"https:\/\/newsestlyonnais.fr\/site\/#website","url":"https:\/\/newsestlyonnais.fr\/site\/","name":"News Est Lyonnais","description":"L&#039;actualit\u00e9 au plus pr\u00e8s","publisher":{"@id":"https:\/\/newsestlyonnais.fr\/site\/#organization"},"potentialAction":[{"@type":"SearchAction","target":{"@type":"EntryPoint","urlTemplate":"https:\/\/newsestlyonnais.fr\/site\/?s={search_term_string}"},"query-input":{"@type":"PropertyValueSpecification","valueRequired":true,"valueName":"search_term_string"}}],"inLanguage":"fr-FR"},{"@type":"Organization","@id":"https:\/\/newsestlyonnais.fr\/site\/#organization","name":"News EST LYONNAIS","url":"https:\/\/newsestlyonnais.fr\/site\/","logo":{"@type":"ImageObject","inLanguage":"fr-FR","@id":"https:\/\/newsestlyonnais.fr\/site\/#\/schema\/logo\/image\/","url":"","contentUrl":"","caption":"News EST LYONNAIS"},"image":{"@id":"https:\/\/newsestlyonnais.fr\/site\/#\/schema\/logo\/image\/"}},{"@type":"Person","@id":"https:\/\/newsestlyonnais.fr\/site\/#\/schema\/person\/3230d5615f390bb808365d673001e887","name":"R\u00e9dac. NEWS","sameAs":["http:\/\/www.newsestlyonnais.fr","https:\/\/www.facebook.com\/pascal.oberson.1?fref=ts","https:\/\/fr.linkedin.com\/in\/pascal-oberson-b17045113"],"url":"https:\/\/newsestlyonnais.fr\/site\/author\/nel\/"}]}},"_links":{"self":[{"href":"https:\/\/newsestlyonnais.fr\/site\/wp-json\/wp\/v2\/posts\/55905","targetHints":{"allow":["GET"]}}],"collection":[{"href":"https:\/\/newsestlyonnais.fr\/site\/wp-json\/wp\/v2\/posts"}],"about":[{"href":"https:\/\/newsestlyonnais.fr\/site\/wp-json\/wp\/v2\/types\/post"}],"author":[{"embeddable":true,"href":"https:\/\/newsestlyonnais.fr\/site\/wp-json\/wp\/v2\/users\/4"}],"replies":[{"embeddable":true,"href":"https:\/\/newsestlyonnais.fr\/site\/wp-json\/wp\/v2\/comments?post=55905"}],"version-history":[{"count":0,"href":"https:\/\/newsestlyonnais.fr\/site\/wp-json\/wp\/v2\/posts\/55905\/revisions"}],"wp:featuredmedia":[{"embeddable":true,"href":"https:\/\/newsestlyonnais.fr\/site\/wp-json\/wp\/v2\/media\/44321"}],"wp:attachment":[{"href":"https:\/\/newsestlyonnais.fr\/site\/wp-json\/wp\/v2\/media?parent=55905"}],"wp:term":[{"taxonomy":"category","embeddable":true,"href":"https:\/\/newsestlyonnais.fr\/site\/wp-json\/wp\/v2\/categories?post=55905"},{"taxonomy":"post_tag","embeddable":true,"href":"https:\/\/newsestlyonnais.fr\/site\/wp-json\/wp\/v2\/tags?post=55905"}],"curies":[{"name":"wp","href":"https:\/\/api.w.org\/{rel}","templated":true}]}}