{"id":55927,"date":"2018-09-04T13:48:44","date_gmt":"2018-09-04T12:48:44","guid":{"rendered":"http:\/\/newsestlyonnais.fr\/site\/?p=55927"},"modified":"2020-11-05T20:47:32","modified_gmt":"2020-11-05T19:47:32","slug":"decines-les-evenements-prevus-sur-la-commune-en-septembre","status":"publish","type":"post","link":"https:\/\/newsestlyonnais.fr\/site\/2018\/09\/04\/decines-les-evenements-prevus-sur-la-commune-en-septembre\/","title":{"rendered":"DECINES | Les \u00e9v\u00e8nements pr\u00e9vus sur la commune en Septembre"},"content":{"rendered":"<h4>Plusieurs manifestations se d\u00e9rouleront durant cette p\u00e9riode, sur la commune, \u00e0 savoir :<\/h4>\n<ul>\n<li><strong>Samedi 8 septembre de 10 h \u00e0 18 h<\/strong> : Forum des Associations (Centre aquatique Camille Muffat)<\/li>\n<li><strong>Dimanche 9 septembre de 10 h \u00e0 12 h<\/strong>: Sport Bien Etre (Groupe Scolaire Beauregard)<\/li>\n<li><strong>Samedi 15 septembre<\/strong> : <span style=\"text-decoration: underline\">30 ans du club Bouliste D\u00e9cinois<\/span>. (Boulodrome) &amp; <strong>\u00e0 11 h<\/strong> : <span style=\"text-decoration: underline\">Inauguration de la place Edel<\/span> (Parking de l&rsquo;Aviron D\u00e9cinois).<\/li>\n<li><strong>Samedi 22 septembre<\/strong> : <span style=\"text-decoration: underline\">90 ans de l&rsquo;Aviron D\u00e9cinois<\/span> (Base nautique).<\/li>\n<li><strong>Dimanche 23 septembre de 10 h \u00e0 12 h<\/strong>: <span style=\"text-decoration: underline\">Sport Bien Etre<\/span> (Parvis de l&rsquo;H\u00f4tel de Ville).<\/li>\n<\/ul>\n<p><strong>Retrouvez l\u2019ACTU de la commune sur : <a href=\"http:\/\/www.decines.fr\" target=\"_blank\" rel=\"noopener noreferrer\">http:\/\/www.decines.fr<\/a><\/strong><\/p>\n<div id='gallery-1' class='gallery galleryid-55927 gallery-columns-3 gallery-size-thumbnail'><figure class='gallery-item'>\n\t\t\t<div class='gallery-icon portrait'>\n\t\t\t\t<a href='https:\/\/newsestlyonnais.fr\/site\/newsestlyonnais-forum-decines-2018\/'><img loading=\"lazy\" decoding=\"async\" width=\"150\" height=\"150\" src=\"https:\/\/newsestlyonnais.fr\/site\/wp-content\/uploads\/2017\/07\/NEWSESTLYONNAIS-FORUM-DECINES-2018-150x150.png\" class=\"attachment-thumbnail size-thumbnail\" alt=\"NEWSESTLYONNAIS FORUM DECINES 2018\" aria-describedby=\"gallery-1-55229\" \/><\/a>\n\t\t\t<\/div>\n\t\t\t\t<figcaption class='wp-caption-text gallery-caption' id='gallery-1-55229'>\n\t\t\t\tForum des Associations\n\t\t\t\t<\/figcaption><\/figure><figure class='gallery-item'>\n\t\t\t<div class='gallery-icon landscape'>\n\t\t\t\t<a href='https:\/\/newsestlyonnais.fr\/site\/2018\/06\/20\/decines-des-seances-gratuites-de-sport-et-bien-etre-par-la-municipalite\/newsestlyonnais-decines-sport\/'><img loading=\"lazy\" decoding=\"async\" width=\"150\" height=\"150\" src=\"https:\/\/newsestlyonnais.fr\/site\/wp-content\/uploads\/2018\/06\/NEWSESTLYONNAIS-DECINES-SPORT-150x150.jpg\" class=\"attachment-thumbnail size-thumbnail\" alt=\"NEWSESTLYONNAIS - DECINES SPORT\" aria-describedby=\"gallery-1-51726\" \/><\/a>\n\t\t\t<\/div>\n\t\t\t\t<figcaption class='wp-caption-text gallery-caption' id='gallery-1-51726'>\n\t\t\t\t  SPORT BIEN ETRE\n\t\t\t\t<\/figcaption><\/figure>\n\t\t<\/div>\n\n<p>&nbsp;<\/p>\n<p>&nbsp;<\/p>\n","protected":false},"excerpt":{"rendered":"<p>Plusieurs manifestations se d\u00e9rouleront durant cette p\u00e9riode, sur la commune, \u00e0 savoir : Samedi 8 septembre de 10 h \u00e0 18 h : Forum des Associations (Centre aquatique Camille Muffat) Dimanche 9 septembre de 10 h \u00e0 12 h: Sport Bien Etre (Groupe Scolaire Beauregard) Samedi 15 septembre : 30 ans du club Bouliste D\u00e9cinois. [&hellip;]<\/p>\n","protected":false},"author":4,"featured_media":19299,"comment_status":"open","ping_status":"open","sticky":false,"template":"","format":"standard","meta":{"footnotes":""},"categories":[21],"tags":[],"class_list":["post-55927","post","type-post","status-publish","format-standard","has-post-thumbnail","hentry","category-decines-charpieu"],"yoast_head":"<!-- This site is optimized with the Yoast SEO plugin v27.2 - https:\/\/yoast.com\/product\/yoast-seo-wordpress\/ -->\n<title>DECINES : Les \u00e9v\u00e8nements pr\u00e9vus sur la commune en Septembre<\/title>\n<meta name=\"description\" content=\"DECINES : Les \u00e9v\u00e8nements pr\u00e9vus sur la commune en Septembre\" \/>\n<meta name=\"robots\" content=\"index, follow, max-snippet:-1, max-image-preview:large, max-video-preview:-1\" \/>\n<link rel=\"canonical\" href=\"https:\/\/newsestlyonnais.fr\/site\/2018\/09\/04\/decines-les-evenements-prevus-sur-la-commune-en-septembre\/\" \/>\n<meta property=\"og:locale\" content=\"fr_FR\" \/>\n<meta property=\"og:type\" content=\"article\" \/>\n<meta property=\"og:title\" content=\"DECINES : Les \u00e9v\u00e8nements pr\u00e9vus sur la commune en Septembre\" \/>\n<meta property=\"og:description\" content=\"DECINES : Les \u00e9v\u00e8nements pr\u00e9vus sur la commune en Septembre\" \/>\n<meta property=\"og:url\" content=\"https:\/\/newsestlyonnais.fr\/site\/2018\/09\/04\/decines-les-evenements-prevus-sur-la-commune-en-septembre\/\" \/>\n<meta property=\"og:site_name\" content=\"News Est Lyonnais\" \/>\n<meta property=\"article:author\" content=\"https:\/\/www.facebook.com\/pascal.oberson.1?fref=ts\" \/>\n<meta property=\"article:published_time\" content=\"2018-09-04T12:48:44+00:00\" \/>\n<meta property=\"article:modified_time\" content=\"2020-11-05T19:47:32+00:00\" \/>\n<meta property=\"og:image\" content=\"https:\/\/i2.wp.com\/newsestlyonnais.fr\/site\/wp-content\/uploads\/2017\/01\/NEWSESTLYONNAIS-GD-PANNEAU-DECINES.jpg?fit=1000%2C750&ssl=1\" \/>\n\t<meta property=\"og:image:width\" content=\"1000\" \/>\n\t<meta property=\"og:image:height\" content=\"750\" \/>\n\t<meta property=\"og:image:type\" content=\"image\/jpeg\" \/>\n<meta name=\"author\" content=\"R\u00e9dac. NEWS\" \/>\n<meta name=\"twitter:card\" content=\"summary_large_image\" \/>\n<meta name=\"twitter:label1\" content=\"\u00c9crit par\" \/>\n\t<meta name=\"twitter:data1\" content=\"R\u00e9dac. NEWS\" \/>\n<script type=\"application\/ld+json\" class=\"yoast-schema-graph\">{\"@context\":\"https:\/\/schema.org\",\"@graph\":[{\"@type\":\"Article\",\"@id\":\"https:\/\/newsestlyonnais.fr\/site\/2018\/09\/04\/decines-les-evenements-prevus-sur-la-commune-en-septembre\/#article\",\"isPartOf\":{\"@id\":\"https:\/\/newsestlyonnais.fr\/site\/2018\/09\/04\/decines-les-evenements-prevus-sur-la-commune-en-septembre\/\"},\"author\":{\"name\":\"R\u00e9dac. NEWS\",\"@id\":\"https:\/\/newsestlyonnais.fr\/site\/#\/schema\/person\/3230d5615f390bb808365d673001e887\"},\"headline\":\"DECINES | Les \u00e9v\u00e8nements pr\u00e9vus sur la commune en Septembre\",\"datePublished\":\"2018-09-04T12:48:44+00:00\",\"dateModified\":\"2020-11-05T19:47:32+00:00\",\"mainEntityOfPage\":{\"@id\":\"https:\/\/newsestlyonnais.fr\/site\/2018\/09\/04\/decines-les-evenements-prevus-sur-la-commune-en-septembre\/\"},\"wordCount\":111,\"commentCount\":0,\"publisher\":{\"@id\":\"https:\/\/newsestlyonnais.fr\/site\/#organization\"},\"image\":{\"@id\":\"https:\/\/newsestlyonnais.fr\/site\/2018\/09\/04\/decines-les-evenements-prevus-sur-la-commune-en-septembre\/#primaryimage\"},\"thumbnailUrl\":\"https:\/\/newsestlyonnais.fr\/site\/wp-content\/uploads\/2017\/01\/NEWSESTLYONNAIS-GD-PANNEAU-DECINES.jpg\",\"articleSection\":[\"D\u00e9cines-Charpieu\"],\"inLanguage\":\"fr-FR\",\"potentialAction\":[{\"@type\":\"CommentAction\",\"name\":\"Comment\",\"target\":[\"https:\/\/newsestlyonnais.fr\/site\/2018\/09\/04\/decines-les-evenements-prevus-sur-la-commune-en-septembre\/#respond\"]}]},{\"@type\":\"WebPage\",\"@id\":\"https:\/\/newsestlyonnais.fr\/site\/2018\/09\/04\/decines-les-evenements-prevus-sur-la-commune-en-septembre\/\",\"url\":\"https:\/\/newsestlyonnais.fr\/site\/2018\/09\/04\/decines-les-evenements-prevus-sur-la-commune-en-septembre\/\",\"name\":\"DECINES : Les \u00e9v\u00e8nements pr\u00e9vus sur la commune en Septembre\",\"isPartOf\":{\"@id\":\"https:\/\/newsestlyonnais.fr\/site\/#website\"},\"primaryImageOfPage\":{\"@id\":\"https:\/\/newsestlyonnais.fr\/site\/2018\/09\/04\/decines-les-evenements-prevus-sur-la-commune-en-septembre\/#primaryimage\"},\"image\":{\"@id\":\"https:\/\/newsestlyonnais.fr\/site\/2018\/09\/04\/decines-les-evenements-prevus-sur-la-commune-en-septembre\/#primaryimage\"},\"thumbnailUrl\":\"https:\/\/newsestlyonnais.fr\/site\/wp-content\/uploads\/2017\/01\/NEWSESTLYONNAIS-GD-PANNEAU-DECINES.jpg\",\"datePublished\":\"2018-09-04T12:48:44+00:00\",\"dateModified\":\"2020-11-05T19:47:32+00:00\",\"description\":\"DECINES : Les \u00e9v\u00e8nements pr\u00e9vus sur la commune en Septembre\",\"breadcrumb\":{\"@id\":\"https:\/\/newsestlyonnais.fr\/site\/2018\/09\/04\/decines-les-evenements-prevus-sur-la-commune-en-septembre\/#breadcrumb\"},\"inLanguage\":\"fr-FR\",\"potentialAction\":[{\"@type\":\"ReadAction\",\"target\":[\"https:\/\/newsestlyonnais.fr\/site\/2018\/09\/04\/decines-les-evenements-prevus-sur-la-commune-en-septembre\/\"]}]},{\"@type\":\"ImageObject\",\"inLanguage\":\"fr-FR\",\"@id\":\"https:\/\/newsestlyonnais.fr\/site\/2018\/09\/04\/decines-les-evenements-prevus-sur-la-commune-en-septembre\/#primaryimage\",\"url\":\"https:\/\/newsestlyonnais.fr\/site\/wp-content\/uploads\/2017\/01\/NEWSESTLYONNAIS-GD-PANNEAU-DECINES.jpg\",\"contentUrl\":\"https:\/\/newsestlyonnais.fr\/site\/wp-content\/uploads\/2017\/01\/NEWSESTLYONNAIS-GD-PANNEAU-DECINES.jpg\",\"width\":1000,\"height\":750,\"caption\":\"NEWSESTLYONNAIS GD PANNEAU DECINES\"},{\"@type\":\"BreadcrumbList\",\"@id\":\"https:\/\/newsestlyonnais.fr\/site\/2018\/09\/04\/decines-les-evenements-prevus-sur-la-commune-en-septembre\/#breadcrumb\",\"itemListElement\":[{\"@type\":\"ListItem\",\"position\":1,\"name\":\"Accueil\",\"item\":\"https:\/\/newsestlyonnais.fr\/site\/\"},{\"@type\":\"ListItem\",\"position\":2,\"name\":\"DECINES | Les \u00e9v\u00e8nements pr\u00e9vus sur la commune en Septembre\"}]},{\"@type\":\"WebSite\",\"@id\":\"https:\/\/newsestlyonnais.fr\/site\/#website\",\"url\":\"https:\/\/newsestlyonnais.fr\/site\/\",\"name\":\"News Est Lyonnais\",\"description\":\"L&#039;actualit\u00e9 au plus pr\u00e8s\",\"publisher\":{\"@id\":\"https:\/\/newsestlyonnais.fr\/site\/#organization\"},\"potentialAction\":[{\"@type\":\"SearchAction\",\"target\":{\"@type\":\"EntryPoint\",\"urlTemplate\":\"https:\/\/newsestlyonnais.fr\/site\/?s={search_term_string}\"},\"query-input\":{\"@type\":\"PropertyValueSpecification\",\"valueRequired\":true,\"valueName\":\"search_term_string\"}}],\"inLanguage\":\"fr-FR\"},{\"@type\":\"Organization\",\"@id\":\"https:\/\/newsestlyonnais.fr\/site\/#organization\",\"name\":\"News EST LYONNAIS\",\"url\":\"https:\/\/newsestlyonnais.fr\/site\/\",\"logo\":{\"@type\":\"ImageObject\",\"inLanguage\":\"fr-FR\",\"@id\":\"https:\/\/newsestlyonnais.fr\/site\/#\/schema\/logo\/image\/\",\"url\":\"\",\"contentUrl\":\"\",\"caption\":\"News EST LYONNAIS\"},\"image\":{\"@id\":\"https:\/\/newsestlyonnais.fr\/site\/#\/schema\/logo\/image\/\"}},{\"@type\":\"Person\",\"@id\":\"https:\/\/newsestlyonnais.fr\/site\/#\/schema\/person\/3230d5615f390bb808365d673001e887\",\"name\":\"R\u00e9dac. NEWS\",\"sameAs\":[\"http:\/\/www.newsestlyonnais.fr\",\"https:\/\/www.facebook.com\/pascal.oberson.1?fref=ts\",\"https:\/\/fr.linkedin.com\/in\/pascal-oberson-b17045113\"],\"url\":\"https:\/\/newsestlyonnais.fr\/site\/author\/nel\/\"}]}<\/script>\n<!-- \/ Yoast SEO plugin. -->","yoast_head_json":{"title":"DECINES : Les \u00e9v\u00e8nements pr\u00e9vus sur la commune en Septembre","description":"DECINES : Les \u00e9v\u00e8nements pr\u00e9vus sur la commune en Septembre","robots":{"index":"index","follow":"follow","max-snippet":"max-snippet:-1","max-image-preview":"max-image-preview:large","max-video-preview":"max-video-preview:-1"},"canonical":"https:\/\/newsestlyonnais.fr\/site\/2018\/09\/04\/decines-les-evenements-prevus-sur-la-commune-en-septembre\/","og_locale":"fr_FR","og_type":"article","og_title":"DECINES : Les \u00e9v\u00e8nements pr\u00e9vus sur la commune en Septembre","og_description":"DECINES : Les \u00e9v\u00e8nements pr\u00e9vus sur la commune en Septembre","og_url":"https:\/\/newsestlyonnais.fr\/site\/2018\/09\/04\/decines-les-evenements-prevus-sur-la-commune-en-septembre\/","og_site_name":"News Est Lyonnais","article_author":"https:\/\/www.facebook.com\/pascal.oberson.1?fref=ts","article_published_time":"2018-09-04T12:48:44+00:00","article_modified_time":"2020-11-05T19:47:32+00:00","og_image":[{"width":1000,"height":750,"url":"https:\/\/i2.wp.com\/newsestlyonnais.fr\/site\/wp-content\/uploads\/2017\/01\/NEWSESTLYONNAIS-GD-PANNEAU-DECINES.jpg?fit=1000%2C750&ssl=1","type":"image\/jpeg"}],"author":"R\u00e9dac. NEWS","twitter_card":"summary_large_image","twitter_misc":{"\u00c9crit par":"R\u00e9dac. NEWS"},"schema":{"@context":"https:\/\/schema.org","@graph":[{"@type":"Article","@id":"https:\/\/newsestlyonnais.fr\/site\/2018\/09\/04\/decines-les-evenements-prevus-sur-la-commune-en-septembre\/#article","isPartOf":{"@id":"https:\/\/newsestlyonnais.fr\/site\/2018\/09\/04\/decines-les-evenements-prevus-sur-la-commune-en-septembre\/"},"author":{"name":"R\u00e9dac. NEWS","@id":"https:\/\/newsestlyonnais.fr\/site\/#\/schema\/person\/3230d5615f390bb808365d673001e887"},"headline":"DECINES | Les \u00e9v\u00e8nements pr\u00e9vus sur la commune en Septembre","datePublished":"2018-09-04T12:48:44+00:00","dateModified":"2020-11-05T19:47:32+00:00","mainEntityOfPage":{"@id":"https:\/\/newsestlyonnais.fr\/site\/2018\/09\/04\/decines-les-evenements-prevus-sur-la-commune-en-septembre\/"},"wordCount":111,"commentCount":0,"publisher":{"@id":"https:\/\/newsestlyonnais.fr\/site\/#organization"},"image":{"@id":"https:\/\/newsestlyonnais.fr\/site\/2018\/09\/04\/decines-les-evenements-prevus-sur-la-commune-en-septembre\/#primaryimage"},"thumbnailUrl":"https:\/\/newsestlyonnais.fr\/site\/wp-content\/uploads\/2017\/01\/NEWSESTLYONNAIS-GD-PANNEAU-DECINES.jpg","articleSection":["D\u00e9cines-Charpieu"],"inLanguage":"fr-FR","potentialAction":[{"@type":"CommentAction","name":"Comment","target":["https:\/\/newsestlyonnais.fr\/site\/2018\/09\/04\/decines-les-evenements-prevus-sur-la-commune-en-septembre\/#respond"]}]},{"@type":"WebPage","@id":"https:\/\/newsestlyonnais.fr\/site\/2018\/09\/04\/decines-les-evenements-prevus-sur-la-commune-en-septembre\/","url":"https:\/\/newsestlyonnais.fr\/site\/2018\/09\/04\/decines-les-evenements-prevus-sur-la-commune-en-septembre\/","name":"DECINES : Les \u00e9v\u00e8nements pr\u00e9vus sur la commune en Septembre","isPartOf":{"@id":"https:\/\/newsestlyonnais.fr\/site\/#website"},"primaryImageOfPage":{"@id":"https:\/\/newsestlyonnais.fr\/site\/2018\/09\/04\/decines-les-evenements-prevus-sur-la-commune-en-septembre\/#primaryimage"},"image":{"@id":"https:\/\/newsestlyonnais.fr\/site\/2018\/09\/04\/decines-les-evenements-prevus-sur-la-commune-en-septembre\/#primaryimage"},"thumbnailUrl":"https:\/\/newsestlyonnais.fr\/site\/wp-content\/uploads\/2017\/01\/NEWSESTLYONNAIS-GD-PANNEAU-DECINES.jpg","datePublished":"2018-09-04T12:48:44+00:00","dateModified":"2020-11-05T19:47:32+00:00","description":"DECINES : Les \u00e9v\u00e8nements pr\u00e9vus sur la commune en Septembre","breadcrumb":{"@id":"https:\/\/newsestlyonnais.fr\/site\/2018\/09\/04\/decines-les-evenements-prevus-sur-la-commune-en-septembre\/#breadcrumb"},"inLanguage":"fr-FR","potentialAction":[{"@type":"ReadAction","target":["https:\/\/newsestlyonnais.fr\/site\/2018\/09\/04\/decines-les-evenements-prevus-sur-la-commune-en-septembre\/"]}]},{"@type":"ImageObject","inLanguage":"fr-FR","@id":"https:\/\/newsestlyonnais.fr\/site\/2018\/09\/04\/decines-les-evenements-prevus-sur-la-commune-en-septembre\/#primaryimage","url":"https:\/\/newsestlyonnais.fr\/site\/wp-content\/uploads\/2017\/01\/NEWSESTLYONNAIS-GD-PANNEAU-DECINES.jpg","contentUrl":"https:\/\/newsestlyonnais.fr\/site\/wp-content\/uploads\/2017\/01\/NEWSESTLYONNAIS-GD-PANNEAU-DECINES.jpg","width":1000,"height":750,"caption":"NEWSESTLYONNAIS GD PANNEAU DECINES"},{"@type":"BreadcrumbList","@id":"https:\/\/newsestlyonnais.fr\/site\/2018\/09\/04\/decines-les-evenements-prevus-sur-la-commune-en-septembre\/#breadcrumb","itemListElement":[{"@type":"ListItem","position":1,"name":"Accueil","item":"https:\/\/newsestlyonnais.fr\/site\/"},{"@type":"ListItem","position":2,"name":"DECINES | Les \u00e9v\u00e8nements pr\u00e9vus sur la commune en Septembre"}]},{"@type":"WebSite","@id":"https:\/\/newsestlyonnais.fr\/site\/#website","url":"https:\/\/newsestlyonnais.fr\/site\/","name":"News Est Lyonnais","description":"L&#039;actualit\u00e9 au plus pr\u00e8s","publisher":{"@id":"https:\/\/newsestlyonnais.fr\/site\/#organization"},"potentialAction":[{"@type":"SearchAction","target":{"@type":"EntryPoint","urlTemplate":"https:\/\/newsestlyonnais.fr\/site\/?s={search_term_string}"},"query-input":{"@type":"PropertyValueSpecification","valueRequired":true,"valueName":"search_term_string"}}],"inLanguage":"fr-FR"},{"@type":"Organization","@id":"https:\/\/newsestlyonnais.fr\/site\/#organization","name":"News EST LYONNAIS","url":"https:\/\/newsestlyonnais.fr\/site\/","logo":{"@type":"ImageObject","inLanguage":"fr-FR","@id":"https:\/\/newsestlyonnais.fr\/site\/#\/schema\/logo\/image\/","url":"","contentUrl":"","caption":"News EST LYONNAIS"},"image":{"@id":"https:\/\/newsestlyonnais.fr\/site\/#\/schema\/logo\/image\/"}},{"@type":"Person","@id":"https:\/\/newsestlyonnais.fr\/site\/#\/schema\/person\/3230d5615f390bb808365d673001e887","name":"R\u00e9dac. NEWS","sameAs":["http:\/\/www.newsestlyonnais.fr","https:\/\/www.facebook.com\/pascal.oberson.1?fref=ts","https:\/\/fr.linkedin.com\/in\/pascal-oberson-b17045113"],"url":"https:\/\/newsestlyonnais.fr\/site\/author\/nel\/"}]}},"_links":{"self":[{"href":"https:\/\/newsestlyonnais.fr\/site\/wp-json\/wp\/v2\/posts\/55927","targetHints":{"allow":["GET"]}}],"collection":[{"href":"https:\/\/newsestlyonnais.fr\/site\/wp-json\/wp\/v2\/posts"}],"about":[{"href":"https:\/\/newsestlyonnais.fr\/site\/wp-json\/wp\/v2\/types\/post"}],"author":[{"embeddable":true,"href":"https:\/\/newsestlyonnais.fr\/site\/wp-json\/wp\/v2\/users\/4"}],"replies":[{"embeddable":true,"href":"https:\/\/newsestlyonnais.fr\/site\/wp-json\/wp\/v2\/comments?post=55927"}],"version-history":[{"count":0,"href":"https:\/\/newsestlyonnais.fr\/site\/wp-json\/wp\/v2\/posts\/55927\/revisions"}],"wp:featuredmedia":[{"embeddable":true,"href":"https:\/\/newsestlyonnais.fr\/site\/wp-json\/wp\/v2\/media\/19299"}],"wp:attachment":[{"href":"https:\/\/newsestlyonnais.fr\/site\/wp-json\/wp\/v2\/media?parent=55927"}],"wp:term":[{"taxonomy":"category","embeddable":true,"href":"https:\/\/newsestlyonnais.fr\/site\/wp-json\/wp\/v2\/categories?post=55927"},{"taxonomy":"post_tag","embeddable":true,"href":"https:\/\/newsestlyonnais.fr\/site\/wp-json\/wp\/v2\/tags?post=55927"}],"curies":[{"name":"wp","href":"https:\/\/api.w.org\/{rel}","templated":true}]}}