{"id":55936,"date":"2018-09-04T17:08:08","date_gmt":"2018-09-04T16:08:08","guid":{"rendered":"http:\/\/newsestlyonnais.fr\/site\/?p=55936"},"modified":"2018-09-04T17:14:39","modified_gmt":"2018-09-04T16:14:39","slug":"saint-bonnet-de-mure-les-manifestations-prevues-sur-la-commune-en-septembre","status":"publish","type":"post","link":"https:\/\/newsestlyonnais.fr\/site\/2018\/09\/04\/saint-bonnet-de-mure-les-manifestations-prevues-sur-la-commune-en-septembre\/","title":{"rendered":"SAINT BONNET DE MURE : Les manifestations pr\u00e9vues sur la commune en septembre"},"content":{"rendered":"<h4>Durant ce mois de septembre, plusieurs \u00e9v\u00e8nements sont programm\u00e9s sur la commune, \u00e0 savoir :<\/h4>\n<ul>\n<li>\n<div><strong>Samedi 8 et dimanche 9 septembre<\/strong> : <span style=\"text-decoration: underline\">2\u00b0 \u00e9dition de la Foire \u00e0 la photo<\/span>. (Mus\u00e9e de la photographie).<\/div>\n<\/li>\n<li>\n<div><strong>Dimanche 16 septembre<\/strong> : Run In 2 Mure. 4\u00b0 \u00e9dition de la course sur route qui sillonne les rues de Saint Bonnet de Mure, Saint Laurent de Mure et Genas, sur 10 et 21,1 km.<\/div>\n<\/li>\n<li><strong>Vendredi 21 septembre \u00e0 20 h<\/strong> : <span style=\"text-decoration: underline\">Les concerts du Kiosque.<\/span> Rock et Metal avec Escape Laneet Ever After.\u00a0 Concerts gratuits (place Ferlet) &amp; assembl\u00e9e g\u00e9n\u00e9rale de la rentr\u00e9e du Sou des \u00e9coles.<\/li>\n<li><strong>Samedi 22 septembre de 9 h \u00e0 12 h<\/strong> : Journ\u00e9e portes ouvertes du RAM (Relais d\u2019Assistantes Maternelles). (Espace intercommunal \u00e0 Saint Laurent de Mure).<\/li>\n<\/ul>\n<div>&#8211;<\/div>\n<div>\n<div id='gallery-1' class='gallery galleryid-55936 gallery-columns-3 gallery-size-thumbnail'><figure class='gallery-item'>\n\t\t\t<div class='gallery-icon landscape'>\n\t\t\t\t<a href='https:\/\/newsestlyonnais.fr\/site\/2018\/09\/04\/saint-bonnet-de-mure-les-manifestations-prevues-sur-la-commune-en-septembre\/newsestlyonnais-musee-foire-2\/'><img loading=\"lazy\" decoding=\"async\" width=\"150\" height=\"150\" src=\"https:\/\/newsestlyonnais.fr\/site\/wp-content\/uploads\/2018\/09\/NEWSESTLYONNAIS-MUSEE-FOIRE-150x150.jpg\" class=\"attachment-thumbnail size-thumbnail\" alt=\"NEWSESTLYONNAIS-MUSEE-FOIRE\" aria-describedby=\"gallery-1-55945\" \/><\/a>\n\t\t\t<\/div>\n\t\t\t\t<figcaption class='wp-caption-text gallery-caption' id='gallery-1-55945'>\n\t\t\t\t   FOIRE A LA PHOTO\n\t\t\t\t<\/figcaption><\/figure><figure class='gallery-item'>\n\t\t\t<div class='gallery-icon landscape'>\n\t\t\t\t<a href='https:\/\/newsestlyonnais.fr\/site\/newsestlyonnais-run-in-2-mure-3\/'><img loading=\"lazy\" decoding=\"async\" width=\"150\" height=\"150\" src=\"https:\/\/newsestlyonnais.fr\/site\/wp-content\/uploads\/2018\/02\/NEWSESTLYONNAIS-run-in-2-mure-150x150.jpg\" class=\"attachment-thumbnail size-thumbnail\" alt=\"EWSESTLYONNAIS -run in 2 mure\" aria-describedby=\"gallery-1-44321\" \/><\/a>\n\t\t\t<\/div>\n\t\t\t\t<figcaption class='wp-caption-text gallery-caption' id='gallery-1-44321'>\n\t\t\t\t      L&rsquo;affiche de l&rsquo;\u00e9preuve \n\t\t\t\t<\/figcaption><\/figure><figure class='gallery-item'>\n\t\t\t<div class='gallery-icon portrait'>\n\t\t\t\t<a href='https:\/\/newsestlyonnais.fr\/site\/newsestlyonnais-kiosque-2\/'><img loading=\"lazy\" decoding=\"async\" width=\"150\" height=\"150\" src=\"https:\/\/newsestlyonnais.fr\/site\/wp-content\/uploads\/2018\/04\/NEWSESTLYONNAIS-KIOSQUE-1-150x150.jpeg\" class=\"attachment-thumbnail size-thumbnail\" alt=\"NEWSESTLYONNAIS KIOSQUE\" aria-describedby=\"gallery-1-46964\" \/><\/a>\n\t\t\t<\/div>\n\t\t\t\t<figcaption class='wp-caption-text gallery-caption' id='gallery-1-46964'>\n\t\t\t\tLes concerts du kiosque\n\t\t\t\t<\/figcaption><\/figure>\n\t\t<\/div>\n\n<\/div>\n<p><span style=\"text-decoration: underline\"><em><strong>Retrouvez l\u2019ACTU de la commune sur : <a href=\"http:\/\/www.saintbonnetdemure.com\" target=\"_blank\" rel=\"noopener\">http:\/\/www.saintbonnetdemure.com<\/a><\/strong><\/em><\/span><\/p>\n","protected":false},"excerpt":{"rendered":"<p>Durant ce mois de septembre, plusieurs \u00e9v\u00e8nements sont programm\u00e9s sur la commune, \u00e0 savoir : Samedi 8 et dimanche 9 septembre : 2\u00b0 \u00e9dition de la Foire \u00e0 la photo. (Mus\u00e9e de la photographie). Dimanche 16 septembre : Run In 2 Mure. 4\u00b0 \u00e9dition de la course sur route qui sillonne les rues de Saint [&hellip;]<\/p>\n","protected":false},"author":4,"featured_media":25090,"comment_status":"open","ping_status":"open","sticky":false,"template":"","format":"standard","meta":{"footnotes":""},"categories":[30,270,1282],"tags":[],"class_list":["post-55936","post","type-post","status-publish","format-standard","has-post-thumbnail","hentry","category-a-la-une","category-cte-de-communes-c-c-e-l","category-st-bonnet-st-laurent-de-mure"],"yoast_head":"<!-- This site is optimized with the Yoast SEO plugin v27.2 - https:\/\/yoast.com\/product\/yoast-seo-wordpress\/ -->\n<title>SAINT BONNET DE MURE : Les manifestations pr\u00e9vues sur la commune en septembre<\/title>\n<meta name=\"description\" content=\"SAINT BONNET DE MURE : Les manifestations pr\u00e9vues sur la commune en septembre\" \/>\n<meta name=\"robots\" content=\"index, follow, max-snippet:-1, max-image-preview:large, max-video-preview:-1\" \/>\n<link rel=\"canonical\" href=\"https:\/\/newsestlyonnais.fr\/site\/2018\/09\/04\/saint-bonnet-de-mure-les-manifestations-prevues-sur-la-commune-en-septembre\/\" \/>\n<meta property=\"og:locale\" content=\"fr_FR\" \/>\n<meta property=\"og:type\" content=\"article\" \/>\n<meta property=\"og:title\" content=\"SAINT BONNET DE MURE : Les manifestations pr\u00e9vues sur la commune en septembre\" \/>\n<meta property=\"og:description\" content=\"SAINT BONNET DE MURE : Les manifestations pr\u00e9vues sur la commune en septembre\" \/>\n<meta property=\"og:url\" content=\"https:\/\/newsestlyonnais.fr\/site\/2018\/09\/04\/saint-bonnet-de-mure-les-manifestations-prevues-sur-la-commune-en-septembre\/\" \/>\n<meta property=\"og:site_name\" content=\"News Est Lyonnais\" \/>\n<meta property=\"article:author\" content=\"https:\/\/www.facebook.com\/pascal.oberson.1?fref=ts\" \/>\n<meta property=\"article:published_time\" content=\"2018-09-04T16:08:08+00:00\" \/>\n<meta property=\"article:modified_time\" content=\"2018-09-04T16:14:39+00:00\" \/>\n<meta property=\"og:image\" content=\"https:\/\/i2.wp.com\/newsestlyonnais.fr\/site\/wp-content\/uploads\/2017\/04\/NEWSESTLYONNAIS-BLASON-STBONNET-MURE.png?fit=1000%2C750&ssl=1\" \/>\n\t<meta property=\"og:image:width\" content=\"1000\" \/>\n\t<meta property=\"og:image:height\" content=\"750\" \/>\n\t<meta property=\"og:image:type\" content=\"image\/png\" \/>\n<meta name=\"author\" content=\"R\u00e9dac. NEWS\" \/>\n<meta name=\"twitter:card\" content=\"summary_large_image\" \/>\n<meta name=\"twitter:label1\" content=\"\u00c9crit par\" \/>\n\t<meta name=\"twitter:data1\" content=\"R\u00e9dac. NEWS\" \/>\n\t<meta name=\"twitter:label2\" content=\"Dur\u00e9e de lecture estim\u00e9e\" \/>\n\t<meta name=\"twitter:data2\" content=\"1 minute\" \/>\n<script type=\"application\/ld+json\" class=\"yoast-schema-graph\">{\"@context\":\"https:\/\/schema.org\",\"@graph\":[{\"@type\":\"Article\",\"@id\":\"https:\/\/newsestlyonnais.fr\/site\/2018\/09\/04\/saint-bonnet-de-mure-les-manifestations-prevues-sur-la-commune-en-septembre\/#article\",\"isPartOf\":{\"@id\":\"https:\/\/newsestlyonnais.fr\/site\/2018\/09\/04\/saint-bonnet-de-mure-les-manifestations-prevues-sur-la-commune-en-septembre\/\"},\"author\":{\"name\":\"R\u00e9dac. NEWS\",\"@id\":\"https:\/\/newsestlyonnais.fr\/site\/#\/schema\/person\/3230d5615f390bb808365d673001e887\"},\"headline\":\"SAINT BONNET DE MURE : Les manifestations pr\u00e9vues sur la commune en septembre\",\"datePublished\":\"2018-09-04T16:08:08+00:00\",\"dateModified\":\"2018-09-04T16:14:39+00:00\",\"mainEntityOfPage\":{\"@id\":\"https:\/\/newsestlyonnais.fr\/site\/2018\/09\/04\/saint-bonnet-de-mure-les-manifestations-prevues-sur-la-commune-en-septembre\/\"},\"wordCount\":142,\"commentCount\":0,\"publisher\":{\"@id\":\"https:\/\/newsestlyonnais.fr\/site\/#organization\"},\"image\":{\"@id\":\"https:\/\/newsestlyonnais.fr\/site\/2018\/09\/04\/saint-bonnet-de-mure-les-manifestations-prevues-sur-la-commune-en-septembre\/#primaryimage\"},\"thumbnailUrl\":\"https:\/\/newsestlyonnais.fr\/site\/wp-content\/uploads\/2017\/04\/NEWSESTLYONNAIS-BLASON-STBONNET-MURE.png\",\"articleSection\":[\"\u00e0 la une\",\"CCEL | Communes\",\"St Bonnet | St Laurent de Mure\"],\"inLanguage\":\"fr-FR\",\"potentialAction\":[{\"@type\":\"CommentAction\",\"name\":\"Comment\",\"target\":[\"https:\/\/newsestlyonnais.fr\/site\/2018\/09\/04\/saint-bonnet-de-mure-les-manifestations-prevues-sur-la-commune-en-septembre\/#respond\"]}]},{\"@type\":\"WebPage\",\"@id\":\"https:\/\/newsestlyonnais.fr\/site\/2018\/09\/04\/saint-bonnet-de-mure-les-manifestations-prevues-sur-la-commune-en-septembre\/\",\"url\":\"https:\/\/newsestlyonnais.fr\/site\/2018\/09\/04\/saint-bonnet-de-mure-les-manifestations-prevues-sur-la-commune-en-septembre\/\",\"name\":\"SAINT BONNET DE MURE : Les manifestations pr\u00e9vues sur la commune en septembre\",\"isPartOf\":{\"@id\":\"https:\/\/newsestlyonnais.fr\/site\/#website\"},\"primaryImageOfPage\":{\"@id\":\"https:\/\/newsestlyonnais.fr\/site\/2018\/09\/04\/saint-bonnet-de-mure-les-manifestations-prevues-sur-la-commune-en-septembre\/#primaryimage\"},\"image\":{\"@id\":\"https:\/\/newsestlyonnais.fr\/site\/2018\/09\/04\/saint-bonnet-de-mure-les-manifestations-prevues-sur-la-commune-en-septembre\/#primaryimage\"},\"thumbnailUrl\":\"https:\/\/newsestlyonnais.fr\/site\/wp-content\/uploads\/2017\/04\/NEWSESTLYONNAIS-BLASON-STBONNET-MURE.png\",\"datePublished\":\"2018-09-04T16:08:08+00:00\",\"dateModified\":\"2018-09-04T16:14:39+00:00\",\"description\":\"SAINT BONNET DE MURE : Les manifestations pr\u00e9vues sur la commune en septembre\",\"breadcrumb\":{\"@id\":\"https:\/\/newsestlyonnais.fr\/site\/2018\/09\/04\/saint-bonnet-de-mure-les-manifestations-prevues-sur-la-commune-en-septembre\/#breadcrumb\"},\"inLanguage\":\"fr-FR\",\"potentialAction\":[{\"@type\":\"ReadAction\",\"target\":[\"https:\/\/newsestlyonnais.fr\/site\/2018\/09\/04\/saint-bonnet-de-mure-les-manifestations-prevues-sur-la-commune-en-septembre\/\"]}]},{\"@type\":\"ImageObject\",\"inLanguage\":\"fr-FR\",\"@id\":\"https:\/\/newsestlyonnais.fr\/site\/2018\/09\/04\/saint-bonnet-de-mure-les-manifestations-prevues-sur-la-commune-en-septembre\/#primaryimage\",\"url\":\"https:\/\/newsestlyonnais.fr\/site\/wp-content\/uploads\/2017\/04\/NEWSESTLYONNAIS-BLASON-STBONNET-MURE.png\",\"contentUrl\":\"https:\/\/newsestlyonnais.fr\/site\/wp-content\/uploads\/2017\/04\/NEWSESTLYONNAIS-BLASON-STBONNET-MURE.png\",\"width\":1000,\"height\":750,\"caption\":\"NEWSESTLYONNAIS BLASON STBONNET MURE\"},{\"@type\":\"BreadcrumbList\",\"@id\":\"https:\/\/newsestlyonnais.fr\/site\/2018\/09\/04\/saint-bonnet-de-mure-les-manifestations-prevues-sur-la-commune-en-septembre\/#breadcrumb\",\"itemListElement\":[{\"@type\":\"ListItem\",\"position\":1,\"name\":\"Accueil\",\"item\":\"https:\/\/newsestlyonnais.fr\/site\/\"},{\"@type\":\"ListItem\",\"position\":2,\"name\":\"SAINT BONNET DE MURE : Les manifestations pr\u00e9vues sur la commune en septembre\"}]},{\"@type\":\"WebSite\",\"@id\":\"https:\/\/newsestlyonnais.fr\/site\/#website\",\"url\":\"https:\/\/newsestlyonnais.fr\/site\/\",\"name\":\"News Est Lyonnais\",\"description\":\"L&#039;actualit\u00e9 au plus pr\u00e8s\",\"publisher\":{\"@id\":\"https:\/\/newsestlyonnais.fr\/site\/#organization\"},\"potentialAction\":[{\"@type\":\"SearchAction\",\"target\":{\"@type\":\"EntryPoint\",\"urlTemplate\":\"https:\/\/newsestlyonnais.fr\/site\/?s={search_term_string}\"},\"query-input\":{\"@type\":\"PropertyValueSpecification\",\"valueRequired\":true,\"valueName\":\"search_term_string\"}}],\"inLanguage\":\"fr-FR\"},{\"@type\":\"Organization\",\"@id\":\"https:\/\/newsestlyonnais.fr\/site\/#organization\",\"name\":\"News EST LYONNAIS\",\"url\":\"https:\/\/newsestlyonnais.fr\/site\/\",\"logo\":{\"@type\":\"ImageObject\",\"inLanguage\":\"fr-FR\",\"@id\":\"https:\/\/newsestlyonnais.fr\/site\/#\/schema\/logo\/image\/\",\"url\":\"\",\"contentUrl\":\"\",\"caption\":\"News EST LYONNAIS\"},\"image\":{\"@id\":\"https:\/\/newsestlyonnais.fr\/site\/#\/schema\/logo\/image\/\"}},{\"@type\":\"Person\",\"@id\":\"https:\/\/newsestlyonnais.fr\/site\/#\/schema\/person\/3230d5615f390bb808365d673001e887\",\"name\":\"R\u00e9dac. NEWS\",\"sameAs\":[\"http:\/\/www.newsestlyonnais.fr\",\"https:\/\/www.facebook.com\/pascal.oberson.1?fref=ts\",\"https:\/\/fr.linkedin.com\/in\/pascal-oberson-b17045113\"],\"url\":\"https:\/\/newsestlyonnais.fr\/site\/author\/nel\/\"}]}<\/script>\n<!-- \/ Yoast SEO plugin. -->","yoast_head_json":{"title":"SAINT BONNET DE MURE : Les manifestations pr\u00e9vues sur la commune en septembre","description":"SAINT BONNET DE MURE : Les manifestations pr\u00e9vues sur la commune en septembre","robots":{"index":"index","follow":"follow","max-snippet":"max-snippet:-1","max-image-preview":"max-image-preview:large","max-video-preview":"max-video-preview:-1"},"canonical":"https:\/\/newsestlyonnais.fr\/site\/2018\/09\/04\/saint-bonnet-de-mure-les-manifestations-prevues-sur-la-commune-en-septembre\/","og_locale":"fr_FR","og_type":"article","og_title":"SAINT BONNET DE MURE : Les manifestations pr\u00e9vues sur la commune en septembre","og_description":"SAINT BONNET DE MURE : Les manifestations pr\u00e9vues sur la commune en septembre","og_url":"https:\/\/newsestlyonnais.fr\/site\/2018\/09\/04\/saint-bonnet-de-mure-les-manifestations-prevues-sur-la-commune-en-septembre\/","og_site_name":"News Est Lyonnais","article_author":"https:\/\/www.facebook.com\/pascal.oberson.1?fref=ts","article_published_time":"2018-09-04T16:08:08+00:00","article_modified_time":"2018-09-04T16:14:39+00:00","og_image":[{"width":1000,"height":750,"url":"https:\/\/i2.wp.com\/newsestlyonnais.fr\/site\/wp-content\/uploads\/2017\/04\/NEWSESTLYONNAIS-BLASON-STBONNET-MURE.png?fit=1000%2C750&ssl=1","type":"image\/png"}],"author":"R\u00e9dac. NEWS","twitter_card":"summary_large_image","twitter_misc":{"\u00c9crit par":"R\u00e9dac. NEWS","Dur\u00e9e de lecture estim\u00e9e":"1 minute"},"schema":{"@context":"https:\/\/schema.org","@graph":[{"@type":"Article","@id":"https:\/\/newsestlyonnais.fr\/site\/2018\/09\/04\/saint-bonnet-de-mure-les-manifestations-prevues-sur-la-commune-en-septembre\/#article","isPartOf":{"@id":"https:\/\/newsestlyonnais.fr\/site\/2018\/09\/04\/saint-bonnet-de-mure-les-manifestations-prevues-sur-la-commune-en-septembre\/"},"author":{"name":"R\u00e9dac. NEWS","@id":"https:\/\/newsestlyonnais.fr\/site\/#\/schema\/person\/3230d5615f390bb808365d673001e887"},"headline":"SAINT BONNET DE MURE : Les manifestations pr\u00e9vues sur la commune en septembre","datePublished":"2018-09-04T16:08:08+00:00","dateModified":"2018-09-04T16:14:39+00:00","mainEntityOfPage":{"@id":"https:\/\/newsestlyonnais.fr\/site\/2018\/09\/04\/saint-bonnet-de-mure-les-manifestations-prevues-sur-la-commune-en-septembre\/"},"wordCount":142,"commentCount":0,"publisher":{"@id":"https:\/\/newsestlyonnais.fr\/site\/#organization"},"image":{"@id":"https:\/\/newsestlyonnais.fr\/site\/2018\/09\/04\/saint-bonnet-de-mure-les-manifestations-prevues-sur-la-commune-en-septembre\/#primaryimage"},"thumbnailUrl":"https:\/\/newsestlyonnais.fr\/site\/wp-content\/uploads\/2017\/04\/NEWSESTLYONNAIS-BLASON-STBONNET-MURE.png","articleSection":["\u00e0 la une","CCEL | Communes","St Bonnet | St Laurent de Mure"],"inLanguage":"fr-FR","potentialAction":[{"@type":"CommentAction","name":"Comment","target":["https:\/\/newsestlyonnais.fr\/site\/2018\/09\/04\/saint-bonnet-de-mure-les-manifestations-prevues-sur-la-commune-en-septembre\/#respond"]}]},{"@type":"WebPage","@id":"https:\/\/newsestlyonnais.fr\/site\/2018\/09\/04\/saint-bonnet-de-mure-les-manifestations-prevues-sur-la-commune-en-septembre\/","url":"https:\/\/newsestlyonnais.fr\/site\/2018\/09\/04\/saint-bonnet-de-mure-les-manifestations-prevues-sur-la-commune-en-septembre\/","name":"SAINT BONNET DE MURE : Les manifestations pr\u00e9vues sur la commune en septembre","isPartOf":{"@id":"https:\/\/newsestlyonnais.fr\/site\/#website"},"primaryImageOfPage":{"@id":"https:\/\/newsestlyonnais.fr\/site\/2018\/09\/04\/saint-bonnet-de-mure-les-manifestations-prevues-sur-la-commune-en-septembre\/#primaryimage"},"image":{"@id":"https:\/\/newsestlyonnais.fr\/site\/2018\/09\/04\/saint-bonnet-de-mure-les-manifestations-prevues-sur-la-commune-en-septembre\/#primaryimage"},"thumbnailUrl":"https:\/\/newsestlyonnais.fr\/site\/wp-content\/uploads\/2017\/04\/NEWSESTLYONNAIS-BLASON-STBONNET-MURE.png","datePublished":"2018-09-04T16:08:08+00:00","dateModified":"2018-09-04T16:14:39+00:00","description":"SAINT BONNET DE MURE : Les manifestations pr\u00e9vues sur la commune en septembre","breadcrumb":{"@id":"https:\/\/newsestlyonnais.fr\/site\/2018\/09\/04\/saint-bonnet-de-mure-les-manifestations-prevues-sur-la-commune-en-septembre\/#breadcrumb"},"inLanguage":"fr-FR","potentialAction":[{"@type":"ReadAction","target":["https:\/\/newsestlyonnais.fr\/site\/2018\/09\/04\/saint-bonnet-de-mure-les-manifestations-prevues-sur-la-commune-en-septembre\/"]}]},{"@type":"ImageObject","inLanguage":"fr-FR","@id":"https:\/\/newsestlyonnais.fr\/site\/2018\/09\/04\/saint-bonnet-de-mure-les-manifestations-prevues-sur-la-commune-en-septembre\/#primaryimage","url":"https:\/\/newsestlyonnais.fr\/site\/wp-content\/uploads\/2017\/04\/NEWSESTLYONNAIS-BLASON-STBONNET-MURE.png","contentUrl":"https:\/\/newsestlyonnais.fr\/site\/wp-content\/uploads\/2017\/04\/NEWSESTLYONNAIS-BLASON-STBONNET-MURE.png","width":1000,"height":750,"caption":"NEWSESTLYONNAIS BLASON STBONNET MURE"},{"@type":"BreadcrumbList","@id":"https:\/\/newsestlyonnais.fr\/site\/2018\/09\/04\/saint-bonnet-de-mure-les-manifestations-prevues-sur-la-commune-en-septembre\/#breadcrumb","itemListElement":[{"@type":"ListItem","position":1,"name":"Accueil","item":"https:\/\/newsestlyonnais.fr\/site\/"},{"@type":"ListItem","position":2,"name":"SAINT BONNET DE MURE : Les manifestations pr\u00e9vues sur la commune en septembre"}]},{"@type":"WebSite","@id":"https:\/\/newsestlyonnais.fr\/site\/#website","url":"https:\/\/newsestlyonnais.fr\/site\/","name":"News Est Lyonnais","description":"L&#039;actualit\u00e9 au plus pr\u00e8s","publisher":{"@id":"https:\/\/newsestlyonnais.fr\/site\/#organization"},"potentialAction":[{"@type":"SearchAction","target":{"@type":"EntryPoint","urlTemplate":"https:\/\/newsestlyonnais.fr\/site\/?s={search_term_string}"},"query-input":{"@type":"PropertyValueSpecification","valueRequired":true,"valueName":"search_term_string"}}],"inLanguage":"fr-FR"},{"@type":"Organization","@id":"https:\/\/newsestlyonnais.fr\/site\/#organization","name":"News EST LYONNAIS","url":"https:\/\/newsestlyonnais.fr\/site\/","logo":{"@type":"ImageObject","inLanguage":"fr-FR","@id":"https:\/\/newsestlyonnais.fr\/site\/#\/schema\/logo\/image\/","url":"","contentUrl":"","caption":"News EST LYONNAIS"},"image":{"@id":"https:\/\/newsestlyonnais.fr\/site\/#\/schema\/logo\/image\/"}},{"@type":"Person","@id":"https:\/\/newsestlyonnais.fr\/site\/#\/schema\/person\/3230d5615f390bb808365d673001e887","name":"R\u00e9dac. NEWS","sameAs":["http:\/\/www.newsestlyonnais.fr","https:\/\/www.facebook.com\/pascal.oberson.1?fref=ts","https:\/\/fr.linkedin.com\/in\/pascal-oberson-b17045113"],"url":"https:\/\/newsestlyonnais.fr\/site\/author\/nel\/"}]}},"_links":{"self":[{"href":"https:\/\/newsestlyonnais.fr\/site\/wp-json\/wp\/v2\/posts\/55936","targetHints":{"allow":["GET"]}}],"collection":[{"href":"https:\/\/newsestlyonnais.fr\/site\/wp-json\/wp\/v2\/posts"}],"about":[{"href":"https:\/\/newsestlyonnais.fr\/site\/wp-json\/wp\/v2\/types\/post"}],"author":[{"embeddable":true,"href":"https:\/\/newsestlyonnais.fr\/site\/wp-json\/wp\/v2\/users\/4"}],"replies":[{"embeddable":true,"href":"https:\/\/newsestlyonnais.fr\/site\/wp-json\/wp\/v2\/comments?post=55936"}],"version-history":[{"count":0,"href":"https:\/\/newsestlyonnais.fr\/site\/wp-json\/wp\/v2\/posts\/55936\/revisions"}],"wp:featuredmedia":[{"embeddable":true,"href":"https:\/\/newsestlyonnais.fr\/site\/wp-json\/wp\/v2\/media\/25090"}],"wp:attachment":[{"href":"https:\/\/newsestlyonnais.fr\/site\/wp-json\/wp\/v2\/media?parent=55936"}],"wp:term":[{"taxonomy":"category","embeddable":true,"href":"https:\/\/newsestlyonnais.fr\/site\/wp-json\/wp\/v2\/categories?post=55936"},{"taxonomy":"post_tag","embeddable":true,"href":"https:\/\/newsestlyonnais.fr\/site\/wp-json\/wp\/v2\/tags?post=55936"}],"curies":[{"name":"wp","href":"https:\/\/api.w.org\/{rel}","templated":true}]}}