{"id":55955,"date":"2018-09-05T05:33:55","date_gmt":"2018-09-05T04:33:55","guid":{"rendered":"http:\/\/newsestlyonnais.fr\/site\/?p=55955"},"modified":"2018-09-05T05:33:55","modified_gmt":"2018-09-05T04:33:55","slug":"saint-laurent-de-mure-lagenda-des-manifestations-pour-le-mois-de-septembre-2018","status":"publish","type":"post","link":"https:\/\/newsestlyonnais.fr\/site\/2018\/09\/05\/saint-laurent-de-mure-lagenda-des-manifestations-pour-le-mois-de-septembre-2018\/","title":{"rendered":"SAINT LAURENT DE MURE : L\u2019agenda des manifestations pour le mois de Septembre 2018"},"content":{"rendered":"<h4>Nombreux sont les \u00e9v\u00e8nements et manifestations qui se d\u00e9rouleront durant cette p\u00e9riode, sur la commune, \u00e0 savoir :<\/h4>\n<ul>\n<li class=\"ox-f4c079a522-MsoNormal\"><strong>Samedi 8 septembre de 9 h 30 \u00e0 16 h 30<\/strong> : <span style=\"text-decoration: underline\">Forum des associations<\/span> (Au Bois du Baron). <i>Entr\u00e9e libre.<\/i><\/li>\n<li><strong>Jeudi 13 septembre \u00e0 19 h<\/strong>. <span style=\"text-decoration: underline\">Ouverture de la saison culturelle<\/span>. (Salle de la Fruiti\u00e8re &#8211; Bois du Baron). <i>R\u00e9servation conseill\u00e9e aupr\u00e8s du Guichet Unique au 04. 72. 48. 48. 50 <\/i><i>ou par mail \u00e0 <a class=\"mailto-link\" href=\"mailto:guichet.unique@saintlaurentdemure.org\" target=\"_blank\" rel=\"noopener\">guichet.unique@saintlaurentdemure.org<\/a><\/i><i> <\/i><\/li>\n<li><strong>Samedi 15 septembre : <\/strong><span style=\"text-decoration: underline\">Journ\u00e9e Europ\u00e9enne du Patrimoine \/ \u00ab\u00a0L\u2019art du partage\u00a0\u00bb<\/span><b>. <\/b><i>Balades \u00e0 10 h et 14 h \/ D\u00e9part devant l\u2019\u00e9glise \/ Inscriptions <\/i><i>pour les visites guid\u00e9es\u00a0:\u00a0<a href=\"https:\/\/doodle.com\/poll\/2a83ngqqw8h4np6v\" target=\"_blank\" rel=\"noopener\">https:\/\/doodle.com\/poll\/2a83ngqqw8h4np6v<\/a> &amp; <\/i><i>Exposition et film de 10 h \u00e0 17 h. (Salle de la Fruiti\u00e8re).\u00a0<\/i><i> <\/i><\/li>\n<li><strong>Dimanche 16 septembre \u00e0 9 h<\/strong> : Course \u00a0\u00bb <span style=\"text-decoration: underline\">Run In 2 Mure \u00ab\u00a0<\/span><b> . <\/b><i>Running sous le signe du partage, et accessible \u00e0 tous (enfants, adultes, handisportifs, d\u00e9butants, confirm\u00e9s). <\/i>St Bonnet de Mure \/ Saint Laurent de Mure \/ Genas. <i>Plus d\u2019infos sur : <a href=\"https:\/\/www.ri2m.com\" target=\"_blank\" rel=\"noopener\">https:\/\/www.ri2m.com\u00a0<\/a><\/i><\/li>\n<li>\n<p class=\"ox-f4c079a522-MsoListParagraph\"><strong>Samedi 22 septembre de 9 h \u00e0 12 h<\/strong> : <span style=\"text-decoration: underline\">Portes Ouvertes au Relais d\u2019Assistantes Maternelles \u00ab\u00a0Les Petits Lutins\u00a0\u00bb<\/span>. <i>Pr\u00e9sentation des locaux et missions afin de faire d\u00e9couvrir les avantages de l\u2019accueil individuel.\u00a0 <\/i><\/p>\n<\/li>\n<li><strong>Samedi 29 septembre<\/strong> : <span style=\"text-decoration: underline\">F\u00eate des Classes en 8<\/span><b>. <\/b><i>D\u00e9fil\u00e9 des conscrits \u00a0dans l\u2019apr\u00e8s-midi avec fanfare &amp; <\/i><i>Soir\u00e9e des conscrits \u00e0 20 h 30. (<\/i>Salle de la Concorde).<\/li>\n<\/ul>\n<h4>Retrouvez l\u2019ACTU de la commune sur : <a href=\"http:\/\/www.saintlaurentdemure.org\" target=\"_blank\" rel=\"noopener\">http:\/\/www.saintlaurentdemure.org<\/a><\/h4>\n<div id='gallery-1' class='gallery galleryid-55955 gallery-columns-3 gallery-size-thumbnail'><figure class='gallery-item'>\n\t\t\t<div class='gallery-icon portrait'>\n\t\t\t\t<a href='https:\/\/newsestlyonnais.fr\/site\/newsestlyonnais-foruma-sssoc-st-lauent-2018\/'><img loading=\"lazy\" decoding=\"async\" width=\"150\" height=\"150\" src=\"https:\/\/newsestlyonnais.fr\/site\/wp-content\/uploads\/2018\/07\/NEWSESTLYONNAIS-FORUMA-SSSOC-ST-LAUENT-2018-150x150.jpeg\" class=\"attachment-thumbnail size-thumbnail\" alt=\"NEWSESTLYONNAIS FORUMA SSSOC ST LAUENT 2018\" aria-describedby=\"gallery-1-54257\" \/><\/a>\n\t\t\t<\/div>\n\t\t\t\t<figcaption class='wp-caption-text gallery-caption' id='gallery-1-54257'>\n\t\t\t\tLe Forum des Associations\n\t\t\t\t<\/figcaption><\/figure><figure class='gallery-item'>\n\t\t\t<div class='gallery-icon landscape'>\n\t\t\t\t<a href='https:\/\/newsestlyonnais.fr\/site\/newsestlyonnais-run-in-2-mure-3\/'><img loading=\"lazy\" decoding=\"async\" width=\"150\" height=\"150\" src=\"https:\/\/newsestlyonnais.fr\/site\/wp-content\/uploads\/2018\/02\/NEWSESTLYONNAIS-run-in-2-mure-150x150.jpg\" class=\"attachment-thumbnail size-thumbnail\" alt=\"EWSESTLYONNAIS -run in 2 mure\" aria-describedby=\"gallery-1-44321\" \/><\/a>\n\t\t\t<\/div>\n\t\t\t\t<figcaption class='wp-caption-text gallery-caption' id='gallery-1-44321'>\n\t\t\t\t      L&rsquo;affiche de l&rsquo;\u00e9preuve \n\t\t\t\t<\/figcaption><\/figure>\n\t\t<\/div>\n\n<p>&nbsp;<\/p>\n<p>&nbsp;<\/p>\n","protected":false},"excerpt":{"rendered":"<p>Nombreux sont les \u00e9v\u00e8nements et manifestations qui se d\u00e9rouleront durant cette p\u00e9riode, sur la commune, \u00e0 savoir : Samedi 8 septembre de 9 h 30 \u00e0 16 h 30 : Forum des associations (Au Bois du Baron). Entr\u00e9e libre. Jeudi 13 septembre \u00e0 19 h. Ouverture de la saison culturelle. (Salle de la Fruiti\u00e8re &#8211; [&hellip;]<\/p>\n","protected":false},"author":4,"featured_media":50149,"comment_status":"open","ping_status":"open","sticky":false,"template":"","format":"standard","meta":{"footnotes":""},"categories":[30,270,1282],"tags":[],"class_list":["post-55955","post","type-post","status-publish","format-standard","has-post-thumbnail","hentry","category-a-la-une","category-cte-de-communes-c-c-e-l","category-st-bonnet-st-laurent-de-mure"],"yoast_head":"<!-- This site is optimized with the Yoast SEO plugin v27.2 - https:\/\/yoast.com\/product\/yoast-seo-wordpress\/ -->\n<title>SAINT LAURENT DE MURE : L\u2019agenda des manifestations pour le mois de Septembre<\/title>\n<meta name=\"description\" content=\"SAINT LAURENT DE MURE : L\u2019agenda des manifestations pour le mois de Septembre\" \/>\n<meta name=\"robots\" content=\"index, follow, max-snippet:-1, max-image-preview:large, max-video-preview:-1\" \/>\n<link rel=\"canonical\" href=\"https:\/\/newsestlyonnais.fr\/site\/2018\/09\/05\/saint-laurent-de-mure-lagenda-des-manifestations-pour-le-mois-de-septembre-2018\/\" \/>\n<meta property=\"og:locale\" content=\"fr_FR\" \/>\n<meta property=\"og:type\" content=\"article\" \/>\n<meta property=\"og:title\" content=\"SAINT LAURENT DE MURE : L\u2019agenda des manifestations pour le mois de Septembre\" \/>\n<meta property=\"og:description\" content=\"SAINT LAURENT DE MURE : L\u2019agenda des manifestations pour le mois de Septembre\" \/>\n<meta property=\"og:url\" content=\"https:\/\/newsestlyonnais.fr\/site\/2018\/09\/05\/saint-laurent-de-mure-lagenda-des-manifestations-pour-le-mois-de-septembre-2018\/\" \/>\n<meta property=\"og:site_name\" content=\"News Est Lyonnais\" \/>\n<meta property=\"article:author\" content=\"https:\/\/www.facebook.com\/pascal.oberson.1?fref=ts\" \/>\n<meta property=\"article:published_time\" content=\"2018-09-05T04:33:55+00:00\" \/>\n<meta property=\"og:image\" content=\"https:\/\/i2.wp.com\/newsestlyonnais.fr\/site\/wp-content\/uploads\/2018\/05\/P1280739.jpg?fit=2048%2C1536&ssl=1\" \/>\n\t<meta property=\"og:image:width\" content=\"2048\" \/>\n\t<meta property=\"og:image:height\" content=\"1536\" \/>\n\t<meta property=\"og:image:type\" content=\"image\/jpeg\" \/>\n<meta name=\"author\" content=\"R\u00e9dac. NEWS\" \/>\n<meta name=\"twitter:card\" content=\"summary_large_image\" \/>\n<meta name=\"twitter:label1\" content=\"\u00c9crit par\" \/>\n\t<meta name=\"twitter:data1\" content=\"R\u00e9dac. NEWS\" \/>\n\t<meta name=\"twitter:label2\" content=\"Dur\u00e9e de lecture estim\u00e9e\" \/>\n\t<meta name=\"twitter:data2\" content=\"1 minute\" \/>\n<script type=\"application\/ld+json\" class=\"yoast-schema-graph\">{\"@context\":\"https:\/\/schema.org\",\"@graph\":[{\"@type\":\"Article\",\"@id\":\"https:\/\/newsestlyonnais.fr\/site\/2018\/09\/05\/saint-laurent-de-mure-lagenda-des-manifestations-pour-le-mois-de-septembre-2018\/#article\",\"isPartOf\":{\"@id\":\"https:\/\/newsestlyonnais.fr\/site\/2018\/09\/05\/saint-laurent-de-mure-lagenda-des-manifestations-pour-le-mois-de-septembre-2018\/\"},\"author\":{\"name\":\"R\u00e9dac. NEWS\",\"@id\":\"https:\/\/newsestlyonnais.fr\/site\/#\/schema\/person\/3230d5615f390bb808365d673001e887\"},\"headline\":\"SAINT LAURENT DE MURE : L\u2019agenda des manifestations pour le mois de Septembre 2018\",\"datePublished\":\"2018-09-05T04:33:55+00:00\",\"mainEntityOfPage\":{\"@id\":\"https:\/\/newsestlyonnais.fr\/site\/2018\/09\/05\/saint-laurent-de-mure-lagenda-des-manifestations-pour-le-mois-de-septembre-2018\/\"},\"wordCount\":246,\"commentCount\":0,\"publisher\":{\"@id\":\"https:\/\/newsestlyonnais.fr\/site\/#organization\"},\"image\":{\"@id\":\"https:\/\/newsestlyonnais.fr\/site\/2018\/09\/05\/saint-laurent-de-mure-lagenda-des-manifestations-pour-le-mois-de-septembre-2018\/#primaryimage\"},\"thumbnailUrl\":\"https:\/\/newsestlyonnais.fr\/site\/wp-content\/uploads\/2018\/05\/P1280739.jpg\",\"articleSection\":[\"\u00e0 la une\",\"CCEL | Communes\",\"St Bonnet | St Laurent de Mure\"],\"inLanguage\":\"fr-FR\",\"potentialAction\":[{\"@type\":\"CommentAction\",\"name\":\"Comment\",\"target\":[\"https:\/\/newsestlyonnais.fr\/site\/2018\/09\/05\/saint-laurent-de-mure-lagenda-des-manifestations-pour-le-mois-de-septembre-2018\/#respond\"]}]},{\"@type\":\"WebPage\",\"@id\":\"https:\/\/newsestlyonnais.fr\/site\/2018\/09\/05\/saint-laurent-de-mure-lagenda-des-manifestations-pour-le-mois-de-septembre-2018\/\",\"url\":\"https:\/\/newsestlyonnais.fr\/site\/2018\/09\/05\/saint-laurent-de-mure-lagenda-des-manifestations-pour-le-mois-de-septembre-2018\/\",\"name\":\"SAINT LAURENT DE MURE : L\u2019agenda des manifestations pour le mois de Septembre\",\"isPartOf\":{\"@id\":\"https:\/\/newsestlyonnais.fr\/site\/#website\"},\"primaryImageOfPage\":{\"@id\":\"https:\/\/newsestlyonnais.fr\/site\/2018\/09\/05\/saint-laurent-de-mure-lagenda-des-manifestations-pour-le-mois-de-septembre-2018\/#primaryimage\"},\"image\":{\"@id\":\"https:\/\/newsestlyonnais.fr\/site\/2018\/09\/05\/saint-laurent-de-mure-lagenda-des-manifestations-pour-le-mois-de-septembre-2018\/#primaryimage\"},\"thumbnailUrl\":\"https:\/\/newsestlyonnais.fr\/site\/wp-content\/uploads\/2018\/05\/P1280739.jpg\",\"datePublished\":\"2018-09-05T04:33:55+00:00\",\"description\":\"SAINT LAURENT DE MURE : L\u2019agenda des manifestations pour le mois de Septembre\",\"breadcrumb\":{\"@id\":\"https:\/\/newsestlyonnais.fr\/site\/2018\/09\/05\/saint-laurent-de-mure-lagenda-des-manifestations-pour-le-mois-de-septembre-2018\/#breadcrumb\"},\"inLanguage\":\"fr-FR\",\"potentialAction\":[{\"@type\":\"ReadAction\",\"target\":[\"https:\/\/newsestlyonnais.fr\/site\/2018\/09\/05\/saint-laurent-de-mure-lagenda-des-manifestations-pour-le-mois-de-septembre-2018\/\"]}]},{\"@type\":\"ImageObject\",\"inLanguage\":\"fr-FR\",\"@id\":\"https:\/\/newsestlyonnais.fr\/site\/2018\/09\/05\/saint-laurent-de-mure-lagenda-des-manifestations-pour-le-mois-de-septembre-2018\/#primaryimage\",\"url\":\"https:\/\/newsestlyonnais.fr\/site\/wp-content\/uploads\/2018\/05\/P1280739.jpg\",\"contentUrl\":\"https:\/\/newsestlyonnais.fr\/site\/wp-content\/uploads\/2018\/05\/P1280739.jpg\",\"width\":2048,\"height\":1536,\"caption\":\"NEWSESTLYONNAIS PANNEAU ST LAURENT\"},{\"@type\":\"BreadcrumbList\",\"@id\":\"https:\/\/newsestlyonnais.fr\/site\/2018\/09\/05\/saint-laurent-de-mure-lagenda-des-manifestations-pour-le-mois-de-septembre-2018\/#breadcrumb\",\"itemListElement\":[{\"@type\":\"ListItem\",\"position\":1,\"name\":\"Accueil\",\"item\":\"https:\/\/newsestlyonnais.fr\/site\/\"},{\"@type\":\"ListItem\",\"position\":2,\"name\":\"SAINT LAURENT DE MURE : L\u2019agenda des manifestations pour le mois de Septembre 2018\"}]},{\"@type\":\"WebSite\",\"@id\":\"https:\/\/newsestlyonnais.fr\/site\/#website\",\"url\":\"https:\/\/newsestlyonnais.fr\/site\/\",\"name\":\"News Est Lyonnais\",\"description\":\"L&#039;actualit\u00e9 au plus pr\u00e8s\",\"publisher\":{\"@id\":\"https:\/\/newsestlyonnais.fr\/site\/#organization\"},\"potentialAction\":[{\"@type\":\"SearchAction\",\"target\":{\"@type\":\"EntryPoint\",\"urlTemplate\":\"https:\/\/newsestlyonnais.fr\/site\/?s={search_term_string}\"},\"query-input\":{\"@type\":\"PropertyValueSpecification\",\"valueRequired\":true,\"valueName\":\"search_term_string\"}}],\"inLanguage\":\"fr-FR\"},{\"@type\":\"Organization\",\"@id\":\"https:\/\/newsestlyonnais.fr\/site\/#organization\",\"name\":\"News EST LYONNAIS\",\"url\":\"https:\/\/newsestlyonnais.fr\/site\/\",\"logo\":{\"@type\":\"ImageObject\",\"inLanguage\":\"fr-FR\",\"@id\":\"https:\/\/newsestlyonnais.fr\/site\/#\/schema\/logo\/image\/\",\"url\":\"\",\"contentUrl\":\"\",\"caption\":\"News EST LYONNAIS\"},\"image\":{\"@id\":\"https:\/\/newsestlyonnais.fr\/site\/#\/schema\/logo\/image\/\"}},{\"@type\":\"Person\",\"@id\":\"https:\/\/newsestlyonnais.fr\/site\/#\/schema\/person\/3230d5615f390bb808365d673001e887\",\"name\":\"R\u00e9dac. NEWS\",\"sameAs\":[\"http:\/\/www.newsestlyonnais.fr\",\"https:\/\/www.facebook.com\/pascal.oberson.1?fref=ts\",\"https:\/\/fr.linkedin.com\/in\/pascal-oberson-b17045113\"],\"url\":\"https:\/\/newsestlyonnais.fr\/site\/author\/nel\/\"}]}<\/script>\n<!-- \/ Yoast SEO plugin. -->","yoast_head_json":{"title":"SAINT LAURENT DE MURE : L\u2019agenda des manifestations pour le mois de Septembre","description":"SAINT LAURENT DE MURE : L\u2019agenda des manifestations pour le mois de Septembre","robots":{"index":"index","follow":"follow","max-snippet":"max-snippet:-1","max-image-preview":"max-image-preview:large","max-video-preview":"max-video-preview:-1"},"canonical":"https:\/\/newsestlyonnais.fr\/site\/2018\/09\/05\/saint-laurent-de-mure-lagenda-des-manifestations-pour-le-mois-de-septembre-2018\/","og_locale":"fr_FR","og_type":"article","og_title":"SAINT LAURENT DE MURE : L\u2019agenda des manifestations pour le mois de Septembre","og_description":"SAINT LAURENT DE MURE : L\u2019agenda des manifestations pour le mois de Septembre","og_url":"https:\/\/newsestlyonnais.fr\/site\/2018\/09\/05\/saint-laurent-de-mure-lagenda-des-manifestations-pour-le-mois-de-septembre-2018\/","og_site_name":"News Est Lyonnais","article_author":"https:\/\/www.facebook.com\/pascal.oberson.1?fref=ts","article_published_time":"2018-09-05T04:33:55+00:00","og_image":[{"width":2048,"height":1536,"url":"https:\/\/i2.wp.com\/newsestlyonnais.fr\/site\/wp-content\/uploads\/2018\/05\/P1280739.jpg?fit=2048%2C1536&ssl=1","type":"image\/jpeg"}],"author":"R\u00e9dac. NEWS","twitter_card":"summary_large_image","twitter_misc":{"\u00c9crit par":"R\u00e9dac. NEWS","Dur\u00e9e de lecture estim\u00e9e":"1 minute"},"schema":{"@context":"https:\/\/schema.org","@graph":[{"@type":"Article","@id":"https:\/\/newsestlyonnais.fr\/site\/2018\/09\/05\/saint-laurent-de-mure-lagenda-des-manifestations-pour-le-mois-de-septembre-2018\/#article","isPartOf":{"@id":"https:\/\/newsestlyonnais.fr\/site\/2018\/09\/05\/saint-laurent-de-mure-lagenda-des-manifestations-pour-le-mois-de-septembre-2018\/"},"author":{"name":"R\u00e9dac. NEWS","@id":"https:\/\/newsestlyonnais.fr\/site\/#\/schema\/person\/3230d5615f390bb808365d673001e887"},"headline":"SAINT LAURENT DE MURE : L\u2019agenda des manifestations pour le mois de Septembre 2018","datePublished":"2018-09-05T04:33:55+00:00","mainEntityOfPage":{"@id":"https:\/\/newsestlyonnais.fr\/site\/2018\/09\/05\/saint-laurent-de-mure-lagenda-des-manifestations-pour-le-mois-de-septembre-2018\/"},"wordCount":246,"commentCount":0,"publisher":{"@id":"https:\/\/newsestlyonnais.fr\/site\/#organization"},"image":{"@id":"https:\/\/newsestlyonnais.fr\/site\/2018\/09\/05\/saint-laurent-de-mure-lagenda-des-manifestations-pour-le-mois-de-septembre-2018\/#primaryimage"},"thumbnailUrl":"https:\/\/newsestlyonnais.fr\/site\/wp-content\/uploads\/2018\/05\/P1280739.jpg","articleSection":["\u00e0 la une","CCEL | Communes","St Bonnet | St Laurent de Mure"],"inLanguage":"fr-FR","potentialAction":[{"@type":"CommentAction","name":"Comment","target":["https:\/\/newsestlyonnais.fr\/site\/2018\/09\/05\/saint-laurent-de-mure-lagenda-des-manifestations-pour-le-mois-de-septembre-2018\/#respond"]}]},{"@type":"WebPage","@id":"https:\/\/newsestlyonnais.fr\/site\/2018\/09\/05\/saint-laurent-de-mure-lagenda-des-manifestations-pour-le-mois-de-septembre-2018\/","url":"https:\/\/newsestlyonnais.fr\/site\/2018\/09\/05\/saint-laurent-de-mure-lagenda-des-manifestations-pour-le-mois-de-septembre-2018\/","name":"SAINT LAURENT DE MURE : L\u2019agenda des manifestations pour le mois de Septembre","isPartOf":{"@id":"https:\/\/newsestlyonnais.fr\/site\/#website"},"primaryImageOfPage":{"@id":"https:\/\/newsestlyonnais.fr\/site\/2018\/09\/05\/saint-laurent-de-mure-lagenda-des-manifestations-pour-le-mois-de-septembre-2018\/#primaryimage"},"image":{"@id":"https:\/\/newsestlyonnais.fr\/site\/2018\/09\/05\/saint-laurent-de-mure-lagenda-des-manifestations-pour-le-mois-de-septembre-2018\/#primaryimage"},"thumbnailUrl":"https:\/\/newsestlyonnais.fr\/site\/wp-content\/uploads\/2018\/05\/P1280739.jpg","datePublished":"2018-09-05T04:33:55+00:00","description":"SAINT LAURENT DE MURE : L\u2019agenda des manifestations pour le mois de Septembre","breadcrumb":{"@id":"https:\/\/newsestlyonnais.fr\/site\/2018\/09\/05\/saint-laurent-de-mure-lagenda-des-manifestations-pour-le-mois-de-septembre-2018\/#breadcrumb"},"inLanguage":"fr-FR","potentialAction":[{"@type":"ReadAction","target":["https:\/\/newsestlyonnais.fr\/site\/2018\/09\/05\/saint-laurent-de-mure-lagenda-des-manifestations-pour-le-mois-de-septembre-2018\/"]}]},{"@type":"ImageObject","inLanguage":"fr-FR","@id":"https:\/\/newsestlyonnais.fr\/site\/2018\/09\/05\/saint-laurent-de-mure-lagenda-des-manifestations-pour-le-mois-de-septembre-2018\/#primaryimage","url":"https:\/\/newsestlyonnais.fr\/site\/wp-content\/uploads\/2018\/05\/P1280739.jpg","contentUrl":"https:\/\/newsestlyonnais.fr\/site\/wp-content\/uploads\/2018\/05\/P1280739.jpg","width":2048,"height":1536,"caption":"NEWSESTLYONNAIS PANNEAU ST LAURENT"},{"@type":"BreadcrumbList","@id":"https:\/\/newsestlyonnais.fr\/site\/2018\/09\/05\/saint-laurent-de-mure-lagenda-des-manifestations-pour-le-mois-de-septembre-2018\/#breadcrumb","itemListElement":[{"@type":"ListItem","position":1,"name":"Accueil","item":"https:\/\/newsestlyonnais.fr\/site\/"},{"@type":"ListItem","position":2,"name":"SAINT LAURENT DE MURE : L\u2019agenda des manifestations pour le mois de Septembre 2018"}]},{"@type":"WebSite","@id":"https:\/\/newsestlyonnais.fr\/site\/#website","url":"https:\/\/newsestlyonnais.fr\/site\/","name":"News Est Lyonnais","description":"L&#039;actualit\u00e9 au plus pr\u00e8s","publisher":{"@id":"https:\/\/newsestlyonnais.fr\/site\/#organization"},"potentialAction":[{"@type":"SearchAction","target":{"@type":"EntryPoint","urlTemplate":"https:\/\/newsestlyonnais.fr\/site\/?s={search_term_string}"},"query-input":{"@type":"PropertyValueSpecification","valueRequired":true,"valueName":"search_term_string"}}],"inLanguage":"fr-FR"},{"@type":"Organization","@id":"https:\/\/newsestlyonnais.fr\/site\/#organization","name":"News EST LYONNAIS","url":"https:\/\/newsestlyonnais.fr\/site\/","logo":{"@type":"ImageObject","inLanguage":"fr-FR","@id":"https:\/\/newsestlyonnais.fr\/site\/#\/schema\/logo\/image\/","url":"","contentUrl":"","caption":"News EST LYONNAIS"},"image":{"@id":"https:\/\/newsestlyonnais.fr\/site\/#\/schema\/logo\/image\/"}},{"@type":"Person","@id":"https:\/\/newsestlyonnais.fr\/site\/#\/schema\/person\/3230d5615f390bb808365d673001e887","name":"R\u00e9dac. NEWS","sameAs":["http:\/\/www.newsestlyonnais.fr","https:\/\/www.facebook.com\/pascal.oberson.1?fref=ts","https:\/\/fr.linkedin.com\/in\/pascal-oberson-b17045113"],"url":"https:\/\/newsestlyonnais.fr\/site\/author\/nel\/"}]}},"_links":{"self":[{"href":"https:\/\/newsestlyonnais.fr\/site\/wp-json\/wp\/v2\/posts\/55955","targetHints":{"allow":["GET"]}}],"collection":[{"href":"https:\/\/newsestlyonnais.fr\/site\/wp-json\/wp\/v2\/posts"}],"about":[{"href":"https:\/\/newsestlyonnais.fr\/site\/wp-json\/wp\/v2\/types\/post"}],"author":[{"embeddable":true,"href":"https:\/\/newsestlyonnais.fr\/site\/wp-json\/wp\/v2\/users\/4"}],"replies":[{"embeddable":true,"href":"https:\/\/newsestlyonnais.fr\/site\/wp-json\/wp\/v2\/comments?post=55955"}],"version-history":[{"count":0,"href":"https:\/\/newsestlyonnais.fr\/site\/wp-json\/wp\/v2\/posts\/55955\/revisions"}],"wp:featuredmedia":[{"embeddable":true,"href":"https:\/\/newsestlyonnais.fr\/site\/wp-json\/wp\/v2\/media\/50149"}],"wp:attachment":[{"href":"https:\/\/newsestlyonnais.fr\/site\/wp-json\/wp\/v2\/media?parent=55955"}],"wp:term":[{"taxonomy":"category","embeddable":true,"href":"https:\/\/newsestlyonnais.fr\/site\/wp-json\/wp\/v2\/categories?post=55955"},{"taxonomy":"post_tag","embeddable":true,"href":"https:\/\/newsestlyonnais.fr\/site\/wp-json\/wp\/v2\/tags?post=55955"}],"curies":[{"name":"wp","href":"https:\/\/api.w.org\/{rel}","templated":true}]}}