{"id":56020,"date":"2018-09-06T05:46:16","date_gmt":"2018-09-06T04:46:16","guid":{"rendered":"http:\/\/newsestlyonnais.fr\/site\/?p=56020"},"modified":"2020-05-23T18:26:44","modified_gmt":"2020-05-23T17:26:44","slug":"saint-pierre-de-chandieu-les-manifestations-prevues-sur-la-commune-en-septembre-2018","status":"publish","type":"post","link":"https:\/\/newsestlyonnais.fr\/site\/2018\/09\/06\/saint-pierre-de-chandieu-les-manifestations-prevues-sur-la-commune-en-septembre-2018\/","title":{"rendered":"Saint-Pierre-De-Chandieu | Les manifestations de septembre 2018"},"content":{"rendered":"<div>\n<ul>\n<li><strong>Samedi 8 septembre<\/strong> : <span style=\"text-decoration: underline\">Forum des Associations <\/span><strong>de 9 h \u00e0 14 h<\/strong>. (Salle \u00e0 Vocation Pluraliste) &amp; <span style=\"text-decoration: underline\">Concours Boule<\/span> Fraternelle <strong>d\u00e8s 8 h<\/strong> (stade bouliste).<\/li>\n<li><strong>Samedi 15 septembre<\/strong> : <span style=\"text-decoration: underline\">Matin\u00e9e portes ouvertes<\/span> <strong>de 10 h \u00e0 12 h<\/strong>, (Restaurant Scolaire) &amp; <span style=\"text-decoration: underline\">Journ\u00e9es du Patrimoine<\/span> : Concert et conf\u00e9rence <strong>\u00e0 16 h<\/strong> (chapelle Saint Thomas) par Les Amis de la Paroisse &amp; Pi\u00e8ce de th\u00e9\u00e2tre : \u00ab Vive Bouchon \u00bb <strong>\u00e0 20 h 30<\/strong> (Auditorium Centre des Arts Camille Floret).<\/li>\n<li><strong>Dimanche 16 septembre<\/strong> : <span style=\"text-decoration: underline\">Journ\u00e9es du Patrimoine<\/span> : Concert et conf\u00e9rence <strong>d\u00e8s 15 h<\/strong> (chapelle Saint Thomas) par Les Amis de la Paroisse.<\/li>\n<li><strong>Mardi 18 septembre<\/strong> : <span style=\"text-decoration: underline\">Assembl\u00e9e g\u00e9n\u00e9rale de Vivons le Coll\u00e8ge<\/span> <strong>\u00e0 20 h<\/strong> (coll\u00e8ge Charles de Gaulle) &amp; <span style=\"text-decoration: underline\">Assembl\u00e9e g\u00e9n\u00e9rale de Vivons l\u2019\u00c9cole<\/span> <strong>\u00e0 20 h 30<\/strong> (espace Pierre Savatier).<\/li>\n<li><strong>Vendredi 21 septembre<\/strong> : <span style=\"text-decoration: underline\">Repas des a\u00een\u00e9s<\/span> <strong>\u00e0 12 h<\/strong>, salle desLyres.<\/li>\n<li><strong>Samedi 22 septembr<\/strong>e : <span style=\"text-decoration: underline\">Concours de p\u00e9tanque familial<\/span> par les Classes en 8 (Stade bouliste) &amp; <span style=\"text-decoration: underline\">Concert Karaok\u00e9<\/span> : Hommage \u00e0 Johnny Hallyday <strong>\u00e0 18 h 30<\/strong> avec Chant d\u2019Yeux en Ch\u0153ur, (salle des Lyres).<\/li>\n<li><strong>Samedi 29 septembr<\/strong>e : <span style=\"text-decoration: underline\">Atelier \u00abOhio, des \u00e9toiles pour No\u00ebl\u00bb<\/span> par les Cr\u00e9atives de l\u2019Ozon <strong>de 10 h \u00e0 17 h<\/strong> (salle Le Cercle).<\/li>\n<\/ul>\n<p>_____________________________________________________________________________<\/p>\n<h4><strong>L\u2019ACTU de la commune est \u00e0 retrouver sur : <a href=\"http:\/\/www.mairie-stpierredechandieu.com\" target=\"_blank\" rel=\"noopener noreferrer\">http:\/\/www.mairie-stpierredechandieu.com<\/a><\/strong><\/h4>\n<figure id=\"attachment_54198\" aria-describedby=\"caption-attachment-54198\" style=\"width: 202px\" class=\"wp-caption aligncenter\"><img loading=\"lazy\" decoding=\"async\" class=\"size-medium wp-image-54198\" src=\"https:\/\/newsestlyonnais.fr\/site\/medias\/2018\/07\/newsestlyonnais-Forum-Asso2018-ST-PIERRE-CHANDIEU-202x300.jpg\" alt=\"newsestlyonnais Forum-Asso2018 ST PIERRE CHANDIEU\" width=\"202\" height=\"300\" srcset=\"https:\/\/newsestlyonnais.fr\/site\/wp-content\/uploads\/2018\/07\/newsestlyonnais-Forum-Asso2018-ST-PIERRE-CHANDIEU-202x300.jpg 202w, https:\/\/newsestlyonnais.fr\/site\/wp-content\/uploads\/2018\/07\/newsestlyonnais-Forum-Asso2018-ST-PIERRE-CHANDIEU-768x1142.jpg 768w, https:\/\/newsestlyonnais.fr\/site\/wp-content\/uploads\/2018\/07\/newsestlyonnais-Forum-Asso2018-ST-PIERRE-CHANDIEU-504x750.jpg 504w, https:\/\/newsestlyonnais.fr\/site\/wp-content\/uploads\/2018\/07\/newsestlyonnais-Forum-Asso2018-ST-PIERRE-CHANDIEU-600x892.jpg 600w, https:\/\/newsestlyonnais.fr\/site\/wp-content\/uploads\/2018\/07\/newsestlyonnais-Forum-Asso2018-ST-PIERRE-CHANDIEU.jpg 807w\" sizes=\"auto, (max-width: 202px) 100vw, 202px\" \/><figcaption id=\"caption-attachment-54198\" class=\"wp-caption-text\">Le Forum des Associations<\/figcaption><\/figure>\n<\/div>\n<div><\/div>\n","protected":false},"excerpt":{"rendered":"<p>Nombreux sont les \u00e9v\u00e8nements et manifestations qui se d\u00e9rouleront sur la commune, \u00e0 savoir :<\/p>\n","protected":false},"author":4,"featured_media":56029,"comment_status":"closed","ping_status":"closed","sticky":false,"template":"","format":"standard","meta":{"footnotes":""},"categories":[30,270,1293],"tags":[],"class_list":["post-56020","post","type-post","status-publish","format-standard","has-post-thumbnail","hentry","category-a-la-une","category-cte-de-communes-c-c-e-l","category-st-pierre-de-chandieu-toussieu"],"yoast_head":"<!-- This site is optimized with the Yoast SEO plugin v27.2 - https:\/\/yoast.com\/product\/yoast-seo-wordpress\/ -->\n<title>SAINT PIERRE DE CHANDIEU : Les manifestations pr\u00e9vues sur la commune en septembre 2018<\/title>\n<meta name=\"description\" content=\"SAINT PIERRE DE CHANDIEU : Les manifestations pr\u00e9vues sur la commune en septembre 2018\" \/>\n<meta name=\"robots\" content=\"index, follow, max-snippet:-1, max-image-preview:large, max-video-preview:-1\" \/>\n<link rel=\"canonical\" href=\"https:\/\/newsestlyonnais.fr\/site\/2018\/09\/06\/saint-pierre-de-chandieu-les-manifestations-prevues-sur-la-commune-en-septembre-2018\/\" \/>\n<meta property=\"og:locale\" content=\"fr_FR\" \/>\n<meta property=\"og:type\" content=\"article\" \/>\n<meta property=\"og:title\" content=\"SAINT PIERRE DE CHANDIEU : Les manifestations pr\u00e9vues sur la commune en septembre 2018\" \/>\n<meta property=\"og:description\" content=\"SAINT PIERRE DE CHANDIEU : Les manifestations pr\u00e9vues sur la commune en septembre 2018\" \/>\n<meta property=\"og:url\" content=\"https:\/\/newsestlyonnais.fr\/site\/2018\/09\/06\/saint-pierre-de-chandieu-les-manifestations-prevues-sur-la-commune-en-septembre-2018\/\" \/>\n<meta property=\"og:site_name\" content=\"News Est Lyonnais\" \/>\n<meta property=\"article:author\" content=\"https:\/\/www.facebook.com\/pascal.oberson.1?fref=ts\" \/>\n<meta property=\"article:published_time\" content=\"2018-09-06T04:46:16+00:00\" \/>\n<meta property=\"article:modified_time\" content=\"2020-05-23T17:26:44+00:00\" \/>\n<meta property=\"og:image\" content=\"https:\/\/i2.wp.com\/newsestlyonnais.fr\/site\/wp-content\/uploads\/2018\/09\/P1290862-e1571059478125.jpg?fit=1200%2C900&ssl=1\" \/>\n\t<meta property=\"og:image:width\" content=\"1200\" \/>\n\t<meta property=\"og:image:height\" content=\"900\" \/>\n\t<meta property=\"og:image:type\" content=\"image\/jpeg\" \/>\n<meta name=\"author\" content=\"R\u00e9dac. NEWS\" \/>\n<meta name=\"twitter:card\" content=\"summary_large_image\" \/>\n<meta name=\"twitter:label1\" content=\"\u00c9crit par\" \/>\n\t<meta name=\"twitter:data1\" content=\"R\u00e9dac. NEWS\" \/>\n\t<meta name=\"twitter:label2\" content=\"Dur\u00e9e de lecture estim\u00e9e\" \/>\n\t<meta name=\"twitter:data2\" content=\"1 minute\" \/>\n<script type=\"application\/ld+json\" class=\"yoast-schema-graph\">{\"@context\":\"https:\/\/schema.org\",\"@graph\":[{\"@type\":\"Article\",\"@id\":\"https:\/\/newsestlyonnais.fr\/site\/2018\/09\/06\/saint-pierre-de-chandieu-les-manifestations-prevues-sur-la-commune-en-septembre-2018\/#article\",\"isPartOf\":{\"@id\":\"https:\/\/newsestlyonnais.fr\/site\/2018\/09\/06\/saint-pierre-de-chandieu-les-manifestations-prevues-sur-la-commune-en-septembre-2018\/\"},\"author\":{\"name\":\"R\u00e9dac. NEWS\",\"@id\":\"https:\/\/newsestlyonnais.fr\/site\/#\/schema\/person\/3230d5615f390bb808365d673001e887\"},\"headline\":\"Saint-Pierre-De-Chandieu | Les manifestations de septembre 2018\",\"datePublished\":\"2018-09-06T04:46:16+00:00\",\"dateModified\":\"2020-05-23T17:26:44+00:00\",\"mainEntityOfPage\":{\"@id\":\"https:\/\/newsestlyonnais.fr\/site\/2018\/09\/06\/saint-pierre-de-chandieu-les-manifestations-prevues-sur-la-commune-en-septembre-2018\/\"},\"wordCount\":209,\"publisher\":{\"@id\":\"https:\/\/newsestlyonnais.fr\/site\/#organization\"},\"image\":{\"@id\":\"https:\/\/newsestlyonnais.fr\/site\/2018\/09\/06\/saint-pierre-de-chandieu-les-manifestations-prevues-sur-la-commune-en-septembre-2018\/#primaryimage\"},\"thumbnailUrl\":\"https:\/\/newsestlyonnais.fr\/site\/wp-content\/uploads\/2018\/09\/P1290862-e1571059478125.jpg\",\"articleSection\":[\"\u00e0 la une\",\"CCEL | Communes\",\"St Pierre de Chandieu | Toussieu\"],\"inLanguage\":\"fr-FR\"},{\"@type\":\"WebPage\",\"@id\":\"https:\/\/newsestlyonnais.fr\/site\/2018\/09\/06\/saint-pierre-de-chandieu-les-manifestations-prevues-sur-la-commune-en-septembre-2018\/\",\"url\":\"https:\/\/newsestlyonnais.fr\/site\/2018\/09\/06\/saint-pierre-de-chandieu-les-manifestations-prevues-sur-la-commune-en-septembre-2018\/\",\"name\":\"SAINT PIERRE DE CHANDIEU : Les manifestations pr\u00e9vues sur la commune en septembre 2018\",\"isPartOf\":{\"@id\":\"https:\/\/newsestlyonnais.fr\/site\/#website\"},\"primaryImageOfPage\":{\"@id\":\"https:\/\/newsestlyonnais.fr\/site\/2018\/09\/06\/saint-pierre-de-chandieu-les-manifestations-prevues-sur-la-commune-en-septembre-2018\/#primaryimage\"},\"image\":{\"@id\":\"https:\/\/newsestlyonnais.fr\/site\/2018\/09\/06\/saint-pierre-de-chandieu-les-manifestations-prevues-sur-la-commune-en-septembre-2018\/#primaryimage\"},\"thumbnailUrl\":\"https:\/\/newsestlyonnais.fr\/site\/wp-content\/uploads\/2018\/09\/P1290862-e1571059478125.jpg\",\"datePublished\":\"2018-09-06T04:46:16+00:00\",\"dateModified\":\"2020-05-23T17:26:44+00:00\",\"description\":\"SAINT PIERRE DE CHANDIEU : Les manifestations pr\u00e9vues sur la commune en septembre 2018\",\"breadcrumb\":{\"@id\":\"https:\/\/newsestlyonnais.fr\/site\/2018\/09\/06\/saint-pierre-de-chandieu-les-manifestations-prevues-sur-la-commune-en-septembre-2018\/#breadcrumb\"},\"inLanguage\":\"fr-FR\",\"potentialAction\":[{\"@type\":\"ReadAction\",\"target\":[\"https:\/\/newsestlyonnais.fr\/site\/2018\/09\/06\/saint-pierre-de-chandieu-les-manifestations-prevues-sur-la-commune-en-septembre-2018\/\"]}]},{\"@type\":\"ImageObject\",\"inLanguage\":\"fr-FR\",\"@id\":\"https:\/\/newsestlyonnais.fr\/site\/2018\/09\/06\/saint-pierre-de-chandieu-les-manifestations-prevues-sur-la-commune-en-septembre-2018\/#primaryimage\",\"url\":\"https:\/\/newsestlyonnais.fr\/site\/wp-content\/uploads\/2018\/09\/P1290862-e1571059478125.jpg\",\"contentUrl\":\"https:\/\/newsestlyonnais.fr\/site\/wp-content\/uploads\/2018\/09\/P1290862-e1571059478125.jpg\",\"width\":1200,\"height\":900,\"caption\":\"NEWSESTLYONNAIS PANNEAU ST PIERRE CHANDIEU\"},{\"@type\":\"BreadcrumbList\",\"@id\":\"https:\/\/newsestlyonnais.fr\/site\/2018\/09\/06\/saint-pierre-de-chandieu-les-manifestations-prevues-sur-la-commune-en-septembre-2018\/#breadcrumb\",\"itemListElement\":[{\"@type\":\"ListItem\",\"position\":1,\"name\":\"Accueil\",\"item\":\"https:\/\/newsestlyonnais.fr\/site\/\"},{\"@type\":\"ListItem\",\"position\":2,\"name\":\"Saint-Pierre-De-Chandieu | Les manifestations de septembre 2018\"}]},{\"@type\":\"WebSite\",\"@id\":\"https:\/\/newsestlyonnais.fr\/site\/#website\",\"url\":\"https:\/\/newsestlyonnais.fr\/site\/\",\"name\":\"News Est Lyonnais\",\"description\":\"L&#039;actualit\u00e9 au plus pr\u00e8s\",\"publisher\":{\"@id\":\"https:\/\/newsestlyonnais.fr\/site\/#organization\"},\"potentialAction\":[{\"@type\":\"SearchAction\",\"target\":{\"@type\":\"EntryPoint\",\"urlTemplate\":\"https:\/\/newsestlyonnais.fr\/site\/?s={search_term_string}\"},\"query-input\":{\"@type\":\"PropertyValueSpecification\",\"valueRequired\":true,\"valueName\":\"search_term_string\"}}],\"inLanguage\":\"fr-FR\"},{\"@type\":\"Organization\",\"@id\":\"https:\/\/newsestlyonnais.fr\/site\/#organization\",\"name\":\"News EST LYONNAIS\",\"url\":\"https:\/\/newsestlyonnais.fr\/site\/\",\"logo\":{\"@type\":\"ImageObject\",\"inLanguage\":\"fr-FR\",\"@id\":\"https:\/\/newsestlyonnais.fr\/site\/#\/schema\/logo\/image\/\",\"url\":\"\",\"contentUrl\":\"\",\"caption\":\"News EST LYONNAIS\"},\"image\":{\"@id\":\"https:\/\/newsestlyonnais.fr\/site\/#\/schema\/logo\/image\/\"}},{\"@type\":\"Person\",\"@id\":\"https:\/\/newsestlyonnais.fr\/site\/#\/schema\/person\/3230d5615f390bb808365d673001e887\",\"name\":\"R\u00e9dac. NEWS\",\"sameAs\":[\"http:\/\/www.newsestlyonnais.fr\",\"https:\/\/www.facebook.com\/pascal.oberson.1?fref=ts\",\"https:\/\/fr.linkedin.com\/in\/pascal-oberson-b17045113\"],\"url\":\"https:\/\/newsestlyonnais.fr\/site\/author\/nel\/\"}]}<\/script>\n<!-- \/ Yoast SEO plugin. -->","yoast_head_json":{"title":"SAINT PIERRE DE CHANDIEU : Les manifestations pr\u00e9vues sur la commune en septembre 2018","description":"SAINT PIERRE DE CHANDIEU : Les manifestations pr\u00e9vues sur la commune en septembre 2018","robots":{"index":"index","follow":"follow","max-snippet":"max-snippet:-1","max-image-preview":"max-image-preview:large","max-video-preview":"max-video-preview:-1"},"canonical":"https:\/\/newsestlyonnais.fr\/site\/2018\/09\/06\/saint-pierre-de-chandieu-les-manifestations-prevues-sur-la-commune-en-septembre-2018\/","og_locale":"fr_FR","og_type":"article","og_title":"SAINT PIERRE DE CHANDIEU : Les manifestations pr\u00e9vues sur la commune en septembre 2018","og_description":"SAINT PIERRE DE CHANDIEU : Les manifestations pr\u00e9vues sur la commune en septembre 2018","og_url":"https:\/\/newsestlyonnais.fr\/site\/2018\/09\/06\/saint-pierre-de-chandieu-les-manifestations-prevues-sur-la-commune-en-septembre-2018\/","og_site_name":"News Est Lyonnais","article_author":"https:\/\/www.facebook.com\/pascal.oberson.1?fref=ts","article_published_time":"2018-09-06T04:46:16+00:00","article_modified_time":"2020-05-23T17:26:44+00:00","og_image":[{"width":1200,"height":900,"url":"https:\/\/i2.wp.com\/newsestlyonnais.fr\/site\/wp-content\/uploads\/2018\/09\/P1290862-e1571059478125.jpg?fit=1200%2C900&ssl=1","type":"image\/jpeg"}],"author":"R\u00e9dac. NEWS","twitter_card":"summary_large_image","twitter_misc":{"\u00c9crit par":"R\u00e9dac. NEWS","Dur\u00e9e de lecture estim\u00e9e":"1 minute"},"schema":{"@context":"https:\/\/schema.org","@graph":[{"@type":"Article","@id":"https:\/\/newsestlyonnais.fr\/site\/2018\/09\/06\/saint-pierre-de-chandieu-les-manifestations-prevues-sur-la-commune-en-septembre-2018\/#article","isPartOf":{"@id":"https:\/\/newsestlyonnais.fr\/site\/2018\/09\/06\/saint-pierre-de-chandieu-les-manifestations-prevues-sur-la-commune-en-septembre-2018\/"},"author":{"name":"R\u00e9dac. NEWS","@id":"https:\/\/newsestlyonnais.fr\/site\/#\/schema\/person\/3230d5615f390bb808365d673001e887"},"headline":"Saint-Pierre-De-Chandieu | Les manifestations de septembre 2018","datePublished":"2018-09-06T04:46:16+00:00","dateModified":"2020-05-23T17:26:44+00:00","mainEntityOfPage":{"@id":"https:\/\/newsestlyonnais.fr\/site\/2018\/09\/06\/saint-pierre-de-chandieu-les-manifestations-prevues-sur-la-commune-en-septembre-2018\/"},"wordCount":209,"publisher":{"@id":"https:\/\/newsestlyonnais.fr\/site\/#organization"},"image":{"@id":"https:\/\/newsestlyonnais.fr\/site\/2018\/09\/06\/saint-pierre-de-chandieu-les-manifestations-prevues-sur-la-commune-en-septembre-2018\/#primaryimage"},"thumbnailUrl":"https:\/\/newsestlyonnais.fr\/site\/wp-content\/uploads\/2018\/09\/P1290862-e1571059478125.jpg","articleSection":["\u00e0 la une","CCEL | Communes","St Pierre de Chandieu | Toussieu"],"inLanguage":"fr-FR"},{"@type":"WebPage","@id":"https:\/\/newsestlyonnais.fr\/site\/2018\/09\/06\/saint-pierre-de-chandieu-les-manifestations-prevues-sur-la-commune-en-septembre-2018\/","url":"https:\/\/newsestlyonnais.fr\/site\/2018\/09\/06\/saint-pierre-de-chandieu-les-manifestations-prevues-sur-la-commune-en-septembre-2018\/","name":"SAINT PIERRE DE CHANDIEU : Les manifestations pr\u00e9vues sur la commune en septembre 2018","isPartOf":{"@id":"https:\/\/newsestlyonnais.fr\/site\/#website"},"primaryImageOfPage":{"@id":"https:\/\/newsestlyonnais.fr\/site\/2018\/09\/06\/saint-pierre-de-chandieu-les-manifestations-prevues-sur-la-commune-en-septembre-2018\/#primaryimage"},"image":{"@id":"https:\/\/newsestlyonnais.fr\/site\/2018\/09\/06\/saint-pierre-de-chandieu-les-manifestations-prevues-sur-la-commune-en-septembre-2018\/#primaryimage"},"thumbnailUrl":"https:\/\/newsestlyonnais.fr\/site\/wp-content\/uploads\/2018\/09\/P1290862-e1571059478125.jpg","datePublished":"2018-09-06T04:46:16+00:00","dateModified":"2020-05-23T17:26:44+00:00","description":"SAINT PIERRE DE CHANDIEU : Les manifestations pr\u00e9vues sur la commune en septembre 2018","breadcrumb":{"@id":"https:\/\/newsestlyonnais.fr\/site\/2018\/09\/06\/saint-pierre-de-chandieu-les-manifestations-prevues-sur-la-commune-en-septembre-2018\/#breadcrumb"},"inLanguage":"fr-FR","potentialAction":[{"@type":"ReadAction","target":["https:\/\/newsestlyonnais.fr\/site\/2018\/09\/06\/saint-pierre-de-chandieu-les-manifestations-prevues-sur-la-commune-en-septembre-2018\/"]}]},{"@type":"ImageObject","inLanguage":"fr-FR","@id":"https:\/\/newsestlyonnais.fr\/site\/2018\/09\/06\/saint-pierre-de-chandieu-les-manifestations-prevues-sur-la-commune-en-septembre-2018\/#primaryimage","url":"https:\/\/newsestlyonnais.fr\/site\/wp-content\/uploads\/2018\/09\/P1290862-e1571059478125.jpg","contentUrl":"https:\/\/newsestlyonnais.fr\/site\/wp-content\/uploads\/2018\/09\/P1290862-e1571059478125.jpg","width":1200,"height":900,"caption":"NEWSESTLYONNAIS PANNEAU ST PIERRE CHANDIEU"},{"@type":"BreadcrumbList","@id":"https:\/\/newsestlyonnais.fr\/site\/2018\/09\/06\/saint-pierre-de-chandieu-les-manifestations-prevues-sur-la-commune-en-septembre-2018\/#breadcrumb","itemListElement":[{"@type":"ListItem","position":1,"name":"Accueil","item":"https:\/\/newsestlyonnais.fr\/site\/"},{"@type":"ListItem","position":2,"name":"Saint-Pierre-De-Chandieu | Les manifestations de septembre 2018"}]},{"@type":"WebSite","@id":"https:\/\/newsestlyonnais.fr\/site\/#website","url":"https:\/\/newsestlyonnais.fr\/site\/","name":"News Est Lyonnais","description":"L&#039;actualit\u00e9 au plus pr\u00e8s","publisher":{"@id":"https:\/\/newsestlyonnais.fr\/site\/#organization"},"potentialAction":[{"@type":"SearchAction","target":{"@type":"EntryPoint","urlTemplate":"https:\/\/newsestlyonnais.fr\/site\/?s={search_term_string}"},"query-input":{"@type":"PropertyValueSpecification","valueRequired":true,"valueName":"search_term_string"}}],"inLanguage":"fr-FR"},{"@type":"Organization","@id":"https:\/\/newsestlyonnais.fr\/site\/#organization","name":"News EST LYONNAIS","url":"https:\/\/newsestlyonnais.fr\/site\/","logo":{"@type":"ImageObject","inLanguage":"fr-FR","@id":"https:\/\/newsestlyonnais.fr\/site\/#\/schema\/logo\/image\/","url":"","contentUrl":"","caption":"News EST LYONNAIS"},"image":{"@id":"https:\/\/newsestlyonnais.fr\/site\/#\/schema\/logo\/image\/"}},{"@type":"Person","@id":"https:\/\/newsestlyonnais.fr\/site\/#\/schema\/person\/3230d5615f390bb808365d673001e887","name":"R\u00e9dac. NEWS","sameAs":["http:\/\/www.newsestlyonnais.fr","https:\/\/www.facebook.com\/pascal.oberson.1?fref=ts","https:\/\/fr.linkedin.com\/in\/pascal-oberson-b17045113"],"url":"https:\/\/newsestlyonnais.fr\/site\/author\/nel\/"}]}},"_links":{"self":[{"href":"https:\/\/newsestlyonnais.fr\/site\/wp-json\/wp\/v2\/posts\/56020","targetHints":{"allow":["GET"]}}],"collection":[{"href":"https:\/\/newsestlyonnais.fr\/site\/wp-json\/wp\/v2\/posts"}],"about":[{"href":"https:\/\/newsestlyonnais.fr\/site\/wp-json\/wp\/v2\/types\/post"}],"author":[{"embeddable":true,"href":"https:\/\/newsestlyonnais.fr\/site\/wp-json\/wp\/v2\/users\/4"}],"replies":[{"embeddable":true,"href":"https:\/\/newsestlyonnais.fr\/site\/wp-json\/wp\/v2\/comments?post=56020"}],"version-history":[{"count":0,"href":"https:\/\/newsestlyonnais.fr\/site\/wp-json\/wp\/v2\/posts\/56020\/revisions"}],"wp:featuredmedia":[{"embeddable":true,"href":"https:\/\/newsestlyonnais.fr\/site\/wp-json\/wp\/v2\/media\/56029"}],"wp:attachment":[{"href":"https:\/\/newsestlyonnais.fr\/site\/wp-json\/wp\/v2\/media?parent=56020"}],"wp:term":[{"taxonomy":"category","embeddable":true,"href":"https:\/\/newsestlyonnais.fr\/site\/wp-json\/wp\/v2\/categories?post=56020"},{"taxonomy":"post_tag","embeddable":true,"href":"https:\/\/newsestlyonnais.fr\/site\/wp-json\/wp\/v2\/tags?post=56020"}],"curies":[{"name":"wp","href":"https:\/\/api.w.org\/{rel}","templated":true}]}}