{"id":56099,"date":"2018-10-15T13:14:01","date_gmt":"2018-10-15T12:14:01","guid":{"rendered":"http:\/\/newsestlyonnais.fr\/site\/?p=56099"},"modified":"2020-11-05T20:46:21","modified_gmt":"2020-11-05T19:46:21","slug":"chassieu-lagence-in-and-fi-credits-officiellement-inauguree","status":"publish","type":"post","link":"https:\/\/newsestlyonnais.fr\/site\/2018\/10\/15\/chassieu-lagence-in-and-fi-credits-officiellement-inauguree\/","title":{"rendered":"CHASSIEU | L&rsquo;agence IN and FI cr\u00e9dits officiellement inaugur\u00e9e"},"content":{"rendered":"<p>Son responsable, <strong>C\u00e9dric Bourgeois<\/strong> (PHOTO A LA UNE), courtier en cr\u00e9dits immobiliers, est originaire du Pays de Gex. Titulaire d&rsquo;un Bac Economique et Social (ES) puis d&rsquo;un DUT Gestion des Entreprises et Administrations (GEA), il a ensuite int\u00e9gr\u00e9 le Cr\u00e9dit Agricole Centre Est (\u00e0 St Genis Pouilly). Au sein de cet \u00e9tablissement bancaire il a occup\u00e9 les fonctions d&rsquo;attach\u00e9 commercial en tant que conseiller client\u00e8le et charg\u00e9 des particuliers. Il a ensuite collabor\u00e9 sur l&rsquo;Est Lyonnais, depuis mars 2017, ceci \u00e0 Saint Bonnet de Mure puis Meyzieu.<\/p>\n<p>Souhaitant ensuite voler de ses propres ailes, il a eu l&rsquo;id\u00e9e d&rsquo;un double projet d&rsquo;entreprenariat et d&rsquo;ind\u00e9pendance. Le d\u00e9clic s&rsquo;\u00e9tant produit lors de la rencontre d&rsquo;une franchise en mars dernier sur Lyon.<\/p>\n<p>______________________________________________________________________________<\/p>\n<p>\u00a0\u00bb Je me suis affili\u00e9 \u00e0 la franchise IN&amp;FI (r\u00e9seau national de 115 agences), cr\u00e9\u00e9e en 2004 et d\u00e9tenue par un groupe familial et qui n&rsquo;est pas un grand groupe financier ! On peut ainsi commencer seul, \u00e9voluer avec une agence et mettre un premier pied dans le m\u00e9tier. J&rsquo;ai souhait\u00e9 m&rsquo; installer dans l&rsquo;Est Lyonnais, zone g\u00e9ographique que j&rsquo;ai appris \u00e0 connaitre au sein d&rsquo;une r\u00e9gion qui se d\u00e9veloppe intelligemment. Avec une implantation sur la zone industrielle et en bordure de rocade ce qui permet d&rsquo;avoir plus de lisibilit\u00e9.<\/p>\n<p>Je recherche avant tout de la qualit\u00e9 dans l&rsquo;accompagnement jusqu&rsquo;\u00e0 la signature chez le notaire et avec un seul interlocuteur ! Ceci dans le cadre de projets immobiliers pour particuliers (salari\u00e9s ou fonctionnaires), chefs d&rsquo; entreprises, primo-acc\u00e9dants ou pour la ren\u00e9gociation d&rsquo;un pr\u00eat immo en cours. Des cr\u00e9dits immobiliers propos\u00e9s pour r\u00e9sidences principales, secondaires et locatives. Les clients de Chassieu, Genas et du secteur proche peuvent me solliciter pour ces diff\u00e9rents points en sachant que je collabore avec pas moins de 18 partenaires (10 bancaires, 8 assureurs emprunteurs) \u00ab\u00a0.<\/p>\n<p>_______________________________________________________________________________<\/p>\n<p><span style=\"text-decoration: underline\"><em><strong>Contacts<\/strong><\/em><\/span> : <strong><em>IN&amp;FI cr\u00e9dits: 29 rue Amp\u00e8re Chassieu. T\u00e9l. 04.37.60.44.30 \/ 06.25.69.56.41 \/ cbourgeois@inficredits.fr<\/em><\/strong><\/p>\n<h4>Plus d&rsquo;infos sur : <a href=\"https:\/\/www.inandfi-credits.fr\/credit-chassieu\" target=\"_blank\" rel=\"noopener noreferrer\">https:\/\/www.inandfi-credits.fr\/credit-chassieu<\/a><\/h4>\n<p>________________________________________________________________________________<\/p>\n<p><span style=\"text-decoration: underline\">Retour en images<\/span> sur la soir\u00e9e d&rsquo;inauguration qui a rassembl\u00e9 une trentaine de personnes dont des repr\u00e9sentants de la municipalit\u00e9 mais aussi l&rsquo;agence Century 21 de Genas et Maisons Clair Logis (ZI de Genas) :<\/p>\n<div id='gallery-1' class='gallery galleryid-56099 gallery-columns-3 gallery-size-thumbnail'><figure class='gallery-item'>\n\t\t\t<div class='gallery-icon landscape'>\n\t\t\t\t<a href='https:\/\/newsestlyonnais.fr\/site\/2018\/10\/15\/chassieu-lagence-in-and-fi-credits-officiellement-inauguree\/newsestlyonnais-inaug-agence-chassieu-01\/'><img loading=\"lazy\" decoding=\"async\" width=\"150\" height=\"150\" src=\"https:\/\/newsestlyonnais.fr\/site\/wp-content\/uploads\/2018\/09\/NEWSESTLYONNAIS-INAUG-AGENCE-CHASSIEU-01-150x150.jpg\" class=\"attachment-thumbnail size-thumbnail\" alt=\"NEWSESTLYONNAIS INAUG AGENCE CHASSIEU 01\" \/><\/a>\n\t\t\t<\/div><\/figure><figure class='gallery-item'>\n\t\t\t<div class='gallery-icon landscape'>\n\t\t\t\t<a href='https:\/\/newsestlyonnais.fr\/site\/2018\/10\/15\/chassieu-lagence-in-and-fi-credits-officiellement-inauguree\/newsestlyonnais-inaug-agence-chassieu-02\/'><img loading=\"lazy\" decoding=\"async\" width=\"150\" height=\"150\" src=\"https:\/\/newsestlyonnais.fr\/site\/wp-content\/uploads\/2018\/09\/NEWSESTLYONNAIS-INAUG-AGENCE-CHASSIEU-02-150x150.jpg\" class=\"attachment-thumbnail size-thumbnail\" alt=\"NEWSESTLYONNAIS INAUG AGENCE CHASSIEU 02\" \/><\/a>\n\t\t\t<\/div><\/figure><figure class='gallery-item'>\n\t\t\t<div class='gallery-icon landscape'>\n\t\t\t\t<a href='https:\/\/newsestlyonnais.fr\/site\/2018\/10\/15\/chassieu-lagence-in-and-fi-credits-officiellement-inauguree\/newsestlyonnais-inaug-agence-chassieu-03\/'><img loading=\"lazy\" decoding=\"async\" width=\"150\" height=\"150\" src=\"https:\/\/newsestlyonnais.fr\/site\/wp-content\/uploads\/2018\/09\/NEWSESTLYONNAIS-INAUG-AGENCE-CHASSIEU-03-150x150.jpg\" class=\"attachment-thumbnail size-thumbnail\" alt=\"NEWSESTLYONNAIS INAUG AGENCE CHASSIEU 03\" \/><\/a>\n\t\t\t<\/div><\/figure><figure class='gallery-item'>\n\t\t\t<div class='gallery-icon landscape'>\n\t\t\t\t<a href='https:\/\/newsestlyonnais.fr\/site\/2018\/10\/15\/chassieu-lagence-in-and-fi-credits-officiellement-inauguree\/newsestlyonnais-inaug-agence-chassieu-04\/'><img loading=\"lazy\" decoding=\"async\" width=\"150\" height=\"150\" src=\"https:\/\/newsestlyonnais.fr\/site\/wp-content\/uploads\/2018\/09\/NEWSESTLYONNAIS-INAUG-AGENCE-CHASSIEU-04-150x150.jpg\" class=\"attachment-thumbnail size-thumbnail\" alt=\"NEWSESTLYONNAIS INAUG AGENCE CHASSIEU 04\" \/><\/a>\n\t\t\t<\/div><\/figure>\n\t\t<\/div>\n\n<p>&nbsp;<\/p>\n","protected":false},"excerpt":{"rendered":"<p>Ouverte le mercredi 22 Ao\u00fbt dernier, l&rsquo;agence In&amp;Fi bas\u00e9e au sein de la Z.I. Mi-Plaine \u00e9tait officiellement inaugur\u00e9e jeudi en d\u00e9but de soir\u00e9e.<\/p>\n","protected":false},"author":4,"featured_media":56233,"comment_status":"open","ping_status":"open","sticky":false,"template":"","format":"standard","meta":{"footnotes":""},"categories":[1628,2970,3340,1283,12,11,787],"tags":[3343,1996,3342],"class_list":["post-56099","post","type-post","status-publish","format-standard","has-post-thumbnail","hentry","category-publi-reportages","category-artisans-commerces-economie","category-assurances-banque-credit","category-chassieu-communes-diverses","category-entreprises","category-immobilier-logement","category-ptites-news","tag-cedric-bourgeois","tag-chassieu","tag-in-and-fi"],"yoast_head":"<!-- This site is optimized with the Yoast SEO plugin v27.2 - https:\/\/yoast.com\/product\/yoast-seo-wordpress\/ -->\n<title>CHASSIEU : L&#039;agence IN and FI cr\u00e9dits officiellement inaugur\u00e9e<\/title>\n<meta name=\"description\" content=\"CHASSIEU : L&#039;agence IN and FI cr\u00e9dits officiellement inaugur\u00e9e\" \/>\n<meta name=\"robots\" content=\"index, follow, max-snippet:-1, max-image-preview:large, max-video-preview:-1\" \/>\n<link rel=\"canonical\" href=\"https:\/\/newsestlyonnais.fr\/site\/2018\/10\/15\/chassieu-lagence-in-and-fi-credits-officiellement-inauguree\/\" \/>\n<meta property=\"og:locale\" content=\"fr_FR\" \/>\n<meta property=\"og:type\" content=\"article\" \/>\n<meta property=\"og:title\" content=\"CHASSIEU : L&#039;agence IN and FI cr\u00e9dits officiellement inaugur\u00e9e\" \/>\n<meta property=\"og:description\" content=\"CHASSIEU : L&#039;agence IN and FI cr\u00e9dits officiellement inaugur\u00e9e\" \/>\n<meta property=\"og:url\" content=\"https:\/\/newsestlyonnais.fr\/site\/2018\/10\/15\/chassieu-lagence-in-and-fi-credits-officiellement-inauguree\/\" \/>\n<meta property=\"og:site_name\" content=\"News Est Lyonnais\" \/>\n<meta property=\"article:author\" content=\"https:\/\/www.facebook.com\/pascal.oberson.1?fref=ts\" \/>\n<meta property=\"article:published_time\" content=\"2018-10-15T12:14:01+00:00\" \/>\n<meta property=\"article:modified_time\" content=\"2020-11-05T19:46:21+00:00\" \/>\n<meta property=\"og:image\" content=\"https:\/\/i2.wp.com\/newsestlyonnais.fr\/site\/wp-content\/uploads\/2018\/09\/NEWSESTLYONNAIS-C-BOURGEOIS-IN-ET-FI.jpg?fit=2048%2C1536&ssl=1\" \/>\n\t<meta property=\"og:image:width\" content=\"2048\" \/>\n\t<meta property=\"og:image:height\" content=\"1536\" \/>\n\t<meta property=\"og:image:type\" content=\"image\/jpeg\" \/>\n<meta name=\"author\" content=\"R\u00e9dac. NEWS\" \/>\n<meta name=\"twitter:card\" content=\"summary_large_image\" \/>\n<meta name=\"twitter:label1\" content=\"\u00c9crit par\" \/>\n\t<meta name=\"twitter:data1\" content=\"R\u00e9dac. NEWS\" \/>\n\t<meta name=\"twitter:label2\" content=\"Dur\u00e9e de lecture estim\u00e9e\" \/>\n\t<meta name=\"twitter:data2\" content=\"2 minutes\" \/>\n<script type=\"application\/ld+json\" class=\"yoast-schema-graph\">{\"@context\":\"https:\/\/schema.org\",\"@graph\":[{\"@type\":\"Article\",\"@id\":\"https:\/\/newsestlyonnais.fr\/site\/2018\/10\/15\/chassieu-lagence-in-and-fi-credits-officiellement-inauguree\/#article\",\"isPartOf\":{\"@id\":\"https:\/\/newsestlyonnais.fr\/site\/2018\/10\/15\/chassieu-lagence-in-and-fi-credits-officiellement-inauguree\/\"},\"author\":{\"name\":\"R\u00e9dac. NEWS\",\"@id\":\"https:\/\/newsestlyonnais.fr\/site\/#\/schema\/person\/3230d5615f390bb808365d673001e887\"},\"headline\":\"CHASSIEU | L&rsquo;agence IN and FI cr\u00e9dits officiellement inaugur\u00e9e\",\"datePublished\":\"2018-10-15T12:14:01+00:00\",\"dateModified\":\"2020-11-05T19:46:21+00:00\",\"mainEntityOfPage\":{\"@id\":\"https:\/\/newsestlyonnais.fr\/site\/2018\/10\/15\/chassieu-lagence-in-and-fi-credits-officiellement-inauguree\/\"},\"wordCount\":404,\"commentCount\":0,\"publisher\":{\"@id\":\"https:\/\/newsestlyonnais.fr\/site\/#organization\"},\"image\":{\"@id\":\"https:\/\/newsestlyonnais.fr\/site\/2018\/10\/15\/chassieu-lagence-in-and-fi-credits-officiellement-inauguree\/#primaryimage\"},\"thumbnailUrl\":\"https:\/\/newsestlyonnais.fr\/site\/wp-content\/uploads\/2018\/09\/NEWSESTLYONNAIS-C-BOURGEOIS-IN-ET-FI.jpg\",\"keywords\":[\"C\u00e9dric Bourgeois\",\"Chassieu\",\"IN and FI\"],\"articleSection\":[\"1Publi-Reportages\",\"Artisans | Commerces\",\"Assurances | Banque | Cr\u00e9dit\",\"Chassieu | Communes diverses\",\"Entreprises\",\"Immobilier | Logement\",\"P'tites News\"],\"inLanguage\":\"fr-FR\",\"potentialAction\":[{\"@type\":\"CommentAction\",\"name\":\"Comment\",\"target\":[\"https:\/\/newsestlyonnais.fr\/site\/2018\/10\/15\/chassieu-lagence-in-and-fi-credits-officiellement-inauguree\/#respond\"]}]},{\"@type\":\"WebPage\",\"@id\":\"https:\/\/newsestlyonnais.fr\/site\/2018\/10\/15\/chassieu-lagence-in-and-fi-credits-officiellement-inauguree\/\",\"url\":\"https:\/\/newsestlyonnais.fr\/site\/2018\/10\/15\/chassieu-lagence-in-and-fi-credits-officiellement-inauguree\/\",\"name\":\"CHASSIEU : L'agence IN and FI cr\u00e9dits officiellement inaugur\u00e9e\",\"isPartOf\":{\"@id\":\"https:\/\/newsestlyonnais.fr\/site\/#website\"},\"primaryImageOfPage\":{\"@id\":\"https:\/\/newsestlyonnais.fr\/site\/2018\/10\/15\/chassieu-lagence-in-and-fi-credits-officiellement-inauguree\/#primaryimage\"},\"image\":{\"@id\":\"https:\/\/newsestlyonnais.fr\/site\/2018\/10\/15\/chassieu-lagence-in-and-fi-credits-officiellement-inauguree\/#primaryimage\"},\"thumbnailUrl\":\"https:\/\/newsestlyonnais.fr\/site\/wp-content\/uploads\/2018\/09\/NEWSESTLYONNAIS-C-BOURGEOIS-IN-ET-FI.jpg\",\"datePublished\":\"2018-10-15T12:14:01+00:00\",\"dateModified\":\"2020-11-05T19:46:21+00:00\",\"description\":\"CHASSIEU : L'agence IN and FI cr\u00e9dits officiellement inaugur\u00e9e\",\"breadcrumb\":{\"@id\":\"https:\/\/newsestlyonnais.fr\/site\/2018\/10\/15\/chassieu-lagence-in-and-fi-credits-officiellement-inauguree\/#breadcrumb\"},\"inLanguage\":\"fr-FR\",\"potentialAction\":[{\"@type\":\"ReadAction\",\"target\":[\"https:\/\/newsestlyonnais.fr\/site\/2018\/10\/15\/chassieu-lagence-in-and-fi-credits-officiellement-inauguree\/\"]}]},{\"@type\":\"ImageObject\",\"inLanguage\":\"fr-FR\",\"@id\":\"https:\/\/newsestlyonnais.fr\/site\/2018\/10\/15\/chassieu-lagence-in-and-fi-credits-officiellement-inauguree\/#primaryimage\",\"url\":\"https:\/\/newsestlyonnais.fr\/site\/wp-content\/uploads\/2018\/09\/NEWSESTLYONNAIS-C-BOURGEOIS-IN-ET-FI.jpg\",\"contentUrl\":\"https:\/\/newsestlyonnais.fr\/site\/wp-content\/uploads\/2018\/09\/NEWSESTLYONNAIS-C-BOURGEOIS-IN-ET-FI.jpg\",\"width\":2048,\"height\":1536,\"caption\":\"NEWSESTLYONNAIS C BOURGEOIS IN ET FI\"},{\"@type\":\"BreadcrumbList\",\"@id\":\"https:\/\/newsestlyonnais.fr\/site\/2018\/10\/15\/chassieu-lagence-in-and-fi-credits-officiellement-inauguree\/#breadcrumb\",\"itemListElement\":[{\"@type\":\"ListItem\",\"position\":1,\"name\":\"Accueil\",\"item\":\"https:\/\/newsestlyonnais.fr\/site\/\"},{\"@type\":\"ListItem\",\"position\":2,\"name\":\"CHASSIEU | L&rsquo;agence IN and FI cr\u00e9dits officiellement inaugur\u00e9e\"}]},{\"@type\":\"WebSite\",\"@id\":\"https:\/\/newsestlyonnais.fr\/site\/#website\",\"url\":\"https:\/\/newsestlyonnais.fr\/site\/\",\"name\":\"News Est Lyonnais\",\"description\":\"L&#039;actualit\u00e9 au plus pr\u00e8s\",\"publisher\":{\"@id\":\"https:\/\/newsestlyonnais.fr\/site\/#organization\"},\"potentialAction\":[{\"@type\":\"SearchAction\",\"target\":{\"@type\":\"EntryPoint\",\"urlTemplate\":\"https:\/\/newsestlyonnais.fr\/site\/?s={search_term_string}\"},\"query-input\":{\"@type\":\"PropertyValueSpecification\",\"valueRequired\":true,\"valueName\":\"search_term_string\"}}],\"inLanguage\":\"fr-FR\"},{\"@type\":\"Organization\",\"@id\":\"https:\/\/newsestlyonnais.fr\/site\/#organization\",\"name\":\"News EST LYONNAIS\",\"url\":\"https:\/\/newsestlyonnais.fr\/site\/\",\"logo\":{\"@type\":\"ImageObject\",\"inLanguage\":\"fr-FR\",\"@id\":\"https:\/\/newsestlyonnais.fr\/site\/#\/schema\/logo\/image\/\",\"url\":\"\",\"contentUrl\":\"\",\"caption\":\"News EST LYONNAIS\"},\"image\":{\"@id\":\"https:\/\/newsestlyonnais.fr\/site\/#\/schema\/logo\/image\/\"}},{\"@type\":\"Person\",\"@id\":\"https:\/\/newsestlyonnais.fr\/site\/#\/schema\/person\/3230d5615f390bb808365d673001e887\",\"name\":\"R\u00e9dac. NEWS\",\"sameAs\":[\"http:\/\/www.newsestlyonnais.fr\",\"https:\/\/www.facebook.com\/pascal.oberson.1?fref=ts\",\"https:\/\/fr.linkedin.com\/in\/pascal-oberson-b17045113\"],\"url\":\"https:\/\/newsestlyonnais.fr\/site\/author\/nel\/\"}]}<\/script>\n<!-- \/ Yoast SEO plugin. -->","yoast_head_json":{"title":"CHASSIEU : L'agence IN and FI cr\u00e9dits officiellement inaugur\u00e9e","description":"CHASSIEU : L'agence IN and FI cr\u00e9dits officiellement inaugur\u00e9e","robots":{"index":"index","follow":"follow","max-snippet":"max-snippet:-1","max-image-preview":"max-image-preview:large","max-video-preview":"max-video-preview:-1"},"canonical":"https:\/\/newsestlyonnais.fr\/site\/2018\/10\/15\/chassieu-lagence-in-and-fi-credits-officiellement-inauguree\/","og_locale":"fr_FR","og_type":"article","og_title":"CHASSIEU : L'agence IN and FI cr\u00e9dits officiellement inaugur\u00e9e","og_description":"CHASSIEU : L'agence IN and FI cr\u00e9dits officiellement inaugur\u00e9e","og_url":"https:\/\/newsestlyonnais.fr\/site\/2018\/10\/15\/chassieu-lagence-in-and-fi-credits-officiellement-inauguree\/","og_site_name":"News Est Lyonnais","article_author":"https:\/\/www.facebook.com\/pascal.oberson.1?fref=ts","article_published_time":"2018-10-15T12:14:01+00:00","article_modified_time":"2020-11-05T19:46:21+00:00","og_image":[{"width":2048,"height":1536,"url":"https:\/\/i2.wp.com\/newsestlyonnais.fr\/site\/wp-content\/uploads\/2018\/09\/NEWSESTLYONNAIS-C-BOURGEOIS-IN-ET-FI.jpg?fit=2048%2C1536&ssl=1","type":"image\/jpeg"}],"author":"R\u00e9dac. NEWS","twitter_card":"summary_large_image","twitter_misc":{"\u00c9crit par":"R\u00e9dac. NEWS","Dur\u00e9e de lecture estim\u00e9e":"2 minutes"},"schema":{"@context":"https:\/\/schema.org","@graph":[{"@type":"Article","@id":"https:\/\/newsestlyonnais.fr\/site\/2018\/10\/15\/chassieu-lagence-in-and-fi-credits-officiellement-inauguree\/#article","isPartOf":{"@id":"https:\/\/newsestlyonnais.fr\/site\/2018\/10\/15\/chassieu-lagence-in-and-fi-credits-officiellement-inauguree\/"},"author":{"name":"R\u00e9dac. NEWS","@id":"https:\/\/newsestlyonnais.fr\/site\/#\/schema\/person\/3230d5615f390bb808365d673001e887"},"headline":"CHASSIEU | L&rsquo;agence IN and FI cr\u00e9dits officiellement inaugur\u00e9e","datePublished":"2018-10-15T12:14:01+00:00","dateModified":"2020-11-05T19:46:21+00:00","mainEntityOfPage":{"@id":"https:\/\/newsestlyonnais.fr\/site\/2018\/10\/15\/chassieu-lagence-in-and-fi-credits-officiellement-inauguree\/"},"wordCount":404,"commentCount":0,"publisher":{"@id":"https:\/\/newsestlyonnais.fr\/site\/#organization"},"image":{"@id":"https:\/\/newsestlyonnais.fr\/site\/2018\/10\/15\/chassieu-lagence-in-and-fi-credits-officiellement-inauguree\/#primaryimage"},"thumbnailUrl":"https:\/\/newsestlyonnais.fr\/site\/wp-content\/uploads\/2018\/09\/NEWSESTLYONNAIS-C-BOURGEOIS-IN-ET-FI.jpg","keywords":["C\u00e9dric Bourgeois","Chassieu","IN and FI"],"articleSection":["1Publi-Reportages","Artisans | Commerces","Assurances | Banque | Cr\u00e9dit","Chassieu | Communes diverses","Entreprises","Immobilier | Logement","P'tites News"],"inLanguage":"fr-FR","potentialAction":[{"@type":"CommentAction","name":"Comment","target":["https:\/\/newsestlyonnais.fr\/site\/2018\/10\/15\/chassieu-lagence-in-and-fi-credits-officiellement-inauguree\/#respond"]}]},{"@type":"WebPage","@id":"https:\/\/newsestlyonnais.fr\/site\/2018\/10\/15\/chassieu-lagence-in-and-fi-credits-officiellement-inauguree\/","url":"https:\/\/newsestlyonnais.fr\/site\/2018\/10\/15\/chassieu-lagence-in-and-fi-credits-officiellement-inauguree\/","name":"CHASSIEU : L'agence IN and FI cr\u00e9dits officiellement inaugur\u00e9e","isPartOf":{"@id":"https:\/\/newsestlyonnais.fr\/site\/#website"},"primaryImageOfPage":{"@id":"https:\/\/newsestlyonnais.fr\/site\/2018\/10\/15\/chassieu-lagence-in-and-fi-credits-officiellement-inauguree\/#primaryimage"},"image":{"@id":"https:\/\/newsestlyonnais.fr\/site\/2018\/10\/15\/chassieu-lagence-in-and-fi-credits-officiellement-inauguree\/#primaryimage"},"thumbnailUrl":"https:\/\/newsestlyonnais.fr\/site\/wp-content\/uploads\/2018\/09\/NEWSESTLYONNAIS-C-BOURGEOIS-IN-ET-FI.jpg","datePublished":"2018-10-15T12:14:01+00:00","dateModified":"2020-11-05T19:46:21+00:00","description":"CHASSIEU : L'agence IN and FI cr\u00e9dits officiellement inaugur\u00e9e","breadcrumb":{"@id":"https:\/\/newsestlyonnais.fr\/site\/2018\/10\/15\/chassieu-lagence-in-and-fi-credits-officiellement-inauguree\/#breadcrumb"},"inLanguage":"fr-FR","potentialAction":[{"@type":"ReadAction","target":["https:\/\/newsestlyonnais.fr\/site\/2018\/10\/15\/chassieu-lagence-in-and-fi-credits-officiellement-inauguree\/"]}]},{"@type":"ImageObject","inLanguage":"fr-FR","@id":"https:\/\/newsestlyonnais.fr\/site\/2018\/10\/15\/chassieu-lagence-in-and-fi-credits-officiellement-inauguree\/#primaryimage","url":"https:\/\/newsestlyonnais.fr\/site\/wp-content\/uploads\/2018\/09\/NEWSESTLYONNAIS-C-BOURGEOIS-IN-ET-FI.jpg","contentUrl":"https:\/\/newsestlyonnais.fr\/site\/wp-content\/uploads\/2018\/09\/NEWSESTLYONNAIS-C-BOURGEOIS-IN-ET-FI.jpg","width":2048,"height":1536,"caption":"NEWSESTLYONNAIS C BOURGEOIS IN ET FI"},{"@type":"BreadcrumbList","@id":"https:\/\/newsestlyonnais.fr\/site\/2018\/10\/15\/chassieu-lagence-in-and-fi-credits-officiellement-inauguree\/#breadcrumb","itemListElement":[{"@type":"ListItem","position":1,"name":"Accueil","item":"https:\/\/newsestlyonnais.fr\/site\/"},{"@type":"ListItem","position":2,"name":"CHASSIEU | L&rsquo;agence IN and FI cr\u00e9dits officiellement inaugur\u00e9e"}]},{"@type":"WebSite","@id":"https:\/\/newsestlyonnais.fr\/site\/#website","url":"https:\/\/newsestlyonnais.fr\/site\/","name":"News Est Lyonnais","description":"L&#039;actualit\u00e9 au plus pr\u00e8s","publisher":{"@id":"https:\/\/newsestlyonnais.fr\/site\/#organization"},"potentialAction":[{"@type":"SearchAction","target":{"@type":"EntryPoint","urlTemplate":"https:\/\/newsestlyonnais.fr\/site\/?s={search_term_string}"},"query-input":{"@type":"PropertyValueSpecification","valueRequired":true,"valueName":"search_term_string"}}],"inLanguage":"fr-FR"},{"@type":"Organization","@id":"https:\/\/newsestlyonnais.fr\/site\/#organization","name":"News EST LYONNAIS","url":"https:\/\/newsestlyonnais.fr\/site\/","logo":{"@type":"ImageObject","inLanguage":"fr-FR","@id":"https:\/\/newsestlyonnais.fr\/site\/#\/schema\/logo\/image\/","url":"","contentUrl":"","caption":"News EST LYONNAIS"},"image":{"@id":"https:\/\/newsestlyonnais.fr\/site\/#\/schema\/logo\/image\/"}},{"@type":"Person","@id":"https:\/\/newsestlyonnais.fr\/site\/#\/schema\/person\/3230d5615f390bb808365d673001e887","name":"R\u00e9dac. NEWS","sameAs":["http:\/\/www.newsestlyonnais.fr","https:\/\/www.facebook.com\/pascal.oberson.1?fref=ts","https:\/\/fr.linkedin.com\/in\/pascal-oberson-b17045113"],"url":"https:\/\/newsestlyonnais.fr\/site\/author\/nel\/"}]}},"_links":{"self":[{"href":"https:\/\/newsestlyonnais.fr\/site\/wp-json\/wp\/v2\/posts\/56099","targetHints":{"allow":["GET"]}}],"collection":[{"href":"https:\/\/newsestlyonnais.fr\/site\/wp-json\/wp\/v2\/posts"}],"about":[{"href":"https:\/\/newsestlyonnais.fr\/site\/wp-json\/wp\/v2\/types\/post"}],"author":[{"embeddable":true,"href":"https:\/\/newsestlyonnais.fr\/site\/wp-json\/wp\/v2\/users\/4"}],"replies":[{"embeddable":true,"href":"https:\/\/newsestlyonnais.fr\/site\/wp-json\/wp\/v2\/comments?post=56099"}],"version-history":[{"count":0,"href":"https:\/\/newsestlyonnais.fr\/site\/wp-json\/wp\/v2\/posts\/56099\/revisions"}],"wp:featuredmedia":[{"embeddable":true,"href":"https:\/\/newsestlyonnais.fr\/site\/wp-json\/wp\/v2\/media\/56233"}],"wp:attachment":[{"href":"https:\/\/newsestlyonnais.fr\/site\/wp-json\/wp\/v2\/media?parent=56099"}],"wp:term":[{"taxonomy":"category","embeddable":true,"href":"https:\/\/newsestlyonnais.fr\/site\/wp-json\/wp\/v2\/categories?post=56099"},{"taxonomy":"post_tag","embeddable":true,"href":"https:\/\/newsestlyonnais.fr\/site\/wp-json\/wp\/v2\/tags?post=56099"}],"curies":[{"name":"wp","href":"https:\/\/api.w.org\/{rel}","templated":true}]}}