{"id":56102,"date":"2018-09-10T11:02:31","date_gmt":"2018-09-10T10:02:31","guid":{"rendered":"http:\/\/newsestlyonnais.fr\/site\/?p=56102"},"modified":"2020-11-12T06:16:59","modified_gmt":"2020-11-12T05:16:59","slug":"scolaire-parcoursup-phase-complementaire-a-lacademie-de-lyon","status":"publish","type":"post","link":"https:\/\/newsestlyonnais.fr\/site\/2018\/09\/10\/scolaire-parcoursup-phase-complementaire-a-lacademie-de-lyon\/","title":{"rendered":"SCOLAIRE | Parcoursup > phase compl\u00e9mentaire \u00e0 l&rsquo;Acad\u00e9mie de Lyon jusqu\u2019au 21 septembre 2018"},"content":{"rendered":"<h4>La phase principale d\u2019affectation dans l\u2019enseignement sup\u00e9rieur via la plateforme Parcoursup a pris fin le 6 septembre dernier.<\/h4>\n<p>Au niveau national, pr\u00e8s de <strong>600.000 candidats ont accept\u00e9 une proposition d\u2019admission<\/strong> sur Parcoursup. <strong>3\u00a0000 bacheliers sont en attente d\u2019une proposition<\/strong> \u00e0 l\u2019issue de la phase principale. Au national, plus de 127\u00a0000 places sont disponibles dans tous types de formations (86\u00a0000 places en licence, 21\u00a0000 places en STS et 6\u00a0000 places en CPGE).<\/p>\n<p><strong>La proc\u00e9dure continue avec la phase compl\u00e9mentaire jusqu\u2019au 21 septembre 2018.<\/strong> <strong>\u00a0<\/strong> <strong>Dans l\u2019acad\u00e9mie de Lyon, 2\u00a0855 places sont disponibles dans le cadre de la phase compl\u00e9mentaire de Parcoursup.<\/strong> Elles sont accessibles sur la plateforme Parcoursup : <a href=\"https:\/\/dossierappel.parcoursup.fr\/Candidat\/complementaire.recherche.info\" target=\"_blank\" rel=\"noopener noreferrer\">https:\/\/dossierappel.parcoursup.fr\/Candidat\/complementaire.recherche.info<\/a><\/p>\n<p><strong>Les candidats peuvent saisir la CAES de l\u2019acad\u00e9mie de Lyon pour les accompagner dans leurs recherches\u00a0: caes@ac-lyon.fr<\/strong><\/p>\n<p><strong>Pr\u00e9cisions sur les 2\u00a0855 places disponibles dans Parcoursup l\u2019acad\u00e9mie de Lyon:<\/strong><\/p>\n<ul>\n<li><strong>Licences dans les 4 Universit\u00e9s publics<\/strong> (hors PACES, DEUST et DU)\u00a0: <strong>718<\/strong>, dont\u00a0: <em>domaine Arts-lettres-langues\u00a0: 295, dont 96 en LEA, 105 en LLCER, 59 en lettres<\/em> <em>domaine droit-\u00e9conomie et gestion\u00a0: 169 places <\/em> <em>sciences technologies et sant\u00e9\u00a0: 185 places<\/em><\/li>\n<li><strong>Licences \u00e0 l\u2019Institut Catholique de Lyon<\/strong>\u00a0: <strong>291<\/strong><\/li>\n<li><strong>PACES<\/strong>\u00a0: <strong>298<\/strong><\/li>\n<li><strong>DEUST, DU<\/strong>\u00a0: <strong>78<\/strong><\/li>\n<li><strong>STS production<\/strong> (public et priv\u00e9)\u00a0: <strong>130<\/strong><\/li>\n<li><strong>STS services<\/strong> (public et priv\u00e9)\u00a0: <strong>353<\/strong><\/li>\n<li><strong>STSA<\/strong>\u00a0: <strong>116<\/strong><\/li>\n<li><strong>Classe passerelle BTS\u00a0<\/strong>: <strong>60<\/strong><\/li>\n<li><strong>DUT production<\/strong>\u00a0: <strong>24<\/strong><\/li>\n<li><strong>DUT services\u00a0<\/strong>: <strong>13<\/strong><\/li>\n<li><strong>CPGE scientifiques (public et priv\u00e9)\u00a0<\/strong>: <strong>134<\/strong><\/li>\n<li><strong>CPGE litt\u00e9raire (public et priv\u00e9)<\/strong>\u00a0:<strong> 19<\/strong><\/li>\n<li><strong>CPGE \u00e9conomique (public et priv\u00e9)<\/strong>\u00a0: <strong>105<\/strong><\/li>\n<li><strong>Autres formations<\/strong>\u00a0: <strong>516 \u00a0<\/strong><\/li>\n<\/ul>\n<p><strong>Dans la r\u00e9gion acad\u00e9mique Auvergne-Rh\u00f4ne-Alpes, ce sont 8 749 places qui sont disponibles et accessibles dans le cadre de la proc\u00e9dure compl\u00e9mentaire<\/strong> (3\u00a0244 dans l\u2019acad\u00e9mie de Clermont-Ferrand, 2\u00a0650 dans l\u2019acad\u00e9mie de Grenoble et <strong>2\u00a0855 dans l\u2019acad\u00e9mie de Lyon<\/strong>).<\/p>\n<p><span style=\"text-decoration: underline\"><em><strong>Source<\/strong><\/em><\/span> : communiqu\u00e9 de presse de l&rsquo;acad\u00e9mie de Lyon du 7 septembre 2018.<\/p>\n","protected":false},"excerpt":{"rendered":"<p>La phase principale d\u2019affectation dans l\u2019enseignement sup\u00e9rieur via la plateforme Parcoursup a pris fin le 6 septembre dernier. Au niveau national, pr\u00e8s de 600.000 candidats ont accept\u00e9 une proposition d\u2019admission sur Parcoursup. 3\u00a0000 bacheliers sont en attente d\u2019une proposition \u00e0 l\u2019issue de la phase principale. Au national, plus de 127\u00a0000 places sont disponibles dans tous [&hellip;]<\/p>\n","protected":false},"author":4,"featured_media":25760,"comment_status":"open","ping_status":"open","sticky":false,"template":"","format":"standard","meta":{"footnotes":""},"categories":[1625,309,173],"tags":[],"class_list":["post-56102","post","type-post","status-publish","format-standard","has-post-thumbnail","hentry","category-lyon","category-pratique","category-scolaire"],"yoast_head":"<!-- This site is optimized with the Yoast SEO plugin v27.2 - https:\/\/yoast.com\/product\/yoast-seo-wordpress\/ -->\n<title>SCOLAIRE : Parcoursup phase compl\u00e9mentaire \u00e0 l&#039;Acad\u00e9mie de Lyon<\/title>\n<meta name=\"description\" content=\"SCOLAIRE : Parcoursup phase compl\u00e9mentaire \u00e0 l&#039;Acad\u00e9mie de Lyon\" \/>\n<meta name=\"robots\" content=\"index, follow, max-snippet:-1, max-image-preview:large, max-video-preview:-1\" \/>\n<link rel=\"canonical\" href=\"https:\/\/newsestlyonnais.fr\/site\/2018\/09\/10\/scolaire-parcoursup-phase-complementaire-a-lacademie-de-lyon\/\" \/>\n<meta property=\"og:locale\" content=\"fr_FR\" \/>\n<meta property=\"og:type\" content=\"article\" \/>\n<meta property=\"og:title\" content=\"SCOLAIRE : Parcoursup phase compl\u00e9mentaire \u00e0 l&#039;Acad\u00e9mie de Lyon\" \/>\n<meta property=\"og:description\" content=\"SCOLAIRE : Parcoursup phase compl\u00e9mentaire \u00e0 l&#039;Acad\u00e9mie de Lyon\" \/>\n<meta property=\"og:url\" content=\"https:\/\/newsestlyonnais.fr\/site\/2018\/09\/10\/scolaire-parcoursup-phase-complementaire-a-lacademie-de-lyon\/\" \/>\n<meta property=\"og:site_name\" content=\"News Est Lyonnais\" \/>\n<meta property=\"article:author\" content=\"https:\/\/www.facebook.com\/pascal.oberson.1?fref=ts\" \/>\n<meta property=\"article:published_time\" content=\"2018-09-10T10:02:31+00:00\" \/>\n<meta property=\"article:modified_time\" content=\"2020-11-12T05:16:59+00:00\" \/>\n<meta property=\"og:image\" content=\"https:\/\/i2.wp.com\/newsestlyonnais.fr\/site\/wp-content\/uploads\/2017\/04\/NewsEstLyonnais-Flash-Info.png?fit=1000%2C750&ssl=1\" \/>\n\t<meta property=\"og:image:width\" content=\"1000\" \/>\n\t<meta property=\"og:image:height\" content=\"750\" \/>\n\t<meta property=\"og:image:type\" content=\"image\/png\" \/>\n<meta name=\"author\" content=\"R\u00e9dac. NEWS\" \/>\n<meta name=\"twitter:card\" content=\"summary_large_image\" \/>\n<meta name=\"twitter:label1\" content=\"\u00c9crit par\" \/>\n\t<meta name=\"twitter:data1\" content=\"R\u00e9dac. NEWS\" \/>\n\t<meta name=\"twitter:label2\" content=\"Dur\u00e9e de lecture estim\u00e9e\" \/>\n\t<meta name=\"twitter:data2\" content=\"1 minute\" \/>\n<script type=\"application\/ld+json\" class=\"yoast-schema-graph\">{\"@context\":\"https:\/\/schema.org\",\"@graph\":[{\"@type\":\"Article\",\"@id\":\"https:\/\/newsestlyonnais.fr\/site\/2018\/09\/10\/scolaire-parcoursup-phase-complementaire-a-lacademie-de-lyon\/#article\",\"isPartOf\":{\"@id\":\"https:\/\/newsestlyonnais.fr\/site\/2018\/09\/10\/scolaire-parcoursup-phase-complementaire-a-lacademie-de-lyon\/\"},\"author\":{\"name\":\"R\u00e9dac. NEWS\",\"@id\":\"https:\/\/newsestlyonnais.fr\/site\/#\/schema\/person\/3230d5615f390bb808365d673001e887\"},\"headline\":\"SCOLAIRE | Parcoursup > phase compl\u00e9mentaire \u00e0 l&rsquo;Acad\u00e9mie de Lyon jusqu\u2019au 21 septembre 2018\",\"datePublished\":\"2018-09-10T10:02:31+00:00\",\"dateModified\":\"2020-11-12T05:16:59+00:00\",\"mainEntityOfPage\":{\"@id\":\"https:\/\/newsestlyonnais.fr\/site\/2018\/09\/10\/scolaire-parcoursup-phase-complementaire-a-lacademie-de-lyon\/\"},\"wordCount\":296,\"commentCount\":0,\"publisher\":{\"@id\":\"https:\/\/newsestlyonnais.fr\/site\/#organization\"},\"image\":{\"@id\":\"https:\/\/newsestlyonnais.fr\/site\/2018\/09\/10\/scolaire-parcoursup-phase-complementaire-a-lacademie-de-lyon\/#primaryimage\"},\"thumbnailUrl\":\"https:\/\/newsestlyonnais.fr\/site\/wp-content\/uploads\/2017\/04\/NewsEstLyonnais-Flash-Info.png\",\"articleSection\":[\"Lyon\",\"Pratique\",\"Scolaire\"],\"inLanguage\":\"fr-FR\",\"potentialAction\":[{\"@type\":\"CommentAction\",\"name\":\"Comment\",\"target\":[\"https:\/\/newsestlyonnais.fr\/site\/2018\/09\/10\/scolaire-parcoursup-phase-complementaire-a-lacademie-de-lyon\/#respond\"]}]},{\"@type\":\"WebPage\",\"@id\":\"https:\/\/newsestlyonnais.fr\/site\/2018\/09\/10\/scolaire-parcoursup-phase-complementaire-a-lacademie-de-lyon\/\",\"url\":\"https:\/\/newsestlyonnais.fr\/site\/2018\/09\/10\/scolaire-parcoursup-phase-complementaire-a-lacademie-de-lyon\/\",\"name\":\"SCOLAIRE : Parcoursup phase compl\u00e9mentaire \u00e0 l'Acad\u00e9mie de Lyon\",\"isPartOf\":{\"@id\":\"https:\/\/newsestlyonnais.fr\/site\/#website\"},\"primaryImageOfPage\":{\"@id\":\"https:\/\/newsestlyonnais.fr\/site\/2018\/09\/10\/scolaire-parcoursup-phase-complementaire-a-lacademie-de-lyon\/#primaryimage\"},\"image\":{\"@id\":\"https:\/\/newsestlyonnais.fr\/site\/2018\/09\/10\/scolaire-parcoursup-phase-complementaire-a-lacademie-de-lyon\/#primaryimage\"},\"thumbnailUrl\":\"https:\/\/newsestlyonnais.fr\/site\/wp-content\/uploads\/2017\/04\/NewsEstLyonnais-Flash-Info.png\",\"datePublished\":\"2018-09-10T10:02:31+00:00\",\"dateModified\":\"2020-11-12T05:16:59+00:00\",\"description\":\"SCOLAIRE : Parcoursup phase compl\u00e9mentaire \u00e0 l'Acad\u00e9mie de Lyon\",\"breadcrumb\":{\"@id\":\"https:\/\/newsestlyonnais.fr\/site\/2018\/09\/10\/scolaire-parcoursup-phase-complementaire-a-lacademie-de-lyon\/#breadcrumb\"},\"inLanguage\":\"fr-FR\",\"potentialAction\":[{\"@type\":\"ReadAction\",\"target\":[\"https:\/\/newsestlyonnais.fr\/site\/2018\/09\/10\/scolaire-parcoursup-phase-complementaire-a-lacademie-de-lyon\/\"]}]},{\"@type\":\"ImageObject\",\"inLanguage\":\"fr-FR\",\"@id\":\"https:\/\/newsestlyonnais.fr\/site\/2018\/09\/10\/scolaire-parcoursup-phase-complementaire-a-lacademie-de-lyon\/#primaryimage\",\"url\":\"https:\/\/newsestlyonnais.fr\/site\/wp-content\/uploads\/2017\/04\/NewsEstLyonnais-Flash-Info.png\",\"contentUrl\":\"https:\/\/newsestlyonnais.fr\/site\/wp-content\/uploads\/2017\/04\/NewsEstLyonnais-Flash-Info.png\",\"width\":1000,\"height\":750,\"caption\":\"NewsEstLyonnais-Flash-Info\"},{\"@type\":\"BreadcrumbList\",\"@id\":\"https:\/\/newsestlyonnais.fr\/site\/2018\/09\/10\/scolaire-parcoursup-phase-complementaire-a-lacademie-de-lyon\/#breadcrumb\",\"itemListElement\":[{\"@type\":\"ListItem\",\"position\":1,\"name\":\"Accueil\",\"item\":\"https:\/\/newsestlyonnais.fr\/site\/\"},{\"@type\":\"ListItem\",\"position\":2,\"name\":\"SCOLAIRE | Parcoursup > phase compl\u00e9mentaire \u00e0 l&rsquo;Acad\u00e9mie de Lyon jusqu\u2019au 21 septembre 2018\"}]},{\"@type\":\"WebSite\",\"@id\":\"https:\/\/newsestlyonnais.fr\/site\/#website\",\"url\":\"https:\/\/newsestlyonnais.fr\/site\/\",\"name\":\"News Est Lyonnais\",\"description\":\"L&#039;actualit\u00e9 au plus pr\u00e8s\",\"publisher\":{\"@id\":\"https:\/\/newsestlyonnais.fr\/site\/#organization\"},\"potentialAction\":[{\"@type\":\"SearchAction\",\"target\":{\"@type\":\"EntryPoint\",\"urlTemplate\":\"https:\/\/newsestlyonnais.fr\/site\/?s={search_term_string}\"},\"query-input\":{\"@type\":\"PropertyValueSpecification\",\"valueRequired\":true,\"valueName\":\"search_term_string\"}}],\"inLanguage\":\"fr-FR\"},{\"@type\":\"Organization\",\"@id\":\"https:\/\/newsestlyonnais.fr\/site\/#organization\",\"name\":\"News EST LYONNAIS\",\"url\":\"https:\/\/newsestlyonnais.fr\/site\/\",\"logo\":{\"@type\":\"ImageObject\",\"inLanguage\":\"fr-FR\",\"@id\":\"https:\/\/newsestlyonnais.fr\/site\/#\/schema\/logo\/image\/\",\"url\":\"\",\"contentUrl\":\"\",\"caption\":\"News EST LYONNAIS\"},\"image\":{\"@id\":\"https:\/\/newsestlyonnais.fr\/site\/#\/schema\/logo\/image\/\"}},{\"@type\":\"Person\",\"@id\":\"https:\/\/newsestlyonnais.fr\/site\/#\/schema\/person\/3230d5615f390bb808365d673001e887\",\"name\":\"R\u00e9dac. NEWS\",\"sameAs\":[\"http:\/\/www.newsestlyonnais.fr\",\"https:\/\/www.facebook.com\/pascal.oberson.1?fref=ts\",\"https:\/\/fr.linkedin.com\/in\/pascal-oberson-b17045113\"],\"url\":\"https:\/\/newsestlyonnais.fr\/site\/author\/nel\/\"}]}<\/script>\n<!-- \/ Yoast SEO plugin. -->","yoast_head_json":{"title":"SCOLAIRE : Parcoursup phase compl\u00e9mentaire \u00e0 l'Acad\u00e9mie de Lyon","description":"SCOLAIRE : Parcoursup phase compl\u00e9mentaire \u00e0 l'Acad\u00e9mie de Lyon","robots":{"index":"index","follow":"follow","max-snippet":"max-snippet:-1","max-image-preview":"max-image-preview:large","max-video-preview":"max-video-preview:-1"},"canonical":"https:\/\/newsestlyonnais.fr\/site\/2018\/09\/10\/scolaire-parcoursup-phase-complementaire-a-lacademie-de-lyon\/","og_locale":"fr_FR","og_type":"article","og_title":"SCOLAIRE : Parcoursup phase compl\u00e9mentaire \u00e0 l'Acad\u00e9mie de Lyon","og_description":"SCOLAIRE : Parcoursup phase compl\u00e9mentaire \u00e0 l'Acad\u00e9mie de Lyon","og_url":"https:\/\/newsestlyonnais.fr\/site\/2018\/09\/10\/scolaire-parcoursup-phase-complementaire-a-lacademie-de-lyon\/","og_site_name":"News Est Lyonnais","article_author":"https:\/\/www.facebook.com\/pascal.oberson.1?fref=ts","article_published_time":"2018-09-10T10:02:31+00:00","article_modified_time":"2020-11-12T05:16:59+00:00","og_image":[{"width":1000,"height":750,"url":"https:\/\/i2.wp.com\/newsestlyonnais.fr\/site\/wp-content\/uploads\/2017\/04\/NewsEstLyonnais-Flash-Info.png?fit=1000%2C750&ssl=1","type":"image\/png"}],"author":"R\u00e9dac. NEWS","twitter_card":"summary_large_image","twitter_misc":{"\u00c9crit par":"R\u00e9dac. NEWS","Dur\u00e9e de lecture estim\u00e9e":"1 minute"},"schema":{"@context":"https:\/\/schema.org","@graph":[{"@type":"Article","@id":"https:\/\/newsestlyonnais.fr\/site\/2018\/09\/10\/scolaire-parcoursup-phase-complementaire-a-lacademie-de-lyon\/#article","isPartOf":{"@id":"https:\/\/newsestlyonnais.fr\/site\/2018\/09\/10\/scolaire-parcoursup-phase-complementaire-a-lacademie-de-lyon\/"},"author":{"name":"R\u00e9dac. NEWS","@id":"https:\/\/newsestlyonnais.fr\/site\/#\/schema\/person\/3230d5615f390bb808365d673001e887"},"headline":"SCOLAIRE | Parcoursup > phase compl\u00e9mentaire \u00e0 l&rsquo;Acad\u00e9mie de Lyon jusqu\u2019au 21 septembre 2018","datePublished":"2018-09-10T10:02:31+00:00","dateModified":"2020-11-12T05:16:59+00:00","mainEntityOfPage":{"@id":"https:\/\/newsestlyonnais.fr\/site\/2018\/09\/10\/scolaire-parcoursup-phase-complementaire-a-lacademie-de-lyon\/"},"wordCount":296,"commentCount":0,"publisher":{"@id":"https:\/\/newsestlyonnais.fr\/site\/#organization"},"image":{"@id":"https:\/\/newsestlyonnais.fr\/site\/2018\/09\/10\/scolaire-parcoursup-phase-complementaire-a-lacademie-de-lyon\/#primaryimage"},"thumbnailUrl":"https:\/\/newsestlyonnais.fr\/site\/wp-content\/uploads\/2017\/04\/NewsEstLyonnais-Flash-Info.png","articleSection":["Lyon","Pratique","Scolaire"],"inLanguage":"fr-FR","potentialAction":[{"@type":"CommentAction","name":"Comment","target":["https:\/\/newsestlyonnais.fr\/site\/2018\/09\/10\/scolaire-parcoursup-phase-complementaire-a-lacademie-de-lyon\/#respond"]}]},{"@type":"WebPage","@id":"https:\/\/newsestlyonnais.fr\/site\/2018\/09\/10\/scolaire-parcoursup-phase-complementaire-a-lacademie-de-lyon\/","url":"https:\/\/newsestlyonnais.fr\/site\/2018\/09\/10\/scolaire-parcoursup-phase-complementaire-a-lacademie-de-lyon\/","name":"SCOLAIRE : Parcoursup phase compl\u00e9mentaire \u00e0 l'Acad\u00e9mie de Lyon","isPartOf":{"@id":"https:\/\/newsestlyonnais.fr\/site\/#website"},"primaryImageOfPage":{"@id":"https:\/\/newsestlyonnais.fr\/site\/2018\/09\/10\/scolaire-parcoursup-phase-complementaire-a-lacademie-de-lyon\/#primaryimage"},"image":{"@id":"https:\/\/newsestlyonnais.fr\/site\/2018\/09\/10\/scolaire-parcoursup-phase-complementaire-a-lacademie-de-lyon\/#primaryimage"},"thumbnailUrl":"https:\/\/newsestlyonnais.fr\/site\/wp-content\/uploads\/2017\/04\/NewsEstLyonnais-Flash-Info.png","datePublished":"2018-09-10T10:02:31+00:00","dateModified":"2020-11-12T05:16:59+00:00","description":"SCOLAIRE : Parcoursup phase compl\u00e9mentaire \u00e0 l'Acad\u00e9mie de Lyon","breadcrumb":{"@id":"https:\/\/newsestlyonnais.fr\/site\/2018\/09\/10\/scolaire-parcoursup-phase-complementaire-a-lacademie-de-lyon\/#breadcrumb"},"inLanguage":"fr-FR","potentialAction":[{"@type":"ReadAction","target":["https:\/\/newsestlyonnais.fr\/site\/2018\/09\/10\/scolaire-parcoursup-phase-complementaire-a-lacademie-de-lyon\/"]}]},{"@type":"ImageObject","inLanguage":"fr-FR","@id":"https:\/\/newsestlyonnais.fr\/site\/2018\/09\/10\/scolaire-parcoursup-phase-complementaire-a-lacademie-de-lyon\/#primaryimage","url":"https:\/\/newsestlyonnais.fr\/site\/wp-content\/uploads\/2017\/04\/NewsEstLyonnais-Flash-Info.png","contentUrl":"https:\/\/newsestlyonnais.fr\/site\/wp-content\/uploads\/2017\/04\/NewsEstLyonnais-Flash-Info.png","width":1000,"height":750,"caption":"NewsEstLyonnais-Flash-Info"},{"@type":"BreadcrumbList","@id":"https:\/\/newsestlyonnais.fr\/site\/2018\/09\/10\/scolaire-parcoursup-phase-complementaire-a-lacademie-de-lyon\/#breadcrumb","itemListElement":[{"@type":"ListItem","position":1,"name":"Accueil","item":"https:\/\/newsestlyonnais.fr\/site\/"},{"@type":"ListItem","position":2,"name":"SCOLAIRE | Parcoursup > phase compl\u00e9mentaire \u00e0 l&rsquo;Acad\u00e9mie de Lyon jusqu\u2019au 21 septembre 2018"}]},{"@type":"WebSite","@id":"https:\/\/newsestlyonnais.fr\/site\/#website","url":"https:\/\/newsestlyonnais.fr\/site\/","name":"News Est Lyonnais","description":"L&#039;actualit\u00e9 au plus pr\u00e8s","publisher":{"@id":"https:\/\/newsestlyonnais.fr\/site\/#organization"},"potentialAction":[{"@type":"SearchAction","target":{"@type":"EntryPoint","urlTemplate":"https:\/\/newsestlyonnais.fr\/site\/?s={search_term_string}"},"query-input":{"@type":"PropertyValueSpecification","valueRequired":true,"valueName":"search_term_string"}}],"inLanguage":"fr-FR"},{"@type":"Organization","@id":"https:\/\/newsestlyonnais.fr\/site\/#organization","name":"News EST LYONNAIS","url":"https:\/\/newsestlyonnais.fr\/site\/","logo":{"@type":"ImageObject","inLanguage":"fr-FR","@id":"https:\/\/newsestlyonnais.fr\/site\/#\/schema\/logo\/image\/","url":"","contentUrl":"","caption":"News EST LYONNAIS"},"image":{"@id":"https:\/\/newsestlyonnais.fr\/site\/#\/schema\/logo\/image\/"}},{"@type":"Person","@id":"https:\/\/newsestlyonnais.fr\/site\/#\/schema\/person\/3230d5615f390bb808365d673001e887","name":"R\u00e9dac. NEWS","sameAs":["http:\/\/www.newsestlyonnais.fr","https:\/\/www.facebook.com\/pascal.oberson.1?fref=ts","https:\/\/fr.linkedin.com\/in\/pascal-oberson-b17045113"],"url":"https:\/\/newsestlyonnais.fr\/site\/author\/nel\/"}]}},"_links":{"self":[{"href":"https:\/\/newsestlyonnais.fr\/site\/wp-json\/wp\/v2\/posts\/56102","targetHints":{"allow":["GET"]}}],"collection":[{"href":"https:\/\/newsestlyonnais.fr\/site\/wp-json\/wp\/v2\/posts"}],"about":[{"href":"https:\/\/newsestlyonnais.fr\/site\/wp-json\/wp\/v2\/types\/post"}],"author":[{"embeddable":true,"href":"https:\/\/newsestlyonnais.fr\/site\/wp-json\/wp\/v2\/users\/4"}],"replies":[{"embeddable":true,"href":"https:\/\/newsestlyonnais.fr\/site\/wp-json\/wp\/v2\/comments?post=56102"}],"version-history":[{"count":0,"href":"https:\/\/newsestlyonnais.fr\/site\/wp-json\/wp\/v2\/posts\/56102\/revisions"}],"wp:featuredmedia":[{"embeddable":true,"href":"https:\/\/newsestlyonnais.fr\/site\/wp-json\/wp\/v2\/media\/25760"}],"wp:attachment":[{"href":"https:\/\/newsestlyonnais.fr\/site\/wp-json\/wp\/v2\/media?parent=56102"}],"wp:term":[{"taxonomy":"category","embeddable":true,"href":"https:\/\/newsestlyonnais.fr\/site\/wp-json\/wp\/v2\/categories?post=56102"},{"taxonomy":"post_tag","embeddable":true,"href":"https:\/\/newsestlyonnais.fr\/site\/wp-json\/wp\/v2\/tags?post=56102"}],"curies":[{"name":"wp","href":"https:\/\/api.w.org\/{rel}","templated":true}]}}