{"id":56223,"date":"2018-09-10T10:23:51","date_gmt":"2018-09-10T09:23:51","guid":{"rendered":"http:\/\/newsestlyonnais.fr\/site\/?p=56223"},"modified":"2020-11-17T10:55:13","modified_gmt":"2020-11-17T09:55:13","slug":"les-tous-derniers-forums-des-associations-dans-la-region-lyonnaise","status":"publish","type":"post","link":"https:\/\/newsestlyonnais.fr\/site\/2018\/09\/10\/les-tous-derniers-forums-des-associations-dans-la-region-lyonnaise\/","title":{"rendered":"Les tous derniers Forums des Associations dans la r\u00e9gion lyonnaise !"},"content":{"rendered":"<h4>De tr\u00e8s nombreux Forums des Associations se sont d\u00e9roul\u00e9s dans l&rsquo;agglom\u00e9ration lyonnaise durant les deux premiers week-ends de septembre, il en reste quelques-uns pr\u00e9vus samedi prochain.<\/h4>\n<p>Ceci dans 3 arrondissements de la Ville de Lyon et sur la commune de Rillieux la Pape :<\/p>\n<p><em><strong><span style=\"text-decoration: underline\">Samedi 15 Septembre 2018<\/span> : <\/strong><\/em><\/p>\n<ul>\n<li><strong>LYON 3\u00b0<\/strong> : de 10 h \u00e0 18 h, place Guichard.<\/li>\n<li><strong>LYON 5\u00b0<\/strong> : de 9 h \u00e0 17 h, parc de la mairie du 5\u00b0<\/li>\n<li><strong>LYON 6\u00b0<\/strong> : de 10 h \u00e0 18 h, place Mar\u00e9chal Lyautey.<\/li>\n<li><strong>RILLIEUX LA PAPE<\/strong> : de 10 h \u00e0 18 h \u00e0 Espace 140.<\/li>\n<\/ul>\n<div id='gallery-1' class='gallery galleryid-56223 gallery-columns-3 gallery-size-thumbnail'><figure class='gallery-item'>\n\t\t\t<div class='gallery-icon landscape'>\n\t\t\t\t<a href='https:\/\/newsestlyonnais.fr\/site\/2018\/09\/10\/les-tous-derniers-forums-des-associations-dans-la-region-lyonnaise\/newsestlyonnais-forum-assoc-lyon-2018\/'><img loading=\"lazy\" decoding=\"async\" width=\"150\" height=\"150\" src=\"https:\/\/newsestlyonnais.fr\/site\/wp-content\/uploads\/2018\/09\/NEWSESTLYONNAIS-FORUM-ASSOC-LYON-2018-150x150.jpg\" class=\"attachment-thumbnail size-thumbnail\" alt=\"NEWSESTLYONNAIS FORUM ASSOC LYON 2018\" \/><\/a>\n\t\t\t<\/div><\/figure><figure class='gallery-item'>\n\t\t\t<div class='gallery-icon landscape'>\n\t\t\t\t<a href='https:\/\/newsestlyonnais.fr\/site\/newsestlyonnais-forum-assoc-rillieux-2018\/'><img loading=\"lazy\" decoding=\"async\" width=\"150\" height=\"150\" src=\"https:\/\/newsestlyonnais.fr\/site\/wp-content\/uploads\/2018\/09\/NEWSESTLYONNAIS-FORUM-ASSOC-RILLIEUX-2018-150x150.jpg\" class=\"attachment-thumbnail size-thumbnail\" alt=\"NEWSESTLYONNAIS FORUM ASSOC RILLIEUX 2018\" aria-describedby=\"gallery-1-56221\" \/><\/a>\n\t\t\t<\/div>\n\t\t\t\t<figcaption class='wp-caption-text gallery-caption' id='gallery-1-56221'>\n\t\t\t\t  \u00e0 RILLIEUX LA PAPE \n\t\t\t\t<\/figcaption><\/figure>\n\t\t<\/div>\n\n","protected":false},"excerpt":{"rendered":"<p>De tr\u00e8s nombreux Forums des Associations se sont d\u00e9roul\u00e9s dans l&rsquo;agglom\u00e9ration lyonnaise durant les deux premiers week-ends de septembre, il en reste quelques-uns pr\u00e9vus samedi prochain. Ceci dans 3 arrondissements de la Ville de Lyon et sur la commune de Rillieux la Pape : Samedi 15 Septembre 2018 : LYON 3\u00b0 : de 10 h [&hellip;]<\/p>\n","protected":false},"author":4,"featured_media":25760,"comment_status":"open","ping_status":"open","sticky":false,"template":"","format":"standard","meta":{"footnotes":""},"categories":[3426,1625,1623],"tags":[],"class_list":["post-56223","post","type-post","status-publish","format-standard","has-post-thumbnail","hentry","category-forums-des-associations","category-lyon","category-rillieux-la-pape"],"yoast_head":"<!-- This site is optimized with the Yoast SEO plugin v27.2 - https:\/\/yoast.com\/product\/yoast-seo-wordpress\/ -->\n<title>Les tous derniers Forums des Associations dans la r\u00e9gion lyonnaise !<\/title>\n<meta name=\"description\" content=\"Les tous derniers Forums des Associations dans la r\u00e9gion lyonnaise !\" \/>\n<meta name=\"robots\" content=\"index, follow, max-snippet:-1, max-image-preview:large, max-video-preview:-1\" \/>\n<link rel=\"canonical\" href=\"https:\/\/newsestlyonnais.fr\/site\/2018\/09\/10\/les-tous-derniers-forums-des-associations-dans-la-region-lyonnaise\/\" \/>\n<meta property=\"og:locale\" content=\"fr_FR\" \/>\n<meta property=\"og:type\" content=\"article\" \/>\n<meta property=\"og:title\" content=\"Les tous derniers Forums des Associations dans la r\u00e9gion lyonnaise !\" \/>\n<meta property=\"og:description\" content=\"Les tous derniers Forums des Associations dans la r\u00e9gion lyonnaise !\" \/>\n<meta property=\"og:url\" content=\"https:\/\/newsestlyonnais.fr\/site\/2018\/09\/10\/les-tous-derniers-forums-des-associations-dans-la-region-lyonnaise\/\" \/>\n<meta property=\"og:site_name\" content=\"News Est Lyonnais\" \/>\n<meta property=\"article:author\" content=\"https:\/\/www.facebook.com\/pascal.oberson.1?fref=ts\" \/>\n<meta property=\"article:published_time\" content=\"2018-09-10T09:23:51+00:00\" \/>\n<meta property=\"article:modified_time\" content=\"2020-11-17T09:55:13+00:00\" \/>\n<meta property=\"og:image\" content=\"https:\/\/i2.wp.com\/newsestlyonnais.fr\/site\/wp-content\/uploads\/2017\/04\/NewsEstLyonnais-Flash-Info.png?fit=1000%2C750&ssl=1\" \/>\n\t<meta property=\"og:image:width\" content=\"1000\" \/>\n\t<meta property=\"og:image:height\" content=\"750\" \/>\n\t<meta property=\"og:image:type\" content=\"image\/png\" \/>\n<meta name=\"author\" content=\"R\u00e9dac. NEWS\" \/>\n<meta name=\"twitter:card\" content=\"summary_large_image\" \/>\n<meta name=\"twitter:label1\" content=\"\u00c9crit par\" \/>\n\t<meta name=\"twitter:data1\" content=\"R\u00e9dac. NEWS\" \/>\n<script type=\"application\/ld+json\" class=\"yoast-schema-graph\">{\"@context\":\"https:\/\/schema.org\",\"@graph\":[{\"@type\":\"Article\",\"@id\":\"https:\/\/newsestlyonnais.fr\/site\/2018\/09\/10\/les-tous-derniers-forums-des-associations-dans-la-region-lyonnaise\/#article\",\"isPartOf\":{\"@id\":\"https:\/\/newsestlyonnais.fr\/site\/2018\/09\/10\/les-tous-derniers-forums-des-associations-dans-la-region-lyonnaise\/\"},\"author\":{\"name\":\"R\u00e9dac. NEWS\",\"@id\":\"https:\/\/newsestlyonnais.fr\/site\/#\/schema\/person\/3230d5615f390bb808365d673001e887\"},\"headline\":\"Les tous derniers Forums des Associations dans la r\u00e9gion lyonnaise !\",\"datePublished\":\"2018-09-10T09:23:51+00:00\",\"dateModified\":\"2020-11-17T09:55:13+00:00\",\"mainEntityOfPage\":{\"@id\":\"https:\/\/newsestlyonnais.fr\/site\/2018\/09\/10\/les-tous-derniers-forums-des-associations-dans-la-region-lyonnaise\/\"},\"wordCount\":95,\"commentCount\":0,\"publisher\":{\"@id\":\"https:\/\/newsestlyonnais.fr\/site\/#organization\"},\"image\":{\"@id\":\"https:\/\/newsestlyonnais.fr\/site\/2018\/09\/10\/les-tous-derniers-forums-des-associations-dans-la-region-lyonnaise\/#primaryimage\"},\"thumbnailUrl\":\"https:\/\/newsestlyonnais.fr\/site\/wp-content\/uploads\/2017\/04\/NewsEstLyonnais-Flash-Info.png\",\"articleSection\":[\"Forums des associations\",\"Lyon\",\"Rillieux-la-Pape\"],\"inLanguage\":\"fr-FR\",\"potentialAction\":[{\"@type\":\"CommentAction\",\"name\":\"Comment\",\"target\":[\"https:\/\/newsestlyonnais.fr\/site\/2018\/09\/10\/les-tous-derniers-forums-des-associations-dans-la-region-lyonnaise\/#respond\"]}]},{\"@type\":\"WebPage\",\"@id\":\"https:\/\/newsestlyonnais.fr\/site\/2018\/09\/10\/les-tous-derniers-forums-des-associations-dans-la-region-lyonnaise\/\",\"url\":\"https:\/\/newsestlyonnais.fr\/site\/2018\/09\/10\/les-tous-derniers-forums-des-associations-dans-la-region-lyonnaise\/\",\"name\":\"Les tous derniers Forums des Associations dans la r\u00e9gion lyonnaise !\",\"isPartOf\":{\"@id\":\"https:\/\/newsestlyonnais.fr\/site\/#website\"},\"primaryImageOfPage\":{\"@id\":\"https:\/\/newsestlyonnais.fr\/site\/2018\/09\/10\/les-tous-derniers-forums-des-associations-dans-la-region-lyonnaise\/#primaryimage\"},\"image\":{\"@id\":\"https:\/\/newsestlyonnais.fr\/site\/2018\/09\/10\/les-tous-derniers-forums-des-associations-dans-la-region-lyonnaise\/#primaryimage\"},\"thumbnailUrl\":\"https:\/\/newsestlyonnais.fr\/site\/wp-content\/uploads\/2017\/04\/NewsEstLyonnais-Flash-Info.png\",\"datePublished\":\"2018-09-10T09:23:51+00:00\",\"dateModified\":\"2020-11-17T09:55:13+00:00\",\"description\":\"Les tous derniers Forums des Associations dans la r\u00e9gion lyonnaise !\",\"breadcrumb\":{\"@id\":\"https:\/\/newsestlyonnais.fr\/site\/2018\/09\/10\/les-tous-derniers-forums-des-associations-dans-la-region-lyonnaise\/#breadcrumb\"},\"inLanguage\":\"fr-FR\",\"potentialAction\":[{\"@type\":\"ReadAction\",\"target\":[\"https:\/\/newsestlyonnais.fr\/site\/2018\/09\/10\/les-tous-derniers-forums-des-associations-dans-la-region-lyonnaise\/\"]}]},{\"@type\":\"ImageObject\",\"inLanguage\":\"fr-FR\",\"@id\":\"https:\/\/newsestlyonnais.fr\/site\/2018\/09\/10\/les-tous-derniers-forums-des-associations-dans-la-region-lyonnaise\/#primaryimage\",\"url\":\"https:\/\/newsestlyonnais.fr\/site\/wp-content\/uploads\/2017\/04\/NewsEstLyonnais-Flash-Info.png\",\"contentUrl\":\"https:\/\/newsestlyonnais.fr\/site\/wp-content\/uploads\/2017\/04\/NewsEstLyonnais-Flash-Info.png\",\"width\":1000,\"height\":750,\"caption\":\"NewsEstLyonnais-Flash-Info\"},{\"@type\":\"BreadcrumbList\",\"@id\":\"https:\/\/newsestlyonnais.fr\/site\/2018\/09\/10\/les-tous-derniers-forums-des-associations-dans-la-region-lyonnaise\/#breadcrumb\",\"itemListElement\":[{\"@type\":\"ListItem\",\"position\":1,\"name\":\"Accueil\",\"item\":\"https:\/\/newsestlyonnais.fr\/site\/\"},{\"@type\":\"ListItem\",\"position\":2,\"name\":\"Les tous derniers Forums des Associations dans la r\u00e9gion lyonnaise !\"}]},{\"@type\":\"WebSite\",\"@id\":\"https:\/\/newsestlyonnais.fr\/site\/#website\",\"url\":\"https:\/\/newsestlyonnais.fr\/site\/\",\"name\":\"News Est Lyonnais\",\"description\":\"L&#039;actualit\u00e9 au plus pr\u00e8s\",\"publisher\":{\"@id\":\"https:\/\/newsestlyonnais.fr\/site\/#organization\"},\"potentialAction\":[{\"@type\":\"SearchAction\",\"target\":{\"@type\":\"EntryPoint\",\"urlTemplate\":\"https:\/\/newsestlyonnais.fr\/site\/?s={search_term_string}\"},\"query-input\":{\"@type\":\"PropertyValueSpecification\",\"valueRequired\":true,\"valueName\":\"search_term_string\"}}],\"inLanguage\":\"fr-FR\"},{\"@type\":\"Organization\",\"@id\":\"https:\/\/newsestlyonnais.fr\/site\/#organization\",\"name\":\"News EST LYONNAIS\",\"url\":\"https:\/\/newsestlyonnais.fr\/site\/\",\"logo\":{\"@type\":\"ImageObject\",\"inLanguage\":\"fr-FR\",\"@id\":\"https:\/\/newsestlyonnais.fr\/site\/#\/schema\/logo\/image\/\",\"url\":\"\",\"contentUrl\":\"\",\"caption\":\"News EST LYONNAIS\"},\"image\":{\"@id\":\"https:\/\/newsestlyonnais.fr\/site\/#\/schema\/logo\/image\/\"}},{\"@type\":\"Person\",\"@id\":\"https:\/\/newsestlyonnais.fr\/site\/#\/schema\/person\/3230d5615f390bb808365d673001e887\",\"name\":\"R\u00e9dac. NEWS\",\"sameAs\":[\"http:\/\/www.newsestlyonnais.fr\",\"https:\/\/www.facebook.com\/pascal.oberson.1?fref=ts\",\"https:\/\/fr.linkedin.com\/in\/pascal-oberson-b17045113\"],\"url\":\"https:\/\/newsestlyonnais.fr\/site\/author\/nel\/\"}]}<\/script>\n<!-- \/ Yoast SEO plugin. -->","yoast_head_json":{"title":"Les tous derniers Forums des Associations dans la r\u00e9gion lyonnaise !","description":"Les tous derniers Forums des Associations dans la r\u00e9gion lyonnaise !","robots":{"index":"index","follow":"follow","max-snippet":"max-snippet:-1","max-image-preview":"max-image-preview:large","max-video-preview":"max-video-preview:-1"},"canonical":"https:\/\/newsestlyonnais.fr\/site\/2018\/09\/10\/les-tous-derniers-forums-des-associations-dans-la-region-lyonnaise\/","og_locale":"fr_FR","og_type":"article","og_title":"Les tous derniers Forums des Associations dans la r\u00e9gion lyonnaise !","og_description":"Les tous derniers Forums des Associations dans la r\u00e9gion lyonnaise !","og_url":"https:\/\/newsestlyonnais.fr\/site\/2018\/09\/10\/les-tous-derniers-forums-des-associations-dans-la-region-lyonnaise\/","og_site_name":"News Est Lyonnais","article_author":"https:\/\/www.facebook.com\/pascal.oberson.1?fref=ts","article_published_time":"2018-09-10T09:23:51+00:00","article_modified_time":"2020-11-17T09:55:13+00:00","og_image":[{"width":1000,"height":750,"url":"https:\/\/i2.wp.com\/newsestlyonnais.fr\/site\/wp-content\/uploads\/2017\/04\/NewsEstLyonnais-Flash-Info.png?fit=1000%2C750&ssl=1","type":"image\/png"}],"author":"R\u00e9dac. NEWS","twitter_card":"summary_large_image","twitter_misc":{"\u00c9crit par":"R\u00e9dac. NEWS"},"schema":{"@context":"https:\/\/schema.org","@graph":[{"@type":"Article","@id":"https:\/\/newsestlyonnais.fr\/site\/2018\/09\/10\/les-tous-derniers-forums-des-associations-dans-la-region-lyonnaise\/#article","isPartOf":{"@id":"https:\/\/newsestlyonnais.fr\/site\/2018\/09\/10\/les-tous-derniers-forums-des-associations-dans-la-region-lyonnaise\/"},"author":{"name":"R\u00e9dac. NEWS","@id":"https:\/\/newsestlyonnais.fr\/site\/#\/schema\/person\/3230d5615f390bb808365d673001e887"},"headline":"Les tous derniers Forums des Associations dans la r\u00e9gion lyonnaise !","datePublished":"2018-09-10T09:23:51+00:00","dateModified":"2020-11-17T09:55:13+00:00","mainEntityOfPage":{"@id":"https:\/\/newsestlyonnais.fr\/site\/2018\/09\/10\/les-tous-derniers-forums-des-associations-dans-la-region-lyonnaise\/"},"wordCount":95,"commentCount":0,"publisher":{"@id":"https:\/\/newsestlyonnais.fr\/site\/#organization"},"image":{"@id":"https:\/\/newsestlyonnais.fr\/site\/2018\/09\/10\/les-tous-derniers-forums-des-associations-dans-la-region-lyonnaise\/#primaryimage"},"thumbnailUrl":"https:\/\/newsestlyonnais.fr\/site\/wp-content\/uploads\/2017\/04\/NewsEstLyonnais-Flash-Info.png","articleSection":["Forums des associations","Lyon","Rillieux-la-Pape"],"inLanguage":"fr-FR","potentialAction":[{"@type":"CommentAction","name":"Comment","target":["https:\/\/newsestlyonnais.fr\/site\/2018\/09\/10\/les-tous-derniers-forums-des-associations-dans-la-region-lyonnaise\/#respond"]}]},{"@type":"WebPage","@id":"https:\/\/newsestlyonnais.fr\/site\/2018\/09\/10\/les-tous-derniers-forums-des-associations-dans-la-region-lyonnaise\/","url":"https:\/\/newsestlyonnais.fr\/site\/2018\/09\/10\/les-tous-derniers-forums-des-associations-dans-la-region-lyonnaise\/","name":"Les tous derniers Forums des Associations dans la r\u00e9gion lyonnaise !","isPartOf":{"@id":"https:\/\/newsestlyonnais.fr\/site\/#website"},"primaryImageOfPage":{"@id":"https:\/\/newsestlyonnais.fr\/site\/2018\/09\/10\/les-tous-derniers-forums-des-associations-dans-la-region-lyonnaise\/#primaryimage"},"image":{"@id":"https:\/\/newsestlyonnais.fr\/site\/2018\/09\/10\/les-tous-derniers-forums-des-associations-dans-la-region-lyonnaise\/#primaryimage"},"thumbnailUrl":"https:\/\/newsestlyonnais.fr\/site\/wp-content\/uploads\/2017\/04\/NewsEstLyonnais-Flash-Info.png","datePublished":"2018-09-10T09:23:51+00:00","dateModified":"2020-11-17T09:55:13+00:00","description":"Les tous derniers Forums des Associations dans la r\u00e9gion lyonnaise !","breadcrumb":{"@id":"https:\/\/newsestlyonnais.fr\/site\/2018\/09\/10\/les-tous-derniers-forums-des-associations-dans-la-region-lyonnaise\/#breadcrumb"},"inLanguage":"fr-FR","potentialAction":[{"@type":"ReadAction","target":["https:\/\/newsestlyonnais.fr\/site\/2018\/09\/10\/les-tous-derniers-forums-des-associations-dans-la-region-lyonnaise\/"]}]},{"@type":"ImageObject","inLanguage":"fr-FR","@id":"https:\/\/newsestlyonnais.fr\/site\/2018\/09\/10\/les-tous-derniers-forums-des-associations-dans-la-region-lyonnaise\/#primaryimage","url":"https:\/\/newsestlyonnais.fr\/site\/wp-content\/uploads\/2017\/04\/NewsEstLyonnais-Flash-Info.png","contentUrl":"https:\/\/newsestlyonnais.fr\/site\/wp-content\/uploads\/2017\/04\/NewsEstLyonnais-Flash-Info.png","width":1000,"height":750,"caption":"NewsEstLyonnais-Flash-Info"},{"@type":"BreadcrumbList","@id":"https:\/\/newsestlyonnais.fr\/site\/2018\/09\/10\/les-tous-derniers-forums-des-associations-dans-la-region-lyonnaise\/#breadcrumb","itemListElement":[{"@type":"ListItem","position":1,"name":"Accueil","item":"https:\/\/newsestlyonnais.fr\/site\/"},{"@type":"ListItem","position":2,"name":"Les tous derniers Forums des Associations dans la r\u00e9gion lyonnaise !"}]},{"@type":"WebSite","@id":"https:\/\/newsestlyonnais.fr\/site\/#website","url":"https:\/\/newsestlyonnais.fr\/site\/","name":"News Est Lyonnais","description":"L&#039;actualit\u00e9 au plus pr\u00e8s","publisher":{"@id":"https:\/\/newsestlyonnais.fr\/site\/#organization"},"potentialAction":[{"@type":"SearchAction","target":{"@type":"EntryPoint","urlTemplate":"https:\/\/newsestlyonnais.fr\/site\/?s={search_term_string}"},"query-input":{"@type":"PropertyValueSpecification","valueRequired":true,"valueName":"search_term_string"}}],"inLanguage":"fr-FR"},{"@type":"Organization","@id":"https:\/\/newsestlyonnais.fr\/site\/#organization","name":"News EST LYONNAIS","url":"https:\/\/newsestlyonnais.fr\/site\/","logo":{"@type":"ImageObject","inLanguage":"fr-FR","@id":"https:\/\/newsestlyonnais.fr\/site\/#\/schema\/logo\/image\/","url":"","contentUrl":"","caption":"News EST LYONNAIS"},"image":{"@id":"https:\/\/newsestlyonnais.fr\/site\/#\/schema\/logo\/image\/"}},{"@type":"Person","@id":"https:\/\/newsestlyonnais.fr\/site\/#\/schema\/person\/3230d5615f390bb808365d673001e887","name":"R\u00e9dac. NEWS","sameAs":["http:\/\/www.newsestlyonnais.fr","https:\/\/www.facebook.com\/pascal.oberson.1?fref=ts","https:\/\/fr.linkedin.com\/in\/pascal-oberson-b17045113"],"url":"https:\/\/newsestlyonnais.fr\/site\/author\/nel\/"}]}},"_links":{"self":[{"href":"https:\/\/newsestlyonnais.fr\/site\/wp-json\/wp\/v2\/posts\/56223","targetHints":{"allow":["GET"]}}],"collection":[{"href":"https:\/\/newsestlyonnais.fr\/site\/wp-json\/wp\/v2\/posts"}],"about":[{"href":"https:\/\/newsestlyonnais.fr\/site\/wp-json\/wp\/v2\/types\/post"}],"author":[{"embeddable":true,"href":"https:\/\/newsestlyonnais.fr\/site\/wp-json\/wp\/v2\/users\/4"}],"replies":[{"embeddable":true,"href":"https:\/\/newsestlyonnais.fr\/site\/wp-json\/wp\/v2\/comments?post=56223"}],"version-history":[{"count":0,"href":"https:\/\/newsestlyonnais.fr\/site\/wp-json\/wp\/v2\/posts\/56223\/revisions"}],"wp:featuredmedia":[{"embeddable":true,"href":"https:\/\/newsestlyonnais.fr\/site\/wp-json\/wp\/v2\/media\/25760"}],"wp:attachment":[{"href":"https:\/\/newsestlyonnais.fr\/site\/wp-json\/wp\/v2\/media?parent=56223"}],"wp:term":[{"taxonomy":"category","embeddable":true,"href":"https:\/\/newsestlyonnais.fr\/site\/wp-json\/wp\/v2\/categories?post=56223"},{"taxonomy":"post_tag","embeddable":true,"href":"https:\/\/newsestlyonnais.fr\/site\/wp-json\/wp\/v2\/tags?post=56223"}],"curies":[{"name":"wp","href":"https:\/\/api.w.org\/{rel}","templated":true}]}}