{"id":56256,"date":"2018-09-10T19:44:50","date_gmt":"2018-09-10T18:44:50","guid":{"rendered":"http:\/\/newsestlyonnais.fr\/site\/?p=56256"},"modified":"2020-05-23T18:18:56","modified_gmt":"2020-05-23T17:18:56","slug":"saint-priest-les-evenements-prevus-sur-la-commune-jusqua-fin-septembre-2018","status":"publish","type":"post","link":"https:\/\/newsestlyonnais.fr\/site\/2018\/09\/10\/saint-priest-les-evenements-prevus-sur-la-commune-jusqua-fin-septembre-2018\/","title":{"rendered":"SAINT-PRIEST | Les \u00e9v\u00e9nements \u00e0 fin septembre 2018"},"content":{"rendered":"<ul>\n<li><strong>Samedi 15 septembre de 9 h \u00e0 19 h<\/strong>: <span style=\"text-decoration: underline\">Journ\u00e9e du patrimoine, Visites guid\u00e9es<\/span> du Fort, de l&rsquo;\u00e9glise, de la cit\u00e9 Berliet, du village et du cimeti\u00e8re, ballade urbaine \u00e0 Bel-Air, Fort, Eglise, Cit\u00e9 Berliet, Village et Cimeti\u00e8re<br \/>\n<strong>&amp; de 9 h 15 \u00e0 18 h 30<\/strong>: <span style=\"text-decoration: underline\">Animations aux abords de la MJC<\/span> <span style=\"text-decoration: underline\">dans le cadre de cl\u00f4ture des \u00ab\u00a050 ans de Bel-Air\u00a0\u00bb.<\/span> (MJC : parvis, esplanade, prairie) <strong>&amp; \u00e0 20 h 30<\/strong>: Grand Show de Cl\u00f4ture. (Complexe Pierre Mend\u00e8s France).<\/li>\n<li><strong>Dimanche 16 septembre de 9 h \u00e0 19 h<\/strong>: <span style=\"text-decoration: underline\">Journ\u00e9e du patrimoine, Visites guid\u00e9es<\/span> du Fort, de l&rsquo;\u00e9glise, de la cit\u00e9 Berliet, du village et du cimeti\u00e8re, ballade urbaine \u00e0 Bel-Air. (Fort, Eglise, Cit\u00e9 Berliet, Village et Cimeti\u00e8re).<\/li>\n<li><strong>Mercredi 19 septembre de 14 h \u00e0 17 h<\/strong> : <span style=\"text-decoration: underline\">F\u00eate de la sente M\u00e9nival-Village<\/span>, dans le cadre de la Semaine de la mobilit\u00e9, animations nature, kermesse, concours de v\u00e9los, trotinettes. (Sentier M\u00e9nival-Village).<\/li>\n<li><strong>Jeudi 20 septembre de 11 h \u00e0 12 h<\/strong>: <span style=\"text-decoration: underline\">Pose de la 1\u00b0 pierre du parc d&rsquo;Aventures KOEZIO<\/span>. (Parc indoor Ancienne route de Grenoble) <strong>&amp; \u00e0 17 h 30<\/strong>: <span style=\"text-decoration: underline\">3\u00b0 \u00e9dition du Techno-Cross<\/span> organis\u00e9 par l&rsquo;AS&rsquo;PARC 333 (Cours du troisi\u00e8me Mill\u00e9naire).<\/li>\n<li><strong>Vendredi 21 septembre de 17 h 30 \u00e0 18 h<\/strong> : <span style=\"text-decoration: underline\">Balade \u00e0 v\u00e9lo \u00e0 assistance \u00e9lectriqu<\/span>e. (Maison du v\u00e9lo) <strong>&amp; de 18 h \u00e0 19 h:<\/strong> <span style=\"text-decoration: underline\">Arriv\u00e9e de la d\u00e9l\u00e9gation officielle du jumelage Franco-Allemand<\/span>. (H\u00f4tel de ville) <strong>&amp; de 18 h 30 \u00e0 20 h 30<\/strong> : Inaugauration \u00ab\u00a0Maison du v\u00e9lo\u00a0\u00bb (Maison du v\u00e9lo).<\/li>\n<li><strong>Samedi 22 septembre de 8 h \u00e0 19 h<\/strong> : <span style=\"text-decoration: underline\">72\u00b0 Foire d\u2019Automne<\/span> (Du village \u00e0 la place Salengro) &amp; \u00e0 11 h: Remise des prix de la foire avec la d\u00e9l\u00e9gation Allemande. (Place Ferdinand Buisson). <strong>&amp; de 8 h \u00e0 12<\/strong> h: <span style=\"text-decoration: underline\">Boudin traditionnel<\/span>, la San-Priode propose son stand de fabrication et vente de boudin traditionnel. (Place Ferdinand Buisson).<\/li>\n<li><strong>Mardi 25 septembre \u00e0 11 h<\/strong>: <span style=\"text-decoration: underline\">Comm\u00e9moration : Hommage aux Hark<\/span>is (au ch\u00e2teau).<\/li>\n<li><strong>Dimanche 30 septembre de 14 h \u00e0 20 h<\/strong> : <span style=\"text-decoration: underline\">Finale de Grand Prix de tennis dames et hommes<\/span> et remise des prix. (Tennis Club de Saint-Priest, Avenue Pierre Mend\u00e8s France).<\/li>\n<\/ul>\n<p>____________________________________________________________________________<\/p>\n<p><strong>Retrouvez toute l\u2019ACTU de la commune sur : <a href=\"http:\/\/www.ville-saint-priest.fr\/accueil.547.0.html\" target=\"_blank\" rel=\"noopener noreferrer\">http:\/\/www.ville-saint-priest.fr\/accueil.547.0.html<\/a><\/strong><\/p>\n<div id='gallery-1' class='gallery galleryid-56256 gallery-columns-3 gallery-size-thumbnail'><figure class='gallery-item'>\n\t\t\t<div class='gallery-icon landscape'>\n\t\t\t\t<a href='https:\/\/newsestlyonnais.fr\/site\/newsestlyonanis-foire-auto-st-priest-2018\/'><img loading=\"lazy\" decoding=\"async\" width=\"150\" height=\"150\" src=\"https:\/\/newsestlyonnais.fr\/site\/wp-content\/uploads\/2018\/07\/NEWSESTLYONANIS-FOIRE-AUTO-ST-PRIEST-2018-150x150.jpg\" class=\"attachment-thumbnail size-thumbnail\" alt=\"NEWSESTLYONANIS FOIRE AUTO ST PRIEST 2018\" aria-describedby=\"gallery-1-55029\" \/><\/a>\n\t\t\t<\/div>\n\t\t\t\t<figcaption class='wp-caption-text gallery-caption' id='gallery-1-55029'>\n\t\t\t\t 72 \u00b0 Foire d&rsquo;automne\n\t\t\t\t<\/figcaption><\/figure>\n\t\t<\/div>\n\n<p>&nbsp;<\/p>\n","protected":false},"excerpt":{"rendered":"<p>De nombreux \u00e9v\u00e8nements et manifestations se d\u00e9rouleront sur la commune \u00e0 savoir :<\/p>\n","protected":false},"author":4,"featured_media":45967,"comment_status":"open","ping_status":"open","sticky":false,"template":"","format":"standard","meta":{"footnotes":""},"categories":[30,1296],"tags":[2039],"class_list":["post-56256","post","type-post","status-publish","format-standard","has-post-thumbnail","hentry","category-a-la-une","category-sain-priest","tag-saint-priest"],"yoast_head":"<!-- This site is optimized with the Yoast SEO plugin v27.2 - https:\/\/yoast.com\/product\/yoast-seo-wordpress\/ -->\n<title>SAINT PRIEST : Les \u00e9v\u00e9nements pr\u00e9vus sur la commune jusqu\u2019\u00e0 fin septembre 2018<\/title>\n<meta name=\"description\" content=\"SAINT PRIEST : Les \u00e9v\u00e9nements pr\u00e9vus sur la commune jusqu\u2019\u00e0 fin septembre 2018\" \/>\n<meta name=\"robots\" content=\"index, follow, max-snippet:-1, max-image-preview:large, max-video-preview:-1\" \/>\n<link rel=\"canonical\" href=\"https:\/\/newsestlyonnais.fr\/site\/2018\/09\/10\/saint-priest-les-evenements-prevus-sur-la-commune-jusqua-fin-septembre-2018\/\" \/>\n<meta property=\"og:locale\" content=\"fr_FR\" \/>\n<meta property=\"og:type\" content=\"article\" \/>\n<meta property=\"og:title\" content=\"SAINT PRIEST : Les \u00e9v\u00e9nements pr\u00e9vus sur la commune jusqu\u2019\u00e0 fin septembre 2018\" \/>\n<meta property=\"og:description\" content=\"SAINT PRIEST : Les \u00e9v\u00e9nements pr\u00e9vus sur la commune jusqu\u2019\u00e0 fin septembre 2018\" \/>\n<meta property=\"og:url\" content=\"https:\/\/newsestlyonnais.fr\/site\/2018\/09\/10\/saint-priest-les-evenements-prevus-sur-la-commune-jusqua-fin-septembre-2018\/\" \/>\n<meta property=\"og:site_name\" content=\"News Est Lyonnais\" \/>\n<meta property=\"article:author\" content=\"https:\/\/www.facebook.com\/pascal.oberson.1?fref=ts\" \/>\n<meta property=\"article:published_time\" content=\"2018-09-10T18:44:50+00:00\" \/>\n<meta property=\"article:modified_time\" content=\"2020-05-23T17:18:56+00:00\" \/>\n<meta property=\"og:image\" content=\"https:\/\/i1.wp.com\/newsestlyonnais.fr\/site\/wp-content\/uploads\/2018\/03\/NEWSESTLYONNAIS-PANNEAU-ST-PRIEST.png?fit=466%2C108&ssl=1\" \/>\n\t<meta property=\"og:image:width\" content=\"466\" \/>\n\t<meta property=\"og:image:height\" content=\"108\" \/>\n\t<meta property=\"og:image:type\" content=\"image\/png\" \/>\n<meta name=\"author\" content=\"R\u00e9dac. NEWS\" \/>\n<meta name=\"twitter:card\" content=\"summary_large_image\" \/>\n<meta name=\"twitter:label1\" content=\"\u00c9crit par\" \/>\n\t<meta name=\"twitter:data1\" content=\"R\u00e9dac. NEWS\" \/>\n\t<meta name=\"twitter:label2\" content=\"Dur\u00e9e de lecture estim\u00e9e\" \/>\n\t<meta name=\"twitter:data2\" content=\"2 minutes\" \/>\n<script type=\"application\/ld+json\" class=\"yoast-schema-graph\">{\"@context\":\"https:\/\/schema.org\",\"@graph\":[{\"@type\":\"Article\",\"@id\":\"https:\/\/newsestlyonnais.fr\/site\/2018\/09\/10\/saint-priest-les-evenements-prevus-sur-la-commune-jusqua-fin-septembre-2018\/#article\",\"isPartOf\":{\"@id\":\"https:\/\/newsestlyonnais.fr\/site\/2018\/09\/10\/saint-priest-les-evenements-prevus-sur-la-commune-jusqua-fin-septembre-2018\/\"},\"author\":{\"name\":\"R\u00e9dac. NEWS\",\"@id\":\"https:\/\/newsestlyonnais.fr\/site\/#\/schema\/person\/3230d5615f390bb808365d673001e887\"},\"headline\":\"SAINT-PRIEST | Les \u00e9v\u00e9nements \u00e0 fin septembre 2018\",\"datePublished\":\"2018-09-10T18:44:50+00:00\",\"dateModified\":\"2020-05-23T17:18:56+00:00\",\"mainEntityOfPage\":{\"@id\":\"https:\/\/newsestlyonnais.fr\/site\/2018\/09\/10\/saint-priest-les-evenements-prevus-sur-la-commune-jusqua-fin-septembre-2018\/\"},\"wordCount\":338,\"commentCount\":0,\"publisher\":{\"@id\":\"https:\/\/newsestlyonnais.fr\/site\/#organization\"},\"image\":{\"@id\":\"https:\/\/newsestlyonnais.fr\/site\/2018\/09\/10\/saint-priest-les-evenements-prevus-sur-la-commune-jusqua-fin-septembre-2018\/#primaryimage\"},\"thumbnailUrl\":\"https:\/\/newsestlyonnais.fr\/site\/wp-content\/uploads\/2018\/03\/NEWSESTLYONNAIS-PANNEAU-ST-PRIEST.png\",\"keywords\":[\"SAINT PRIEST\"],\"articleSection\":[\"\u00e0 la une\",\"Saint-Priest\"],\"inLanguage\":\"fr-FR\",\"potentialAction\":[{\"@type\":\"CommentAction\",\"name\":\"Comment\",\"target\":[\"https:\/\/newsestlyonnais.fr\/site\/2018\/09\/10\/saint-priest-les-evenements-prevus-sur-la-commune-jusqua-fin-septembre-2018\/#respond\"]}]},{\"@type\":\"WebPage\",\"@id\":\"https:\/\/newsestlyonnais.fr\/site\/2018\/09\/10\/saint-priest-les-evenements-prevus-sur-la-commune-jusqua-fin-septembre-2018\/\",\"url\":\"https:\/\/newsestlyonnais.fr\/site\/2018\/09\/10\/saint-priest-les-evenements-prevus-sur-la-commune-jusqua-fin-septembre-2018\/\",\"name\":\"SAINT PRIEST : Les \u00e9v\u00e9nements pr\u00e9vus sur la commune jusqu\u2019\u00e0 fin septembre 2018\",\"isPartOf\":{\"@id\":\"https:\/\/newsestlyonnais.fr\/site\/#website\"},\"primaryImageOfPage\":{\"@id\":\"https:\/\/newsestlyonnais.fr\/site\/2018\/09\/10\/saint-priest-les-evenements-prevus-sur-la-commune-jusqua-fin-septembre-2018\/#primaryimage\"},\"image\":{\"@id\":\"https:\/\/newsestlyonnais.fr\/site\/2018\/09\/10\/saint-priest-les-evenements-prevus-sur-la-commune-jusqua-fin-septembre-2018\/#primaryimage\"},\"thumbnailUrl\":\"https:\/\/newsestlyonnais.fr\/site\/wp-content\/uploads\/2018\/03\/NEWSESTLYONNAIS-PANNEAU-ST-PRIEST.png\",\"datePublished\":\"2018-09-10T18:44:50+00:00\",\"dateModified\":\"2020-05-23T17:18:56+00:00\",\"description\":\"SAINT PRIEST : Les \u00e9v\u00e9nements pr\u00e9vus sur la commune jusqu\u2019\u00e0 fin septembre 2018\",\"breadcrumb\":{\"@id\":\"https:\/\/newsestlyonnais.fr\/site\/2018\/09\/10\/saint-priest-les-evenements-prevus-sur-la-commune-jusqua-fin-septembre-2018\/#breadcrumb\"},\"inLanguage\":\"fr-FR\",\"potentialAction\":[{\"@type\":\"ReadAction\",\"target\":[\"https:\/\/newsestlyonnais.fr\/site\/2018\/09\/10\/saint-priest-les-evenements-prevus-sur-la-commune-jusqua-fin-septembre-2018\/\"]}]},{\"@type\":\"ImageObject\",\"inLanguage\":\"fr-FR\",\"@id\":\"https:\/\/newsestlyonnais.fr\/site\/2018\/09\/10\/saint-priest-les-evenements-prevus-sur-la-commune-jusqua-fin-septembre-2018\/#primaryimage\",\"url\":\"https:\/\/newsestlyonnais.fr\/site\/wp-content\/uploads\/2018\/03\/NEWSESTLYONNAIS-PANNEAU-ST-PRIEST.png\",\"contentUrl\":\"https:\/\/newsestlyonnais.fr\/site\/wp-content\/uploads\/2018\/03\/NEWSESTLYONNAIS-PANNEAU-ST-PRIEST.png\",\"width\":466,\"height\":108,\"caption\":\"NEWSESTLYONNAIS - PANNEAU ST PRIEST\"},{\"@type\":\"BreadcrumbList\",\"@id\":\"https:\/\/newsestlyonnais.fr\/site\/2018\/09\/10\/saint-priest-les-evenements-prevus-sur-la-commune-jusqua-fin-septembre-2018\/#breadcrumb\",\"itemListElement\":[{\"@type\":\"ListItem\",\"position\":1,\"name\":\"Accueil\",\"item\":\"https:\/\/newsestlyonnais.fr\/site\/\"},{\"@type\":\"ListItem\",\"position\":2,\"name\":\"SAINT-PRIEST | Les \u00e9v\u00e9nements \u00e0 fin septembre 2018\"}]},{\"@type\":\"WebSite\",\"@id\":\"https:\/\/newsestlyonnais.fr\/site\/#website\",\"url\":\"https:\/\/newsestlyonnais.fr\/site\/\",\"name\":\"News Est Lyonnais\",\"description\":\"L&#039;actualit\u00e9 au plus pr\u00e8s\",\"publisher\":{\"@id\":\"https:\/\/newsestlyonnais.fr\/site\/#organization\"},\"potentialAction\":[{\"@type\":\"SearchAction\",\"target\":{\"@type\":\"EntryPoint\",\"urlTemplate\":\"https:\/\/newsestlyonnais.fr\/site\/?s={search_term_string}\"},\"query-input\":{\"@type\":\"PropertyValueSpecification\",\"valueRequired\":true,\"valueName\":\"search_term_string\"}}],\"inLanguage\":\"fr-FR\"},{\"@type\":\"Organization\",\"@id\":\"https:\/\/newsestlyonnais.fr\/site\/#organization\",\"name\":\"News EST LYONNAIS\",\"url\":\"https:\/\/newsestlyonnais.fr\/site\/\",\"logo\":{\"@type\":\"ImageObject\",\"inLanguage\":\"fr-FR\",\"@id\":\"https:\/\/newsestlyonnais.fr\/site\/#\/schema\/logo\/image\/\",\"url\":\"\",\"contentUrl\":\"\",\"caption\":\"News EST LYONNAIS\"},\"image\":{\"@id\":\"https:\/\/newsestlyonnais.fr\/site\/#\/schema\/logo\/image\/\"}},{\"@type\":\"Person\",\"@id\":\"https:\/\/newsestlyonnais.fr\/site\/#\/schema\/person\/3230d5615f390bb808365d673001e887\",\"name\":\"R\u00e9dac. NEWS\",\"sameAs\":[\"http:\/\/www.newsestlyonnais.fr\",\"https:\/\/www.facebook.com\/pascal.oberson.1?fref=ts\",\"https:\/\/fr.linkedin.com\/in\/pascal-oberson-b17045113\"],\"url\":\"https:\/\/newsestlyonnais.fr\/site\/author\/nel\/\"}]}<\/script>\n<!-- \/ Yoast SEO plugin. -->","yoast_head_json":{"title":"SAINT PRIEST : Les \u00e9v\u00e9nements pr\u00e9vus sur la commune jusqu\u2019\u00e0 fin septembre 2018","description":"SAINT PRIEST : Les \u00e9v\u00e9nements pr\u00e9vus sur la commune jusqu\u2019\u00e0 fin septembre 2018","robots":{"index":"index","follow":"follow","max-snippet":"max-snippet:-1","max-image-preview":"max-image-preview:large","max-video-preview":"max-video-preview:-1"},"canonical":"https:\/\/newsestlyonnais.fr\/site\/2018\/09\/10\/saint-priest-les-evenements-prevus-sur-la-commune-jusqua-fin-septembre-2018\/","og_locale":"fr_FR","og_type":"article","og_title":"SAINT PRIEST : Les \u00e9v\u00e9nements pr\u00e9vus sur la commune jusqu\u2019\u00e0 fin septembre 2018","og_description":"SAINT PRIEST : Les \u00e9v\u00e9nements pr\u00e9vus sur la commune jusqu\u2019\u00e0 fin septembre 2018","og_url":"https:\/\/newsestlyonnais.fr\/site\/2018\/09\/10\/saint-priest-les-evenements-prevus-sur-la-commune-jusqua-fin-septembre-2018\/","og_site_name":"News Est Lyonnais","article_author":"https:\/\/www.facebook.com\/pascal.oberson.1?fref=ts","article_published_time":"2018-09-10T18:44:50+00:00","article_modified_time":"2020-05-23T17:18:56+00:00","og_image":[{"width":466,"height":108,"url":"https:\/\/i1.wp.com\/newsestlyonnais.fr\/site\/wp-content\/uploads\/2018\/03\/NEWSESTLYONNAIS-PANNEAU-ST-PRIEST.png?fit=466%2C108&ssl=1","type":"image\/png"}],"author":"R\u00e9dac. NEWS","twitter_card":"summary_large_image","twitter_misc":{"\u00c9crit par":"R\u00e9dac. NEWS","Dur\u00e9e de lecture estim\u00e9e":"2 minutes"},"schema":{"@context":"https:\/\/schema.org","@graph":[{"@type":"Article","@id":"https:\/\/newsestlyonnais.fr\/site\/2018\/09\/10\/saint-priest-les-evenements-prevus-sur-la-commune-jusqua-fin-septembre-2018\/#article","isPartOf":{"@id":"https:\/\/newsestlyonnais.fr\/site\/2018\/09\/10\/saint-priest-les-evenements-prevus-sur-la-commune-jusqua-fin-septembre-2018\/"},"author":{"name":"R\u00e9dac. NEWS","@id":"https:\/\/newsestlyonnais.fr\/site\/#\/schema\/person\/3230d5615f390bb808365d673001e887"},"headline":"SAINT-PRIEST | Les \u00e9v\u00e9nements \u00e0 fin septembre 2018","datePublished":"2018-09-10T18:44:50+00:00","dateModified":"2020-05-23T17:18:56+00:00","mainEntityOfPage":{"@id":"https:\/\/newsestlyonnais.fr\/site\/2018\/09\/10\/saint-priest-les-evenements-prevus-sur-la-commune-jusqua-fin-septembre-2018\/"},"wordCount":338,"commentCount":0,"publisher":{"@id":"https:\/\/newsestlyonnais.fr\/site\/#organization"},"image":{"@id":"https:\/\/newsestlyonnais.fr\/site\/2018\/09\/10\/saint-priest-les-evenements-prevus-sur-la-commune-jusqua-fin-septembre-2018\/#primaryimage"},"thumbnailUrl":"https:\/\/newsestlyonnais.fr\/site\/wp-content\/uploads\/2018\/03\/NEWSESTLYONNAIS-PANNEAU-ST-PRIEST.png","keywords":["SAINT PRIEST"],"articleSection":["\u00e0 la une","Saint-Priest"],"inLanguage":"fr-FR","potentialAction":[{"@type":"CommentAction","name":"Comment","target":["https:\/\/newsestlyonnais.fr\/site\/2018\/09\/10\/saint-priest-les-evenements-prevus-sur-la-commune-jusqua-fin-septembre-2018\/#respond"]}]},{"@type":"WebPage","@id":"https:\/\/newsestlyonnais.fr\/site\/2018\/09\/10\/saint-priest-les-evenements-prevus-sur-la-commune-jusqua-fin-septembre-2018\/","url":"https:\/\/newsestlyonnais.fr\/site\/2018\/09\/10\/saint-priest-les-evenements-prevus-sur-la-commune-jusqua-fin-septembre-2018\/","name":"SAINT PRIEST : Les \u00e9v\u00e9nements pr\u00e9vus sur la commune jusqu\u2019\u00e0 fin septembre 2018","isPartOf":{"@id":"https:\/\/newsestlyonnais.fr\/site\/#website"},"primaryImageOfPage":{"@id":"https:\/\/newsestlyonnais.fr\/site\/2018\/09\/10\/saint-priest-les-evenements-prevus-sur-la-commune-jusqua-fin-septembre-2018\/#primaryimage"},"image":{"@id":"https:\/\/newsestlyonnais.fr\/site\/2018\/09\/10\/saint-priest-les-evenements-prevus-sur-la-commune-jusqua-fin-septembre-2018\/#primaryimage"},"thumbnailUrl":"https:\/\/newsestlyonnais.fr\/site\/wp-content\/uploads\/2018\/03\/NEWSESTLYONNAIS-PANNEAU-ST-PRIEST.png","datePublished":"2018-09-10T18:44:50+00:00","dateModified":"2020-05-23T17:18:56+00:00","description":"SAINT PRIEST : Les \u00e9v\u00e9nements pr\u00e9vus sur la commune jusqu\u2019\u00e0 fin septembre 2018","breadcrumb":{"@id":"https:\/\/newsestlyonnais.fr\/site\/2018\/09\/10\/saint-priest-les-evenements-prevus-sur-la-commune-jusqua-fin-septembre-2018\/#breadcrumb"},"inLanguage":"fr-FR","potentialAction":[{"@type":"ReadAction","target":["https:\/\/newsestlyonnais.fr\/site\/2018\/09\/10\/saint-priest-les-evenements-prevus-sur-la-commune-jusqua-fin-septembre-2018\/"]}]},{"@type":"ImageObject","inLanguage":"fr-FR","@id":"https:\/\/newsestlyonnais.fr\/site\/2018\/09\/10\/saint-priest-les-evenements-prevus-sur-la-commune-jusqua-fin-septembre-2018\/#primaryimage","url":"https:\/\/newsestlyonnais.fr\/site\/wp-content\/uploads\/2018\/03\/NEWSESTLYONNAIS-PANNEAU-ST-PRIEST.png","contentUrl":"https:\/\/newsestlyonnais.fr\/site\/wp-content\/uploads\/2018\/03\/NEWSESTLYONNAIS-PANNEAU-ST-PRIEST.png","width":466,"height":108,"caption":"NEWSESTLYONNAIS - PANNEAU ST PRIEST"},{"@type":"BreadcrumbList","@id":"https:\/\/newsestlyonnais.fr\/site\/2018\/09\/10\/saint-priest-les-evenements-prevus-sur-la-commune-jusqua-fin-septembre-2018\/#breadcrumb","itemListElement":[{"@type":"ListItem","position":1,"name":"Accueil","item":"https:\/\/newsestlyonnais.fr\/site\/"},{"@type":"ListItem","position":2,"name":"SAINT-PRIEST | Les \u00e9v\u00e9nements \u00e0 fin septembre 2018"}]},{"@type":"WebSite","@id":"https:\/\/newsestlyonnais.fr\/site\/#website","url":"https:\/\/newsestlyonnais.fr\/site\/","name":"News Est Lyonnais","description":"L&#039;actualit\u00e9 au plus pr\u00e8s","publisher":{"@id":"https:\/\/newsestlyonnais.fr\/site\/#organization"},"potentialAction":[{"@type":"SearchAction","target":{"@type":"EntryPoint","urlTemplate":"https:\/\/newsestlyonnais.fr\/site\/?s={search_term_string}"},"query-input":{"@type":"PropertyValueSpecification","valueRequired":true,"valueName":"search_term_string"}}],"inLanguage":"fr-FR"},{"@type":"Organization","@id":"https:\/\/newsestlyonnais.fr\/site\/#organization","name":"News EST LYONNAIS","url":"https:\/\/newsestlyonnais.fr\/site\/","logo":{"@type":"ImageObject","inLanguage":"fr-FR","@id":"https:\/\/newsestlyonnais.fr\/site\/#\/schema\/logo\/image\/","url":"","contentUrl":"","caption":"News EST LYONNAIS"},"image":{"@id":"https:\/\/newsestlyonnais.fr\/site\/#\/schema\/logo\/image\/"}},{"@type":"Person","@id":"https:\/\/newsestlyonnais.fr\/site\/#\/schema\/person\/3230d5615f390bb808365d673001e887","name":"R\u00e9dac. NEWS","sameAs":["http:\/\/www.newsestlyonnais.fr","https:\/\/www.facebook.com\/pascal.oberson.1?fref=ts","https:\/\/fr.linkedin.com\/in\/pascal-oberson-b17045113"],"url":"https:\/\/newsestlyonnais.fr\/site\/author\/nel\/"}]}},"_links":{"self":[{"href":"https:\/\/newsestlyonnais.fr\/site\/wp-json\/wp\/v2\/posts\/56256","targetHints":{"allow":["GET"]}}],"collection":[{"href":"https:\/\/newsestlyonnais.fr\/site\/wp-json\/wp\/v2\/posts"}],"about":[{"href":"https:\/\/newsestlyonnais.fr\/site\/wp-json\/wp\/v2\/types\/post"}],"author":[{"embeddable":true,"href":"https:\/\/newsestlyonnais.fr\/site\/wp-json\/wp\/v2\/users\/4"}],"replies":[{"embeddable":true,"href":"https:\/\/newsestlyonnais.fr\/site\/wp-json\/wp\/v2\/comments?post=56256"}],"version-history":[{"count":0,"href":"https:\/\/newsestlyonnais.fr\/site\/wp-json\/wp\/v2\/posts\/56256\/revisions"}],"wp:featuredmedia":[{"embeddable":true,"href":"https:\/\/newsestlyonnais.fr\/site\/wp-json\/wp\/v2\/media\/45967"}],"wp:attachment":[{"href":"https:\/\/newsestlyonnais.fr\/site\/wp-json\/wp\/v2\/media?parent=56256"}],"wp:term":[{"taxonomy":"category","embeddable":true,"href":"https:\/\/newsestlyonnais.fr\/site\/wp-json\/wp\/v2\/categories?post=56256"},{"taxonomy":"post_tag","embeddable":true,"href":"https:\/\/newsestlyonnais.fr\/site\/wp-json\/wp\/v2\/tags?post=56256"}],"curies":[{"name":"wp","href":"https:\/\/api.w.org\/{rel}","templated":true}]}}