{"id":56323,"date":"2018-08-25T13:16:36","date_gmt":"2018-08-25T12:16:36","guid":{"rendered":"http:\/\/newsestlyonnais.fr\/site\/?p=56323"},"modified":"2020-11-12T06:05:07","modified_gmt":"2020-11-12T05:05:07","slug":"serrurier-a-lyon-ne-soccupe-t-il-que-des-portes-dentree","status":"publish","type":"post","link":"https:\/\/newsestlyonnais.fr\/site\/2018\/08\/25\/serrurier-a-lyon-ne-soccupe-t-il-que-des-portes-dentree\/","title":{"rendered":"Serrurier \u00e0 Lyon &lt; ne s &#039; occupe-t-il que des portes d&#039;entr\u00e9e ?"},"content":{"rendered":"<h4 align=\"JUSTIFY\"><span style=\"font-family: Times New Roman, serif\"><span style=\"font-family: Calibri\"><span style=\"font-size: medium\">Le nombre de serruriers \u00e0 Lyon a consid\u00e9rablement augment\u00e9 ces derni\u00e8res ann\u00e9es. Si ces professionnels sont r\u00e9put\u00e9s pour leur intervention sur les portes d&rsquo;entr\u00e9e, ces derni\u00e8res ne constituent pas leur seul champ d\u2019action. <\/span><\/span><\/span><\/h4>\n<h2 class=\"western\"><span style=\"font-family: Times New Roman, serif;color: #0000ff\"><span style=\"font-family: Cambria\">Serrurier \u00e0 Lyon, des comp\u00e9tences en vitrerie<\/span><\/span><\/h2>\n<p lang=\"fr-FR\" align=\"JUSTIFY\"><span style=\"color: #000000\"><span style=\"font-family: Times New Roman, serif\"><span style=\"font-size: small\"><span style=\"font-family: Calibri\"><span style=\"font-size: medium\">Contrairement \u00e0 ce qu&rsquo;on pourrait penser il existe plusieurs types de serrurier \u00e0 Lyon. Les uns travaillent dans un domaine en particulier, m\u00e9tallerie d&rsquo;art, chaudronnerie, r\u00e9alisation de structures m\u00e9talliques ou encore d\u00e9pannage et installation de serrures. <\/span><\/span><\/span><\/span><\/span><\/p>\n<p lang=\"fr-FR\" align=\"JUSTIFY\"><span style=\"color: #000000\"><span style=\"font-family: Times New Roman, serif\"><span style=\"font-size: small\"><span style=\"font-family: Calibri\"><span style=\"font-size: medium\">D&rsquo;autres par contre sont polyvalents et peuvent de ce fait intervenir dans une ou plusieurs sp\u00e9cialisations diff\u00e9rentes. C&rsquo;est le cas par exemple de l&rsquo;entreprise <\/span><\/span><span style=\"color: #0000ff\"><u><a href=\"https:\/\/www.serrurier-lyonnais.fr\/\"><span style=\"font-family: Calibri\"><span style=\"font-size: medium\">https:\/\/www.serrurier-lyonnais.fr\/<\/span><\/span><\/a><\/u><\/span><span style=\"font-family: Calibri\"><span style=\"font-size: medium\"> dont les artisans ne sont pas uniquement des professionnels de la serrurerie.<\/span><\/span><\/span><\/span><\/span><\/p>\n<p lang=\"fr-FR\" align=\"JUSTIFY\"><span style=\"color: #000000\"><span style=\"font-family: Times New Roman, serif\"><span style=\"font-size: small\"><span style=\"font-family: Calibri\"><span style=\"font-size: medium\">Sp\u00e9cialis\u00e9 dans la pose et le remplacement de vitre, il n&rsquo;est plus rare de trouver des entreprises du secteur de la serrurerie qui propose \u00e9galement les services d&rsquo;un vitrier \u00e0 leur client\u00e8le. Un serrurier peut en effet \u00eatre appel\u00e9 \u00e0 intervenir sur diverses constructions \u00e0 l&rsquo;instar des fen\u00eatres et des vitres. Son \u0153il d&rsquo;expert est tr\u00e8s souvent sollicit\u00e9 sur les chantiers pour l&rsquo;installation de fen\u00eatres m\u00e9talliques.<\/span><\/span><\/span><\/span><\/span><\/p>\n<p lang=\"fr-FR\" align=\"JUSTIFY\"><span style=\"color: #000000\"><span style=\"font-family: Times New Roman, serif\"><span style=\"font-size: small\"><span style=\"font-family: Calibri\"><span style=\"font-size: medium\">Ainsi, vous pouvez vous tourner vers un serrurier \u00e0 Lyon pour installer, r\u00e9parer ou remplacer une fen\u00eatre m\u00e9tallique, ou encore pour remplacer une vitre bris\u00e9e. Sous cette casquette de vitrier il peut \u00e9galement proc\u00e9der \u00e0 la fermeture provisoire ou d\u00e9finitive d&rsquo;une ouverture. En tant que professionnel comp\u00e9tent il intervient sur plusieurs types de verres, simple vitrage, double vitrage ou encore verre feuillet\u00e9. Il n&rsquo;en oublie pas pour autant sa mission de pr\u00e9dilection.<\/span><\/span><\/span><\/span><\/span><\/p>\n<h2 class=\"western\"><span style=\"font-family: Times New Roman, serif;color: #0000ff\"><span style=\"font-family: Cambria\">Serrurier \u00e0 Lyon, le sp\u00e9cialiste des serrures<\/span><\/span><\/h2>\n<p lang=\"fr-FR\" align=\"JUSTIFY\"><span style=\"color: #000000\"><span style=\"font-family: Times New Roman, serif\"><span style=\"font-size: small\"><span style=\"font-family: Calibri\"><span style=\"font-size: medium\">S&rsquo;il est possible de trouver un serrurier \u00e0 Lyon qui poss\u00e8de des comp\u00e9tences en vitrerie, il reste le sp\u00e9cialiste des serrures. C&rsquo;est d&rsquo;ailleurs en tant que tel qu&rsquo;il est le plus souvent sollicit\u00e9 par les habitants de la ville et de ses environs. Porte claqu\u00e9e, pertes de cl\u00e9, r\u00e9paration de porte apr\u00e8s une effraction, cl\u00e9 cass\u00e9e dans la serrure ou encore porte bloqu\u00e9e sont autant de probl\u00e8me pour lesquels il poss\u00e8de les comp\u00e9tences n\u00e9cessaires pour apporter la solution ad\u00e9quate. Il intervient \u00e9galement sur les bo\u00eetes \u00e0 lettres.<\/span><\/span><\/span><\/span><\/span><\/p>\n<p lang=\"fr-FR\" align=\"JUSTIFY\"><span style=\"color: #000000\"><span style=\"font-family: Times New Roman, serif\"><span style=\"font-size: small\"><span style=\"font-family: Calibri\"><span style=\"font-size: medium\">Tout comme une porte, une bo\u00eete \u00e0 lettres poss\u00e8de une serrure. C&rsquo;est cette derni\u00e8re qui garantit la s\u00e9curit\u00e9 de votre courrier. De m\u00eame, tout comme c&rsquo;est le cas avec une porte d&rsquo;entr\u00e9e il n&rsquo;existe pas une, mais plusieurs solutions de verrouillage. On vous en parle plus en d\u00e9tails sur <\/span><\/span><span style=\"color: #0000ff\"><u><a href=\"https:\/\/www.sweetyhome.fr\/\"><span style=\"font-family: Calibri\"><span style=\"font-size: medium\">Sweetyhome<\/span><\/span><\/a><\/u><\/span><span style=\"font-family: Calibri\"><span style=\"font-size: medium\">. Or d&rsquo;un syst\u00e8me \u00e0 un autre l&rsquo;installation, la r\u00e9paration ou le remplacement d&rsquo;une serrure de bo\u00eete aux lettres peut ne pas \u00eatre \u00e9vident.<\/span><\/span><\/span><\/span><\/span><\/p>\n<p lang=\"fr-FR\" align=\"JUSTIFY\"><span style=\"color: #000000\"><span style=\"font-family: Times New Roman, serif\"><span style=\"font-size: small\"><span style=\"font-family: Calibri\"><span style=\"font-size: medium\">Ainsi, en cas de probl\u00e8me il est vivement conseill\u00e9 de faire appel \u00e0 un serrurier \u00e0 Lyon au risque d&rsquo;aggraver la situation. En tant que sp\u00e9cialiste, c&rsquo;est la garantie d&rsquo;une intervention r\u00e9ussie, ce en moins de temps qu&rsquo;il n&rsquo;aurait co\u00fbt\u00e9 \u00e0 une personne moins ou pas aguerrie. Les tarifs sont diff\u00e9rents, mais le principe est le m\u00eame que pour des interventions sur porte d&rsquo;entr\u00e9e. Un devis gratuit sera dress\u00e9 pour vous donner une id\u00e9e du montant total de la facture.<\/span><\/span><\/span><\/span><\/span><\/p>\n<p lang=\"fr-FR\" align=\"JUSTIFY\"><span style=\"color: #000000\"><span style=\"font-family: Times New Roman, serif\"><span style=\"font-size: small\"><span style=\"font-family: Calibri\"><span style=\"font-size: medium\">Comme c&rsquo;est le cas pour de nombreux professionnels, le serrurier \u00e0 Lyon est de plus en plus orient\u00e9 vers la polyvalence. Son domaine de comp\u00e9tence ne se limite plus en cons\u00e9quence aux portes d&rsquo;entr\u00e9e. D&rsquo;avoir de solides connaissances est de ce fait essentiel pour exercer ce m\u00e9tier. <\/span><\/span><\/span><\/span><\/span><\/p>\n<p lang=\"fr-FR\" align=\"JUSTIFY\"><span style=\"color: #000000\"><span style=\"font-family: Times New Roman, serif\"><span style=\"font-size: small\"><span style=\"font-family: Calibri\"><span style=\"font-size: medium\">Si vous \u00eates int\u00e9ress\u00e9 par la profession, vous trouverez sur <\/span><\/span><span style=\"color: #0000ff\"><u><a href=\"https:\/\/www.portailbienetre.fr\/metier\/serrurier\/\"><span style=\"font-family: Calibri\"><span style=\"font-size: medium\">ce site<\/span><\/span><\/a><\/u><\/span><span style=\"font-family: Calibri\"><span style=\"font-size: medium\"> des informations relatives \u00e0 la formation.<\/span><\/span><\/span><\/span><\/span><\/p>\n<p lang=\"fr-FR\" align=\"JUSTIFY\">\n","protected":false},"excerpt":{"rendered":"<p>Le nombre de serruriers \u00e0 Lyon a consid\u00e9rablement augment\u00e9 ces derni\u00e8res ann\u00e9es<\/p>\n","protected":false},"author":4,"featured_media":56333,"comment_status":"open","ping_status":"open","sticky":false,"template":"","format":"standard","meta":{"footnotes":""},"categories":[2970,1625,1753],"tags":[2958,2077,2957],"class_list":["post-56323","post","type-post","status-publish","format-standard","has-post-thumbnail","hentry","category-artisans-commerces-economie","category-lyon","category-secours-securite","tag-depannage","tag-lyon","tag-serrurerie"],"yoast_head":"<!-- This site is optimized with the Yoast SEO plugin v27.2 - https:\/\/yoast.com\/product\/yoast-seo-wordpress\/ -->\n<title>Serrurier \u00e0 Lyon : Ne s&#039;occupe-t-il que des portes d&#039;entr\u00e9e ?<\/title>\n<meta name=\"description\" content=\"Serrurier \u00e0 Lyon : Ne s&#039;occupe-t-il que des portes d&#039;entr\u00e9e ?\" \/>\n<meta name=\"robots\" content=\"index, follow, max-snippet:-1, max-image-preview:large, max-video-preview:-1\" \/>\n<link rel=\"canonical\" href=\"https:\/\/newsestlyonnais.fr\/site\/2018\/08\/25\/serrurier-a-lyon-ne-soccupe-t-il-que-des-portes-dentree\/\" \/>\n<meta property=\"og:locale\" content=\"fr_FR\" \/>\n<meta property=\"og:type\" content=\"article\" \/>\n<meta property=\"og:title\" content=\"Serrurier \u00e0 Lyon : Ne s&#039;occupe-t-il que des portes d&#039;entr\u00e9e ?\" \/>\n<meta property=\"og:description\" content=\"Serrurier \u00e0 Lyon : Ne s&#039;occupe-t-il que des portes d&#039;entr\u00e9e ?\" \/>\n<meta property=\"og:url\" content=\"https:\/\/newsestlyonnais.fr\/site\/2018\/08\/25\/serrurier-a-lyon-ne-soccupe-t-il-que-des-portes-dentree\/\" \/>\n<meta property=\"og:site_name\" content=\"News Est Lyonnais\" \/>\n<meta property=\"article:author\" content=\"https:\/\/www.facebook.com\/pascal.oberson.1?fref=ts\" \/>\n<meta property=\"article:published_time\" content=\"2018-08-25T12:16:36+00:00\" \/>\n<meta property=\"article:modified_time\" content=\"2020-11-12T05:05:07+00:00\" \/>\n<meta property=\"og:image\" content=\"https:\/\/i2.wp.com\/newsestlyonnais.fr\/site\/wp-content\/uploads\/2018\/08\/NEWSESTLYONNAIS-serrurier.jpg?fit=1613%2C1080&ssl=1\" \/>\n\t<meta property=\"og:image:width\" content=\"1613\" \/>\n\t<meta property=\"og:image:height\" content=\"1080\" \/>\n\t<meta property=\"og:image:type\" content=\"image\/jpeg\" \/>\n<meta name=\"author\" content=\"R\u00e9dac. NEWS\" \/>\n<meta name=\"twitter:card\" content=\"summary_large_image\" \/>\n<meta name=\"twitter:label1\" content=\"\u00c9crit par\" \/>\n\t<meta name=\"twitter:data1\" content=\"R\u00e9dac. NEWS\" \/>\n\t<meta name=\"twitter:label2\" content=\"Dur\u00e9e de lecture estim\u00e9e\" \/>\n\t<meta name=\"twitter:data2\" content=\"3 minutes\" \/>\n<script type=\"application\/ld+json\" class=\"yoast-schema-graph\">{\"@context\":\"https:\/\/schema.org\",\"@graph\":[{\"@type\":\"Article\",\"@id\":\"https:\/\/newsestlyonnais.fr\/site\/2018\/08\/25\/serrurier-a-lyon-ne-soccupe-t-il-que-des-portes-dentree\/#article\",\"isPartOf\":{\"@id\":\"https:\/\/newsestlyonnais.fr\/site\/2018\/08\/25\/serrurier-a-lyon-ne-soccupe-t-il-que-des-portes-dentree\/\"},\"author\":{\"name\":\"R\u00e9dac. NEWS\",\"@id\":\"https:\/\/newsestlyonnais.fr\/site\/#\/schema\/person\/3230d5615f390bb808365d673001e887\"},\"headline\":\"Serrurier \u00e0 Lyon &lt; ne s &#039; occupe-t-il que des portes d&#039;entr\u00e9e ?\",\"datePublished\":\"2018-08-25T12:16:36+00:00\",\"dateModified\":\"2020-11-12T05:05:07+00:00\",\"mainEntityOfPage\":{\"@id\":\"https:\/\/newsestlyonnais.fr\/site\/2018\/08\/25\/serrurier-a-lyon-ne-soccupe-t-il-que-des-portes-dentree\/\"},\"wordCount\":659,\"commentCount\":0,\"publisher\":{\"@id\":\"https:\/\/newsestlyonnais.fr\/site\/#organization\"},\"image\":{\"@id\":\"https:\/\/newsestlyonnais.fr\/site\/2018\/08\/25\/serrurier-a-lyon-ne-soccupe-t-il-que-des-portes-dentree\/#primaryimage\"},\"thumbnailUrl\":\"https:\/\/newsestlyonnais.fr\/site\/wp-content\/uploads\/2018\/08\/NEWSESTLYONNAIS-serrurier.jpg\",\"keywords\":[\"DEPANNAGE\",\"LYON\",\"SERRURERIE\"],\"articleSection\":[\"Artisans | Commerces\",\"Lyon\",\"Secours | S\u00e9curit\u00e9\"],\"inLanguage\":\"fr-FR\",\"potentialAction\":[{\"@type\":\"CommentAction\",\"name\":\"Comment\",\"target\":[\"https:\/\/newsestlyonnais.fr\/site\/2018\/08\/25\/serrurier-a-lyon-ne-soccupe-t-il-que-des-portes-dentree\/#respond\"]}]},{\"@type\":\"WebPage\",\"@id\":\"https:\/\/newsestlyonnais.fr\/site\/2018\/08\/25\/serrurier-a-lyon-ne-soccupe-t-il-que-des-portes-dentree\/\",\"url\":\"https:\/\/newsestlyonnais.fr\/site\/2018\/08\/25\/serrurier-a-lyon-ne-soccupe-t-il-que-des-portes-dentree\/\",\"name\":\"Serrurier \u00e0 Lyon : Ne s'occupe-t-il que des portes d'entr\u00e9e ?\",\"isPartOf\":{\"@id\":\"https:\/\/newsestlyonnais.fr\/site\/#website\"},\"primaryImageOfPage\":{\"@id\":\"https:\/\/newsestlyonnais.fr\/site\/2018\/08\/25\/serrurier-a-lyon-ne-soccupe-t-il-que-des-portes-dentree\/#primaryimage\"},\"image\":{\"@id\":\"https:\/\/newsestlyonnais.fr\/site\/2018\/08\/25\/serrurier-a-lyon-ne-soccupe-t-il-que-des-portes-dentree\/#primaryimage\"},\"thumbnailUrl\":\"https:\/\/newsestlyonnais.fr\/site\/wp-content\/uploads\/2018\/08\/NEWSESTLYONNAIS-serrurier.jpg\",\"datePublished\":\"2018-08-25T12:16:36+00:00\",\"dateModified\":\"2020-11-12T05:05:07+00:00\",\"description\":\"Serrurier \u00e0 Lyon : Ne s'occupe-t-il que des portes d'entr\u00e9e ?\",\"breadcrumb\":{\"@id\":\"https:\/\/newsestlyonnais.fr\/site\/2018\/08\/25\/serrurier-a-lyon-ne-soccupe-t-il-que-des-portes-dentree\/#breadcrumb\"},\"inLanguage\":\"fr-FR\",\"potentialAction\":[{\"@type\":\"ReadAction\",\"target\":[\"https:\/\/newsestlyonnais.fr\/site\/2018\/08\/25\/serrurier-a-lyon-ne-soccupe-t-il-que-des-portes-dentree\/\"]}]},{\"@type\":\"ImageObject\",\"inLanguage\":\"fr-FR\",\"@id\":\"https:\/\/newsestlyonnais.fr\/site\/2018\/08\/25\/serrurier-a-lyon-ne-soccupe-t-il-que-des-portes-dentree\/#primaryimage\",\"url\":\"https:\/\/newsestlyonnais.fr\/site\/wp-content\/uploads\/2018\/08\/NEWSESTLYONNAIS-serrurier.jpg\",\"contentUrl\":\"https:\/\/newsestlyonnais.fr\/site\/wp-content\/uploads\/2018\/08\/NEWSESTLYONNAIS-serrurier.jpg\",\"width\":1613,\"height\":1080,\"caption\":\"NEWSESTLYONNAIS serrurier\"},{\"@type\":\"BreadcrumbList\",\"@id\":\"https:\/\/newsestlyonnais.fr\/site\/2018\/08\/25\/serrurier-a-lyon-ne-soccupe-t-il-que-des-portes-dentree\/#breadcrumb\",\"itemListElement\":[{\"@type\":\"ListItem\",\"position\":1,\"name\":\"Accueil\",\"item\":\"https:\/\/newsestlyonnais.fr\/site\/\"},{\"@type\":\"ListItem\",\"position\":2,\"name\":\"Serrurier \u00e0 Lyon &lt; ne s &#039; occupe-t-il que des portes d&#039;entr\u00e9e ?\"}]},{\"@type\":\"WebSite\",\"@id\":\"https:\/\/newsestlyonnais.fr\/site\/#website\",\"url\":\"https:\/\/newsestlyonnais.fr\/site\/\",\"name\":\"News Est Lyonnais\",\"description\":\"L&#039;actualit\u00e9 au plus pr\u00e8s\",\"publisher\":{\"@id\":\"https:\/\/newsestlyonnais.fr\/site\/#organization\"},\"potentialAction\":[{\"@type\":\"SearchAction\",\"target\":{\"@type\":\"EntryPoint\",\"urlTemplate\":\"https:\/\/newsestlyonnais.fr\/site\/?s={search_term_string}\"},\"query-input\":{\"@type\":\"PropertyValueSpecification\",\"valueRequired\":true,\"valueName\":\"search_term_string\"}}],\"inLanguage\":\"fr-FR\"},{\"@type\":\"Organization\",\"@id\":\"https:\/\/newsestlyonnais.fr\/site\/#organization\",\"name\":\"News EST LYONNAIS\",\"url\":\"https:\/\/newsestlyonnais.fr\/site\/\",\"logo\":{\"@type\":\"ImageObject\",\"inLanguage\":\"fr-FR\",\"@id\":\"https:\/\/newsestlyonnais.fr\/site\/#\/schema\/logo\/image\/\",\"url\":\"\",\"contentUrl\":\"\",\"caption\":\"News EST LYONNAIS\"},\"image\":{\"@id\":\"https:\/\/newsestlyonnais.fr\/site\/#\/schema\/logo\/image\/\"}},{\"@type\":\"Person\",\"@id\":\"https:\/\/newsestlyonnais.fr\/site\/#\/schema\/person\/3230d5615f390bb808365d673001e887\",\"name\":\"R\u00e9dac. NEWS\",\"sameAs\":[\"http:\/\/www.newsestlyonnais.fr\",\"https:\/\/www.facebook.com\/pascal.oberson.1?fref=ts\",\"https:\/\/fr.linkedin.com\/in\/pascal-oberson-b17045113\"],\"url\":\"https:\/\/newsestlyonnais.fr\/site\/author\/nel\/\"}]}<\/script>\n<!-- \/ Yoast SEO plugin. -->","yoast_head_json":{"title":"Serrurier \u00e0 Lyon : Ne s'occupe-t-il que des portes d'entr\u00e9e ?","description":"Serrurier \u00e0 Lyon : Ne s'occupe-t-il que des portes d'entr\u00e9e ?","robots":{"index":"index","follow":"follow","max-snippet":"max-snippet:-1","max-image-preview":"max-image-preview:large","max-video-preview":"max-video-preview:-1"},"canonical":"https:\/\/newsestlyonnais.fr\/site\/2018\/08\/25\/serrurier-a-lyon-ne-soccupe-t-il-que-des-portes-dentree\/","og_locale":"fr_FR","og_type":"article","og_title":"Serrurier \u00e0 Lyon : Ne s'occupe-t-il que des portes d'entr\u00e9e ?","og_description":"Serrurier \u00e0 Lyon : Ne s'occupe-t-il que des portes d'entr\u00e9e ?","og_url":"https:\/\/newsestlyonnais.fr\/site\/2018\/08\/25\/serrurier-a-lyon-ne-soccupe-t-il-que-des-portes-dentree\/","og_site_name":"News Est Lyonnais","article_author":"https:\/\/www.facebook.com\/pascal.oberson.1?fref=ts","article_published_time":"2018-08-25T12:16:36+00:00","article_modified_time":"2020-11-12T05:05:07+00:00","og_image":[{"width":1613,"height":1080,"url":"https:\/\/i2.wp.com\/newsestlyonnais.fr\/site\/wp-content\/uploads\/2018\/08\/NEWSESTLYONNAIS-serrurier.jpg?fit=1613%2C1080&ssl=1","type":"image\/jpeg"}],"author":"R\u00e9dac. NEWS","twitter_card":"summary_large_image","twitter_misc":{"\u00c9crit par":"R\u00e9dac. NEWS","Dur\u00e9e de lecture estim\u00e9e":"3 minutes"},"schema":{"@context":"https:\/\/schema.org","@graph":[{"@type":"Article","@id":"https:\/\/newsestlyonnais.fr\/site\/2018\/08\/25\/serrurier-a-lyon-ne-soccupe-t-il-que-des-portes-dentree\/#article","isPartOf":{"@id":"https:\/\/newsestlyonnais.fr\/site\/2018\/08\/25\/serrurier-a-lyon-ne-soccupe-t-il-que-des-portes-dentree\/"},"author":{"name":"R\u00e9dac. NEWS","@id":"https:\/\/newsestlyonnais.fr\/site\/#\/schema\/person\/3230d5615f390bb808365d673001e887"},"headline":"Serrurier \u00e0 Lyon &lt; ne s &#039; occupe-t-il que des portes d&#039;entr\u00e9e ?","datePublished":"2018-08-25T12:16:36+00:00","dateModified":"2020-11-12T05:05:07+00:00","mainEntityOfPage":{"@id":"https:\/\/newsestlyonnais.fr\/site\/2018\/08\/25\/serrurier-a-lyon-ne-soccupe-t-il-que-des-portes-dentree\/"},"wordCount":659,"commentCount":0,"publisher":{"@id":"https:\/\/newsestlyonnais.fr\/site\/#organization"},"image":{"@id":"https:\/\/newsestlyonnais.fr\/site\/2018\/08\/25\/serrurier-a-lyon-ne-soccupe-t-il-que-des-portes-dentree\/#primaryimage"},"thumbnailUrl":"https:\/\/newsestlyonnais.fr\/site\/wp-content\/uploads\/2018\/08\/NEWSESTLYONNAIS-serrurier.jpg","keywords":["DEPANNAGE","LYON","SERRURERIE"],"articleSection":["Artisans | Commerces","Lyon","Secours | S\u00e9curit\u00e9"],"inLanguage":"fr-FR","potentialAction":[{"@type":"CommentAction","name":"Comment","target":["https:\/\/newsestlyonnais.fr\/site\/2018\/08\/25\/serrurier-a-lyon-ne-soccupe-t-il-que-des-portes-dentree\/#respond"]}]},{"@type":"WebPage","@id":"https:\/\/newsestlyonnais.fr\/site\/2018\/08\/25\/serrurier-a-lyon-ne-soccupe-t-il-que-des-portes-dentree\/","url":"https:\/\/newsestlyonnais.fr\/site\/2018\/08\/25\/serrurier-a-lyon-ne-soccupe-t-il-que-des-portes-dentree\/","name":"Serrurier \u00e0 Lyon : Ne s'occupe-t-il que des portes d'entr\u00e9e ?","isPartOf":{"@id":"https:\/\/newsestlyonnais.fr\/site\/#website"},"primaryImageOfPage":{"@id":"https:\/\/newsestlyonnais.fr\/site\/2018\/08\/25\/serrurier-a-lyon-ne-soccupe-t-il-que-des-portes-dentree\/#primaryimage"},"image":{"@id":"https:\/\/newsestlyonnais.fr\/site\/2018\/08\/25\/serrurier-a-lyon-ne-soccupe-t-il-que-des-portes-dentree\/#primaryimage"},"thumbnailUrl":"https:\/\/newsestlyonnais.fr\/site\/wp-content\/uploads\/2018\/08\/NEWSESTLYONNAIS-serrurier.jpg","datePublished":"2018-08-25T12:16:36+00:00","dateModified":"2020-11-12T05:05:07+00:00","description":"Serrurier \u00e0 Lyon : Ne s'occupe-t-il que des portes d'entr\u00e9e ?","breadcrumb":{"@id":"https:\/\/newsestlyonnais.fr\/site\/2018\/08\/25\/serrurier-a-lyon-ne-soccupe-t-il-que-des-portes-dentree\/#breadcrumb"},"inLanguage":"fr-FR","potentialAction":[{"@type":"ReadAction","target":["https:\/\/newsestlyonnais.fr\/site\/2018\/08\/25\/serrurier-a-lyon-ne-soccupe-t-il-que-des-portes-dentree\/"]}]},{"@type":"ImageObject","inLanguage":"fr-FR","@id":"https:\/\/newsestlyonnais.fr\/site\/2018\/08\/25\/serrurier-a-lyon-ne-soccupe-t-il-que-des-portes-dentree\/#primaryimage","url":"https:\/\/newsestlyonnais.fr\/site\/wp-content\/uploads\/2018\/08\/NEWSESTLYONNAIS-serrurier.jpg","contentUrl":"https:\/\/newsestlyonnais.fr\/site\/wp-content\/uploads\/2018\/08\/NEWSESTLYONNAIS-serrurier.jpg","width":1613,"height":1080,"caption":"NEWSESTLYONNAIS serrurier"},{"@type":"BreadcrumbList","@id":"https:\/\/newsestlyonnais.fr\/site\/2018\/08\/25\/serrurier-a-lyon-ne-soccupe-t-il-que-des-portes-dentree\/#breadcrumb","itemListElement":[{"@type":"ListItem","position":1,"name":"Accueil","item":"https:\/\/newsestlyonnais.fr\/site\/"},{"@type":"ListItem","position":2,"name":"Serrurier \u00e0 Lyon &lt; ne s &#039; occupe-t-il que des portes d&#039;entr\u00e9e ?"}]},{"@type":"WebSite","@id":"https:\/\/newsestlyonnais.fr\/site\/#website","url":"https:\/\/newsestlyonnais.fr\/site\/","name":"News Est Lyonnais","description":"L&#039;actualit\u00e9 au plus pr\u00e8s","publisher":{"@id":"https:\/\/newsestlyonnais.fr\/site\/#organization"},"potentialAction":[{"@type":"SearchAction","target":{"@type":"EntryPoint","urlTemplate":"https:\/\/newsestlyonnais.fr\/site\/?s={search_term_string}"},"query-input":{"@type":"PropertyValueSpecification","valueRequired":true,"valueName":"search_term_string"}}],"inLanguage":"fr-FR"},{"@type":"Organization","@id":"https:\/\/newsestlyonnais.fr\/site\/#organization","name":"News EST LYONNAIS","url":"https:\/\/newsestlyonnais.fr\/site\/","logo":{"@type":"ImageObject","inLanguage":"fr-FR","@id":"https:\/\/newsestlyonnais.fr\/site\/#\/schema\/logo\/image\/","url":"","contentUrl":"","caption":"News EST LYONNAIS"},"image":{"@id":"https:\/\/newsestlyonnais.fr\/site\/#\/schema\/logo\/image\/"}},{"@type":"Person","@id":"https:\/\/newsestlyonnais.fr\/site\/#\/schema\/person\/3230d5615f390bb808365d673001e887","name":"R\u00e9dac. NEWS","sameAs":["http:\/\/www.newsestlyonnais.fr","https:\/\/www.facebook.com\/pascal.oberson.1?fref=ts","https:\/\/fr.linkedin.com\/in\/pascal-oberson-b17045113"],"url":"https:\/\/newsestlyonnais.fr\/site\/author\/nel\/"}]}},"_links":{"self":[{"href":"https:\/\/newsestlyonnais.fr\/site\/wp-json\/wp\/v2\/posts\/56323","targetHints":{"allow":["GET"]}}],"collection":[{"href":"https:\/\/newsestlyonnais.fr\/site\/wp-json\/wp\/v2\/posts"}],"about":[{"href":"https:\/\/newsestlyonnais.fr\/site\/wp-json\/wp\/v2\/types\/post"}],"author":[{"embeddable":true,"href":"https:\/\/newsestlyonnais.fr\/site\/wp-json\/wp\/v2\/users\/4"}],"replies":[{"embeddable":true,"href":"https:\/\/newsestlyonnais.fr\/site\/wp-json\/wp\/v2\/comments?post=56323"}],"version-history":[{"count":0,"href":"https:\/\/newsestlyonnais.fr\/site\/wp-json\/wp\/v2\/posts\/56323\/revisions"}],"wp:featuredmedia":[{"embeddable":true,"href":"https:\/\/newsestlyonnais.fr\/site\/wp-json\/wp\/v2\/media\/56333"}],"wp:attachment":[{"href":"https:\/\/newsestlyonnais.fr\/site\/wp-json\/wp\/v2\/media?parent=56323"}],"wp:term":[{"taxonomy":"category","embeddable":true,"href":"https:\/\/newsestlyonnais.fr\/site\/wp-json\/wp\/v2\/categories?post=56323"},{"taxonomy":"post_tag","embeddable":true,"href":"https:\/\/newsestlyonnais.fr\/site\/wp-json\/wp\/v2\/tags?post=56323"}],"curies":[{"name":"wp","href":"https:\/\/api.w.org\/{rel}","templated":true}]}}