{"id":56358,"date":"2018-09-08T18:24:09","date_gmt":"2018-09-08T17:24:09","guid":{"rendered":"http:\/\/newsestlyonnais.fr\/site\/?p=56358"},"modified":"2020-11-12T17:53:05","modified_gmt":"2020-11-12T16:53:05","slug":"vaulx-en-velin-loms-bien-present-au-4-forum-assosactives","status":"publish","type":"post","link":"https:\/\/newsestlyonnais.fr\/site\/2018\/09\/08\/vaulx-en-velin-loms-bien-present-au-4-forum-assosactives\/","title":{"rendered":"VAULX-EN-VELIN | L\u2019OMS bien pr\u00e9sent au 4\u00b0 Forum \u00ab Assos\u2019Actives \u00bb"},"content":{"rendered":"<h4>L\u2019Office Municipal des Sports (OMS) de Vaulx en Velin \u00e9tait bien repr\u00e9sent\u00e9 samedi dernier au Parc Elsa Triolet \u00e0 l\u2019occasion de la 4\u00b0 \u00e9dition d\u2019 \u00ab\u00a0Assos\u2019Actives\u00a0\u00bb !<\/h4>\n<p>Sur son stand, on a pu rencontrer son pr\u00e9sident Jean-Yves Coutant, son directeur Yassin Arbib et des salari\u00e9es administratives qui ont pu pr\u00e9senter les actions de cet office partenaire de l\u2019\u00e9v\u00e8nement.<\/p>\n<p>Diverses associations membres de l\u2019OMS ont \u00e9galement pu se pr\u00e9senter \u00e0 la population vaudaise et m\u00eame enregistrer quelques inscriptions pour la saison 2018\/2019 qui vient de d\u00e9marrer !<\/p>\n<div id='gallery-1' class='gallery galleryid-56358 gallery-columns-3 gallery-size-thumbnail'><figure class='gallery-item'>\n\t\t\t<div class='gallery-icon portrait'>\n\t\t\t\t<a href='https:\/\/newsestlyonnais.fr\/site\/2018\/09\/01\/forums-des-associations-de-la-rentree-toutes-les-dates-sur-lyon-et-lest-lyonnais\/newsestlyonnais-assoc-actives-vaulx-2018-2\/'><img loading=\"lazy\" decoding=\"async\" width=\"150\" height=\"150\" src=\"https:\/\/newsestlyonnais.fr\/site\/wp-content\/uploads\/2018\/07\/NEWSESTLYONNAIS-ASSOC-ACTIVES-VAULX-2018-1-150x150.jpg\" class=\"attachment-thumbnail size-thumbnail\" alt=\"NEWSESTLYONNAIS ASSOC ACTIVES VAULX 2018\" aria-describedby=\"gallery-1-54671\" srcset=\"https:\/\/newsestlyonnais.fr\/site\/wp-content\/uploads\/2018\/07\/NEWSESTLYONNAIS-ASSOC-ACTIVES-VAULX-2018-1-150x150.jpg 150w, https:\/\/newsestlyonnais.fr\/site\/wp-content\/uploads\/2018\/07\/NEWSESTLYONNAIS-ASSOC-ACTIVES-VAULX-2018-1-400x400.jpg 400w\" sizes=\"auto, (max-width: 150px) 100vw, 150px\" \/><\/a>\n\t\t\t<\/div>\n\t\t\t\t<figcaption class='wp-caption-text gallery-caption' id='gallery-1-54671'>\n\t\t\t\t4\u00b0 Edition de ce Forum des associations \n\t\t\t\t<\/figcaption><\/figure><figure class='gallery-item'>\n\t\t\t<div class='gallery-icon landscape'>\n\t\t\t\t<a href='https:\/\/newsestlyonnais.fr\/site\/2018\/09\/08\/vaulx-en-velin-loms-bien-present-au-4-forum-assosactives\/newsestlyonnais-forum-demo-du-cev\/'><img loading=\"lazy\" decoding=\"async\" width=\"150\" height=\"150\" src=\"https:\/\/newsestlyonnais.fr\/site\/wp-content\/uploads\/2018\/09\/NEWSESTLYONNAIS-FORUM-DEMO-DU-CEV-150x150.jpg\" class=\"attachment-thumbnail size-thumbnail\" alt=\"NEWSESTLYONNAIS FORUM DEMO DU CEV\" aria-describedby=\"gallery-1-56377\" \/><\/a>\n\t\t\t<\/div>\n\t\t\t\t<figcaption class='wp-caption-text gallery-caption' id='gallery-1-56377'>\n\t\t\t\tUne belle d\u00e9mo sur sc\u00e8ne du Cercle d\u2019Escrime Vaudais \n\t\t\t\t<\/figcaption><\/figure><figure class='gallery-item'>\n\t\t\t<div class='gallery-icon landscape'>\n\t\t\t\t<a href='https:\/\/newsestlyonnais.fr\/site\/2018\/09\/08\/vaulx-en-velin-loms-bien-present-au-4-forum-assosactives\/newsestlyonnais-forum-oms-mjc\/'><img loading=\"lazy\" decoding=\"async\" width=\"150\" height=\"150\" src=\"https:\/\/newsestlyonnais.fr\/site\/wp-content\/uploads\/2018\/09\/NEWSESTLYONNAIS-FORUM-OMS-MJC--150x150.jpg\" class=\"attachment-thumbnail size-thumbnail\" alt=\"NEWSESTLYONNAIS FORUM OMS MJC\" aria-describedby=\"gallery-1-56380\" \/><\/a>\n\t\t\t<\/div>\n\t\t\t\t<figcaption class='wp-caption-text gallery-caption' id='gallery-1-56380'>\n\t\t\t\tLe stand de la MJC Maison pour Tous \n\t\t\t\t<\/figcaption><\/figure><figure class='gallery-item'>\n\t\t\t<div class='gallery-icon landscape'>\n\t\t\t\t<a href='https:\/\/newsestlyonnais.fr\/site\/2018\/09\/08\/vaulx-en-velin-loms-bien-present-au-4-forum-assosactives\/newsestlyonnais-forumcev-vaulx\/'><img loading=\"lazy\" decoding=\"async\" width=\"150\" height=\"150\" src=\"https:\/\/newsestlyonnais.fr\/site\/wp-content\/uploads\/2018\/09\/NEWSESTLYONNAIS-FORUMCEV-VAULX-150x150.jpg\" class=\"attachment-thumbnail size-thumbnail\" alt=\"NEWSESTLYONNAIS FORUM CEV VAULX\" aria-describedby=\"gallery-1-56383\" \/><\/a>\n\t\t\t<\/div>\n\t\t\t\t<figcaption class='wp-caption-text gallery-caption' id='gallery-1-56383'>\n\t\t\t\tLe stand du Cercle d\u2019Escrime Vaudais \n\t\t\t\t<\/figcaption><\/figure><figure class='gallery-item'>\n\t\t\t<div class='gallery-icon landscape'>\n\t\t\t\t<a href='https:\/\/newsestlyonnais.fr\/site\/2018\/09\/08\/vaulx-en-velin-loms-bien-present-au-4-forum-assosactives\/newsestlyonnais-avinkha-forum\/'><img loading=\"lazy\" decoding=\"async\" width=\"150\" height=\"150\" src=\"https:\/\/newsestlyonnais.fr\/site\/wp-content\/uploads\/2018\/09\/NEWSESTLYONNAIS-AVINKHA-FORUM-150x150.jpg\" class=\"attachment-thumbnail size-thumbnail\" alt=\"\" aria-describedby=\"gallery-1-56374\" \/><\/a>\n\t\t\t<\/div>\n\t\t\t\t<figcaption class='wp-caption-text gallery-caption' id='gallery-1-56374'>\n\t\t\t\tCelui d\u2019Avinkha Echecs \n\t\t\t\t<\/figcaption><\/figure><figure class='gallery-item'>\n\t\t\t<div class='gallery-icon landscape'>\n\t\t\t\t<a href='https:\/\/newsestlyonnais.fr\/site\/2018\/09\/08\/vaulx-en-velin-loms-bien-present-au-4-forum-assosactives\/newsestlyonanis-canoe-kayak-2\/'><img loading=\"lazy\" decoding=\"async\" width=\"150\" height=\"150\" src=\"https:\/\/newsestlyonnais.fr\/site\/wp-content\/uploads\/2018\/09\/NEWSESTLYONANIS-CANOE-KAYAK-1-150x150.jpg\" class=\"attachment-thumbnail size-thumbnail\" alt=\"NEWSESTLYONNAIS CANOE KAYAK\" aria-describedby=\"gallery-1-56369\" \/><\/a>\n\t\t\t<\/div>\n\t\t\t\t<figcaption class='wp-caption-text gallery-caption' id='gallery-1-56369'>\n\t\t\t\tEt celui du club de Canoe-kayak \n\t\t\t\t<\/figcaption><\/figure><figure class='gallery-item'>\n\t\t\t<div class='gallery-icon landscape'>\n\t\t\t\t<a href='https:\/\/newsestlyonnais.fr\/site\/2018\/09\/08\/vaulx-en-velin-loms-bien-present-au-4-forum-assosactives\/newsestlyonnais-forum-oms-abysse\/'><img loading=\"lazy\" decoding=\"async\" width=\"150\" height=\"150\" src=\"https:\/\/newsestlyonnais.fr\/site\/wp-content\/uploads\/2018\/09\/NEWSESTLYONNAIS-FORUM-OMS-ABYSSE-150x150.jpg\" class=\"attachment-thumbnail size-thumbnail\" alt=\"NEWSESTLYONNAIS FORUM OMS ABYSSE\" aria-describedby=\"gallery-1-56379\" \/><\/a>\n\t\t\t<\/div>\n\t\t\t\t<figcaption class='wp-caption-text gallery-caption' id='gallery-1-56379'>\n\t\t\t\tCelui d\u2019Abysse Plong\u00e9e \n\t\t\t\t<\/figcaption><\/figure><figure class='gallery-item'>\n\t\t\t<div class='gallery-icon landscape'>\n\t\t\t\t<a href='https:\/\/newsestlyonnais.fr\/site\/2018\/09\/08\/vaulx-en-velin-loms-bien-present-au-4-forum-assosactives\/newsestlyonnais-vcvv\/'><img loading=\"lazy\" decoding=\"async\" width=\"150\" height=\"150\" src=\"https:\/\/newsestlyonnais.fr\/site\/wp-content\/uploads\/2018\/09\/NEWSESTLYONNAIS-VCVV-150x150.jpg\" class=\"attachment-thumbnail size-thumbnail\" alt=\"NEWSESTLYONNAIS VCVV\" aria-describedby=\"gallery-1-56385\" \/><\/a>\n\t\t\t<\/div>\n\t\t\t\t<figcaption class='wp-caption-text gallery-caption' id='gallery-1-56385'>\n\t\t\t\tCelui du V\u00e9lo Club de Vaulx en Velin \n\t\t\t\t<\/figcaption><\/figure><figure class='gallery-item'>\n\t\t\t<div class='gallery-icon landscape'>\n\t\t\t\t<a href='https:\/\/newsestlyonnais.fr\/site\/2018\/09\/08\/vaulx-en-velin-loms-bien-present-au-4-forum-assosactives\/newsestlyonanis-vaulx-athle\/'><img loading=\"lazy\" decoding=\"async\" width=\"150\" height=\"150\" src=\"https:\/\/newsestlyonnais.fr\/site\/wp-content\/uploads\/2018\/09\/NEWSESTLYONANIS-VAULX-ATHLE-150x150.jpg\" class=\"attachment-thumbnail size-thumbnail\" alt=\"NEWSESTLYONNAIS VAULX ATHLE\" aria-describedby=\"gallery-1-56371\" \/><\/a>\n\t\t\t<\/div>\n\t\t\t\t<figcaption class='wp-caption-text gallery-caption' id='gallery-1-56371'>\n\t\t\t\tLe club d\u2019athl\u00e9 et sa pr\u00e9sidente \n\t\t\t\t<\/figcaption><\/figure><figure class='gallery-item'>\n\t\t\t<div class='gallery-icon landscape'>\n\t\t\t\t<a href='https:\/\/newsestlyonnais.fr\/site\/2018\/09\/08\/vaulx-en-velin-loms-bien-present-au-4-forum-assosactives\/newsestlyonnais-cpeavv-forum-2\/'><img loading=\"lazy\" decoding=\"async\" width=\"150\" height=\"150\" src=\"https:\/\/newsestlyonnais.fr\/site\/wp-content\/uploads\/2018\/09\/NEWSESTLYONNAIS-CPEAVV-FORUM-1-150x150.jpg\" class=\"attachment-thumbnail size-thumbnail\" alt=\"NEWSESTLYONNAIS CPEAVV FORUM\" aria-describedby=\"gallery-1-56376\" \/><\/a>\n\t\t\t<\/div>\n\t\t\t\t<figcaption class='wp-caption-text gallery-caption' id='gallery-1-56376'>\n\t\t\t\tLe club d\u2019escalade du C.P.E.A.V.V. \n\t\t\t\t<\/figcaption><\/figure><figure class='gallery-item'>\n\t\t\t<div class='gallery-icon landscape'>\n\t\t\t\t<a href='https:\/\/newsestlyonnais.fr\/site\/2018\/09\/08\/vaulx-en-velin-loms-bien-present-au-4-forum-assosactives\/newsestlyonnais-forum-oms-voile-mjc\/'><img loading=\"lazy\" decoding=\"async\" width=\"150\" height=\"150\" src=\"https:\/\/newsestlyonnais.fr\/site\/wp-content\/uploads\/2018\/09\/NEWSESTLYONNAIS-FORUM-OMS-VOILE-MJC-150x150.jpg\" class=\"attachment-thumbnail size-thumbnail\" alt=\"NEWSESTLYONNAIS FORUM OMS VOILE MJC\" aria-describedby=\"gallery-1-56382\" \/><\/a>\n\t\t\t<\/div>\n\t\t\t\t<figcaption class='wp-caption-text gallery-caption' id='gallery-1-56382'>\n\t\t\t\tLe Club Nautique de Vaulx en Velin, section voile de la MJC \n\t\t\t\t<\/figcaption><\/figure><figure class='gallery-item'>\n\t\t\t<div class='gallery-icon landscape'>\n\t\t\t\t<a href='https:\/\/newsestlyonnais.fr\/site\/2018\/09\/08\/vaulx-en-velin-loms-bien-present-au-4-forum-assosactives\/newsestlyonnais-retraites\/'><img loading=\"lazy\" decoding=\"async\" width=\"150\" height=\"150\" src=\"https:\/\/newsestlyonnais.fr\/site\/wp-content\/uploads\/2018\/09\/NEWSESTLYONNAIS-RETRAITES-150x150.jpg\" class=\"attachment-thumbnail size-thumbnail\" alt=\"NEWSESTLYONNAIS RETRAITES\" aria-describedby=\"gallery-1-56384\" \/><\/a>\n\t\t\t<\/div>\n\t\t\t\t<figcaption class='wp-caption-text gallery-caption' id='gallery-1-56384'>\n\t\t\t\tLe club des retrait\u00e9s avec J. Cavezzan pour Silver XIII Equilibre\n\t\t\t\t<\/figcaption><\/figure>\n\t\t<\/div>\n\n<p>&nbsp;<\/p>\n<p>&nbsp;<\/p>\n<ul>\n<li><em><strong>Retrouvez l&rsquo;ACTU sportive vaudaise sur\u00a0 : <a href=\"http:\/\/www.omsvaulxenvelin.com\" target=\"_blank\" rel=\"noopener noreferrer\">http:\/\/www.omsvaulxenvelin.com<\/a><\/strong><\/em><\/li>\n<\/ul>\n","protected":false},"excerpt":{"rendered":"<p>L\u2019Office Municipal des Sports (OMS) de Vaulx en Velin \u00e9tait bien repr\u00e9sent\u00e9 samedi dernier au Parc Elsa Triolet \u00e0 l\u2019occasion de la 4\u00b0 \u00e9dition d\u2019 \u00ab\u00a0Assos\u2019Actives\u00a0\u00bb ! Sur son stand, on a pu rencontrer son pr\u00e9sident Jean-Yves Coutant, son directeur Yassin Arbib et des salari\u00e9es administratives qui ont pu pr\u00e9senter les actions de cet office [&hellip;]<\/p>\n","protected":false},"author":4,"featured_media":56362,"comment_status":"open","ping_status":"open","sticky":false,"template":"","format":"standard","meta":{"footnotes":""},"categories":[574,166,3016,28],"tags":[],"class_list":["post-56358","post","type-post","status-publish","format-standard","has-post-thumbnail","hentry","category-autres-sports","category-divers-sports","category-institutions-trophees-jo","category-vaulx-en-velin"],"yoast_head":"<!-- This site is optimized with the Yoast SEO plugin v27.2 - https:\/\/yoast.com\/product\/yoast-seo-wordpress\/ -->\n<title>VAULX EN VELIN : L\u2019OMS bien pr\u00e9sent au 4\u00b0 Forum \u00ab Assos\u2019Actives \u00bb<\/title>\n<meta name=\"description\" content=\"VAULX EN VELIN : L\u2019OMS bien pr\u00e9sent au 4\u00b0 Forum \u00ab Assos\u2019Actives \u00bb\" \/>\n<meta name=\"robots\" content=\"index, follow, max-snippet:-1, max-image-preview:large, max-video-preview:-1\" \/>\n<link rel=\"canonical\" href=\"https:\/\/newsestlyonnais.fr\/site\/2018\/09\/08\/vaulx-en-velin-loms-bien-present-au-4-forum-assosactives\/\" \/>\n<meta property=\"og:locale\" content=\"fr_FR\" \/>\n<meta property=\"og:type\" content=\"article\" \/>\n<meta property=\"og:title\" content=\"VAULX EN VELIN : L\u2019OMS bien pr\u00e9sent au 4\u00b0 Forum \u00ab Assos\u2019Actives \u00bb\" \/>\n<meta property=\"og:description\" content=\"VAULX EN VELIN : L\u2019OMS bien pr\u00e9sent au 4\u00b0 Forum \u00ab Assos\u2019Actives \u00bb\" \/>\n<meta property=\"og:url\" content=\"https:\/\/newsestlyonnais.fr\/site\/2018\/09\/08\/vaulx-en-velin-loms-bien-present-au-4-forum-assosactives\/\" \/>\n<meta property=\"og:site_name\" content=\"News Est Lyonnais\" \/>\n<meta property=\"article:author\" content=\"https:\/\/www.facebook.com\/pascal.oberson.1?fref=ts\" \/>\n<meta property=\"article:published_time\" content=\"2018-09-08T17:24:09+00:00\" \/>\n<meta property=\"article:modified_time\" content=\"2020-11-12T16:53:05+00:00\" \/>\n<meta property=\"og:image\" content=\"https:\/\/i2.wp.com\/newsestlyonnais.fr\/site\/wp-content\/uploads\/2018\/09\/NEWSESTLYONNAIS-FORUM-OMS-VAULX.jpg?fit=720%2C960&ssl=1\" \/>\n\t<meta property=\"og:image:width\" content=\"720\" \/>\n\t<meta property=\"og:image:height\" content=\"960\" \/>\n\t<meta property=\"og:image:type\" content=\"image\/jpeg\" \/>\n<meta name=\"author\" content=\"R\u00e9dac. NEWS\" \/>\n<meta name=\"twitter:card\" content=\"summary_large_image\" \/>\n<meta name=\"twitter:label1\" content=\"\u00c9crit par\" \/>\n\t<meta name=\"twitter:data1\" content=\"R\u00e9dac. NEWS\" \/>\n\t<meta name=\"twitter:label2\" content=\"Dur\u00e9e de lecture estim\u00e9e\" \/>\n\t<meta name=\"twitter:data2\" content=\"1 minute\" \/>\n<script type=\"application\/ld+json\" class=\"yoast-schema-graph\">{\"@context\":\"https:\/\/schema.org\",\"@graph\":[{\"@type\":\"Article\",\"@id\":\"https:\/\/newsestlyonnais.fr\/site\/2018\/09\/08\/vaulx-en-velin-loms-bien-present-au-4-forum-assosactives\/#article\",\"isPartOf\":{\"@id\":\"https:\/\/newsestlyonnais.fr\/site\/2018\/09\/08\/vaulx-en-velin-loms-bien-present-au-4-forum-assosactives\/\"},\"author\":{\"name\":\"R\u00e9dac. NEWS\",\"@id\":\"https:\/\/newsestlyonnais.fr\/site\/#\/schema\/person\/3230d5615f390bb808365d673001e887\"},\"headline\":\"VAULX-EN-VELIN | L\u2019OMS bien pr\u00e9sent au 4\u00b0 Forum \u00ab Assos\u2019Actives \u00bb\",\"datePublished\":\"2018-09-08T17:24:09+00:00\",\"dateModified\":\"2020-11-12T16:53:05+00:00\",\"mainEntityOfPage\":{\"@id\":\"https:\/\/newsestlyonnais.fr\/site\/2018\/09\/08\/vaulx-en-velin-loms-bien-present-au-4-forum-assosactives\/\"},\"wordCount\":119,\"commentCount\":0,\"publisher\":{\"@id\":\"https:\/\/newsestlyonnais.fr\/site\/#organization\"},\"image\":{\"@id\":\"https:\/\/newsestlyonnais.fr\/site\/2018\/09\/08\/vaulx-en-velin-loms-bien-present-au-4-forum-assosactives\/#primaryimage\"},\"thumbnailUrl\":\"https:\/\/newsestlyonnais.fr\/site\/wp-content\/uploads\/2018\/09\/NEWSESTLYONNAIS-FORUM-OMS-VAULX.jpg\",\"articleSection\":[\"Autres sports\",\"Divers Sports\",\"Institutions | Troph\u00e9es | J.O.\",\"Vaulx-en-Velin\"],\"inLanguage\":\"fr-FR\",\"potentialAction\":[{\"@type\":\"CommentAction\",\"name\":\"Comment\",\"target\":[\"https:\/\/newsestlyonnais.fr\/site\/2018\/09\/08\/vaulx-en-velin-loms-bien-present-au-4-forum-assosactives\/#respond\"]}]},{\"@type\":\"WebPage\",\"@id\":\"https:\/\/newsestlyonnais.fr\/site\/2018\/09\/08\/vaulx-en-velin-loms-bien-present-au-4-forum-assosactives\/\",\"url\":\"https:\/\/newsestlyonnais.fr\/site\/2018\/09\/08\/vaulx-en-velin-loms-bien-present-au-4-forum-assosactives\/\",\"name\":\"VAULX EN VELIN : L\u2019OMS bien pr\u00e9sent au 4\u00b0 Forum \u00ab Assos\u2019Actives \u00bb\",\"isPartOf\":{\"@id\":\"https:\/\/newsestlyonnais.fr\/site\/#website\"},\"primaryImageOfPage\":{\"@id\":\"https:\/\/newsestlyonnais.fr\/site\/2018\/09\/08\/vaulx-en-velin-loms-bien-present-au-4-forum-assosactives\/#primaryimage\"},\"image\":{\"@id\":\"https:\/\/newsestlyonnais.fr\/site\/2018\/09\/08\/vaulx-en-velin-loms-bien-present-au-4-forum-assosactives\/#primaryimage\"},\"thumbnailUrl\":\"https:\/\/newsestlyonnais.fr\/site\/wp-content\/uploads\/2018\/09\/NEWSESTLYONNAIS-FORUM-OMS-VAULX.jpg\",\"datePublished\":\"2018-09-08T17:24:09+00:00\",\"dateModified\":\"2020-11-12T16:53:05+00:00\",\"description\":\"VAULX EN VELIN : L\u2019OMS bien pr\u00e9sent au 4\u00b0 Forum \u00ab Assos\u2019Actives \u00bb\",\"breadcrumb\":{\"@id\":\"https:\/\/newsestlyonnais.fr\/site\/2018\/09\/08\/vaulx-en-velin-loms-bien-present-au-4-forum-assosactives\/#breadcrumb\"},\"inLanguage\":\"fr-FR\",\"potentialAction\":[{\"@type\":\"ReadAction\",\"target\":[\"https:\/\/newsestlyonnais.fr\/site\/2018\/09\/08\/vaulx-en-velin-loms-bien-present-au-4-forum-assosactives\/\"]}]},{\"@type\":\"ImageObject\",\"inLanguage\":\"fr-FR\",\"@id\":\"https:\/\/newsestlyonnais.fr\/site\/2018\/09\/08\/vaulx-en-velin-loms-bien-present-au-4-forum-assosactives\/#primaryimage\",\"url\":\"https:\/\/newsestlyonnais.fr\/site\/wp-content\/uploads\/2018\/09\/NEWSESTLYONNAIS-FORUM-OMS-VAULX.jpg\",\"contentUrl\":\"https:\/\/newsestlyonnais.fr\/site\/wp-content\/uploads\/2018\/09\/NEWSESTLYONNAIS-FORUM-OMS-VAULX.jpg\",\"width\":720,\"height\":960,\"caption\":\"NEWSESTLYONNAIS FORUM OMS VAULX\"},{\"@type\":\"BreadcrumbList\",\"@id\":\"https:\/\/newsestlyonnais.fr\/site\/2018\/09\/08\/vaulx-en-velin-loms-bien-present-au-4-forum-assosactives\/#breadcrumb\",\"itemListElement\":[{\"@type\":\"ListItem\",\"position\":1,\"name\":\"Accueil\",\"item\":\"https:\/\/newsestlyonnais.fr\/site\/\"},{\"@type\":\"ListItem\",\"position\":2,\"name\":\"VAULX-EN-VELIN | L\u2019OMS bien pr\u00e9sent au 4\u00b0 Forum \u00ab Assos\u2019Actives \u00bb\"}]},{\"@type\":\"WebSite\",\"@id\":\"https:\/\/newsestlyonnais.fr\/site\/#website\",\"url\":\"https:\/\/newsestlyonnais.fr\/site\/\",\"name\":\"News Est Lyonnais\",\"description\":\"L&#039;actualit\u00e9 au plus pr\u00e8s\",\"publisher\":{\"@id\":\"https:\/\/newsestlyonnais.fr\/site\/#organization\"},\"potentialAction\":[{\"@type\":\"SearchAction\",\"target\":{\"@type\":\"EntryPoint\",\"urlTemplate\":\"https:\/\/newsestlyonnais.fr\/site\/?s={search_term_string}\"},\"query-input\":{\"@type\":\"PropertyValueSpecification\",\"valueRequired\":true,\"valueName\":\"search_term_string\"}}],\"inLanguage\":\"fr-FR\"},{\"@type\":\"Organization\",\"@id\":\"https:\/\/newsestlyonnais.fr\/site\/#organization\",\"name\":\"News EST LYONNAIS\",\"url\":\"https:\/\/newsestlyonnais.fr\/site\/\",\"logo\":{\"@type\":\"ImageObject\",\"inLanguage\":\"fr-FR\",\"@id\":\"https:\/\/newsestlyonnais.fr\/site\/#\/schema\/logo\/image\/\",\"url\":\"\",\"contentUrl\":\"\",\"caption\":\"News EST LYONNAIS\"},\"image\":{\"@id\":\"https:\/\/newsestlyonnais.fr\/site\/#\/schema\/logo\/image\/\"}},{\"@type\":\"Person\",\"@id\":\"https:\/\/newsestlyonnais.fr\/site\/#\/schema\/person\/3230d5615f390bb808365d673001e887\",\"name\":\"R\u00e9dac. NEWS\",\"sameAs\":[\"http:\/\/www.newsestlyonnais.fr\",\"https:\/\/www.facebook.com\/pascal.oberson.1?fref=ts\",\"https:\/\/fr.linkedin.com\/in\/pascal-oberson-b17045113\"],\"url\":\"https:\/\/newsestlyonnais.fr\/site\/author\/nel\/\"}]}<\/script>\n<!-- \/ Yoast SEO plugin. -->","yoast_head_json":{"title":"VAULX EN VELIN : L\u2019OMS bien pr\u00e9sent au 4\u00b0 Forum \u00ab Assos\u2019Actives \u00bb","description":"VAULX EN VELIN : L\u2019OMS bien pr\u00e9sent au 4\u00b0 Forum \u00ab Assos\u2019Actives \u00bb","robots":{"index":"index","follow":"follow","max-snippet":"max-snippet:-1","max-image-preview":"max-image-preview:large","max-video-preview":"max-video-preview:-1"},"canonical":"https:\/\/newsestlyonnais.fr\/site\/2018\/09\/08\/vaulx-en-velin-loms-bien-present-au-4-forum-assosactives\/","og_locale":"fr_FR","og_type":"article","og_title":"VAULX EN VELIN : L\u2019OMS bien pr\u00e9sent au 4\u00b0 Forum \u00ab Assos\u2019Actives \u00bb","og_description":"VAULX EN VELIN : L\u2019OMS bien pr\u00e9sent au 4\u00b0 Forum \u00ab Assos\u2019Actives \u00bb","og_url":"https:\/\/newsestlyonnais.fr\/site\/2018\/09\/08\/vaulx-en-velin-loms-bien-present-au-4-forum-assosactives\/","og_site_name":"News Est Lyonnais","article_author":"https:\/\/www.facebook.com\/pascal.oberson.1?fref=ts","article_published_time":"2018-09-08T17:24:09+00:00","article_modified_time":"2020-11-12T16:53:05+00:00","og_image":[{"width":720,"height":960,"url":"https:\/\/i2.wp.com\/newsestlyonnais.fr\/site\/wp-content\/uploads\/2018\/09\/NEWSESTLYONNAIS-FORUM-OMS-VAULX.jpg?fit=720%2C960&ssl=1","type":"image\/jpeg"}],"author":"R\u00e9dac. NEWS","twitter_card":"summary_large_image","twitter_misc":{"\u00c9crit par":"R\u00e9dac. NEWS","Dur\u00e9e de lecture estim\u00e9e":"1 minute"},"schema":{"@context":"https:\/\/schema.org","@graph":[{"@type":"Article","@id":"https:\/\/newsestlyonnais.fr\/site\/2018\/09\/08\/vaulx-en-velin-loms-bien-present-au-4-forum-assosactives\/#article","isPartOf":{"@id":"https:\/\/newsestlyonnais.fr\/site\/2018\/09\/08\/vaulx-en-velin-loms-bien-present-au-4-forum-assosactives\/"},"author":{"name":"R\u00e9dac. NEWS","@id":"https:\/\/newsestlyonnais.fr\/site\/#\/schema\/person\/3230d5615f390bb808365d673001e887"},"headline":"VAULX-EN-VELIN | L\u2019OMS bien pr\u00e9sent au 4\u00b0 Forum \u00ab Assos\u2019Actives \u00bb","datePublished":"2018-09-08T17:24:09+00:00","dateModified":"2020-11-12T16:53:05+00:00","mainEntityOfPage":{"@id":"https:\/\/newsestlyonnais.fr\/site\/2018\/09\/08\/vaulx-en-velin-loms-bien-present-au-4-forum-assosactives\/"},"wordCount":119,"commentCount":0,"publisher":{"@id":"https:\/\/newsestlyonnais.fr\/site\/#organization"},"image":{"@id":"https:\/\/newsestlyonnais.fr\/site\/2018\/09\/08\/vaulx-en-velin-loms-bien-present-au-4-forum-assosactives\/#primaryimage"},"thumbnailUrl":"https:\/\/newsestlyonnais.fr\/site\/wp-content\/uploads\/2018\/09\/NEWSESTLYONNAIS-FORUM-OMS-VAULX.jpg","articleSection":["Autres sports","Divers Sports","Institutions | Troph\u00e9es | J.O.","Vaulx-en-Velin"],"inLanguage":"fr-FR","potentialAction":[{"@type":"CommentAction","name":"Comment","target":["https:\/\/newsestlyonnais.fr\/site\/2018\/09\/08\/vaulx-en-velin-loms-bien-present-au-4-forum-assosactives\/#respond"]}]},{"@type":"WebPage","@id":"https:\/\/newsestlyonnais.fr\/site\/2018\/09\/08\/vaulx-en-velin-loms-bien-present-au-4-forum-assosactives\/","url":"https:\/\/newsestlyonnais.fr\/site\/2018\/09\/08\/vaulx-en-velin-loms-bien-present-au-4-forum-assosactives\/","name":"VAULX EN VELIN : L\u2019OMS bien pr\u00e9sent au 4\u00b0 Forum \u00ab Assos\u2019Actives \u00bb","isPartOf":{"@id":"https:\/\/newsestlyonnais.fr\/site\/#website"},"primaryImageOfPage":{"@id":"https:\/\/newsestlyonnais.fr\/site\/2018\/09\/08\/vaulx-en-velin-loms-bien-present-au-4-forum-assosactives\/#primaryimage"},"image":{"@id":"https:\/\/newsestlyonnais.fr\/site\/2018\/09\/08\/vaulx-en-velin-loms-bien-present-au-4-forum-assosactives\/#primaryimage"},"thumbnailUrl":"https:\/\/newsestlyonnais.fr\/site\/wp-content\/uploads\/2018\/09\/NEWSESTLYONNAIS-FORUM-OMS-VAULX.jpg","datePublished":"2018-09-08T17:24:09+00:00","dateModified":"2020-11-12T16:53:05+00:00","description":"VAULX EN VELIN : L\u2019OMS bien pr\u00e9sent au 4\u00b0 Forum \u00ab Assos\u2019Actives \u00bb","breadcrumb":{"@id":"https:\/\/newsestlyonnais.fr\/site\/2018\/09\/08\/vaulx-en-velin-loms-bien-present-au-4-forum-assosactives\/#breadcrumb"},"inLanguage":"fr-FR","potentialAction":[{"@type":"ReadAction","target":["https:\/\/newsestlyonnais.fr\/site\/2018\/09\/08\/vaulx-en-velin-loms-bien-present-au-4-forum-assosactives\/"]}]},{"@type":"ImageObject","inLanguage":"fr-FR","@id":"https:\/\/newsestlyonnais.fr\/site\/2018\/09\/08\/vaulx-en-velin-loms-bien-present-au-4-forum-assosactives\/#primaryimage","url":"https:\/\/newsestlyonnais.fr\/site\/wp-content\/uploads\/2018\/09\/NEWSESTLYONNAIS-FORUM-OMS-VAULX.jpg","contentUrl":"https:\/\/newsestlyonnais.fr\/site\/wp-content\/uploads\/2018\/09\/NEWSESTLYONNAIS-FORUM-OMS-VAULX.jpg","width":720,"height":960,"caption":"NEWSESTLYONNAIS FORUM OMS VAULX"},{"@type":"BreadcrumbList","@id":"https:\/\/newsestlyonnais.fr\/site\/2018\/09\/08\/vaulx-en-velin-loms-bien-present-au-4-forum-assosactives\/#breadcrumb","itemListElement":[{"@type":"ListItem","position":1,"name":"Accueil","item":"https:\/\/newsestlyonnais.fr\/site\/"},{"@type":"ListItem","position":2,"name":"VAULX-EN-VELIN | L\u2019OMS bien pr\u00e9sent au 4\u00b0 Forum \u00ab Assos\u2019Actives \u00bb"}]},{"@type":"WebSite","@id":"https:\/\/newsestlyonnais.fr\/site\/#website","url":"https:\/\/newsestlyonnais.fr\/site\/","name":"News Est Lyonnais","description":"L&#039;actualit\u00e9 au plus pr\u00e8s","publisher":{"@id":"https:\/\/newsestlyonnais.fr\/site\/#organization"},"potentialAction":[{"@type":"SearchAction","target":{"@type":"EntryPoint","urlTemplate":"https:\/\/newsestlyonnais.fr\/site\/?s={search_term_string}"},"query-input":{"@type":"PropertyValueSpecification","valueRequired":true,"valueName":"search_term_string"}}],"inLanguage":"fr-FR"},{"@type":"Organization","@id":"https:\/\/newsestlyonnais.fr\/site\/#organization","name":"News EST LYONNAIS","url":"https:\/\/newsestlyonnais.fr\/site\/","logo":{"@type":"ImageObject","inLanguage":"fr-FR","@id":"https:\/\/newsestlyonnais.fr\/site\/#\/schema\/logo\/image\/","url":"","contentUrl":"","caption":"News EST LYONNAIS"},"image":{"@id":"https:\/\/newsestlyonnais.fr\/site\/#\/schema\/logo\/image\/"}},{"@type":"Person","@id":"https:\/\/newsestlyonnais.fr\/site\/#\/schema\/person\/3230d5615f390bb808365d673001e887","name":"R\u00e9dac. NEWS","sameAs":["http:\/\/www.newsestlyonnais.fr","https:\/\/www.facebook.com\/pascal.oberson.1?fref=ts","https:\/\/fr.linkedin.com\/in\/pascal-oberson-b17045113"],"url":"https:\/\/newsestlyonnais.fr\/site\/author\/nel\/"}]}},"_links":{"self":[{"href":"https:\/\/newsestlyonnais.fr\/site\/wp-json\/wp\/v2\/posts\/56358","targetHints":{"allow":["GET"]}}],"collection":[{"href":"https:\/\/newsestlyonnais.fr\/site\/wp-json\/wp\/v2\/posts"}],"about":[{"href":"https:\/\/newsestlyonnais.fr\/site\/wp-json\/wp\/v2\/types\/post"}],"author":[{"embeddable":true,"href":"https:\/\/newsestlyonnais.fr\/site\/wp-json\/wp\/v2\/users\/4"}],"replies":[{"embeddable":true,"href":"https:\/\/newsestlyonnais.fr\/site\/wp-json\/wp\/v2\/comments?post=56358"}],"version-history":[{"count":0,"href":"https:\/\/newsestlyonnais.fr\/site\/wp-json\/wp\/v2\/posts\/56358\/revisions"}],"wp:featuredmedia":[{"embeddable":true,"href":"https:\/\/newsestlyonnais.fr\/site\/wp-json\/wp\/v2\/media\/56362"}],"wp:attachment":[{"href":"https:\/\/newsestlyonnais.fr\/site\/wp-json\/wp\/v2\/media?parent=56358"}],"wp:term":[{"taxonomy":"category","embeddable":true,"href":"https:\/\/newsestlyonnais.fr\/site\/wp-json\/wp\/v2\/categories?post=56358"},{"taxonomy":"post_tag","embeddable":true,"href":"https:\/\/newsestlyonnais.fr\/site\/wp-json\/wp\/v2\/tags?post=56358"}],"curies":[{"name":"wp","href":"https:\/\/api.w.org\/{rel}","templated":true}]}}