{"id":56404,"date":"2018-09-01T19:01:05","date_gmt":"2018-09-01T18:01:05","guid":{"rendered":"http:\/\/newsestlyonnais.fr\/site\/?p=56404"},"modified":"2020-05-23T17:41:45","modified_gmt":"2020-05-23T16:41:45","slug":"bron-et-si-vous-empruntiez-les-chemins-des-savoirs-pour-les-journees-du-patrimoine","status":"publish","type":"post","link":"https:\/\/newsestlyonnais.fr\/site\/2018\/09\/01\/bron-et-si-vous-empruntiez-les-chemins-des-savoirs-pour-les-journees-du-patrimoine\/","title":{"rendered":"BRON | Journ\u00e9es du Patrimoine &gt; et si vous empruntiez les chemins des savoirs ?"},"content":{"rendered":"<div>Et si vous empruntiez les Chemins des savoirs propos\u00e9s sur : <a href=\"http:\/\/www.ville-bron.fr\" target=\"_blank\" rel=\"noopener noreferrer\">http:\/\/www.ville-bron.fr<\/a><\/div>\n<div><\/div>\n<div><strong>Au chapitre \u201cPatrimoine\u201d, 4 balades sont propos\u00e9e<\/strong>s: \u201cUn tour de ville autour du temps\u201d, \u201cLa ville hospitali\u00e8re\u201d, \u201cLa porte du ciel\u201d &amp; \u201cPierres fortes\u201d.<\/div>\n<div><\/div>\n<div>\u00c0 pied, en v\u00e9lo, skate, rollers ou en transports en commun, muni de votre smartphone ou de votre tablette, suivez-les, \u00e9tape par \u00e9tape, et apprenez des anecdotes in\u00e9dites illustr\u00e9es par des images \u2014 parfois rares \u2014 du pass\u00e9.<\/div>\n<div><\/div>\n<div>Si vous avez envie d\u2019aller plus loin, des liens vers des sites (mus\u00e9e, m\u00e9morial), mais aussi des documents \u2014 textes, photos, vid\u00e9os, archives INA&#8230;, des propositions de lectures permettent d\u2019approfondir le sujet.<\/div>\n<div>__________________________________________________________________________<\/div>\n<div><\/div>\n<div><em><strong><span style=\"text-decoration: underline\">\u00c0 l\u2019origine des Chemins des savoirs<\/span> : <\/strong><\/em><\/div>\n<div>Lors de la refonte de son site internet, la Ville de Bron a cr\u00e9\u00e9 ces balades num\u00e9riques \u2014 \u201cLes chemins des savoirs\u201d \u2014 qui permettent de (re)d\u00e9couvrir Bron autour de th\u00e9matiques li\u00e9es \u00e0 l\u2019Histoire : Patrimoine, M\u00e9moire, mais aussi des<\/div>\n<div>parcours autour de la nature dans la ville, con\u00e7us et r\u00e9alis\u00e9s avec les habitants, les partenaires et les services de la Ville.<\/div>\n<div>Le contenu a \u00e9t\u00e9 r\u00e9dig\u00e9 par l\u2019historien Alain Belmont, Professeur d\u2019Histoire moderne \u00e0 l\u2019Universit\u00e9 de Grenoble-Alpes et membre du Laboratoire de Recherches Historiques Rh\u00f4ne-Alpes (LARHRA), sp\u00e9cialiste de l\u2019histoire du Dauphin\u00e9.<\/div>\n<div>_________________________________________________________________________<\/div>\n<div><\/div>\n<div>&#8211;\u00a0 <strong><em>Retrouvez l&rsquo;ACTU de la commune sur : <a href=\"http:\/\/www.ville-bron.fr\" target=\"_blank\" rel=\"noopener noreferrer\">http:\/\/www.ville-bron.fr<\/a><\/em><\/strong><\/div>\n<div><\/div>\n<div><img loading=\"lazy\" decoding=\"async\" class=\"size-medium wp-image-55218 aligncenter\" src=\"https:\/\/newsestlyonnais.fr\/site\/medias\/2018\/08\/NEWSESTLYONNAIS-Journees-europeennes-Patrimoine-2018-200x300.jpg\" alt=\"NEWSESTLYONNAIS Journees-europeennes-Patrimoine-2018\" width=\"200\" height=\"300\" srcset=\"https:\/\/newsestlyonnais.fr\/site\/wp-content\/uploads\/2018\/08\/NEWSESTLYONNAIS-Journees-europeennes-Patrimoine-2018-200x300.jpg 200w, https:\/\/newsestlyonnais.fr\/site\/wp-content\/uploads\/2018\/08\/NEWSESTLYONNAIS-Journees-europeennes-Patrimoine-2018.jpg 293w\" sizes=\"auto, (max-width: 200px) 100vw, 200px\" \/><\/div>\n","protected":false},"excerpt":{"rendered":"<p>Lors des Journ\u00e9es europ\u00e9ennes du Patrimoine, samedi 15 et dimanche 16 septembre, ainsi que tous les autres jours de l\u2019ann\u00e9e !<\/p>\n","protected":false},"author":4,"featured_media":10549,"comment_status":"open","ping_status":"open","sticky":false,"template":"","format":"standard","meta":{"footnotes":""},"categories":[30,19,3348,2172,1219],"tags":[2174,2175],"class_list":["post-56404","post","type-post","status-publish","format-standard","has-post-thumbnail","hentry","category-a-la-une","category-bron","category-histoire-patrimoine","category-informatique-numerique","category-religion-seniors-souvenir","tag-patrimoine","tag-savoirs"],"yoast_head":"<!-- This site is optimized with the Yoast SEO plugin v27.2 - https:\/\/yoast.com\/product\/yoast-seo-wordpress\/ -->\n<title>BRON : Et si vous empruntiez les Chemins des savoirs, pour les Journ\u00e9es du Patrimoine<\/title>\n<meta name=\"description\" content=\"BRON : Et si vous empruntiez les Chemins des savoirs, pour les Journ\u00e9es du Patrimoine\" \/>\n<meta name=\"robots\" content=\"index, follow, max-snippet:-1, max-image-preview:large, max-video-preview:-1\" \/>\n<link rel=\"canonical\" href=\"https:\/\/newsestlyonnais.fr\/site\/2018\/09\/01\/bron-et-si-vous-empruntiez-les-chemins-des-savoirs-pour-les-journees-du-patrimoine\/\" \/>\n<meta property=\"og:locale\" content=\"fr_FR\" \/>\n<meta property=\"og:type\" content=\"article\" \/>\n<meta property=\"og:title\" content=\"BRON : Et si vous empruntiez les Chemins des savoirs, pour les Journ\u00e9es du Patrimoine\" \/>\n<meta property=\"og:description\" content=\"BRON : Et si vous empruntiez les Chemins des savoirs, pour les Journ\u00e9es du Patrimoine\" \/>\n<meta property=\"og:url\" content=\"https:\/\/newsestlyonnais.fr\/site\/2018\/09\/01\/bron-et-si-vous-empruntiez-les-chemins-des-savoirs-pour-les-journees-du-patrimoine\/\" \/>\n<meta property=\"og:site_name\" content=\"News Est Lyonnais\" \/>\n<meta property=\"article:author\" content=\"https:\/\/www.facebook.com\/pascal.oberson.1?fref=ts\" \/>\n<meta property=\"article:published_time\" content=\"2018-09-01T18:01:05+00:00\" \/>\n<meta property=\"article:modified_time\" content=\"2020-05-23T16:41:45+00:00\" \/>\n<meta property=\"og:image\" content=\"https:\/\/i2.wp.com\/newsestlyonnais.fr\/site\/wp-content\/uploads\/2016\/07\/NEWSESTLYONNAIS-PANNEAUBRON.jpg?fit=1000%2C750&ssl=1\" \/>\n\t<meta property=\"og:image:width\" content=\"1000\" \/>\n\t<meta property=\"og:image:height\" content=\"750\" \/>\n\t<meta property=\"og:image:type\" content=\"image\/jpeg\" \/>\n<meta name=\"author\" content=\"R\u00e9dac. NEWS\" \/>\n<meta name=\"twitter:card\" content=\"summary_large_image\" \/>\n<meta name=\"twitter:label1\" content=\"\u00c9crit par\" \/>\n\t<meta name=\"twitter:data1\" content=\"R\u00e9dac. NEWS\" \/>\n\t<meta name=\"twitter:label2\" content=\"Dur\u00e9e de lecture estim\u00e9e\" \/>\n\t<meta name=\"twitter:data2\" content=\"1 minute\" \/>\n<script type=\"application\/ld+json\" class=\"yoast-schema-graph\">{\"@context\":\"https:\/\/schema.org\",\"@graph\":[{\"@type\":\"Article\",\"@id\":\"https:\/\/newsestlyonnais.fr\/site\/2018\/09\/01\/bron-et-si-vous-empruntiez-les-chemins-des-savoirs-pour-les-journees-du-patrimoine\/#article\",\"isPartOf\":{\"@id\":\"https:\/\/newsestlyonnais.fr\/site\/2018\/09\/01\/bron-et-si-vous-empruntiez-les-chemins-des-savoirs-pour-les-journees-du-patrimoine\/\"},\"author\":{\"name\":\"R\u00e9dac. NEWS\",\"@id\":\"https:\/\/newsestlyonnais.fr\/site\/#\/schema\/person\/3230d5615f390bb808365d673001e887\"},\"headline\":\"BRON | Journ\u00e9es du Patrimoine &gt; et si vous empruntiez les chemins des savoirs ?\",\"datePublished\":\"2018-09-01T18:01:05+00:00\",\"dateModified\":\"2020-05-23T16:41:45+00:00\",\"mainEntityOfPage\":{\"@id\":\"https:\/\/newsestlyonnais.fr\/site\/2018\/09\/01\/bron-et-si-vous-empruntiez-les-chemins-des-savoirs-pour-les-journees-du-patrimoine\/\"},\"wordCount\":250,\"commentCount\":0,\"publisher\":{\"@id\":\"https:\/\/newsestlyonnais.fr\/site\/#organization\"},\"image\":{\"@id\":\"https:\/\/newsestlyonnais.fr\/site\/2018\/09\/01\/bron-et-si-vous-empruntiez-les-chemins-des-savoirs-pour-les-journees-du-patrimoine\/#primaryimage\"},\"thumbnailUrl\":\"https:\/\/newsestlyonnais.fr\/site\/wp-content\/uploads\/2016\/07\/NEWSESTLYONNAIS-PANNEAUBRON.jpg\",\"keywords\":[\"PATRIMOINE\",\"SAVOIRS\"],\"articleSection\":[\"\u00e0 la une\",\"Bron\",\"Histoire | Patrimoine\",\"Informatique | Num\u00e9rique\",\"Religion | Seniors | Souvenir\"],\"inLanguage\":\"fr-FR\",\"potentialAction\":[{\"@type\":\"CommentAction\",\"name\":\"Comment\",\"target\":[\"https:\/\/newsestlyonnais.fr\/site\/2018\/09\/01\/bron-et-si-vous-empruntiez-les-chemins-des-savoirs-pour-les-journees-du-patrimoine\/#respond\"]}]},{\"@type\":\"WebPage\",\"@id\":\"https:\/\/newsestlyonnais.fr\/site\/2018\/09\/01\/bron-et-si-vous-empruntiez-les-chemins-des-savoirs-pour-les-journees-du-patrimoine\/\",\"url\":\"https:\/\/newsestlyonnais.fr\/site\/2018\/09\/01\/bron-et-si-vous-empruntiez-les-chemins-des-savoirs-pour-les-journees-du-patrimoine\/\",\"name\":\"BRON : Et si vous empruntiez les Chemins des savoirs, pour les Journ\u00e9es du Patrimoine\",\"isPartOf\":{\"@id\":\"https:\/\/newsestlyonnais.fr\/site\/#website\"},\"primaryImageOfPage\":{\"@id\":\"https:\/\/newsestlyonnais.fr\/site\/2018\/09\/01\/bron-et-si-vous-empruntiez-les-chemins-des-savoirs-pour-les-journees-du-patrimoine\/#primaryimage\"},\"image\":{\"@id\":\"https:\/\/newsestlyonnais.fr\/site\/2018\/09\/01\/bron-et-si-vous-empruntiez-les-chemins-des-savoirs-pour-les-journees-du-patrimoine\/#primaryimage\"},\"thumbnailUrl\":\"https:\/\/newsestlyonnais.fr\/site\/wp-content\/uploads\/2016\/07\/NEWSESTLYONNAIS-PANNEAUBRON.jpg\",\"datePublished\":\"2018-09-01T18:01:05+00:00\",\"dateModified\":\"2020-05-23T16:41:45+00:00\",\"description\":\"BRON : Et si vous empruntiez les Chemins des savoirs, pour les Journ\u00e9es du Patrimoine\",\"breadcrumb\":{\"@id\":\"https:\/\/newsestlyonnais.fr\/site\/2018\/09\/01\/bron-et-si-vous-empruntiez-les-chemins-des-savoirs-pour-les-journees-du-patrimoine\/#breadcrumb\"},\"inLanguage\":\"fr-FR\",\"potentialAction\":[{\"@type\":\"ReadAction\",\"target\":[\"https:\/\/newsestlyonnais.fr\/site\/2018\/09\/01\/bron-et-si-vous-empruntiez-les-chemins-des-savoirs-pour-les-journees-du-patrimoine\/\"]}]},{\"@type\":\"ImageObject\",\"inLanguage\":\"fr-FR\",\"@id\":\"https:\/\/newsestlyonnais.fr\/site\/2018\/09\/01\/bron-et-si-vous-empruntiez-les-chemins-des-savoirs-pour-les-journees-du-patrimoine\/#primaryimage\",\"url\":\"https:\/\/newsestlyonnais.fr\/site\/wp-content\/uploads\/2016\/07\/NEWSESTLYONNAIS-PANNEAUBRON.jpg\",\"contentUrl\":\"https:\/\/newsestlyonnais.fr\/site\/wp-content\/uploads\/2016\/07\/NEWSESTLYONNAIS-PANNEAUBRON.jpg\",\"width\":1000,\"height\":750,\"caption\":\"NEWSESTLYONNAIS - PANNEAUBRON\"},{\"@type\":\"BreadcrumbList\",\"@id\":\"https:\/\/newsestlyonnais.fr\/site\/2018\/09\/01\/bron-et-si-vous-empruntiez-les-chemins-des-savoirs-pour-les-journees-du-patrimoine\/#breadcrumb\",\"itemListElement\":[{\"@type\":\"ListItem\",\"position\":1,\"name\":\"Accueil\",\"item\":\"https:\/\/newsestlyonnais.fr\/site\/\"},{\"@type\":\"ListItem\",\"position\":2,\"name\":\"BRON | Journ\u00e9es du Patrimoine &gt; et si vous empruntiez les chemins des savoirs ?\"}]},{\"@type\":\"WebSite\",\"@id\":\"https:\/\/newsestlyonnais.fr\/site\/#website\",\"url\":\"https:\/\/newsestlyonnais.fr\/site\/\",\"name\":\"News Est Lyonnais\",\"description\":\"L&#039;actualit\u00e9 au plus pr\u00e8s\",\"publisher\":{\"@id\":\"https:\/\/newsestlyonnais.fr\/site\/#organization\"},\"potentialAction\":[{\"@type\":\"SearchAction\",\"target\":{\"@type\":\"EntryPoint\",\"urlTemplate\":\"https:\/\/newsestlyonnais.fr\/site\/?s={search_term_string}\"},\"query-input\":{\"@type\":\"PropertyValueSpecification\",\"valueRequired\":true,\"valueName\":\"search_term_string\"}}],\"inLanguage\":\"fr-FR\"},{\"@type\":\"Organization\",\"@id\":\"https:\/\/newsestlyonnais.fr\/site\/#organization\",\"name\":\"News EST LYONNAIS\",\"url\":\"https:\/\/newsestlyonnais.fr\/site\/\",\"logo\":{\"@type\":\"ImageObject\",\"inLanguage\":\"fr-FR\",\"@id\":\"https:\/\/newsestlyonnais.fr\/site\/#\/schema\/logo\/image\/\",\"url\":\"\",\"contentUrl\":\"\",\"caption\":\"News EST LYONNAIS\"},\"image\":{\"@id\":\"https:\/\/newsestlyonnais.fr\/site\/#\/schema\/logo\/image\/\"}},{\"@type\":\"Person\",\"@id\":\"https:\/\/newsestlyonnais.fr\/site\/#\/schema\/person\/3230d5615f390bb808365d673001e887\",\"name\":\"R\u00e9dac. NEWS\",\"sameAs\":[\"http:\/\/www.newsestlyonnais.fr\",\"https:\/\/www.facebook.com\/pascal.oberson.1?fref=ts\",\"https:\/\/fr.linkedin.com\/in\/pascal-oberson-b17045113\"],\"url\":\"https:\/\/newsestlyonnais.fr\/site\/author\/nel\/\"}]}<\/script>\n<!-- \/ Yoast SEO plugin. -->","yoast_head_json":{"title":"BRON : Et si vous empruntiez les Chemins des savoirs, pour les Journ\u00e9es du Patrimoine","description":"BRON : Et si vous empruntiez les Chemins des savoirs, pour les Journ\u00e9es du Patrimoine","robots":{"index":"index","follow":"follow","max-snippet":"max-snippet:-1","max-image-preview":"max-image-preview:large","max-video-preview":"max-video-preview:-1"},"canonical":"https:\/\/newsestlyonnais.fr\/site\/2018\/09\/01\/bron-et-si-vous-empruntiez-les-chemins-des-savoirs-pour-les-journees-du-patrimoine\/","og_locale":"fr_FR","og_type":"article","og_title":"BRON : Et si vous empruntiez les Chemins des savoirs, pour les Journ\u00e9es du Patrimoine","og_description":"BRON : Et si vous empruntiez les Chemins des savoirs, pour les Journ\u00e9es du Patrimoine","og_url":"https:\/\/newsestlyonnais.fr\/site\/2018\/09\/01\/bron-et-si-vous-empruntiez-les-chemins-des-savoirs-pour-les-journees-du-patrimoine\/","og_site_name":"News Est Lyonnais","article_author":"https:\/\/www.facebook.com\/pascal.oberson.1?fref=ts","article_published_time":"2018-09-01T18:01:05+00:00","article_modified_time":"2020-05-23T16:41:45+00:00","og_image":[{"width":1000,"height":750,"url":"https:\/\/i2.wp.com\/newsestlyonnais.fr\/site\/wp-content\/uploads\/2016\/07\/NEWSESTLYONNAIS-PANNEAUBRON.jpg?fit=1000%2C750&ssl=1","type":"image\/jpeg"}],"author":"R\u00e9dac. NEWS","twitter_card":"summary_large_image","twitter_misc":{"\u00c9crit par":"R\u00e9dac. NEWS","Dur\u00e9e de lecture estim\u00e9e":"1 minute"},"schema":{"@context":"https:\/\/schema.org","@graph":[{"@type":"Article","@id":"https:\/\/newsestlyonnais.fr\/site\/2018\/09\/01\/bron-et-si-vous-empruntiez-les-chemins-des-savoirs-pour-les-journees-du-patrimoine\/#article","isPartOf":{"@id":"https:\/\/newsestlyonnais.fr\/site\/2018\/09\/01\/bron-et-si-vous-empruntiez-les-chemins-des-savoirs-pour-les-journees-du-patrimoine\/"},"author":{"name":"R\u00e9dac. NEWS","@id":"https:\/\/newsestlyonnais.fr\/site\/#\/schema\/person\/3230d5615f390bb808365d673001e887"},"headline":"BRON | Journ\u00e9es du Patrimoine &gt; et si vous empruntiez les chemins des savoirs ?","datePublished":"2018-09-01T18:01:05+00:00","dateModified":"2020-05-23T16:41:45+00:00","mainEntityOfPage":{"@id":"https:\/\/newsestlyonnais.fr\/site\/2018\/09\/01\/bron-et-si-vous-empruntiez-les-chemins-des-savoirs-pour-les-journees-du-patrimoine\/"},"wordCount":250,"commentCount":0,"publisher":{"@id":"https:\/\/newsestlyonnais.fr\/site\/#organization"},"image":{"@id":"https:\/\/newsestlyonnais.fr\/site\/2018\/09\/01\/bron-et-si-vous-empruntiez-les-chemins-des-savoirs-pour-les-journees-du-patrimoine\/#primaryimage"},"thumbnailUrl":"https:\/\/newsestlyonnais.fr\/site\/wp-content\/uploads\/2016\/07\/NEWSESTLYONNAIS-PANNEAUBRON.jpg","keywords":["PATRIMOINE","SAVOIRS"],"articleSection":["\u00e0 la une","Bron","Histoire | Patrimoine","Informatique | Num\u00e9rique","Religion | Seniors | Souvenir"],"inLanguage":"fr-FR","potentialAction":[{"@type":"CommentAction","name":"Comment","target":["https:\/\/newsestlyonnais.fr\/site\/2018\/09\/01\/bron-et-si-vous-empruntiez-les-chemins-des-savoirs-pour-les-journees-du-patrimoine\/#respond"]}]},{"@type":"WebPage","@id":"https:\/\/newsestlyonnais.fr\/site\/2018\/09\/01\/bron-et-si-vous-empruntiez-les-chemins-des-savoirs-pour-les-journees-du-patrimoine\/","url":"https:\/\/newsestlyonnais.fr\/site\/2018\/09\/01\/bron-et-si-vous-empruntiez-les-chemins-des-savoirs-pour-les-journees-du-patrimoine\/","name":"BRON : Et si vous empruntiez les Chemins des savoirs, pour les Journ\u00e9es du Patrimoine","isPartOf":{"@id":"https:\/\/newsestlyonnais.fr\/site\/#website"},"primaryImageOfPage":{"@id":"https:\/\/newsestlyonnais.fr\/site\/2018\/09\/01\/bron-et-si-vous-empruntiez-les-chemins-des-savoirs-pour-les-journees-du-patrimoine\/#primaryimage"},"image":{"@id":"https:\/\/newsestlyonnais.fr\/site\/2018\/09\/01\/bron-et-si-vous-empruntiez-les-chemins-des-savoirs-pour-les-journees-du-patrimoine\/#primaryimage"},"thumbnailUrl":"https:\/\/newsestlyonnais.fr\/site\/wp-content\/uploads\/2016\/07\/NEWSESTLYONNAIS-PANNEAUBRON.jpg","datePublished":"2018-09-01T18:01:05+00:00","dateModified":"2020-05-23T16:41:45+00:00","description":"BRON : Et si vous empruntiez les Chemins des savoirs, pour les Journ\u00e9es du Patrimoine","breadcrumb":{"@id":"https:\/\/newsestlyonnais.fr\/site\/2018\/09\/01\/bron-et-si-vous-empruntiez-les-chemins-des-savoirs-pour-les-journees-du-patrimoine\/#breadcrumb"},"inLanguage":"fr-FR","potentialAction":[{"@type":"ReadAction","target":["https:\/\/newsestlyonnais.fr\/site\/2018\/09\/01\/bron-et-si-vous-empruntiez-les-chemins-des-savoirs-pour-les-journees-du-patrimoine\/"]}]},{"@type":"ImageObject","inLanguage":"fr-FR","@id":"https:\/\/newsestlyonnais.fr\/site\/2018\/09\/01\/bron-et-si-vous-empruntiez-les-chemins-des-savoirs-pour-les-journees-du-patrimoine\/#primaryimage","url":"https:\/\/newsestlyonnais.fr\/site\/wp-content\/uploads\/2016\/07\/NEWSESTLYONNAIS-PANNEAUBRON.jpg","contentUrl":"https:\/\/newsestlyonnais.fr\/site\/wp-content\/uploads\/2016\/07\/NEWSESTLYONNAIS-PANNEAUBRON.jpg","width":1000,"height":750,"caption":"NEWSESTLYONNAIS - PANNEAUBRON"},{"@type":"BreadcrumbList","@id":"https:\/\/newsestlyonnais.fr\/site\/2018\/09\/01\/bron-et-si-vous-empruntiez-les-chemins-des-savoirs-pour-les-journees-du-patrimoine\/#breadcrumb","itemListElement":[{"@type":"ListItem","position":1,"name":"Accueil","item":"https:\/\/newsestlyonnais.fr\/site\/"},{"@type":"ListItem","position":2,"name":"BRON | Journ\u00e9es du Patrimoine &gt; et si vous empruntiez les chemins des savoirs ?"}]},{"@type":"WebSite","@id":"https:\/\/newsestlyonnais.fr\/site\/#website","url":"https:\/\/newsestlyonnais.fr\/site\/","name":"News Est Lyonnais","description":"L&#039;actualit\u00e9 au plus pr\u00e8s","publisher":{"@id":"https:\/\/newsestlyonnais.fr\/site\/#organization"},"potentialAction":[{"@type":"SearchAction","target":{"@type":"EntryPoint","urlTemplate":"https:\/\/newsestlyonnais.fr\/site\/?s={search_term_string}"},"query-input":{"@type":"PropertyValueSpecification","valueRequired":true,"valueName":"search_term_string"}}],"inLanguage":"fr-FR"},{"@type":"Organization","@id":"https:\/\/newsestlyonnais.fr\/site\/#organization","name":"News EST LYONNAIS","url":"https:\/\/newsestlyonnais.fr\/site\/","logo":{"@type":"ImageObject","inLanguage":"fr-FR","@id":"https:\/\/newsestlyonnais.fr\/site\/#\/schema\/logo\/image\/","url":"","contentUrl":"","caption":"News EST LYONNAIS"},"image":{"@id":"https:\/\/newsestlyonnais.fr\/site\/#\/schema\/logo\/image\/"}},{"@type":"Person","@id":"https:\/\/newsestlyonnais.fr\/site\/#\/schema\/person\/3230d5615f390bb808365d673001e887","name":"R\u00e9dac. NEWS","sameAs":["http:\/\/www.newsestlyonnais.fr","https:\/\/www.facebook.com\/pascal.oberson.1?fref=ts","https:\/\/fr.linkedin.com\/in\/pascal-oberson-b17045113"],"url":"https:\/\/newsestlyonnais.fr\/site\/author\/nel\/"}]}},"_links":{"self":[{"href":"https:\/\/newsestlyonnais.fr\/site\/wp-json\/wp\/v2\/posts\/56404","targetHints":{"allow":["GET"]}}],"collection":[{"href":"https:\/\/newsestlyonnais.fr\/site\/wp-json\/wp\/v2\/posts"}],"about":[{"href":"https:\/\/newsestlyonnais.fr\/site\/wp-json\/wp\/v2\/types\/post"}],"author":[{"embeddable":true,"href":"https:\/\/newsestlyonnais.fr\/site\/wp-json\/wp\/v2\/users\/4"}],"replies":[{"embeddable":true,"href":"https:\/\/newsestlyonnais.fr\/site\/wp-json\/wp\/v2\/comments?post=56404"}],"version-history":[{"count":0,"href":"https:\/\/newsestlyonnais.fr\/site\/wp-json\/wp\/v2\/posts\/56404\/revisions"}],"wp:featuredmedia":[{"embeddable":true,"href":"https:\/\/newsestlyonnais.fr\/site\/wp-json\/wp\/v2\/media\/10549"}],"wp:attachment":[{"href":"https:\/\/newsestlyonnais.fr\/site\/wp-json\/wp\/v2\/media?parent=56404"}],"wp:term":[{"taxonomy":"category","embeddable":true,"href":"https:\/\/newsestlyonnais.fr\/site\/wp-json\/wp\/v2\/categories?post=56404"},{"taxonomy":"post_tag","embeddable":true,"href":"https:\/\/newsestlyonnais.fr\/site\/wp-json\/wp\/v2\/tags?post=56404"}],"curies":[{"name":"wp","href":"https:\/\/api.w.org\/{rel}","templated":true}]}}