{"id":56417,"date":"2018-09-03T15:00:34","date_gmt":"2018-09-03T14:00:34","guid":{"rendered":"http:\/\/newsestlyonnais.fr\/site\/?p=56417"},"modified":"2020-11-12T06:18:22","modified_gmt":"2020-11-12T05:18:22","slug":"lyon-journee-du-transport-public-il-va-y-avoir-du-sport-avec-tcl","status":"publish","type":"post","link":"https:\/\/newsestlyonnais.fr\/site\/2018\/09\/03\/lyon-journee-du-transport-public-il-va-y-avoir-du-sport-avec-tcl\/","title":{"rendered":"LYON | Journ\u00e9e du Transport Public > il va y avoir du sport avec TCL !"},"content":{"rendered":"<h4>Inciter les fran\u00e7ais \u00e0 voyager en transports en commun, tel est l\u2019objectif de la Journ\u00e9e du Transport Public organis\u00e9e samedi 15 septembre 2018.<\/h4>\n<p><strong>Le r\u00e9seau TCL se joint \u00e0 cette campagne nationale <\/strong>\u00e0 travers un dispositif sp\u00e9cifique.<\/p>\n<p>Inciter les fran\u00e7ais \u00e0 voyager en transports en commun, tel est l\u2019objectif de la Journ\u00e9e du Transport Public organis\u00e9e par le GIE Objectif transport public avec le soutien du minist\u00e8re de la Transition \u00e9cologique et solidaire.<\/p>\n<p><strong>Pour cette 12\u00b0 \u00e9dition qui se tiendra samedi 15 septembre, l\u2019\u00e9v\u00e9nement s\u2019articule autour d\u2019une th\u00e9matique commune : le sport et la sant\u00e9.<\/strong><\/p>\n<p>Transports en commun et activit\u00e9s sportives sont parfaitement compatibles comme l\u2019illustre la campagne nationale de sensibilisation mettant en avant la marche \u00e0 pied, le v\u00e9lo et la trottinette.<\/p>\n<p><strong>Le r\u00e9seau TCL se joint \u00e0 cette campagne<\/strong> aupr\u00e8s du grand public \u00e0 travers un dispositif sp\u00e9cifique en collaboration avec Urban Challenge, structure sp\u00e9cialis\u00e9e dans le coaching sportif.<\/p>\n<p><span style=\"text-decoration: underline\">Samedi 15 septembre, les clients qui emprunteront le r\u00e9seau TCL verront leurs points fid\u00e9lit\u00e9 doubler \u00e0 chaque validation (20 points contre 10 habituellement).<\/span> Les plus chanceux pourront tenter de remporter un abonnement TCL ou bien un cours de sport avec Urban Challenge sur la page Facebook \u00ab TCL : Bougez, Vivez, Aimez ! \u00bb.<\/p>\n<p>A cette occasion, des d\u00e9fis sportifs seront organis\u00e9s de 10 h \u00e0 12 h et de 14 h \u00e0 16 h dans la station de m\u00e9tro Bellecour. Deux coachs sportifs proposeront des sessions de 10 minutes aux voyageurs.<\/p>\n<ul>\n<li>Plus d&rsquo;infos sur : <a href=\"http:\/\/\u2013 www.tcl.fr\" target=\"_blank\" rel=\"noopener noreferrer\">http:\/\/\u2013 www.tcl.fr<\/a><\/li>\n<\/ul>\n","protected":false},"excerpt":{"rendered":"<p>Inciter les fran\u00e7ais \u00e0 voyager en transports en commun, tel est l\u2019objectif de la Journ\u00e9e du Transport Public organis\u00e9e samedi 15 septembre 2018. Le r\u00e9seau TCL se joint \u00e0 cette campagne nationale \u00e0 travers un dispositif sp\u00e9cifique. Inciter les fran\u00e7ais \u00e0 voyager en transports en commun, tel est l\u2019objectif de la Journ\u00e9e du Transport Public [&hellip;]<\/p>\n","protected":false},"author":4,"featured_media":0,"comment_status":"open","ping_status":"open","sticky":false,"template":"","format":"standard","meta":{"footnotes":""},"categories":[1625,309,13],"tags":[],"class_list":["post-56417","post","type-post","status-publish","format-standard","hentry","category-lyon","category-pratique","category-transports-circulation"],"yoast_head":"<!-- This site is optimized with the Yoast SEO plugin v27.2 - https:\/\/yoast.com\/product\/yoast-seo-wordpress\/ -->\n<title>LYON \/ JOURN\u00c9E DU TRANSPORT PUBLIC : IL VA Y AVOIR DU SPORT AVEC TCL !<\/title>\n<meta name=\"description\" content=\"LYON \/ JOURN\u00c9E DU TRANSPORT PUBLIC : IL VA Y AVOIR DU SPORT AVEC TCL !\" \/>\n<meta name=\"robots\" content=\"index, follow, max-snippet:-1, max-image-preview:large, max-video-preview:-1\" \/>\n<link rel=\"canonical\" href=\"https:\/\/newsestlyonnais.fr\/site\/2018\/09\/03\/lyon-journee-du-transport-public-il-va-y-avoir-du-sport-avec-tcl\/\" \/>\n<meta property=\"og:locale\" content=\"fr_FR\" \/>\n<meta property=\"og:type\" content=\"article\" \/>\n<meta property=\"og:title\" content=\"LYON \/ JOURN\u00c9E DU TRANSPORT PUBLIC : IL VA Y AVOIR DU SPORT AVEC TCL !\" \/>\n<meta property=\"og:description\" content=\"LYON \/ JOURN\u00c9E DU TRANSPORT PUBLIC : IL VA Y AVOIR DU SPORT AVEC TCL !\" \/>\n<meta property=\"og:url\" content=\"https:\/\/newsestlyonnais.fr\/site\/2018\/09\/03\/lyon-journee-du-transport-public-il-va-y-avoir-du-sport-avec-tcl\/\" \/>\n<meta property=\"og:site_name\" content=\"News Est Lyonnais\" \/>\n<meta property=\"article:author\" content=\"https:\/\/www.facebook.com\/pascal.oberson.1?fref=ts\" \/>\n<meta property=\"article:published_time\" content=\"2018-09-03T14:00:34+00:00\" \/>\n<meta property=\"article:modified_time\" content=\"2020-11-12T05:18:22+00:00\" \/>\n<meta name=\"author\" content=\"R\u00e9dac. NEWS\" \/>\n<meta name=\"twitter:card\" content=\"summary_large_image\" \/>\n<meta name=\"twitter:label1\" content=\"\u00c9crit par\" \/>\n\t<meta name=\"twitter:data1\" content=\"R\u00e9dac. NEWS\" \/>\n\t<meta name=\"twitter:label2\" content=\"Dur\u00e9e de lecture estim\u00e9e\" \/>\n\t<meta name=\"twitter:data2\" content=\"1 minute\" \/>\n<script type=\"application\/ld+json\" class=\"yoast-schema-graph\">{\"@context\":\"https:\/\/schema.org\",\"@graph\":[{\"@type\":\"Article\",\"@id\":\"https:\/\/newsestlyonnais.fr\/site\/2018\/09\/03\/lyon-journee-du-transport-public-il-va-y-avoir-du-sport-avec-tcl\/#article\",\"isPartOf\":{\"@id\":\"https:\/\/newsestlyonnais.fr\/site\/2018\/09\/03\/lyon-journee-du-transport-public-il-va-y-avoir-du-sport-avec-tcl\/\"},\"author\":{\"name\":\"R\u00e9dac. NEWS\",\"@id\":\"https:\/\/newsestlyonnais.fr\/site\/#\/schema\/person\/3230d5615f390bb808365d673001e887\"},\"headline\":\"LYON | Journ\u00e9e du Transport Public > il va y avoir du sport avec TCL !\",\"datePublished\":\"2018-09-03T14:00:34+00:00\",\"dateModified\":\"2020-11-12T05:18:22+00:00\",\"mainEntityOfPage\":{\"@id\":\"https:\/\/newsestlyonnais.fr\/site\/2018\/09\/03\/lyon-journee-du-transport-public-il-va-y-avoir-du-sport-avec-tcl\/\"},\"wordCount\":267,\"commentCount\":0,\"publisher\":{\"@id\":\"https:\/\/newsestlyonnais.fr\/site\/#organization\"},\"articleSection\":[\"Lyon\",\"Pratique\",\"Transports | Circulation\"],\"inLanguage\":\"fr-FR\",\"potentialAction\":[{\"@type\":\"CommentAction\",\"name\":\"Comment\",\"target\":[\"https:\/\/newsestlyonnais.fr\/site\/2018\/09\/03\/lyon-journee-du-transport-public-il-va-y-avoir-du-sport-avec-tcl\/#respond\"]}]},{\"@type\":\"WebPage\",\"@id\":\"https:\/\/newsestlyonnais.fr\/site\/2018\/09\/03\/lyon-journee-du-transport-public-il-va-y-avoir-du-sport-avec-tcl\/\",\"url\":\"https:\/\/newsestlyonnais.fr\/site\/2018\/09\/03\/lyon-journee-du-transport-public-il-va-y-avoir-du-sport-avec-tcl\/\",\"name\":\"LYON \/ JOURN\u00c9E DU TRANSPORT PUBLIC : IL VA Y AVOIR DU SPORT AVEC TCL !\",\"isPartOf\":{\"@id\":\"https:\/\/newsestlyonnais.fr\/site\/#website\"},\"datePublished\":\"2018-09-03T14:00:34+00:00\",\"dateModified\":\"2020-11-12T05:18:22+00:00\",\"description\":\"LYON \/ JOURN\u00c9E DU TRANSPORT PUBLIC : IL VA Y AVOIR DU SPORT AVEC TCL !\",\"breadcrumb\":{\"@id\":\"https:\/\/newsestlyonnais.fr\/site\/2018\/09\/03\/lyon-journee-du-transport-public-il-va-y-avoir-du-sport-avec-tcl\/#breadcrumb\"},\"inLanguage\":\"fr-FR\",\"potentialAction\":[{\"@type\":\"ReadAction\",\"target\":[\"https:\/\/newsestlyonnais.fr\/site\/2018\/09\/03\/lyon-journee-du-transport-public-il-va-y-avoir-du-sport-avec-tcl\/\"]}]},{\"@type\":\"BreadcrumbList\",\"@id\":\"https:\/\/newsestlyonnais.fr\/site\/2018\/09\/03\/lyon-journee-du-transport-public-il-va-y-avoir-du-sport-avec-tcl\/#breadcrumb\",\"itemListElement\":[{\"@type\":\"ListItem\",\"position\":1,\"name\":\"Accueil\",\"item\":\"https:\/\/newsestlyonnais.fr\/site\/\"},{\"@type\":\"ListItem\",\"position\":2,\"name\":\"LYON | Journ\u00e9e du Transport Public > il va y avoir du sport avec TCL !\"}]},{\"@type\":\"WebSite\",\"@id\":\"https:\/\/newsestlyonnais.fr\/site\/#website\",\"url\":\"https:\/\/newsestlyonnais.fr\/site\/\",\"name\":\"News Est Lyonnais\",\"description\":\"L&#039;actualit\u00e9 au plus pr\u00e8s\",\"publisher\":{\"@id\":\"https:\/\/newsestlyonnais.fr\/site\/#organization\"},\"potentialAction\":[{\"@type\":\"SearchAction\",\"target\":{\"@type\":\"EntryPoint\",\"urlTemplate\":\"https:\/\/newsestlyonnais.fr\/site\/?s={search_term_string}\"},\"query-input\":{\"@type\":\"PropertyValueSpecification\",\"valueRequired\":true,\"valueName\":\"search_term_string\"}}],\"inLanguage\":\"fr-FR\"},{\"@type\":\"Organization\",\"@id\":\"https:\/\/newsestlyonnais.fr\/site\/#organization\",\"name\":\"News EST LYONNAIS\",\"url\":\"https:\/\/newsestlyonnais.fr\/site\/\",\"logo\":{\"@type\":\"ImageObject\",\"inLanguage\":\"fr-FR\",\"@id\":\"https:\/\/newsestlyonnais.fr\/site\/#\/schema\/logo\/image\/\",\"url\":\"\",\"contentUrl\":\"\",\"caption\":\"News EST LYONNAIS\"},\"image\":{\"@id\":\"https:\/\/newsestlyonnais.fr\/site\/#\/schema\/logo\/image\/\"}},{\"@type\":\"Person\",\"@id\":\"https:\/\/newsestlyonnais.fr\/site\/#\/schema\/person\/3230d5615f390bb808365d673001e887\",\"name\":\"R\u00e9dac. NEWS\",\"sameAs\":[\"http:\/\/www.newsestlyonnais.fr\",\"https:\/\/www.facebook.com\/pascal.oberson.1?fref=ts\",\"https:\/\/fr.linkedin.com\/in\/pascal-oberson-b17045113\"],\"url\":\"https:\/\/newsestlyonnais.fr\/site\/author\/nel\/\"}]}<\/script>\n<!-- \/ Yoast SEO plugin. -->","yoast_head_json":{"title":"LYON \/ JOURN\u00c9E DU TRANSPORT PUBLIC : IL VA Y AVOIR DU SPORT AVEC TCL !","description":"LYON \/ JOURN\u00c9E DU TRANSPORT PUBLIC : IL VA Y AVOIR DU SPORT AVEC TCL !","robots":{"index":"index","follow":"follow","max-snippet":"max-snippet:-1","max-image-preview":"max-image-preview:large","max-video-preview":"max-video-preview:-1"},"canonical":"https:\/\/newsestlyonnais.fr\/site\/2018\/09\/03\/lyon-journee-du-transport-public-il-va-y-avoir-du-sport-avec-tcl\/","og_locale":"fr_FR","og_type":"article","og_title":"LYON \/ JOURN\u00c9E DU TRANSPORT PUBLIC : IL VA Y AVOIR DU SPORT AVEC TCL !","og_description":"LYON \/ JOURN\u00c9E DU TRANSPORT PUBLIC : IL VA Y AVOIR DU SPORT AVEC TCL !","og_url":"https:\/\/newsestlyonnais.fr\/site\/2018\/09\/03\/lyon-journee-du-transport-public-il-va-y-avoir-du-sport-avec-tcl\/","og_site_name":"News Est Lyonnais","article_author":"https:\/\/www.facebook.com\/pascal.oberson.1?fref=ts","article_published_time":"2018-09-03T14:00:34+00:00","article_modified_time":"2020-11-12T05:18:22+00:00","author":"R\u00e9dac. NEWS","twitter_card":"summary_large_image","twitter_misc":{"\u00c9crit par":"R\u00e9dac. NEWS","Dur\u00e9e de lecture estim\u00e9e":"1 minute"},"schema":{"@context":"https:\/\/schema.org","@graph":[{"@type":"Article","@id":"https:\/\/newsestlyonnais.fr\/site\/2018\/09\/03\/lyon-journee-du-transport-public-il-va-y-avoir-du-sport-avec-tcl\/#article","isPartOf":{"@id":"https:\/\/newsestlyonnais.fr\/site\/2018\/09\/03\/lyon-journee-du-transport-public-il-va-y-avoir-du-sport-avec-tcl\/"},"author":{"name":"R\u00e9dac. NEWS","@id":"https:\/\/newsestlyonnais.fr\/site\/#\/schema\/person\/3230d5615f390bb808365d673001e887"},"headline":"LYON | Journ\u00e9e du Transport Public > il va y avoir du sport avec TCL !","datePublished":"2018-09-03T14:00:34+00:00","dateModified":"2020-11-12T05:18:22+00:00","mainEntityOfPage":{"@id":"https:\/\/newsestlyonnais.fr\/site\/2018\/09\/03\/lyon-journee-du-transport-public-il-va-y-avoir-du-sport-avec-tcl\/"},"wordCount":267,"commentCount":0,"publisher":{"@id":"https:\/\/newsestlyonnais.fr\/site\/#organization"},"articleSection":["Lyon","Pratique","Transports | Circulation"],"inLanguage":"fr-FR","potentialAction":[{"@type":"CommentAction","name":"Comment","target":["https:\/\/newsestlyonnais.fr\/site\/2018\/09\/03\/lyon-journee-du-transport-public-il-va-y-avoir-du-sport-avec-tcl\/#respond"]}]},{"@type":"WebPage","@id":"https:\/\/newsestlyonnais.fr\/site\/2018\/09\/03\/lyon-journee-du-transport-public-il-va-y-avoir-du-sport-avec-tcl\/","url":"https:\/\/newsestlyonnais.fr\/site\/2018\/09\/03\/lyon-journee-du-transport-public-il-va-y-avoir-du-sport-avec-tcl\/","name":"LYON \/ JOURN\u00c9E DU TRANSPORT PUBLIC : IL VA Y AVOIR DU SPORT AVEC TCL !","isPartOf":{"@id":"https:\/\/newsestlyonnais.fr\/site\/#website"},"datePublished":"2018-09-03T14:00:34+00:00","dateModified":"2020-11-12T05:18:22+00:00","description":"LYON \/ JOURN\u00c9E DU TRANSPORT PUBLIC : IL VA Y AVOIR DU SPORT AVEC TCL !","breadcrumb":{"@id":"https:\/\/newsestlyonnais.fr\/site\/2018\/09\/03\/lyon-journee-du-transport-public-il-va-y-avoir-du-sport-avec-tcl\/#breadcrumb"},"inLanguage":"fr-FR","potentialAction":[{"@type":"ReadAction","target":["https:\/\/newsestlyonnais.fr\/site\/2018\/09\/03\/lyon-journee-du-transport-public-il-va-y-avoir-du-sport-avec-tcl\/"]}]},{"@type":"BreadcrumbList","@id":"https:\/\/newsestlyonnais.fr\/site\/2018\/09\/03\/lyon-journee-du-transport-public-il-va-y-avoir-du-sport-avec-tcl\/#breadcrumb","itemListElement":[{"@type":"ListItem","position":1,"name":"Accueil","item":"https:\/\/newsestlyonnais.fr\/site\/"},{"@type":"ListItem","position":2,"name":"LYON | Journ\u00e9e du Transport Public > il va y avoir du sport avec TCL !"}]},{"@type":"WebSite","@id":"https:\/\/newsestlyonnais.fr\/site\/#website","url":"https:\/\/newsestlyonnais.fr\/site\/","name":"News Est Lyonnais","description":"L&#039;actualit\u00e9 au plus pr\u00e8s","publisher":{"@id":"https:\/\/newsestlyonnais.fr\/site\/#organization"},"potentialAction":[{"@type":"SearchAction","target":{"@type":"EntryPoint","urlTemplate":"https:\/\/newsestlyonnais.fr\/site\/?s={search_term_string}"},"query-input":{"@type":"PropertyValueSpecification","valueRequired":true,"valueName":"search_term_string"}}],"inLanguage":"fr-FR"},{"@type":"Organization","@id":"https:\/\/newsestlyonnais.fr\/site\/#organization","name":"News EST LYONNAIS","url":"https:\/\/newsestlyonnais.fr\/site\/","logo":{"@type":"ImageObject","inLanguage":"fr-FR","@id":"https:\/\/newsestlyonnais.fr\/site\/#\/schema\/logo\/image\/","url":"","contentUrl":"","caption":"News EST LYONNAIS"},"image":{"@id":"https:\/\/newsestlyonnais.fr\/site\/#\/schema\/logo\/image\/"}},{"@type":"Person","@id":"https:\/\/newsestlyonnais.fr\/site\/#\/schema\/person\/3230d5615f390bb808365d673001e887","name":"R\u00e9dac. NEWS","sameAs":["http:\/\/www.newsestlyonnais.fr","https:\/\/www.facebook.com\/pascal.oberson.1?fref=ts","https:\/\/fr.linkedin.com\/in\/pascal-oberson-b17045113"],"url":"https:\/\/newsestlyonnais.fr\/site\/author\/nel\/"}]}},"_links":{"self":[{"href":"https:\/\/newsestlyonnais.fr\/site\/wp-json\/wp\/v2\/posts\/56417","targetHints":{"allow":["GET"]}}],"collection":[{"href":"https:\/\/newsestlyonnais.fr\/site\/wp-json\/wp\/v2\/posts"}],"about":[{"href":"https:\/\/newsestlyonnais.fr\/site\/wp-json\/wp\/v2\/types\/post"}],"author":[{"embeddable":true,"href":"https:\/\/newsestlyonnais.fr\/site\/wp-json\/wp\/v2\/users\/4"}],"replies":[{"embeddable":true,"href":"https:\/\/newsestlyonnais.fr\/site\/wp-json\/wp\/v2\/comments?post=56417"}],"version-history":[{"count":0,"href":"https:\/\/newsestlyonnais.fr\/site\/wp-json\/wp\/v2\/posts\/56417\/revisions"}],"wp:attachment":[{"href":"https:\/\/newsestlyonnais.fr\/site\/wp-json\/wp\/v2\/media?parent=56417"}],"wp:term":[{"taxonomy":"category","embeddable":true,"href":"https:\/\/newsestlyonnais.fr\/site\/wp-json\/wp\/v2\/categories?post=56417"},{"taxonomy":"post_tag","embeddable":true,"href":"https:\/\/newsestlyonnais.fr\/site\/wp-json\/wp\/v2\/tags?post=56417"}],"curies":[{"name":"wp","href":"https:\/\/api.w.org\/{rel}","templated":true}]}}