{"id":56508,"date":"2018-09-10T06:17:03","date_gmt":"2018-09-10T05:17:03","guid":{"rendered":"http:\/\/newsestlyonnais.fr\/site\/?p=56508"},"modified":"2020-11-20T16:03:30","modified_gmt":"2020-11-20T15:03:30","slug":"st-bonnet-st-laurent-mure-genas-700-participants-pour-le-4-run-in-2-mure","status":"publish","type":"post","link":"https:\/\/newsestlyonnais.fr\/site\/2018\/09\/10\/st-bonnet-st-laurent-mure-genas-700-participants-pour-le-4-run-in-2-mure\/","title":{"rendered":"ST BONNET- ST LAURENT MURE \/ GENAS | 700 participants pour le 4\u00b0 \u00a0\u00bb Run In 2 Mure \u00ab\u00a0"},"content":{"rendered":"<h4>La course p\u00e9destre \u00ab\u00a0Run In 2 Mure\u00a0\u00bb disput\u00e9e dimanche matin sous le soleil a connu pour sa 4\u00b0 \u00e9dition une belle ferveur populaire et sportive.<\/h4>\n<p>7oo coureuses et coureurs (contre 668 en 2017) ont \u00e9t\u00e9 enregistr\u00e9s sur les 10 kilom\u00e8tres et le semi-marathon, 14 handi (dont 9 <span class=\"searchmatch\">jo\u00eblette<\/span>s), sans compter les 120 enfants pr\u00e9sents sur les 2 distances (1 &amp; 1,8 kms) du RI2M kids.<\/p>\n<p>Parmi les coureurs au d\u00e9part figuraient \u00e9galement plusieurs entreprises, dont la soci\u00e9t\u00e9 muroise MERSEN qui a rassembl\u00e9 28 coureurs et coureuses. D&rsquo;autre part <a href=\"https:\/\/www.terrederunning.com\/magasin\/decines.html\">TERRE DE RUNNING D\u00e9cines<\/a>, un des partenaires de cette \u00e9preuve, avait mobilis\u00e9 6 athl\u00e8tes de son team et une dizaine de clients fid\u00e8les des sorties du mardi soir.\u00a0 Avec des r\u00e9sultats hauts de gamme puisqu&rsquo;ils ont rafl\u00e9 les places sur le podium : 10 km (tripl\u00e9 en f\u00e9minins avec Florence Reignier 1\u00b0, Siham Hosni 2\u00b0 &amp; L\u00e9a Jacquin 3\u00b0) et la belle 2\u00b0 place de Florian Bancal. Sur le semi, doubl\u00e9 masculin avec Teddy Coutant 2\u00b0 &amp; Yves Gouriou 3\u00b0.<\/p>\n<p><span style=\"text-decoration: underline\"><em><strong>NOTA<\/strong><\/em><\/span> : La Foul\u00e9e Muroise et son pr\u00e9sident Christophe Bourgeois ont mobilis\u00e9 180 b\u00e9n\u00e9voles pour ce bel \u00e9v\u00e8nement sportif de la rentr\u00e9e et dont une partie de la recette sera vers\u00e9e \u00e0 l&rsquo;association \u00ab\u00a0Sourire Ensemble\u00a0\u00bb repr\u00e9sent\u00e9e par son pr\u00e9sident G\u00e9rard Gerbelot.<\/p>\n<p>A signaler la pr\u00e9sence de Pierre Mathieu, de la commission Sport et Handicap du Comit\u00e9 D\u00e9partemental Olympique et Sportif (CDOS) Rh\u00f4ne M\u00e9tropole de Lyon et pour la remise des r\u00e9compenses des maires des 3 communes travers\u00e9es lors de l&rsquo;\u00e9preuve : Jean-Pierre Jourdain (St Bonnet de Mure), Christiane Guicherd (St Laurent de Mure) &amp; Daniel Val\u00e9ro (Genas) et de nombreux \u00e9lus locaux et du secteur.<\/p>\n<p><span style=\"text-decoration: underline\">Retrouvez tous les classements de cette \u00e9dition<\/span> :<\/p>\n<ul>\n<li><strong>10 km<\/strong> : <a href=\"https:\/\/www.terrederunners.com\/wp-content\/uploads\/2018\/09\/ri2m-10-km-1.pdf\" target=\"_blank\" rel=\"noopener noreferrer\">https:\/\/www.terrederunners.com\/wp-content\/uploads\/2018\/09\/ri2m-10-km-1.pdf<\/a><\/li>\n<li><strong>semi-marathon<\/strong> : <a href=\"https:\/\/www.terrederunners.com\/wp-content\/uploads\/2018\/09\/ri2m-21-km-1.pdf\" target=\"_blank\" rel=\"noopener noreferrer\">https:\/\/www.terrederunners.com\/wp-content\/uploads\/2018\/09\/ri2m-21-km-1.pdf<\/a><\/li>\n<li><strong>10 km handi<\/strong> : <a href=\"https:\/\/www.terrederunners.com\/wp-content\/uploads\/2018\/09\/handi-10-km.pdf\" target=\"_blank\" rel=\"noopener noreferrer\">https:\/\/www.terrederunners.com\/wp-content\/uploads\/2018\/09\/handi-10-km.pdf<\/a><\/li>\n<li><strong>semi handi<\/strong> : <a href=\"https:\/\/www.terrederunners.com\/wp-content\/uploads\/2018\/09\/handi-21-km.pdf\" target=\"_blank\" rel=\"noopener noreferrer\">https:\/\/www.terrederunners.com\/wp-content\/uploads\/2018\/09\/handi-21-km.pdf<\/a><\/li>\n<\/ul>\n<div id='gallery-1' class='gallery galleryid-56508 gallery-columns-3 gallery-size-thumbnail'><figure class='gallery-item'>\n\t\t\t<div class='gallery-icon landscape'>\n\t\t\t\t<a href='https:\/\/newsestlyonnais.fr\/site\/newsestlyonnais-run-in-2-mure-3\/'><img loading=\"lazy\" decoding=\"async\" width=\"150\" height=\"150\" src=\"https:\/\/newsestlyonnais.fr\/site\/wp-content\/uploads\/2018\/02\/NEWSESTLYONNAIS-run-in-2-mure-150x150.jpg\" class=\"attachment-thumbnail size-thumbnail\" alt=\"EWSESTLYONNAIS -run in 2 mure\" aria-describedby=\"gallery-1-44321\" \/><\/a>\n\t\t\t<\/div>\n\t\t\t\t<figcaption class='wp-caption-text gallery-caption' id='gallery-1-44321'>\n\t\t\t\t      L&rsquo;affiche de l&rsquo;\u00e9preuve \n\t\t\t\t<\/figcaption><\/figure><figure class='gallery-item'>\n\t\t\t<div class='gallery-icon landscape'>\n\t\t\t\t<a href='https:\/\/newsestlyonnais.fr\/site\/2018\/09\/10\/st-bonnet-st-laurent-mure-genas-700-participants-pour-le-4-run-in-2-mure\/newsestlyonnais-podium-10-kms\/'><img loading=\"lazy\" decoding=\"async\" width=\"150\" height=\"150\" src=\"https:\/\/newsestlyonnais.fr\/site\/wp-content\/uploads\/2018\/09\/NEWSESTLYONNAIS-PODIUM-10-KMS-150x150.jpg\" class=\"attachment-thumbnail size-thumbnail\" alt=\"NEWSESTLYONNAIS PODIUM 10 KMS\" aria-describedby=\"gallery-1-56520\" \/><\/a>\n\t\t\t<\/div>\n\t\t\t\t<figcaption class='wp-caption-text gallery-caption' id='gallery-1-56520'>\n\t\t\t\tLe podium f\u00e9minin et masculin du 10 kms  \n\t\t\t\t<\/figcaption><\/figure><figure class='gallery-item'>\n\t\t\t<div class='gallery-icon landscape'>\n\t\t\t\t<a href='https:\/\/newsestlyonnais.fr\/site\/2018\/09\/10\/st-bonnet-st-laurent-mure-genas-700-participants-pour-le-4-run-in-2-mure\/newsestlyonnais-runin2mure-2018-065\/'><img loading=\"lazy\" decoding=\"async\" width=\"150\" height=\"150\" src=\"https:\/\/newsestlyonnais.fr\/site\/wp-content\/uploads\/2018\/09\/NEWSESTLYONNAIS-RUNIN2MURE-2018-065-150x150.jpg\" class=\"attachment-thumbnail size-thumbnail\" alt=\"NEWSESTLYONNAIS RUNIN2MURE 2018 065\" aria-describedby=\"gallery-1-56545\" \/><\/a>\n\t\t\t<\/div>\n\t\t\t\t<figcaption class='wp-caption-text gallery-caption' id='gallery-1-56545'>\n\t\t\t\tLe podium masculin et f\u00e9minin du semi-marathon\n\t\t\t\t<\/figcaption><\/figure><figure class='gallery-item'>\n\t\t\t<div class='gallery-icon landscape'>\n\t\t\t\t<a href='https:\/\/newsestlyonnais.fr\/site\/2018\/09\/10\/st-bonnet-st-laurent-mure-genas-700-participants-pour-le-4-run-in-2-mure\/newsestlyonnais-runin2mure-2018-05\/'><img loading=\"lazy\" decoding=\"async\" width=\"150\" height=\"150\" src=\"https:\/\/newsestlyonnais.fr\/site\/wp-content\/uploads\/2018\/09\/NEWSESTLYONNAIS-RUNIN2MURE-2018-05-150x150.jpg\" class=\"attachment-thumbnail size-thumbnail\" alt=\"NEWSESTLYONNAIS RUNIN2MURE 2018 05\" aria-describedby=\"gallery-1-56544\" \/><\/a>\n\t\t\t<\/div>\n\t\t\t\t<figcaption class='wp-caption-text gallery-caption' id='gallery-1-56544'>\n\t\t\t\tLe podium Master 2 du 10 kilom\u00e8tres  \n\t\t\t\t<\/figcaption><\/figure><figure class='gallery-item'>\n\t\t\t<div class='gallery-icon landscape'>\n\t\t\t\t<a href='https:\/\/newsestlyonnais.fr\/site\/2018\/09\/10\/st-bonnet-st-laurent-mure-genas-700-participants-pour-le-4-run-in-2-mure\/newsestlyonnais-runin2mure-2018-02\/'><img loading=\"lazy\" decoding=\"async\" width=\"150\" height=\"150\" src=\"https:\/\/newsestlyonnais.fr\/site\/wp-content\/uploads\/2018\/09\/NEWSESTLYONNAIS-RUNIN2MURE-2018-02-150x150.jpg\" class=\"attachment-thumbnail size-thumbnail\" alt=\"NEWSESTLYONNAIS RUNIN2MURE 2018 02\" aria-describedby=\"gallery-1-56537\" \/><\/a>\n\t\t\t<\/div>\n\t\t\t\t<figcaption class='wp-caption-text gallery-caption' id='gallery-1-56537'>\n\t\t\t\tThomas Virissel vainqueur du 10 km handisport\n\t\t\t\t<\/figcaption><\/figure><figure class='gallery-item'>\n\t\t\t<div class='gallery-icon landscape'>\n\t\t\t\t<a href='https:\/\/newsestlyonnais.fr\/site\/2018\/09\/10\/st-bonnet-st-laurent-mure-genas-700-participants-pour-le-4-run-in-2-mure\/newsestlyonnais-runin2mure2018-01b-2\/'><img loading=\"lazy\" decoding=\"async\" width=\"150\" height=\"150\" src=\"https:\/\/newsestlyonnais.fr\/site\/wp-content\/uploads\/2018\/09\/NEWSESTLYONNAIS-RUNIN2MURE2018-01B-1-150x150.jpg\" class=\"attachment-thumbnail size-thumbnail\" alt=\"\" aria-describedby=\"gallery-1-56538\" \/><\/a>\n\t\t\t<\/div>\n\t\t\t\t<figcaption class='wp-caption-text gallery-caption' id='gallery-1-56538'>\n\t\t\t\tPatrick Grabit vainqueur du semi handisport \n\t\t\t\t<\/figcaption><\/figure><figure class='gallery-item'>\n\t\t\t<div class='gallery-icon landscape'>\n\t\t\t\t<a href='https:\/\/newsestlyonnais.fr\/site\/2018\/09\/10\/st-bonnet-st-laurent-mure-genas-700-participants-pour-le-4-run-in-2-mure\/newsestlyonnais-runin2mure-2018-03\/'><img loading=\"lazy\" decoding=\"async\" width=\"150\" height=\"150\" src=\"https:\/\/newsestlyonnais.fr\/site\/wp-content\/uploads\/2018\/09\/NEWSESTLYONNAIS-RUNIN2MURE-2018-03-150x150.jpg\" class=\"attachment-thumbnail size-thumbnail\" alt=\"NEWSESTLYONNAIS RUNIN2MURE 2018 03\" \/><\/a>\n\t\t\t<\/div><\/figure><figure class='gallery-item'>\n\t\t\t<div class='gallery-icon landscape'>\n\t\t\t\t<a href='https:\/\/newsestlyonnais.fr\/site\/2018\/09\/10\/st-bonnet-st-laurent-mure-genas-700-participants-pour-le-4-run-in-2-mure\/newsestlyonnais-runin2mure-2018-04\/'><img loading=\"lazy\" decoding=\"async\" width=\"150\" height=\"150\" src=\"https:\/\/newsestlyonnais.fr\/site\/wp-content\/uploads\/2018\/09\/NEWSESTLYONNAIS-RUNIN2MURE-2018-04-150x150.jpg\" class=\"attachment-thumbnail size-thumbnail\" alt=\"NEWSESTLYONNAIS RUNIN2MURE 2018 04\" \/><\/a>\n\t\t\t<\/div><\/figure><figure class='gallery-item'>\n\t\t\t<div class='gallery-icon landscape'>\n\t\t\t\t<a href='https:\/\/newsestlyonnais.fr\/site\/2018\/09\/10\/st-bonnet-st-laurent-mure-genas-700-participants-pour-le-4-run-in-2-mure\/newsestlyonnais-tdr-run-in-2-mure-2\/'><img loading=\"lazy\" decoding=\"async\" width=\"150\" height=\"150\" src=\"https:\/\/newsestlyonnais.fr\/site\/wp-content\/uploads\/2018\/09\/NEWSESTLYONNAIS-TDR-RUN-IN-2-MURE-150x150.jpg\" class=\"attachment-thumbnail size-thumbnail\" alt=\"NEWSESTLYONNAIS TDR RUN IN 2 MURE\" aria-describedby=\"gallery-1-56518\" \/><\/a>\n\t\t\t<\/div>\n\t\t\t\t<figcaption class='wp-caption-text gallery-caption' id='gallery-1-56518'>\n\t\t\t\tUne partie de la d\u00e9l\u00e9gation de TERRE DE RUNNING D\u00e9cines \n\t\t\t\t<\/figcaption><\/figure><figure class='gallery-item'>\n\t\t\t<div class='gallery-icon landscape'>\n\t\t\t\t<a href='https:\/\/newsestlyonnais.fr\/site\/2018\/09\/10\/st-bonnet-st-laurent-mure-genas-700-participants-pour-le-4-run-in-2-mure\/newsestlyonnais-pt-run-in-2-mure\/'><img loading=\"lazy\" decoding=\"async\" width=\"150\" height=\"150\" src=\"https:\/\/newsestlyonnais.fr\/site\/wp-content\/uploads\/2018\/09\/NEWSESTLYONNAIS-PT-run-in-2-mure-150x150.jpg\" class=\"attachment-thumbnail size-thumbnail\" alt=\"\" aria-describedby=\"gallery-1-56522\" \/><\/a>\n\t\t\t<\/div>\n\t\t\t\t<figcaption class='wp-caption-text gallery-caption' id='gallery-1-56522'>\n\t\t\t\tLes pr\u00e9sidents G\u00e9rard Gerbelot (Sourire Ensemble) et Christophe Bourgeois (Foul\u00e9e Muroise) \n\t\t\t\t<\/figcaption><\/figure><figure class='gallery-item'>\n\t\t\t<div class='gallery-icon landscape'>\n\t\t\t\t<a href='https:\/\/newsestlyonnais.fr\/site\/2018\/09\/10\/st-bonnet-st-laurent-mure-genas-700-participants-pour-le-4-run-in-2-mure\/newsestlyonanis-run-in-2-mure-01\/'><img loading=\"lazy\" decoding=\"async\" width=\"150\" height=\"150\" src=\"https:\/\/newsestlyonnais.fr\/site\/wp-content\/uploads\/2018\/09\/NEWSESTLYONANIS-RUN-IN-2-MURE-01-150x150.jpg\" class=\"attachment-thumbnail size-thumbnail\" alt=\"NEWSESTLYONANIS RUN IN 2 MURE 01\" aria-describedby=\"gallery-1-56512\" \/><\/a>\n\t\t\t<\/div>\n\t\t\t\t<figcaption class='wp-caption-text gallery-caption' id='gallery-1-56512'>\n\t\t\t\tVotre site \u00ab\u00a0newsestlyonnais. fr\u00a0\u00bb partenaire de cette course  \n\t\t\t\t<\/figcaption><\/figure>\n\t\t<\/div>\n\n","protected":false},"excerpt":{"rendered":"<p>La course p\u00e9destre \u00ab\u00a0Run In 2 Mure\u00a0\u00bb disput\u00e9e dimanche matin sous le soleil a connu pour sa 4\u00b0 \u00e9dition une belle ferveur populaire et sportive. 7oo coureuses et coureurs (contre 668 en 2017) ont \u00e9t\u00e9 enregistr\u00e9s sur les 10 kilom\u00e8tres et le semi-marathon, 14 handi (dont 9 jo\u00eblettes), sans compter les 120 enfants pr\u00e9sents sur [&hellip;]<\/p>\n","protected":false},"author":4,"featured_media":56520,"comment_status":"open","ping_status":"open","sticky":false,"template":"","format":"standard","meta":{"footnotes":""},"categories":[2968,270,1598,3015,1282],"tags":[],"class_list":["post-56508","post","type-post","status-publish","format-standard","has-post-thumbnail","hentry","category-athle-course-pied-marche","category-cte-de-communes-c-c-e-l","category-genas","category-handi-adapte","category-st-bonnet-st-laurent-de-mure"],"yoast_head":"<!-- This site is optimized with the Yoast SEO plugin v27.2 - https:\/\/yoast.com\/product\/yoast-seo-wordpress\/ -->\n<title>ST BONNET \/ ST LAURENT DE MURE \/ GENAS : 700 participants pour la 4\u00b0 course de &quot; Run In 2 Mure &quot;ST BONNET- ST LAURENT MURE \/ GENAS | 700 participants pour le 4\u00b0 &quot; Run In 2 Mure &quot; - News Est Lyonnais<\/title>\n<meta name=\"description\" content=\"ST BONNET \/ ST LAURENT DE MURE \/ GENAS : 700 participants pour la 4\u00b0 course de &quot; Run In 2 Mure &quot;\" \/>\n<meta name=\"robots\" content=\"index, follow, max-snippet:-1, max-image-preview:large, max-video-preview:-1\" \/>\n<link rel=\"canonical\" href=\"https:\/\/newsestlyonnais.fr\/site\/2018\/09\/10\/st-bonnet-st-laurent-mure-genas-700-participants-pour-le-4-run-in-2-mure\/\" \/>\n<meta property=\"og:locale\" content=\"fr_FR\" \/>\n<meta property=\"og:type\" content=\"article\" \/>\n<meta property=\"og:title\" content=\"ST BONNET \/ ST LAURENT DE MURE \/ GENAS : 700 participants pour la 4\u00b0 course de &quot; Run In 2 Mure &quot;ST BONNET- ST LAURENT MURE \/ GENAS | 700 participants pour le 4\u00b0 &quot; Run In 2 Mure &quot; - News Est Lyonnais\" \/>\n<meta property=\"og:description\" content=\"ST BONNET \/ ST LAURENT DE MURE \/ GENAS : 700 participants pour la 4\u00b0 course de &quot; Run In 2 Mure &quot;\" \/>\n<meta property=\"og:url\" content=\"https:\/\/newsestlyonnais.fr\/site\/2018\/09\/10\/st-bonnet-st-laurent-mure-genas-700-participants-pour-le-4-run-in-2-mure\/\" \/>\n<meta property=\"og:site_name\" content=\"News Est Lyonnais\" \/>\n<meta property=\"article:author\" content=\"https:\/\/www.facebook.com\/pascal.oberson.1?fref=ts\" \/>\n<meta property=\"article:published_time\" content=\"2018-09-10T05:17:03+00:00\" \/>\n<meta property=\"article:modified_time\" content=\"2020-11-20T15:03:30+00:00\" \/>\n<meta property=\"og:image\" content=\"https:\/\/i1.wp.com\/newsestlyonnais.fr\/site\/wp-content\/uploads\/2018\/09\/NEWSESTLYONNAIS-PODIUM-10-KMS.jpg?fit=2048%2C1536&ssl=1\" \/>\n\t<meta property=\"og:image:width\" content=\"2048\" \/>\n\t<meta property=\"og:image:height\" content=\"1536\" \/>\n\t<meta property=\"og:image:type\" content=\"image\/jpeg\" \/>\n<meta name=\"author\" content=\"R\u00e9dac. NEWS\" \/>\n<meta name=\"twitter:card\" content=\"summary_large_image\" \/>\n<meta name=\"twitter:label1\" content=\"\u00c9crit par\" \/>\n\t<meta name=\"twitter:data1\" content=\"R\u00e9dac. NEWS\" \/>\n\t<meta name=\"twitter:label2\" content=\"Dur\u00e9e de lecture estim\u00e9e\" \/>\n\t<meta name=\"twitter:data2\" content=\"2 minutes\" \/>\n<script type=\"application\/ld+json\" class=\"yoast-schema-graph\">{\"@context\":\"https:\/\/schema.org\",\"@graph\":[{\"@type\":\"Article\",\"@id\":\"https:\/\/newsestlyonnais.fr\/site\/2018\/09\/10\/st-bonnet-st-laurent-mure-genas-700-participants-pour-le-4-run-in-2-mure\/#article\",\"isPartOf\":{\"@id\":\"https:\/\/newsestlyonnais.fr\/site\/2018\/09\/10\/st-bonnet-st-laurent-mure-genas-700-participants-pour-le-4-run-in-2-mure\/\"},\"author\":{\"name\":\"R\u00e9dac. NEWS\",\"@id\":\"https:\/\/newsestlyonnais.fr\/site\/#\/schema\/person\/3230d5615f390bb808365d673001e887\"},\"headline\":\"ST BONNET- ST LAURENT MURE \/ GENAS | 700 participants pour le 4\u00b0 \u00a0\u00bb Run In 2 Mure \u00ab\u00a0\",\"datePublished\":\"2018-09-10T05:17:03+00:00\",\"dateModified\":\"2020-11-20T15:03:30+00:00\",\"mainEntityOfPage\":{\"@id\":\"https:\/\/newsestlyonnais.fr\/site\/2018\/09\/10\/st-bonnet-st-laurent-mure-genas-700-participants-pour-le-4-run-in-2-mure\/\"},\"wordCount\":351,\"commentCount\":0,\"publisher\":{\"@id\":\"https:\/\/newsestlyonnais.fr\/site\/#organization\"},\"image\":{\"@id\":\"https:\/\/newsestlyonnais.fr\/site\/2018\/09\/10\/st-bonnet-st-laurent-mure-genas-700-participants-pour-le-4-run-in-2-mure\/#primaryimage\"},\"thumbnailUrl\":\"https:\/\/newsestlyonnais.fr\/site\/wp-content\/uploads\/2018\/09\/NEWSESTLYONNAIS-PODIUM-10-KMS.jpg\",\"articleSection\":[\"Athl\u00e9 | Course pied | Marche\",\"CCEL | Communes\",\"Genas\",\"Handi &amp; adapt\u00e9\",\"St Bonnet | St Laurent de Mure\"],\"inLanguage\":\"fr-FR\",\"potentialAction\":[{\"@type\":\"CommentAction\",\"name\":\"Comment\",\"target\":[\"https:\/\/newsestlyonnais.fr\/site\/2018\/09\/10\/st-bonnet-st-laurent-mure-genas-700-participants-pour-le-4-run-in-2-mure\/#respond\"]}]},{\"@type\":\"WebPage\",\"@id\":\"https:\/\/newsestlyonnais.fr\/site\/2018\/09\/10\/st-bonnet-st-laurent-mure-genas-700-participants-pour-le-4-run-in-2-mure\/\",\"url\":\"https:\/\/newsestlyonnais.fr\/site\/2018\/09\/10\/st-bonnet-st-laurent-mure-genas-700-participants-pour-le-4-run-in-2-mure\/\",\"name\":\"ST BONNET \/ ST LAURENT DE MURE \/ GENAS : 700 participants pour la 4\u00b0 course de \\\" Run In 2 Mure \\\"ST BONNET- ST LAURENT MURE \/ GENAS | 700 participants pour le 4\u00b0 \\\" Run In 2 Mure \\\" - News Est Lyonnais\",\"isPartOf\":{\"@id\":\"https:\/\/newsestlyonnais.fr\/site\/#website\"},\"primaryImageOfPage\":{\"@id\":\"https:\/\/newsestlyonnais.fr\/site\/2018\/09\/10\/st-bonnet-st-laurent-mure-genas-700-participants-pour-le-4-run-in-2-mure\/#primaryimage\"},\"image\":{\"@id\":\"https:\/\/newsestlyonnais.fr\/site\/2018\/09\/10\/st-bonnet-st-laurent-mure-genas-700-participants-pour-le-4-run-in-2-mure\/#primaryimage\"},\"thumbnailUrl\":\"https:\/\/newsestlyonnais.fr\/site\/wp-content\/uploads\/2018\/09\/NEWSESTLYONNAIS-PODIUM-10-KMS.jpg\",\"datePublished\":\"2018-09-10T05:17:03+00:00\",\"dateModified\":\"2020-11-20T15:03:30+00:00\",\"description\":\"ST BONNET \/ ST LAURENT DE MURE \/ GENAS : 700 participants pour la 4\u00b0 course de \\\" Run In 2 Mure \\\"\",\"breadcrumb\":{\"@id\":\"https:\/\/newsestlyonnais.fr\/site\/2018\/09\/10\/st-bonnet-st-laurent-mure-genas-700-participants-pour-le-4-run-in-2-mure\/#breadcrumb\"},\"inLanguage\":\"fr-FR\",\"potentialAction\":[{\"@type\":\"ReadAction\",\"target\":[\"https:\/\/newsestlyonnais.fr\/site\/2018\/09\/10\/st-bonnet-st-laurent-mure-genas-700-participants-pour-le-4-run-in-2-mure\/\"]}]},{\"@type\":\"ImageObject\",\"inLanguage\":\"fr-FR\",\"@id\":\"https:\/\/newsestlyonnais.fr\/site\/2018\/09\/10\/st-bonnet-st-laurent-mure-genas-700-participants-pour-le-4-run-in-2-mure\/#primaryimage\",\"url\":\"https:\/\/newsestlyonnais.fr\/site\/wp-content\/uploads\/2018\/09\/NEWSESTLYONNAIS-PODIUM-10-KMS.jpg\",\"contentUrl\":\"https:\/\/newsestlyonnais.fr\/site\/wp-content\/uploads\/2018\/09\/NEWSESTLYONNAIS-PODIUM-10-KMS.jpg\",\"width\":2048,\"height\":1536,\"caption\":\"Le podium f\u00e9minin et masculin du 10 kms\"},{\"@type\":\"BreadcrumbList\",\"@id\":\"https:\/\/newsestlyonnais.fr\/site\/2018\/09\/10\/st-bonnet-st-laurent-mure-genas-700-participants-pour-le-4-run-in-2-mure\/#breadcrumb\",\"itemListElement\":[{\"@type\":\"ListItem\",\"position\":1,\"name\":\"Accueil\",\"item\":\"https:\/\/newsestlyonnais.fr\/site\/\"},{\"@type\":\"ListItem\",\"position\":2,\"name\":\"ST BONNET- ST LAURENT MURE \/ GENAS | 700 participants pour le 4\u00b0 \u00a0\u00bb Run In 2 Mure \u00ab\u00a0\"}]},{\"@type\":\"WebSite\",\"@id\":\"https:\/\/newsestlyonnais.fr\/site\/#website\",\"url\":\"https:\/\/newsestlyonnais.fr\/site\/\",\"name\":\"News Est Lyonnais\",\"description\":\"L&#039;actualit\u00e9 au plus pr\u00e8s\",\"publisher\":{\"@id\":\"https:\/\/newsestlyonnais.fr\/site\/#organization\"},\"potentialAction\":[{\"@type\":\"SearchAction\",\"target\":{\"@type\":\"EntryPoint\",\"urlTemplate\":\"https:\/\/newsestlyonnais.fr\/site\/?s={search_term_string}\"},\"query-input\":{\"@type\":\"PropertyValueSpecification\",\"valueRequired\":true,\"valueName\":\"search_term_string\"}}],\"inLanguage\":\"fr-FR\"},{\"@type\":\"Organization\",\"@id\":\"https:\/\/newsestlyonnais.fr\/site\/#organization\",\"name\":\"News EST LYONNAIS\",\"url\":\"https:\/\/newsestlyonnais.fr\/site\/\",\"logo\":{\"@type\":\"ImageObject\",\"inLanguage\":\"fr-FR\",\"@id\":\"https:\/\/newsestlyonnais.fr\/site\/#\/schema\/logo\/image\/\",\"url\":\"\",\"contentUrl\":\"\",\"caption\":\"News EST LYONNAIS\"},\"image\":{\"@id\":\"https:\/\/newsestlyonnais.fr\/site\/#\/schema\/logo\/image\/\"}},{\"@type\":\"Person\",\"@id\":\"https:\/\/newsestlyonnais.fr\/site\/#\/schema\/person\/3230d5615f390bb808365d673001e887\",\"name\":\"R\u00e9dac. NEWS\",\"sameAs\":[\"http:\/\/www.newsestlyonnais.fr\",\"https:\/\/www.facebook.com\/pascal.oberson.1?fref=ts\",\"https:\/\/fr.linkedin.com\/in\/pascal-oberson-b17045113\"],\"url\":\"https:\/\/newsestlyonnais.fr\/site\/author\/nel\/\"}]}<\/script>\n<!-- \/ Yoast SEO plugin. -->","yoast_head_json":{"title":"ST BONNET \/ ST LAURENT DE MURE \/ GENAS : 700 participants pour la 4\u00b0 course de \" Run In 2 Mure \"ST BONNET- ST LAURENT MURE \/ GENAS | 700 participants pour le 4\u00b0 \" Run In 2 Mure \" - News Est Lyonnais","description":"ST BONNET \/ ST LAURENT DE MURE \/ GENAS : 700 participants pour la 4\u00b0 course de \" Run In 2 Mure \"","robots":{"index":"index","follow":"follow","max-snippet":"max-snippet:-1","max-image-preview":"max-image-preview:large","max-video-preview":"max-video-preview:-1"},"canonical":"https:\/\/newsestlyonnais.fr\/site\/2018\/09\/10\/st-bonnet-st-laurent-mure-genas-700-participants-pour-le-4-run-in-2-mure\/","og_locale":"fr_FR","og_type":"article","og_title":"ST BONNET \/ ST LAURENT DE MURE \/ GENAS : 700 participants pour la 4\u00b0 course de \" Run In 2 Mure \"ST BONNET- ST LAURENT MURE \/ GENAS | 700 participants pour le 4\u00b0 \" Run In 2 Mure \" - News Est Lyonnais","og_description":"ST BONNET \/ ST LAURENT DE MURE \/ GENAS : 700 participants pour la 4\u00b0 course de \" Run In 2 Mure \"","og_url":"https:\/\/newsestlyonnais.fr\/site\/2018\/09\/10\/st-bonnet-st-laurent-mure-genas-700-participants-pour-le-4-run-in-2-mure\/","og_site_name":"News Est Lyonnais","article_author":"https:\/\/www.facebook.com\/pascal.oberson.1?fref=ts","article_published_time":"2018-09-10T05:17:03+00:00","article_modified_time":"2020-11-20T15:03:30+00:00","og_image":[{"width":2048,"height":1536,"url":"https:\/\/i1.wp.com\/newsestlyonnais.fr\/site\/wp-content\/uploads\/2018\/09\/NEWSESTLYONNAIS-PODIUM-10-KMS.jpg?fit=2048%2C1536&ssl=1","type":"image\/jpeg"}],"author":"R\u00e9dac. NEWS","twitter_card":"summary_large_image","twitter_misc":{"\u00c9crit par":"R\u00e9dac. NEWS","Dur\u00e9e de lecture estim\u00e9e":"2 minutes"},"schema":{"@context":"https:\/\/schema.org","@graph":[{"@type":"Article","@id":"https:\/\/newsestlyonnais.fr\/site\/2018\/09\/10\/st-bonnet-st-laurent-mure-genas-700-participants-pour-le-4-run-in-2-mure\/#article","isPartOf":{"@id":"https:\/\/newsestlyonnais.fr\/site\/2018\/09\/10\/st-bonnet-st-laurent-mure-genas-700-participants-pour-le-4-run-in-2-mure\/"},"author":{"name":"R\u00e9dac. NEWS","@id":"https:\/\/newsestlyonnais.fr\/site\/#\/schema\/person\/3230d5615f390bb808365d673001e887"},"headline":"ST BONNET- ST LAURENT MURE \/ GENAS | 700 participants pour le 4\u00b0 \u00a0\u00bb Run In 2 Mure \u00ab\u00a0","datePublished":"2018-09-10T05:17:03+00:00","dateModified":"2020-11-20T15:03:30+00:00","mainEntityOfPage":{"@id":"https:\/\/newsestlyonnais.fr\/site\/2018\/09\/10\/st-bonnet-st-laurent-mure-genas-700-participants-pour-le-4-run-in-2-mure\/"},"wordCount":351,"commentCount":0,"publisher":{"@id":"https:\/\/newsestlyonnais.fr\/site\/#organization"},"image":{"@id":"https:\/\/newsestlyonnais.fr\/site\/2018\/09\/10\/st-bonnet-st-laurent-mure-genas-700-participants-pour-le-4-run-in-2-mure\/#primaryimage"},"thumbnailUrl":"https:\/\/newsestlyonnais.fr\/site\/wp-content\/uploads\/2018\/09\/NEWSESTLYONNAIS-PODIUM-10-KMS.jpg","articleSection":["Athl\u00e9 | Course pied | Marche","CCEL | Communes","Genas","Handi &amp; adapt\u00e9","St Bonnet | St Laurent de Mure"],"inLanguage":"fr-FR","potentialAction":[{"@type":"CommentAction","name":"Comment","target":["https:\/\/newsestlyonnais.fr\/site\/2018\/09\/10\/st-bonnet-st-laurent-mure-genas-700-participants-pour-le-4-run-in-2-mure\/#respond"]}]},{"@type":"WebPage","@id":"https:\/\/newsestlyonnais.fr\/site\/2018\/09\/10\/st-bonnet-st-laurent-mure-genas-700-participants-pour-le-4-run-in-2-mure\/","url":"https:\/\/newsestlyonnais.fr\/site\/2018\/09\/10\/st-bonnet-st-laurent-mure-genas-700-participants-pour-le-4-run-in-2-mure\/","name":"ST BONNET \/ ST LAURENT DE MURE \/ GENAS : 700 participants pour la 4\u00b0 course de \" Run In 2 Mure \"ST BONNET- ST LAURENT MURE \/ GENAS | 700 participants pour le 4\u00b0 \" Run In 2 Mure \" - News Est Lyonnais","isPartOf":{"@id":"https:\/\/newsestlyonnais.fr\/site\/#website"},"primaryImageOfPage":{"@id":"https:\/\/newsestlyonnais.fr\/site\/2018\/09\/10\/st-bonnet-st-laurent-mure-genas-700-participants-pour-le-4-run-in-2-mure\/#primaryimage"},"image":{"@id":"https:\/\/newsestlyonnais.fr\/site\/2018\/09\/10\/st-bonnet-st-laurent-mure-genas-700-participants-pour-le-4-run-in-2-mure\/#primaryimage"},"thumbnailUrl":"https:\/\/newsestlyonnais.fr\/site\/wp-content\/uploads\/2018\/09\/NEWSESTLYONNAIS-PODIUM-10-KMS.jpg","datePublished":"2018-09-10T05:17:03+00:00","dateModified":"2020-11-20T15:03:30+00:00","description":"ST BONNET \/ ST LAURENT DE MURE \/ GENAS : 700 participants pour la 4\u00b0 course de \" Run In 2 Mure \"","breadcrumb":{"@id":"https:\/\/newsestlyonnais.fr\/site\/2018\/09\/10\/st-bonnet-st-laurent-mure-genas-700-participants-pour-le-4-run-in-2-mure\/#breadcrumb"},"inLanguage":"fr-FR","potentialAction":[{"@type":"ReadAction","target":["https:\/\/newsestlyonnais.fr\/site\/2018\/09\/10\/st-bonnet-st-laurent-mure-genas-700-participants-pour-le-4-run-in-2-mure\/"]}]},{"@type":"ImageObject","inLanguage":"fr-FR","@id":"https:\/\/newsestlyonnais.fr\/site\/2018\/09\/10\/st-bonnet-st-laurent-mure-genas-700-participants-pour-le-4-run-in-2-mure\/#primaryimage","url":"https:\/\/newsestlyonnais.fr\/site\/wp-content\/uploads\/2018\/09\/NEWSESTLYONNAIS-PODIUM-10-KMS.jpg","contentUrl":"https:\/\/newsestlyonnais.fr\/site\/wp-content\/uploads\/2018\/09\/NEWSESTLYONNAIS-PODIUM-10-KMS.jpg","width":2048,"height":1536,"caption":"Le podium f\u00e9minin et masculin du 10 kms"},{"@type":"BreadcrumbList","@id":"https:\/\/newsestlyonnais.fr\/site\/2018\/09\/10\/st-bonnet-st-laurent-mure-genas-700-participants-pour-le-4-run-in-2-mure\/#breadcrumb","itemListElement":[{"@type":"ListItem","position":1,"name":"Accueil","item":"https:\/\/newsestlyonnais.fr\/site\/"},{"@type":"ListItem","position":2,"name":"ST BONNET- ST LAURENT MURE \/ GENAS | 700 participants pour le 4\u00b0 \u00a0\u00bb Run In 2 Mure \u00ab\u00a0"}]},{"@type":"WebSite","@id":"https:\/\/newsestlyonnais.fr\/site\/#website","url":"https:\/\/newsestlyonnais.fr\/site\/","name":"News Est Lyonnais","description":"L&#039;actualit\u00e9 au plus pr\u00e8s","publisher":{"@id":"https:\/\/newsestlyonnais.fr\/site\/#organization"},"potentialAction":[{"@type":"SearchAction","target":{"@type":"EntryPoint","urlTemplate":"https:\/\/newsestlyonnais.fr\/site\/?s={search_term_string}"},"query-input":{"@type":"PropertyValueSpecification","valueRequired":true,"valueName":"search_term_string"}}],"inLanguage":"fr-FR"},{"@type":"Organization","@id":"https:\/\/newsestlyonnais.fr\/site\/#organization","name":"News EST LYONNAIS","url":"https:\/\/newsestlyonnais.fr\/site\/","logo":{"@type":"ImageObject","inLanguage":"fr-FR","@id":"https:\/\/newsestlyonnais.fr\/site\/#\/schema\/logo\/image\/","url":"","contentUrl":"","caption":"News EST LYONNAIS"},"image":{"@id":"https:\/\/newsestlyonnais.fr\/site\/#\/schema\/logo\/image\/"}},{"@type":"Person","@id":"https:\/\/newsestlyonnais.fr\/site\/#\/schema\/person\/3230d5615f390bb808365d673001e887","name":"R\u00e9dac. NEWS","sameAs":["http:\/\/www.newsestlyonnais.fr","https:\/\/www.facebook.com\/pascal.oberson.1?fref=ts","https:\/\/fr.linkedin.com\/in\/pascal-oberson-b17045113"],"url":"https:\/\/newsestlyonnais.fr\/site\/author\/nel\/"}]}},"_links":{"self":[{"href":"https:\/\/newsestlyonnais.fr\/site\/wp-json\/wp\/v2\/posts\/56508","targetHints":{"allow":["GET"]}}],"collection":[{"href":"https:\/\/newsestlyonnais.fr\/site\/wp-json\/wp\/v2\/posts"}],"about":[{"href":"https:\/\/newsestlyonnais.fr\/site\/wp-json\/wp\/v2\/types\/post"}],"author":[{"embeddable":true,"href":"https:\/\/newsestlyonnais.fr\/site\/wp-json\/wp\/v2\/users\/4"}],"replies":[{"embeddable":true,"href":"https:\/\/newsestlyonnais.fr\/site\/wp-json\/wp\/v2\/comments?post=56508"}],"version-history":[{"count":0,"href":"https:\/\/newsestlyonnais.fr\/site\/wp-json\/wp\/v2\/posts\/56508\/revisions"}],"wp:featuredmedia":[{"embeddable":true,"href":"https:\/\/newsestlyonnais.fr\/site\/wp-json\/wp\/v2\/media\/56520"}],"wp:attachment":[{"href":"https:\/\/newsestlyonnais.fr\/site\/wp-json\/wp\/v2\/media?parent=56508"}],"wp:term":[{"taxonomy":"category","embeddable":true,"href":"https:\/\/newsestlyonnais.fr\/site\/wp-json\/wp\/v2\/categories?post=56508"},{"taxonomy":"post_tag","embeddable":true,"href":"https:\/\/newsestlyonnais.fr\/site\/wp-json\/wp\/v2\/tags?post=56508"}],"curies":[{"name":"wp","href":"https:\/\/api.w.org\/{rel}","templated":true}]}}