{"id":56779,"date":"2018-09-22T16:39:50","date_gmt":"2018-09-22T15:39:50","guid":{"rendered":"http:\/\/newsestlyonnais.fr\/site\/?p=56779"},"modified":"2020-10-30T10:08:51","modified_gmt":"2020-10-30T09:08:51","slug":"lyon-7-les-manifestations-du-24-septembre-au-12-octobre-2018","status":"publish","type":"post","link":"https:\/\/newsestlyonnais.fr\/site\/2018\/09\/22\/lyon-7-les-manifestations-du-24-septembre-au-12-octobre-2018\/","title":{"rendered":"LYON 7 | Les manifestations du 24 septembre au 12 octobre 2018"},"content":{"rendered":"<h4>Nombreux sont les \u00e9v\u00e8nements et manifestations qui se d\u00e9rouleront durant cette p\u00e9riode, sur le 7 \u00b0 arrondissement, \u00e0 savoir :<\/h4>\n<ul>\n<li><strong>Jusqu\u2019au 6 octobre<\/strong> : <span style=\"text-decoration: underline\">Brigitte Depouill<\/span>y, une artiste textile qui r\u00e9alise des tableaux \u00e0 partir de tissus chauff\u00e9s, fondus entre eux, d\u00e9form\u00e9s. Selon une m\u00e9thode qui lui est propre. (Hall du 1\u00b0 \u00e9tage- Mairie du 7\u00b0).<\/li>\n<li><strong>Mardi 25 septembre \u00e0 18 h 30<\/strong> : <span style=\"text-decoration: underline\">Vernissage de l\u2019exposition de Brigitte Depouilly<\/span>. (Hall du 1\u00b0 \u00e9tage de la Mairie du 7\u00b0) <strong>&amp; \u00e0 19 h<\/strong> : \u00ab <span style=\"text-decoration: underline\">Les belles rencontres de la M\u00e9tropole<\/span> \u00bb : r\u00e9union publique en pr\u00e9sence du Pr\u00e9sident de la M\u00e9tropole, David Kimelfeld, destin\u00e9e aux habitants du 7\u00b0 et de Feyzin, Solaize, Saint Fons, Pierre-B\u00e9nite, Vernaison, Charly. (Epicerie Moderne, Centre L\u00e9onard de Vinci, place Ren\u00e9 Lescot, Feyzin).<\/li>\n<li><strong>Mercredi 26 septembre \u00e0 14 h<\/strong> : <span style=\"text-decoration: underline\">Inauguration de la premi\u00e8re bo\u00eete \u00e0 pain de la Cit\u00e9 Jardin<\/span>, par Grand Lyon Habitat (Au niveau du 58 rue de l\u2019Effort).<\/li>\n<li><strong>Jeudi 27 septembre \u00e0 19 h 30<\/strong> : <span style=\"text-decoration: underline\">Club Med : le 100 000\u00b0 recrutement dans les nouveaux bureaux de la direction Europe Afrique<\/span>. (8 avenue Tony Garnier).<\/li>\n<li><strong>Du Jeudi 27 au Dimanche 30 septembre<\/strong> : <span style=\"text-decoration: underline\">#Bi\u00e8resurlaville. \u00ab R\u00e9gion\u2019ale, bi\u00e8res, gastronomie &amp; musique \u00bb<\/span>. (Diff\u00e9rents lieux dans le 7\u00b0). Programmation compl\u00e8te sur : <a href=\"http:\/\/www.region-ale.fr\" target=\"_blank\" rel=\"noopener noreferrer\">http:\/\/www.region-ale.fr<\/a><\/li>\n<li><strong>Vendredi 28 septembre de 14 h \u00e0 22<\/strong> h : \u00ab <span style=\"text-decoration: underline\">Festival de la Gryphe 2\u00b0 \u00e9dition \/Festival des Alternatives<\/span> \u00bb organis\u00e9 par l\u2019association GRAP-3 petits pois. Animations et pr\u00e9sence d\u2019artistes locaux. (Rue S\u00e9bastien Gryphe).<\/li>\n<li><strong>Samedi 29 septembre, journ\u00e9e<\/strong> : <span style=\"text-decoration: underline\">Vide-grenier organis\u00e9 par l\u2019association \u00ab Jeunes pousses d\u2019Afrique<\/span> \u00bb.<br \/>\n( Quai Claude Bernard, du pont de la Guilloti\u00e8re \u00e0 la rue Chevreul) <strong>&amp; \u00e0 11 h<\/strong> : <span style=\"text-decoration: underline\">C\u00e9r\u00e9monie de cl\u00f4ture du 3\u00b0.<\/span> Festival du Film Jeune de Lyon. (Cin\u00e9ma le Comoedia, avenue Berthelot). <strong>&amp; de 13 h \u00e0 18<\/strong> h: <span style=\"text-decoration: underline\">\u00ab Megotogather \u00bb<\/span> : Ramassage de m\u00e9gots et sensibilisation \u00e0 la pollution engendr\u00e9e par ceux-ci, organis\u00e9 par l\u2019Association Conscience et Impact Ecologique. (Place Mazagran) <strong>&amp; \u00e0 15 h<\/strong> : <span style=\"text-decoration: underline\">Elekt\u2019Rh\u00f4ne Festival<\/span> organis\u00e9 par le BDE de l\u2019EM Lyon. (Parc Blandan). <strong>&amp; \u00e0 partir de 10 h<\/strong> : <span style=\"text-decoration: underline\">Les 10 ans de la biblioth\u00e8que Jean Mac\u00e9<\/span>. <strong>10 h<\/strong> : cercle de lecteurs sp\u00e9cial 2008. <strong>de 14 h 30 \u00e0 16 h 30<\/strong> : <span style=\"text-decoration: underline\">ateliers badge, 3 expositions \u00e0 d\u00e9couvrir<\/span>. <strong>Entre 17 h et 19 h<\/strong> : musique avec le groupe Echo. <strong>A 17 h 45<\/strong> : <span style=\"text-decoration: underline\">trinquons aux 10 ans<\/span>. <strong>Entre 18 h et 20 h<\/strong> : <span style=\"text-decoration: underline\">des contes avec Alain Cangina<\/span>. (2 rue Domer).<\/li>\n<li><strong>Lundi 1\u00b0 Octobre \u00e0 18 h 30<\/strong> : <span style=\"text-decoration: underline\">Human Digital<\/span> \/ exp\u00e9rience, r\u00e9alis\u00e9e dans le cadre de l\u2019inauguration du BI Store de Bouygues Immobilier. (143 avenue Jean Jaur\u00e8s).<\/li>\n<li><strong>Mardi 2 octobre \u00e0 18<\/strong> <strong>h<\/strong> : <span style=\"text-decoration: underline\">S\u00e9minaire sur les retraits communautaires<\/span>, organis\u00e9 par le Consulat G\u00e9n\u00e9ral de Roumanie. (Salle des Mariages et du Conseil, Mairie du 7\u00b0). <strong>&amp; \u00e0 18 h 30<\/strong> : <span style=\"text-decoration: underline\">Inauguration du bureau de poste de Lyon Gerland<\/span>, en pr\u00e9sence de Chrystelle Menager, Directrice R\u00e9gionale R\u00e9seau et Banque Rh\u00f4ne-Loire, et de Myriam Picot, Maire du 7\u00b0 arrondissement. (15 rue Jacques Monod).<\/li>\n<li><strong>Mercredi 3 octobre, \u00e0 partir de 19 h<\/strong> : <span style=\"text-decoration: underline\">Vernissage de l\u2019exposition \u00ab Comme par hasard, pr\u00e9parez-vous \u00e0 l\u2019impr\u00e9vu !<\/span> \u00bb. Par la Maison des math\u00e9matiques et de l\u2019informatique. (Amphith\u00e9\u00e2tre M\u00e9rieux, Ecole Normale Sup\u00e9rieure de Lyon, 1 place de l\u2019Ecole).<\/li>\n<li><strong>Jeudi 4 octobre \u00e0 11 h 3<\/strong>0 : <span style=\"text-decoration: underline\">Inauguration de l\u2019immeuble neuf de Batig\u00e8re Rh\u00f4ne-Alpes<\/span> et pr\u00e9sentation de plusieurs op\u00e9rations en projet dans l\u2019arrondissement. (59\/61 rue Montesquieu). <strong>&amp; \u00e0 partir de 15 h<\/strong>: <span style=\"text-decoration: underline\">Portes ouvertes de la Soci\u00e9t\u00e9 de Lecture de Lyon<\/span>. (39 bis rue de Marseille).<\/li>\n<li><strong>Vendredi 5 octobre \u00e0 11 h 30<\/strong> : <span style=\"text-decoration: underline\">Vernissage du salon Palettes : \u00ab Les Ann\u00e9es Folles \u00bb.<\/span> (Salle Edmond Locard, 14 avenue Berthelot) <strong>&amp; \u00e0 12 h 30<\/strong> : <span style=\"text-decoration: underline\">Gigot bitume de la r\u00e9sidence Fifty you<\/span>. (50 rue de l\u2019Universit\u00e9). <strong>&amp; \u00e0 partir de 16 h<\/strong> : <span style=\"text-decoration: underline\">Lancement du Festival de court m\u00e9trage 48h Film Project<\/span>. (Salle des Mariages et du Conseil, Mairie du 7\u00b0). <strong>&amp; \u00e0 17 h<\/strong> : <span style=\"text-decoration: underline\">Soir\u00e9e d\u2019ouverture des Halles du Faubourg et vernissage de l\u2019exposition \u00ab Les Nouveaux Sauvages \u00bb<\/span>. (Halles du Faubourg, 10 impasse des Chalets). <strong>\u00e0 19 h<\/strong> : <span style=\"text-decoration: underline\">S\u00e9ance d\u2019installation des parents \u00e9lus dans les \u00e9tablissements de petite enfance<\/span>. (Salle Villon, Mairie du 7\u00b0).<\/li>\n<li><strong>Samedi 6 octobre de 9 h \u00e0 14 h<\/strong> : <span style=\"text-decoration: underline\">Op\u00e9ration de collecte de d\u00e9chets<\/span>, organis\u00e9e par l\u2019association \u00ab Surfrider Foundation Europe \u00bb. (Berges du Rh\u00f4ne, depuis le pont de la Guilloti\u00e8re, jusqu\u2019au 10 avenue Leclerc). <strong>&amp; \u00e0 11 h<\/strong> : <span style=\"text-decoration: underline\">Inauguration de la 28\u00b0 \u00e9dition de la Brocante Chevreu<\/span>l, et son pot de l\u2019amiti\u00e9. (Bar restaurant le Marlow, 51 rue Chevreul). <strong>&amp; \u00e0 11 h 30<\/strong> : <span style=\"text-decoration: underline\">Noces de platine (70 ans) de M et Mme CUCO<\/span>. (Salle des Mariages et du Conseil, Mairie du 7\u00b0).\u00a0 <strong>&amp; de 13 h \u00e0 18 h<\/strong>: <span style=\"text-decoration: underline\">\u00ab Lyon Crazy Tour \u00bb : Semaine d\u2019Information sur la Sant\u00e9 Mentale (SISM),<\/span> organis\u00e9 par l\u2019Association D\u00e9partementale d\u2019Education pour la Sant\u00e9 du Rh\u00f4ne \u2013 ADES. Stands, diff\u00e9rentes activit\u00e9s et chorale. (Parc de Gerland).<\/li>\n<li><strong>Dimanche 7 octobre \u00e0 partir de 14 h<\/strong>: <span style=\"text-decoration: underline\">\u00ab Convergence v\u00e9lo 2018 \u00bb<\/span>, organis\u00e9e par la M\u00e9tropole de Lyon et Pignons sur Rue. Arriv\u00e9e pr\u00e9vue \u00e0 16 h 30 sur la place d\u2019armes du parc Blandan.<\/li>\n<li><strong>Mardi 9 octobre \u00e0 17 h 30<\/strong> : <span style=\"text-decoration: underline\">Soir\u00e9e inaugurale de l\u2019amphith\u00e9\u00e2tre Eloi LAGET<\/span>. Agrapole\/ Isara (23 rue Jean Baldassini). <strong>&amp; \u00e0 18 h 45<\/strong> : <span style=\"text-decoration: underline\">Soir\u00e9e des champions sportifs<\/span> et remise de la \u00ab M\u00e9daille Jeunesse, Sports et Engagement Associatif \u00bb \u00e0 Denise JAMET (ALGM) et \u00e0 Mario de FILIPPIS, ancien adjoint aux Sports du 7\u00b0<br \/>\n, et Pr\u00e9sident d\u00e9l\u00e9gu\u00e9 de l\u2019Offisa 7. (Salle des Mariages et du Conseil, Mairie du 7\u00b0).<\/li>\n<li><strong>Mercredi 10 octobre \u00e0 17 h<\/strong> : <span style=\"text-decoration: underline\">\u00ab INSEEC Race Courir pour l\u2019enfance \u00bb<\/span> : course organis\u00e9e par l\u2019\u00e9cole INSEEC, pendant laquelle des dons seront r\u00e9colt\u00e9s pour l\u2019UNICEF. (Berges Karen Blixen, promenade du bas Rh\u00f4ne) <strong>&amp; \u00e0 18 h 30<\/strong> : <span style=\"text-decoration: underline\">Vernissage de l\u2019exposition des photos laur\u00e9ates du 4\u00b0 Marathon-Photo de la MJC Jean Mac\u00e9<\/span>. (Hall du 1\u00b0 \u00e9tage de la Mairie du 7\u00b0).<\/li>\n<li><strong>Jeudi 11 et vendredi 12 octobre de 8 h 30 \u00e0 13 h<\/strong> : <span style=\"text-decoration: underline\">\u00ab F\u00eate de la Science \u00bb<\/span>, organis\u00e9e par la Maison de l\u2019Environnement. (14 avenue Tony Garnier).<\/li>\n<li><strong>Vendredi 12 octobre \u00e0 18 h 30<\/strong> : <span style=\"text-decoration: underline\">1\u00b0 anniversaire du bar-restaurant \u00ab Un air de Janis<\/span> \u00bb. Ev\u00e8nement festif avec une batucada par les Zurbamateurs, puis un concert. (59 avenue Jean Jaur\u00e8s).<\/li>\n<\/ul>\n<h4>Toute l\u2019ACTU de l\u2019arrondissement est sur : <a href=\"https:\/\/mairie7.lyon.fr\" target=\"_blank\" rel=\"noopener noreferrer\">https:\/\/mairie7.lyon.fr<\/a><\/h4>\n","protected":false},"excerpt":{"rendered":"<p>Nombreux sont les \u00e9v\u00e8nements et manifestations qui se d\u00e9rouleront durant cette p\u00e9riode, sur le 7 \u00b0 arrondissement, \u00e0 savoir : Jusqu\u2019au 6 octobre : Brigitte Depouilly, une artiste textile qui r\u00e9alise des tableaux \u00e0 partir de tissus chauff\u00e9s, fondus entre eux, d\u00e9form\u00e9s. Selon une m\u00e9thode qui lui est propre. (Hall du 1\u00b0 \u00e9tage- Mairie du [&hellip;]<\/p>\n","protected":false},"author":4,"featured_media":8840,"comment_status":"open","ping_status":"open","sticky":false,"template":"","format":"standard","meta":{"footnotes":""},"categories":[1625],"tags":[],"class_list":["post-56779","post","type-post","status-publish","format-standard","has-post-thumbnail","hentry","category-lyon"],"yoast_head":"<!-- This site is optimized with the Yoast SEO plugin v27.2 - https:\/\/yoast.com\/product\/yoast-seo-wordpress\/ -->\n<title>LYON 7\u00b0 : L\u2019agenda des manifestations du 24 septembre au 12 octobre 2018<\/title>\n<meta name=\"description\" content=\"LYON 7\u00b0 : L\u2019agenda des manifestations du 24 septembre au 12 octobre 2018\" \/>\n<meta name=\"robots\" content=\"index, follow, max-snippet:-1, max-image-preview:large, max-video-preview:-1\" \/>\n<link rel=\"canonical\" href=\"https:\/\/newsestlyonnais.fr\/site\/2018\/09\/22\/lyon-7-les-manifestations-du-24-septembre-au-12-octobre-2018\/\" \/>\n<meta property=\"og:locale\" content=\"fr_FR\" \/>\n<meta property=\"og:type\" content=\"article\" \/>\n<meta property=\"og:title\" content=\"LYON 7\u00b0 : L\u2019agenda des manifestations du 24 septembre au 12 octobre 2018\" \/>\n<meta property=\"og:description\" content=\"LYON 7\u00b0 : L\u2019agenda des manifestations du 24 septembre au 12 octobre 2018\" \/>\n<meta property=\"og:url\" content=\"https:\/\/newsestlyonnais.fr\/site\/2018\/09\/22\/lyon-7-les-manifestations-du-24-septembre-au-12-octobre-2018\/\" \/>\n<meta property=\"og:site_name\" content=\"News Est Lyonnais\" \/>\n<meta property=\"article:author\" content=\"https:\/\/www.facebook.com\/pascal.oberson.1?fref=ts\" \/>\n<meta property=\"article:published_time\" content=\"2018-09-22T15:39:50+00:00\" \/>\n<meta property=\"article:modified_time\" content=\"2020-10-30T09:08:51+00:00\" \/>\n<meta property=\"og:image\" content=\"https:\/\/i1.wp.com\/newsestlyonnais.fr\/site\/wp-content\/uploads\/2016\/06\/NEWSESTLYONNAIS-LYON-PANNEAUP1100180.jpg?fit=1000%2C750&ssl=1\" \/>\n\t<meta property=\"og:image:width\" content=\"1000\" \/>\n\t<meta property=\"og:image:height\" content=\"750\" \/>\n\t<meta property=\"og:image:type\" content=\"image\/jpeg\" \/>\n<meta name=\"author\" content=\"R\u00e9dac. NEWS\" \/>\n<meta name=\"twitter:card\" content=\"summary_large_image\" \/>\n<meta name=\"twitter:label1\" content=\"\u00c9crit par\" \/>\n\t<meta name=\"twitter:data1\" content=\"R\u00e9dac. NEWS\" \/>\n\t<meta name=\"twitter:label2\" content=\"Dur\u00e9e de lecture estim\u00e9e\" \/>\n\t<meta name=\"twitter:data2\" content=\"5 minutes\" \/>\n<script type=\"application\/ld+json\" class=\"yoast-schema-graph\">{\"@context\":\"https:\/\/schema.org\",\"@graph\":[{\"@type\":\"Article\",\"@id\":\"https:\/\/newsestlyonnais.fr\/site\/2018\/09\/22\/lyon-7-les-manifestations-du-24-septembre-au-12-octobre-2018\/#article\",\"isPartOf\":{\"@id\":\"https:\/\/newsestlyonnais.fr\/site\/2018\/09\/22\/lyon-7-les-manifestations-du-24-septembre-au-12-octobre-2018\/\"},\"author\":{\"name\":\"R\u00e9dac. NEWS\",\"@id\":\"https:\/\/newsestlyonnais.fr\/site\/#\/schema\/person\/3230d5615f390bb808365d673001e887\"},\"headline\":\"LYON 7 | Les manifestations du 24 septembre au 12 octobre 2018\",\"datePublished\":\"2018-09-22T15:39:50+00:00\",\"dateModified\":\"2020-10-30T09:08:51+00:00\",\"mainEntityOfPage\":{\"@id\":\"https:\/\/newsestlyonnais.fr\/site\/2018\/09\/22\/lyon-7-les-manifestations-du-24-septembre-au-12-octobre-2018\/\"},\"wordCount\":974,\"commentCount\":0,\"publisher\":{\"@id\":\"https:\/\/newsestlyonnais.fr\/site\/#organization\"},\"image\":{\"@id\":\"https:\/\/newsestlyonnais.fr\/site\/2018\/09\/22\/lyon-7-les-manifestations-du-24-septembre-au-12-octobre-2018\/#primaryimage\"},\"thumbnailUrl\":\"https:\/\/newsestlyonnais.fr\/site\/wp-content\/uploads\/2016\/06\/NEWSESTLYONNAIS-LYON-PANNEAUP1100180.jpg\",\"articleSection\":[\"Lyon\"],\"inLanguage\":\"fr-FR\",\"potentialAction\":[{\"@type\":\"CommentAction\",\"name\":\"Comment\",\"target\":[\"https:\/\/newsestlyonnais.fr\/site\/2018\/09\/22\/lyon-7-les-manifestations-du-24-septembre-au-12-octobre-2018\/#respond\"]}]},{\"@type\":\"WebPage\",\"@id\":\"https:\/\/newsestlyonnais.fr\/site\/2018\/09\/22\/lyon-7-les-manifestations-du-24-septembre-au-12-octobre-2018\/\",\"url\":\"https:\/\/newsestlyonnais.fr\/site\/2018\/09\/22\/lyon-7-les-manifestations-du-24-septembre-au-12-octobre-2018\/\",\"name\":\"LYON 7\u00b0 : L\u2019agenda des manifestations du 24 septembre au 12 octobre 2018\",\"isPartOf\":{\"@id\":\"https:\/\/newsestlyonnais.fr\/site\/#website\"},\"primaryImageOfPage\":{\"@id\":\"https:\/\/newsestlyonnais.fr\/site\/2018\/09\/22\/lyon-7-les-manifestations-du-24-septembre-au-12-octobre-2018\/#primaryimage\"},\"image\":{\"@id\":\"https:\/\/newsestlyonnais.fr\/site\/2018\/09\/22\/lyon-7-les-manifestations-du-24-septembre-au-12-octobre-2018\/#primaryimage\"},\"thumbnailUrl\":\"https:\/\/newsestlyonnais.fr\/site\/wp-content\/uploads\/2016\/06\/NEWSESTLYONNAIS-LYON-PANNEAUP1100180.jpg\",\"datePublished\":\"2018-09-22T15:39:50+00:00\",\"dateModified\":\"2020-10-30T09:08:51+00:00\",\"description\":\"LYON 7\u00b0 : L\u2019agenda des manifestations du 24 septembre au 12 octobre 2018\",\"breadcrumb\":{\"@id\":\"https:\/\/newsestlyonnais.fr\/site\/2018\/09\/22\/lyon-7-les-manifestations-du-24-septembre-au-12-octobre-2018\/#breadcrumb\"},\"inLanguage\":\"fr-FR\",\"potentialAction\":[{\"@type\":\"ReadAction\",\"target\":[\"https:\/\/newsestlyonnais.fr\/site\/2018\/09\/22\/lyon-7-les-manifestations-du-24-septembre-au-12-octobre-2018\/\"]}]},{\"@type\":\"ImageObject\",\"inLanguage\":\"fr-FR\",\"@id\":\"https:\/\/newsestlyonnais.fr\/site\/2018\/09\/22\/lyon-7-les-manifestations-du-24-septembre-au-12-octobre-2018\/#primaryimage\",\"url\":\"https:\/\/newsestlyonnais.fr\/site\/wp-content\/uploads\/2016\/06\/NEWSESTLYONNAIS-LYON-PANNEAUP1100180.jpg\",\"contentUrl\":\"https:\/\/newsestlyonnais.fr\/site\/wp-content\/uploads\/2016\/06\/NEWSESTLYONNAIS-LYON-PANNEAUP1100180.jpg\",\"width\":1000,\"height\":750,\"caption\":\"NEWSESTLYONNAIS - LYON PANNEAU\"},{\"@type\":\"BreadcrumbList\",\"@id\":\"https:\/\/newsestlyonnais.fr\/site\/2018\/09\/22\/lyon-7-les-manifestations-du-24-septembre-au-12-octobre-2018\/#breadcrumb\",\"itemListElement\":[{\"@type\":\"ListItem\",\"position\":1,\"name\":\"Accueil\",\"item\":\"https:\/\/newsestlyonnais.fr\/site\/\"},{\"@type\":\"ListItem\",\"position\":2,\"name\":\"LYON 7 | Les manifestations du 24 septembre au 12 octobre 2018\"}]},{\"@type\":\"WebSite\",\"@id\":\"https:\/\/newsestlyonnais.fr\/site\/#website\",\"url\":\"https:\/\/newsestlyonnais.fr\/site\/\",\"name\":\"News Est Lyonnais\",\"description\":\"L&#039;actualit\u00e9 au plus pr\u00e8s\",\"publisher\":{\"@id\":\"https:\/\/newsestlyonnais.fr\/site\/#organization\"},\"potentialAction\":[{\"@type\":\"SearchAction\",\"target\":{\"@type\":\"EntryPoint\",\"urlTemplate\":\"https:\/\/newsestlyonnais.fr\/site\/?s={search_term_string}\"},\"query-input\":{\"@type\":\"PropertyValueSpecification\",\"valueRequired\":true,\"valueName\":\"search_term_string\"}}],\"inLanguage\":\"fr-FR\"},{\"@type\":\"Organization\",\"@id\":\"https:\/\/newsestlyonnais.fr\/site\/#organization\",\"name\":\"News EST LYONNAIS\",\"url\":\"https:\/\/newsestlyonnais.fr\/site\/\",\"logo\":{\"@type\":\"ImageObject\",\"inLanguage\":\"fr-FR\",\"@id\":\"https:\/\/newsestlyonnais.fr\/site\/#\/schema\/logo\/image\/\",\"url\":\"\",\"contentUrl\":\"\",\"caption\":\"News EST LYONNAIS\"},\"image\":{\"@id\":\"https:\/\/newsestlyonnais.fr\/site\/#\/schema\/logo\/image\/\"}},{\"@type\":\"Person\",\"@id\":\"https:\/\/newsestlyonnais.fr\/site\/#\/schema\/person\/3230d5615f390bb808365d673001e887\",\"name\":\"R\u00e9dac. NEWS\",\"sameAs\":[\"http:\/\/www.newsestlyonnais.fr\",\"https:\/\/www.facebook.com\/pascal.oberson.1?fref=ts\",\"https:\/\/fr.linkedin.com\/in\/pascal-oberson-b17045113\"],\"url\":\"https:\/\/newsestlyonnais.fr\/site\/author\/nel\/\"}]}<\/script>\n<!-- \/ Yoast SEO plugin. -->","yoast_head_json":{"title":"LYON 7\u00b0 : L\u2019agenda des manifestations du 24 septembre au 12 octobre 2018","description":"LYON 7\u00b0 : L\u2019agenda des manifestations du 24 septembre au 12 octobre 2018","robots":{"index":"index","follow":"follow","max-snippet":"max-snippet:-1","max-image-preview":"max-image-preview:large","max-video-preview":"max-video-preview:-1"},"canonical":"https:\/\/newsestlyonnais.fr\/site\/2018\/09\/22\/lyon-7-les-manifestations-du-24-septembre-au-12-octobre-2018\/","og_locale":"fr_FR","og_type":"article","og_title":"LYON 7\u00b0 : L\u2019agenda des manifestations du 24 septembre au 12 octobre 2018","og_description":"LYON 7\u00b0 : L\u2019agenda des manifestations du 24 septembre au 12 octobre 2018","og_url":"https:\/\/newsestlyonnais.fr\/site\/2018\/09\/22\/lyon-7-les-manifestations-du-24-septembre-au-12-octobre-2018\/","og_site_name":"News Est Lyonnais","article_author":"https:\/\/www.facebook.com\/pascal.oberson.1?fref=ts","article_published_time":"2018-09-22T15:39:50+00:00","article_modified_time":"2020-10-30T09:08:51+00:00","og_image":[{"width":1000,"height":750,"url":"https:\/\/i1.wp.com\/newsestlyonnais.fr\/site\/wp-content\/uploads\/2016\/06\/NEWSESTLYONNAIS-LYON-PANNEAUP1100180.jpg?fit=1000%2C750&ssl=1","type":"image\/jpeg"}],"author":"R\u00e9dac. NEWS","twitter_card":"summary_large_image","twitter_misc":{"\u00c9crit par":"R\u00e9dac. NEWS","Dur\u00e9e de lecture estim\u00e9e":"5 minutes"},"schema":{"@context":"https:\/\/schema.org","@graph":[{"@type":"Article","@id":"https:\/\/newsestlyonnais.fr\/site\/2018\/09\/22\/lyon-7-les-manifestations-du-24-septembre-au-12-octobre-2018\/#article","isPartOf":{"@id":"https:\/\/newsestlyonnais.fr\/site\/2018\/09\/22\/lyon-7-les-manifestations-du-24-septembre-au-12-octobre-2018\/"},"author":{"name":"R\u00e9dac. NEWS","@id":"https:\/\/newsestlyonnais.fr\/site\/#\/schema\/person\/3230d5615f390bb808365d673001e887"},"headline":"LYON 7 | Les manifestations du 24 septembre au 12 octobre 2018","datePublished":"2018-09-22T15:39:50+00:00","dateModified":"2020-10-30T09:08:51+00:00","mainEntityOfPage":{"@id":"https:\/\/newsestlyonnais.fr\/site\/2018\/09\/22\/lyon-7-les-manifestations-du-24-septembre-au-12-octobre-2018\/"},"wordCount":974,"commentCount":0,"publisher":{"@id":"https:\/\/newsestlyonnais.fr\/site\/#organization"},"image":{"@id":"https:\/\/newsestlyonnais.fr\/site\/2018\/09\/22\/lyon-7-les-manifestations-du-24-septembre-au-12-octobre-2018\/#primaryimage"},"thumbnailUrl":"https:\/\/newsestlyonnais.fr\/site\/wp-content\/uploads\/2016\/06\/NEWSESTLYONNAIS-LYON-PANNEAUP1100180.jpg","articleSection":["Lyon"],"inLanguage":"fr-FR","potentialAction":[{"@type":"CommentAction","name":"Comment","target":["https:\/\/newsestlyonnais.fr\/site\/2018\/09\/22\/lyon-7-les-manifestations-du-24-septembre-au-12-octobre-2018\/#respond"]}]},{"@type":"WebPage","@id":"https:\/\/newsestlyonnais.fr\/site\/2018\/09\/22\/lyon-7-les-manifestations-du-24-septembre-au-12-octobre-2018\/","url":"https:\/\/newsestlyonnais.fr\/site\/2018\/09\/22\/lyon-7-les-manifestations-du-24-septembre-au-12-octobre-2018\/","name":"LYON 7\u00b0 : L\u2019agenda des manifestations du 24 septembre au 12 octobre 2018","isPartOf":{"@id":"https:\/\/newsestlyonnais.fr\/site\/#website"},"primaryImageOfPage":{"@id":"https:\/\/newsestlyonnais.fr\/site\/2018\/09\/22\/lyon-7-les-manifestations-du-24-septembre-au-12-octobre-2018\/#primaryimage"},"image":{"@id":"https:\/\/newsestlyonnais.fr\/site\/2018\/09\/22\/lyon-7-les-manifestations-du-24-septembre-au-12-octobre-2018\/#primaryimage"},"thumbnailUrl":"https:\/\/newsestlyonnais.fr\/site\/wp-content\/uploads\/2016\/06\/NEWSESTLYONNAIS-LYON-PANNEAUP1100180.jpg","datePublished":"2018-09-22T15:39:50+00:00","dateModified":"2020-10-30T09:08:51+00:00","description":"LYON 7\u00b0 : L\u2019agenda des manifestations du 24 septembre au 12 octobre 2018","breadcrumb":{"@id":"https:\/\/newsestlyonnais.fr\/site\/2018\/09\/22\/lyon-7-les-manifestations-du-24-septembre-au-12-octobre-2018\/#breadcrumb"},"inLanguage":"fr-FR","potentialAction":[{"@type":"ReadAction","target":["https:\/\/newsestlyonnais.fr\/site\/2018\/09\/22\/lyon-7-les-manifestations-du-24-septembre-au-12-octobre-2018\/"]}]},{"@type":"ImageObject","inLanguage":"fr-FR","@id":"https:\/\/newsestlyonnais.fr\/site\/2018\/09\/22\/lyon-7-les-manifestations-du-24-septembre-au-12-octobre-2018\/#primaryimage","url":"https:\/\/newsestlyonnais.fr\/site\/wp-content\/uploads\/2016\/06\/NEWSESTLYONNAIS-LYON-PANNEAUP1100180.jpg","contentUrl":"https:\/\/newsestlyonnais.fr\/site\/wp-content\/uploads\/2016\/06\/NEWSESTLYONNAIS-LYON-PANNEAUP1100180.jpg","width":1000,"height":750,"caption":"NEWSESTLYONNAIS - LYON PANNEAU"},{"@type":"BreadcrumbList","@id":"https:\/\/newsestlyonnais.fr\/site\/2018\/09\/22\/lyon-7-les-manifestations-du-24-septembre-au-12-octobre-2018\/#breadcrumb","itemListElement":[{"@type":"ListItem","position":1,"name":"Accueil","item":"https:\/\/newsestlyonnais.fr\/site\/"},{"@type":"ListItem","position":2,"name":"LYON 7 | Les manifestations du 24 septembre au 12 octobre 2018"}]},{"@type":"WebSite","@id":"https:\/\/newsestlyonnais.fr\/site\/#website","url":"https:\/\/newsestlyonnais.fr\/site\/","name":"News Est Lyonnais","description":"L&#039;actualit\u00e9 au plus pr\u00e8s","publisher":{"@id":"https:\/\/newsestlyonnais.fr\/site\/#organization"},"potentialAction":[{"@type":"SearchAction","target":{"@type":"EntryPoint","urlTemplate":"https:\/\/newsestlyonnais.fr\/site\/?s={search_term_string}"},"query-input":{"@type":"PropertyValueSpecification","valueRequired":true,"valueName":"search_term_string"}}],"inLanguage":"fr-FR"},{"@type":"Organization","@id":"https:\/\/newsestlyonnais.fr\/site\/#organization","name":"News EST LYONNAIS","url":"https:\/\/newsestlyonnais.fr\/site\/","logo":{"@type":"ImageObject","inLanguage":"fr-FR","@id":"https:\/\/newsestlyonnais.fr\/site\/#\/schema\/logo\/image\/","url":"","contentUrl":"","caption":"News EST LYONNAIS"},"image":{"@id":"https:\/\/newsestlyonnais.fr\/site\/#\/schema\/logo\/image\/"}},{"@type":"Person","@id":"https:\/\/newsestlyonnais.fr\/site\/#\/schema\/person\/3230d5615f390bb808365d673001e887","name":"R\u00e9dac. NEWS","sameAs":["http:\/\/www.newsestlyonnais.fr","https:\/\/www.facebook.com\/pascal.oberson.1?fref=ts","https:\/\/fr.linkedin.com\/in\/pascal-oberson-b17045113"],"url":"https:\/\/newsestlyonnais.fr\/site\/author\/nel\/"}]}},"_links":{"self":[{"href":"https:\/\/newsestlyonnais.fr\/site\/wp-json\/wp\/v2\/posts\/56779","targetHints":{"allow":["GET"]}}],"collection":[{"href":"https:\/\/newsestlyonnais.fr\/site\/wp-json\/wp\/v2\/posts"}],"about":[{"href":"https:\/\/newsestlyonnais.fr\/site\/wp-json\/wp\/v2\/types\/post"}],"author":[{"embeddable":true,"href":"https:\/\/newsestlyonnais.fr\/site\/wp-json\/wp\/v2\/users\/4"}],"replies":[{"embeddable":true,"href":"https:\/\/newsestlyonnais.fr\/site\/wp-json\/wp\/v2\/comments?post=56779"}],"version-history":[{"count":0,"href":"https:\/\/newsestlyonnais.fr\/site\/wp-json\/wp\/v2\/posts\/56779\/revisions"}],"wp:featuredmedia":[{"embeddable":true,"href":"https:\/\/newsestlyonnais.fr\/site\/wp-json\/wp\/v2\/media\/8840"}],"wp:attachment":[{"href":"https:\/\/newsestlyonnais.fr\/site\/wp-json\/wp\/v2\/media?parent=56779"}],"wp:term":[{"taxonomy":"category","embeddable":true,"href":"https:\/\/newsestlyonnais.fr\/site\/wp-json\/wp\/v2\/categories?post=56779"},{"taxonomy":"post_tag","embeddable":true,"href":"https:\/\/newsestlyonnais.fr\/site\/wp-json\/wp\/v2\/tags?post=56779"}],"curies":[{"name":"wp","href":"https:\/\/api.w.org\/{rel}","templated":true}]}}