{"id":56821,"date":"2018-09-02T07:27:12","date_gmt":"2018-09-02T06:27:12","guid":{"rendered":"http:\/\/newsestlyonnais.fr\/site\/?p=56821"},"modified":"2020-10-30T10:08:15","modified_gmt":"2020-10-30T09:08:15","slug":"lyon-8-les-manifestations-du-22-au-29-septembre-2018","status":"publish","type":"post","link":"https:\/\/newsestlyonnais.fr\/site\/2018\/09\/02\/lyon-8-les-manifestations-du-22-au-29-septembre-2018\/","title":{"rendered":"LYON 8 | Les manifestations du 22 au 29 septembre 2018"},"content":{"rendered":"<h4>Nombreux sont les \u00e9v\u00e8nements et manifestations qui se d\u00e9rouleront durant cette p\u00e9riode, sur le 8 \u00b0 arrondissement, \u00e0 savoir :<\/h4>\n<ul>\n<li><strong>Samedi 22 Septembre de 9 h \u00e0 23 h<\/strong> : <span style=\"text-decoration: underline\">Samedi Plaisir<\/span>. (avenue des Fr\u00e8res Lumi\u00e8res \/ place Ambroise Courtois). L\u2019Association des Commer\u00e7ants de Monplaisir regroupant les commer\u00e7ants de l\u2019ensemble de l\u2019Avenue des Fr\u00e8res Lumi\u00e8re et des rues adjacentes, organise la 3\u00b0 \u00e9dition du \u00ab Samedi plaisir \u00bb. Il s\u2019agit du d\u00e9ballage des commer\u00e7ants du quartier et de l\u2019exposition\/vente d\u2019artisans\/cr\u00e9ateurs et de commer\u00e7ants, mais aussi, de producteurs et de Foodtrucks. Un lieu o\u00f9 mode, bien \u00eatre, design et go\u00fbt s\u2019entrem\u00ealent pour cr\u00e9er et<br \/>\nassurer une journ\u00e9e pleine de d\u00e9couvertes, une exp\u00e9rience d\u2019achats, une ambiance de village dans le beau quartier de Monplaisir. <strong>&amp; de 11 h \u00e0 12 h<\/strong> : <span style=\"text-decoration: underline\">F\u00eate de la gastronomie \u00ab\u00a01 march\u00e9, 1 chef, 1 recette\u00a0\u00bb<\/span>. (Place Ambroise Courtois). L\u2019association \u201cMon march\u00e9 mon plaisir\u201c a le plaisir de vous inviter \u00e0 leur animation pour f\u00eater la Semaine de la Gastronomie et le concept de l\u2019op\u00e9ration \u201c1 march\u00e9, 1 chef, 1 recette\u201c. <strong>A 11 heures<\/strong> vers le kiosque de la Place Ambroise Courtois Lyon 69008 aura lieu la <span style=\"text-decoration: underline\">finale de la Battle de Chefs<\/span> devant un nombreux public. Les chefs finalistes devront improviser une recette en direct sur le march\u00e9 avec un panier garni de produits du march\u00e9 impos\u00e9s qu\u2019ils d\u00e9couvriront \u00e0 leur arriv\u00e9e.<strong> &amp; de 13 h \u00e0 19 h<\/strong> : <span style=\"text-decoration: underline\">Acordanse la f\u00eate<\/span>. (Place Jean Mermoz &#8211; Place Latarjet &#8211; rue Narvik &#8211; square Valadon).<\/li>\n<li><strong>Dimanche 23 septembre. Toute la journ\u00e9e<\/strong> : <span style=\"text-decoration: underline\">Vide grenier Renouveau Pr\u00e9ssens\u00e9<\/span>. (jardin de la r\u00e9sidence \/ 89 rue Jean Sarrazin).<\/li>\n<li><strong>Lundi 24 Septembre de 14 h 30 \u00e0 19 h<\/strong>: <span style=\"text-decoration: underline\">HADRA : spectacle de danse<\/span> interpr\u00e9t\u00e9 par Yassine Aboulakoul. (H\u00f4pital Saint-Jean-de-Dieu, 290 Route de Vienne). Dirig\u00e9 par le chor\u00e9graphe Alexandre Roccoli (en r\u00e9sonance de la Biennale de la Danse). Contact : culture-sjd@arhm.fr<\/li>\n<li><strong>Mardi 25 Septembre de 10 h \u00e0 10 h 45<\/strong> : <span style=\"text-decoration: underline\">B\u00e9b\u00e9 bouquine B\u00e9b\u00e9 comptine<\/span>. (Centre Social des Etats-Unis, 2 Place du 8 Mai 1945) . Un temps de lecture autour du th\u00e8me des \u00ab\u00a0f\u00eates\u00a0\u00bb \u00e2g\u00e9s entre 1 mois et 3 ans, accompagn\u00e9s d&rsquo;un parent.<\/li>\n<li><strong>Mercredi 26 septembre de 15 h \u00e0 17 h 30 : <\/strong><span style=\"text-decoration: underline\">F\u00eate du jardin du Pr\u00e9-Santy<\/span>. (104 Avenue Paul Santy).<br \/>\n<strong>15 h<\/strong> : Ouverture du jardin au public, visites du jardin et animations p\u00e9dagogiques pour enfants et adultes (graines et signal\u00e9tique) <strong>&amp; \u00e0 17 h 30<\/strong> : Buffet convivial au grand jardin, visites du jardin, discours et pr\u00e9sentation des actions men\u00e9es en 2018 au jardin.<\/li>\n<li><strong>Samedi 29 Septembre : Toute la journ\u00e9e<\/strong> : <span style=\"text-decoration: underline\">S\u00e9isme solidaire,<\/span> village d&rsquo;acteurs locaux engag\u00e9s pour la solidarit\u00e9 et l&rsquo;\u00e9cologie. (Epi Centre, 104 Route de Vienne). Epi Centre organise un festival d&rsquo;acteurs locaux engag\u00e9s pour la solidarit\u00e9 ou l&rsquo;\u00e9cologie. Une trentaine d&rsquo;associations lyonnaise seront pr\u00e9sentes !<\/li>\n<\/ul>\n<h4><strong>L\u2019ACTU de Lyon 8\u00b0est sur : <a href=\"http:\/\/www.mairie8.lyon.fr\/page\/accueil_8.html\">http:\/\/www.mairie8.lyon.fr\/page\/accueil_8.html<\/a><\/strong><\/h4>\n<p>&nbsp;<\/p>\n","protected":false},"excerpt":{"rendered":"<p>Nombreux sont les \u00e9v\u00e8nements et manifestations qui se d\u00e9rouleront durant cette p\u00e9riode, sur le 8 \u00b0 arrondissement, \u00e0 savoir : Samedi 22 Septembre de 9 h \u00e0 23 h : Samedi Plaisir. (avenue des Fr\u00e8res Lumi\u00e8res \/ place Ambroise Courtois). L\u2019Association des Commer\u00e7ants de Monplaisir regroupant les commer\u00e7ants de l\u2019ensemble de l\u2019Avenue des Fr\u00e8res Lumi\u00e8re [&hellip;]<\/p>\n","protected":false},"author":4,"featured_media":8840,"comment_status":"open","ping_status":"open","sticky":false,"template":"","format":"standard","meta":{"footnotes":""},"categories":[1625],"tags":[],"class_list":["post-56821","post","type-post","status-publish","format-standard","has-post-thumbnail","hentry","category-lyon"],"yoast_head":"<!-- This site is optimized with the Yoast SEO plugin v27.2 - https:\/\/yoast.com\/product\/yoast-seo-wordpress\/ -->\n<title>LYON 8\u00b0 : L\u2019agenda des manifestations du 22 au 29 septembre 2018<\/title>\n<meta name=\"description\" content=\"LYON 8\u00b0 : L\u2019agenda des manifestations du 22 au 29 septembre 2018\" \/>\n<meta name=\"robots\" content=\"index, follow, max-snippet:-1, max-image-preview:large, max-video-preview:-1\" \/>\n<link rel=\"canonical\" href=\"https:\/\/newsestlyonnais.fr\/site\/2018\/09\/02\/lyon-8-les-manifestations-du-22-au-29-septembre-2018\/\" \/>\n<meta property=\"og:locale\" content=\"fr_FR\" \/>\n<meta property=\"og:type\" content=\"article\" \/>\n<meta property=\"og:title\" content=\"LYON 8\u00b0 : L\u2019agenda des manifestations du 22 au 29 septembre 2018\" \/>\n<meta property=\"og:description\" content=\"LYON 8\u00b0 : L\u2019agenda des manifestations du 22 au 29 septembre 2018\" \/>\n<meta property=\"og:url\" content=\"https:\/\/newsestlyonnais.fr\/site\/2018\/09\/02\/lyon-8-les-manifestations-du-22-au-29-septembre-2018\/\" \/>\n<meta property=\"og:site_name\" content=\"News Est Lyonnais\" \/>\n<meta property=\"article:author\" content=\"https:\/\/www.facebook.com\/pascal.oberson.1?fref=ts\" \/>\n<meta property=\"article:published_time\" content=\"2018-09-02T06:27:12+00:00\" \/>\n<meta property=\"article:modified_time\" content=\"2020-10-30T09:08:15+00:00\" \/>\n<meta property=\"og:image\" content=\"https:\/\/i1.wp.com\/newsestlyonnais.fr\/site\/wp-content\/uploads\/2016\/06\/NEWSESTLYONNAIS-LYON-PANNEAUP1100180.jpg?fit=1000%2C750&ssl=1\" \/>\n\t<meta property=\"og:image:width\" content=\"1000\" \/>\n\t<meta property=\"og:image:height\" content=\"750\" \/>\n\t<meta property=\"og:image:type\" content=\"image\/jpeg\" \/>\n<meta name=\"author\" content=\"R\u00e9dac. NEWS\" \/>\n<meta name=\"twitter:card\" content=\"summary_large_image\" \/>\n<meta name=\"twitter:label1\" content=\"\u00c9crit par\" \/>\n\t<meta name=\"twitter:data1\" content=\"R\u00e9dac. NEWS\" \/>\n\t<meta name=\"twitter:label2\" content=\"Dur\u00e9e de lecture estim\u00e9e\" \/>\n\t<meta name=\"twitter:data2\" content=\"2 minutes\" \/>\n<script type=\"application\/ld+json\" class=\"yoast-schema-graph\">{\"@context\":\"https:\/\/schema.org\",\"@graph\":[{\"@type\":\"Article\",\"@id\":\"https:\/\/newsestlyonnais.fr\/site\/2018\/09\/02\/lyon-8-les-manifestations-du-22-au-29-septembre-2018\/#article\",\"isPartOf\":{\"@id\":\"https:\/\/newsestlyonnais.fr\/site\/2018\/09\/02\/lyon-8-les-manifestations-du-22-au-29-septembre-2018\/\"},\"author\":{\"name\":\"R\u00e9dac. NEWS\",\"@id\":\"https:\/\/newsestlyonnais.fr\/site\/#\/schema\/person\/3230d5615f390bb808365d673001e887\"},\"headline\":\"LYON 8 | Les manifestations du 22 au 29 septembre 2018\",\"datePublished\":\"2018-09-02T06:27:12+00:00\",\"dateModified\":\"2020-10-30T09:08:15+00:00\",\"mainEntityOfPage\":{\"@id\":\"https:\/\/newsestlyonnais.fr\/site\/2018\/09\/02\/lyon-8-les-manifestations-du-22-au-29-septembre-2018\/\"},\"wordCount\":485,\"commentCount\":0,\"publisher\":{\"@id\":\"https:\/\/newsestlyonnais.fr\/site\/#organization\"},\"image\":{\"@id\":\"https:\/\/newsestlyonnais.fr\/site\/2018\/09\/02\/lyon-8-les-manifestations-du-22-au-29-septembre-2018\/#primaryimage\"},\"thumbnailUrl\":\"https:\/\/newsestlyonnais.fr\/site\/wp-content\/uploads\/2016\/06\/NEWSESTLYONNAIS-LYON-PANNEAUP1100180.jpg\",\"articleSection\":[\"Lyon\"],\"inLanguage\":\"fr-FR\",\"potentialAction\":[{\"@type\":\"CommentAction\",\"name\":\"Comment\",\"target\":[\"https:\/\/newsestlyonnais.fr\/site\/2018\/09\/02\/lyon-8-les-manifestations-du-22-au-29-septembre-2018\/#respond\"]}]},{\"@type\":\"WebPage\",\"@id\":\"https:\/\/newsestlyonnais.fr\/site\/2018\/09\/02\/lyon-8-les-manifestations-du-22-au-29-septembre-2018\/\",\"url\":\"https:\/\/newsestlyonnais.fr\/site\/2018\/09\/02\/lyon-8-les-manifestations-du-22-au-29-septembre-2018\/\",\"name\":\"LYON 8\u00b0 : L\u2019agenda des manifestations du 22 au 29 septembre 2018\",\"isPartOf\":{\"@id\":\"https:\/\/newsestlyonnais.fr\/site\/#website\"},\"primaryImageOfPage\":{\"@id\":\"https:\/\/newsestlyonnais.fr\/site\/2018\/09\/02\/lyon-8-les-manifestations-du-22-au-29-septembre-2018\/#primaryimage\"},\"image\":{\"@id\":\"https:\/\/newsestlyonnais.fr\/site\/2018\/09\/02\/lyon-8-les-manifestations-du-22-au-29-septembre-2018\/#primaryimage\"},\"thumbnailUrl\":\"https:\/\/newsestlyonnais.fr\/site\/wp-content\/uploads\/2016\/06\/NEWSESTLYONNAIS-LYON-PANNEAUP1100180.jpg\",\"datePublished\":\"2018-09-02T06:27:12+00:00\",\"dateModified\":\"2020-10-30T09:08:15+00:00\",\"description\":\"LYON 8\u00b0 : L\u2019agenda des manifestations du 22 au 29 septembre 2018\",\"breadcrumb\":{\"@id\":\"https:\/\/newsestlyonnais.fr\/site\/2018\/09\/02\/lyon-8-les-manifestations-du-22-au-29-septembre-2018\/#breadcrumb\"},\"inLanguage\":\"fr-FR\",\"potentialAction\":[{\"@type\":\"ReadAction\",\"target\":[\"https:\/\/newsestlyonnais.fr\/site\/2018\/09\/02\/lyon-8-les-manifestations-du-22-au-29-septembre-2018\/\"]}]},{\"@type\":\"ImageObject\",\"inLanguage\":\"fr-FR\",\"@id\":\"https:\/\/newsestlyonnais.fr\/site\/2018\/09\/02\/lyon-8-les-manifestations-du-22-au-29-septembre-2018\/#primaryimage\",\"url\":\"https:\/\/newsestlyonnais.fr\/site\/wp-content\/uploads\/2016\/06\/NEWSESTLYONNAIS-LYON-PANNEAUP1100180.jpg\",\"contentUrl\":\"https:\/\/newsestlyonnais.fr\/site\/wp-content\/uploads\/2016\/06\/NEWSESTLYONNAIS-LYON-PANNEAUP1100180.jpg\",\"width\":1000,\"height\":750,\"caption\":\"NEWSESTLYONNAIS - LYON PANNEAU\"},{\"@type\":\"BreadcrumbList\",\"@id\":\"https:\/\/newsestlyonnais.fr\/site\/2018\/09\/02\/lyon-8-les-manifestations-du-22-au-29-septembre-2018\/#breadcrumb\",\"itemListElement\":[{\"@type\":\"ListItem\",\"position\":1,\"name\":\"Accueil\",\"item\":\"https:\/\/newsestlyonnais.fr\/site\/\"},{\"@type\":\"ListItem\",\"position\":2,\"name\":\"LYON 8 | Les manifestations du 22 au 29 septembre 2018\"}]},{\"@type\":\"WebSite\",\"@id\":\"https:\/\/newsestlyonnais.fr\/site\/#website\",\"url\":\"https:\/\/newsestlyonnais.fr\/site\/\",\"name\":\"News Est Lyonnais\",\"description\":\"L&#039;actualit\u00e9 au plus pr\u00e8s\",\"publisher\":{\"@id\":\"https:\/\/newsestlyonnais.fr\/site\/#organization\"},\"potentialAction\":[{\"@type\":\"SearchAction\",\"target\":{\"@type\":\"EntryPoint\",\"urlTemplate\":\"https:\/\/newsestlyonnais.fr\/site\/?s={search_term_string}\"},\"query-input\":{\"@type\":\"PropertyValueSpecification\",\"valueRequired\":true,\"valueName\":\"search_term_string\"}}],\"inLanguage\":\"fr-FR\"},{\"@type\":\"Organization\",\"@id\":\"https:\/\/newsestlyonnais.fr\/site\/#organization\",\"name\":\"News EST LYONNAIS\",\"url\":\"https:\/\/newsestlyonnais.fr\/site\/\",\"logo\":{\"@type\":\"ImageObject\",\"inLanguage\":\"fr-FR\",\"@id\":\"https:\/\/newsestlyonnais.fr\/site\/#\/schema\/logo\/image\/\",\"url\":\"\",\"contentUrl\":\"\",\"caption\":\"News EST LYONNAIS\"},\"image\":{\"@id\":\"https:\/\/newsestlyonnais.fr\/site\/#\/schema\/logo\/image\/\"}},{\"@type\":\"Person\",\"@id\":\"https:\/\/newsestlyonnais.fr\/site\/#\/schema\/person\/3230d5615f390bb808365d673001e887\",\"name\":\"R\u00e9dac. NEWS\",\"sameAs\":[\"http:\/\/www.newsestlyonnais.fr\",\"https:\/\/www.facebook.com\/pascal.oberson.1?fref=ts\",\"https:\/\/fr.linkedin.com\/in\/pascal-oberson-b17045113\"],\"url\":\"https:\/\/newsestlyonnais.fr\/site\/author\/nel\/\"}]}<\/script>\n<!-- \/ Yoast SEO plugin. -->","yoast_head_json":{"title":"LYON 8\u00b0 : L\u2019agenda des manifestations du 22 au 29 septembre 2018","description":"LYON 8\u00b0 : L\u2019agenda des manifestations du 22 au 29 septembre 2018","robots":{"index":"index","follow":"follow","max-snippet":"max-snippet:-1","max-image-preview":"max-image-preview:large","max-video-preview":"max-video-preview:-1"},"canonical":"https:\/\/newsestlyonnais.fr\/site\/2018\/09\/02\/lyon-8-les-manifestations-du-22-au-29-septembre-2018\/","og_locale":"fr_FR","og_type":"article","og_title":"LYON 8\u00b0 : L\u2019agenda des manifestations du 22 au 29 septembre 2018","og_description":"LYON 8\u00b0 : L\u2019agenda des manifestations du 22 au 29 septembre 2018","og_url":"https:\/\/newsestlyonnais.fr\/site\/2018\/09\/02\/lyon-8-les-manifestations-du-22-au-29-septembre-2018\/","og_site_name":"News Est Lyonnais","article_author":"https:\/\/www.facebook.com\/pascal.oberson.1?fref=ts","article_published_time":"2018-09-02T06:27:12+00:00","article_modified_time":"2020-10-30T09:08:15+00:00","og_image":[{"width":1000,"height":750,"url":"https:\/\/i1.wp.com\/newsestlyonnais.fr\/site\/wp-content\/uploads\/2016\/06\/NEWSESTLYONNAIS-LYON-PANNEAUP1100180.jpg?fit=1000%2C750&ssl=1","type":"image\/jpeg"}],"author":"R\u00e9dac. NEWS","twitter_card":"summary_large_image","twitter_misc":{"\u00c9crit par":"R\u00e9dac. NEWS","Dur\u00e9e de lecture estim\u00e9e":"2 minutes"},"schema":{"@context":"https:\/\/schema.org","@graph":[{"@type":"Article","@id":"https:\/\/newsestlyonnais.fr\/site\/2018\/09\/02\/lyon-8-les-manifestations-du-22-au-29-septembre-2018\/#article","isPartOf":{"@id":"https:\/\/newsestlyonnais.fr\/site\/2018\/09\/02\/lyon-8-les-manifestations-du-22-au-29-septembre-2018\/"},"author":{"name":"R\u00e9dac. NEWS","@id":"https:\/\/newsestlyonnais.fr\/site\/#\/schema\/person\/3230d5615f390bb808365d673001e887"},"headline":"LYON 8 | Les manifestations du 22 au 29 septembre 2018","datePublished":"2018-09-02T06:27:12+00:00","dateModified":"2020-10-30T09:08:15+00:00","mainEntityOfPage":{"@id":"https:\/\/newsestlyonnais.fr\/site\/2018\/09\/02\/lyon-8-les-manifestations-du-22-au-29-septembre-2018\/"},"wordCount":485,"commentCount":0,"publisher":{"@id":"https:\/\/newsestlyonnais.fr\/site\/#organization"},"image":{"@id":"https:\/\/newsestlyonnais.fr\/site\/2018\/09\/02\/lyon-8-les-manifestations-du-22-au-29-septembre-2018\/#primaryimage"},"thumbnailUrl":"https:\/\/newsestlyonnais.fr\/site\/wp-content\/uploads\/2016\/06\/NEWSESTLYONNAIS-LYON-PANNEAUP1100180.jpg","articleSection":["Lyon"],"inLanguage":"fr-FR","potentialAction":[{"@type":"CommentAction","name":"Comment","target":["https:\/\/newsestlyonnais.fr\/site\/2018\/09\/02\/lyon-8-les-manifestations-du-22-au-29-septembre-2018\/#respond"]}]},{"@type":"WebPage","@id":"https:\/\/newsestlyonnais.fr\/site\/2018\/09\/02\/lyon-8-les-manifestations-du-22-au-29-septembre-2018\/","url":"https:\/\/newsestlyonnais.fr\/site\/2018\/09\/02\/lyon-8-les-manifestations-du-22-au-29-septembre-2018\/","name":"LYON 8\u00b0 : L\u2019agenda des manifestations du 22 au 29 septembre 2018","isPartOf":{"@id":"https:\/\/newsestlyonnais.fr\/site\/#website"},"primaryImageOfPage":{"@id":"https:\/\/newsestlyonnais.fr\/site\/2018\/09\/02\/lyon-8-les-manifestations-du-22-au-29-septembre-2018\/#primaryimage"},"image":{"@id":"https:\/\/newsestlyonnais.fr\/site\/2018\/09\/02\/lyon-8-les-manifestations-du-22-au-29-septembre-2018\/#primaryimage"},"thumbnailUrl":"https:\/\/newsestlyonnais.fr\/site\/wp-content\/uploads\/2016\/06\/NEWSESTLYONNAIS-LYON-PANNEAUP1100180.jpg","datePublished":"2018-09-02T06:27:12+00:00","dateModified":"2020-10-30T09:08:15+00:00","description":"LYON 8\u00b0 : L\u2019agenda des manifestations du 22 au 29 septembre 2018","breadcrumb":{"@id":"https:\/\/newsestlyonnais.fr\/site\/2018\/09\/02\/lyon-8-les-manifestations-du-22-au-29-septembre-2018\/#breadcrumb"},"inLanguage":"fr-FR","potentialAction":[{"@type":"ReadAction","target":["https:\/\/newsestlyonnais.fr\/site\/2018\/09\/02\/lyon-8-les-manifestations-du-22-au-29-septembre-2018\/"]}]},{"@type":"ImageObject","inLanguage":"fr-FR","@id":"https:\/\/newsestlyonnais.fr\/site\/2018\/09\/02\/lyon-8-les-manifestations-du-22-au-29-septembre-2018\/#primaryimage","url":"https:\/\/newsestlyonnais.fr\/site\/wp-content\/uploads\/2016\/06\/NEWSESTLYONNAIS-LYON-PANNEAUP1100180.jpg","contentUrl":"https:\/\/newsestlyonnais.fr\/site\/wp-content\/uploads\/2016\/06\/NEWSESTLYONNAIS-LYON-PANNEAUP1100180.jpg","width":1000,"height":750,"caption":"NEWSESTLYONNAIS - LYON PANNEAU"},{"@type":"BreadcrumbList","@id":"https:\/\/newsestlyonnais.fr\/site\/2018\/09\/02\/lyon-8-les-manifestations-du-22-au-29-septembre-2018\/#breadcrumb","itemListElement":[{"@type":"ListItem","position":1,"name":"Accueil","item":"https:\/\/newsestlyonnais.fr\/site\/"},{"@type":"ListItem","position":2,"name":"LYON 8 | Les manifestations du 22 au 29 septembre 2018"}]},{"@type":"WebSite","@id":"https:\/\/newsestlyonnais.fr\/site\/#website","url":"https:\/\/newsestlyonnais.fr\/site\/","name":"News Est Lyonnais","description":"L&#039;actualit\u00e9 au plus pr\u00e8s","publisher":{"@id":"https:\/\/newsestlyonnais.fr\/site\/#organization"},"potentialAction":[{"@type":"SearchAction","target":{"@type":"EntryPoint","urlTemplate":"https:\/\/newsestlyonnais.fr\/site\/?s={search_term_string}"},"query-input":{"@type":"PropertyValueSpecification","valueRequired":true,"valueName":"search_term_string"}}],"inLanguage":"fr-FR"},{"@type":"Organization","@id":"https:\/\/newsestlyonnais.fr\/site\/#organization","name":"News EST LYONNAIS","url":"https:\/\/newsestlyonnais.fr\/site\/","logo":{"@type":"ImageObject","inLanguage":"fr-FR","@id":"https:\/\/newsestlyonnais.fr\/site\/#\/schema\/logo\/image\/","url":"","contentUrl":"","caption":"News EST LYONNAIS"},"image":{"@id":"https:\/\/newsestlyonnais.fr\/site\/#\/schema\/logo\/image\/"}},{"@type":"Person","@id":"https:\/\/newsestlyonnais.fr\/site\/#\/schema\/person\/3230d5615f390bb808365d673001e887","name":"R\u00e9dac. NEWS","sameAs":["http:\/\/www.newsestlyonnais.fr","https:\/\/www.facebook.com\/pascal.oberson.1?fref=ts","https:\/\/fr.linkedin.com\/in\/pascal-oberson-b17045113"],"url":"https:\/\/newsestlyonnais.fr\/site\/author\/nel\/"}]}},"_links":{"self":[{"href":"https:\/\/newsestlyonnais.fr\/site\/wp-json\/wp\/v2\/posts\/56821","targetHints":{"allow":["GET"]}}],"collection":[{"href":"https:\/\/newsestlyonnais.fr\/site\/wp-json\/wp\/v2\/posts"}],"about":[{"href":"https:\/\/newsestlyonnais.fr\/site\/wp-json\/wp\/v2\/types\/post"}],"author":[{"embeddable":true,"href":"https:\/\/newsestlyonnais.fr\/site\/wp-json\/wp\/v2\/users\/4"}],"replies":[{"embeddable":true,"href":"https:\/\/newsestlyonnais.fr\/site\/wp-json\/wp\/v2\/comments?post=56821"}],"version-history":[{"count":0,"href":"https:\/\/newsestlyonnais.fr\/site\/wp-json\/wp\/v2\/posts\/56821\/revisions"}],"wp:featuredmedia":[{"embeddable":true,"href":"https:\/\/newsestlyonnais.fr\/site\/wp-json\/wp\/v2\/media\/8840"}],"wp:attachment":[{"href":"https:\/\/newsestlyonnais.fr\/site\/wp-json\/wp\/v2\/media?parent=56821"}],"wp:term":[{"taxonomy":"category","embeddable":true,"href":"https:\/\/newsestlyonnais.fr\/site\/wp-json\/wp\/v2\/categories?post=56821"},{"taxonomy":"post_tag","embeddable":true,"href":"https:\/\/newsestlyonnais.fr\/site\/wp-json\/wp\/v2\/tags?post=56821"}],"curies":[{"name":"wp","href":"https:\/\/api.w.org\/{rel}","templated":true}]}}