{"id":56837,"date":"2018-09-20T08:21:18","date_gmt":"2018-09-20T07:21:18","guid":{"rendered":"http:\/\/newsestlyonnais.fr\/site\/?p=56837"},"modified":"2020-10-23T19:48:13","modified_gmt":"2020-10-23T18:48:13","slug":"vaulx-en-velin-beau-succes-populaire-et-sportif-du-25-triathlon","status":"publish","type":"post","link":"https:\/\/newsestlyonnais.fr\/site\/2018\/09\/20\/vaulx-en-velin-beau-succes-populaire-et-sportif-du-25-triathlon\/","title":{"rendered":"VAULX-EN-VELIN | Beau succ\u00e8s populaire et sportif du 25\u00b0 triathlon"},"content":{"rendered":"<p>Le pr\u00e9sident du Vaulx en Velin Triathlon, Didier Roche et la centaine de b\u00e9n\u00e9voles mobilis\u00e9s, entre les membres du club et de plusieurs associations locales ont en effet accueillis plus de 500 triathl\u00e8tes de tous niveaux.<\/p>\n<p>La nouvelle formule concoct\u00e9e par les organisateurs semble avoir convenu aux adeptes du triple effort de toute la r\u00e9gion. Les 2 \u00e9preuves XS du matin ont attir\u00e9 172 participants en individuel puis 56 \u00e9quipes de 4 triathl\u00e8tes en relais sur le format olympique. Place aux jeunes l\u2019apr\u00e8s-midi avec 116 triathl\u00e8tes en herbe (29 benjamins, 36 pupilles et 51 poussins\/mini-poussins).<\/p>\n<p>Du beau temps, du spectacle, du sport \u00e0 haute dose dans 3 disciplines (natation, cyclisme et course \u00e0 pied), tous les ingr\u00e9dients \u00e9taient au rendez-vous de cette belle journ\u00e9e d\u2019automne disput\u00e9e devant un nombreux public de connaisseurs.<\/p>\n<ul>\n<li>\n<h4>R\u00e9sultats complets \u00e0 retrouver sur : <a href=\"https:\/\/my1.raceresult.com\/106465\/?lang#1_955CD9\">https:\/\/my1.raceresult.com\/106465\/?lang#1_955CD9<\/a><\/h4>\n<\/li>\n<\/ul>\n<div id='gallery-1' class='gallery galleryid-56837 gallery-columns-3 gallery-size-thumbnail'><figure class='gallery-item'>\n\t\t\t<div class='gallery-icon landscape'>\n\t\t\t\t<a href='https:\/\/newsestlyonnais.fr\/site\/2018\/09\/20\/vaulx-en-velin-beau-succes-populaire-et-sportif-du-25-triathlon\/ewsestlyonnais-tri-vaulx-2018-2-2\/'><img loading=\"lazy\" decoding=\"async\" width=\"150\" height=\"150\" src=\"https:\/\/newsestlyonnais.fr\/site\/wp-content\/uploads\/2018\/09\/EWSESTLYONNAIS-TRI-VAULX-2018-2-1-150x150.jpg\" class=\"attachment-thumbnail size-thumbnail\" alt=\"NEWSESTLYONNAIS TRI VAULX 2018 2\" aria-describedby=\"gallery-1-56842\" \/><\/a>\n\t\t\t<\/div>\n\t\t\t\t<figcaption class='wp-caption-text gallery-caption' id='gallery-1-56842'>\n\t\t\t\tBriefing avant d\u00e9part par le pr\u00e9sident Didier Roche \n\t\t\t\t<\/figcaption><\/figure><figure class='gallery-item'>\n\t\t\t<div class='gallery-icon landscape'>\n\t\t\t\t<a href='https:\/\/newsestlyonnais.fr\/site\/2018\/09\/20\/vaulx-en-velin-beau-succes-populaire-et-sportif-du-25-triathlon\/newsestlyonnais-tri-vaulx-2018-7\/'><img loading=\"lazy\" decoding=\"async\" width=\"150\" height=\"150\" src=\"https:\/\/newsestlyonnais.fr\/site\/wp-content\/uploads\/2018\/09\/NEWSESTLYONNAIS-TRI-VAULX-2018-7-150x150.jpg\" class=\"attachment-thumbnail size-thumbnail\" alt=\"NEWSESTLYONNAIS TRI VAULX 2018 7\" aria-describedby=\"gallery-1-56843\" \/><\/a>\n\t\t\t<\/div>\n\t\t\t\t<figcaption class='wp-caption-text gallery-caption' id='gallery-1-56843'>\n\t\t\t\tLes organisateurs de ce 25\u00b0 triathlon et Pierre Dussurgey (adjoint aux sports) \n\t\t\t\t<\/figcaption><\/figure><figure class='gallery-item'>\n\t\t\t<div class='gallery-icon landscape'>\n\t\t\t\t<a href='https:\/\/newsestlyonnais.fr\/site\/2018\/09\/20\/vaulx-en-velin-beau-succes-populaire-et-sportif-du-25-triathlon\/newsestlyonnais-tri-vaulx-2018-3\/'><img loading=\"lazy\" decoding=\"async\" width=\"150\" height=\"150\" src=\"https:\/\/newsestlyonnais.fr\/site\/wp-content\/uploads\/2018\/09\/NEWSESTLYONNAIS-TRI-VAULX-2018-3-150x150.jpg\" class=\"attachment-thumbnail size-thumbnail\" alt=\"NEWSESTLYONNAIS TRI VAULX 2018 3\" \/><\/a>\n\t\t\t<\/div><\/figure><figure class='gallery-item'>\n\t\t\t<div class='gallery-icon landscape'>\n\t\t\t\t<a href='https:\/\/newsestlyonnais.fr\/site\/2018\/09\/20\/vaulx-en-velin-beau-succes-populaire-et-sportif-du-25-triathlon\/newsestlyonnais-tri-vaulx-2018-4\/'><img loading=\"lazy\" decoding=\"async\" width=\"150\" height=\"150\" src=\"https:\/\/newsestlyonnais.fr\/site\/wp-content\/uploads\/2018\/09\/NEWSESTLYONNAIS-TRI-VAULX-2018-4-150x150.jpg\" class=\"attachment-thumbnail size-thumbnail\" alt=\"NEWSESTLYONNAIS TRI VAULX 2018 4\" \/><\/a>\n\t\t\t<\/div><\/figure><figure class='gallery-item'>\n\t\t\t<div class='gallery-icon landscape'>\n\t\t\t\t<a href='https:\/\/newsestlyonnais.fr\/site\/2018\/09\/20\/vaulx-en-velin-beau-succes-populaire-et-sportif-du-25-triathlon\/newsestlyonnais-tri-vaulx-2018-5\/'><img loading=\"lazy\" decoding=\"async\" width=\"150\" height=\"150\" src=\"https:\/\/newsestlyonnais.fr\/site\/wp-content\/uploads\/2018\/09\/NEWSESTLYONNAIS-TRI-VAULX-2018-5-150x150.jpg\" class=\"attachment-thumbnail size-thumbnail\" alt=\"NEWSESTLYONNAIS TRI VAULX 2018 5\" \/><\/a>\n\t\t\t<\/div><\/figure><figure class='gallery-item'>\n\t\t\t<div class='gallery-icon landscape'>\n\t\t\t\t<a href='https:\/\/newsestlyonnais.fr\/site\/2018\/09\/20\/vaulx-en-velin-beau-succes-populaire-et-sportif-du-25-triathlon\/newsestlyonnais-tri-vaulx-2018-6\/'><img loading=\"lazy\" decoding=\"async\" width=\"150\" height=\"150\" src=\"https:\/\/newsestlyonnais.fr\/site\/wp-content\/uploads\/2018\/09\/NEWSESTLYONNAIS-TRI-VAULX-2018-6-150x150.jpg\" class=\"attachment-thumbnail size-thumbnail\" alt=\"NEWSESTLYONNAIS TRI VAULX 2018 6\" aria-describedby=\"gallery-1-56848\" \/><\/a>\n\t\t\t<\/div>\n\t\t\t\t<figcaption class='wp-caption-text gallery-caption' id='gallery-1-56848'>\n\t\t\t\tLe jeune vaudais Thomas Rochet avant le d\u00e9part ! \n\t\t\t\t<\/figcaption><\/figure><figure class='gallery-item'>\n\t\t\t<div class='gallery-icon landscape'>\n\t\t\t\t<a href='https:\/\/newsestlyonnais.fr\/site\/2018\/09\/20\/vaulx-en-velin-beau-succes-populaire-et-sportif-du-25-triathlon\/newsestlyonnais-tri-vaulx-2018-8\/'><img loading=\"lazy\" decoding=\"async\" width=\"150\" height=\"150\" src=\"https:\/\/newsestlyonnais.fr\/site\/wp-content\/uploads\/2018\/09\/NEWSESTLYONNAIS-TRI-VAULX-2018-8-150x150.jpg\" class=\"attachment-thumbnail size-thumbnail\" alt=\"NEWSESTLYONNAIS TRI VAULX 2018 8\" aria-describedby=\"gallery-1-56849\" \/><\/a>\n\t\t\t<\/div>\n\t\t\t\t<figcaption class='wp-caption-text gallery-caption' id='gallery-1-56849'>\n\t\t\t\tEt Thomas \u00e0 l\u2019arriv\u00e9e ! \n\t\t\t\t<\/figcaption><\/figure><figure class='gallery-item'>\n\t\t\t<div class='gallery-icon landscape'>\n\t\t\t\t<a href='https:\/\/newsestlyonnais.fr\/site\/2018\/09\/20\/vaulx-en-velin-beau-succes-populaire-et-sportif-du-25-triathlon\/newsestlyonnais-tri-vaulx-2018-9\/'><img loading=\"lazy\" decoding=\"async\" width=\"150\" height=\"150\" src=\"https:\/\/newsestlyonnais.fr\/site\/wp-content\/uploads\/2018\/09\/NEWSESTLYONNAIS-TRI-VAULX-2018-9-150x150.jpg\" class=\"attachment-thumbnail size-thumbnail\" alt=\"NEWSESTLYONNAIS TRI VAULX 2018 9\" aria-describedby=\"gallery-1-56850\" \/><\/a>\n\t\t\t<\/div>\n\t\t\t\t<figcaption class='wp-caption-text gallery-caption' id='gallery-1-56850'>\n\t\t\t\tUne belle haie d\u2019honneur pour la derni\u00e8re arriv\u00e9e ! \n\t\t\t\t<\/figcaption><\/figure><figure class='gallery-item'>\n\t\t\t<div class='gallery-icon landscape'>\n\t\t\t\t<a href='https:\/\/newsestlyonnais.fr\/site\/2018\/09\/20\/vaulx-en-velin-beau-succes-populaire-et-sportif-du-25-triathlon\/newsestlyonnais-tri-vaulx-2018-11\/'><img loading=\"lazy\" decoding=\"async\" width=\"150\" height=\"150\" src=\"https:\/\/newsestlyonnais.fr\/site\/wp-content\/uploads\/2018\/09\/NEWSESTLYONNAIS-TRI-VAULX-2018-11-150x150.jpg\" class=\"attachment-thumbnail size-thumbnail\" alt=\"NEWSESTLYONNAIS TRI VAULX 2018 11\" \/><\/a>\n\t\t\t<\/div><\/figure><figure class='gallery-item'>\n\t\t\t<div class='gallery-icon landscape'>\n\t\t\t\t<a href='https:\/\/newsestlyonnais.fr\/site\/2018\/09\/20\/vaulx-en-velin-beau-succes-populaire-et-sportif-du-25-triathlon\/newsestlyonnais-tri-vaulx-2018-12\/'><img loading=\"lazy\" decoding=\"async\" width=\"150\" height=\"150\" src=\"https:\/\/newsestlyonnais.fr\/site\/wp-content\/uploads\/2018\/09\/NEWSESTLYONNAIS-TRI-VAULX-2018-12-150x150.jpg\" class=\"attachment-thumbnail size-thumbnail\" alt=\"NEWSESTLYONNAIS TRI VAULX 2018 12\" \/><\/a>\n\t\t\t<\/div><\/figure><figure class='gallery-item'>\n\t\t\t<div class='gallery-icon landscape'>\n\t\t\t\t<a href='https:\/\/newsestlyonnais.fr\/site\/2018\/09\/20\/vaulx-en-velin-beau-succes-populaire-et-sportif-du-25-triathlon\/newsestlyonnais-tri-vaulx-2018-13\/'><img loading=\"lazy\" decoding=\"async\" width=\"150\" height=\"150\" src=\"https:\/\/newsestlyonnais.fr\/site\/wp-content\/uploads\/2018\/09\/NEWSESTLYONNAIS-TRI-VAULX-2018-13-150x150.jpg\" class=\"attachment-thumbnail size-thumbnail\" alt=\"NEWSESTLYONNAIS TRI VAULX 2018 13\" \/><\/a>\n\t\t\t<\/div><\/figure>\n\t\t<\/div>\n\n","protected":false},"excerpt":{"rendered":"<p>Apr\u00e8s une ann\u00e9e blanche, le triathlon de Vaulx en Velin, pour sa 25\u00b0 \u00e9dition\u00a0 a \u00e9t\u00e9 une belle r\u00e9ussite sur la plage du Fontanil.<\/p>\n","protected":false},"author":4,"featured_media":56840,"comment_status":"open","ping_status":"open","sticky":false,"template":"","format":"standard","meta":{"footnotes":""},"categories":[2988,2990,28],"tags":[2528,2961],"class_list":["post-56837","post","type-post","status-publish","format-standard","has-post-thumbnail","hentry","category-natation-triathlon","category-triathlon","category-vaulx-en-velin","tag-triathlon","tag-vaulx-en-velin-triathlon"],"yoast_head":"<!-- This site is optimized with the Yoast SEO plugin v27.2 - https:\/\/yoast.com\/product\/yoast-seo-wordpress\/ -->\n<title>VAULX-EN-VELIN | Beau succ\u00e8s populaire et sportif du 25\u00b0 triathlon<\/title>\n<meta name=\"description\" content=\"VAULX-EN-VELIN | Beau succ\u00e8s populaire et sportif du 25\u00b0 triathlon\" \/>\n<meta name=\"robots\" content=\"index, follow, max-snippet:-1, max-image-preview:large, max-video-preview:-1\" \/>\n<link rel=\"canonical\" href=\"https:\/\/newsestlyonnais.fr\/site\/2018\/09\/20\/vaulx-en-velin-beau-succes-populaire-et-sportif-du-25-triathlon\/\" \/>\n<meta property=\"og:locale\" content=\"fr_FR\" \/>\n<meta property=\"og:type\" content=\"article\" \/>\n<meta property=\"og:title\" content=\"VAULX-EN-VELIN | Beau succ\u00e8s populaire et sportif du 25\u00b0 triathlon\" \/>\n<meta property=\"og:description\" content=\"VAULX-EN-VELIN | Beau succ\u00e8s populaire et sportif du 25\u00b0 triathlon\" \/>\n<meta property=\"og:url\" content=\"https:\/\/newsestlyonnais.fr\/site\/2018\/09\/20\/vaulx-en-velin-beau-succes-populaire-et-sportif-du-25-triathlon\/\" \/>\n<meta property=\"og:site_name\" content=\"News Est Lyonnais\" \/>\n<meta property=\"article:author\" content=\"https:\/\/www.facebook.com\/pascal.oberson.1?fref=ts\" \/>\n<meta property=\"article:published_time\" content=\"2018-09-20T07:21:18+00:00\" \/>\n<meta property=\"article:modified_time\" content=\"2020-10-23T18:48:13+00:00\" \/>\n<meta property=\"og:image\" content=\"https:\/\/i0.wp.com\/newsestlyonnais.fr\/site\/wp-content\/uploads\/2018\/09\/NEWSESTLYONNAIS-TRI-VAULX-2018-1.jpg?fit=2048%2C1536&ssl=1\" \/>\n\t<meta property=\"og:image:width\" content=\"2048\" \/>\n\t<meta property=\"og:image:height\" content=\"1536\" \/>\n\t<meta property=\"og:image:type\" content=\"image\/jpeg\" \/>\n<meta name=\"author\" content=\"R\u00e9dac. NEWS\" \/>\n<meta name=\"twitter:card\" content=\"summary_large_image\" \/>\n<meta name=\"twitter:label1\" content=\"\u00c9crit par\" \/>\n\t<meta name=\"twitter:data1\" content=\"R\u00e9dac. NEWS\" \/>\n\t<meta name=\"twitter:label2\" content=\"Dur\u00e9e de lecture estim\u00e9e\" \/>\n\t<meta name=\"twitter:data2\" content=\"1 minute\" \/>\n<script type=\"application\/ld+json\" class=\"yoast-schema-graph\">{\"@context\":\"https:\/\/schema.org\",\"@graph\":[{\"@type\":\"Article\",\"@id\":\"https:\/\/newsestlyonnais.fr\/site\/2018\/09\/20\/vaulx-en-velin-beau-succes-populaire-et-sportif-du-25-triathlon\/#article\",\"isPartOf\":{\"@id\":\"https:\/\/newsestlyonnais.fr\/site\/2018\/09\/20\/vaulx-en-velin-beau-succes-populaire-et-sportif-du-25-triathlon\/\"},\"author\":{\"name\":\"R\u00e9dac. NEWS\",\"@id\":\"https:\/\/newsestlyonnais.fr\/site\/#\/schema\/person\/3230d5615f390bb808365d673001e887\"},\"headline\":\"VAULX-EN-VELIN | Beau succ\u00e8s populaire et sportif du 25\u00b0 triathlon\",\"datePublished\":\"2018-09-20T07:21:18+00:00\",\"dateModified\":\"2020-10-23T18:48:13+00:00\",\"mainEntityOfPage\":{\"@id\":\"https:\/\/newsestlyonnais.fr\/site\/2018\/09\/20\/vaulx-en-velin-beau-succes-populaire-et-sportif-du-25-triathlon\/\"},\"wordCount\":160,\"commentCount\":0,\"publisher\":{\"@id\":\"https:\/\/newsestlyonnais.fr\/site\/#organization\"},\"image\":{\"@id\":\"https:\/\/newsestlyonnais.fr\/site\/2018\/09\/20\/vaulx-en-velin-beau-succes-populaire-et-sportif-du-25-triathlon\/#primaryimage\"},\"thumbnailUrl\":\"https:\/\/newsestlyonnais.fr\/site\/wp-content\/uploads\/2018\/09\/NEWSESTLYONNAIS-TRI-VAULX-2018-1.jpg\",\"keywords\":[\"TRIATHLON\",\"VAULX EN VELIN TRIATHLON\"],\"articleSection\":[\"Natation | Triathlon\",\"Triathlon\",\"Vaulx-en-Velin\"],\"inLanguage\":\"fr-FR\",\"potentialAction\":[{\"@type\":\"CommentAction\",\"name\":\"Comment\",\"target\":[\"https:\/\/newsestlyonnais.fr\/site\/2018\/09\/20\/vaulx-en-velin-beau-succes-populaire-et-sportif-du-25-triathlon\/#respond\"]}]},{\"@type\":\"WebPage\",\"@id\":\"https:\/\/newsestlyonnais.fr\/site\/2018\/09\/20\/vaulx-en-velin-beau-succes-populaire-et-sportif-du-25-triathlon\/\",\"url\":\"https:\/\/newsestlyonnais.fr\/site\/2018\/09\/20\/vaulx-en-velin-beau-succes-populaire-et-sportif-du-25-triathlon\/\",\"name\":\"VAULX-EN-VELIN | Beau succ\u00e8s populaire et sportif du 25\u00b0 triathlon\",\"isPartOf\":{\"@id\":\"https:\/\/newsestlyonnais.fr\/site\/#website\"},\"primaryImageOfPage\":{\"@id\":\"https:\/\/newsestlyonnais.fr\/site\/2018\/09\/20\/vaulx-en-velin-beau-succes-populaire-et-sportif-du-25-triathlon\/#primaryimage\"},\"image\":{\"@id\":\"https:\/\/newsestlyonnais.fr\/site\/2018\/09\/20\/vaulx-en-velin-beau-succes-populaire-et-sportif-du-25-triathlon\/#primaryimage\"},\"thumbnailUrl\":\"https:\/\/newsestlyonnais.fr\/site\/wp-content\/uploads\/2018\/09\/NEWSESTLYONNAIS-TRI-VAULX-2018-1.jpg\",\"datePublished\":\"2018-09-20T07:21:18+00:00\",\"dateModified\":\"2020-10-23T18:48:13+00:00\",\"description\":\"VAULX-EN-VELIN | Beau succ\u00e8s populaire et sportif du 25\u00b0 triathlon\",\"breadcrumb\":{\"@id\":\"https:\/\/newsestlyonnais.fr\/site\/2018\/09\/20\/vaulx-en-velin-beau-succes-populaire-et-sportif-du-25-triathlon\/#breadcrumb\"},\"inLanguage\":\"fr-FR\",\"potentialAction\":[{\"@type\":\"ReadAction\",\"target\":[\"https:\/\/newsestlyonnais.fr\/site\/2018\/09\/20\/vaulx-en-velin-beau-succes-populaire-et-sportif-du-25-triathlon\/\"]}]},{\"@type\":\"ImageObject\",\"inLanguage\":\"fr-FR\",\"@id\":\"https:\/\/newsestlyonnais.fr\/site\/2018\/09\/20\/vaulx-en-velin-beau-succes-populaire-et-sportif-du-25-triathlon\/#primaryimage\",\"url\":\"https:\/\/newsestlyonnais.fr\/site\/wp-content\/uploads\/2018\/09\/NEWSESTLYONNAIS-TRI-VAULX-2018-1.jpg\",\"contentUrl\":\"https:\/\/newsestlyonnais.fr\/site\/wp-content\/uploads\/2018\/09\/NEWSESTLYONNAIS-TRI-VAULX-2018-1.jpg\",\"width\":2048,\"height\":1536,\"caption\":\"NEWSESTLYONNAIS TRI VAULX 2018 1\"},{\"@type\":\"BreadcrumbList\",\"@id\":\"https:\/\/newsestlyonnais.fr\/site\/2018\/09\/20\/vaulx-en-velin-beau-succes-populaire-et-sportif-du-25-triathlon\/#breadcrumb\",\"itemListElement\":[{\"@type\":\"ListItem\",\"position\":1,\"name\":\"Accueil\",\"item\":\"https:\/\/newsestlyonnais.fr\/site\/\"},{\"@type\":\"ListItem\",\"position\":2,\"name\":\"VAULX-EN-VELIN | Beau succ\u00e8s populaire et sportif du 25\u00b0 triathlon\"}]},{\"@type\":\"WebSite\",\"@id\":\"https:\/\/newsestlyonnais.fr\/site\/#website\",\"url\":\"https:\/\/newsestlyonnais.fr\/site\/\",\"name\":\"News Est Lyonnais\",\"description\":\"L&#039;actualit\u00e9 au plus pr\u00e8s\",\"publisher\":{\"@id\":\"https:\/\/newsestlyonnais.fr\/site\/#organization\"},\"potentialAction\":[{\"@type\":\"SearchAction\",\"target\":{\"@type\":\"EntryPoint\",\"urlTemplate\":\"https:\/\/newsestlyonnais.fr\/site\/?s={search_term_string}\"},\"query-input\":{\"@type\":\"PropertyValueSpecification\",\"valueRequired\":true,\"valueName\":\"search_term_string\"}}],\"inLanguage\":\"fr-FR\"},{\"@type\":\"Organization\",\"@id\":\"https:\/\/newsestlyonnais.fr\/site\/#organization\",\"name\":\"News EST LYONNAIS\",\"url\":\"https:\/\/newsestlyonnais.fr\/site\/\",\"logo\":{\"@type\":\"ImageObject\",\"inLanguage\":\"fr-FR\",\"@id\":\"https:\/\/newsestlyonnais.fr\/site\/#\/schema\/logo\/image\/\",\"url\":\"\",\"contentUrl\":\"\",\"caption\":\"News EST LYONNAIS\"},\"image\":{\"@id\":\"https:\/\/newsestlyonnais.fr\/site\/#\/schema\/logo\/image\/\"}},{\"@type\":\"Person\",\"@id\":\"https:\/\/newsestlyonnais.fr\/site\/#\/schema\/person\/3230d5615f390bb808365d673001e887\",\"name\":\"R\u00e9dac. NEWS\",\"sameAs\":[\"http:\/\/www.newsestlyonnais.fr\",\"https:\/\/www.facebook.com\/pascal.oberson.1?fref=ts\",\"https:\/\/fr.linkedin.com\/in\/pascal-oberson-b17045113\"],\"url\":\"https:\/\/newsestlyonnais.fr\/site\/author\/nel\/\"}]}<\/script>\n<!-- \/ Yoast SEO plugin. -->","yoast_head_json":{"title":"VAULX-EN-VELIN | Beau succ\u00e8s populaire et sportif du 25\u00b0 triathlon","description":"VAULX-EN-VELIN | Beau succ\u00e8s populaire et sportif du 25\u00b0 triathlon","robots":{"index":"index","follow":"follow","max-snippet":"max-snippet:-1","max-image-preview":"max-image-preview:large","max-video-preview":"max-video-preview:-1"},"canonical":"https:\/\/newsestlyonnais.fr\/site\/2018\/09\/20\/vaulx-en-velin-beau-succes-populaire-et-sportif-du-25-triathlon\/","og_locale":"fr_FR","og_type":"article","og_title":"VAULX-EN-VELIN | Beau succ\u00e8s populaire et sportif du 25\u00b0 triathlon","og_description":"VAULX-EN-VELIN | Beau succ\u00e8s populaire et sportif du 25\u00b0 triathlon","og_url":"https:\/\/newsestlyonnais.fr\/site\/2018\/09\/20\/vaulx-en-velin-beau-succes-populaire-et-sportif-du-25-triathlon\/","og_site_name":"News Est Lyonnais","article_author":"https:\/\/www.facebook.com\/pascal.oberson.1?fref=ts","article_published_time":"2018-09-20T07:21:18+00:00","article_modified_time":"2020-10-23T18:48:13+00:00","og_image":[{"width":2048,"height":1536,"url":"https:\/\/i0.wp.com\/newsestlyonnais.fr\/site\/wp-content\/uploads\/2018\/09\/NEWSESTLYONNAIS-TRI-VAULX-2018-1.jpg?fit=2048%2C1536&ssl=1","type":"image\/jpeg"}],"author":"R\u00e9dac. NEWS","twitter_card":"summary_large_image","twitter_misc":{"\u00c9crit par":"R\u00e9dac. NEWS","Dur\u00e9e de lecture estim\u00e9e":"1 minute"},"schema":{"@context":"https:\/\/schema.org","@graph":[{"@type":"Article","@id":"https:\/\/newsestlyonnais.fr\/site\/2018\/09\/20\/vaulx-en-velin-beau-succes-populaire-et-sportif-du-25-triathlon\/#article","isPartOf":{"@id":"https:\/\/newsestlyonnais.fr\/site\/2018\/09\/20\/vaulx-en-velin-beau-succes-populaire-et-sportif-du-25-triathlon\/"},"author":{"name":"R\u00e9dac. NEWS","@id":"https:\/\/newsestlyonnais.fr\/site\/#\/schema\/person\/3230d5615f390bb808365d673001e887"},"headline":"VAULX-EN-VELIN | Beau succ\u00e8s populaire et sportif du 25\u00b0 triathlon","datePublished":"2018-09-20T07:21:18+00:00","dateModified":"2020-10-23T18:48:13+00:00","mainEntityOfPage":{"@id":"https:\/\/newsestlyonnais.fr\/site\/2018\/09\/20\/vaulx-en-velin-beau-succes-populaire-et-sportif-du-25-triathlon\/"},"wordCount":160,"commentCount":0,"publisher":{"@id":"https:\/\/newsestlyonnais.fr\/site\/#organization"},"image":{"@id":"https:\/\/newsestlyonnais.fr\/site\/2018\/09\/20\/vaulx-en-velin-beau-succes-populaire-et-sportif-du-25-triathlon\/#primaryimage"},"thumbnailUrl":"https:\/\/newsestlyonnais.fr\/site\/wp-content\/uploads\/2018\/09\/NEWSESTLYONNAIS-TRI-VAULX-2018-1.jpg","keywords":["TRIATHLON","VAULX EN VELIN TRIATHLON"],"articleSection":["Natation | Triathlon","Triathlon","Vaulx-en-Velin"],"inLanguage":"fr-FR","potentialAction":[{"@type":"CommentAction","name":"Comment","target":["https:\/\/newsestlyonnais.fr\/site\/2018\/09\/20\/vaulx-en-velin-beau-succes-populaire-et-sportif-du-25-triathlon\/#respond"]}]},{"@type":"WebPage","@id":"https:\/\/newsestlyonnais.fr\/site\/2018\/09\/20\/vaulx-en-velin-beau-succes-populaire-et-sportif-du-25-triathlon\/","url":"https:\/\/newsestlyonnais.fr\/site\/2018\/09\/20\/vaulx-en-velin-beau-succes-populaire-et-sportif-du-25-triathlon\/","name":"VAULX-EN-VELIN | Beau succ\u00e8s populaire et sportif du 25\u00b0 triathlon","isPartOf":{"@id":"https:\/\/newsestlyonnais.fr\/site\/#website"},"primaryImageOfPage":{"@id":"https:\/\/newsestlyonnais.fr\/site\/2018\/09\/20\/vaulx-en-velin-beau-succes-populaire-et-sportif-du-25-triathlon\/#primaryimage"},"image":{"@id":"https:\/\/newsestlyonnais.fr\/site\/2018\/09\/20\/vaulx-en-velin-beau-succes-populaire-et-sportif-du-25-triathlon\/#primaryimage"},"thumbnailUrl":"https:\/\/newsestlyonnais.fr\/site\/wp-content\/uploads\/2018\/09\/NEWSESTLYONNAIS-TRI-VAULX-2018-1.jpg","datePublished":"2018-09-20T07:21:18+00:00","dateModified":"2020-10-23T18:48:13+00:00","description":"VAULX-EN-VELIN | Beau succ\u00e8s populaire et sportif du 25\u00b0 triathlon","breadcrumb":{"@id":"https:\/\/newsestlyonnais.fr\/site\/2018\/09\/20\/vaulx-en-velin-beau-succes-populaire-et-sportif-du-25-triathlon\/#breadcrumb"},"inLanguage":"fr-FR","potentialAction":[{"@type":"ReadAction","target":["https:\/\/newsestlyonnais.fr\/site\/2018\/09\/20\/vaulx-en-velin-beau-succes-populaire-et-sportif-du-25-triathlon\/"]}]},{"@type":"ImageObject","inLanguage":"fr-FR","@id":"https:\/\/newsestlyonnais.fr\/site\/2018\/09\/20\/vaulx-en-velin-beau-succes-populaire-et-sportif-du-25-triathlon\/#primaryimage","url":"https:\/\/newsestlyonnais.fr\/site\/wp-content\/uploads\/2018\/09\/NEWSESTLYONNAIS-TRI-VAULX-2018-1.jpg","contentUrl":"https:\/\/newsestlyonnais.fr\/site\/wp-content\/uploads\/2018\/09\/NEWSESTLYONNAIS-TRI-VAULX-2018-1.jpg","width":2048,"height":1536,"caption":"NEWSESTLYONNAIS TRI VAULX 2018 1"},{"@type":"BreadcrumbList","@id":"https:\/\/newsestlyonnais.fr\/site\/2018\/09\/20\/vaulx-en-velin-beau-succes-populaire-et-sportif-du-25-triathlon\/#breadcrumb","itemListElement":[{"@type":"ListItem","position":1,"name":"Accueil","item":"https:\/\/newsestlyonnais.fr\/site\/"},{"@type":"ListItem","position":2,"name":"VAULX-EN-VELIN | Beau succ\u00e8s populaire et sportif du 25\u00b0 triathlon"}]},{"@type":"WebSite","@id":"https:\/\/newsestlyonnais.fr\/site\/#website","url":"https:\/\/newsestlyonnais.fr\/site\/","name":"News Est Lyonnais","description":"L&#039;actualit\u00e9 au plus pr\u00e8s","publisher":{"@id":"https:\/\/newsestlyonnais.fr\/site\/#organization"},"potentialAction":[{"@type":"SearchAction","target":{"@type":"EntryPoint","urlTemplate":"https:\/\/newsestlyonnais.fr\/site\/?s={search_term_string}"},"query-input":{"@type":"PropertyValueSpecification","valueRequired":true,"valueName":"search_term_string"}}],"inLanguage":"fr-FR"},{"@type":"Organization","@id":"https:\/\/newsestlyonnais.fr\/site\/#organization","name":"News EST LYONNAIS","url":"https:\/\/newsestlyonnais.fr\/site\/","logo":{"@type":"ImageObject","inLanguage":"fr-FR","@id":"https:\/\/newsestlyonnais.fr\/site\/#\/schema\/logo\/image\/","url":"","contentUrl":"","caption":"News EST LYONNAIS"},"image":{"@id":"https:\/\/newsestlyonnais.fr\/site\/#\/schema\/logo\/image\/"}},{"@type":"Person","@id":"https:\/\/newsestlyonnais.fr\/site\/#\/schema\/person\/3230d5615f390bb808365d673001e887","name":"R\u00e9dac. NEWS","sameAs":["http:\/\/www.newsestlyonnais.fr","https:\/\/www.facebook.com\/pascal.oberson.1?fref=ts","https:\/\/fr.linkedin.com\/in\/pascal-oberson-b17045113"],"url":"https:\/\/newsestlyonnais.fr\/site\/author\/nel\/"}]}},"_links":{"self":[{"href":"https:\/\/newsestlyonnais.fr\/site\/wp-json\/wp\/v2\/posts\/56837","targetHints":{"allow":["GET"]}}],"collection":[{"href":"https:\/\/newsestlyonnais.fr\/site\/wp-json\/wp\/v2\/posts"}],"about":[{"href":"https:\/\/newsestlyonnais.fr\/site\/wp-json\/wp\/v2\/types\/post"}],"author":[{"embeddable":true,"href":"https:\/\/newsestlyonnais.fr\/site\/wp-json\/wp\/v2\/users\/4"}],"replies":[{"embeddable":true,"href":"https:\/\/newsestlyonnais.fr\/site\/wp-json\/wp\/v2\/comments?post=56837"}],"version-history":[{"count":0,"href":"https:\/\/newsestlyonnais.fr\/site\/wp-json\/wp\/v2\/posts\/56837\/revisions"}],"wp:featuredmedia":[{"embeddable":true,"href":"https:\/\/newsestlyonnais.fr\/site\/wp-json\/wp\/v2\/media\/56840"}],"wp:attachment":[{"href":"https:\/\/newsestlyonnais.fr\/site\/wp-json\/wp\/v2\/media?parent=56837"}],"wp:term":[{"taxonomy":"category","embeddable":true,"href":"https:\/\/newsestlyonnais.fr\/site\/wp-json\/wp\/v2\/categories?post=56837"},{"taxonomy":"post_tag","embeddable":true,"href":"https:\/\/newsestlyonnais.fr\/site\/wp-json\/wp\/v2\/tags?post=56837"}],"curies":[{"name":"wp","href":"https:\/\/api.w.org\/{rel}","templated":true}]}}