{"id":56859,"date":"2018-09-24T06:38:52","date_gmt":"2018-09-24T05:38:52","guid":{"rendered":"http:\/\/newsestlyonnais.fr\/site\/?p=56859"},"modified":"2021-04-13T17:34:33","modified_gmt":"2021-04-13T16:34:33","slug":"vaulx-en-velin-les-manifestations-du-24-au-30-septembre-2018","status":"publish","type":"post","link":"https:\/\/newsestlyonnais.fr\/site\/2018\/09\/24\/vaulx-en-velin-les-manifestations-du-24-au-30-septembre-2018\/","title":{"rendered":"VAULX-EN-VELIN | Les manifestations du 24 au 30 Septembre 2018"},"content":{"rendered":"<h4>Nombreux sont les \u00e9v\u00e8nements et manifestations qui se d\u00e9rouleront durant cette p\u00e9riode, sur la commune vaudaise, \u00e0 savoir :<\/h4>\n<ul>\n<li><strong>Mercredi 26 septembre, \u00e0 13 h 30<\/strong> : <span style=\"text-decoration: underline\">Duplicate de Scrabble <\/span>: (Salle Edith-Piaf, rue du M\u00e9boud). Entr\u00e9e libre et gratuite. Venez jouer \u00e0 cette variante du jeu de Scrabble. Animation par des b\u00e9n\u00e9voles motiv\u00e9s. Et aussi : &#8211; <span style=\"text-decoration: underline\">Lundi 24 septembre \u00e0 14 h<\/span> : projection du documentaire &lsquo;Les civilisations anciennes\u00a0\u00bb dans la s\u00e9rie \u00ab\u00a0H\u00e9ritage du monde\u00a0\u00bb. &#8211; <span style=\"text-decoration: underline\">Jeudi 27 septembre de 14 h \u00e0 16 h 30<\/span> : Pause caf\u00e9, venez-vous retrouver autour d&rsquo;un caf\u00e9, discuter, lire, \u00e9changer. (1 \u20ac). Inscriptions et informations sur les animations seniors aupr\u00e8s du Service Municipal des Retrait\u00e9s au 04.72 04.78.40<\/li>\n<li><strong>Du mercredi 26 septembre au mercredi 10 octobre<\/strong> : <span style=\"text-decoration: underline\">Inscriptions aux accueils de Loisirs pour les Vacances d&rsquo;Automne<\/span> : Les enfants scolaris\u00e9s et \u00e2g\u00e9s de 3 \u00e0 14 ans (r\u00e9volus) peuvent s&rsquo;y inscrire pour les semaines du Lundi 22 au vendredi 26 octobre &amp; Lundi 29 octobre au vendredi 2 novembre (ferm\u00e9 le jeudi 1\u00b0 novembre, jour f\u00e9ri\u00e9) : <span style=\"text-decoration: underline\">Pour les accueils de loisirs avec repas<\/span> : inscriptions aupr\u00e8s de l&rsquo;espace famille (H\u00f4tel de Ville, 2e \u00e9tage) ou de la mairie annexe. <span style=\"text-decoration: underline\">Pour les accueils de loisirs sans repas<\/span> : inscriptions aupr\u00e8s de l&rsquo;accueil de loisirs de votre choix. + d&rsquo;infos : Espace Famille (H\u00f4tel de Ville, 2\u00b0 \u00e9tage), t\u00e9l. : 04 72 04 81 51.<\/li>\n<li><strong>Du 26 septembre 2018 au 6 f\u00e9vrier 2019 (Les mercredis)<\/strong> : <span style=\"text-decoration: underline\">Jardin Aquatique pour les 4-6 ans<\/span>. \u00c0 la piscine Jean Gelet. Payant, sur inscription.Votre enfant a entre 4 et 6 ans ? L&rsquo;\u00e9quipe de la piscine Jean Gelet lui propose une nouvelle activit\u00e9 ludique : le jardin aquatique. Tapis flottant, toboggan, frites g\u00e9antes : tout en jouant, votre enfant apprend \u00e0 se familiariser avec l&rsquo;eau et \u00e0 \u00e9voluer en autonomie. &#8211; Les mercredis de 9 h \u00e0 9 h 45 (enfants de 4 \u00e0 5 ans) &amp; les mercredis de 10 h \u00e0 11 h (5 \u00e0 6 ans). Informations et inscriptions : Piscine Jean Gelet, 4 avenue Maurice Thorez, t\u00e9l. 04 78 80 73 01 et sur : <a href=\"http:\/\/www.vaulx-en-velin.net\/jeunesse-sports\/actu\/Jardin-aquatique-une-nouvelle-activite-a-la-piscine-Jean-Gelet\" target=\"_blank\" rel=\"noopener\">http:\/\/www.vaulx-en-velin.net\/jeunesse-sports\/actu\/Jardin-aquatique-une-nouvelle-activite-a-la-piscine-Jean-Gelet<\/a>Ven<\/li>\n<li><strong>Vendredi 28 septembre, de 16 h 30 \u00e0 22 h<\/strong> : <span style=\"text-decoration: underline\">F\u00eate des Groli\u00e8res<\/span>. (Devant la salle des Groli\u00e8res, pr\u00e8s du mur d&rsquo;escalade). Entr\u00e9e libre et gratuite. Retrouvez comme chaque ann\u00e9e la f\u00eate des Groli\u00e8res, organis\u00e9e par la Ville et les associations du quartier. Ch\u00e2teau gonflable, stands de jeux (p\u00eache \u00e0 la ligne&#8230;), espace lectures : de nombreuses animations vous attendent pour ce rendez-vous convivial \u00e0 partager ensemble. Un repas avec un barbecue cl\u00f4turera ce moment festif ! Espace Frachon, 3 avenue Maurice-Thorez, t\u00e9l. : 04 72 04 94 56.<\/li>\n<li><strong>Dimanche 30 septembre, de 11 h \u00e0 11 h 45<\/strong> : <span style=\"text-decoration: underline\">Visite guid\u00e9e de l&rsquo;\u00celoz.<\/span> (Grand Parc Miribel Jonage). Entr\u00e9e libre et gratuite.L\u2019\u00eeloz\u2019 \u00e9tait autrefois une ferme en plein champ. Si des animaux (ch\u00e8vres, vaches, chevaux\u2026) y sont encore pr\u00e9sents ou de passage, le site est aujourd\u2019hui un lieu de d\u00e9couverte du fleuve Rh\u00f4ne et de ses milieux. Salles d\u2019exposition, espaces interactifs, jardins&#8230; Un animateur vous fera parcourir le site pour tout savoir sur L\u2019\u00eeloz\u2019. + d&rsquo;infos : L&rsquo;\u00eeloz, t\u00e9l. : 04. 37. 26. 85. 10 et sur : <a href=\"https:\/\/www.grand-parc.fr\">https:\/\/www.grand-parc.fr<\/a><\/li>\n<\/ul>\n<p><strong>Retrouvez l\u2019ACTU de la commune sur : <a href=\"http:\/\/www.vaulx-en-velin.net\" target=\"_blank\" rel=\"noopener\">http:\/\/www.vaulx-en-velin.net<\/a><\/strong><\/p>\n","protected":false},"excerpt":{"rendered":"<p>Nombreux sont les \u00e9v\u00e8nements et manifestations qui se d\u00e9rouleront durant cette p\u00e9riode, sur la commune vaudaise, \u00e0 savoir : Mercredi 26 septembre, \u00e0 13 h 30 : Duplicate de Scrabble : (Salle Edith-Piaf, rue du M\u00e9boud). Entr\u00e9e libre et gratuite. Venez jouer \u00e0 cette variante du jeu de Scrabble. Animation par des b\u00e9n\u00e9voles motiv\u00e9s. Et [&hellip;]<\/p>\n","protected":false},"author":4,"featured_media":25509,"comment_status":"open","ping_status":"open","sticky":false,"template":"","format":"standard","meta":{"footnotes":""},"categories":[30,28],"tags":[],"class_list":["post-56859","post","type-post","status-publish","format-standard","has-post-thumbnail","hentry","category-a-la-une","category-vaulx-en-velin"],"yoast_head":"<!-- This site is optimized with the Yoast SEO plugin v27.2 - https:\/\/yoast.com\/product\/yoast-seo-wordpress\/ -->\n<title>VAULX EN VELIN : L\u2019agenda des manifestations du 24 au 30 Septembre 2018<\/title>\n<meta name=\"description\" content=\"VAULX EN VELIN : L\u2019agenda des manifestations du 24 au 30 Septembre 2018\" \/>\n<meta name=\"robots\" content=\"index, follow, max-snippet:-1, max-image-preview:large, max-video-preview:-1\" \/>\n<link rel=\"canonical\" href=\"https:\/\/newsestlyonnais.fr\/site\/2018\/09\/24\/vaulx-en-velin-les-manifestations-du-24-au-30-septembre-2018\/\" \/>\n<meta property=\"og:locale\" content=\"fr_FR\" \/>\n<meta property=\"og:type\" content=\"article\" \/>\n<meta property=\"og:title\" content=\"VAULX EN VELIN : L\u2019agenda des manifestations du 24 au 30 Septembre 2018\" \/>\n<meta property=\"og:description\" content=\"VAULX EN VELIN : L\u2019agenda des manifestations du 24 au 30 Septembre 2018\" \/>\n<meta property=\"og:url\" content=\"https:\/\/newsestlyonnais.fr\/site\/2018\/09\/24\/vaulx-en-velin-les-manifestations-du-24-au-30-septembre-2018\/\" \/>\n<meta property=\"og:site_name\" content=\"News Est Lyonnais\" \/>\n<meta property=\"article:author\" content=\"https:\/\/www.facebook.com\/pascal.oberson.1?fref=ts\" \/>\n<meta property=\"article:published_time\" content=\"2018-09-24T05:38:52+00:00\" \/>\n<meta property=\"article:modified_time\" content=\"2021-04-13T16:34:33+00:00\" \/>\n<meta property=\"og:image\" content=\"https:\/\/i1.wp.com\/newsestlyonnais.fr\/site\/wp-content\/uploads\/2017\/05\/NEWSESTLYONNAIS-PaNNEAU-VAULX-.jpg?fit=1000%2C750&ssl=1\" \/>\n\t<meta property=\"og:image:width\" content=\"1000\" \/>\n\t<meta property=\"og:image:height\" content=\"750\" \/>\n\t<meta property=\"og:image:type\" content=\"image\/jpeg\" \/>\n<meta name=\"author\" content=\"R\u00e9dac. NEWS\" \/>\n<meta name=\"twitter:card\" content=\"summary_large_image\" \/>\n<meta name=\"twitter:label1\" content=\"\u00c9crit par\" \/>\n\t<meta name=\"twitter:data1\" content=\"R\u00e9dac. NEWS\" \/>\n\t<meta name=\"twitter:label2\" content=\"Dur\u00e9e de lecture estim\u00e9e\" \/>\n\t<meta name=\"twitter:data2\" content=\"2 minutes\" \/>\n<script type=\"application\/ld+json\" class=\"yoast-schema-graph\">{\"@context\":\"https:\/\/schema.org\",\"@graph\":[{\"@type\":\"Article\",\"@id\":\"https:\/\/newsestlyonnais.fr\/site\/2018\/09\/24\/vaulx-en-velin-les-manifestations-du-24-au-30-septembre-2018\/#article\",\"isPartOf\":{\"@id\":\"https:\/\/newsestlyonnais.fr\/site\/2018\/09\/24\/vaulx-en-velin-les-manifestations-du-24-au-30-septembre-2018\/\"},\"author\":{\"name\":\"R\u00e9dac. NEWS\",\"@id\":\"https:\/\/newsestlyonnais.fr\/site\/#\/schema\/person\/3230d5615f390bb808365d673001e887\"},\"headline\":\"VAULX-EN-VELIN | Les manifestations du 24 au 30 Septembre 2018\",\"datePublished\":\"2018-09-24T05:38:52+00:00\",\"dateModified\":\"2021-04-13T16:34:33+00:00\",\"mainEntityOfPage\":{\"@id\":\"https:\/\/newsestlyonnais.fr\/site\/2018\/09\/24\/vaulx-en-velin-les-manifestations-du-24-au-30-septembre-2018\/\"},\"wordCount\":508,\"commentCount\":0,\"publisher\":{\"@id\":\"https:\/\/newsestlyonnais.fr\/site\/#organization\"},\"image\":{\"@id\":\"https:\/\/newsestlyonnais.fr\/site\/2018\/09\/24\/vaulx-en-velin-les-manifestations-du-24-au-30-septembre-2018\/#primaryimage\"},\"thumbnailUrl\":\"https:\/\/newsestlyonnais.fr\/site\/wp-content\/uploads\/2017\/05\/NEWSESTLYONNAIS-PaNNEAU-VAULX-.jpg\",\"articleSection\":[\"\u00e0 la une\",\"Vaulx-en-Velin\"],\"inLanguage\":\"fr-FR\",\"potentialAction\":[{\"@type\":\"CommentAction\",\"name\":\"Comment\",\"target\":[\"https:\/\/newsestlyonnais.fr\/site\/2018\/09\/24\/vaulx-en-velin-les-manifestations-du-24-au-30-septembre-2018\/#respond\"]}]},{\"@type\":\"WebPage\",\"@id\":\"https:\/\/newsestlyonnais.fr\/site\/2018\/09\/24\/vaulx-en-velin-les-manifestations-du-24-au-30-septembre-2018\/\",\"url\":\"https:\/\/newsestlyonnais.fr\/site\/2018\/09\/24\/vaulx-en-velin-les-manifestations-du-24-au-30-septembre-2018\/\",\"name\":\"VAULX EN VELIN : L\u2019agenda des manifestations du 24 au 30 Septembre 2018\",\"isPartOf\":{\"@id\":\"https:\/\/newsestlyonnais.fr\/site\/#website\"},\"primaryImageOfPage\":{\"@id\":\"https:\/\/newsestlyonnais.fr\/site\/2018\/09\/24\/vaulx-en-velin-les-manifestations-du-24-au-30-septembre-2018\/#primaryimage\"},\"image\":{\"@id\":\"https:\/\/newsestlyonnais.fr\/site\/2018\/09\/24\/vaulx-en-velin-les-manifestations-du-24-au-30-septembre-2018\/#primaryimage\"},\"thumbnailUrl\":\"https:\/\/newsestlyonnais.fr\/site\/wp-content\/uploads\/2017\/05\/NEWSESTLYONNAIS-PaNNEAU-VAULX-.jpg\",\"datePublished\":\"2018-09-24T05:38:52+00:00\",\"dateModified\":\"2021-04-13T16:34:33+00:00\",\"description\":\"VAULX EN VELIN : L\u2019agenda des manifestations du 24 au 30 Septembre 2018\",\"breadcrumb\":{\"@id\":\"https:\/\/newsestlyonnais.fr\/site\/2018\/09\/24\/vaulx-en-velin-les-manifestations-du-24-au-30-septembre-2018\/#breadcrumb\"},\"inLanguage\":\"fr-FR\",\"potentialAction\":[{\"@type\":\"ReadAction\",\"target\":[\"https:\/\/newsestlyonnais.fr\/site\/2018\/09\/24\/vaulx-en-velin-les-manifestations-du-24-au-30-septembre-2018\/\"]}]},{\"@type\":\"ImageObject\",\"inLanguage\":\"fr-FR\",\"@id\":\"https:\/\/newsestlyonnais.fr\/site\/2018\/09\/24\/vaulx-en-velin-les-manifestations-du-24-au-30-septembre-2018\/#primaryimage\",\"url\":\"https:\/\/newsestlyonnais.fr\/site\/wp-content\/uploads\/2017\/05\/NEWSESTLYONNAIS-PaNNEAU-VAULX-.jpg\",\"contentUrl\":\"https:\/\/newsestlyonnais.fr\/site\/wp-content\/uploads\/2017\/05\/NEWSESTLYONNAIS-PaNNEAU-VAULX-.jpg\",\"width\":1000,\"height\":750,\"caption\":\"NEWSESTLYONNAIS - PaNNEAU VAULX\"},{\"@type\":\"BreadcrumbList\",\"@id\":\"https:\/\/newsestlyonnais.fr\/site\/2018\/09\/24\/vaulx-en-velin-les-manifestations-du-24-au-30-septembre-2018\/#breadcrumb\",\"itemListElement\":[{\"@type\":\"ListItem\",\"position\":1,\"name\":\"Accueil\",\"item\":\"https:\/\/newsestlyonnais.fr\/site\/\"},{\"@type\":\"ListItem\",\"position\":2,\"name\":\"VAULX-EN-VELIN | Les manifestations du 24 au 30 Septembre 2018\"}]},{\"@type\":\"WebSite\",\"@id\":\"https:\/\/newsestlyonnais.fr\/site\/#website\",\"url\":\"https:\/\/newsestlyonnais.fr\/site\/\",\"name\":\"News Est Lyonnais\",\"description\":\"L&#039;actualit\u00e9 au plus pr\u00e8s\",\"publisher\":{\"@id\":\"https:\/\/newsestlyonnais.fr\/site\/#organization\"},\"potentialAction\":[{\"@type\":\"SearchAction\",\"target\":{\"@type\":\"EntryPoint\",\"urlTemplate\":\"https:\/\/newsestlyonnais.fr\/site\/?s={search_term_string}\"},\"query-input\":{\"@type\":\"PropertyValueSpecification\",\"valueRequired\":true,\"valueName\":\"search_term_string\"}}],\"inLanguage\":\"fr-FR\"},{\"@type\":\"Organization\",\"@id\":\"https:\/\/newsestlyonnais.fr\/site\/#organization\",\"name\":\"News EST LYONNAIS\",\"url\":\"https:\/\/newsestlyonnais.fr\/site\/\",\"logo\":{\"@type\":\"ImageObject\",\"inLanguage\":\"fr-FR\",\"@id\":\"https:\/\/newsestlyonnais.fr\/site\/#\/schema\/logo\/image\/\",\"url\":\"\",\"contentUrl\":\"\",\"caption\":\"News EST LYONNAIS\"},\"image\":{\"@id\":\"https:\/\/newsestlyonnais.fr\/site\/#\/schema\/logo\/image\/\"}},{\"@type\":\"Person\",\"@id\":\"https:\/\/newsestlyonnais.fr\/site\/#\/schema\/person\/3230d5615f390bb808365d673001e887\",\"name\":\"R\u00e9dac. NEWS\",\"sameAs\":[\"http:\/\/www.newsestlyonnais.fr\",\"https:\/\/www.facebook.com\/pascal.oberson.1?fref=ts\",\"https:\/\/fr.linkedin.com\/in\/pascal-oberson-b17045113\"],\"url\":\"https:\/\/newsestlyonnais.fr\/site\/author\/nel\/\"}]}<\/script>\n<!-- \/ Yoast SEO plugin. -->","yoast_head_json":{"title":"VAULX EN VELIN : L\u2019agenda des manifestations du 24 au 30 Septembre 2018","description":"VAULX EN VELIN : L\u2019agenda des manifestations du 24 au 30 Septembre 2018","robots":{"index":"index","follow":"follow","max-snippet":"max-snippet:-1","max-image-preview":"max-image-preview:large","max-video-preview":"max-video-preview:-1"},"canonical":"https:\/\/newsestlyonnais.fr\/site\/2018\/09\/24\/vaulx-en-velin-les-manifestations-du-24-au-30-septembre-2018\/","og_locale":"fr_FR","og_type":"article","og_title":"VAULX EN VELIN : L\u2019agenda des manifestations du 24 au 30 Septembre 2018","og_description":"VAULX EN VELIN : L\u2019agenda des manifestations du 24 au 30 Septembre 2018","og_url":"https:\/\/newsestlyonnais.fr\/site\/2018\/09\/24\/vaulx-en-velin-les-manifestations-du-24-au-30-septembre-2018\/","og_site_name":"News Est Lyonnais","article_author":"https:\/\/www.facebook.com\/pascal.oberson.1?fref=ts","article_published_time":"2018-09-24T05:38:52+00:00","article_modified_time":"2021-04-13T16:34:33+00:00","og_image":[{"width":1000,"height":750,"url":"https:\/\/i1.wp.com\/newsestlyonnais.fr\/site\/wp-content\/uploads\/2017\/05\/NEWSESTLYONNAIS-PaNNEAU-VAULX-.jpg?fit=1000%2C750&ssl=1","type":"image\/jpeg"}],"author":"R\u00e9dac. NEWS","twitter_card":"summary_large_image","twitter_misc":{"\u00c9crit par":"R\u00e9dac. NEWS","Dur\u00e9e de lecture estim\u00e9e":"2 minutes"},"schema":{"@context":"https:\/\/schema.org","@graph":[{"@type":"Article","@id":"https:\/\/newsestlyonnais.fr\/site\/2018\/09\/24\/vaulx-en-velin-les-manifestations-du-24-au-30-septembre-2018\/#article","isPartOf":{"@id":"https:\/\/newsestlyonnais.fr\/site\/2018\/09\/24\/vaulx-en-velin-les-manifestations-du-24-au-30-septembre-2018\/"},"author":{"name":"R\u00e9dac. NEWS","@id":"https:\/\/newsestlyonnais.fr\/site\/#\/schema\/person\/3230d5615f390bb808365d673001e887"},"headline":"VAULX-EN-VELIN | Les manifestations du 24 au 30 Septembre 2018","datePublished":"2018-09-24T05:38:52+00:00","dateModified":"2021-04-13T16:34:33+00:00","mainEntityOfPage":{"@id":"https:\/\/newsestlyonnais.fr\/site\/2018\/09\/24\/vaulx-en-velin-les-manifestations-du-24-au-30-septembre-2018\/"},"wordCount":508,"commentCount":0,"publisher":{"@id":"https:\/\/newsestlyonnais.fr\/site\/#organization"},"image":{"@id":"https:\/\/newsestlyonnais.fr\/site\/2018\/09\/24\/vaulx-en-velin-les-manifestations-du-24-au-30-septembre-2018\/#primaryimage"},"thumbnailUrl":"https:\/\/newsestlyonnais.fr\/site\/wp-content\/uploads\/2017\/05\/NEWSESTLYONNAIS-PaNNEAU-VAULX-.jpg","articleSection":["\u00e0 la une","Vaulx-en-Velin"],"inLanguage":"fr-FR","potentialAction":[{"@type":"CommentAction","name":"Comment","target":["https:\/\/newsestlyonnais.fr\/site\/2018\/09\/24\/vaulx-en-velin-les-manifestations-du-24-au-30-septembre-2018\/#respond"]}]},{"@type":"WebPage","@id":"https:\/\/newsestlyonnais.fr\/site\/2018\/09\/24\/vaulx-en-velin-les-manifestations-du-24-au-30-septembre-2018\/","url":"https:\/\/newsestlyonnais.fr\/site\/2018\/09\/24\/vaulx-en-velin-les-manifestations-du-24-au-30-septembre-2018\/","name":"VAULX EN VELIN : L\u2019agenda des manifestations du 24 au 30 Septembre 2018","isPartOf":{"@id":"https:\/\/newsestlyonnais.fr\/site\/#website"},"primaryImageOfPage":{"@id":"https:\/\/newsestlyonnais.fr\/site\/2018\/09\/24\/vaulx-en-velin-les-manifestations-du-24-au-30-septembre-2018\/#primaryimage"},"image":{"@id":"https:\/\/newsestlyonnais.fr\/site\/2018\/09\/24\/vaulx-en-velin-les-manifestations-du-24-au-30-septembre-2018\/#primaryimage"},"thumbnailUrl":"https:\/\/newsestlyonnais.fr\/site\/wp-content\/uploads\/2017\/05\/NEWSESTLYONNAIS-PaNNEAU-VAULX-.jpg","datePublished":"2018-09-24T05:38:52+00:00","dateModified":"2021-04-13T16:34:33+00:00","description":"VAULX EN VELIN : L\u2019agenda des manifestations du 24 au 30 Septembre 2018","breadcrumb":{"@id":"https:\/\/newsestlyonnais.fr\/site\/2018\/09\/24\/vaulx-en-velin-les-manifestations-du-24-au-30-septembre-2018\/#breadcrumb"},"inLanguage":"fr-FR","potentialAction":[{"@type":"ReadAction","target":["https:\/\/newsestlyonnais.fr\/site\/2018\/09\/24\/vaulx-en-velin-les-manifestations-du-24-au-30-septembre-2018\/"]}]},{"@type":"ImageObject","inLanguage":"fr-FR","@id":"https:\/\/newsestlyonnais.fr\/site\/2018\/09\/24\/vaulx-en-velin-les-manifestations-du-24-au-30-septembre-2018\/#primaryimage","url":"https:\/\/newsestlyonnais.fr\/site\/wp-content\/uploads\/2017\/05\/NEWSESTLYONNAIS-PaNNEAU-VAULX-.jpg","contentUrl":"https:\/\/newsestlyonnais.fr\/site\/wp-content\/uploads\/2017\/05\/NEWSESTLYONNAIS-PaNNEAU-VAULX-.jpg","width":1000,"height":750,"caption":"NEWSESTLYONNAIS - PaNNEAU VAULX"},{"@type":"BreadcrumbList","@id":"https:\/\/newsestlyonnais.fr\/site\/2018\/09\/24\/vaulx-en-velin-les-manifestations-du-24-au-30-septembre-2018\/#breadcrumb","itemListElement":[{"@type":"ListItem","position":1,"name":"Accueil","item":"https:\/\/newsestlyonnais.fr\/site\/"},{"@type":"ListItem","position":2,"name":"VAULX-EN-VELIN | Les manifestations du 24 au 30 Septembre 2018"}]},{"@type":"WebSite","@id":"https:\/\/newsestlyonnais.fr\/site\/#website","url":"https:\/\/newsestlyonnais.fr\/site\/","name":"News Est Lyonnais","description":"L&#039;actualit\u00e9 au plus pr\u00e8s","publisher":{"@id":"https:\/\/newsestlyonnais.fr\/site\/#organization"},"potentialAction":[{"@type":"SearchAction","target":{"@type":"EntryPoint","urlTemplate":"https:\/\/newsestlyonnais.fr\/site\/?s={search_term_string}"},"query-input":{"@type":"PropertyValueSpecification","valueRequired":true,"valueName":"search_term_string"}}],"inLanguage":"fr-FR"},{"@type":"Organization","@id":"https:\/\/newsestlyonnais.fr\/site\/#organization","name":"News EST LYONNAIS","url":"https:\/\/newsestlyonnais.fr\/site\/","logo":{"@type":"ImageObject","inLanguage":"fr-FR","@id":"https:\/\/newsestlyonnais.fr\/site\/#\/schema\/logo\/image\/","url":"","contentUrl":"","caption":"News EST LYONNAIS"},"image":{"@id":"https:\/\/newsestlyonnais.fr\/site\/#\/schema\/logo\/image\/"}},{"@type":"Person","@id":"https:\/\/newsestlyonnais.fr\/site\/#\/schema\/person\/3230d5615f390bb808365d673001e887","name":"R\u00e9dac. NEWS","sameAs":["http:\/\/www.newsestlyonnais.fr","https:\/\/www.facebook.com\/pascal.oberson.1?fref=ts","https:\/\/fr.linkedin.com\/in\/pascal-oberson-b17045113"],"url":"https:\/\/newsestlyonnais.fr\/site\/author\/nel\/"}]}},"_links":{"self":[{"href":"https:\/\/newsestlyonnais.fr\/site\/wp-json\/wp\/v2\/posts\/56859","targetHints":{"allow":["GET"]}}],"collection":[{"href":"https:\/\/newsestlyonnais.fr\/site\/wp-json\/wp\/v2\/posts"}],"about":[{"href":"https:\/\/newsestlyonnais.fr\/site\/wp-json\/wp\/v2\/types\/post"}],"author":[{"embeddable":true,"href":"https:\/\/newsestlyonnais.fr\/site\/wp-json\/wp\/v2\/users\/4"}],"replies":[{"embeddable":true,"href":"https:\/\/newsestlyonnais.fr\/site\/wp-json\/wp\/v2\/comments?post=56859"}],"version-history":[{"count":0,"href":"https:\/\/newsestlyonnais.fr\/site\/wp-json\/wp\/v2\/posts\/56859\/revisions"}],"wp:featuredmedia":[{"embeddable":true,"href":"https:\/\/newsestlyonnais.fr\/site\/wp-json\/wp\/v2\/media\/25509"}],"wp:attachment":[{"href":"https:\/\/newsestlyonnais.fr\/site\/wp-json\/wp\/v2\/media?parent=56859"}],"wp:term":[{"taxonomy":"category","embeddable":true,"href":"https:\/\/newsestlyonnais.fr\/site\/wp-json\/wp\/v2\/categories?post=56859"},{"taxonomy":"post_tag","embeddable":true,"href":"https:\/\/newsestlyonnais.fr\/site\/wp-json\/wp\/v2\/tags?post=56859"}],"curies":[{"name":"wp","href":"https:\/\/api.w.org\/{rel}","templated":true}]}}