{"id":57110,"date":"2018-09-23T14:32:59","date_gmt":"2018-09-23T13:32:59","guid":{"rendered":"http:\/\/newsestlyonnais.fr\/site\/?p=57110"},"modified":"2020-11-02T17:38:47","modified_gmt":"2020-11-02T16:38:47","slug":"vaulx-en-velin-lactualite-du-vaulx-basket-club","status":"publish","type":"post","link":"https:\/\/newsestlyonnais.fr\/site\/2018\/09\/23\/vaulx-en-velin-lactualite-du-vaulx-basket-club\/","title":{"rendered":"VAULX-EN-VELIN | L\u2019actualit\u00e9 du Vaulx Basket Club"},"content":{"rendered":"<h4><span class=\"_5yl5\">Le d\u00e9but de saison a dans l\u2019ensemble \u00e9t\u00e9 positif pour les diff\u00e9rentes formations du Vaulx Basket Club qui \u00e9voluent au niveau d\u00e9partemental, r\u00e9gional et m\u00eame national.\u00a0 <\/span><\/h4>\n<p>Retour sur les derni\u00e8res rencontres disput\u00e9es :<\/p>\n<ul>\n<li>\u00a0<strong>Seniors 1 gar\u00e7ons (Nationale 2)<\/strong> : Premi\u00e8re rencontre \u00e0 domicile pour les vaudais le samedi 15 septembre dernier face \u00e0 la formation de l\u2019ASM Basket Le Puy en Velay 43. Retour r\u00e9ussi avec une victoire 77\/69 marqu\u00e9 par les grands d\u00e9buts de la recrue St\u00e9phane N\u00e9ri, qui est revenu au club et qui a inscrit 17 points. Ce samedi 22 septembre, les seniors vaudais se rendaient dans la Loire pour aller d\u00e9fier le Montbrison BC dans sa salle. Une 3\u00b0 rencontre de championnat malheureusement sold\u00e9e par une d\u00e9faite de 16 points (83\/67). Les hommes de Yohan Valla pourront se reprendre d\u00e8s samedi prochain en recevant l\u2019\u00e9quipe m\u00e9ridionale de Sapela Basket 13.<\/li>\n<\/ul>\n<ul>\n<li><strong>Seniors 2 gar\u00e7ons (R\u00e9gionale 2)<\/strong> : <em><strong>PHOTO A LA UNE<\/strong><\/em> : Pour leur premi\u00e8re rencontre de championnat, les vaudais accueillaient <span class=\"_5yl5\">Tarare, samedi 15 septembre dernier. Les Vaudais ont manqu\u00e9 d\u2019app\u00e9tit malgr\u00e9 un beau retour au score, perdant la rencontre (86\/81) dans les cinq derni\u00e8res minutes. Ils se sont bien repris ce dernier week-end en allant gagner \u00e0 St Jean Bonnefonds 63\/58 !<br \/>\n<\/span><\/li>\n<\/ul>\n<ul>\n<li><strong>U 18 France : (Elite masculine)<\/strong> : Premier match de la poule J pour les jeunes vaudais qui recevaient la Jeanne <span class=\"_5yl5\">d\u2019 Arc Vichy qui br\u00fble la politesse en s\u2019imposant de 5 points (86-81). Les U 18 France ont d\u00e9fendu leur chance jusqu\u2019au bout mais Vichy a \u00e9t\u00e9 un zeste plus fort ! Nouvelle d\u00e9faite la semaine suivante \u00e0 Roanne (92\/64) lors de la 2\u00b0 journ\u00e9e.<\/span><\/li>\n<\/ul>\n<p><strong>Retrouvez l&rsquo;ACTU du club sur : <a href=\"https:\/\/www.vaulxbasketclub.fr\" target=\"_blank\" rel=\"noopener noreferrer\">https:\/\/www.vaulxbasketclub.fr<\/a><\/strong><\/p>\n<div id='gallery-1' class='gallery galleryid-57110 gallery-columns-3 gallery-size-thumbnail'><figure class='gallery-item'>\n\t\t\t<div class='gallery-icon landscape'>\n\t\t\t\t<a href='https:\/\/newsestlyonnais.fr\/site\/2018\/09\/23\/vaulx-en-velin-lactualite-du-vaulx-basket-club\/newsestlyonnais-vbc-18-france\/'><img loading=\"lazy\" decoding=\"async\" width=\"150\" height=\"150\" src=\"https:\/\/newsestlyonnais.fr\/site\/wp-content\/uploads\/2018\/09\/NEWSESTLYONNAIS-VBC-18-FRANCE-150x150.jpg\" class=\"attachment-thumbnail size-thumbnail\" alt=\"NEWSESTLYONNAIS VBC 18 FRANCE\" aria-describedby=\"gallery-1-57115\" \/><\/a>\n\t\t\t<\/div>\n\t\t\t\t<figcaption class='wp-caption-text gallery-caption' id='gallery-1-57115'>\n\t\t\t\tLa formation des U18 France \n\t\t\t\t<\/figcaption><\/figure><figure class='gallery-item'>\n\t\t\t<div class='gallery-icon landscape'>\n\t\t\t\t<a href='https:\/\/newsestlyonnais.fr\/site\/2018\/09\/23\/vaulx-en-velin-lactualite-du-vaulx-basket-club\/newsestlyonnais-vbc-le-puy\/'><img loading=\"lazy\" decoding=\"async\" width=\"150\" height=\"150\" src=\"https:\/\/newsestlyonnais.fr\/site\/wp-content\/uploads\/2018\/09\/NEWSESTLYONNAIS-VBC-LE-PUY-150x150.jpg\" class=\"attachment-thumbnail size-thumbnail\" alt=\"NEWSESTLYONNAIS VBC LE PUY\" aria-describedby=\"gallery-1-57116\" \/><\/a>\n\t\t\t<\/div>\n\t\t\t\t<figcaption class='wp-caption-text gallery-caption' id='gallery-1-57116'>\n\t\t\t\tLa formation du Puy battue par les seniors vaudais le 15 septembre dernier \n\t\t\t\t<\/figcaption><\/figure>\n\t\t<\/div>\n\n","protected":false},"excerpt":{"rendered":"<p>Le d\u00e9but de saison a dans l\u2019ensemble \u00e9t\u00e9 positif pour les diff\u00e9rentes formations du Vaulx Basket Club qui \u00e9voluent au niveau d\u00e9partemental, r\u00e9gional et m\u00eame national.\u00a0 Retour sur les derni\u00e8res rencontres disput\u00e9es : \u00a0Seniors 1 gar\u00e7ons (Nationale 2) : Premi\u00e8re rencontre \u00e0 domicile pour les vaudais le samedi 15 septembre dernier face \u00e0 la formation [&hellip;]<\/p>\n","protected":false},"author":4,"featured_media":57114,"comment_status":"open","ping_status":"open","sticky":false,"template":"","format":"standard","meta":{"footnotes":""},"categories":[1357,2975,4,28],"tags":[],"class_list":["post-57110","post","type-post","status-publish","format-standard","has-post-thumbnail","hentry","category-basket","category-basket-hand-volley-sports","category-evenements-divers","category-vaulx-en-velin"],"yoast_head":"<!-- This site is optimized with the Yoast SEO plugin v27.2 - https:\/\/yoast.com\/product\/yoast-seo-wordpress\/ -->\n<title>VAULX EN VELIN : L\u2019actualit\u00e9 du Vaulx Basket Club<\/title>\n<meta name=\"description\" content=\"VAULX EN VELIN : L\u2019actualit\u00e9 du Vaulx Basket Club\" \/>\n<meta name=\"robots\" content=\"index, follow, max-snippet:-1, max-image-preview:large, max-video-preview:-1\" \/>\n<link rel=\"canonical\" href=\"https:\/\/newsestlyonnais.fr\/site\/2018\/09\/23\/vaulx-en-velin-lactualite-du-vaulx-basket-club\/\" \/>\n<meta property=\"og:locale\" content=\"fr_FR\" \/>\n<meta property=\"og:type\" content=\"article\" \/>\n<meta property=\"og:title\" content=\"VAULX EN VELIN : L\u2019actualit\u00e9 du Vaulx Basket Club\" \/>\n<meta property=\"og:description\" content=\"VAULX EN VELIN : L\u2019actualit\u00e9 du Vaulx Basket Club\" \/>\n<meta property=\"og:url\" content=\"https:\/\/newsestlyonnais.fr\/site\/2018\/09\/23\/vaulx-en-velin-lactualite-du-vaulx-basket-club\/\" \/>\n<meta property=\"og:site_name\" content=\"News Est Lyonnais\" \/>\n<meta property=\"article:author\" content=\"https:\/\/www.facebook.com\/pascal.oberson.1?fref=ts\" \/>\n<meta property=\"article:published_time\" content=\"2018-09-23T13:32:59+00:00\" \/>\n<meta property=\"article:modified_time\" content=\"2020-11-02T16:38:47+00:00\" \/>\n<meta property=\"og:image\" content=\"https:\/\/i2.wp.com\/newsestlyonnais.fr\/site\/wp-content\/uploads\/2018\/09\/NEWSESTLYONANIS-SENIORS-2-DU-VBC.jpg?fit=960%2C639&ssl=1\" \/>\n\t<meta property=\"og:image:width\" content=\"960\" \/>\n\t<meta property=\"og:image:height\" content=\"639\" \/>\n\t<meta property=\"og:image:type\" content=\"image\/jpeg\" \/>\n<meta name=\"author\" content=\"R\u00e9dac. NEWS\" \/>\n<meta name=\"twitter:card\" content=\"summary_large_image\" \/>\n<meta name=\"twitter:label1\" content=\"\u00c9crit par\" \/>\n\t<meta name=\"twitter:data1\" content=\"R\u00e9dac. NEWS\" \/>\n\t<meta name=\"twitter:label2\" content=\"Dur\u00e9e de lecture estim\u00e9e\" \/>\n\t<meta name=\"twitter:data2\" content=\"1 minute\" \/>\n<script type=\"application\/ld+json\" class=\"yoast-schema-graph\">{\"@context\":\"https:\/\/schema.org\",\"@graph\":[{\"@type\":\"Article\",\"@id\":\"https:\/\/newsestlyonnais.fr\/site\/2018\/09\/23\/vaulx-en-velin-lactualite-du-vaulx-basket-club\/#article\",\"isPartOf\":{\"@id\":\"https:\/\/newsestlyonnais.fr\/site\/2018\/09\/23\/vaulx-en-velin-lactualite-du-vaulx-basket-club\/\"},\"author\":{\"name\":\"R\u00e9dac. NEWS\",\"@id\":\"https:\/\/newsestlyonnais.fr\/site\/#\/schema\/person\/3230d5615f390bb808365d673001e887\"},\"headline\":\"VAULX-EN-VELIN | L\u2019actualit\u00e9 du Vaulx Basket Club\",\"datePublished\":\"2018-09-23T13:32:59+00:00\",\"dateModified\":\"2020-11-02T16:38:47+00:00\",\"mainEntityOfPage\":{\"@id\":\"https:\/\/newsestlyonnais.fr\/site\/2018\/09\/23\/vaulx-en-velin-lactualite-du-vaulx-basket-club\/\"},\"wordCount\":293,\"commentCount\":0,\"publisher\":{\"@id\":\"https:\/\/newsestlyonnais.fr\/site\/#organization\"},\"image\":{\"@id\":\"https:\/\/newsestlyonnais.fr\/site\/2018\/09\/23\/vaulx-en-velin-lactualite-du-vaulx-basket-club\/#primaryimage\"},\"thumbnailUrl\":\"https:\/\/newsestlyonnais.fr\/site\/wp-content\/uploads\/2018\/09\/NEWSESTLYONANIS-SENIORS-2-DU-VBC.jpg\",\"articleSection\":[\"Basket\",\"Basket | Hand | Volley\",\"Ev\u00e8nements divers\",\"Vaulx-en-Velin\"],\"inLanguage\":\"fr-FR\",\"potentialAction\":[{\"@type\":\"CommentAction\",\"name\":\"Comment\",\"target\":[\"https:\/\/newsestlyonnais.fr\/site\/2018\/09\/23\/vaulx-en-velin-lactualite-du-vaulx-basket-club\/#respond\"]}]},{\"@type\":\"WebPage\",\"@id\":\"https:\/\/newsestlyonnais.fr\/site\/2018\/09\/23\/vaulx-en-velin-lactualite-du-vaulx-basket-club\/\",\"url\":\"https:\/\/newsestlyonnais.fr\/site\/2018\/09\/23\/vaulx-en-velin-lactualite-du-vaulx-basket-club\/\",\"name\":\"VAULX EN VELIN : L\u2019actualit\u00e9 du Vaulx Basket Club\",\"isPartOf\":{\"@id\":\"https:\/\/newsestlyonnais.fr\/site\/#website\"},\"primaryImageOfPage\":{\"@id\":\"https:\/\/newsestlyonnais.fr\/site\/2018\/09\/23\/vaulx-en-velin-lactualite-du-vaulx-basket-club\/#primaryimage\"},\"image\":{\"@id\":\"https:\/\/newsestlyonnais.fr\/site\/2018\/09\/23\/vaulx-en-velin-lactualite-du-vaulx-basket-club\/#primaryimage\"},\"thumbnailUrl\":\"https:\/\/newsestlyonnais.fr\/site\/wp-content\/uploads\/2018\/09\/NEWSESTLYONANIS-SENIORS-2-DU-VBC.jpg\",\"datePublished\":\"2018-09-23T13:32:59+00:00\",\"dateModified\":\"2020-11-02T16:38:47+00:00\",\"description\":\"VAULX EN VELIN : L\u2019actualit\u00e9 du Vaulx Basket Club\",\"breadcrumb\":{\"@id\":\"https:\/\/newsestlyonnais.fr\/site\/2018\/09\/23\/vaulx-en-velin-lactualite-du-vaulx-basket-club\/#breadcrumb\"},\"inLanguage\":\"fr-FR\",\"potentialAction\":[{\"@type\":\"ReadAction\",\"target\":[\"https:\/\/newsestlyonnais.fr\/site\/2018\/09\/23\/vaulx-en-velin-lactualite-du-vaulx-basket-club\/\"]}]},{\"@type\":\"ImageObject\",\"inLanguage\":\"fr-FR\",\"@id\":\"https:\/\/newsestlyonnais.fr\/site\/2018\/09\/23\/vaulx-en-velin-lactualite-du-vaulx-basket-club\/#primaryimage\",\"url\":\"https:\/\/newsestlyonnais.fr\/site\/wp-content\/uploads\/2018\/09\/NEWSESTLYONANIS-SENIORS-2-DU-VBC.jpg\",\"contentUrl\":\"https:\/\/newsestlyonnais.fr\/site\/wp-content\/uploads\/2018\/09\/NEWSESTLYONANIS-SENIORS-2-DU-VBC.jpg\",\"width\":960,\"height\":639,\"caption\":\"EWSESTLYONANIS SENIORS 2 DU VBC\"},{\"@type\":\"BreadcrumbList\",\"@id\":\"https:\/\/newsestlyonnais.fr\/site\/2018\/09\/23\/vaulx-en-velin-lactualite-du-vaulx-basket-club\/#breadcrumb\",\"itemListElement\":[{\"@type\":\"ListItem\",\"position\":1,\"name\":\"Accueil\",\"item\":\"https:\/\/newsestlyonnais.fr\/site\/\"},{\"@type\":\"ListItem\",\"position\":2,\"name\":\"VAULX-EN-VELIN | L\u2019actualit\u00e9 du Vaulx Basket Club\"}]},{\"@type\":\"WebSite\",\"@id\":\"https:\/\/newsestlyonnais.fr\/site\/#website\",\"url\":\"https:\/\/newsestlyonnais.fr\/site\/\",\"name\":\"News Est Lyonnais\",\"description\":\"L&#039;actualit\u00e9 au plus pr\u00e8s\",\"publisher\":{\"@id\":\"https:\/\/newsestlyonnais.fr\/site\/#organization\"},\"potentialAction\":[{\"@type\":\"SearchAction\",\"target\":{\"@type\":\"EntryPoint\",\"urlTemplate\":\"https:\/\/newsestlyonnais.fr\/site\/?s={search_term_string}\"},\"query-input\":{\"@type\":\"PropertyValueSpecification\",\"valueRequired\":true,\"valueName\":\"search_term_string\"}}],\"inLanguage\":\"fr-FR\"},{\"@type\":\"Organization\",\"@id\":\"https:\/\/newsestlyonnais.fr\/site\/#organization\",\"name\":\"News EST LYONNAIS\",\"url\":\"https:\/\/newsestlyonnais.fr\/site\/\",\"logo\":{\"@type\":\"ImageObject\",\"inLanguage\":\"fr-FR\",\"@id\":\"https:\/\/newsestlyonnais.fr\/site\/#\/schema\/logo\/image\/\",\"url\":\"\",\"contentUrl\":\"\",\"caption\":\"News EST LYONNAIS\"},\"image\":{\"@id\":\"https:\/\/newsestlyonnais.fr\/site\/#\/schema\/logo\/image\/\"}},{\"@type\":\"Person\",\"@id\":\"https:\/\/newsestlyonnais.fr\/site\/#\/schema\/person\/3230d5615f390bb808365d673001e887\",\"name\":\"R\u00e9dac. NEWS\",\"sameAs\":[\"http:\/\/www.newsestlyonnais.fr\",\"https:\/\/www.facebook.com\/pascal.oberson.1?fref=ts\",\"https:\/\/fr.linkedin.com\/in\/pascal-oberson-b17045113\"],\"url\":\"https:\/\/newsestlyonnais.fr\/site\/author\/nel\/\"}]}<\/script>\n<!-- \/ Yoast SEO plugin. -->","yoast_head_json":{"title":"VAULX EN VELIN : L\u2019actualit\u00e9 du Vaulx Basket Club","description":"VAULX EN VELIN : L\u2019actualit\u00e9 du Vaulx Basket Club","robots":{"index":"index","follow":"follow","max-snippet":"max-snippet:-1","max-image-preview":"max-image-preview:large","max-video-preview":"max-video-preview:-1"},"canonical":"https:\/\/newsestlyonnais.fr\/site\/2018\/09\/23\/vaulx-en-velin-lactualite-du-vaulx-basket-club\/","og_locale":"fr_FR","og_type":"article","og_title":"VAULX EN VELIN : L\u2019actualit\u00e9 du Vaulx Basket Club","og_description":"VAULX EN VELIN : L\u2019actualit\u00e9 du Vaulx Basket Club","og_url":"https:\/\/newsestlyonnais.fr\/site\/2018\/09\/23\/vaulx-en-velin-lactualite-du-vaulx-basket-club\/","og_site_name":"News Est Lyonnais","article_author":"https:\/\/www.facebook.com\/pascal.oberson.1?fref=ts","article_published_time":"2018-09-23T13:32:59+00:00","article_modified_time":"2020-11-02T16:38:47+00:00","og_image":[{"width":960,"height":639,"url":"https:\/\/i2.wp.com\/newsestlyonnais.fr\/site\/wp-content\/uploads\/2018\/09\/NEWSESTLYONANIS-SENIORS-2-DU-VBC.jpg?fit=960%2C639&ssl=1","type":"image\/jpeg"}],"author":"R\u00e9dac. NEWS","twitter_card":"summary_large_image","twitter_misc":{"\u00c9crit par":"R\u00e9dac. NEWS","Dur\u00e9e de lecture estim\u00e9e":"1 minute"},"schema":{"@context":"https:\/\/schema.org","@graph":[{"@type":"Article","@id":"https:\/\/newsestlyonnais.fr\/site\/2018\/09\/23\/vaulx-en-velin-lactualite-du-vaulx-basket-club\/#article","isPartOf":{"@id":"https:\/\/newsestlyonnais.fr\/site\/2018\/09\/23\/vaulx-en-velin-lactualite-du-vaulx-basket-club\/"},"author":{"name":"R\u00e9dac. NEWS","@id":"https:\/\/newsestlyonnais.fr\/site\/#\/schema\/person\/3230d5615f390bb808365d673001e887"},"headline":"VAULX-EN-VELIN | L\u2019actualit\u00e9 du Vaulx Basket Club","datePublished":"2018-09-23T13:32:59+00:00","dateModified":"2020-11-02T16:38:47+00:00","mainEntityOfPage":{"@id":"https:\/\/newsestlyonnais.fr\/site\/2018\/09\/23\/vaulx-en-velin-lactualite-du-vaulx-basket-club\/"},"wordCount":293,"commentCount":0,"publisher":{"@id":"https:\/\/newsestlyonnais.fr\/site\/#organization"},"image":{"@id":"https:\/\/newsestlyonnais.fr\/site\/2018\/09\/23\/vaulx-en-velin-lactualite-du-vaulx-basket-club\/#primaryimage"},"thumbnailUrl":"https:\/\/newsestlyonnais.fr\/site\/wp-content\/uploads\/2018\/09\/NEWSESTLYONANIS-SENIORS-2-DU-VBC.jpg","articleSection":["Basket","Basket | Hand | Volley","Ev\u00e8nements divers","Vaulx-en-Velin"],"inLanguage":"fr-FR","potentialAction":[{"@type":"CommentAction","name":"Comment","target":["https:\/\/newsestlyonnais.fr\/site\/2018\/09\/23\/vaulx-en-velin-lactualite-du-vaulx-basket-club\/#respond"]}]},{"@type":"WebPage","@id":"https:\/\/newsestlyonnais.fr\/site\/2018\/09\/23\/vaulx-en-velin-lactualite-du-vaulx-basket-club\/","url":"https:\/\/newsestlyonnais.fr\/site\/2018\/09\/23\/vaulx-en-velin-lactualite-du-vaulx-basket-club\/","name":"VAULX EN VELIN : L\u2019actualit\u00e9 du Vaulx Basket Club","isPartOf":{"@id":"https:\/\/newsestlyonnais.fr\/site\/#website"},"primaryImageOfPage":{"@id":"https:\/\/newsestlyonnais.fr\/site\/2018\/09\/23\/vaulx-en-velin-lactualite-du-vaulx-basket-club\/#primaryimage"},"image":{"@id":"https:\/\/newsestlyonnais.fr\/site\/2018\/09\/23\/vaulx-en-velin-lactualite-du-vaulx-basket-club\/#primaryimage"},"thumbnailUrl":"https:\/\/newsestlyonnais.fr\/site\/wp-content\/uploads\/2018\/09\/NEWSESTLYONANIS-SENIORS-2-DU-VBC.jpg","datePublished":"2018-09-23T13:32:59+00:00","dateModified":"2020-11-02T16:38:47+00:00","description":"VAULX EN VELIN : L\u2019actualit\u00e9 du Vaulx Basket Club","breadcrumb":{"@id":"https:\/\/newsestlyonnais.fr\/site\/2018\/09\/23\/vaulx-en-velin-lactualite-du-vaulx-basket-club\/#breadcrumb"},"inLanguage":"fr-FR","potentialAction":[{"@type":"ReadAction","target":["https:\/\/newsestlyonnais.fr\/site\/2018\/09\/23\/vaulx-en-velin-lactualite-du-vaulx-basket-club\/"]}]},{"@type":"ImageObject","inLanguage":"fr-FR","@id":"https:\/\/newsestlyonnais.fr\/site\/2018\/09\/23\/vaulx-en-velin-lactualite-du-vaulx-basket-club\/#primaryimage","url":"https:\/\/newsestlyonnais.fr\/site\/wp-content\/uploads\/2018\/09\/NEWSESTLYONANIS-SENIORS-2-DU-VBC.jpg","contentUrl":"https:\/\/newsestlyonnais.fr\/site\/wp-content\/uploads\/2018\/09\/NEWSESTLYONANIS-SENIORS-2-DU-VBC.jpg","width":960,"height":639,"caption":"EWSESTLYONANIS SENIORS 2 DU VBC"},{"@type":"BreadcrumbList","@id":"https:\/\/newsestlyonnais.fr\/site\/2018\/09\/23\/vaulx-en-velin-lactualite-du-vaulx-basket-club\/#breadcrumb","itemListElement":[{"@type":"ListItem","position":1,"name":"Accueil","item":"https:\/\/newsestlyonnais.fr\/site\/"},{"@type":"ListItem","position":2,"name":"VAULX-EN-VELIN | L\u2019actualit\u00e9 du Vaulx Basket Club"}]},{"@type":"WebSite","@id":"https:\/\/newsestlyonnais.fr\/site\/#website","url":"https:\/\/newsestlyonnais.fr\/site\/","name":"News Est Lyonnais","description":"L&#039;actualit\u00e9 au plus pr\u00e8s","publisher":{"@id":"https:\/\/newsestlyonnais.fr\/site\/#organization"},"potentialAction":[{"@type":"SearchAction","target":{"@type":"EntryPoint","urlTemplate":"https:\/\/newsestlyonnais.fr\/site\/?s={search_term_string}"},"query-input":{"@type":"PropertyValueSpecification","valueRequired":true,"valueName":"search_term_string"}}],"inLanguage":"fr-FR"},{"@type":"Organization","@id":"https:\/\/newsestlyonnais.fr\/site\/#organization","name":"News EST LYONNAIS","url":"https:\/\/newsestlyonnais.fr\/site\/","logo":{"@type":"ImageObject","inLanguage":"fr-FR","@id":"https:\/\/newsestlyonnais.fr\/site\/#\/schema\/logo\/image\/","url":"","contentUrl":"","caption":"News EST LYONNAIS"},"image":{"@id":"https:\/\/newsestlyonnais.fr\/site\/#\/schema\/logo\/image\/"}},{"@type":"Person","@id":"https:\/\/newsestlyonnais.fr\/site\/#\/schema\/person\/3230d5615f390bb808365d673001e887","name":"R\u00e9dac. NEWS","sameAs":["http:\/\/www.newsestlyonnais.fr","https:\/\/www.facebook.com\/pascal.oberson.1?fref=ts","https:\/\/fr.linkedin.com\/in\/pascal-oberson-b17045113"],"url":"https:\/\/newsestlyonnais.fr\/site\/author\/nel\/"}]}},"_links":{"self":[{"href":"https:\/\/newsestlyonnais.fr\/site\/wp-json\/wp\/v2\/posts\/57110","targetHints":{"allow":["GET"]}}],"collection":[{"href":"https:\/\/newsestlyonnais.fr\/site\/wp-json\/wp\/v2\/posts"}],"about":[{"href":"https:\/\/newsestlyonnais.fr\/site\/wp-json\/wp\/v2\/types\/post"}],"author":[{"embeddable":true,"href":"https:\/\/newsestlyonnais.fr\/site\/wp-json\/wp\/v2\/users\/4"}],"replies":[{"embeddable":true,"href":"https:\/\/newsestlyonnais.fr\/site\/wp-json\/wp\/v2\/comments?post=57110"}],"version-history":[{"count":0,"href":"https:\/\/newsestlyonnais.fr\/site\/wp-json\/wp\/v2\/posts\/57110\/revisions"}],"wp:featuredmedia":[{"embeddable":true,"href":"https:\/\/newsestlyonnais.fr\/site\/wp-json\/wp\/v2\/media\/57114"}],"wp:attachment":[{"href":"https:\/\/newsestlyonnais.fr\/site\/wp-json\/wp\/v2\/media?parent=57110"}],"wp:term":[{"taxonomy":"category","embeddable":true,"href":"https:\/\/newsestlyonnais.fr\/site\/wp-json\/wp\/v2\/categories?post=57110"},{"taxonomy":"post_tag","embeddable":true,"href":"https:\/\/newsestlyonnais.fr\/site\/wp-json\/wp\/v2\/tags?post=57110"}],"curies":[{"name":"wp","href":"https:\/\/api.w.org\/{rel}","templated":true}]}}