{"id":57138,"date":"2018-05-29T17:05:32","date_gmt":"2018-05-29T16:05:32","guid":{"rendered":"http:\/\/newsestlyonnais.fr\/site\/?p=57138"},"modified":"2020-11-02T09:05:56","modified_gmt":"2020-11-02T08:05:56","slug":"bron-elles-etaient-16-000-roses-et-solidaires-pour-la-9-version-de-courir-pour-elles","status":"publish","type":"post","link":"https:\/\/newsestlyonnais.fr\/site\/2018\/05\/29\/bron-elles-etaient-16-000-roses-et-solidaires-pour-la-9-version-de-courir-pour-elles\/","title":{"rendered":"BRON | Elles \u00e9taient 16.000 roses et solidaires pour la 9\u00b0 version de \u00a0\u00bb Courir pour Elles \u00ab\u00a0"},"content":{"rendered":"<h4>Forte mobilisation f\u00e9minine et symbolique en ce dernier dimanche de mai, jour de la F\u00eate des M\u00e8res au Parc de Parilly.<\/h4>\n<p>Elles \u00e9taient en effet, comme en 2017, 16.000 femmes (dont 330 pr\u00e9nomm\u00e9es Nathalie, pr\u00e9nom le plus pr\u00e9sent devant Isabelle et St\u00e9phanie) \u00e0 r\u00e9pondre \u00e0 ce bel \u00e9lan solidaire.<\/p>\n<p>Un \u00e9v\u00e8nement devenu incontournable qui a mobilis\u00e9 500 b\u00e9n\u00e9voles et dont la <strong>prochaine \u00e9dition qui c\u00e9l\u00e9brera le 10\u00b0 anniversaire est pr\u00e9vue pour le dimanche 19 Mai 2019 !<\/strong><\/p>\n<ul>\n<li><strong>Retrouvez toute l&rsquo;ACTU de COURIR POUR ELLES sur : <a href=\"http:\/\/www.courirpourelles.com\/danser-pour-elles\/\" target=\"_blank\" rel=\"noopener noreferrer\">http:\/\/www.courirpourelles.com<\/a><\/strong><\/li>\n<\/ul>\n<div id='gallery-1' class='gallery galleryid-57138 gallery-columns-3 gallery-size-thumbnail'><figure class='gallery-item'>\n\t\t\t<div class='gallery-icon landscape'>\n\t\t\t\t<a href='https:\/\/newsestlyonnais.fr\/site\/2018\/05\/29\/bron-elles-etaient-16-000-roses-et-solidaires-pour-la-9-version-de-courir-pour-elles\/newsestlyonnais-courir-elles-2018-06\/'><img loading=\"lazy\" decoding=\"async\" width=\"150\" height=\"150\" src=\"https:\/\/newsestlyonnais.fr\/site\/wp-content\/uploads\/2018\/05\/NEWSESTLYONNAIS-COURIR-ELLES-2018-06-150x150.jpg\" class=\"attachment-thumbnail size-thumbnail\" alt=\"NEWSESTLYONNAIS COURIR ELLES 2018 06\" \/><\/a>\n\t\t\t<\/div><\/figure><figure class='gallery-item'>\n\t\t\t<div class='gallery-icon landscape'>\n\t\t\t\t<a href='https:\/\/newsestlyonnais.fr\/site\/2018\/05\/29\/bron-elles-etaient-16-000-roses-et-solidaires-pour-la-9-version-de-courir-pour-elles\/newsestlyonnais-courir-elles-2018-05\/'><img loading=\"lazy\" decoding=\"async\" width=\"150\" height=\"150\" src=\"https:\/\/newsestlyonnais.fr\/site\/wp-content\/uploads\/2018\/05\/NEWSESTLYONNAIS-COURIR-ELLES-2018-05-150x150.jpg\" class=\"attachment-thumbnail size-thumbnail\" alt=\"NEWSESTLYONNAIS COURIR ELLES 2018 05\" \/><\/a>\n\t\t\t<\/div><\/figure><figure class='gallery-item'>\n\t\t\t<div class='gallery-icon landscape'>\n\t\t\t\t<a href='https:\/\/newsestlyonnais.fr\/site\/2018\/05\/29\/bron-elles-etaient-16-000-roses-et-solidaires-pour-la-9-version-de-courir-pour-elles\/newsestlyonnais-courir-elles-2018-02\/'><img loading=\"lazy\" decoding=\"async\" width=\"150\" height=\"150\" src=\"https:\/\/newsestlyonnais.fr\/site\/wp-content\/uploads\/2018\/05\/NEWSESTLYONNAIS-COURIR-ELLES-2018-02-150x150.jpg\" class=\"attachment-thumbnail size-thumbnail\" alt=\"NEWSESTLYONNAIS COURIR ELLES 2018 02\" \/><\/a>\n\t\t\t<\/div><\/figure><figure class='gallery-item'>\n\t\t\t<div class='gallery-icon landscape'>\n\t\t\t\t<a href='https:\/\/newsestlyonnais.fr\/site\/2018\/05\/29\/bron-elles-etaient-16-000-roses-et-solidaires-pour-la-9-version-de-courir-pour-elles\/newsestlyonnais-courir-elles-2018-07\/'><img loading=\"lazy\" decoding=\"async\" width=\"150\" height=\"150\" src=\"https:\/\/newsestlyonnais.fr\/site\/wp-content\/uploads\/2018\/05\/NEWSESTLYONNAIS-COURIR-ELLES-2018-07-150x150.jpg\" class=\"attachment-thumbnail size-thumbnail\" alt=\"NEWSESTLYONNAIS COURIR ELLES 2018 07\" \/><\/a>\n\t\t\t<\/div><\/figure><figure class='gallery-item'>\n\t\t\t<div class='gallery-icon landscape'>\n\t\t\t\t<a href='https:\/\/newsestlyonnais.fr\/site\/2018\/05\/29\/bron-elles-etaient-16-000-roses-et-solidaires-pour-la-9-version-de-courir-pour-elles\/newsestlyonnais-courir-elles-2018-03\/'><img loading=\"lazy\" decoding=\"async\" width=\"150\" height=\"150\" src=\"https:\/\/newsestlyonnais.fr\/site\/wp-content\/uploads\/2018\/05\/NEWSESTLYONNAIS-COURIR-ELLES-2018-03-150x150.jpg\" class=\"attachment-thumbnail size-thumbnail\" alt=\"NEWSESTLYONNAIS COURIR ELLES 2018 03\" aria-describedby=\"gallery-1-57175\" \/><\/a>\n\t\t\t<\/div>\n\t\t\t\t<figcaption class='wp-caption-text gallery-caption' id='gallery-1-57175'>\n\t\t\t\tSophie Moreau (\u00e0 droite) pr\u00e9sidente de l&rsquo;association a pu mobiliser 500 b\u00e9n\u00e9voles\n\t\t\t\t<\/figcaption><\/figure><figure class='gallery-item'>\n\t\t\t<div class='gallery-icon landscape'>\n\t\t\t\t<a href='https:\/\/newsestlyonnais.fr\/site\/2018\/05\/29\/bron-elles-etaient-16-000-roses-et-solidaires-pour-la-9-version-de-courir-pour-elles\/newsestlyonnais-courir-elles-2018-04\/'><img loading=\"lazy\" decoding=\"async\" width=\"150\" height=\"150\" src=\"https:\/\/newsestlyonnais.fr\/site\/wp-content\/uploads\/2018\/05\/NEWSESTLYONNAIS-COURIR-ELLES-2018-04-150x150.jpg\" class=\"attachment-thumbnail size-thumbnail\" alt=\"NEWSESTLYONNAIS COURIR ELLES 2018 04\" \/><\/a>\n\t\t\t<\/div><\/figure><figure class='gallery-item'>\n\t\t\t<div class='gallery-icon landscape'>\n\t\t\t\t<a href='https:\/\/newsestlyonnais.fr\/site\/2018\/05\/29\/bron-elles-etaient-16-000-roses-et-solidaires-pour-la-9-version-de-courir-pour-elles\/newsestlyonnais-genassiennes\/'><img loading=\"lazy\" decoding=\"async\" width=\"150\" height=\"150\" src=\"https:\/\/newsestlyonnais.fr\/site\/wp-content\/uploads\/2018\/05\/NEWSESTLYONNAIS-GENASSIENNES-150x150.jpg\" class=\"attachment-thumbnail size-thumbnail\" alt=\"NEWSESTLYONNAIS GENASSIENNES\" aria-describedby=\"gallery-1-57167\" \/><\/a>\n\t\t\t<\/div>\n\t\t\t\t<figcaption class='wp-caption-text gallery-caption' id='gallery-1-57167'>\n\t\t\t\tParmi les 16.000 participantes, 2 sportives genassiennes ! \n\t\t\t\t<\/figcaption><\/figure>\n\t\t<\/div>\n\n","protected":false},"excerpt":{"rendered":"<p>Forte mobilisation f\u00e9minine et symbolique en ce dernier dimanche de mai, jour de la F\u00eate des M\u00e8res au Parc de Parilly. Elles \u00e9taient en effet, comme en 2017, 16.000 femmes (dont 330 pr\u00e9nomm\u00e9es Nathalie, pr\u00e9nom le plus pr\u00e9sent devant Isabelle et St\u00e9phanie) \u00e0 r\u00e9pondre \u00e0 ce bel \u00e9lan solidaire. Un \u00e9v\u00e8nement devenu incontournable qui a [&hellip;]<\/p>\n","protected":false},"author":4,"featured_media":57140,"comment_status":"open","ping_status":"open","sticky":false,"template":"","format":"standard","meta":{"footnotes":""},"categories":[2968,19,18],"tags":[],"class_list":["post-57138","post","type-post","status-publish","format-standard","has-post-thumbnail","hentry","category-athle-course-pied-marche","category-bron","category-sante-bien-etre-solidarite"],"yoast_head":"<!-- This site is optimized with the Yoast SEO plugin v27.2 - https:\/\/yoast.com\/product\/yoast-seo-wordpress\/ -->\n<title>BRON | Elles \u00e9taient 16.000 roses et solidaires pour la 9\u00b0 version de &quot; Courir pour Elles &quot; - News Est Lyonnais<\/title>\n<meta name=\"description\" content=\"16.000 femmes roses et solidaires \u00e0 &quot; Courir pour Elles \u00e0 Bron Parilly, mobilisation symbolique en ce dernier dimanche de mai, jour de la F\u00eate des M\u00e8res.\" \/>\n<meta name=\"robots\" content=\"index, follow, max-snippet:-1, max-image-preview:large, max-video-preview:-1\" \/>\n<link rel=\"canonical\" href=\"https:\/\/newsestlyonnais.fr\/site\/2018\/05\/29\/bron-elles-etaient-16-000-roses-et-solidaires-pour-la-9-version-de-courir-pour-elles\/\" \/>\n<meta property=\"og:locale\" content=\"fr_FR\" \/>\n<meta property=\"og:type\" content=\"article\" \/>\n<meta property=\"og:title\" content=\"BRON | Elles \u00e9taient 16.000 roses et solidaires pour la 9\u00b0 version de &quot; Courir pour Elles &quot; - News Est Lyonnais\" \/>\n<meta property=\"og:description\" content=\"16.000 femmes roses et solidaires \u00e0 &quot; Courir pour Elles \u00e0 Bron Parilly, mobilisation symbolique en ce dernier dimanche de mai, jour de la F\u00eate des M\u00e8res.\" \/>\n<meta property=\"og:url\" content=\"https:\/\/newsestlyonnais.fr\/site\/2018\/05\/29\/bron-elles-etaient-16-000-roses-et-solidaires-pour-la-9-version-de-courir-pour-elles\/\" \/>\n<meta property=\"og:site_name\" content=\"News Est Lyonnais\" \/>\n<meta property=\"article:author\" content=\"https:\/\/www.facebook.com\/pascal.oberson.1?fref=ts\" \/>\n<meta property=\"article:published_time\" content=\"2018-05-29T16:05:32+00:00\" \/>\n<meta property=\"article:modified_time\" content=\"2020-11-02T08:05:56+00:00\" \/>\n<meta property=\"og:image\" content=\"https:\/\/i0.wp.com\/newsestlyonnais.fr\/site\/wp-content\/uploads\/2018\/05\/NEWSESTLYONANIS-COURIR-2018-01.jpg?fit=2048%2C1536&ssl=1\" \/>\n\t<meta property=\"og:image:width\" content=\"2048\" \/>\n\t<meta property=\"og:image:height\" content=\"1536\" \/>\n\t<meta property=\"og:image:type\" content=\"image\/jpeg\" \/>\n<meta name=\"author\" content=\"R\u00e9dac. NEWS\" \/>\n<meta name=\"twitter:card\" content=\"summary_large_image\" \/>\n<meta name=\"twitter:label1\" content=\"\u00c9crit par\" \/>\n\t<meta name=\"twitter:data1\" content=\"R\u00e9dac. NEWS\" \/>\n<script type=\"application\/ld+json\" class=\"yoast-schema-graph\">{\"@context\":\"https:\/\/schema.org\",\"@graph\":[{\"@type\":\"Article\",\"@id\":\"https:\/\/newsestlyonnais.fr\/site\/2018\/05\/29\/bron-elles-etaient-16-000-roses-et-solidaires-pour-la-9-version-de-courir-pour-elles\/#article\",\"isPartOf\":{\"@id\":\"https:\/\/newsestlyonnais.fr\/site\/2018\/05\/29\/bron-elles-etaient-16-000-roses-et-solidaires-pour-la-9-version-de-courir-pour-elles\/\"},\"author\":{\"name\":\"R\u00e9dac. NEWS\",\"@id\":\"https:\/\/newsestlyonnais.fr\/site\/#\/schema\/person\/3230d5615f390bb808365d673001e887\"},\"headline\":\"BRON | Elles \u00e9taient 16.000 roses et solidaires pour la 9\u00b0 version de \u00a0\u00bb Courir pour Elles \u00ab\u00a0\",\"datePublished\":\"2018-05-29T16:05:32+00:00\",\"dateModified\":\"2020-11-02T08:05:56+00:00\",\"mainEntityOfPage\":{\"@id\":\"https:\/\/newsestlyonnais.fr\/site\/2018\/05\/29\/bron-elles-etaient-16-000-roses-et-solidaires-pour-la-9-version-de-courir-pour-elles\/\"},\"wordCount\":112,\"commentCount\":0,\"publisher\":{\"@id\":\"https:\/\/newsestlyonnais.fr\/site\/#organization\"},\"image\":{\"@id\":\"https:\/\/newsestlyonnais.fr\/site\/2018\/05\/29\/bron-elles-etaient-16-000-roses-et-solidaires-pour-la-9-version-de-courir-pour-elles\/#primaryimage\"},\"thumbnailUrl\":\"https:\/\/newsestlyonnais.fr\/site\/wp-content\/uploads\/2018\/05\/NEWSESTLYONANIS-COURIR-2018-01.jpg\",\"articleSection\":[\"Athl\u00e9 | Course pied | Marche\",\"Bron\",\"Sant\u00e9 | Bien Etre | Solidarit\u00e9\"],\"inLanguage\":\"fr-FR\",\"potentialAction\":[{\"@type\":\"CommentAction\",\"name\":\"Comment\",\"target\":[\"https:\/\/newsestlyonnais.fr\/site\/2018\/05\/29\/bron-elles-etaient-16-000-roses-et-solidaires-pour-la-9-version-de-courir-pour-elles\/#respond\"]}]},{\"@type\":\"WebPage\",\"@id\":\"https:\/\/newsestlyonnais.fr\/site\/2018\/05\/29\/bron-elles-etaient-16-000-roses-et-solidaires-pour-la-9-version-de-courir-pour-elles\/\",\"url\":\"https:\/\/newsestlyonnais.fr\/site\/2018\/05\/29\/bron-elles-etaient-16-000-roses-et-solidaires-pour-la-9-version-de-courir-pour-elles\/\",\"name\":\"BRON | Elles \u00e9taient 16.000 roses et solidaires pour la 9\u00b0 version de \\\" Courir pour Elles \\\" - News Est Lyonnais\",\"isPartOf\":{\"@id\":\"https:\/\/newsestlyonnais.fr\/site\/#website\"},\"primaryImageOfPage\":{\"@id\":\"https:\/\/newsestlyonnais.fr\/site\/2018\/05\/29\/bron-elles-etaient-16-000-roses-et-solidaires-pour-la-9-version-de-courir-pour-elles\/#primaryimage\"},\"image\":{\"@id\":\"https:\/\/newsestlyonnais.fr\/site\/2018\/05\/29\/bron-elles-etaient-16-000-roses-et-solidaires-pour-la-9-version-de-courir-pour-elles\/#primaryimage\"},\"thumbnailUrl\":\"https:\/\/newsestlyonnais.fr\/site\/wp-content\/uploads\/2018\/05\/NEWSESTLYONANIS-COURIR-2018-01.jpg\",\"datePublished\":\"2018-05-29T16:05:32+00:00\",\"dateModified\":\"2020-11-02T08:05:56+00:00\",\"description\":\"16.000 femmes roses et solidaires \u00e0 \\\" Courir pour Elles \u00e0 Bron Parilly, mobilisation symbolique en ce dernier dimanche de mai, jour de la F\u00eate des M\u00e8res.\",\"breadcrumb\":{\"@id\":\"https:\/\/newsestlyonnais.fr\/site\/2018\/05\/29\/bron-elles-etaient-16-000-roses-et-solidaires-pour-la-9-version-de-courir-pour-elles\/#breadcrumb\"},\"inLanguage\":\"fr-FR\",\"potentialAction\":[{\"@type\":\"ReadAction\",\"target\":[\"https:\/\/newsestlyonnais.fr\/site\/2018\/05\/29\/bron-elles-etaient-16-000-roses-et-solidaires-pour-la-9-version-de-courir-pour-elles\/\"]}]},{\"@type\":\"ImageObject\",\"inLanguage\":\"fr-FR\",\"@id\":\"https:\/\/newsestlyonnais.fr\/site\/2018\/05\/29\/bron-elles-etaient-16-000-roses-et-solidaires-pour-la-9-version-de-courir-pour-elles\/#primaryimage\",\"url\":\"https:\/\/newsestlyonnais.fr\/site\/wp-content\/uploads\/2018\/05\/NEWSESTLYONANIS-COURIR-2018-01.jpg\",\"contentUrl\":\"https:\/\/newsestlyonnais.fr\/site\/wp-content\/uploads\/2018\/05\/NEWSESTLYONANIS-COURIR-2018-01.jpg\",\"width\":2048,\"height\":1536,\"caption\":\"NEWSESTLYONANIS COURIR 2018 01\"},{\"@type\":\"BreadcrumbList\",\"@id\":\"https:\/\/newsestlyonnais.fr\/site\/2018\/05\/29\/bron-elles-etaient-16-000-roses-et-solidaires-pour-la-9-version-de-courir-pour-elles\/#breadcrumb\",\"itemListElement\":[{\"@type\":\"ListItem\",\"position\":1,\"name\":\"Accueil\",\"item\":\"https:\/\/newsestlyonnais.fr\/site\/\"},{\"@type\":\"ListItem\",\"position\":2,\"name\":\"BRON | Elles \u00e9taient 16.000 roses et solidaires pour la 9\u00b0 version de \u00a0\u00bb Courir pour Elles \u00ab\u00a0\"}]},{\"@type\":\"WebSite\",\"@id\":\"https:\/\/newsestlyonnais.fr\/site\/#website\",\"url\":\"https:\/\/newsestlyonnais.fr\/site\/\",\"name\":\"News Est Lyonnais\",\"description\":\"L&#039;actualit\u00e9 au plus pr\u00e8s\",\"publisher\":{\"@id\":\"https:\/\/newsestlyonnais.fr\/site\/#organization\"},\"potentialAction\":[{\"@type\":\"SearchAction\",\"target\":{\"@type\":\"EntryPoint\",\"urlTemplate\":\"https:\/\/newsestlyonnais.fr\/site\/?s={search_term_string}\"},\"query-input\":{\"@type\":\"PropertyValueSpecification\",\"valueRequired\":true,\"valueName\":\"search_term_string\"}}],\"inLanguage\":\"fr-FR\"},{\"@type\":\"Organization\",\"@id\":\"https:\/\/newsestlyonnais.fr\/site\/#organization\",\"name\":\"News EST LYONNAIS\",\"url\":\"https:\/\/newsestlyonnais.fr\/site\/\",\"logo\":{\"@type\":\"ImageObject\",\"inLanguage\":\"fr-FR\",\"@id\":\"https:\/\/newsestlyonnais.fr\/site\/#\/schema\/logo\/image\/\",\"url\":\"\",\"contentUrl\":\"\",\"caption\":\"News EST LYONNAIS\"},\"image\":{\"@id\":\"https:\/\/newsestlyonnais.fr\/site\/#\/schema\/logo\/image\/\"}},{\"@type\":\"Person\",\"@id\":\"https:\/\/newsestlyonnais.fr\/site\/#\/schema\/person\/3230d5615f390bb808365d673001e887\",\"name\":\"R\u00e9dac. NEWS\",\"sameAs\":[\"http:\/\/www.newsestlyonnais.fr\",\"https:\/\/www.facebook.com\/pascal.oberson.1?fref=ts\",\"https:\/\/fr.linkedin.com\/in\/pascal-oberson-b17045113\"],\"url\":\"https:\/\/newsestlyonnais.fr\/site\/author\/nel\/\"}]}<\/script>\n<!-- \/ Yoast SEO plugin. -->","yoast_head_json":{"title":"BRON | Elles \u00e9taient 16.000 roses et solidaires pour la 9\u00b0 version de \" Courir pour Elles \" - News Est Lyonnais","description":"16.000 femmes roses et solidaires \u00e0 \" Courir pour Elles \u00e0 Bron Parilly, mobilisation symbolique en ce dernier dimanche de mai, jour de la F\u00eate des M\u00e8res.","robots":{"index":"index","follow":"follow","max-snippet":"max-snippet:-1","max-image-preview":"max-image-preview:large","max-video-preview":"max-video-preview:-1"},"canonical":"https:\/\/newsestlyonnais.fr\/site\/2018\/05\/29\/bron-elles-etaient-16-000-roses-et-solidaires-pour-la-9-version-de-courir-pour-elles\/","og_locale":"fr_FR","og_type":"article","og_title":"BRON | Elles \u00e9taient 16.000 roses et solidaires pour la 9\u00b0 version de \" Courir pour Elles \" - News Est Lyonnais","og_description":"16.000 femmes roses et solidaires \u00e0 \" Courir pour Elles \u00e0 Bron Parilly, mobilisation symbolique en ce dernier dimanche de mai, jour de la F\u00eate des M\u00e8res.","og_url":"https:\/\/newsestlyonnais.fr\/site\/2018\/05\/29\/bron-elles-etaient-16-000-roses-et-solidaires-pour-la-9-version-de-courir-pour-elles\/","og_site_name":"News Est Lyonnais","article_author":"https:\/\/www.facebook.com\/pascal.oberson.1?fref=ts","article_published_time":"2018-05-29T16:05:32+00:00","article_modified_time":"2020-11-02T08:05:56+00:00","og_image":[{"width":2048,"height":1536,"url":"https:\/\/i0.wp.com\/newsestlyonnais.fr\/site\/wp-content\/uploads\/2018\/05\/NEWSESTLYONANIS-COURIR-2018-01.jpg?fit=2048%2C1536&ssl=1","type":"image\/jpeg"}],"author":"R\u00e9dac. NEWS","twitter_card":"summary_large_image","twitter_misc":{"\u00c9crit par":"R\u00e9dac. NEWS"},"schema":{"@context":"https:\/\/schema.org","@graph":[{"@type":"Article","@id":"https:\/\/newsestlyonnais.fr\/site\/2018\/05\/29\/bron-elles-etaient-16-000-roses-et-solidaires-pour-la-9-version-de-courir-pour-elles\/#article","isPartOf":{"@id":"https:\/\/newsestlyonnais.fr\/site\/2018\/05\/29\/bron-elles-etaient-16-000-roses-et-solidaires-pour-la-9-version-de-courir-pour-elles\/"},"author":{"name":"R\u00e9dac. NEWS","@id":"https:\/\/newsestlyonnais.fr\/site\/#\/schema\/person\/3230d5615f390bb808365d673001e887"},"headline":"BRON | Elles \u00e9taient 16.000 roses et solidaires pour la 9\u00b0 version de \u00a0\u00bb Courir pour Elles \u00ab\u00a0","datePublished":"2018-05-29T16:05:32+00:00","dateModified":"2020-11-02T08:05:56+00:00","mainEntityOfPage":{"@id":"https:\/\/newsestlyonnais.fr\/site\/2018\/05\/29\/bron-elles-etaient-16-000-roses-et-solidaires-pour-la-9-version-de-courir-pour-elles\/"},"wordCount":112,"commentCount":0,"publisher":{"@id":"https:\/\/newsestlyonnais.fr\/site\/#organization"},"image":{"@id":"https:\/\/newsestlyonnais.fr\/site\/2018\/05\/29\/bron-elles-etaient-16-000-roses-et-solidaires-pour-la-9-version-de-courir-pour-elles\/#primaryimage"},"thumbnailUrl":"https:\/\/newsestlyonnais.fr\/site\/wp-content\/uploads\/2018\/05\/NEWSESTLYONANIS-COURIR-2018-01.jpg","articleSection":["Athl\u00e9 | Course pied | Marche","Bron","Sant\u00e9 | Bien Etre | Solidarit\u00e9"],"inLanguage":"fr-FR","potentialAction":[{"@type":"CommentAction","name":"Comment","target":["https:\/\/newsestlyonnais.fr\/site\/2018\/05\/29\/bron-elles-etaient-16-000-roses-et-solidaires-pour-la-9-version-de-courir-pour-elles\/#respond"]}]},{"@type":"WebPage","@id":"https:\/\/newsestlyonnais.fr\/site\/2018\/05\/29\/bron-elles-etaient-16-000-roses-et-solidaires-pour-la-9-version-de-courir-pour-elles\/","url":"https:\/\/newsestlyonnais.fr\/site\/2018\/05\/29\/bron-elles-etaient-16-000-roses-et-solidaires-pour-la-9-version-de-courir-pour-elles\/","name":"BRON | Elles \u00e9taient 16.000 roses et solidaires pour la 9\u00b0 version de \" Courir pour Elles \" - News Est Lyonnais","isPartOf":{"@id":"https:\/\/newsestlyonnais.fr\/site\/#website"},"primaryImageOfPage":{"@id":"https:\/\/newsestlyonnais.fr\/site\/2018\/05\/29\/bron-elles-etaient-16-000-roses-et-solidaires-pour-la-9-version-de-courir-pour-elles\/#primaryimage"},"image":{"@id":"https:\/\/newsestlyonnais.fr\/site\/2018\/05\/29\/bron-elles-etaient-16-000-roses-et-solidaires-pour-la-9-version-de-courir-pour-elles\/#primaryimage"},"thumbnailUrl":"https:\/\/newsestlyonnais.fr\/site\/wp-content\/uploads\/2018\/05\/NEWSESTLYONANIS-COURIR-2018-01.jpg","datePublished":"2018-05-29T16:05:32+00:00","dateModified":"2020-11-02T08:05:56+00:00","description":"16.000 femmes roses et solidaires \u00e0 \" Courir pour Elles \u00e0 Bron Parilly, mobilisation symbolique en ce dernier dimanche de mai, jour de la F\u00eate des M\u00e8res.","breadcrumb":{"@id":"https:\/\/newsestlyonnais.fr\/site\/2018\/05\/29\/bron-elles-etaient-16-000-roses-et-solidaires-pour-la-9-version-de-courir-pour-elles\/#breadcrumb"},"inLanguage":"fr-FR","potentialAction":[{"@type":"ReadAction","target":["https:\/\/newsestlyonnais.fr\/site\/2018\/05\/29\/bron-elles-etaient-16-000-roses-et-solidaires-pour-la-9-version-de-courir-pour-elles\/"]}]},{"@type":"ImageObject","inLanguage":"fr-FR","@id":"https:\/\/newsestlyonnais.fr\/site\/2018\/05\/29\/bron-elles-etaient-16-000-roses-et-solidaires-pour-la-9-version-de-courir-pour-elles\/#primaryimage","url":"https:\/\/newsestlyonnais.fr\/site\/wp-content\/uploads\/2018\/05\/NEWSESTLYONANIS-COURIR-2018-01.jpg","contentUrl":"https:\/\/newsestlyonnais.fr\/site\/wp-content\/uploads\/2018\/05\/NEWSESTLYONANIS-COURIR-2018-01.jpg","width":2048,"height":1536,"caption":"NEWSESTLYONANIS COURIR 2018 01"},{"@type":"BreadcrumbList","@id":"https:\/\/newsestlyonnais.fr\/site\/2018\/05\/29\/bron-elles-etaient-16-000-roses-et-solidaires-pour-la-9-version-de-courir-pour-elles\/#breadcrumb","itemListElement":[{"@type":"ListItem","position":1,"name":"Accueil","item":"https:\/\/newsestlyonnais.fr\/site\/"},{"@type":"ListItem","position":2,"name":"BRON | Elles \u00e9taient 16.000 roses et solidaires pour la 9\u00b0 version de \u00a0\u00bb Courir pour Elles \u00ab\u00a0"}]},{"@type":"WebSite","@id":"https:\/\/newsestlyonnais.fr\/site\/#website","url":"https:\/\/newsestlyonnais.fr\/site\/","name":"News Est Lyonnais","description":"L&#039;actualit\u00e9 au plus pr\u00e8s","publisher":{"@id":"https:\/\/newsestlyonnais.fr\/site\/#organization"},"potentialAction":[{"@type":"SearchAction","target":{"@type":"EntryPoint","urlTemplate":"https:\/\/newsestlyonnais.fr\/site\/?s={search_term_string}"},"query-input":{"@type":"PropertyValueSpecification","valueRequired":true,"valueName":"search_term_string"}}],"inLanguage":"fr-FR"},{"@type":"Organization","@id":"https:\/\/newsestlyonnais.fr\/site\/#organization","name":"News EST LYONNAIS","url":"https:\/\/newsestlyonnais.fr\/site\/","logo":{"@type":"ImageObject","inLanguage":"fr-FR","@id":"https:\/\/newsestlyonnais.fr\/site\/#\/schema\/logo\/image\/","url":"","contentUrl":"","caption":"News EST LYONNAIS"},"image":{"@id":"https:\/\/newsestlyonnais.fr\/site\/#\/schema\/logo\/image\/"}},{"@type":"Person","@id":"https:\/\/newsestlyonnais.fr\/site\/#\/schema\/person\/3230d5615f390bb808365d673001e887","name":"R\u00e9dac. NEWS","sameAs":["http:\/\/www.newsestlyonnais.fr","https:\/\/www.facebook.com\/pascal.oberson.1?fref=ts","https:\/\/fr.linkedin.com\/in\/pascal-oberson-b17045113"],"url":"https:\/\/newsestlyonnais.fr\/site\/author\/nel\/"}]}},"_links":{"self":[{"href":"https:\/\/newsestlyonnais.fr\/site\/wp-json\/wp\/v2\/posts\/57138","targetHints":{"allow":["GET"]}}],"collection":[{"href":"https:\/\/newsestlyonnais.fr\/site\/wp-json\/wp\/v2\/posts"}],"about":[{"href":"https:\/\/newsestlyonnais.fr\/site\/wp-json\/wp\/v2\/types\/post"}],"author":[{"embeddable":true,"href":"https:\/\/newsestlyonnais.fr\/site\/wp-json\/wp\/v2\/users\/4"}],"replies":[{"embeddable":true,"href":"https:\/\/newsestlyonnais.fr\/site\/wp-json\/wp\/v2\/comments?post=57138"}],"version-history":[{"count":0,"href":"https:\/\/newsestlyonnais.fr\/site\/wp-json\/wp\/v2\/posts\/57138\/revisions"}],"wp:featuredmedia":[{"embeddable":true,"href":"https:\/\/newsestlyonnais.fr\/site\/wp-json\/wp\/v2\/media\/57140"}],"wp:attachment":[{"href":"https:\/\/newsestlyonnais.fr\/site\/wp-json\/wp\/v2\/media?parent=57138"}],"wp:term":[{"taxonomy":"category","embeddable":true,"href":"https:\/\/newsestlyonnais.fr\/site\/wp-json\/wp\/v2\/categories?post=57138"},{"taxonomy":"post_tag","embeddable":true,"href":"https:\/\/newsestlyonnais.fr\/site\/wp-json\/wp\/v2\/tags?post=57138"}],"curies":[{"name":"wp","href":"https:\/\/api.w.org\/{rel}","templated":true}]}}