{"id":57344,"date":"2018-09-30T06:15:24","date_gmt":"2018-09-30T05:15:24","guid":{"rendered":"http:\/\/newsestlyonnais.fr\/site\/?p=57344"},"modified":"2018-10-31T06:46:05","modified_gmt":"2018-10-31T05:46:05","slug":"villeurbanne-octobre-rose-un-mois-dedie-a-la-prevention-du-cancer-du-sein","status":"publish","type":"post","link":"https:\/\/newsestlyonnais.fr\/site\/2018\/09\/30\/villeurbanne-octobre-rose-un-mois-dedie-a-la-prevention-du-cancer-du-sein\/","title":{"rendered":"VILLEURBANNE : Octobre rose : Un mois d\u00e9di\u00e9 \u00e0 la pr\u00e9vention du cancer du sein"},"content":{"rendered":"<h4>La ville de Villeurbanne et ses partenaires se mobilisent pour combattre le cancer du sein pendant tout le mois d\u2019octobre, \u00e0 l\u2019occasion d\u2019Octobre rose.<\/h4>\n<p>Une manifestation nationale destin\u00e9e \u00e0 informer sur les risques de cancer du sein et \u00e0 promouvoir le d\u00e9pistage organis\u00e9. Il <strong>concerne les femmes de 50 \u00e0 74 ans<\/strong>, invit\u00e9es \u00e0 faire une mammographie gratuite tous les deux ans, avec double lecture par deux radiologues (pr\u00e8s d\u2019un cancer sur 15 est d\u00e9tect\u00e9 gr\u00e2ce \u00e0 ce deuxi\u00e8me avis sur la mammographie).<\/p>\n<p>Fitness en plein air, exposition de photos, temps d\u2019information rythmeront ce mois de sensibilisation avec, cette ann\u00e9e, du \u00ab\u00a0yarn-bombing\u00a0\u00bb ou tricot-graffiti.<\/p>\n<p><strong>Le 18 octobre<\/strong>, les arbres et le mobilier urbain du parc de la Commune-de-Paris seront recouverts d\u2019ouvrages \u00e0 base de fil de laine et de coton (des ateliers de tricot &#8211; en rose &#8211; ont eu lieu au centre social de Cusset et au LCR Jacques-Monod). Pour rester dans les tons et jusqu\u2019au 20\u202foctobre, l\u2019h\u00f4tel de ville restera illumin\u00e9 en rose, t\u00e9moignage visuel rappelant l\u2019importance de la pr\u00e9vention.<\/p>\n<p><em><strong><span style=\"text-decoration: underline\">Au programme<\/span><\/strong><\/em>:<\/p>\n<p><strong>Information par des professionnels de sant\u00e9 sur les march\u00e9s<\/strong> :<\/p>\n<ul>\n<li><span style=\"text-decoration: underline\">mercredi 3 octobre de 8 h 30 \u00e0 12 h<\/span> sur le march\u00e9 de Cusset, place Victor-Balland (avec initiation au basket sant\u00e9 par les joueuses de l\u2019Asvel Villeurbanne basket f\u00e9minin).<\/li>\n<li><span style=\"text-decoration: underline\">vendredi 5 octobre de 8 h 30 \u00e0 12 h<\/span> sur le march\u00e9 des Charpennes, place Wilson.<\/li>\n<\/ul>\n<p><strong>Fitness en plein-air<\/strong> :<\/p>\n<ul>\n<li><span style=\"text-decoration: underline\">samedis 29 septembre, 6 et 13 octobre<\/span> de 11 h \u00e0 12 h, place Lazare-Goujon.<\/li>\n<\/ul>\n<p><strong>Yarn-bombing \/ tricot-graffiti<\/strong> :<\/p>\n<ul>\n<li><span style=\"text-decoration: underline\">jeudi 18 octobre \u00e0 partir de 15 h<\/span>, dans le parc de la Commune-de-Paris, rue Pierre-Voyant.<\/li>\n<\/ul>\n<p>Plus d&rsquo;infos :<\/p>\n<ul>\n<li><a href=\"http:\/\/www.ademas69.asso.fr\" target=\"_blank\" rel=\"noopener\">http:\/\/www.ademas69.asso.fr<\/a><\/li>\n<li><a href=\"http:\/\/www.viva-interactif.com\/octobrerose\" target=\"_blank\" rel=\"noopener\">http:\/\/www.viva-interactif.com\/octobrerose<\/a><\/li>\n<li>Direction de la Sant\u00e9 publique \u2013 t\u00e9l.\u2009: 04.\u200978.\u200903.\u200967.\u200973.<\/li>\n<\/ul>\n","protected":false},"excerpt":{"rendered":"<p>La ville de Villeurbanne et ses partenaires se mobilisent pour combattre le cancer du sein pendant tout le mois d\u2019octobre, \u00e0 l\u2019occasion d\u2019Octobre rose. Une manifestation nationale destin\u00e9e \u00e0 informer sur les risques de cancer du sein et \u00e0 promouvoir le d\u00e9pistage organis\u00e9. Il concerne les femmes de 50 \u00e0 74 ans, invit\u00e9es \u00e0 faire [&hellip;]<\/p>\n","protected":false},"author":4,"featured_media":57347,"comment_status":"open","ping_status":"open","sticky":false,"template":"","format":"standard","meta":{"footnotes":""},"categories":[30,18,29],"tags":[],"class_list":["post-57344","post","type-post","status-publish","format-standard","has-post-thumbnail","hentry","category-a-la-une","category-sante-bien-etre-solidarite","category-villeurbanne"],"yoast_head":"<!-- This site is optimized with the Yoast SEO plugin v27.2 - https:\/\/yoast.com\/product\/yoast-seo-wordpress\/ -->\n<title>VILLEURBANNE : Octobre rose : Un mois d\u00e9di\u00e9 \u00e0 la pr\u00e9vention du cancer du sein<\/title>\n<meta name=\"description\" content=\"VILLEURBANNE : Octobre rose : Un mois d\u00e9di\u00e9 \u00e0 la pr\u00e9vention du cancer du sein\" \/>\n<meta name=\"robots\" content=\"index, follow, max-snippet:-1, max-image-preview:large, max-video-preview:-1\" \/>\n<link rel=\"canonical\" href=\"https:\/\/newsestlyonnais.fr\/site\/2018\/09\/30\/villeurbanne-octobre-rose-un-mois-dedie-a-la-prevention-du-cancer-du-sein\/\" \/>\n<meta property=\"og:locale\" content=\"fr_FR\" \/>\n<meta property=\"og:type\" content=\"article\" \/>\n<meta property=\"og:title\" content=\"VILLEURBANNE : Octobre rose : Un mois d\u00e9di\u00e9 \u00e0 la pr\u00e9vention du cancer du sein\" \/>\n<meta property=\"og:description\" content=\"VILLEURBANNE : Octobre rose : Un mois d\u00e9di\u00e9 \u00e0 la pr\u00e9vention du cancer du sein\" \/>\n<meta property=\"og:url\" content=\"https:\/\/newsestlyonnais.fr\/site\/2018\/09\/30\/villeurbanne-octobre-rose-un-mois-dedie-a-la-prevention-du-cancer-du-sein\/\" \/>\n<meta property=\"og:site_name\" content=\"News Est Lyonnais\" \/>\n<meta property=\"article:author\" content=\"https:\/\/www.facebook.com\/pascal.oberson.1?fref=ts\" \/>\n<meta property=\"article:published_time\" content=\"2018-09-30T05:15:24+00:00\" \/>\n<meta property=\"article:modified_time\" content=\"2018-10-31T05:46:05+00:00\" \/>\n<meta property=\"og:image\" content=\"https:\/\/i2.wp.com\/newsestlyonnais.fr\/site\/wp-content\/uploads\/2018\/09\/NEWSESTLYONNAIS-OCTOBRE-ROSE-2018.jpg?fit=800%2C536&ssl=1\" \/>\n\t<meta property=\"og:image:width\" content=\"800\" \/>\n\t<meta property=\"og:image:height\" content=\"536\" \/>\n\t<meta property=\"og:image:type\" content=\"image\/jpeg\" \/>\n<meta name=\"author\" content=\"R\u00e9dac. NEWS\" \/>\n<meta name=\"twitter:card\" content=\"summary_large_image\" \/>\n<meta name=\"twitter:label1\" content=\"\u00c9crit par\" \/>\n\t<meta name=\"twitter:data1\" content=\"R\u00e9dac. NEWS\" \/>\n\t<meta name=\"twitter:label2\" content=\"Dur\u00e9e de lecture estim\u00e9e\" \/>\n\t<meta name=\"twitter:data2\" content=\"1 minute\" \/>\n<script type=\"application\/ld+json\" class=\"yoast-schema-graph\">{\"@context\":\"https:\/\/schema.org\",\"@graph\":[{\"@type\":\"Article\",\"@id\":\"https:\/\/newsestlyonnais.fr\/site\/2018\/09\/30\/villeurbanne-octobre-rose-un-mois-dedie-a-la-prevention-du-cancer-du-sein\/#article\",\"isPartOf\":{\"@id\":\"https:\/\/newsestlyonnais.fr\/site\/2018\/09\/30\/villeurbanne-octobre-rose-un-mois-dedie-a-la-prevention-du-cancer-du-sein\/\"},\"author\":{\"name\":\"R\u00e9dac. NEWS\",\"@id\":\"https:\/\/newsestlyonnais.fr\/site\/#\/schema\/person\/3230d5615f390bb808365d673001e887\"},\"headline\":\"VILLEURBANNE : Octobre rose : Un mois d\u00e9di\u00e9 \u00e0 la pr\u00e9vention du cancer du sein\",\"datePublished\":\"2018-09-30T05:15:24+00:00\",\"dateModified\":\"2018-10-31T05:46:05+00:00\",\"mainEntityOfPage\":{\"@id\":\"https:\/\/newsestlyonnais.fr\/site\/2018\/09\/30\/villeurbanne-octobre-rose-un-mois-dedie-a-la-prevention-du-cancer-du-sein\/\"},\"wordCount\":293,\"commentCount\":0,\"publisher\":{\"@id\":\"https:\/\/newsestlyonnais.fr\/site\/#organization\"},\"image\":{\"@id\":\"https:\/\/newsestlyonnais.fr\/site\/2018\/09\/30\/villeurbanne-octobre-rose-un-mois-dedie-a-la-prevention-du-cancer-du-sein\/#primaryimage\"},\"thumbnailUrl\":\"https:\/\/newsestlyonnais.fr\/site\/wp-content\/uploads\/2018\/09\/NEWSESTLYONNAIS-OCTOBRE-ROSE-2018.jpg\",\"articleSection\":[\"\u00e0 la une\",\"Sant\u00e9 | Bien Etre | Solidarit\u00e9\",\"Villeurbanne\"],\"inLanguage\":\"fr-FR\",\"potentialAction\":[{\"@type\":\"CommentAction\",\"name\":\"Comment\",\"target\":[\"https:\/\/newsestlyonnais.fr\/site\/2018\/09\/30\/villeurbanne-octobre-rose-un-mois-dedie-a-la-prevention-du-cancer-du-sein\/#respond\"]}]},{\"@type\":\"WebPage\",\"@id\":\"https:\/\/newsestlyonnais.fr\/site\/2018\/09\/30\/villeurbanne-octobre-rose-un-mois-dedie-a-la-prevention-du-cancer-du-sein\/\",\"url\":\"https:\/\/newsestlyonnais.fr\/site\/2018\/09\/30\/villeurbanne-octobre-rose-un-mois-dedie-a-la-prevention-du-cancer-du-sein\/\",\"name\":\"VILLEURBANNE : Octobre rose : Un mois d\u00e9di\u00e9 \u00e0 la pr\u00e9vention du cancer du sein\",\"isPartOf\":{\"@id\":\"https:\/\/newsestlyonnais.fr\/site\/#website\"},\"primaryImageOfPage\":{\"@id\":\"https:\/\/newsestlyonnais.fr\/site\/2018\/09\/30\/villeurbanne-octobre-rose-un-mois-dedie-a-la-prevention-du-cancer-du-sein\/#primaryimage\"},\"image\":{\"@id\":\"https:\/\/newsestlyonnais.fr\/site\/2018\/09\/30\/villeurbanne-octobre-rose-un-mois-dedie-a-la-prevention-du-cancer-du-sein\/#primaryimage\"},\"thumbnailUrl\":\"https:\/\/newsestlyonnais.fr\/site\/wp-content\/uploads\/2018\/09\/NEWSESTLYONNAIS-OCTOBRE-ROSE-2018.jpg\",\"datePublished\":\"2018-09-30T05:15:24+00:00\",\"dateModified\":\"2018-10-31T05:46:05+00:00\",\"description\":\"VILLEURBANNE : Octobre rose : Un mois d\u00e9di\u00e9 \u00e0 la pr\u00e9vention du cancer du sein\",\"breadcrumb\":{\"@id\":\"https:\/\/newsestlyonnais.fr\/site\/2018\/09\/30\/villeurbanne-octobre-rose-un-mois-dedie-a-la-prevention-du-cancer-du-sein\/#breadcrumb\"},\"inLanguage\":\"fr-FR\",\"potentialAction\":[{\"@type\":\"ReadAction\",\"target\":[\"https:\/\/newsestlyonnais.fr\/site\/2018\/09\/30\/villeurbanne-octobre-rose-un-mois-dedie-a-la-prevention-du-cancer-du-sein\/\"]}]},{\"@type\":\"ImageObject\",\"inLanguage\":\"fr-FR\",\"@id\":\"https:\/\/newsestlyonnais.fr\/site\/2018\/09\/30\/villeurbanne-octobre-rose-un-mois-dedie-a-la-prevention-du-cancer-du-sein\/#primaryimage\",\"url\":\"https:\/\/newsestlyonnais.fr\/site\/wp-content\/uploads\/2018\/09\/NEWSESTLYONNAIS-OCTOBRE-ROSE-2018.jpg\",\"contentUrl\":\"https:\/\/newsestlyonnais.fr\/site\/wp-content\/uploads\/2018\/09\/NEWSESTLYONNAIS-OCTOBRE-ROSE-2018.jpg\",\"width\":800,\"height\":536,\"caption\":\"NEWSESTLYONNAIS OCTOBRE ROSE 2018\"},{\"@type\":\"BreadcrumbList\",\"@id\":\"https:\/\/newsestlyonnais.fr\/site\/2018\/09\/30\/villeurbanne-octobre-rose-un-mois-dedie-a-la-prevention-du-cancer-du-sein\/#breadcrumb\",\"itemListElement\":[{\"@type\":\"ListItem\",\"position\":1,\"name\":\"Accueil\",\"item\":\"https:\/\/newsestlyonnais.fr\/site\/\"},{\"@type\":\"ListItem\",\"position\":2,\"name\":\"VILLEURBANNE : Octobre rose : Un mois d\u00e9di\u00e9 \u00e0 la pr\u00e9vention du cancer du sein\"}]},{\"@type\":\"WebSite\",\"@id\":\"https:\/\/newsestlyonnais.fr\/site\/#website\",\"url\":\"https:\/\/newsestlyonnais.fr\/site\/\",\"name\":\"News Est Lyonnais\",\"description\":\"L&#039;actualit\u00e9 au plus pr\u00e8s\",\"publisher\":{\"@id\":\"https:\/\/newsestlyonnais.fr\/site\/#organization\"},\"potentialAction\":[{\"@type\":\"SearchAction\",\"target\":{\"@type\":\"EntryPoint\",\"urlTemplate\":\"https:\/\/newsestlyonnais.fr\/site\/?s={search_term_string}\"},\"query-input\":{\"@type\":\"PropertyValueSpecification\",\"valueRequired\":true,\"valueName\":\"search_term_string\"}}],\"inLanguage\":\"fr-FR\"},{\"@type\":\"Organization\",\"@id\":\"https:\/\/newsestlyonnais.fr\/site\/#organization\",\"name\":\"News EST LYONNAIS\",\"url\":\"https:\/\/newsestlyonnais.fr\/site\/\",\"logo\":{\"@type\":\"ImageObject\",\"inLanguage\":\"fr-FR\",\"@id\":\"https:\/\/newsestlyonnais.fr\/site\/#\/schema\/logo\/image\/\",\"url\":\"\",\"contentUrl\":\"\",\"caption\":\"News EST LYONNAIS\"},\"image\":{\"@id\":\"https:\/\/newsestlyonnais.fr\/site\/#\/schema\/logo\/image\/\"}},{\"@type\":\"Person\",\"@id\":\"https:\/\/newsestlyonnais.fr\/site\/#\/schema\/person\/3230d5615f390bb808365d673001e887\",\"name\":\"R\u00e9dac. NEWS\",\"sameAs\":[\"http:\/\/www.newsestlyonnais.fr\",\"https:\/\/www.facebook.com\/pascal.oberson.1?fref=ts\",\"https:\/\/fr.linkedin.com\/in\/pascal-oberson-b17045113\"],\"url\":\"https:\/\/newsestlyonnais.fr\/site\/author\/nel\/\"}]}<\/script>\n<!-- \/ Yoast SEO plugin. -->","yoast_head_json":{"title":"VILLEURBANNE : Octobre rose : Un mois d\u00e9di\u00e9 \u00e0 la pr\u00e9vention du cancer du sein","description":"VILLEURBANNE : Octobre rose : Un mois d\u00e9di\u00e9 \u00e0 la pr\u00e9vention du cancer du sein","robots":{"index":"index","follow":"follow","max-snippet":"max-snippet:-1","max-image-preview":"max-image-preview:large","max-video-preview":"max-video-preview:-1"},"canonical":"https:\/\/newsestlyonnais.fr\/site\/2018\/09\/30\/villeurbanne-octobre-rose-un-mois-dedie-a-la-prevention-du-cancer-du-sein\/","og_locale":"fr_FR","og_type":"article","og_title":"VILLEURBANNE : Octobre rose : Un mois d\u00e9di\u00e9 \u00e0 la pr\u00e9vention du cancer du sein","og_description":"VILLEURBANNE : Octobre rose : Un mois d\u00e9di\u00e9 \u00e0 la pr\u00e9vention du cancer du sein","og_url":"https:\/\/newsestlyonnais.fr\/site\/2018\/09\/30\/villeurbanne-octobre-rose-un-mois-dedie-a-la-prevention-du-cancer-du-sein\/","og_site_name":"News Est Lyonnais","article_author":"https:\/\/www.facebook.com\/pascal.oberson.1?fref=ts","article_published_time":"2018-09-30T05:15:24+00:00","article_modified_time":"2018-10-31T05:46:05+00:00","og_image":[{"width":800,"height":536,"url":"https:\/\/i2.wp.com\/newsestlyonnais.fr\/site\/wp-content\/uploads\/2018\/09\/NEWSESTLYONNAIS-OCTOBRE-ROSE-2018.jpg?fit=800%2C536&ssl=1","type":"image\/jpeg"}],"author":"R\u00e9dac. NEWS","twitter_card":"summary_large_image","twitter_misc":{"\u00c9crit par":"R\u00e9dac. NEWS","Dur\u00e9e de lecture estim\u00e9e":"1 minute"},"schema":{"@context":"https:\/\/schema.org","@graph":[{"@type":"Article","@id":"https:\/\/newsestlyonnais.fr\/site\/2018\/09\/30\/villeurbanne-octobre-rose-un-mois-dedie-a-la-prevention-du-cancer-du-sein\/#article","isPartOf":{"@id":"https:\/\/newsestlyonnais.fr\/site\/2018\/09\/30\/villeurbanne-octobre-rose-un-mois-dedie-a-la-prevention-du-cancer-du-sein\/"},"author":{"name":"R\u00e9dac. NEWS","@id":"https:\/\/newsestlyonnais.fr\/site\/#\/schema\/person\/3230d5615f390bb808365d673001e887"},"headline":"VILLEURBANNE : Octobre rose : Un mois d\u00e9di\u00e9 \u00e0 la pr\u00e9vention du cancer du sein","datePublished":"2018-09-30T05:15:24+00:00","dateModified":"2018-10-31T05:46:05+00:00","mainEntityOfPage":{"@id":"https:\/\/newsestlyonnais.fr\/site\/2018\/09\/30\/villeurbanne-octobre-rose-un-mois-dedie-a-la-prevention-du-cancer-du-sein\/"},"wordCount":293,"commentCount":0,"publisher":{"@id":"https:\/\/newsestlyonnais.fr\/site\/#organization"},"image":{"@id":"https:\/\/newsestlyonnais.fr\/site\/2018\/09\/30\/villeurbanne-octobre-rose-un-mois-dedie-a-la-prevention-du-cancer-du-sein\/#primaryimage"},"thumbnailUrl":"https:\/\/newsestlyonnais.fr\/site\/wp-content\/uploads\/2018\/09\/NEWSESTLYONNAIS-OCTOBRE-ROSE-2018.jpg","articleSection":["\u00e0 la une","Sant\u00e9 | Bien Etre | Solidarit\u00e9","Villeurbanne"],"inLanguage":"fr-FR","potentialAction":[{"@type":"CommentAction","name":"Comment","target":["https:\/\/newsestlyonnais.fr\/site\/2018\/09\/30\/villeurbanne-octobre-rose-un-mois-dedie-a-la-prevention-du-cancer-du-sein\/#respond"]}]},{"@type":"WebPage","@id":"https:\/\/newsestlyonnais.fr\/site\/2018\/09\/30\/villeurbanne-octobre-rose-un-mois-dedie-a-la-prevention-du-cancer-du-sein\/","url":"https:\/\/newsestlyonnais.fr\/site\/2018\/09\/30\/villeurbanne-octobre-rose-un-mois-dedie-a-la-prevention-du-cancer-du-sein\/","name":"VILLEURBANNE : Octobre rose : Un mois d\u00e9di\u00e9 \u00e0 la pr\u00e9vention du cancer du sein","isPartOf":{"@id":"https:\/\/newsestlyonnais.fr\/site\/#website"},"primaryImageOfPage":{"@id":"https:\/\/newsestlyonnais.fr\/site\/2018\/09\/30\/villeurbanne-octobre-rose-un-mois-dedie-a-la-prevention-du-cancer-du-sein\/#primaryimage"},"image":{"@id":"https:\/\/newsestlyonnais.fr\/site\/2018\/09\/30\/villeurbanne-octobre-rose-un-mois-dedie-a-la-prevention-du-cancer-du-sein\/#primaryimage"},"thumbnailUrl":"https:\/\/newsestlyonnais.fr\/site\/wp-content\/uploads\/2018\/09\/NEWSESTLYONNAIS-OCTOBRE-ROSE-2018.jpg","datePublished":"2018-09-30T05:15:24+00:00","dateModified":"2018-10-31T05:46:05+00:00","description":"VILLEURBANNE : Octobre rose : Un mois d\u00e9di\u00e9 \u00e0 la pr\u00e9vention du cancer du sein","breadcrumb":{"@id":"https:\/\/newsestlyonnais.fr\/site\/2018\/09\/30\/villeurbanne-octobre-rose-un-mois-dedie-a-la-prevention-du-cancer-du-sein\/#breadcrumb"},"inLanguage":"fr-FR","potentialAction":[{"@type":"ReadAction","target":["https:\/\/newsestlyonnais.fr\/site\/2018\/09\/30\/villeurbanne-octobre-rose-un-mois-dedie-a-la-prevention-du-cancer-du-sein\/"]}]},{"@type":"ImageObject","inLanguage":"fr-FR","@id":"https:\/\/newsestlyonnais.fr\/site\/2018\/09\/30\/villeurbanne-octobre-rose-un-mois-dedie-a-la-prevention-du-cancer-du-sein\/#primaryimage","url":"https:\/\/newsestlyonnais.fr\/site\/wp-content\/uploads\/2018\/09\/NEWSESTLYONNAIS-OCTOBRE-ROSE-2018.jpg","contentUrl":"https:\/\/newsestlyonnais.fr\/site\/wp-content\/uploads\/2018\/09\/NEWSESTLYONNAIS-OCTOBRE-ROSE-2018.jpg","width":800,"height":536,"caption":"NEWSESTLYONNAIS OCTOBRE ROSE 2018"},{"@type":"BreadcrumbList","@id":"https:\/\/newsestlyonnais.fr\/site\/2018\/09\/30\/villeurbanne-octobre-rose-un-mois-dedie-a-la-prevention-du-cancer-du-sein\/#breadcrumb","itemListElement":[{"@type":"ListItem","position":1,"name":"Accueil","item":"https:\/\/newsestlyonnais.fr\/site\/"},{"@type":"ListItem","position":2,"name":"VILLEURBANNE : Octobre rose : Un mois d\u00e9di\u00e9 \u00e0 la pr\u00e9vention du cancer du sein"}]},{"@type":"WebSite","@id":"https:\/\/newsestlyonnais.fr\/site\/#website","url":"https:\/\/newsestlyonnais.fr\/site\/","name":"News Est Lyonnais","description":"L&#039;actualit\u00e9 au plus pr\u00e8s","publisher":{"@id":"https:\/\/newsestlyonnais.fr\/site\/#organization"},"potentialAction":[{"@type":"SearchAction","target":{"@type":"EntryPoint","urlTemplate":"https:\/\/newsestlyonnais.fr\/site\/?s={search_term_string}"},"query-input":{"@type":"PropertyValueSpecification","valueRequired":true,"valueName":"search_term_string"}}],"inLanguage":"fr-FR"},{"@type":"Organization","@id":"https:\/\/newsestlyonnais.fr\/site\/#organization","name":"News EST LYONNAIS","url":"https:\/\/newsestlyonnais.fr\/site\/","logo":{"@type":"ImageObject","inLanguage":"fr-FR","@id":"https:\/\/newsestlyonnais.fr\/site\/#\/schema\/logo\/image\/","url":"","contentUrl":"","caption":"News EST LYONNAIS"},"image":{"@id":"https:\/\/newsestlyonnais.fr\/site\/#\/schema\/logo\/image\/"}},{"@type":"Person","@id":"https:\/\/newsestlyonnais.fr\/site\/#\/schema\/person\/3230d5615f390bb808365d673001e887","name":"R\u00e9dac. NEWS","sameAs":["http:\/\/www.newsestlyonnais.fr","https:\/\/www.facebook.com\/pascal.oberson.1?fref=ts","https:\/\/fr.linkedin.com\/in\/pascal-oberson-b17045113"],"url":"https:\/\/newsestlyonnais.fr\/site\/author\/nel\/"}]}},"_links":{"self":[{"href":"https:\/\/newsestlyonnais.fr\/site\/wp-json\/wp\/v2\/posts\/57344","targetHints":{"allow":["GET"]}}],"collection":[{"href":"https:\/\/newsestlyonnais.fr\/site\/wp-json\/wp\/v2\/posts"}],"about":[{"href":"https:\/\/newsestlyonnais.fr\/site\/wp-json\/wp\/v2\/types\/post"}],"author":[{"embeddable":true,"href":"https:\/\/newsestlyonnais.fr\/site\/wp-json\/wp\/v2\/users\/4"}],"replies":[{"embeddable":true,"href":"https:\/\/newsestlyonnais.fr\/site\/wp-json\/wp\/v2\/comments?post=57344"}],"version-history":[{"count":0,"href":"https:\/\/newsestlyonnais.fr\/site\/wp-json\/wp\/v2\/posts\/57344\/revisions"}],"wp:featuredmedia":[{"embeddable":true,"href":"https:\/\/newsestlyonnais.fr\/site\/wp-json\/wp\/v2\/media\/57347"}],"wp:attachment":[{"href":"https:\/\/newsestlyonnais.fr\/site\/wp-json\/wp\/v2\/media?parent=57344"}],"wp:term":[{"taxonomy":"category","embeddable":true,"href":"https:\/\/newsestlyonnais.fr\/site\/wp-json\/wp\/v2\/categories?post=57344"},{"taxonomy":"post_tag","embeddable":true,"href":"https:\/\/newsestlyonnais.fr\/site\/wp-json\/wp\/v2\/tags?post=57344"}],"curies":[{"name":"wp","href":"https:\/\/api.w.org\/{rel}","templated":true}]}}