{"id":57390,"date":"2018-09-30T05:28:10","date_gmt":"2018-09-30T04:28:10","guid":{"rendered":"http:\/\/newsestlyonnais.fr\/site\/?p=57390"},"modified":"2020-11-17T11:17:10","modified_gmt":"2020-11-17T10:17:10","slug":"bron-le-conseil-du-mois-d-octobre-des-secouristes-de-la-croix-blanche","status":"publish","type":"post","link":"https:\/\/newsestlyonnais.fr\/site\/2018\/09\/30\/bron-le-conseil-du-mois-d-octobre-des-secouristes-de-la-croix-blanche\/","title":{"rendered":"BRON | Le conseil d&rsquo; Octobre des secouristes de la Croix Blanche"},"content":{"rendered":"<p><strong>L\u2019association des secouristes de la Croix Blanche de Bron, propose chaque mois un conseil donn\u00e9 par un de ses b\u00e9n\u00e9voles.<\/strong><\/p>\n<p>C\u2019est au tour de <strong>Mathias<\/strong> (39 ans, agent de s\u00e9curit\u00e9, secouriste depuis 10 ans et secr\u00e9taire adjoint de l&rsquo;association brondillante) de lancer un nouveau volet de cette rubrique mensuelle en se pr\u00e9sentant :<\/p>\n<ul>\n<li><strong>Sa motivation<\/strong> : \u00a0\u00bb Valoriser mon temps libre tout en me sentant utile \u00e0 la soci\u00e9t\u00e9 \u00ab\u00a0.<\/li>\n<li><strong>Pourquoi le secourisme \u00e0 l\u2019association de Bron ?<\/strong> : \u00a0\u00bb Fraichement arriv\u00e9 sur Bron et \u00e0 la recherche d\u2019une activit\u00e9 sportive, c\u2019est en me rendant au Forum des Associations de la ville, que mon int\u00e9r\u00eat a \u00e9t\u00e9 suscit\u00e9, contre toute attente, sur le stand des secouristes de la Croix Blanche de Bron. A l\u2019issue de ce premier \u00e9change, j\u2019ai \u00e9t\u00e9 convi\u00e9 \u00e0 une de leurs r\u00e9unions, o\u00f9 j\u2019ai pu confirmer le c\u00f4t\u00e9 chaleureux et convivial de ses membres. A ce jour, je crois que l\u2019on peut dire que la mayonnaise a bien pris \u00ab\u00a0.<\/li>\n<\/ul>\n<p><span style=\"text-decoration: underline\"><strong>Son conseil du mois porte sur la crise d\u2019\u00e9pilepsie<\/strong><\/span>:<\/p>\n<p>Le moment de la crise d\u2019\u00e9pilepsie correspond \u00e0 des d\u00e9charges \u00e9lectriques anormalement \u00e9lev\u00e9es dans le r\u00e9seau de neurones qui constitue le cerveau. Il s\u2019agit donc d\u2019<strong>une maladie NEUROLOGIQUE<\/strong>. Selon la zone du cerveau concern\u00e9e ou le type de crises, il ne s\u2019agit pas de la m\u00eame maladie ; il y a en effet 80 formes diff\u00e9rentes d\u2019\u00e9pilepsie.<\/p>\n<ul>\n<li><strong>Que faire ?<\/strong> : <span style=\"text-decoration: underline\">Pendant la crise<\/span> :Ne bougez pas la personne. Prot\u00e9gez sa t\u00eate et \u00e9cartez tout objet dangereux \u00e0 proximit\u00e9. Desserrez ses v\u00eatements, retirez ses lunettes. Si possible, notez la dur\u00e9e de la crise et restez avec elle. Ne mettez rien dans sa bouche. Regardez dans ses papiers s\u2019il y a des consignes m\u00e9dicales.<\/li>\n<\/ul>\n<p><span style=\"text-decoration: underline\">Apr\u00e8s la crise<\/span> : Tournez-la sur le c\u00f4t\u00e9 en \u00ab position lat\u00e9rale de s\u00e9curit\u00e9 \u00bb. Attendez qu\u2019elle ait repris ses esprits.<br \/>\nRassurez la personne, parlez-lui calmement. Elle peut parfois pr\u00e9senter une confusion. Ne lui donnez pas de m\u00e9dicament. Ne lui donnez pas \u00e0 boire.<\/p>\n<p><strong><span style=\"text-decoration: underline\">ATTENTION \u2013 Dans quelles situations appeler les secours<\/span> ?<\/strong><\/p>\n<ul>\n<li>Si la crise dure plus de 5 minutes.<\/li>\n<li>Si une 2\u00b0 crise survient.<\/li>\n<li>Si la personne s\u2019est bless\u00e9e.<\/li>\n<li>Si la personne est visiblement mal en point.<\/li>\n<\/ul>\n<p><strong>Retrouvez l\u2019ACTU de l\u2019association sur : <a href=\"https:\/\/www.facebook.com\/coixblanche.bron.3\" target=\"_blank\" rel=\"noopener noreferrer\">https:\/\/www.facebook.com\/coixblanche.bron.3<\/a><\/strong><\/p>\n<div id='gallery-1' class='gallery galleryid-57390 gallery-columns-3 gallery-size-thumbnail'><figure class='gallery-item'>\n\t\t\t<div class='gallery-icon portrait'>\n\t\t\t\t<a href='https:\/\/newsestlyonnais.fr\/site\/2018\/09\/30\/bron-le-conseil-du-mois-d-octobre-des-secouristes-de-la-croix-blanche\/newsestlyonnais-mathias-croix-blanche\/'><img loading=\"lazy\" decoding=\"async\" width=\"150\" height=\"150\" src=\"https:\/\/newsestlyonnais.fr\/site\/wp-content\/uploads\/2018\/10\/NEWSESTLYONNAIS-MATHIAS-CROIX-BLANCHE-150x150.jpg\" class=\"attachment-thumbnail size-thumbnail\" alt=\"NEWSESTLYONNAIS MATHIAS CROIX BLANCHE\" aria-describedby=\"gallery-1-57502\" \/><\/a>\n\t\t\t<\/div>\n\t\t\t\t<figcaption class='wp-caption-text gallery-caption' id='gallery-1-57502'>\n\t\t\t\tMathias est secouriste depuis 10 ans\n\t\t\t\t<\/figcaption><\/figure><figure class='gallery-item'>\n\t\t\t<div class='gallery-icon portrait'>\n\t\t\t\t<a href='https:\/\/newsestlyonnais.fr\/site\/2018\/09\/12\/bron-le-conseil-du-mois-de-septembre-des-secouristes-de-la-croix-blanche\/newsestlyonnais-sec-cx-blanche-bron\/'><img loading=\"lazy\" decoding=\"async\" width=\"150\" height=\"150\" src=\"https:\/\/newsestlyonnais.fr\/site\/wp-content\/uploads\/2018\/09\/NEWSESTLYONNAIS-SEC-CX-BLANCHE-BRON-150x150.jpg\" class=\"attachment-thumbnail size-thumbnail\" alt=\"NEWSESTLYONNAIS SEC CX BLANCHE BRON\" \/><\/a>\n\t\t\t<\/div><\/figure>\n\t\t<\/div>\n\n","protected":false},"excerpt":{"rendered":"<p>L\u2019association des secouristes de la Croix Blanche de Bron, propose chaque mois un conseil donn\u00e9 par un de ses b\u00e9n\u00e9voles. C\u2019est au tour de Mathias (39 ans, agent de s\u00e9curit\u00e9, secouriste depuis 10 ans et secr\u00e9taire adjoint de l&rsquo;association brondillante) de lancer un nouveau volet de cette rubrique mensuelle en se pr\u00e9sentant : Sa motivation [&hellip;]<\/p>\n","protected":false},"author":4,"featured_media":57511,"comment_status":"open","ping_status":"open","sticky":false,"template":"","format":"standard","meta":{"footnotes":""},"categories":[19,18,1753],"tags":[],"class_list":["post-57390","post","type-post","status-publish","format-standard","has-post-thumbnail","hentry","category-bron","category-sante-bien-etre-solidarite","category-secours-securite"],"yoast_head":"<!-- This site is optimized with the Yoast SEO plugin v27.2 - https:\/\/yoast.com\/product\/yoast-seo-wordpress\/ -->\n<title>BRON : Le conseil du mois d&#039; Octobre des secouristes de la Croix Blanche<\/title>\n<meta name=\"description\" content=\"BRON : Le conseil du mois d&#039; Octobre des secouristes de la Croix Blanche\" \/>\n<meta name=\"robots\" content=\"index, follow, max-snippet:-1, max-image-preview:large, max-video-preview:-1\" \/>\n<link rel=\"canonical\" href=\"https:\/\/newsestlyonnais.fr\/site\/2018\/09\/30\/bron-le-conseil-du-mois-d-octobre-des-secouristes-de-la-croix-blanche\/\" \/>\n<meta property=\"og:locale\" content=\"fr_FR\" \/>\n<meta property=\"og:type\" content=\"article\" \/>\n<meta property=\"og:title\" content=\"BRON : Le conseil du mois d&#039; Octobre des secouristes de la Croix Blanche\" \/>\n<meta property=\"og:description\" content=\"BRON : Le conseil du mois d&#039; Octobre des secouristes de la Croix Blanche\" \/>\n<meta property=\"og:url\" content=\"https:\/\/newsestlyonnais.fr\/site\/2018\/09\/30\/bron-le-conseil-du-mois-d-octobre-des-secouristes-de-la-croix-blanche\/\" \/>\n<meta property=\"og:site_name\" content=\"News Est Lyonnais\" \/>\n<meta property=\"article:author\" content=\"https:\/\/www.facebook.com\/pascal.oberson.1?fref=ts\" \/>\n<meta property=\"article:published_time\" content=\"2018-09-30T04:28:10+00:00\" \/>\n<meta property=\"article:modified_time\" content=\"2020-11-17T10:17:10+00:00\" \/>\n<meta property=\"og:image\" content=\"https:\/\/i2.wp.com\/newsestlyonnais.fr\/site\/wp-content\/uploads\/2018\/10\/NEWSESTLYONNAIS-sec-cx-blan-bron.jpg?fit=2048%2C1536&ssl=1\" \/>\n\t<meta property=\"og:image:width\" content=\"2048\" \/>\n\t<meta property=\"og:image:height\" content=\"1536\" \/>\n\t<meta property=\"og:image:type\" content=\"image\/jpeg\" \/>\n<meta name=\"author\" content=\"R\u00e9dac. NEWS\" \/>\n<meta name=\"twitter:card\" content=\"summary_large_image\" \/>\n<meta name=\"twitter:label1\" content=\"\u00c9crit par\" \/>\n\t<meta name=\"twitter:data1\" content=\"R\u00e9dac. NEWS\" \/>\n\t<meta name=\"twitter:label2\" content=\"Dur\u00e9e de lecture estim\u00e9e\" \/>\n\t<meta name=\"twitter:data2\" content=\"2 minutes\" \/>\n<script type=\"application\/ld+json\" class=\"yoast-schema-graph\">{\"@context\":\"https:\/\/schema.org\",\"@graph\":[{\"@type\":\"Article\",\"@id\":\"https:\/\/newsestlyonnais.fr\/site\/2018\/09\/30\/bron-le-conseil-du-mois-d-octobre-des-secouristes-de-la-croix-blanche\/#article\",\"isPartOf\":{\"@id\":\"https:\/\/newsestlyonnais.fr\/site\/2018\/09\/30\/bron-le-conseil-du-mois-d-octobre-des-secouristes-de-la-croix-blanche\/\"},\"author\":{\"name\":\"R\u00e9dac. NEWS\",\"@id\":\"https:\/\/newsestlyonnais.fr\/site\/#\/schema\/person\/3230d5615f390bb808365d673001e887\"},\"headline\":\"BRON | Le conseil d&rsquo; Octobre des secouristes de la Croix Blanche\",\"datePublished\":\"2018-09-30T04:28:10+00:00\",\"dateModified\":\"2020-11-17T10:17:10+00:00\",\"mainEntityOfPage\":{\"@id\":\"https:\/\/newsestlyonnais.fr\/site\/2018\/09\/30\/bron-le-conseil-du-mois-d-octobre-des-secouristes-de-la-croix-blanche\/\"},\"wordCount\":412,\"commentCount\":0,\"publisher\":{\"@id\":\"https:\/\/newsestlyonnais.fr\/site\/#organization\"},\"image\":{\"@id\":\"https:\/\/newsestlyonnais.fr\/site\/2018\/09\/30\/bron-le-conseil-du-mois-d-octobre-des-secouristes-de-la-croix-blanche\/#primaryimage\"},\"thumbnailUrl\":\"https:\/\/newsestlyonnais.fr\/site\/wp-content\/uploads\/2018\/10\/NEWSESTLYONNAIS-sec-cx-blan-bron.jpg\",\"articleSection\":[\"Bron\",\"Sant\u00e9 | Bien Etre | Solidarit\u00e9\",\"Secours | S\u00e9curit\u00e9\"],\"inLanguage\":\"fr-FR\",\"potentialAction\":[{\"@type\":\"CommentAction\",\"name\":\"Comment\",\"target\":[\"https:\/\/newsestlyonnais.fr\/site\/2018\/09\/30\/bron-le-conseil-du-mois-d-octobre-des-secouristes-de-la-croix-blanche\/#respond\"]}]},{\"@type\":\"WebPage\",\"@id\":\"https:\/\/newsestlyonnais.fr\/site\/2018\/09\/30\/bron-le-conseil-du-mois-d-octobre-des-secouristes-de-la-croix-blanche\/\",\"url\":\"https:\/\/newsestlyonnais.fr\/site\/2018\/09\/30\/bron-le-conseil-du-mois-d-octobre-des-secouristes-de-la-croix-blanche\/\",\"name\":\"BRON : Le conseil du mois d' Octobre des secouristes de la Croix Blanche\",\"isPartOf\":{\"@id\":\"https:\/\/newsestlyonnais.fr\/site\/#website\"},\"primaryImageOfPage\":{\"@id\":\"https:\/\/newsestlyonnais.fr\/site\/2018\/09\/30\/bron-le-conseil-du-mois-d-octobre-des-secouristes-de-la-croix-blanche\/#primaryimage\"},\"image\":{\"@id\":\"https:\/\/newsestlyonnais.fr\/site\/2018\/09\/30\/bron-le-conseil-du-mois-d-octobre-des-secouristes-de-la-croix-blanche\/#primaryimage\"},\"thumbnailUrl\":\"https:\/\/newsestlyonnais.fr\/site\/wp-content\/uploads\/2018\/10\/NEWSESTLYONNAIS-sec-cx-blan-bron.jpg\",\"datePublished\":\"2018-09-30T04:28:10+00:00\",\"dateModified\":\"2020-11-17T10:17:10+00:00\",\"description\":\"BRON : Le conseil du mois d' Octobre des secouristes de la Croix Blanche\",\"breadcrumb\":{\"@id\":\"https:\/\/newsestlyonnais.fr\/site\/2018\/09\/30\/bron-le-conseil-du-mois-d-octobre-des-secouristes-de-la-croix-blanche\/#breadcrumb\"},\"inLanguage\":\"fr-FR\",\"potentialAction\":[{\"@type\":\"ReadAction\",\"target\":[\"https:\/\/newsestlyonnais.fr\/site\/2018\/09\/30\/bron-le-conseil-du-mois-d-octobre-des-secouristes-de-la-croix-blanche\/\"]}]},{\"@type\":\"ImageObject\",\"inLanguage\":\"fr-FR\",\"@id\":\"https:\/\/newsestlyonnais.fr\/site\/2018\/09\/30\/bron-le-conseil-du-mois-d-octobre-des-secouristes-de-la-croix-blanche\/#primaryimage\",\"url\":\"https:\/\/newsestlyonnais.fr\/site\/wp-content\/uploads\/2018\/10\/NEWSESTLYONNAIS-sec-cx-blan-bron.jpg\",\"contentUrl\":\"https:\/\/newsestlyonnais.fr\/site\/wp-content\/uploads\/2018\/10\/NEWSESTLYONNAIS-sec-cx-blan-bron.jpg\",\"width\":2048,\"height\":1536,\"caption\":\"NEWSESTLYONNAIS sec cx blan bron\"},{\"@type\":\"BreadcrumbList\",\"@id\":\"https:\/\/newsestlyonnais.fr\/site\/2018\/09\/30\/bron-le-conseil-du-mois-d-octobre-des-secouristes-de-la-croix-blanche\/#breadcrumb\",\"itemListElement\":[{\"@type\":\"ListItem\",\"position\":1,\"name\":\"Accueil\",\"item\":\"https:\/\/newsestlyonnais.fr\/site\/\"},{\"@type\":\"ListItem\",\"position\":2,\"name\":\"BRON | Le conseil d&rsquo; Octobre des secouristes de la Croix Blanche\"}]},{\"@type\":\"WebSite\",\"@id\":\"https:\/\/newsestlyonnais.fr\/site\/#website\",\"url\":\"https:\/\/newsestlyonnais.fr\/site\/\",\"name\":\"News Est Lyonnais\",\"description\":\"L&#039;actualit\u00e9 au plus pr\u00e8s\",\"publisher\":{\"@id\":\"https:\/\/newsestlyonnais.fr\/site\/#organization\"},\"potentialAction\":[{\"@type\":\"SearchAction\",\"target\":{\"@type\":\"EntryPoint\",\"urlTemplate\":\"https:\/\/newsestlyonnais.fr\/site\/?s={search_term_string}\"},\"query-input\":{\"@type\":\"PropertyValueSpecification\",\"valueRequired\":true,\"valueName\":\"search_term_string\"}}],\"inLanguage\":\"fr-FR\"},{\"@type\":\"Organization\",\"@id\":\"https:\/\/newsestlyonnais.fr\/site\/#organization\",\"name\":\"News EST LYONNAIS\",\"url\":\"https:\/\/newsestlyonnais.fr\/site\/\",\"logo\":{\"@type\":\"ImageObject\",\"inLanguage\":\"fr-FR\",\"@id\":\"https:\/\/newsestlyonnais.fr\/site\/#\/schema\/logo\/image\/\",\"url\":\"\",\"contentUrl\":\"\",\"caption\":\"News EST LYONNAIS\"},\"image\":{\"@id\":\"https:\/\/newsestlyonnais.fr\/site\/#\/schema\/logo\/image\/\"}},{\"@type\":\"Person\",\"@id\":\"https:\/\/newsestlyonnais.fr\/site\/#\/schema\/person\/3230d5615f390bb808365d673001e887\",\"name\":\"R\u00e9dac. NEWS\",\"sameAs\":[\"http:\/\/www.newsestlyonnais.fr\",\"https:\/\/www.facebook.com\/pascal.oberson.1?fref=ts\",\"https:\/\/fr.linkedin.com\/in\/pascal-oberson-b17045113\"],\"url\":\"https:\/\/newsestlyonnais.fr\/site\/author\/nel\/\"}]}<\/script>\n<!-- \/ Yoast SEO plugin. -->","yoast_head_json":{"title":"BRON : Le conseil du mois d' Octobre des secouristes de la Croix Blanche","description":"BRON : Le conseil du mois d' Octobre des secouristes de la Croix Blanche","robots":{"index":"index","follow":"follow","max-snippet":"max-snippet:-1","max-image-preview":"max-image-preview:large","max-video-preview":"max-video-preview:-1"},"canonical":"https:\/\/newsestlyonnais.fr\/site\/2018\/09\/30\/bron-le-conseil-du-mois-d-octobre-des-secouristes-de-la-croix-blanche\/","og_locale":"fr_FR","og_type":"article","og_title":"BRON : Le conseil du mois d' Octobre des secouristes de la Croix Blanche","og_description":"BRON : Le conseil du mois d' Octobre des secouristes de la Croix Blanche","og_url":"https:\/\/newsestlyonnais.fr\/site\/2018\/09\/30\/bron-le-conseil-du-mois-d-octobre-des-secouristes-de-la-croix-blanche\/","og_site_name":"News Est Lyonnais","article_author":"https:\/\/www.facebook.com\/pascal.oberson.1?fref=ts","article_published_time":"2018-09-30T04:28:10+00:00","article_modified_time":"2020-11-17T10:17:10+00:00","og_image":[{"width":2048,"height":1536,"url":"https:\/\/i2.wp.com\/newsestlyonnais.fr\/site\/wp-content\/uploads\/2018\/10\/NEWSESTLYONNAIS-sec-cx-blan-bron.jpg?fit=2048%2C1536&ssl=1","type":"image\/jpeg"}],"author":"R\u00e9dac. NEWS","twitter_card":"summary_large_image","twitter_misc":{"\u00c9crit par":"R\u00e9dac. NEWS","Dur\u00e9e de lecture estim\u00e9e":"2 minutes"},"schema":{"@context":"https:\/\/schema.org","@graph":[{"@type":"Article","@id":"https:\/\/newsestlyonnais.fr\/site\/2018\/09\/30\/bron-le-conseil-du-mois-d-octobre-des-secouristes-de-la-croix-blanche\/#article","isPartOf":{"@id":"https:\/\/newsestlyonnais.fr\/site\/2018\/09\/30\/bron-le-conseil-du-mois-d-octobre-des-secouristes-de-la-croix-blanche\/"},"author":{"name":"R\u00e9dac. NEWS","@id":"https:\/\/newsestlyonnais.fr\/site\/#\/schema\/person\/3230d5615f390bb808365d673001e887"},"headline":"BRON | Le conseil d&rsquo; Octobre des secouristes de la Croix Blanche","datePublished":"2018-09-30T04:28:10+00:00","dateModified":"2020-11-17T10:17:10+00:00","mainEntityOfPage":{"@id":"https:\/\/newsestlyonnais.fr\/site\/2018\/09\/30\/bron-le-conseil-du-mois-d-octobre-des-secouristes-de-la-croix-blanche\/"},"wordCount":412,"commentCount":0,"publisher":{"@id":"https:\/\/newsestlyonnais.fr\/site\/#organization"},"image":{"@id":"https:\/\/newsestlyonnais.fr\/site\/2018\/09\/30\/bron-le-conseil-du-mois-d-octobre-des-secouristes-de-la-croix-blanche\/#primaryimage"},"thumbnailUrl":"https:\/\/newsestlyonnais.fr\/site\/wp-content\/uploads\/2018\/10\/NEWSESTLYONNAIS-sec-cx-blan-bron.jpg","articleSection":["Bron","Sant\u00e9 | Bien Etre | Solidarit\u00e9","Secours | S\u00e9curit\u00e9"],"inLanguage":"fr-FR","potentialAction":[{"@type":"CommentAction","name":"Comment","target":["https:\/\/newsestlyonnais.fr\/site\/2018\/09\/30\/bron-le-conseil-du-mois-d-octobre-des-secouristes-de-la-croix-blanche\/#respond"]}]},{"@type":"WebPage","@id":"https:\/\/newsestlyonnais.fr\/site\/2018\/09\/30\/bron-le-conseil-du-mois-d-octobre-des-secouristes-de-la-croix-blanche\/","url":"https:\/\/newsestlyonnais.fr\/site\/2018\/09\/30\/bron-le-conseil-du-mois-d-octobre-des-secouristes-de-la-croix-blanche\/","name":"BRON : Le conseil du mois d' Octobre des secouristes de la Croix Blanche","isPartOf":{"@id":"https:\/\/newsestlyonnais.fr\/site\/#website"},"primaryImageOfPage":{"@id":"https:\/\/newsestlyonnais.fr\/site\/2018\/09\/30\/bron-le-conseil-du-mois-d-octobre-des-secouristes-de-la-croix-blanche\/#primaryimage"},"image":{"@id":"https:\/\/newsestlyonnais.fr\/site\/2018\/09\/30\/bron-le-conseil-du-mois-d-octobre-des-secouristes-de-la-croix-blanche\/#primaryimage"},"thumbnailUrl":"https:\/\/newsestlyonnais.fr\/site\/wp-content\/uploads\/2018\/10\/NEWSESTLYONNAIS-sec-cx-blan-bron.jpg","datePublished":"2018-09-30T04:28:10+00:00","dateModified":"2020-11-17T10:17:10+00:00","description":"BRON : Le conseil du mois d' Octobre des secouristes de la Croix Blanche","breadcrumb":{"@id":"https:\/\/newsestlyonnais.fr\/site\/2018\/09\/30\/bron-le-conseil-du-mois-d-octobre-des-secouristes-de-la-croix-blanche\/#breadcrumb"},"inLanguage":"fr-FR","potentialAction":[{"@type":"ReadAction","target":["https:\/\/newsestlyonnais.fr\/site\/2018\/09\/30\/bron-le-conseil-du-mois-d-octobre-des-secouristes-de-la-croix-blanche\/"]}]},{"@type":"ImageObject","inLanguage":"fr-FR","@id":"https:\/\/newsestlyonnais.fr\/site\/2018\/09\/30\/bron-le-conseil-du-mois-d-octobre-des-secouristes-de-la-croix-blanche\/#primaryimage","url":"https:\/\/newsestlyonnais.fr\/site\/wp-content\/uploads\/2018\/10\/NEWSESTLYONNAIS-sec-cx-blan-bron.jpg","contentUrl":"https:\/\/newsestlyonnais.fr\/site\/wp-content\/uploads\/2018\/10\/NEWSESTLYONNAIS-sec-cx-blan-bron.jpg","width":2048,"height":1536,"caption":"NEWSESTLYONNAIS sec cx blan bron"},{"@type":"BreadcrumbList","@id":"https:\/\/newsestlyonnais.fr\/site\/2018\/09\/30\/bron-le-conseil-du-mois-d-octobre-des-secouristes-de-la-croix-blanche\/#breadcrumb","itemListElement":[{"@type":"ListItem","position":1,"name":"Accueil","item":"https:\/\/newsestlyonnais.fr\/site\/"},{"@type":"ListItem","position":2,"name":"BRON | Le conseil d&rsquo; Octobre des secouristes de la Croix Blanche"}]},{"@type":"WebSite","@id":"https:\/\/newsestlyonnais.fr\/site\/#website","url":"https:\/\/newsestlyonnais.fr\/site\/","name":"News Est Lyonnais","description":"L&#039;actualit\u00e9 au plus pr\u00e8s","publisher":{"@id":"https:\/\/newsestlyonnais.fr\/site\/#organization"},"potentialAction":[{"@type":"SearchAction","target":{"@type":"EntryPoint","urlTemplate":"https:\/\/newsestlyonnais.fr\/site\/?s={search_term_string}"},"query-input":{"@type":"PropertyValueSpecification","valueRequired":true,"valueName":"search_term_string"}}],"inLanguage":"fr-FR"},{"@type":"Organization","@id":"https:\/\/newsestlyonnais.fr\/site\/#organization","name":"News EST LYONNAIS","url":"https:\/\/newsestlyonnais.fr\/site\/","logo":{"@type":"ImageObject","inLanguage":"fr-FR","@id":"https:\/\/newsestlyonnais.fr\/site\/#\/schema\/logo\/image\/","url":"","contentUrl":"","caption":"News EST LYONNAIS"},"image":{"@id":"https:\/\/newsestlyonnais.fr\/site\/#\/schema\/logo\/image\/"}},{"@type":"Person","@id":"https:\/\/newsestlyonnais.fr\/site\/#\/schema\/person\/3230d5615f390bb808365d673001e887","name":"R\u00e9dac. NEWS","sameAs":["http:\/\/www.newsestlyonnais.fr","https:\/\/www.facebook.com\/pascal.oberson.1?fref=ts","https:\/\/fr.linkedin.com\/in\/pascal-oberson-b17045113"],"url":"https:\/\/newsestlyonnais.fr\/site\/author\/nel\/"}]}},"_links":{"self":[{"href":"https:\/\/newsestlyonnais.fr\/site\/wp-json\/wp\/v2\/posts\/57390","targetHints":{"allow":["GET"]}}],"collection":[{"href":"https:\/\/newsestlyonnais.fr\/site\/wp-json\/wp\/v2\/posts"}],"about":[{"href":"https:\/\/newsestlyonnais.fr\/site\/wp-json\/wp\/v2\/types\/post"}],"author":[{"embeddable":true,"href":"https:\/\/newsestlyonnais.fr\/site\/wp-json\/wp\/v2\/users\/4"}],"replies":[{"embeddable":true,"href":"https:\/\/newsestlyonnais.fr\/site\/wp-json\/wp\/v2\/comments?post=57390"}],"version-history":[{"count":0,"href":"https:\/\/newsestlyonnais.fr\/site\/wp-json\/wp\/v2\/posts\/57390\/revisions"}],"wp:featuredmedia":[{"embeddable":true,"href":"https:\/\/newsestlyonnais.fr\/site\/wp-json\/wp\/v2\/media\/57511"}],"wp:attachment":[{"href":"https:\/\/newsestlyonnais.fr\/site\/wp-json\/wp\/v2\/media?parent=57390"}],"wp:term":[{"taxonomy":"category","embeddable":true,"href":"https:\/\/newsestlyonnais.fr\/site\/wp-json\/wp\/v2\/categories?post=57390"},{"taxonomy":"post_tag","embeddable":true,"href":"https:\/\/newsestlyonnais.fr\/site\/wp-json\/wp\/v2\/tags?post=57390"}],"curies":[{"name":"wp","href":"https:\/\/api.w.org\/{rel}","templated":true}]}}