{"id":57430,"date":"2018-09-28T07:46:29","date_gmt":"2018-09-28T06:46:29","guid":{"rendered":"http:\/\/newsestlyonnais.fr\/site\/?p=57430"},"modified":"2022-10-14T06:54:20","modified_gmt":"2022-10-14T05:54:20","slug":"fete-de-la-science-en-auvergne-rhone-alpes-du-6-au-14-octobre-2018","status":"publish","type":"post","link":"https:\/\/newsestlyonnais.fr\/site\/2018\/09\/28\/fete-de-la-science-en-auvergne-rhone-alpes-du-6-au-14-octobre-2018\/","title":{"rendered":"F\u00eate de la Science en Auvergne Rh\u00f4ne-Alpes > du 6 au 14 Octobre 2018!"},"content":{"rendered":"<h5>Fort du succ\u00e8s du th\u00e8me propos\u00e9 par les services de l\u2019\u00c9tat en Auvergne-Rh\u00f4ne-Alpes l\u2019ann\u00e9e derni\u00e8re, l\u2019\u00e9dition 2018 de la F\u00eate de la Science s\u2019empare de la th\u00e9matique des id\u00e9es re\u00e7ues au niveau national.<\/h5>\n<p>Plus de 160 000 visiteurs sont attendus au sein des villages des sciences, des universit\u00e9s, mus\u00e9es, biblioth\u00e8ques et autres structures scientifiques et culturelles qui accueillent l\u2019\u00e9v\u00e9nement dans <strong>plus de 200 communes<\/strong> !<\/p>\n<p><strong>Parmi elles, on trouve plusieurs villes de l&rsquo;EST LYONNAIS qui participent \u00e0 cet \u00e9v\u00e8nement<\/strong> :<\/p>\n<ul>\n<li>BRON<\/li>\n<li>LYON<\/li>\n<li>CORBAS<\/li>\n<li>MEYZIEU<\/li>\n<li>SAINT PRIEST<\/li>\n<li>VAULX EN VELIN<\/li>\n<li>VENISSIEUX<\/li>\n<li>VILLEURBANNE<\/li>\n<\/ul>\n<p><strong>Programme complet \u00e0 retrouver sur : <a href=\"http:\/\/www.fetedelascience-aura.com\" target=\"_blank\" rel=\"noopener noreferrer\">http:\/\/www.fetedelascience-aura.com<\/a><\/strong><\/p>\n<div id='gallery-1' class='gallery galleryid-57430 gallery-columns-3 gallery-size-thumbnail'><figure class='gallery-item'>\n\t\t\t<div class='gallery-icon portrait'>\n\t\t\t\t<a href='https:\/\/newsestlyonnais.fr\/site\/2018\/09\/28\/fete-de-la-science-en-auvergne-rhone-alpes-du-6-au-14-octobre-2018\/newsestlyonnais-fete-science-2018-aura\/'><img loading=\"lazy\" decoding=\"async\" width=\"150\" height=\"150\" src=\"https:\/\/newsestlyonnais.fr\/site\/wp-content\/uploads\/2018\/10\/NEWSESTLYONNAIS-FETE-SCIENCE-2018-AURA-150x150.jpg\" class=\"attachment-thumbnail size-thumbnail\" alt=\"NEWSESTLYONNAIS FETE SCIENCE 2018 AURA\" \/><\/a>\n\t\t\t<\/div><\/figure>\n\t\t<\/div>\n\n","protected":false},"excerpt":{"rendered":"<p>Fort du succ\u00e8s du th\u00e8me propos\u00e9 par les services de l\u2019\u00c9tat en Auvergne-Rh\u00f4ne-Alpes l\u2019ann\u00e9e derni\u00e8re, l\u2019\u00e9dition 2018 de la F\u00eate de la Science s\u2019empare de la th\u00e9matique des id\u00e9es re\u00e7ues au niveau national. Plus de 160 000 visiteurs sont attendus au sein des villages des sciences, des universit\u00e9s, mus\u00e9es, biblioth\u00e8ques et autres structures scientifiques et [&hellip;]<\/p>\n","protected":false},"author":4,"featured_media":57432,"comment_status":"open","ping_status":"open","sticky":false,"template":"","format":"standard","meta":{"footnotes":""},"categories":[19,1625,24,3010,1297,1296,4435,28,1298,29],"tags":[],"class_list":["post-57430","post","type-post","status-publish","format-standard","has-post-thumbnail","hentry","category-bron","category-lyon","category-meyzieu","category-nature-environnement-culture-et-loisirs","category-saint-fons","category-sain-priest","category-sciences","category-vaulx-en-velin","category-venissieux","category-villeurbanne"],"yoast_head":"<!-- This site is optimized with the Yoast SEO plugin v27.2 - https:\/\/yoast.com\/product\/yoast-seo-wordpress\/ -->\n<title>F\u00eate de la Science en Auvergne Rh\u00f4ne-Alpes du 6 au 14 Octobre 2018 !<\/title>\n<meta name=\"description\" content=\"F\u00eate de la Science en Auvergne Rh\u00f4ne-Alpes du 6 au 14 Octobre 2018 !\" \/>\n<meta name=\"robots\" content=\"index, follow, max-snippet:-1, max-image-preview:large, max-video-preview:-1\" \/>\n<link rel=\"canonical\" href=\"https:\/\/newsestlyonnais.fr\/site\/2018\/09\/28\/fete-de-la-science-en-auvergne-rhone-alpes-du-6-au-14-octobre-2018\/\" \/>\n<meta property=\"og:locale\" content=\"fr_FR\" \/>\n<meta property=\"og:type\" content=\"article\" \/>\n<meta property=\"og:title\" content=\"F\u00eate de la Science en Auvergne Rh\u00f4ne-Alpes du 6 au 14 Octobre 2018 !\" \/>\n<meta property=\"og:description\" content=\"F\u00eate de la Science en Auvergne Rh\u00f4ne-Alpes du 6 au 14 Octobre 2018 !\" \/>\n<meta property=\"og:url\" content=\"https:\/\/newsestlyonnais.fr\/site\/2018\/09\/28\/fete-de-la-science-en-auvergne-rhone-alpes-du-6-au-14-octobre-2018\/\" \/>\n<meta property=\"og:site_name\" content=\"News Est Lyonnais\" \/>\n<meta property=\"article:author\" content=\"https:\/\/www.facebook.com\/pascal.oberson.1?fref=ts\" \/>\n<meta property=\"article:published_time\" content=\"2018-09-28T06:46:29+00:00\" \/>\n<meta property=\"article:modified_time\" content=\"2022-10-14T05:54:20+00:00\" \/>\n<meta property=\"og:image\" content=\"https:\/\/newsestlyonnais.fr\/site\/wp-content\/uploads\/2018\/10\/NEWSESTLYONNAIS-FETE-SCIENCE-2018-AURA.jpg\" \/>\n\t<meta property=\"og:image:width\" content=\"1654\" \/>\n\t<meta property=\"og:image:height\" content=\"2338\" \/>\n\t<meta property=\"og:image:type\" content=\"image\/jpeg\" \/>\n<meta name=\"author\" content=\"R\u00e9dac. NEWS\" \/>\n<meta name=\"twitter:card\" content=\"summary_large_image\" \/>\n<meta name=\"twitter:label1\" content=\"\u00c9crit par\" \/>\n\t<meta name=\"twitter:data1\" content=\"R\u00e9dac. NEWS\" \/>\n\t<meta name=\"twitter:label2\" content=\"Dur\u00e9e de lecture estim\u00e9e\" \/>\n\t<meta name=\"twitter:data2\" content=\"1 minute\" \/>\n<script type=\"application\/ld+json\" class=\"yoast-schema-graph\">{\"@context\":\"https:\/\/schema.org\",\"@graph\":[{\"@type\":\"Article\",\"@id\":\"https:\/\/newsestlyonnais.fr\/site\/2018\/09\/28\/fete-de-la-science-en-auvergne-rhone-alpes-du-6-au-14-octobre-2018\/#article\",\"isPartOf\":{\"@id\":\"https:\/\/newsestlyonnais.fr\/site\/2018\/09\/28\/fete-de-la-science-en-auvergne-rhone-alpes-du-6-au-14-octobre-2018\/\"},\"author\":{\"name\":\"R\u00e9dac. NEWS\",\"@id\":\"https:\/\/newsestlyonnais.fr\/site\/#\/schema\/person\/3230d5615f390bb808365d673001e887\"},\"headline\":\"F\u00eate de la Science en Auvergne Rh\u00f4ne-Alpes > du 6 au 14 Octobre 2018!\",\"datePublished\":\"2018-09-28T06:46:29+00:00\",\"dateModified\":\"2022-10-14T05:54:20+00:00\",\"mainEntityOfPage\":{\"@id\":\"https:\/\/newsestlyonnais.fr\/site\/2018\/09\/28\/fete-de-la-science-en-auvergne-rhone-alpes-du-6-au-14-octobre-2018\/\"},\"wordCount\":128,\"commentCount\":0,\"publisher\":{\"@id\":\"https:\/\/newsestlyonnais.fr\/site\/#organization\"},\"image\":{\"@id\":\"https:\/\/newsestlyonnais.fr\/site\/2018\/09\/28\/fete-de-la-science-en-auvergne-rhone-alpes-du-6-au-14-octobre-2018\/#primaryimage\"},\"thumbnailUrl\":\"https:\/\/newsestlyonnais.fr\/site\/wp-content\/uploads\/2018\/10\/NEWSESTLYONNAIS-FETE-SCIENCE-2018-AURA.jpg\",\"articleSection\":[\"Bron\",\"Lyon\",\"Meyzieu\",\"Nature | Environnement | Chasse\",\"Saint-Fons\",\"Saint-Priest\",\"Sciences\",\"Vaulx-en-Velin\",\"V\u00e9nissieux\",\"Villeurbanne\"],\"inLanguage\":\"fr-FR\",\"potentialAction\":[{\"@type\":\"CommentAction\",\"name\":\"Comment\",\"target\":[\"https:\/\/newsestlyonnais.fr\/site\/2018\/09\/28\/fete-de-la-science-en-auvergne-rhone-alpes-du-6-au-14-octobre-2018\/#respond\"]}]},{\"@type\":\"WebPage\",\"@id\":\"https:\/\/newsestlyonnais.fr\/site\/2018\/09\/28\/fete-de-la-science-en-auvergne-rhone-alpes-du-6-au-14-octobre-2018\/\",\"url\":\"https:\/\/newsestlyonnais.fr\/site\/2018\/09\/28\/fete-de-la-science-en-auvergne-rhone-alpes-du-6-au-14-octobre-2018\/\",\"name\":\"F\u00eate de la Science en Auvergne Rh\u00f4ne-Alpes du 6 au 14 Octobre 2018 !\",\"isPartOf\":{\"@id\":\"https:\/\/newsestlyonnais.fr\/site\/#website\"},\"primaryImageOfPage\":{\"@id\":\"https:\/\/newsestlyonnais.fr\/site\/2018\/09\/28\/fete-de-la-science-en-auvergne-rhone-alpes-du-6-au-14-octobre-2018\/#primaryimage\"},\"image\":{\"@id\":\"https:\/\/newsestlyonnais.fr\/site\/2018\/09\/28\/fete-de-la-science-en-auvergne-rhone-alpes-du-6-au-14-octobre-2018\/#primaryimage\"},\"thumbnailUrl\":\"https:\/\/newsestlyonnais.fr\/site\/wp-content\/uploads\/2018\/10\/NEWSESTLYONNAIS-FETE-SCIENCE-2018-AURA.jpg\",\"datePublished\":\"2018-09-28T06:46:29+00:00\",\"dateModified\":\"2022-10-14T05:54:20+00:00\",\"description\":\"F\u00eate de la Science en Auvergne Rh\u00f4ne-Alpes du 6 au 14 Octobre 2018 !\",\"breadcrumb\":{\"@id\":\"https:\/\/newsestlyonnais.fr\/site\/2018\/09\/28\/fete-de-la-science-en-auvergne-rhone-alpes-du-6-au-14-octobre-2018\/#breadcrumb\"},\"inLanguage\":\"fr-FR\",\"potentialAction\":[{\"@type\":\"ReadAction\",\"target\":[\"https:\/\/newsestlyonnais.fr\/site\/2018\/09\/28\/fete-de-la-science-en-auvergne-rhone-alpes-du-6-au-14-octobre-2018\/\"]}]},{\"@type\":\"ImageObject\",\"inLanguage\":\"fr-FR\",\"@id\":\"https:\/\/newsestlyonnais.fr\/site\/2018\/09\/28\/fete-de-la-science-en-auvergne-rhone-alpes-du-6-au-14-octobre-2018\/#primaryimage\",\"url\":\"https:\/\/newsestlyonnais.fr\/site\/wp-content\/uploads\/2018\/10\/NEWSESTLYONNAIS-FETE-SCIENCE-2018-AURA.jpg\",\"contentUrl\":\"https:\/\/newsestlyonnais.fr\/site\/wp-content\/uploads\/2018\/10\/NEWSESTLYONNAIS-FETE-SCIENCE-2018-AURA.jpg\",\"width\":1654,\"height\":2338,\"caption\":\"NEWSESTLYONNAIS FETE SCIENCE 2018 AURA\"},{\"@type\":\"BreadcrumbList\",\"@id\":\"https:\/\/newsestlyonnais.fr\/site\/2018\/09\/28\/fete-de-la-science-en-auvergne-rhone-alpes-du-6-au-14-octobre-2018\/#breadcrumb\",\"itemListElement\":[{\"@type\":\"ListItem\",\"position\":1,\"name\":\"Accueil\",\"item\":\"https:\/\/newsestlyonnais.fr\/site\/\"},{\"@type\":\"ListItem\",\"position\":2,\"name\":\"F\u00eate de la Science en Auvergne Rh\u00f4ne-Alpes > du 6 au 14 Octobre 2018!\"}]},{\"@type\":\"WebSite\",\"@id\":\"https:\/\/newsestlyonnais.fr\/site\/#website\",\"url\":\"https:\/\/newsestlyonnais.fr\/site\/\",\"name\":\"News Est Lyonnais\",\"description\":\"L&#039;actualit\u00e9 au plus pr\u00e8s\",\"publisher\":{\"@id\":\"https:\/\/newsestlyonnais.fr\/site\/#organization\"},\"potentialAction\":[{\"@type\":\"SearchAction\",\"target\":{\"@type\":\"EntryPoint\",\"urlTemplate\":\"https:\/\/newsestlyonnais.fr\/site\/?s={search_term_string}\"},\"query-input\":{\"@type\":\"PropertyValueSpecification\",\"valueRequired\":true,\"valueName\":\"search_term_string\"}}],\"inLanguage\":\"fr-FR\"},{\"@type\":\"Organization\",\"@id\":\"https:\/\/newsestlyonnais.fr\/site\/#organization\",\"name\":\"News EST LYONNAIS\",\"url\":\"https:\/\/newsestlyonnais.fr\/site\/\",\"logo\":{\"@type\":\"ImageObject\",\"inLanguage\":\"fr-FR\",\"@id\":\"https:\/\/newsestlyonnais.fr\/site\/#\/schema\/logo\/image\/\",\"url\":\"\",\"contentUrl\":\"\",\"caption\":\"News EST LYONNAIS\"},\"image\":{\"@id\":\"https:\/\/newsestlyonnais.fr\/site\/#\/schema\/logo\/image\/\"}},{\"@type\":\"Person\",\"@id\":\"https:\/\/newsestlyonnais.fr\/site\/#\/schema\/person\/3230d5615f390bb808365d673001e887\",\"name\":\"R\u00e9dac. NEWS\",\"sameAs\":[\"http:\/\/www.newsestlyonnais.fr\",\"https:\/\/www.facebook.com\/pascal.oberson.1?fref=ts\",\"https:\/\/fr.linkedin.com\/in\/pascal-oberson-b17045113\"],\"url\":\"https:\/\/newsestlyonnais.fr\/site\/author\/nel\/\"}]}<\/script>\n<!-- \/ Yoast SEO plugin. -->","yoast_head_json":{"title":"F\u00eate de la Science en Auvergne Rh\u00f4ne-Alpes du 6 au 14 Octobre 2018 !","description":"F\u00eate de la Science en Auvergne Rh\u00f4ne-Alpes du 6 au 14 Octobre 2018 !","robots":{"index":"index","follow":"follow","max-snippet":"max-snippet:-1","max-image-preview":"max-image-preview:large","max-video-preview":"max-video-preview:-1"},"canonical":"https:\/\/newsestlyonnais.fr\/site\/2018\/09\/28\/fete-de-la-science-en-auvergne-rhone-alpes-du-6-au-14-octobre-2018\/","og_locale":"fr_FR","og_type":"article","og_title":"F\u00eate de la Science en Auvergne Rh\u00f4ne-Alpes du 6 au 14 Octobre 2018 !","og_description":"F\u00eate de la Science en Auvergne Rh\u00f4ne-Alpes du 6 au 14 Octobre 2018 !","og_url":"https:\/\/newsestlyonnais.fr\/site\/2018\/09\/28\/fete-de-la-science-en-auvergne-rhone-alpes-du-6-au-14-octobre-2018\/","og_site_name":"News Est Lyonnais","article_author":"https:\/\/www.facebook.com\/pascal.oberson.1?fref=ts","article_published_time":"2018-09-28T06:46:29+00:00","article_modified_time":"2022-10-14T05:54:20+00:00","og_image":[{"width":1654,"height":2338,"url":"https:\/\/newsestlyonnais.fr\/site\/wp-content\/uploads\/2018\/10\/NEWSESTLYONNAIS-FETE-SCIENCE-2018-AURA.jpg","type":"image\/jpeg"}],"author":"R\u00e9dac. NEWS","twitter_card":"summary_large_image","twitter_misc":{"\u00c9crit par":"R\u00e9dac. NEWS","Dur\u00e9e de lecture estim\u00e9e":"1 minute"},"schema":{"@context":"https:\/\/schema.org","@graph":[{"@type":"Article","@id":"https:\/\/newsestlyonnais.fr\/site\/2018\/09\/28\/fete-de-la-science-en-auvergne-rhone-alpes-du-6-au-14-octobre-2018\/#article","isPartOf":{"@id":"https:\/\/newsestlyonnais.fr\/site\/2018\/09\/28\/fete-de-la-science-en-auvergne-rhone-alpes-du-6-au-14-octobre-2018\/"},"author":{"name":"R\u00e9dac. NEWS","@id":"https:\/\/newsestlyonnais.fr\/site\/#\/schema\/person\/3230d5615f390bb808365d673001e887"},"headline":"F\u00eate de la Science en Auvergne Rh\u00f4ne-Alpes > du 6 au 14 Octobre 2018!","datePublished":"2018-09-28T06:46:29+00:00","dateModified":"2022-10-14T05:54:20+00:00","mainEntityOfPage":{"@id":"https:\/\/newsestlyonnais.fr\/site\/2018\/09\/28\/fete-de-la-science-en-auvergne-rhone-alpes-du-6-au-14-octobre-2018\/"},"wordCount":128,"commentCount":0,"publisher":{"@id":"https:\/\/newsestlyonnais.fr\/site\/#organization"},"image":{"@id":"https:\/\/newsestlyonnais.fr\/site\/2018\/09\/28\/fete-de-la-science-en-auvergne-rhone-alpes-du-6-au-14-octobre-2018\/#primaryimage"},"thumbnailUrl":"https:\/\/newsestlyonnais.fr\/site\/wp-content\/uploads\/2018\/10\/NEWSESTLYONNAIS-FETE-SCIENCE-2018-AURA.jpg","articleSection":["Bron","Lyon","Meyzieu","Nature | Environnement | Chasse","Saint-Fons","Saint-Priest","Sciences","Vaulx-en-Velin","V\u00e9nissieux","Villeurbanne"],"inLanguage":"fr-FR","potentialAction":[{"@type":"CommentAction","name":"Comment","target":["https:\/\/newsestlyonnais.fr\/site\/2018\/09\/28\/fete-de-la-science-en-auvergne-rhone-alpes-du-6-au-14-octobre-2018\/#respond"]}]},{"@type":"WebPage","@id":"https:\/\/newsestlyonnais.fr\/site\/2018\/09\/28\/fete-de-la-science-en-auvergne-rhone-alpes-du-6-au-14-octobre-2018\/","url":"https:\/\/newsestlyonnais.fr\/site\/2018\/09\/28\/fete-de-la-science-en-auvergne-rhone-alpes-du-6-au-14-octobre-2018\/","name":"F\u00eate de la Science en Auvergne Rh\u00f4ne-Alpes du 6 au 14 Octobre 2018 !","isPartOf":{"@id":"https:\/\/newsestlyonnais.fr\/site\/#website"},"primaryImageOfPage":{"@id":"https:\/\/newsestlyonnais.fr\/site\/2018\/09\/28\/fete-de-la-science-en-auvergne-rhone-alpes-du-6-au-14-octobre-2018\/#primaryimage"},"image":{"@id":"https:\/\/newsestlyonnais.fr\/site\/2018\/09\/28\/fete-de-la-science-en-auvergne-rhone-alpes-du-6-au-14-octobre-2018\/#primaryimage"},"thumbnailUrl":"https:\/\/newsestlyonnais.fr\/site\/wp-content\/uploads\/2018\/10\/NEWSESTLYONNAIS-FETE-SCIENCE-2018-AURA.jpg","datePublished":"2018-09-28T06:46:29+00:00","dateModified":"2022-10-14T05:54:20+00:00","description":"F\u00eate de la Science en Auvergne Rh\u00f4ne-Alpes du 6 au 14 Octobre 2018 !","breadcrumb":{"@id":"https:\/\/newsestlyonnais.fr\/site\/2018\/09\/28\/fete-de-la-science-en-auvergne-rhone-alpes-du-6-au-14-octobre-2018\/#breadcrumb"},"inLanguage":"fr-FR","potentialAction":[{"@type":"ReadAction","target":["https:\/\/newsestlyonnais.fr\/site\/2018\/09\/28\/fete-de-la-science-en-auvergne-rhone-alpes-du-6-au-14-octobre-2018\/"]}]},{"@type":"ImageObject","inLanguage":"fr-FR","@id":"https:\/\/newsestlyonnais.fr\/site\/2018\/09\/28\/fete-de-la-science-en-auvergne-rhone-alpes-du-6-au-14-octobre-2018\/#primaryimage","url":"https:\/\/newsestlyonnais.fr\/site\/wp-content\/uploads\/2018\/10\/NEWSESTLYONNAIS-FETE-SCIENCE-2018-AURA.jpg","contentUrl":"https:\/\/newsestlyonnais.fr\/site\/wp-content\/uploads\/2018\/10\/NEWSESTLYONNAIS-FETE-SCIENCE-2018-AURA.jpg","width":1654,"height":2338,"caption":"NEWSESTLYONNAIS FETE SCIENCE 2018 AURA"},{"@type":"BreadcrumbList","@id":"https:\/\/newsestlyonnais.fr\/site\/2018\/09\/28\/fete-de-la-science-en-auvergne-rhone-alpes-du-6-au-14-octobre-2018\/#breadcrumb","itemListElement":[{"@type":"ListItem","position":1,"name":"Accueil","item":"https:\/\/newsestlyonnais.fr\/site\/"},{"@type":"ListItem","position":2,"name":"F\u00eate de la Science en Auvergne Rh\u00f4ne-Alpes > du 6 au 14 Octobre 2018!"}]},{"@type":"WebSite","@id":"https:\/\/newsestlyonnais.fr\/site\/#website","url":"https:\/\/newsestlyonnais.fr\/site\/","name":"News Est Lyonnais","description":"L&#039;actualit\u00e9 au plus pr\u00e8s","publisher":{"@id":"https:\/\/newsestlyonnais.fr\/site\/#organization"},"potentialAction":[{"@type":"SearchAction","target":{"@type":"EntryPoint","urlTemplate":"https:\/\/newsestlyonnais.fr\/site\/?s={search_term_string}"},"query-input":{"@type":"PropertyValueSpecification","valueRequired":true,"valueName":"search_term_string"}}],"inLanguage":"fr-FR"},{"@type":"Organization","@id":"https:\/\/newsestlyonnais.fr\/site\/#organization","name":"News EST LYONNAIS","url":"https:\/\/newsestlyonnais.fr\/site\/","logo":{"@type":"ImageObject","inLanguage":"fr-FR","@id":"https:\/\/newsestlyonnais.fr\/site\/#\/schema\/logo\/image\/","url":"","contentUrl":"","caption":"News EST LYONNAIS"},"image":{"@id":"https:\/\/newsestlyonnais.fr\/site\/#\/schema\/logo\/image\/"}},{"@type":"Person","@id":"https:\/\/newsestlyonnais.fr\/site\/#\/schema\/person\/3230d5615f390bb808365d673001e887","name":"R\u00e9dac. NEWS","sameAs":["http:\/\/www.newsestlyonnais.fr","https:\/\/www.facebook.com\/pascal.oberson.1?fref=ts","https:\/\/fr.linkedin.com\/in\/pascal-oberson-b17045113"],"url":"https:\/\/newsestlyonnais.fr\/site\/author\/nel\/"}]}},"_links":{"self":[{"href":"https:\/\/newsestlyonnais.fr\/site\/wp-json\/wp\/v2\/posts\/57430","targetHints":{"allow":["GET"]}}],"collection":[{"href":"https:\/\/newsestlyonnais.fr\/site\/wp-json\/wp\/v2\/posts"}],"about":[{"href":"https:\/\/newsestlyonnais.fr\/site\/wp-json\/wp\/v2\/types\/post"}],"author":[{"embeddable":true,"href":"https:\/\/newsestlyonnais.fr\/site\/wp-json\/wp\/v2\/users\/4"}],"replies":[{"embeddable":true,"href":"https:\/\/newsestlyonnais.fr\/site\/wp-json\/wp\/v2\/comments?post=57430"}],"version-history":[{"count":0,"href":"https:\/\/newsestlyonnais.fr\/site\/wp-json\/wp\/v2\/posts\/57430\/revisions"}],"wp:featuredmedia":[{"embeddable":true,"href":"https:\/\/newsestlyonnais.fr\/site\/wp-json\/wp\/v2\/media\/57432"}],"wp:attachment":[{"href":"https:\/\/newsestlyonnais.fr\/site\/wp-json\/wp\/v2\/media?parent=57430"}],"wp:term":[{"taxonomy":"category","embeddable":true,"href":"https:\/\/newsestlyonnais.fr\/site\/wp-json\/wp\/v2\/categories?post=57430"},{"taxonomy":"post_tag","embeddable":true,"href":"https:\/\/newsestlyonnais.fr\/site\/wp-json\/wp\/v2\/tags?post=57430"}],"curies":[{"name":"wp","href":"https:\/\/api.w.org\/{rel}","templated":true}]}}