{"id":57557,"date":"2018-09-29T14:16:48","date_gmt":"2018-09-29T13:16:48","guid":{"rendered":"http:\/\/newsestlyonnais.fr\/site\/?p=57557"},"modified":"2020-11-21T19:51:02","modified_gmt":"2020-11-21T18:51:02","slug":"vaulx-en-velin-les-seniors-1-du-vaulx-basket-sinclinent-face-a-sapela-13","status":"publish","type":"post","link":"https:\/\/newsestlyonnais.fr\/site\/2018\/09\/29\/vaulx-en-velin-les-seniors-1-du-vaulx-basket-sinclinent-face-a-sapela-13\/","title":{"rendered":"VAULX-EN-VELIN | Les seniors 1 du Vaulx Basket s\u2019inclinent face \u00e0 Sapela 13"},"content":{"rendered":"<h4>A l\u2019occasion de la 4\u00b0 journ\u00e9e de Nationale 2, les seniors 1 du V.B.C. accueillaient samedi soir \u00e0 Aubert la formation de Sapela 13 (Salon de Provence).<\/h4>\n<p>Une rencontre que les joueurs vaudais se devaient de remporter afin de pr\u00e9server leur invincibilit\u00e9 \u00e0 domicile mais aussi pour marquer de pr\u00e9cieux points dans leur course au maintien.<\/p>\n<p>Les visiteurs proven\u00e7aux n\u2019ont cependant pas fait ce long d\u00e9placement pour rien puisqu\u2019ils l\u2019ont emport\u00e9 en terre vaudaise (84\/81) malgr\u00e9 une forte r\u00e9sistance locale et des occasions g\u00e2ch\u00e9es en fin de rencontre qui auraient du faire pencher la balance en leur faveur.<\/p>\n<p>Apr\u00e8s cette 3\u00b0 d\u00e9faite en 4 matchs, les vaudais vont tenter de se reprendre d\u00e8s la semaine prochaine sur le parquet de l\u2019Ouest Lyonnais Basket, adversaire qui a pour l\u2019instant remport\u00e9 2 des 4 rencontres de championnat.<\/p>\n<p><span style=\"text-decoration: underline\"><strong>Les marqueurs<\/strong> <\/span>:<\/p>\n<p><strong>Sapela Basket 13<\/strong> <strong>bat Vaulx en Velin Basket 84\/81 (16\/18,16\/18,24\/24,25\/24)<\/strong><\/p>\n<p><strong>Pour Vaulx en Velin<\/strong> : Matthieu Pasque 16 pts, St\u00e9phane Neri 13 pts, David Haziza 10 pts, Victor Novelli 10 pts, Thibaud Marconnet 8 pts, K\u00e9vin Gelanor 7 pts, Antoine Courtial 7 pts, Eddy Towane Ngoy 5 pts &amp; Adrien Kandom 5 pts.<\/p>\n<p><strong>Pour Sapela 13<\/strong> : Wiltz 19, Harris 18,Obadina 16, Tisba 15, Laurent 12, Ocokolic 2, Lambert 2<\/p>\n<ul>\n<li><span style=\"text-decoration: underline\"><strong>PHOTO A LA UNE<\/strong> :<\/span> Les 2 coachs du match : Antonio Portas (Sapela 13) et Yoann Valla (VBC)<\/li>\n<\/ul>\n","protected":false},"excerpt":{"rendered":"<p>A l\u2019occasion de la 4\u00b0 journ\u00e9e de Nationale 2, les seniors 1 du V.B.C. accueillaient samedi soir \u00e0 Aubert la formation de Sapela 13 (Salon de Provence). Une rencontre que les joueurs vaudais se devaient de remporter afin de pr\u00e9server leur invincibilit\u00e9 \u00e0 domicile mais aussi pour marquer de pr\u00e9cieux points dans leur course au [&hellip;]<\/p>\n","protected":false},"author":4,"featured_media":57559,"comment_status":"open","ping_status":"open","sticky":false,"template":"","format":"standard","meta":{"footnotes":""},"categories":[1357,2975,28],"tags":[],"class_list":["post-57557","post","type-post","status-publish","format-standard","has-post-thumbnail","hentry","category-basket","category-basket-hand-volley-sports","category-vaulx-en-velin"],"yoast_head":"<!-- This site is optimized with the Yoast SEO plugin v27.2 - https:\/\/yoast.com\/product\/yoast-seo-wordpress\/ -->\n<title>VAULX EN VELIN : Les seniors 1 du Vaulx Basket s\u2019inclinent face \u00e0 Sapela 13<\/title>\n<meta name=\"description\" content=\"VAULX EN VELIN : Les seniors 1 du Vaulx Basket s\u2019inclinent face \u00e0 Sapela 13\" \/>\n<meta name=\"robots\" content=\"index, follow, max-snippet:-1, max-image-preview:large, max-video-preview:-1\" \/>\n<link rel=\"canonical\" href=\"https:\/\/newsestlyonnais.fr\/site\/2018\/09\/29\/vaulx-en-velin-les-seniors-1-du-vaulx-basket-sinclinent-face-a-sapela-13\/\" \/>\n<meta property=\"og:locale\" content=\"fr_FR\" \/>\n<meta property=\"og:type\" content=\"article\" \/>\n<meta property=\"og:title\" content=\"VAULX EN VELIN : Les seniors 1 du Vaulx Basket s\u2019inclinent face \u00e0 Sapela 13\" \/>\n<meta property=\"og:description\" content=\"VAULX EN VELIN : Les seniors 1 du Vaulx Basket s\u2019inclinent face \u00e0 Sapela 13\" \/>\n<meta property=\"og:url\" content=\"https:\/\/newsestlyonnais.fr\/site\/2018\/09\/29\/vaulx-en-velin-les-seniors-1-du-vaulx-basket-sinclinent-face-a-sapela-13\/\" \/>\n<meta property=\"og:site_name\" content=\"News Est Lyonnais\" \/>\n<meta property=\"article:author\" content=\"https:\/\/www.facebook.com\/pascal.oberson.1?fref=ts\" \/>\n<meta property=\"article:published_time\" content=\"2018-09-29T13:16:48+00:00\" \/>\n<meta property=\"article:modified_time\" content=\"2020-11-21T18:51:02+00:00\" \/>\n<meta property=\"og:image\" content=\"https:\/\/i2.wp.com\/newsestlyonnais.fr\/site\/wp-content\/uploads\/2018\/10\/NEWSESTLYONNAIS-COACHS-VBC-SAPELA-13.jpg?fit=2048%2C1536&ssl=1\" \/>\n\t<meta property=\"og:image:width\" content=\"2048\" \/>\n\t<meta property=\"og:image:height\" content=\"1536\" \/>\n\t<meta property=\"og:image:type\" content=\"image\/jpeg\" \/>\n<meta name=\"author\" content=\"R\u00e9dac. NEWS\" \/>\n<meta name=\"twitter:card\" content=\"summary_large_image\" \/>\n<meta name=\"twitter:label1\" content=\"\u00c9crit par\" \/>\n\t<meta name=\"twitter:data1\" content=\"R\u00e9dac. NEWS\" \/>\n\t<meta name=\"twitter:label2\" content=\"Dur\u00e9e de lecture estim\u00e9e\" \/>\n\t<meta name=\"twitter:data2\" content=\"1 minute\" \/>\n<script type=\"application\/ld+json\" class=\"yoast-schema-graph\">{\"@context\":\"https:\/\/schema.org\",\"@graph\":[{\"@type\":\"Article\",\"@id\":\"https:\/\/newsestlyonnais.fr\/site\/2018\/09\/29\/vaulx-en-velin-les-seniors-1-du-vaulx-basket-sinclinent-face-a-sapela-13\/#article\",\"isPartOf\":{\"@id\":\"https:\/\/newsestlyonnais.fr\/site\/2018\/09\/29\/vaulx-en-velin-les-seniors-1-du-vaulx-basket-sinclinent-face-a-sapela-13\/\"},\"author\":{\"name\":\"R\u00e9dac. NEWS\",\"@id\":\"https:\/\/newsestlyonnais.fr\/site\/#\/schema\/person\/3230d5615f390bb808365d673001e887\"},\"headline\":\"VAULX-EN-VELIN | Les seniors 1 du Vaulx Basket s\u2019inclinent face \u00e0 Sapela 13\",\"datePublished\":\"2018-09-29T13:16:48+00:00\",\"dateModified\":\"2020-11-21T18:51:02+00:00\",\"mainEntityOfPage\":{\"@id\":\"https:\/\/newsestlyonnais.fr\/site\/2018\/09\/29\/vaulx-en-velin-les-seniors-1-du-vaulx-basket-sinclinent-face-a-sapela-13\/\"},\"wordCount\":221,\"commentCount\":0,\"publisher\":{\"@id\":\"https:\/\/newsestlyonnais.fr\/site\/#organization\"},\"image\":{\"@id\":\"https:\/\/newsestlyonnais.fr\/site\/2018\/09\/29\/vaulx-en-velin-les-seniors-1-du-vaulx-basket-sinclinent-face-a-sapela-13\/#primaryimage\"},\"thumbnailUrl\":\"https:\/\/newsestlyonnais.fr\/site\/wp-content\/uploads\/2018\/10\/NEWSESTLYONNAIS-COACHS-VBC-SAPELA-13.jpg\",\"articleSection\":[\"Basket\",\"Basket | Hand | Volley\",\"Vaulx-en-Velin\"],\"inLanguage\":\"fr-FR\",\"potentialAction\":[{\"@type\":\"CommentAction\",\"name\":\"Comment\",\"target\":[\"https:\/\/newsestlyonnais.fr\/site\/2018\/09\/29\/vaulx-en-velin-les-seniors-1-du-vaulx-basket-sinclinent-face-a-sapela-13\/#respond\"]}]},{\"@type\":\"WebPage\",\"@id\":\"https:\/\/newsestlyonnais.fr\/site\/2018\/09\/29\/vaulx-en-velin-les-seniors-1-du-vaulx-basket-sinclinent-face-a-sapela-13\/\",\"url\":\"https:\/\/newsestlyonnais.fr\/site\/2018\/09\/29\/vaulx-en-velin-les-seniors-1-du-vaulx-basket-sinclinent-face-a-sapela-13\/\",\"name\":\"VAULX EN VELIN : Les seniors 1 du Vaulx Basket s\u2019inclinent face \u00e0 Sapela 13\",\"isPartOf\":{\"@id\":\"https:\/\/newsestlyonnais.fr\/site\/#website\"},\"primaryImageOfPage\":{\"@id\":\"https:\/\/newsestlyonnais.fr\/site\/2018\/09\/29\/vaulx-en-velin-les-seniors-1-du-vaulx-basket-sinclinent-face-a-sapela-13\/#primaryimage\"},\"image\":{\"@id\":\"https:\/\/newsestlyonnais.fr\/site\/2018\/09\/29\/vaulx-en-velin-les-seniors-1-du-vaulx-basket-sinclinent-face-a-sapela-13\/#primaryimage\"},\"thumbnailUrl\":\"https:\/\/newsestlyonnais.fr\/site\/wp-content\/uploads\/2018\/10\/NEWSESTLYONNAIS-COACHS-VBC-SAPELA-13.jpg\",\"datePublished\":\"2018-09-29T13:16:48+00:00\",\"dateModified\":\"2020-11-21T18:51:02+00:00\",\"description\":\"VAULX EN VELIN : Les seniors 1 du Vaulx Basket s\u2019inclinent face \u00e0 Sapela 13\",\"breadcrumb\":{\"@id\":\"https:\/\/newsestlyonnais.fr\/site\/2018\/09\/29\/vaulx-en-velin-les-seniors-1-du-vaulx-basket-sinclinent-face-a-sapela-13\/#breadcrumb\"},\"inLanguage\":\"fr-FR\",\"potentialAction\":[{\"@type\":\"ReadAction\",\"target\":[\"https:\/\/newsestlyonnais.fr\/site\/2018\/09\/29\/vaulx-en-velin-les-seniors-1-du-vaulx-basket-sinclinent-face-a-sapela-13\/\"]}]},{\"@type\":\"ImageObject\",\"inLanguage\":\"fr-FR\",\"@id\":\"https:\/\/newsestlyonnais.fr\/site\/2018\/09\/29\/vaulx-en-velin-les-seniors-1-du-vaulx-basket-sinclinent-face-a-sapela-13\/#primaryimage\",\"url\":\"https:\/\/newsestlyonnais.fr\/site\/wp-content\/uploads\/2018\/10\/NEWSESTLYONNAIS-COACHS-VBC-SAPELA-13.jpg\",\"contentUrl\":\"https:\/\/newsestlyonnais.fr\/site\/wp-content\/uploads\/2018\/10\/NEWSESTLYONNAIS-COACHS-VBC-SAPELA-13.jpg\",\"width\":2048,\"height\":1536,\"caption\":\"NEWSESTLYONNAIS COACHS VBC SAPELA 13\"},{\"@type\":\"BreadcrumbList\",\"@id\":\"https:\/\/newsestlyonnais.fr\/site\/2018\/09\/29\/vaulx-en-velin-les-seniors-1-du-vaulx-basket-sinclinent-face-a-sapela-13\/#breadcrumb\",\"itemListElement\":[{\"@type\":\"ListItem\",\"position\":1,\"name\":\"Accueil\",\"item\":\"https:\/\/newsestlyonnais.fr\/site\/\"},{\"@type\":\"ListItem\",\"position\":2,\"name\":\"VAULX-EN-VELIN | Les seniors 1 du Vaulx Basket s\u2019inclinent face \u00e0 Sapela 13\"}]},{\"@type\":\"WebSite\",\"@id\":\"https:\/\/newsestlyonnais.fr\/site\/#website\",\"url\":\"https:\/\/newsestlyonnais.fr\/site\/\",\"name\":\"News Est Lyonnais\",\"description\":\"L&#039;actualit\u00e9 au plus pr\u00e8s\",\"publisher\":{\"@id\":\"https:\/\/newsestlyonnais.fr\/site\/#organization\"},\"potentialAction\":[{\"@type\":\"SearchAction\",\"target\":{\"@type\":\"EntryPoint\",\"urlTemplate\":\"https:\/\/newsestlyonnais.fr\/site\/?s={search_term_string}\"},\"query-input\":{\"@type\":\"PropertyValueSpecification\",\"valueRequired\":true,\"valueName\":\"search_term_string\"}}],\"inLanguage\":\"fr-FR\"},{\"@type\":\"Organization\",\"@id\":\"https:\/\/newsestlyonnais.fr\/site\/#organization\",\"name\":\"News EST LYONNAIS\",\"url\":\"https:\/\/newsestlyonnais.fr\/site\/\",\"logo\":{\"@type\":\"ImageObject\",\"inLanguage\":\"fr-FR\",\"@id\":\"https:\/\/newsestlyonnais.fr\/site\/#\/schema\/logo\/image\/\",\"url\":\"\",\"contentUrl\":\"\",\"caption\":\"News EST LYONNAIS\"},\"image\":{\"@id\":\"https:\/\/newsestlyonnais.fr\/site\/#\/schema\/logo\/image\/\"}},{\"@type\":\"Person\",\"@id\":\"https:\/\/newsestlyonnais.fr\/site\/#\/schema\/person\/3230d5615f390bb808365d673001e887\",\"name\":\"R\u00e9dac. NEWS\",\"sameAs\":[\"http:\/\/www.newsestlyonnais.fr\",\"https:\/\/www.facebook.com\/pascal.oberson.1?fref=ts\",\"https:\/\/fr.linkedin.com\/in\/pascal-oberson-b17045113\"],\"url\":\"https:\/\/newsestlyonnais.fr\/site\/author\/nel\/\"}]}<\/script>\n<!-- \/ Yoast SEO plugin. -->","yoast_head_json":{"title":"VAULX EN VELIN : Les seniors 1 du Vaulx Basket s\u2019inclinent face \u00e0 Sapela 13","description":"VAULX EN VELIN : Les seniors 1 du Vaulx Basket s\u2019inclinent face \u00e0 Sapela 13","robots":{"index":"index","follow":"follow","max-snippet":"max-snippet:-1","max-image-preview":"max-image-preview:large","max-video-preview":"max-video-preview:-1"},"canonical":"https:\/\/newsestlyonnais.fr\/site\/2018\/09\/29\/vaulx-en-velin-les-seniors-1-du-vaulx-basket-sinclinent-face-a-sapela-13\/","og_locale":"fr_FR","og_type":"article","og_title":"VAULX EN VELIN : Les seniors 1 du Vaulx Basket s\u2019inclinent face \u00e0 Sapela 13","og_description":"VAULX EN VELIN : Les seniors 1 du Vaulx Basket s\u2019inclinent face \u00e0 Sapela 13","og_url":"https:\/\/newsestlyonnais.fr\/site\/2018\/09\/29\/vaulx-en-velin-les-seniors-1-du-vaulx-basket-sinclinent-face-a-sapela-13\/","og_site_name":"News Est Lyonnais","article_author":"https:\/\/www.facebook.com\/pascal.oberson.1?fref=ts","article_published_time":"2018-09-29T13:16:48+00:00","article_modified_time":"2020-11-21T18:51:02+00:00","og_image":[{"width":2048,"height":1536,"url":"https:\/\/i2.wp.com\/newsestlyonnais.fr\/site\/wp-content\/uploads\/2018\/10\/NEWSESTLYONNAIS-COACHS-VBC-SAPELA-13.jpg?fit=2048%2C1536&ssl=1","type":"image\/jpeg"}],"author":"R\u00e9dac. NEWS","twitter_card":"summary_large_image","twitter_misc":{"\u00c9crit par":"R\u00e9dac. NEWS","Dur\u00e9e de lecture estim\u00e9e":"1 minute"},"schema":{"@context":"https:\/\/schema.org","@graph":[{"@type":"Article","@id":"https:\/\/newsestlyonnais.fr\/site\/2018\/09\/29\/vaulx-en-velin-les-seniors-1-du-vaulx-basket-sinclinent-face-a-sapela-13\/#article","isPartOf":{"@id":"https:\/\/newsestlyonnais.fr\/site\/2018\/09\/29\/vaulx-en-velin-les-seniors-1-du-vaulx-basket-sinclinent-face-a-sapela-13\/"},"author":{"name":"R\u00e9dac. NEWS","@id":"https:\/\/newsestlyonnais.fr\/site\/#\/schema\/person\/3230d5615f390bb808365d673001e887"},"headline":"VAULX-EN-VELIN | Les seniors 1 du Vaulx Basket s\u2019inclinent face \u00e0 Sapela 13","datePublished":"2018-09-29T13:16:48+00:00","dateModified":"2020-11-21T18:51:02+00:00","mainEntityOfPage":{"@id":"https:\/\/newsestlyonnais.fr\/site\/2018\/09\/29\/vaulx-en-velin-les-seniors-1-du-vaulx-basket-sinclinent-face-a-sapela-13\/"},"wordCount":221,"commentCount":0,"publisher":{"@id":"https:\/\/newsestlyonnais.fr\/site\/#organization"},"image":{"@id":"https:\/\/newsestlyonnais.fr\/site\/2018\/09\/29\/vaulx-en-velin-les-seniors-1-du-vaulx-basket-sinclinent-face-a-sapela-13\/#primaryimage"},"thumbnailUrl":"https:\/\/newsestlyonnais.fr\/site\/wp-content\/uploads\/2018\/10\/NEWSESTLYONNAIS-COACHS-VBC-SAPELA-13.jpg","articleSection":["Basket","Basket | Hand | Volley","Vaulx-en-Velin"],"inLanguage":"fr-FR","potentialAction":[{"@type":"CommentAction","name":"Comment","target":["https:\/\/newsestlyonnais.fr\/site\/2018\/09\/29\/vaulx-en-velin-les-seniors-1-du-vaulx-basket-sinclinent-face-a-sapela-13\/#respond"]}]},{"@type":"WebPage","@id":"https:\/\/newsestlyonnais.fr\/site\/2018\/09\/29\/vaulx-en-velin-les-seniors-1-du-vaulx-basket-sinclinent-face-a-sapela-13\/","url":"https:\/\/newsestlyonnais.fr\/site\/2018\/09\/29\/vaulx-en-velin-les-seniors-1-du-vaulx-basket-sinclinent-face-a-sapela-13\/","name":"VAULX EN VELIN : Les seniors 1 du Vaulx Basket s\u2019inclinent face \u00e0 Sapela 13","isPartOf":{"@id":"https:\/\/newsestlyonnais.fr\/site\/#website"},"primaryImageOfPage":{"@id":"https:\/\/newsestlyonnais.fr\/site\/2018\/09\/29\/vaulx-en-velin-les-seniors-1-du-vaulx-basket-sinclinent-face-a-sapela-13\/#primaryimage"},"image":{"@id":"https:\/\/newsestlyonnais.fr\/site\/2018\/09\/29\/vaulx-en-velin-les-seniors-1-du-vaulx-basket-sinclinent-face-a-sapela-13\/#primaryimage"},"thumbnailUrl":"https:\/\/newsestlyonnais.fr\/site\/wp-content\/uploads\/2018\/10\/NEWSESTLYONNAIS-COACHS-VBC-SAPELA-13.jpg","datePublished":"2018-09-29T13:16:48+00:00","dateModified":"2020-11-21T18:51:02+00:00","description":"VAULX EN VELIN : Les seniors 1 du Vaulx Basket s\u2019inclinent face \u00e0 Sapela 13","breadcrumb":{"@id":"https:\/\/newsestlyonnais.fr\/site\/2018\/09\/29\/vaulx-en-velin-les-seniors-1-du-vaulx-basket-sinclinent-face-a-sapela-13\/#breadcrumb"},"inLanguage":"fr-FR","potentialAction":[{"@type":"ReadAction","target":["https:\/\/newsestlyonnais.fr\/site\/2018\/09\/29\/vaulx-en-velin-les-seniors-1-du-vaulx-basket-sinclinent-face-a-sapela-13\/"]}]},{"@type":"ImageObject","inLanguage":"fr-FR","@id":"https:\/\/newsestlyonnais.fr\/site\/2018\/09\/29\/vaulx-en-velin-les-seniors-1-du-vaulx-basket-sinclinent-face-a-sapela-13\/#primaryimage","url":"https:\/\/newsestlyonnais.fr\/site\/wp-content\/uploads\/2018\/10\/NEWSESTLYONNAIS-COACHS-VBC-SAPELA-13.jpg","contentUrl":"https:\/\/newsestlyonnais.fr\/site\/wp-content\/uploads\/2018\/10\/NEWSESTLYONNAIS-COACHS-VBC-SAPELA-13.jpg","width":2048,"height":1536,"caption":"NEWSESTLYONNAIS COACHS VBC SAPELA 13"},{"@type":"BreadcrumbList","@id":"https:\/\/newsestlyonnais.fr\/site\/2018\/09\/29\/vaulx-en-velin-les-seniors-1-du-vaulx-basket-sinclinent-face-a-sapela-13\/#breadcrumb","itemListElement":[{"@type":"ListItem","position":1,"name":"Accueil","item":"https:\/\/newsestlyonnais.fr\/site\/"},{"@type":"ListItem","position":2,"name":"VAULX-EN-VELIN | Les seniors 1 du Vaulx Basket s\u2019inclinent face \u00e0 Sapela 13"}]},{"@type":"WebSite","@id":"https:\/\/newsestlyonnais.fr\/site\/#website","url":"https:\/\/newsestlyonnais.fr\/site\/","name":"News Est Lyonnais","description":"L&#039;actualit\u00e9 au plus pr\u00e8s","publisher":{"@id":"https:\/\/newsestlyonnais.fr\/site\/#organization"},"potentialAction":[{"@type":"SearchAction","target":{"@type":"EntryPoint","urlTemplate":"https:\/\/newsestlyonnais.fr\/site\/?s={search_term_string}"},"query-input":{"@type":"PropertyValueSpecification","valueRequired":true,"valueName":"search_term_string"}}],"inLanguage":"fr-FR"},{"@type":"Organization","@id":"https:\/\/newsestlyonnais.fr\/site\/#organization","name":"News EST LYONNAIS","url":"https:\/\/newsestlyonnais.fr\/site\/","logo":{"@type":"ImageObject","inLanguage":"fr-FR","@id":"https:\/\/newsestlyonnais.fr\/site\/#\/schema\/logo\/image\/","url":"","contentUrl":"","caption":"News EST LYONNAIS"},"image":{"@id":"https:\/\/newsestlyonnais.fr\/site\/#\/schema\/logo\/image\/"}},{"@type":"Person","@id":"https:\/\/newsestlyonnais.fr\/site\/#\/schema\/person\/3230d5615f390bb808365d673001e887","name":"R\u00e9dac. NEWS","sameAs":["http:\/\/www.newsestlyonnais.fr","https:\/\/www.facebook.com\/pascal.oberson.1?fref=ts","https:\/\/fr.linkedin.com\/in\/pascal-oberson-b17045113"],"url":"https:\/\/newsestlyonnais.fr\/site\/author\/nel\/"}]}},"_links":{"self":[{"href":"https:\/\/newsestlyonnais.fr\/site\/wp-json\/wp\/v2\/posts\/57557","targetHints":{"allow":["GET"]}}],"collection":[{"href":"https:\/\/newsestlyonnais.fr\/site\/wp-json\/wp\/v2\/posts"}],"about":[{"href":"https:\/\/newsestlyonnais.fr\/site\/wp-json\/wp\/v2\/types\/post"}],"author":[{"embeddable":true,"href":"https:\/\/newsestlyonnais.fr\/site\/wp-json\/wp\/v2\/users\/4"}],"replies":[{"embeddable":true,"href":"https:\/\/newsestlyonnais.fr\/site\/wp-json\/wp\/v2\/comments?post=57557"}],"version-history":[{"count":0,"href":"https:\/\/newsestlyonnais.fr\/site\/wp-json\/wp\/v2\/posts\/57557\/revisions"}],"wp:featuredmedia":[{"embeddable":true,"href":"https:\/\/newsestlyonnais.fr\/site\/wp-json\/wp\/v2\/media\/57559"}],"wp:attachment":[{"href":"https:\/\/newsestlyonnais.fr\/site\/wp-json\/wp\/v2\/media?parent=57557"}],"wp:term":[{"taxonomy":"category","embeddable":true,"href":"https:\/\/newsestlyonnais.fr\/site\/wp-json\/wp\/v2\/categories?post=57557"},{"taxonomy":"post_tag","embeddable":true,"href":"https:\/\/newsestlyonnais.fr\/site\/wp-json\/wp\/v2\/tags?post=57557"}],"curies":[{"name":"wp","href":"https:\/\/api.w.org\/{rel}","templated":true}]}}