{"id":57656,"date":"2018-10-02T08:02:53","date_gmt":"2018-10-02T07:02:53","guid":{"rendered":"http:\/\/newsestlyonnais.fr\/site\/?p=57656"},"modified":"2020-11-08T08:02:57","modified_gmt":"2020-11-08T07:02:57","slug":"genas-appel-a-candidatures-pour-un-chantier-jeunes-pour-genassiens-de-16-a-21-ans","status":"publish","type":"post","link":"https:\/\/newsestlyonnais.fr\/site\/2018\/10\/02\/genas-appel-a-candidatures-pour-un-chantier-jeunes-pour-genassiens-de-16-a-21-ans\/","title":{"rendered":"GENAS | Appel \u00e0 candidatures pour un chantier jeunes pour genassiens 16 \u00e0 21 ans"},"content":{"rendered":"<h4>Un appel \u00e0 candidatures pour un chantier jeunes, avec financement du BAFA, pour des genassiens de 16 \u00e0 21 ans a \u00e9t\u00e9 lanc\u00e9 par le Secteur Jeunesse de la Ville de Genas.<\/h4>\n<p>Un chantier jeune s\u2019organise pour leur permettre de financer la premi\u00e8re partie du BAFA (une session de formation g\u00e9n\u00e9rale, qui permet d&rsquo;acqu\u00e9rir les \u00e9l\u00e9ments fondamentaux pour assurer les fonctions d&rsquo;animateur).<br \/>\nEn contre partie d&rsquo;un engagement de 3 soir\u00e9es de travaux, la premi\u00e8re session du BAFA sera offerte.<\/p>\n<p><em><strong>Dates importantes :<\/strong><\/em><\/p>\n<ul>\n<li>Mardi 9 Octobre 2018, de 18 h 30 \u00e0 19 h 30 : <strong>R\u00e9union (parents et jeunes<\/strong>).<\/li>\n<li>Lundi 15 Octobre (19 h 30 \u00e0 21 h 30), Mardi 16 Octobre (18 h 30 \u00e0 21 h 30) &amp; Jeudi 18 Octobre (18 h 30 \u00e0 21 h 30) : <strong>Chantier d&rsquo;\u00e9vacuation de la grange de l&rsquo;espace Gandil, d&rsquo;encombrants + petits travaux<\/strong>.<\/li>\n<\/ul>\n<p><span style=\"text-decoration: underline\">Stage BAFA financ\u00e9 : du 16\/02 au 24\/02\/2019<\/span><\/p>\n<p>Toutes les personnes int\u00e9ress\u00e9es doivent <span style=\"text-decoration: underline\">r\u00e9pondre rapidement<\/span> afin d&rsquo;affiner les modalit\u00e9s d&rsquo;inscription. <strong>6 places seulement.<\/strong><\/p>\n<ul>\n<li><em><strong>Contact : Ludovic ROUX (Secteur jeunesse de la Ville de Genas au 06. 21. 60. 22. 93).<\/strong><\/em><\/li>\n<\/ul>\n","protected":false},"excerpt":{"rendered":"<p>Un appel \u00e0 candidatures pour un chantier jeunes, avec financement du BAFA, pour des genassiens de 16 \u00e0 21 ans a \u00e9t\u00e9 lanc\u00e9 par le Secteur Jeunesse de la Ville de Genas. Un chantier jeune s\u2019organise pour leur permettre de financer la premi\u00e8re partie du BAFA (une session de formation g\u00e9n\u00e9rale, qui permet d&rsquo;acqu\u00e9rir les [&hellip;]<\/p>\n","protected":false},"author":4,"featured_media":6015,"comment_status":"open","ping_status":"open","sticky":false,"template":"","format":"standard","meta":{"footnotes":""},"categories":[270,171,1598],"tags":[],"class_list":["post-57656","post","type-post","status-publish","format-standard","has-post-thumbnail","hentry","category-cte-de-communes-c-c-e-l","category-enfance-jeunesse","category-genas"],"yoast_head":"<!-- This site is optimized with the Yoast SEO plugin v27.2 - https:\/\/yoast.com\/product\/yoast-seo-wordpress\/ -->\n<title>GENAS : Appel \u00e0 candidatures pour un chantier jeunes pour des genassiens de 16 \u00e0 21 ans<\/title>\n<meta name=\"description\" content=\"GENAS : Appel \u00e0 candidatures pour un chantier jeunes pour des genassiens de 16 \u00e0 21 ans\" \/>\n<meta name=\"robots\" content=\"index, follow, max-snippet:-1, max-image-preview:large, max-video-preview:-1\" \/>\n<link rel=\"canonical\" href=\"https:\/\/newsestlyonnais.fr\/site\/2018\/10\/02\/genas-appel-a-candidatures-pour-un-chantier-jeunes-pour-genassiens-de-16-a-21-ans\/\" \/>\n<meta property=\"og:locale\" content=\"fr_FR\" \/>\n<meta property=\"og:type\" content=\"article\" \/>\n<meta property=\"og:title\" content=\"GENAS : Appel \u00e0 candidatures pour un chantier jeunes pour des genassiens de 16 \u00e0 21 ans\" \/>\n<meta property=\"og:description\" content=\"GENAS : Appel \u00e0 candidatures pour un chantier jeunes pour des genassiens de 16 \u00e0 21 ans\" \/>\n<meta property=\"og:url\" content=\"https:\/\/newsestlyonnais.fr\/site\/2018\/10\/02\/genas-appel-a-candidatures-pour-un-chantier-jeunes-pour-genassiens-de-16-a-21-ans\/\" \/>\n<meta property=\"og:site_name\" content=\"News Est Lyonnais\" \/>\n<meta property=\"article:author\" content=\"https:\/\/www.facebook.com\/pascal.oberson.1?fref=ts\" \/>\n<meta property=\"article:published_time\" content=\"2018-10-02T07:02:53+00:00\" \/>\n<meta property=\"article:modified_time\" content=\"2020-11-08T07:02:57+00:00\" \/>\n<meta property=\"og:image\" content=\"https:\/\/i0.wp.com\/newsestlyonnais.fr\/site\/wp-content\/uploads\/2016\/04\/NEWSESTLYONNAISPANNEAUGENAS-1.jpg?fit=1000%2C750&ssl=1\" \/>\n\t<meta property=\"og:image:width\" content=\"1000\" \/>\n\t<meta property=\"og:image:height\" content=\"750\" \/>\n\t<meta property=\"og:image:type\" content=\"image\/jpeg\" \/>\n<meta name=\"author\" content=\"R\u00e9dac. NEWS\" \/>\n<meta name=\"twitter:card\" content=\"summary_large_image\" \/>\n<meta name=\"twitter:label1\" content=\"\u00c9crit par\" \/>\n\t<meta name=\"twitter:data1\" content=\"R\u00e9dac. NEWS\" \/>\n\t<meta name=\"twitter:label2\" content=\"Dur\u00e9e de lecture estim\u00e9e\" \/>\n\t<meta name=\"twitter:data2\" content=\"1 minute\" \/>\n<script type=\"application\/ld+json\" class=\"yoast-schema-graph\">{\"@context\":\"https:\/\/schema.org\",\"@graph\":[{\"@type\":\"Article\",\"@id\":\"https:\/\/newsestlyonnais.fr\/site\/2018\/10\/02\/genas-appel-a-candidatures-pour-un-chantier-jeunes-pour-genassiens-de-16-a-21-ans\/#article\",\"isPartOf\":{\"@id\":\"https:\/\/newsestlyonnais.fr\/site\/2018\/10\/02\/genas-appel-a-candidatures-pour-un-chantier-jeunes-pour-genassiens-de-16-a-21-ans\/\"},\"author\":{\"name\":\"R\u00e9dac. NEWS\",\"@id\":\"https:\/\/newsestlyonnais.fr\/site\/#\/schema\/person\/3230d5615f390bb808365d673001e887\"},\"headline\":\"GENAS | Appel \u00e0 candidatures pour un chantier jeunes pour genassiens 16 \u00e0 21 ans\",\"datePublished\":\"2018-10-02T07:02:53+00:00\",\"dateModified\":\"2020-11-08T07:02:57+00:00\",\"mainEntityOfPage\":{\"@id\":\"https:\/\/newsestlyonnais.fr\/site\/2018\/10\/02\/genas-appel-a-candidatures-pour-un-chantier-jeunes-pour-genassiens-de-16-a-21-ans\/\"},\"wordCount\":170,\"commentCount\":0,\"publisher\":{\"@id\":\"https:\/\/newsestlyonnais.fr\/site\/#organization\"},\"image\":{\"@id\":\"https:\/\/newsestlyonnais.fr\/site\/2018\/10\/02\/genas-appel-a-candidatures-pour-un-chantier-jeunes-pour-genassiens-de-16-a-21-ans\/#primaryimage\"},\"thumbnailUrl\":\"https:\/\/newsestlyonnais.fr\/site\/wp-content\/uploads\/2016\/04\/NEWSESTLYONNAISPANNEAUGENAS-1.jpg\",\"articleSection\":[\"CCEL | Communes\",\"Enfance | Jeunesse\",\"Genas\"],\"inLanguage\":\"fr-FR\",\"potentialAction\":[{\"@type\":\"CommentAction\",\"name\":\"Comment\",\"target\":[\"https:\/\/newsestlyonnais.fr\/site\/2018\/10\/02\/genas-appel-a-candidatures-pour-un-chantier-jeunes-pour-genassiens-de-16-a-21-ans\/#respond\"]}]},{\"@type\":\"WebPage\",\"@id\":\"https:\/\/newsestlyonnais.fr\/site\/2018\/10\/02\/genas-appel-a-candidatures-pour-un-chantier-jeunes-pour-genassiens-de-16-a-21-ans\/\",\"url\":\"https:\/\/newsestlyonnais.fr\/site\/2018\/10\/02\/genas-appel-a-candidatures-pour-un-chantier-jeunes-pour-genassiens-de-16-a-21-ans\/\",\"name\":\"GENAS : Appel \u00e0 candidatures pour un chantier jeunes pour des genassiens de 16 \u00e0 21 ans\",\"isPartOf\":{\"@id\":\"https:\/\/newsestlyonnais.fr\/site\/#website\"},\"primaryImageOfPage\":{\"@id\":\"https:\/\/newsestlyonnais.fr\/site\/2018\/10\/02\/genas-appel-a-candidatures-pour-un-chantier-jeunes-pour-genassiens-de-16-a-21-ans\/#primaryimage\"},\"image\":{\"@id\":\"https:\/\/newsestlyonnais.fr\/site\/2018\/10\/02\/genas-appel-a-candidatures-pour-un-chantier-jeunes-pour-genassiens-de-16-a-21-ans\/#primaryimage\"},\"thumbnailUrl\":\"https:\/\/newsestlyonnais.fr\/site\/wp-content\/uploads\/2016\/04\/NEWSESTLYONNAISPANNEAUGENAS-1.jpg\",\"datePublished\":\"2018-10-02T07:02:53+00:00\",\"dateModified\":\"2020-11-08T07:02:57+00:00\",\"description\":\"GENAS : Appel \u00e0 candidatures pour un chantier jeunes pour des genassiens de 16 \u00e0 21 ans\",\"breadcrumb\":{\"@id\":\"https:\/\/newsestlyonnais.fr\/site\/2018\/10\/02\/genas-appel-a-candidatures-pour-un-chantier-jeunes-pour-genassiens-de-16-a-21-ans\/#breadcrumb\"},\"inLanguage\":\"fr-FR\",\"potentialAction\":[{\"@type\":\"ReadAction\",\"target\":[\"https:\/\/newsestlyonnais.fr\/site\/2018\/10\/02\/genas-appel-a-candidatures-pour-un-chantier-jeunes-pour-genassiens-de-16-a-21-ans\/\"]}]},{\"@type\":\"ImageObject\",\"inLanguage\":\"fr-FR\",\"@id\":\"https:\/\/newsestlyonnais.fr\/site\/2018\/10\/02\/genas-appel-a-candidatures-pour-un-chantier-jeunes-pour-genassiens-de-16-a-21-ans\/#primaryimage\",\"url\":\"https:\/\/newsestlyonnais.fr\/site\/wp-content\/uploads\/2016\/04\/NEWSESTLYONNAISPANNEAUGENAS-1.jpg\",\"contentUrl\":\"https:\/\/newsestlyonnais.fr\/site\/wp-content\/uploads\/2016\/04\/NEWSESTLYONNAISPANNEAUGENAS-1.jpg\",\"width\":1000,\"height\":750,\"caption\":\"NEWSESTLYONNAISPANNEAUGENAS\"},{\"@type\":\"BreadcrumbList\",\"@id\":\"https:\/\/newsestlyonnais.fr\/site\/2018\/10\/02\/genas-appel-a-candidatures-pour-un-chantier-jeunes-pour-genassiens-de-16-a-21-ans\/#breadcrumb\",\"itemListElement\":[{\"@type\":\"ListItem\",\"position\":1,\"name\":\"Accueil\",\"item\":\"https:\/\/newsestlyonnais.fr\/site\/\"},{\"@type\":\"ListItem\",\"position\":2,\"name\":\"GENAS | Appel \u00e0 candidatures pour un chantier jeunes pour genassiens 16 \u00e0 21 ans\"}]},{\"@type\":\"WebSite\",\"@id\":\"https:\/\/newsestlyonnais.fr\/site\/#website\",\"url\":\"https:\/\/newsestlyonnais.fr\/site\/\",\"name\":\"News Est Lyonnais\",\"description\":\"L&#039;actualit\u00e9 au plus pr\u00e8s\",\"publisher\":{\"@id\":\"https:\/\/newsestlyonnais.fr\/site\/#organization\"},\"potentialAction\":[{\"@type\":\"SearchAction\",\"target\":{\"@type\":\"EntryPoint\",\"urlTemplate\":\"https:\/\/newsestlyonnais.fr\/site\/?s={search_term_string}\"},\"query-input\":{\"@type\":\"PropertyValueSpecification\",\"valueRequired\":true,\"valueName\":\"search_term_string\"}}],\"inLanguage\":\"fr-FR\"},{\"@type\":\"Organization\",\"@id\":\"https:\/\/newsestlyonnais.fr\/site\/#organization\",\"name\":\"News EST LYONNAIS\",\"url\":\"https:\/\/newsestlyonnais.fr\/site\/\",\"logo\":{\"@type\":\"ImageObject\",\"inLanguage\":\"fr-FR\",\"@id\":\"https:\/\/newsestlyonnais.fr\/site\/#\/schema\/logo\/image\/\",\"url\":\"\",\"contentUrl\":\"\",\"caption\":\"News EST LYONNAIS\"},\"image\":{\"@id\":\"https:\/\/newsestlyonnais.fr\/site\/#\/schema\/logo\/image\/\"}},{\"@type\":\"Person\",\"@id\":\"https:\/\/newsestlyonnais.fr\/site\/#\/schema\/person\/3230d5615f390bb808365d673001e887\",\"name\":\"R\u00e9dac. NEWS\",\"sameAs\":[\"http:\/\/www.newsestlyonnais.fr\",\"https:\/\/www.facebook.com\/pascal.oberson.1?fref=ts\",\"https:\/\/fr.linkedin.com\/in\/pascal-oberson-b17045113\"],\"url\":\"https:\/\/newsestlyonnais.fr\/site\/author\/nel\/\"}]}<\/script>\n<!-- \/ Yoast SEO plugin. -->","yoast_head_json":{"title":"GENAS : Appel \u00e0 candidatures pour un chantier jeunes pour des genassiens de 16 \u00e0 21 ans","description":"GENAS : Appel \u00e0 candidatures pour un chantier jeunes pour des genassiens de 16 \u00e0 21 ans","robots":{"index":"index","follow":"follow","max-snippet":"max-snippet:-1","max-image-preview":"max-image-preview:large","max-video-preview":"max-video-preview:-1"},"canonical":"https:\/\/newsestlyonnais.fr\/site\/2018\/10\/02\/genas-appel-a-candidatures-pour-un-chantier-jeunes-pour-genassiens-de-16-a-21-ans\/","og_locale":"fr_FR","og_type":"article","og_title":"GENAS : Appel \u00e0 candidatures pour un chantier jeunes pour des genassiens de 16 \u00e0 21 ans","og_description":"GENAS : Appel \u00e0 candidatures pour un chantier jeunes pour des genassiens de 16 \u00e0 21 ans","og_url":"https:\/\/newsestlyonnais.fr\/site\/2018\/10\/02\/genas-appel-a-candidatures-pour-un-chantier-jeunes-pour-genassiens-de-16-a-21-ans\/","og_site_name":"News Est Lyonnais","article_author":"https:\/\/www.facebook.com\/pascal.oberson.1?fref=ts","article_published_time":"2018-10-02T07:02:53+00:00","article_modified_time":"2020-11-08T07:02:57+00:00","og_image":[{"width":1000,"height":750,"url":"https:\/\/i0.wp.com\/newsestlyonnais.fr\/site\/wp-content\/uploads\/2016\/04\/NEWSESTLYONNAISPANNEAUGENAS-1.jpg?fit=1000%2C750&ssl=1","type":"image\/jpeg"}],"author":"R\u00e9dac. NEWS","twitter_card":"summary_large_image","twitter_misc":{"\u00c9crit par":"R\u00e9dac. NEWS","Dur\u00e9e de lecture estim\u00e9e":"1 minute"},"schema":{"@context":"https:\/\/schema.org","@graph":[{"@type":"Article","@id":"https:\/\/newsestlyonnais.fr\/site\/2018\/10\/02\/genas-appel-a-candidatures-pour-un-chantier-jeunes-pour-genassiens-de-16-a-21-ans\/#article","isPartOf":{"@id":"https:\/\/newsestlyonnais.fr\/site\/2018\/10\/02\/genas-appel-a-candidatures-pour-un-chantier-jeunes-pour-genassiens-de-16-a-21-ans\/"},"author":{"name":"R\u00e9dac. NEWS","@id":"https:\/\/newsestlyonnais.fr\/site\/#\/schema\/person\/3230d5615f390bb808365d673001e887"},"headline":"GENAS | Appel \u00e0 candidatures pour un chantier jeunes pour genassiens 16 \u00e0 21 ans","datePublished":"2018-10-02T07:02:53+00:00","dateModified":"2020-11-08T07:02:57+00:00","mainEntityOfPage":{"@id":"https:\/\/newsestlyonnais.fr\/site\/2018\/10\/02\/genas-appel-a-candidatures-pour-un-chantier-jeunes-pour-genassiens-de-16-a-21-ans\/"},"wordCount":170,"commentCount":0,"publisher":{"@id":"https:\/\/newsestlyonnais.fr\/site\/#organization"},"image":{"@id":"https:\/\/newsestlyonnais.fr\/site\/2018\/10\/02\/genas-appel-a-candidatures-pour-un-chantier-jeunes-pour-genassiens-de-16-a-21-ans\/#primaryimage"},"thumbnailUrl":"https:\/\/newsestlyonnais.fr\/site\/wp-content\/uploads\/2016\/04\/NEWSESTLYONNAISPANNEAUGENAS-1.jpg","articleSection":["CCEL | Communes","Enfance | Jeunesse","Genas"],"inLanguage":"fr-FR","potentialAction":[{"@type":"CommentAction","name":"Comment","target":["https:\/\/newsestlyonnais.fr\/site\/2018\/10\/02\/genas-appel-a-candidatures-pour-un-chantier-jeunes-pour-genassiens-de-16-a-21-ans\/#respond"]}]},{"@type":"WebPage","@id":"https:\/\/newsestlyonnais.fr\/site\/2018\/10\/02\/genas-appel-a-candidatures-pour-un-chantier-jeunes-pour-genassiens-de-16-a-21-ans\/","url":"https:\/\/newsestlyonnais.fr\/site\/2018\/10\/02\/genas-appel-a-candidatures-pour-un-chantier-jeunes-pour-genassiens-de-16-a-21-ans\/","name":"GENAS : Appel \u00e0 candidatures pour un chantier jeunes pour des genassiens de 16 \u00e0 21 ans","isPartOf":{"@id":"https:\/\/newsestlyonnais.fr\/site\/#website"},"primaryImageOfPage":{"@id":"https:\/\/newsestlyonnais.fr\/site\/2018\/10\/02\/genas-appel-a-candidatures-pour-un-chantier-jeunes-pour-genassiens-de-16-a-21-ans\/#primaryimage"},"image":{"@id":"https:\/\/newsestlyonnais.fr\/site\/2018\/10\/02\/genas-appel-a-candidatures-pour-un-chantier-jeunes-pour-genassiens-de-16-a-21-ans\/#primaryimage"},"thumbnailUrl":"https:\/\/newsestlyonnais.fr\/site\/wp-content\/uploads\/2016\/04\/NEWSESTLYONNAISPANNEAUGENAS-1.jpg","datePublished":"2018-10-02T07:02:53+00:00","dateModified":"2020-11-08T07:02:57+00:00","description":"GENAS : Appel \u00e0 candidatures pour un chantier jeunes pour des genassiens de 16 \u00e0 21 ans","breadcrumb":{"@id":"https:\/\/newsestlyonnais.fr\/site\/2018\/10\/02\/genas-appel-a-candidatures-pour-un-chantier-jeunes-pour-genassiens-de-16-a-21-ans\/#breadcrumb"},"inLanguage":"fr-FR","potentialAction":[{"@type":"ReadAction","target":["https:\/\/newsestlyonnais.fr\/site\/2018\/10\/02\/genas-appel-a-candidatures-pour-un-chantier-jeunes-pour-genassiens-de-16-a-21-ans\/"]}]},{"@type":"ImageObject","inLanguage":"fr-FR","@id":"https:\/\/newsestlyonnais.fr\/site\/2018\/10\/02\/genas-appel-a-candidatures-pour-un-chantier-jeunes-pour-genassiens-de-16-a-21-ans\/#primaryimage","url":"https:\/\/newsestlyonnais.fr\/site\/wp-content\/uploads\/2016\/04\/NEWSESTLYONNAISPANNEAUGENAS-1.jpg","contentUrl":"https:\/\/newsestlyonnais.fr\/site\/wp-content\/uploads\/2016\/04\/NEWSESTLYONNAISPANNEAUGENAS-1.jpg","width":1000,"height":750,"caption":"NEWSESTLYONNAISPANNEAUGENAS"},{"@type":"BreadcrumbList","@id":"https:\/\/newsestlyonnais.fr\/site\/2018\/10\/02\/genas-appel-a-candidatures-pour-un-chantier-jeunes-pour-genassiens-de-16-a-21-ans\/#breadcrumb","itemListElement":[{"@type":"ListItem","position":1,"name":"Accueil","item":"https:\/\/newsestlyonnais.fr\/site\/"},{"@type":"ListItem","position":2,"name":"GENAS | Appel \u00e0 candidatures pour un chantier jeunes pour genassiens 16 \u00e0 21 ans"}]},{"@type":"WebSite","@id":"https:\/\/newsestlyonnais.fr\/site\/#website","url":"https:\/\/newsestlyonnais.fr\/site\/","name":"News Est Lyonnais","description":"L&#039;actualit\u00e9 au plus pr\u00e8s","publisher":{"@id":"https:\/\/newsestlyonnais.fr\/site\/#organization"},"potentialAction":[{"@type":"SearchAction","target":{"@type":"EntryPoint","urlTemplate":"https:\/\/newsestlyonnais.fr\/site\/?s={search_term_string}"},"query-input":{"@type":"PropertyValueSpecification","valueRequired":true,"valueName":"search_term_string"}}],"inLanguage":"fr-FR"},{"@type":"Organization","@id":"https:\/\/newsestlyonnais.fr\/site\/#organization","name":"News EST LYONNAIS","url":"https:\/\/newsestlyonnais.fr\/site\/","logo":{"@type":"ImageObject","inLanguage":"fr-FR","@id":"https:\/\/newsestlyonnais.fr\/site\/#\/schema\/logo\/image\/","url":"","contentUrl":"","caption":"News EST LYONNAIS"},"image":{"@id":"https:\/\/newsestlyonnais.fr\/site\/#\/schema\/logo\/image\/"}},{"@type":"Person","@id":"https:\/\/newsestlyonnais.fr\/site\/#\/schema\/person\/3230d5615f390bb808365d673001e887","name":"R\u00e9dac. NEWS","sameAs":["http:\/\/www.newsestlyonnais.fr","https:\/\/www.facebook.com\/pascal.oberson.1?fref=ts","https:\/\/fr.linkedin.com\/in\/pascal-oberson-b17045113"],"url":"https:\/\/newsestlyonnais.fr\/site\/author\/nel\/"}]}},"_links":{"self":[{"href":"https:\/\/newsestlyonnais.fr\/site\/wp-json\/wp\/v2\/posts\/57656","targetHints":{"allow":["GET"]}}],"collection":[{"href":"https:\/\/newsestlyonnais.fr\/site\/wp-json\/wp\/v2\/posts"}],"about":[{"href":"https:\/\/newsestlyonnais.fr\/site\/wp-json\/wp\/v2\/types\/post"}],"author":[{"embeddable":true,"href":"https:\/\/newsestlyonnais.fr\/site\/wp-json\/wp\/v2\/users\/4"}],"replies":[{"embeddable":true,"href":"https:\/\/newsestlyonnais.fr\/site\/wp-json\/wp\/v2\/comments?post=57656"}],"version-history":[{"count":0,"href":"https:\/\/newsestlyonnais.fr\/site\/wp-json\/wp\/v2\/posts\/57656\/revisions"}],"wp:featuredmedia":[{"embeddable":true,"href":"https:\/\/newsestlyonnais.fr\/site\/wp-json\/wp\/v2\/media\/6015"}],"wp:attachment":[{"href":"https:\/\/newsestlyonnais.fr\/site\/wp-json\/wp\/v2\/media?parent=57656"}],"wp:term":[{"taxonomy":"category","embeddable":true,"href":"https:\/\/newsestlyonnais.fr\/site\/wp-json\/wp\/v2\/categories?post=57656"},{"taxonomy":"post_tag","embeddable":true,"href":"https:\/\/newsestlyonnais.fr\/site\/wp-json\/wp\/v2\/tags?post=57656"}],"curies":[{"name":"wp","href":"https:\/\/api.w.org\/{rel}","templated":true}]}}