{"id":57716,"date":"2018-10-05T12:56:36","date_gmt":"2018-10-05T11:56:36","guid":{"rendered":"http:\/\/newsestlyonnais.fr\/site\/?p=57716"},"modified":"2022-11-24T17:43:43","modified_gmt":"2022-11-24T16:43:43","slug":"genas-le-reel-xv-a-lance-son-cercle-de-partenaires","status":"publish","type":"post","link":"https:\/\/newsestlyonnais.fr\/site\/2018\/10\/05\/genas-le-reel-xv-a-lance-son-cercle-de-partenaires\/","title":{"rendered":"GENAS | Le REEL XV a lanc\u00e9 son cercle de partenaires"},"content":{"rendered":"<p>Devant une belle assembl\u00e9e et notamment les maires de plusieurs communes de l&rsquo;Est Lyonnais et les repr\u00e9sentants du Syndicat Intercommunal Murois (SIM) ont \u00e9t\u00e9 pr\u00e9sent\u00e9s les diff\u00e9rents projets du club, globaux mais aussi en mati\u00e8re de communication et partenariat. On notera les interventions entre autres de Pierre Mignoni (entraineur du LOU) et Fabrice Estebanez (ancien joueur).<\/p>\n<p><strong>Plus de 70 partenaires sont ainsi recens\u00e9s \u00e0 ce jour<\/strong> et un nouveau process \u00ab\u00a0Adopte ton joueur\u00a0\u00bb vient d&rsquo;\u00eatre mis en place et devrait permettre au club d&rsquo;atteindre son objectif de passer le cap des 100. Actuellement la formule \u00ab\u00a0un sponsor par match\u00a0\u00bb connait un beau succ\u00e8s et des visuels (sur maillots d&rsquo;\u00e9chauffement, chasubles d&rsquo;entrainement et chaussettes) sont encore disponibles !<\/p>\n<p><strong>Ce club de partenaires permettra de d\u00e9velopper un r\u00e9seau d&rsquo;entreprises, d&rsquo;avoir un cercle r\u00e9f\u00e9rence et de cr\u00e9er un annuaire de partenaires.<\/strong><\/p>\n<hr \/>\n<ul>\n<li>\u00a0<strong>Retrouvez l&rsquo;ACTU du REEL XV sur : <a href=\"https:\/\/www.reelxv.com\" target=\"_blank\" rel=\"noopener noreferrer\">https:\/\/www.reelxv.com<\/a><\/strong><\/li>\n<\/ul>\n<div id='gallery-1' class='gallery galleryid-57716 gallery-columns-3 gallery-size-thumbnail'><figure class='gallery-item'>\n\t\t\t<div class='gallery-icon landscape'>\n\t\t\t\t<a href='https:\/\/newsestlyonnais.fr\/site\/2018\/10\/05\/genas-le-reel-xv-a-lance-son-cercle-de-partenaires\/newsestlyonnais-soiree-reel-xv-02\/'><img loading=\"lazy\" decoding=\"async\" width=\"150\" height=\"150\" src=\"https:\/\/newsestlyonnais.fr\/site\/wp-content\/uploads\/2018\/10\/NEWSESTLYONNAIS-SOIREE-REEL-XV-02-150x150.jpg\" class=\"attachment-thumbnail size-thumbnail\" alt=\"NEWSESTLYONNAIS SOIREE REEL XV 02\" aria-describedby=\"gallery-1-57876\" \/><\/a>\n\t\t\t<\/div>\n\t\t\t\t<figcaption class='wp-caption-text gallery-caption' id='gallery-1-57876'>\n\t\t\t\tMaires et adjoints des communes de l&rsquo;Est Lyonnais, pr\u00e9sents lors de cette soir\u00e9e  \n\t\t\t\t<\/figcaption><\/figure><figure class='gallery-item'>\n\t\t\t<div class='gallery-icon landscape'>\n\t\t\t\t<a href='https:\/\/newsestlyonnais.fr\/site\/2018\/10\/05\/genas-le-reel-xv-a-lance-son-cercle-de-partenaires\/newsestlyonnais-soiree-reel-xv-04\/'><img loading=\"lazy\" decoding=\"async\" width=\"150\" height=\"150\" src=\"https:\/\/newsestlyonnais.fr\/site\/wp-content\/uploads\/2018\/10\/NEWSESTLYONNAIS-SOIREE-REEL-XV-04-150x150.jpg\" class=\"attachment-thumbnail size-thumbnail\" alt=\"\" aria-describedby=\"gallery-1-57918\" \/><\/a>\n\t\t\t<\/div>\n\t\t\t\t<figcaption class='wp-caption-text gallery-caption' id='gallery-1-57918'>\n\t\t\t\tIntervention du pr\u00e9sident Jean-Jacques Ollivieri \n\t\t\t\t<\/figcaption><\/figure><figure class='gallery-item'>\n\t\t\t<div class='gallery-icon landscape'>\n\t\t\t\t<a href='https:\/\/newsestlyonnais.fr\/site\/2018\/10\/05\/genas-le-reel-xv-a-lance-son-cercle-de-partenaires\/newsestlyonnais-soiree-part-reel-xv-06\/'><img loading=\"lazy\" decoding=\"async\" width=\"150\" height=\"150\" src=\"https:\/\/newsestlyonnais.fr\/site\/wp-content\/uploads\/2018\/10\/NEWSESTLYONNAIS-SOIREE-PART-REEL-XV-06-150x150.jpg\" class=\"attachment-thumbnail size-thumbnail\" alt=\"\" aria-describedby=\"gallery-1-57919\" \/><\/a>\n\t\t\t<\/div>\n\t\t\t\t<figcaption class='wp-caption-text gallery-caption' id='gallery-1-57919'>\n\t\t\t\tInterventions des membres des commissions partenariat et communication\n\t\t\t\t<\/figcaption><\/figure><figure class='gallery-item'>\n\t\t\t<div class='gallery-icon landscape'>\n\t\t\t\t<a href='https:\/\/newsestlyonnais.fr\/site\/2018\/10\/05\/genas-le-reel-xv-a-lance-son-cercle-de-partenaires\/newsestlyonnais-soiree-reel-xv-03\/'><img loading=\"lazy\" decoding=\"async\" width=\"150\" height=\"150\" src=\"https:\/\/newsestlyonnais.fr\/site\/wp-content\/uploads\/2018\/10\/NEWSESTLYONNAIS-SOIREE-REEL-XV-03-150x150.jpg\" class=\"attachment-thumbnail size-thumbnail\" alt=\"NEWSESTLYONNAIS SOIREE REEL XV 03\" aria-describedby=\"gallery-1-57917\" \/><\/a>\n\t\t\t<\/div>\n\t\t\t\t<figcaption class='wp-caption-text gallery-caption' id='gallery-1-57917'>\n\t\t\t\tLes membres de la commission partenariat du REEL XV \n\t\t\t\t<\/figcaption><\/figure>\n\t\t<\/div>\n\n","protected":false},"excerpt":{"rendered":"<p>Ceci \u00e0 l&rsquo;occasion de la soir\u00e9e organis\u00e9e \u00e0 l&rsquo;H\u00f4tel Mercure \u00e0 laquelle \u00e9tait pr\u00e9sente la r\u00e9daction de Newsestlyonnais.fr.<\/p>\n","protected":false},"author":4,"featured_media":169827,"comment_status":"open","ping_status":"open","sticky":false,"template":"","format":"standard","meta":{"footnotes":""},"categories":[270,12,4,2996,1598,2999],"tags":[2005,3564,2305,2160],"class_list":["post-57716","post","type-post","status-publish","format-standard","has-post-thumbnail","hentry","category-cte-de-communes-c-c-e-l","category-entreprises","category-evenements-divers","category-football-rugby","category-genas","category-rugby-a-xv-sports","tag-genas","tag-partenaire","tag-reel-xv","tag-rugby-a-xv"],"yoast_head":"<!-- This site is optimized with the Yoast SEO plugin v27.2 - https:\/\/yoast.com\/product\/yoast-seo-wordpress\/ -->\n<title>GENAS : RUGBY : Le REEL XV a lanc\u00e9 son cercle de partenaires<\/title>\n<meta name=\"description\" content=\"GENAS | Le REEL XV a lanc\u00e9 son cercle de partenaires\" \/>\n<meta name=\"robots\" content=\"index, follow, max-snippet:-1, max-image-preview:large, max-video-preview:-1\" \/>\n<link rel=\"canonical\" href=\"https:\/\/newsestlyonnais.fr\/site\/2018\/10\/05\/genas-le-reel-xv-a-lance-son-cercle-de-partenaires\/\" \/>\n<meta property=\"og:locale\" content=\"fr_FR\" \/>\n<meta property=\"og:type\" content=\"article\" \/>\n<meta property=\"og:title\" content=\"GENAS : RUGBY : Le REEL XV a lanc\u00e9 son cercle de partenaires\" \/>\n<meta property=\"og:description\" content=\"GENAS | Le REEL XV a lanc\u00e9 son cercle de partenaires\" \/>\n<meta property=\"og:url\" content=\"https:\/\/newsestlyonnais.fr\/site\/2018\/10\/05\/genas-le-reel-xv-a-lance-son-cercle-de-partenaires\/\" \/>\n<meta property=\"og:site_name\" content=\"News Est Lyonnais\" \/>\n<meta property=\"article:author\" content=\"https:\/\/www.facebook.com\/pascal.oberson.1?fref=ts\" \/>\n<meta property=\"article:published_time\" content=\"2018-10-05T11:56:36+00:00\" \/>\n<meta property=\"article:modified_time\" content=\"2022-11-24T16:43:43+00:00\" \/>\n<meta property=\"og:image\" content=\"https:\/\/newsestlyonnais.fr\/site\/wp-content\/uploads\/2018\/10\/NEWSESTLYONNAIS-SOIREE-PART-REEL-XV-01.jpg\" \/>\n\t<meta property=\"og:image:width\" content=\"1200\" \/>\n\t<meta property=\"og:image:height\" content=\"900\" \/>\n\t<meta property=\"og:image:type\" content=\"image\/jpeg\" \/>\n<meta name=\"author\" content=\"R\u00e9dac. NEWS\" \/>\n<meta name=\"twitter:card\" content=\"summary_large_image\" \/>\n<meta name=\"twitter:label1\" content=\"\u00c9crit par\" \/>\n\t<meta name=\"twitter:data1\" content=\"R\u00e9dac. NEWS\" \/>\n\t<meta name=\"twitter:label2\" content=\"Dur\u00e9e de lecture estim\u00e9e\" \/>\n\t<meta name=\"twitter:data2\" content=\"1 minute\" \/>\n<script type=\"application\/ld+json\" class=\"yoast-schema-graph\">{\"@context\":\"https:\/\/schema.org\",\"@graph\":[{\"@type\":\"Article\",\"@id\":\"https:\/\/newsestlyonnais.fr\/site\/2018\/10\/05\/genas-le-reel-xv-a-lance-son-cercle-de-partenaires\/#article\",\"isPartOf\":{\"@id\":\"https:\/\/newsestlyonnais.fr\/site\/2018\/10\/05\/genas-le-reel-xv-a-lance-son-cercle-de-partenaires\/\"},\"author\":{\"name\":\"R\u00e9dac. NEWS\",\"@id\":\"https:\/\/newsestlyonnais.fr\/site\/#\/schema\/person\/3230d5615f390bb808365d673001e887\"},\"headline\":\"GENAS | Le REEL XV a lanc\u00e9 son cercle de partenaires\",\"datePublished\":\"2018-10-05T11:56:36+00:00\",\"dateModified\":\"2022-11-24T16:43:43+00:00\",\"mainEntityOfPage\":{\"@id\":\"https:\/\/newsestlyonnais.fr\/site\/2018\/10\/05\/genas-le-reel-xv-a-lance-son-cercle-de-partenaires\/\"},\"wordCount\":179,\"commentCount\":0,\"publisher\":{\"@id\":\"https:\/\/newsestlyonnais.fr\/site\/#organization\"},\"image\":{\"@id\":\"https:\/\/newsestlyonnais.fr\/site\/2018\/10\/05\/genas-le-reel-xv-a-lance-son-cercle-de-partenaires\/#primaryimage\"},\"thumbnailUrl\":\"https:\/\/newsestlyonnais.fr\/site\/wp-content\/uploads\/2018\/10\/NEWSESTLYONNAIS-SOIREE-PART-REEL-XV-01.jpg\",\"keywords\":[\"GENAS\",\"partenaire\",\"REEL XV\",\"RUGBY \u00e0 XV\"],\"articleSection\":[\"CCEL | Communes\",\"Entreprises\",\"Ev\u00e8nements divers\",\"Foot | Rugby\",\"Genas\",\"Rugby \u00e0 XV\"],\"inLanguage\":\"fr-FR\",\"potentialAction\":[{\"@type\":\"CommentAction\",\"name\":\"Comment\",\"target\":[\"https:\/\/newsestlyonnais.fr\/site\/2018\/10\/05\/genas-le-reel-xv-a-lance-son-cercle-de-partenaires\/#respond\"]}]},{\"@type\":\"WebPage\",\"@id\":\"https:\/\/newsestlyonnais.fr\/site\/2018\/10\/05\/genas-le-reel-xv-a-lance-son-cercle-de-partenaires\/\",\"url\":\"https:\/\/newsestlyonnais.fr\/site\/2018\/10\/05\/genas-le-reel-xv-a-lance-son-cercle-de-partenaires\/\",\"name\":\"GENAS : RUGBY : Le REEL XV a lanc\u00e9 son cercle de partenaires\",\"isPartOf\":{\"@id\":\"https:\/\/newsestlyonnais.fr\/site\/#website\"},\"primaryImageOfPage\":{\"@id\":\"https:\/\/newsestlyonnais.fr\/site\/2018\/10\/05\/genas-le-reel-xv-a-lance-son-cercle-de-partenaires\/#primaryimage\"},\"image\":{\"@id\":\"https:\/\/newsestlyonnais.fr\/site\/2018\/10\/05\/genas-le-reel-xv-a-lance-son-cercle-de-partenaires\/#primaryimage\"},\"thumbnailUrl\":\"https:\/\/newsestlyonnais.fr\/site\/wp-content\/uploads\/2018\/10\/NEWSESTLYONNAIS-SOIREE-PART-REEL-XV-01.jpg\",\"datePublished\":\"2018-10-05T11:56:36+00:00\",\"dateModified\":\"2022-11-24T16:43:43+00:00\",\"description\":\"GENAS | Le REEL XV a lanc\u00e9 son cercle de partenaires\",\"breadcrumb\":{\"@id\":\"https:\/\/newsestlyonnais.fr\/site\/2018\/10\/05\/genas-le-reel-xv-a-lance-son-cercle-de-partenaires\/#breadcrumb\"},\"inLanguage\":\"fr-FR\",\"potentialAction\":[{\"@type\":\"ReadAction\",\"target\":[\"https:\/\/newsestlyonnais.fr\/site\/2018\/10\/05\/genas-le-reel-xv-a-lance-son-cercle-de-partenaires\/\"]}]},{\"@type\":\"ImageObject\",\"inLanguage\":\"fr-FR\",\"@id\":\"https:\/\/newsestlyonnais.fr\/site\/2018\/10\/05\/genas-le-reel-xv-a-lance-son-cercle-de-partenaires\/#primaryimage\",\"url\":\"https:\/\/newsestlyonnais.fr\/site\/wp-content\/uploads\/2018\/10\/NEWSESTLYONNAIS-SOIREE-PART-REEL-XV-01.jpg\",\"contentUrl\":\"https:\/\/newsestlyonnais.fr\/site\/wp-content\/uploads\/2018\/10\/NEWSESTLYONNAIS-SOIREE-PART-REEL-XV-01.jpg\",\"width\":1200,\"height\":900},{\"@type\":\"BreadcrumbList\",\"@id\":\"https:\/\/newsestlyonnais.fr\/site\/2018\/10\/05\/genas-le-reel-xv-a-lance-son-cercle-de-partenaires\/#breadcrumb\",\"itemListElement\":[{\"@type\":\"ListItem\",\"position\":1,\"name\":\"Accueil\",\"item\":\"https:\/\/newsestlyonnais.fr\/site\/\"},{\"@type\":\"ListItem\",\"position\":2,\"name\":\"GENAS | Le REEL XV a lanc\u00e9 son cercle de partenaires\"}]},{\"@type\":\"WebSite\",\"@id\":\"https:\/\/newsestlyonnais.fr\/site\/#website\",\"url\":\"https:\/\/newsestlyonnais.fr\/site\/\",\"name\":\"News Est Lyonnais\",\"description\":\"L&#039;actualit\u00e9 au plus pr\u00e8s\",\"publisher\":{\"@id\":\"https:\/\/newsestlyonnais.fr\/site\/#organization\"},\"potentialAction\":[{\"@type\":\"SearchAction\",\"target\":{\"@type\":\"EntryPoint\",\"urlTemplate\":\"https:\/\/newsestlyonnais.fr\/site\/?s={search_term_string}\"},\"query-input\":{\"@type\":\"PropertyValueSpecification\",\"valueRequired\":true,\"valueName\":\"search_term_string\"}}],\"inLanguage\":\"fr-FR\"},{\"@type\":\"Organization\",\"@id\":\"https:\/\/newsestlyonnais.fr\/site\/#organization\",\"name\":\"News EST LYONNAIS\",\"url\":\"https:\/\/newsestlyonnais.fr\/site\/\",\"logo\":{\"@type\":\"ImageObject\",\"inLanguage\":\"fr-FR\",\"@id\":\"https:\/\/newsestlyonnais.fr\/site\/#\/schema\/logo\/image\/\",\"url\":\"\",\"contentUrl\":\"\",\"caption\":\"News EST LYONNAIS\"},\"image\":{\"@id\":\"https:\/\/newsestlyonnais.fr\/site\/#\/schema\/logo\/image\/\"}},{\"@type\":\"Person\",\"@id\":\"https:\/\/newsestlyonnais.fr\/site\/#\/schema\/person\/3230d5615f390bb808365d673001e887\",\"name\":\"R\u00e9dac. NEWS\",\"sameAs\":[\"http:\/\/www.newsestlyonnais.fr\",\"https:\/\/www.facebook.com\/pascal.oberson.1?fref=ts\",\"https:\/\/fr.linkedin.com\/in\/pascal-oberson-b17045113\"],\"url\":\"https:\/\/newsestlyonnais.fr\/site\/author\/nel\/\"}]}<\/script>\n<!-- \/ Yoast SEO plugin. -->","yoast_head_json":{"title":"GENAS : RUGBY : Le REEL XV a lanc\u00e9 son cercle de partenaires","description":"GENAS | Le REEL XV a lanc\u00e9 son cercle de partenaires","robots":{"index":"index","follow":"follow","max-snippet":"max-snippet:-1","max-image-preview":"max-image-preview:large","max-video-preview":"max-video-preview:-1"},"canonical":"https:\/\/newsestlyonnais.fr\/site\/2018\/10\/05\/genas-le-reel-xv-a-lance-son-cercle-de-partenaires\/","og_locale":"fr_FR","og_type":"article","og_title":"GENAS : RUGBY : Le REEL XV a lanc\u00e9 son cercle de partenaires","og_description":"GENAS | Le REEL XV a lanc\u00e9 son cercle de partenaires","og_url":"https:\/\/newsestlyonnais.fr\/site\/2018\/10\/05\/genas-le-reel-xv-a-lance-son-cercle-de-partenaires\/","og_site_name":"News Est Lyonnais","article_author":"https:\/\/www.facebook.com\/pascal.oberson.1?fref=ts","article_published_time":"2018-10-05T11:56:36+00:00","article_modified_time":"2022-11-24T16:43:43+00:00","og_image":[{"width":1200,"height":900,"url":"https:\/\/newsestlyonnais.fr\/site\/wp-content\/uploads\/2018\/10\/NEWSESTLYONNAIS-SOIREE-PART-REEL-XV-01.jpg","type":"image\/jpeg"}],"author":"R\u00e9dac. NEWS","twitter_card":"summary_large_image","twitter_misc":{"\u00c9crit par":"R\u00e9dac. NEWS","Dur\u00e9e de lecture estim\u00e9e":"1 minute"},"schema":{"@context":"https:\/\/schema.org","@graph":[{"@type":"Article","@id":"https:\/\/newsestlyonnais.fr\/site\/2018\/10\/05\/genas-le-reel-xv-a-lance-son-cercle-de-partenaires\/#article","isPartOf":{"@id":"https:\/\/newsestlyonnais.fr\/site\/2018\/10\/05\/genas-le-reel-xv-a-lance-son-cercle-de-partenaires\/"},"author":{"name":"R\u00e9dac. NEWS","@id":"https:\/\/newsestlyonnais.fr\/site\/#\/schema\/person\/3230d5615f390bb808365d673001e887"},"headline":"GENAS | Le REEL XV a lanc\u00e9 son cercle de partenaires","datePublished":"2018-10-05T11:56:36+00:00","dateModified":"2022-11-24T16:43:43+00:00","mainEntityOfPage":{"@id":"https:\/\/newsestlyonnais.fr\/site\/2018\/10\/05\/genas-le-reel-xv-a-lance-son-cercle-de-partenaires\/"},"wordCount":179,"commentCount":0,"publisher":{"@id":"https:\/\/newsestlyonnais.fr\/site\/#organization"},"image":{"@id":"https:\/\/newsestlyonnais.fr\/site\/2018\/10\/05\/genas-le-reel-xv-a-lance-son-cercle-de-partenaires\/#primaryimage"},"thumbnailUrl":"https:\/\/newsestlyonnais.fr\/site\/wp-content\/uploads\/2018\/10\/NEWSESTLYONNAIS-SOIREE-PART-REEL-XV-01.jpg","keywords":["GENAS","partenaire","REEL XV","RUGBY \u00e0 XV"],"articleSection":["CCEL | Communes","Entreprises","Ev\u00e8nements divers","Foot | Rugby","Genas","Rugby \u00e0 XV"],"inLanguage":"fr-FR","potentialAction":[{"@type":"CommentAction","name":"Comment","target":["https:\/\/newsestlyonnais.fr\/site\/2018\/10\/05\/genas-le-reel-xv-a-lance-son-cercle-de-partenaires\/#respond"]}]},{"@type":"WebPage","@id":"https:\/\/newsestlyonnais.fr\/site\/2018\/10\/05\/genas-le-reel-xv-a-lance-son-cercle-de-partenaires\/","url":"https:\/\/newsestlyonnais.fr\/site\/2018\/10\/05\/genas-le-reel-xv-a-lance-son-cercle-de-partenaires\/","name":"GENAS : RUGBY : Le REEL XV a lanc\u00e9 son cercle de partenaires","isPartOf":{"@id":"https:\/\/newsestlyonnais.fr\/site\/#website"},"primaryImageOfPage":{"@id":"https:\/\/newsestlyonnais.fr\/site\/2018\/10\/05\/genas-le-reel-xv-a-lance-son-cercle-de-partenaires\/#primaryimage"},"image":{"@id":"https:\/\/newsestlyonnais.fr\/site\/2018\/10\/05\/genas-le-reel-xv-a-lance-son-cercle-de-partenaires\/#primaryimage"},"thumbnailUrl":"https:\/\/newsestlyonnais.fr\/site\/wp-content\/uploads\/2018\/10\/NEWSESTLYONNAIS-SOIREE-PART-REEL-XV-01.jpg","datePublished":"2018-10-05T11:56:36+00:00","dateModified":"2022-11-24T16:43:43+00:00","description":"GENAS | Le REEL XV a lanc\u00e9 son cercle de partenaires","breadcrumb":{"@id":"https:\/\/newsestlyonnais.fr\/site\/2018\/10\/05\/genas-le-reel-xv-a-lance-son-cercle-de-partenaires\/#breadcrumb"},"inLanguage":"fr-FR","potentialAction":[{"@type":"ReadAction","target":["https:\/\/newsestlyonnais.fr\/site\/2018\/10\/05\/genas-le-reel-xv-a-lance-son-cercle-de-partenaires\/"]}]},{"@type":"ImageObject","inLanguage":"fr-FR","@id":"https:\/\/newsestlyonnais.fr\/site\/2018\/10\/05\/genas-le-reel-xv-a-lance-son-cercle-de-partenaires\/#primaryimage","url":"https:\/\/newsestlyonnais.fr\/site\/wp-content\/uploads\/2018\/10\/NEWSESTLYONNAIS-SOIREE-PART-REEL-XV-01.jpg","contentUrl":"https:\/\/newsestlyonnais.fr\/site\/wp-content\/uploads\/2018\/10\/NEWSESTLYONNAIS-SOIREE-PART-REEL-XV-01.jpg","width":1200,"height":900},{"@type":"BreadcrumbList","@id":"https:\/\/newsestlyonnais.fr\/site\/2018\/10\/05\/genas-le-reel-xv-a-lance-son-cercle-de-partenaires\/#breadcrumb","itemListElement":[{"@type":"ListItem","position":1,"name":"Accueil","item":"https:\/\/newsestlyonnais.fr\/site\/"},{"@type":"ListItem","position":2,"name":"GENAS | Le REEL XV a lanc\u00e9 son cercle de partenaires"}]},{"@type":"WebSite","@id":"https:\/\/newsestlyonnais.fr\/site\/#website","url":"https:\/\/newsestlyonnais.fr\/site\/","name":"News Est Lyonnais","description":"L&#039;actualit\u00e9 au plus pr\u00e8s","publisher":{"@id":"https:\/\/newsestlyonnais.fr\/site\/#organization"},"potentialAction":[{"@type":"SearchAction","target":{"@type":"EntryPoint","urlTemplate":"https:\/\/newsestlyonnais.fr\/site\/?s={search_term_string}"},"query-input":{"@type":"PropertyValueSpecification","valueRequired":true,"valueName":"search_term_string"}}],"inLanguage":"fr-FR"},{"@type":"Organization","@id":"https:\/\/newsestlyonnais.fr\/site\/#organization","name":"News EST LYONNAIS","url":"https:\/\/newsestlyonnais.fr\/site\/","logo":{"@type":"ImageObject","inLanguage":"fr-FR","@id":"https:\/\/newsestlyonnais.fr\/site\/#\/schema\/logo\/image\/","url":"","contentUrl":"","caption":"News EST LYONNAIS"},"image":{"@id":"https:\/\/newsestlyonnais.fr\/site\/#\/schema\/logo\/image\/"}},{"@type":"Person","@id":"https:\/\/newsestlyonnais.fr\/site\/#\/schema\/person\/3230d5615f390bb808365d673001e887","name":"R\u00e9dac. NEWS","sameAs":["http:\/\/www.newsestlyonnais.fr","https:\/\/www.facebook.com\/pascal.oberson.1?fref=ts","https:\/\/fr.linkedin.com\/in\/pascal-oberson-b17045113"],"url":"https:\/\/newsestlyonnais.fr\/site\/author\/nel\/"}]}},"_links":{"self":[{"href":"https:\/\/newsestlyonnais.fr\/site\/wp-json\/wp\/v2\/posts\/57716","targetHints":{"allow":["GET"]}}],"collection":[{"href":"https:\/\/newsestlyonnais.fr\/site\/wp-json\/wp\/v2\/posts"}],"about":[{"href":"https:\/\/newsestlyonnais.fr\/site\/wp-json\/wp\/v2\/types\/post"}],"author":[{"embeddable":true,"href":"https:\/\/newsestlyonnais.fr\/site\/wp-json\/wp\/v2\/users\/4"}],"replies":[{"embeddable":true,"href":"https:\/\/newsestlyonnais.fr\/site\/wp-json\/wp\/v2\/comments?post=57716"}],"version-history":[{"count":0,"href":"https:\/\/newsestlyonnais.fr\/site\/wp-json\/wp\/v2\/posts\/57716\/revisions"}],"wp:featuredmedia":[{"embeddable":true,"href":"https:\/\/newsestlyonnais.fr\/site\/wp-json\/wp\/v2\/media\/169827"}],"wp:attachment":[{"href":"https:\/\/newsestlyonnais.fr\/site\/wp-json\/wp\/v2\/media?parent=57716"}],"wp:term":[{"taxonomy":"category","embeddable":true,"href":"https:\/\/newsestlyonnais.fr\/site\/wp-json\/wp\/v2\/categories?post=57716"},{"taxonomy":"post_tag","embeddable":true,"href":"https:\/\/newsestlyonnais.fr\/site\/wp-json\/wp\/v2\/tags?post=57716"}],"curies":[{"name":"wp","href":"https:\/\/api.w.org\/{rel}","templated":true}]}}