{"id":57724,"date":"2018-10-05T13:40:57","date_gmt":"2018-10-05T12:40:57","guid":{"rendered":"http:\/\/newsestlyonnais.fr\/site\/?p=57724"},"modified":"2020-11-11T14:20:43","modified_gmt":"2020-11-11T13:20:43","slug":"decines-2-version-lyonnaise-de-la-course-de-la-diversite","status":"publish","type":"post","link":"https:\/\/newsestlyonnais.fr\/site\/2018\/10\/05\/decines-2-version-lyonnaise-de-la-course-de-la-diversite\/","title":{"rendered":"DECINES | 2\u00b0 version lyonnaise de la Course de la Diversit\u00e9"},"content":{"rendered":"<h5>Cet \u00e9v\u00e9nement f\u00e9d\u00e9rateur organis\u00e9 par la ligue Auvergne-Rh\u00f4ne-Alpes de la FF Sport en entreprise (FFSE) et le club d\u2019entreprises FACE Grand Lyon a pour but de r\u00e9unir entreprises, organisations et particuliers autour de la<br \/>\nth\u00e9matique de la Diversit\u00e9.<\/h5>\n<p>Les b\u00e9n\u00e9fices permettront le financement de CV vid\u00e9o \u00e0 destination des personnes sujettes \u00e0 la discrimination dans leur d\u00e9marche de recherche d\u2019emploi. <strong>L\u2019\u00e9galit\u00e9 des chances, le ma\u00eetre mot de la course !<\/strong><\/p>\n<p><strong><span style=\"text-decoration: underline\">2 parcours au choix propos\u00e9s<\/span> : 3 km ou 6 km avec la possibilit\u00e9 de marcher ou de courir en solo ou en duo.<\/strong><\/p>\n<p>Une configuration permettant une accessibilit\u00e9 pour tous, d\u2019autant plus qu\u2019<span style=\"text-decoration: underline\">aucun niveau n\u2019est requis pour participer<\/span>.<br \/>\nLa participation <span style=\"text-decoration: underline\">en duo consiste \u00e0 former un bin\u00f4me<\/span> avec un.e collaborateur.rice de son choix en s\u2019appuyant sur <strong>4 th\u00e8mes phares :<\/strong><\/p>\n<ul>\n<li>Mixit\u00e9<\/li>\n<li>Handicap<\/li>\n<li>Interg\u00e9n\u00e9rationnel<\/li>\n<li>Libre (\u00e9tonner les organisateurs avec un duo qui refl\u00e8te sa propre perception de la diversit\u00e9 !)<\/li>\n<\/ul>\n<p><span style=\"text-decoration: underline\">Ouverte \u00e0 toutes et \u00e0 tous, et principalement destin\u00e9e aux salari\u00e9.e.s et dirigeant.e.s d\u2019entreprises,<\/span><\/p>\n<p>La Course de la Diversit\u00e9 r\u00e9pond \u00e0 divers enjeux pour les entreprises :<\/p>\n<ul>\n<li>&#8211; Valoriser le partage d\u2019une politique RSE en mobilisant les salari\u00e9.e.s pour d\u00e9velopper et\/ou<br \/>\nentretenir le sentiment d\u2019appartenance<br \/>\n&#8211; Promouvoir l\u2019implication et l\u2019engagement de l\u2019entreprise vis-\u00e0-vis des collaborateurs, \u00e0 travers<br \/>\ndes inscriptions en duos<br \/>\n&#8211; Donner du sens<br \/>\n&#8211; Communiquer en interne<\/li>\n<\/ul>\n<p><strong><span style=\"text-decoration: underline\">NOTA<\/span> : L\u2019\u00e9dition 2017<\/strong> avait \u00e9t\u00e9 une grande r\u00e9ussite avec plus de <strong>400 participant.e.s de 32 structures<\/strong> professionnelles diff\u00e9rentes et un <strong>taux de satisfaction de 80 %<\/strong> !<\/p>\n<p>Au-del\u00e0 d\u2019un challenge, la Course de la Diversit\u00e9 est un \u00e9v\u00e8nement permettant aux participant.e.s de courir ensemble mais \u00e9galement d\u2019\u00eatre sensibilis\u00e9.e.s \u00e0 la diversit\u00e9, au handicap et au bien-\u00eatre au travail \u00e0 travers <strong>un village d\u2019 animations.<\/strong><br \/>\nDans ce village, vous trouverez des animations ludiques, des sensibilisations mais aussi des mises en situation et de la pratique handisport et sport adapt\u00e9. <span style=\"text-decoration: underline\">Exemples d\u2019ateliers qui seront propos\u00e9s<\/span> :<\/p>\n<ul>\n<li>Des d\u00e9monstrations handisports pour parler d\u2019adaptation et de performance avec des sportifs de haut niveau (tennis de table, basket fauteuil, c\u00e9cifoot, tir au laser)<\/li>\n<li>Le v\u00e9lo Smoothie pour parler de nutrition et d\u2019hygi\u00e8ne de vie<\/li>\n<li>Des espaces pour prendre soin de soi (ost\u00e9opathie, massage)<\/li>\n<li>Le jeu de l\u2019oie g\u00e9ant \u00ab Egalitemps \u00bb \u2026<\/li>\n<\/ul>\n<p>Les participant.e.s et supporters auront la chance de pouvoir \u00e9changer avec <strong>nos ambassadrices et<\/strong><br \/>\n<strong>ambassadeurs, sportif.ve.s de haut niveau<\/strong> : R\u00e9my Vercoutre, Patrice Martin, Camille FRISON, Cl\u00e9ment<br \/>\nCOLOMBY, Manon DOYELLE, Armand THOINET, Serge PARFAIT, Hacine CHERIFI, Christian LEGLEN,<br \/>\nVincent DALLARD, Olivier GENTILINI, et bien d\u2019autres encore !<\/p>\n<p><span style=\"text-decoration: underline\"><strong><em>LE PROGRAMME<\/em><\/strong><\/span> :<\/p>\n<ul>\n<li>12 h : Retrait des dossards et ouverture du village d\u2019animations<\/li>\n<li>12 h \u00e0 17 h : Animations en continu dans le village<\/li>\n<li>13 h 45 : Echauffement collectif<\/li>\n<li>14 h : Top d\u00e9part des courses !<\/li>\n<\/ul>\n","protected":false},"excerpt":{"rendered":"<p>Cet \u00e9v\u00e9nement f\u00e9d\u00e9rateur organis\u00e9 par la ligue Auvergne-Rh\u00f4ne-Alpes de la FF Sport en entreprise (FFSE) et le club d\u2019entreprises FACE Grand Lyon a pour but de r\u00e9unir entreprises, organisations et particuliers autour de la th\u00e9matique de la Diversit\u00e9. Les b\u00e9n\u00e9fices permettront le financement de CV vid\u00e9o \u00e0 destination des personnes sujettes \u00e0 la discrimination dans [&hellip;]<\/p>\n","protected":false},"author":4,"featured_media":57574,"comment_status":"open","ping_status":"open","sticky":false,"template":"","format":"standard","meta":{"footnotes":""},"categories":[2968,21,18],"tags":[],"class_list":["post-57724","post","type-post","status-publish","format-standard","has-post-thumbnail","hentry","category-athle-course-pied-marche","category-decines-charpieu","category-sante-bien-etre-solidarite"],"yoast_head":"<!-- This site is optimized with the Yoast SEO plugin v27.2 - https:\/\/yoast.com\/product\/yoast-seo-wordpress\/ -->\n<title>DECINES : 2\u00b0 version lyonnaise de la Course de la Diversit\u00e9, vendredi 12 octobre au Groupama Stadium<\/title>\n<meta name=\"description\" content=\"DECINES : 2\u00b0 version lyonnaise de la Course de la Diversit\u00e9, vendredi 12 octobre au Groupama Stadium\" \/>\n<meta name=\"robots\" content=\"index, follow, max-snippet:-1, max-image-preview:large, max-video-preview:-1\" \/>\n<link rel=\"canonical\" href=\"https:\/\/newsestlyonnais.fr\/site\/2018\/10\/05\/decines-2-version-lyonnaise-de-la-course-de-la-diversite\/\" \/>\n<meta property=\"og:locale\" content=\"fr_FR\" \/>\n<meta property=\"og:type\" content=\"article\" \/>\n<meta property=\"og:title\" content=\"DECINES : 2\u00b0 version lyonnaise de la Course de la Diversit\u00e9, vendredi 12 octobre au Groupama Stadium\" \/>\n<meta property=\"og:description\" content=\"DECINES : 2\u00b0 version lyonnaise de la Course de la Diversit\u00e9, vendredi 12 octobre au Groupama Stadium\" \/>\n<meta property=\"og:url\" content=\"https:\/\/newsestlyonnais.fr\/site\/2018\/10\/05\/decines-2-version-lyonnaise-de-la-course-de-la-diversite\/\" \/>\n<meta property=\"og:site_name\" content=\"News Est Lyonnais\" \/>\n<meta property=\"article:author\" content=\"https:\/\/www.facebook.com\/pascal.oberson.1?fref=ts\" \/>\n<meta property=\"article:published_time\" content=\"2018-10-05T12:40:57+00:00\" \/>\n<meta property=\"article:modified_time\" content=\"2020-11-11T13:20:43+00:00\" \/>\n<meta property=\"og:image\" content=\"https:\/\/i2.wp.com\/newsestlyonnais.fr\/site\/wp-content\/uploads\/2018\/10\/NEWSESTLYONNAIS-COURSE-DIVERSITE-LYON-2018.jpg?fit=700%2C394&ssl=1\" \/>\n\t<meta property=\"og:image:width\" content=\"700\" \/>\n\t<meta property=\"og:image:height\" content=\"394\" \/>\n\t<meta property=\"og:image:type\" content=\"image\/jpeg\" \/>\n<meta name=\"author\" content=\"R\u00e9dac. NEWS\" \/>\n<meta name=\"twitter:card\" content=\"summary_large_image\" \/>\n<meta name=\"twitter:label1\" content=\"\u00c9crit par\" \/>\n\t<meta name=\"twitter:data1\" content=\"R\u00e9dac. NEWS\" \/>\n\t<meta name=\"twitter:label2\" content=\"Dur\u00e9e de lecture estim\u00e9e\" \/>\n\t<meta name=\"twitter:data2\" content=\"2 minutes\" \/>\n<script type=\"application\/ld+json\" class=\"yoast-schema-graph\">{\"@context\":\"https:\/\/schema.org\",\"@graph\":[{\"@type\":\"Article\",\"@id\":\"https:\/\/newsestlyonnais.fr\/site\/2018\/10\/05\/decines-2-version-lyonnaise-de-la-course-de-la-diversite\/#article\",\"isPartOf\":{\"@id\":\"https:\/\/newsestlyonnais.fr\/site\/2018\/10\/05\/decines-2-version-lyonnaise-de-la-course-de-la-diversite\/\"},\"author\":{\"name\":\"R\u00e9dac. NEWS\",\"@id\":\"https:\/\/newsestlyonnais.fr\/site\/#\/schema\/person\/3230d5615f390bb808365d673001e887\"},\"headline\":\"DECINES | 2\u00b0 version lyonnaise de la Course de la Diversit\u00e9\",\"datePublished\":\"2018-10-05T12:40:57+00:00\",\"dateModified\":\"2020-11-11T13:20:43+00:00\",\"mainEntityOfPage\":{\"@id\":\"https:\/\/newsestlyonnais.fr\/site\/2018\/10\/05\/decines-2-version-lyonnaise-de-la-course-de-la-diversite\/\"},\"wordCount\":495,\"commentCount\":0,\"publisher\":{\"@id\":\"https:\/\/newsestlyonnais.fr\/site\/#organization\"},\"image\":{\"@id\":\"https:\/\/newsestlyonnais.fr\/site\/2018\/10\/05\/decines-2-version-lyonnaise-de-la-course-de-la-diversite\/#primaryimage\"},\"thumbnailUrl\":\"https:\/\/newsestlyonnais.fr\/site\/wp-content\/uploads\/2018\/10\/NEWSESTLYONNAIS-COURSE-DIVERSITE-LYON-2018.jpg\",\"articleSection\":[\"Athl\u00e9 | Course pied | Marche\",\"D\u00e9cines-Charpieu\",\"Sant\u00e9 | Bien Etre | Solidarit\u00e9\"],\"inLanguage\":\"fr-FR\",\"potentialAction\":[{\"@type\":\"CommentAction\",\"name\":\"Comment\",\"target\":[\"https:\/\/newsestlyonnais.fr\/site\/2018\/10\/05\/decines-2-version-lyonnaise-de-la-course-de-la-diversite\/#respond\"]}]},{\"@type\":\"WebPage\",\"@id\":\"https:\/\/newsestlyonnais.fr\/site\/2018\/10\/05\/decines-2-version-lyonnaise-de-la-course-de-la-diversite\/\",\"url\":\"https:\/\/newsestlyonnais.fr\/site\/2018\/10\/05\/decines-2-version-lyonnaise-de-la-course-de-la-diversite\/\",\"name\":\"DECINES : 2\u00b0 version lyonnaise de la Course de la Diversit\u00e9, vendredi 12 octobre au Groupama Stadium\",\"isPartOf\":{\"@id\":\"https:\/\/newsestlyonnais.fr\/site\/#website\"},\"primaryImageOfPage\":{\"@id\":\"https:\/\/newsestlyonnais.fr\/site\/2018\/10\/05\/decines-2-version-lyonnaise-de-la-course-de-la-diversite\/#primaryimage\"},\"image\":{\"@id\":\"https:\/\/newsestlyonnais.fr\/site\/2018\/10\/05\/decines-2-version-lyonnaise-de-la-course-de-la-diversite\/#primaryimage\"},\"thumbnailUrl\":\"https:\/\/newsestlyonnais.fr\/site\/wp-content\/uploads\/2018\/10\/NEWSESTLYONNAIS-COURSE-DIVERSITE-LYON-2018.jpg\",\"datePublished\":\"2018-10-05T12:40:57+00:00\",\"dateModified\":\"2020-11-11T13:20:43+00:00\",\"description\":\"DECINES : 2\u00b0 version lyonnaise de la Course de la Diversit\u00e9, vendredi 12 octobre au Groupama Stadium\",\"breadcrumb\":{\"@id\":\"https:\/\/newsestlyonnais.fr\/site\/2018\/10\/05\/decines-2-version-lyonnaise-de-la-course-de-la-diversite\/#breadcrumb\"},\"inLanguage\":\"fr-FR\",\"potentialAction\":[{\"@type\":\"ReadAction\",\"target\":[\"https:\/\/newsestlyonnais.fr\/site\/2018\/10\/05\/decines-2-version-lyonnaise-de-la-course-de-la-diversite\/\"]}]},{\"@type\":\"ImageObject\",\"inLanguage\":\"fr-FR\",\"@id\":\"https:\/\/newsestlyonnais.fr\/site\/2018\/10\/05\/decines-2-version-lyonnaise-de-la-course-de-la-diversite\/#primaryimage\",\"url\":\"https:\/\/newsestlyonnais.fr\/site\/wp-content\/uploads\/2018\/10\/NEWSESTLYONNAIS-COURSE-DIVERSITE-LYON-2018.jpg\",\"contentUrl\":\"https:\/\/newsestlyonnais.fr\/site\/wp-content\/uploads\/2018\/10\/NEWSESTLYONNAIS-COURSE-DIVERSITE-LYON-2018.jpg\",\"width\":700,\"height\":394,\"caption\":\"L'affiche de l'\u00e9preuve\"},{\"@type\":\"BreadcrumbList\",\"@id\":\"https:\/\/newsestlyonnais.fr\/site\/2018\/10\/05\/decines-2-version-lyonnaise-de-la-course-de-la-diversite\/#breadcrumb\",\"itemListElement\":[{\"@type\":\"ListItem\",\"position\":1,\"name\":\"Accueil\",\"item\":\"https:\/\/newsestlyonnais.fr\/site\/\"},{\"@type\":\"ListItem\",\"position\":2,\"name\":\"DECINES | 2\u00b0 version lyonnaise de la Course de la Diversit\u00e9\"}]},{\"@type\":\"WebSite\",\"@id\":\"https:\/\/newsestlyonnais.fr\/site\/#website\",\"url\":\"https:\/\/newsestlyonnais.fr\/site\/\",\"name\":\"News Est Lyonnais\",\"description\":\"L&#039;actualit\u00e9 au plus pr\u00e8s\",\"publisher\":{\"@id\":\"https:\/\/newsestlyonnais.fr\/site\/#organization\"},\"potentialAction\":[{\"@type\":\"SearchAction\",\"target\":{\"@type\":\"EntryPoint\",\"urlTemplate\":\"https:\/\/newsestlyonnais.fr\/site\/?s={search_term_string}\"},\"query-input\":{\"@type\":\"PropertyValueSpecification\",\"valueRequired\":true,\"valueName\":\"search_term_string\"}}],\"inLanguage\":\"fr-FR\"},{\"@type\":\"Organization\",\"@id\":\"https:\/\/newsestlyonnais.fr\/site\/#organization\",\"name\":\"News EST LYONNAIS\",\"url\":\"https:\/\/newsestlyonnais.fr\/site\/\",\"logo\":{\"@type\":\"ImageObject\",\"inLanguage\":\"fr-FR\",\"@id\":\"https:\/\/newsestlyonnais.fr\/site\/#\/schema\/logo\/image\/\",\"url\":\"\",\"contentUrl\":\"\",\"caption\":\"News EST LYONNAIS\"},\"image\":{\"@id\":\"https:\/\/newsestlyonnais.fr\/site\/#\/schema\/logo\/image\/\"}},{\"@type\":\"Person\",\"@id\":\"https:\/\/newsestlyonnais.fr\/site\/#\/schema\/person\/3230d5615f390bb808365d673001e887\",\"name\":\"R\u00e9dac. NEWS\",\"sameAs\":[\"http:\/\/www.newsestlyonnais.fr\",\"https:\/\/www.facebook.com\/pascal.oberson.1?fref=ts\",\"https:\/\/fr.linkedin.com\/in\/pascal-oberson-b17045113\"],\"url\":\"https:\/\/newsestlyonnais.fr\/site\/author\/nel\/\"}]}<\/script>\n<!-- \/ Yoast SEO plugin. -->","yoast_head_json":{"title":"DECINES : 2\u00b0 version lyonnaise de la Course de la Diversit\u00e9, vendredi 12 octobre au Groupama Stadium","description":"DECINES : 2\u00b0 version lyonnaise de la Course de la Diversit\u00e9, vendredi 12 octobre au Groupama Stadium","robots":{"index":"index","follow":"follow","max-snippet":"max-snippet:-1","max-image-preview":"max-image-preview:large","max-video-preview":"max-video-preview:-1"},"canonical":"https:\/\/newsestlyonnais.fr\/site\/2018\/10\/05\/decines-2-version-lyonnaise-de-la-course-de-la-diversite\/","og_locale":"fr_FR","og_type":"article","og_title":"DECINES : 2\u00b0 version lyonnaise de la Course de la Diversit\u00e9, vendredi 12 octobre au Groupama Stadium","og_description":"DECINES : 2\u00b0 version lyonnaise de la Course de la Diversit\u00e9, vendredi 12 octobre au Groupama Stadium","og_url":"https:\/\/newsestlyonnais.fr\/site\/2018\/10\/05\/decines-2-version-lyonnaise-de-la-course-de-la-diversite\/","og_site_name":"News Est Lyonnais","article_author":"https:\/\/www.facebook.com\/pascal.oberson.1?fref=ts","article_published_time":"2018-10-05T12:40:57+00:00","article_modified_time":"2020-11-11T13:20:43+00:00","og_image":[{"width":700,"height":394,"url":"https:\/\/i2.wp.com\/newsestlyonnais.fr\/site\/wp-content\/uploads\/2018\/10\/NEWSESTLYONNAIS-COURSE-DIVERSITE-LYON-2018.jpg?fit=700%2C394&ssl=1","type":"image\/jpeg"}],"author":"R\u00e9dac. NEWS","twitter_card":"summary_large_image","twitter_misc":{"\u00c9crit par":"R\u00e9dac. NEWS","Dur\u00e9e de lecture estim\u00e9e":"2 minutes"},"schema":{"@context":"https:\/\/schema.org","@graph":[{"@type":"Article","@id":"https:\/\/newsestlyonnais.fr\/site\/2018\/10\/05\/decines-2-version-lyonnaise-de-la-course-de-la-diversite\/#article","isPartOf":{"@id":"https:\/\/newsestlyonnais.fr\/site\/2018\/10\/05\/decines-2-version-lyonnaise-de-la-course-de-la-diversite\/"},"author":{"name":"R\u00e9dac. NEWS","@id":"https:\/\/newsestlyonnais.fr\/site\/#\/schema\/person\/3230d5615f390bb808365d673001e887"},"headline":"DECINES | 2\u00b0 version lyonnaise de la Course de la Diversit\u00e9","datePublished":"2018-10-05T12:40:57+00:00","dateModified":"2020-11-11T13:20:43+00:00","mainEntityOfPage":{"@id":"https:\/\/newsestlyonnais.fr\/site\/2018\/10\/05\/decines-2-version-lyonnaise-de-la-course-de-la-diversite\/"},"wordCount":495,"commentCount":0,"publisher":{"@id":"https:\/\/newsestlyonnais.fr\/site\/#organization"},"image":{"@id":"https:\/\/newsestlyonnais.fr\/site\/2018\/10\/05\/decines-2-version-lyonnaise-de-la-course-de-la-diversite\/#primaryimage"},"thumbnailUrl":"https:\/\/newsestlyonnais.fr\/site\/wp-content\/uploads\/2018\/10\/NEWSESTLYONNAIS-COURSE-DIVERSITE-LYON-2018.jpg","articleSection":["Athl\u00e9 | Course pied | Marche","D\u00e9cines-Charpieu","Sant\u00e9 | Bien Etre | Solidarit\u00e9"],"inLanguage":"fr-FR","potentialAction":[{"@type":"CommentAction","name":"Comment","target":["https:\/\/newsestlyonnais.fr\/site\/2018\/10\/05\/decines-2-version-lyonnaise-de-la-course-de-la-diversite\/#respond"]}]},{"@type":"WebPage","@id":"https:\/\/newsestlyonnais.fr\/site\/2018\/10\/05\/decines-2-version-lyonnaise-de-la-course-de-la-diversite\/","url":"https:\/\/newsestlyonnais.fr\/site\/2018\/10\/05\/decines-2-version-lyonnaise-de-la-course-de-la-diversite\/","name":"DECINES : 2\u00b0 version lyonnaise de la Course de la Diversit\u00e9, vendredi 12 octobre au Groupama Stadium","isPartOf":{"@id":"https:\/\/newsestlyonnais.fr\/site\/#website"},"primaryImageOfPage":{"@id":"https:\/\/newsestlyonnais.fr\/site\/2018\/10\/05\/decines-2-version-lyonnaise-de-la-course-de-la-diversite\/#primaryimage"},"image":{"@id":"https:\/\/newsestlyonnais.fr\/site\/2018\/10\/05\/decines-2-version-lyonnaise-de-la-course-de-la-diversite\/#primaryimage"},"thumbnailUrl":"https:\/\/newsestlyonnais.fr\/site\/wp-content\/uploads\/2018\/10\/NEWSESTLYONNAIS-COURSE-DIVERSITE-LYON-2018.jpg","datePublished":"2018-10-05T12:40:57+00:00","dateModified":"2020-11-11T13:20:43+00:00","description":"DECINES : 2\u00b0 version lyonnaise de la Course de la Diversit\u00e9, vendredi 12 octobre au Groupama Stadium","breadcrumb":{"@id":"https:\/\/newsestlyonnais.fr\/site\/2018\/10\/05\/decines-2-version-lyonnaise-de-la-course-de-la-diversite\/#breadcrumb"},"inLanguage":"fr-FR","potentialAction":[{"@type":"ReadAction","target":["https:\/\/newsestlyonnais.fr\/site\/2018\/10\/05\/decines-2-version-lyonnaise-de-la-course-de-la-diversite\/"]}]},{"@type":"ImageObject","inLanguage":"fr-FR","@id":"https:\/\/newsestlyonnais.fr\/site\/2018\/10\/05\/decines-2-version-lyonnaise-de-la-course-de-la-diversite\/#primaryimage","url":"https:\/\/newsestlyonnais.fr\/site\/wp-content\/uploads\/2018\/10\/NEWSESTLYONNAIS-COURSE-DIVERSITE-LYON-2018.jpg","contentUrl":"https:\/\/newsestlyonnais.fr\/site\/wp-content\/uploads\/2018\/10\/NEWSESTLYONNAIS-COURSE-DIVERSITE-LYON-2018.jpg","width":700,"height":394,"caption":"L'affiche de l'\u00e9preuve"},{"@type":"BreadcrumbList","@id":"https:\/\/newsestlyonnais.fr\/site\/2018\/10\/05\/decines-2-version-lyonnaise-de-la-course-de-la-diversite\/#breadcrumb","itemListElement":[{"@type":"ListItem","position":1,"name":"Accueil","item":"https:\/\/newsestlyonnais.fr\/site\/"},{"@type":"ListItem","position":2,"name":"DECINES | 2\u00b0 version lyonnaise de la Course de la Diversit\u00e9"}]},{"@type":"WebSite","@id":"https:\/\/newsestlyonnais.fr\/site\/#website","url":"https:\/\/newsestlyonnais.fr\/site\/","name":"News Est Lyonnais","description":"L&#039;actualit\u00e9 au plus pr\u00e8s","publisher":{"@id":"https:\/\/newsestlyonnais.fr\/site\/#organization"},"potentialAction":[{"@type":"SearchAction","target":{"@type":"EntryPoint","urlTemplate":"https:\/\/newsestlyonnais.fr\/site\/?s={search_term_string}"},"query-input":{"@type":"PropertyValueSpecification","valueRequired":true,"valueName":"search_term_string"}}],"inLanguage":"fr-FR"},{"@type":"Organization","@id":"https:\/\/newsestlyonnais.fr\/site\/#organization","name":"News EST LYONNAIS","url":"https:\/\/newsestlyonnais.fr\/site\/","logo":{"@type":"ImageObject","inLanguage":"fr-FR","@id":"https:\/\/newsestlyonnais.fr\/site\/#\/schema\/logo\/image\/","url":"","contentUrl":"","caption":"News EST LYONNAIS"},"image":{"@id":"https:\/\/newsestlyonnais.fr\/site\/#\/schema\/logo\/image\/"}},{"@type":"Person","@id":"https:\/\/newsestlyonnais.fr\/site\/#\/schema\/person\/3230d5615f390bb808365d673001e887","name":"R\u00e9dac. NEWS","sameAs":["http:\/\/www.newsestlyonnais.fr","https:\/\/www.facebook.com\/pascal.oberson.1?fref=ts","https:\/\/fr.linkedin.com\/in\/pascal-oberson-b17045113"],"url":"https:\/\/newsestlyonnais.fr\/site\/author\/nel\/"}]}},"_links":{"self":[{"href":"https:\/\/newsestlyonnais.fr\/site\/wp-json\/wp\/v2\/posts\/57724","targetHints":{"allow":["GET"]}}],"collection":[{"href":"https:\/\/newsestlyonnais.fr\/site\/wp-json\/wp\/v2\/posts"}],"about":[{"href":"https:\/\/newsestlyonnais.fr\/site\/wp-json\/wp\/v2\/types\/post"}],"author":[{"embeddable":true,"href":"https:\/\/newsestlyonnais.fr\/site\/wp-json\/wp\/v2\/users\/4"}],"replies":[{"embeddable":true,"href":"https:\/\/newsestlyonnais.fr\/site\/wp-json\/wp\/v2\/comments?post=57724"}],"version-history":[{"count":0,"href":"https:\/\/newsestlyonnais.fr\/site\/wp-json\/wp\/v2\/posts\/57724\/revisions"}],"wp:featuredmedia":[{"embeddable":true,"href":"https:\/\/newsestlyonnais.fr\/site\/wp-json\/wp\/v2\/media\/57574"}],"wp:attachment":[{"href":"https:\/\/newsestlyonnais.fr\/site\/wp-json\/wp\/v2\/media?parent=57724"}],"wp:term":[{"taxonomy":"category","embeddable":true,"href":"https:\/\/newsestlyonnais.fr\/site\/wp-json\/wp\/v2\/categories?post=57724"},{"taxonomy":"post_tag","embeddable":true,"href":"https:\/\/newsestlyonnais.fr\/site\/wp-json\/wp\/v2\/tags?post=57724"}],"curies":[{"name":"wp","href":"https:\/\/api.w.org\/{rel}","templated":true}]}}