{"id":57740,"date":"2018-10-01T14:23:38","date_gmt":"2018-10-01T13:23:38","guid":{"rendered":"http:\/\/newsestlyonnais.fr\/site\/?p=57740"},"modified":"2020-11-20T15:59:34","modified_gmt":"2020-11-20T14:59:34","slug":"vaulx-en-velin-le-gratin-de-la-petanque-ce-week-end","status":"publish","type":"post","link":"https:\/\/newsestlyonnais.fr\/site\/2018\/10\/01\/vaulx-en-velin-le-gratin-de-la-petanque-ce-week-end\/","title":{"rendered":"VAULX-EN-VELIN | Le gratin de la p\u00e9tanque ce week-end"},"content":{"rendered":"<h5>La commune vaudaise sera durant 3 jours la capitale de la p\u00e9tanque \u00e0 l\u2019\u00e9chelle mondiale puisque 7 \u00e9quipes \u00e9trang\u00e8res sont attendues (Madagascar, Pays Bas, Portugal, Alg\u00e9rie, S\u00e9n\u00e9gal, Espagne et pour la premi\u00e8re fois le Cambodge).<\/h5>\n<p>Nous avons rencontr\u00e9 <strong>Fr\u00e9d\u00e9ric Veglione, pr\u00e9sident du club organisateur de l\u2019AS P\u00e9tanque Vaulx Village<\/strong>, \u00e0 quelques jours du lancer des premi\u00e8res boules de la comp\u00e9tition :<\/p>\n<ul>\n<li><strong>Comment se pr\u00e9sente cette 3\u00b0 \u00e9dition ? <\/strong>\u00a0\u00bb Tr\u00e8s bien puisque nous avons enregistr\u00e9 l\u2019inscription de 454 \u00e9quipes sur l\u2019 International avec 7 formations \u00e9trang\u00e8res. Et plusieurs nouveaut\u00e9s sont \u00e0 signaler cette ann\u00e9e !\u00a0\u00bb <strong><br \/>\n<\/strong><\/li>\n<\/ul>\n<ul>\n<li><strong>Et quelles sont ces nouveaut\u00e9s ? <\/strong>\u00ab\u00a0Au niveau de l\u2019organisation, il n\u2019 y aura plus de parties sur le plateau Rousseau mais la majorit\u00e9 d\u2019entre elles auront lieu sur le parking de la mairie. Des terrains de qualit\u00e9, assez\u00a0 techniques avec goudron et graviers. Quand \u00e0 l\u2019accueil, la capacit\u00e9 sera doubl\u00e9e puisque la tribune passera de 300 \u00e0 600 places assises !\u00a0\u00bb.<strong><br \/>\n<\/strong><\/li>\n<li><strong>Et au niveau sportif ?<\/strong> \u00a0\u00bb Ce concours est d\u00e9sormais qualificatif pour le \u00ab\u00a0Masters de P\u00e9tanque 2019\u00a0\u00bb et pour le circuit \u00ab\u00a0Passion P\u00e9tanque France \u00a0\u00bb (PPF) dont ce sera la 24\u00b0 des 25 \u00e9tapes. Ce sera incontestablement un plateau de qualit\u00e9 jamais vu \u00e0 Vaulx en Velin avec des joueurs qui viendront chercher des points avant le classement final annuel et des habitu\u00e9s de notre concours !\u00a0\u00bb.<\/li>\n<li><strong>Quels sont les grands noms \u00e0 l\u2019affiche pour ce 3\u00b0 \u00e9pisode de l\u2019International ? <\/strong>\u00ab\u00a0La triplette tenante du titre compos\u00e9e de Philippe Quintais\/Philippe Suchaud\/Jean Louis Cazemajou sera pr\u00e9sente. M\u00eame si Christian Fazzino a d\u00e9clin\u00e9 notre invitation, de grands champions seront pr\u00e9sents comme Tyson Molinas, Antoine Cano, Jean-Michel Puccinelli (vainqueur de La Marseillaise et des Masters), Michel Hatchadourian (champion de France 2016), Zvanko Radnic, sans oublier la g\u00e9n\u00e9ration montante (Sarrio, Malbec et Danaud). Dans les \u00e9quipes \u00e9trang\u00e8res, les Malgaches viendront en grand nombre avec 6 ou 7 \u00e9quipes et le Cambodge en tourn\u00e9e en France alignera une joueuse et un joueur champions du monde de tir de pr\u00e9cision !\u00a0\u00bb.<\/li>\n<li><strong>En parall\u00e8le de cet International d\u2019autres concours sont aussi pr\u00e9vus ?<\/strong> \u00a0\u00bb Oui un Grand Prix V\u00e9t\u00e9rans, challenge Roger Taillandier (ancien joueur du club) avec 128 triplettes attendues, le challenge Fran\u00e7oise Charbit, en hommage \u00e0 notre dirigeante disparue, un t\u00eate \u00e0 t\u00eate et un concours en triplettes mixtes. Enfin le Gentlemen de la Ville de Vaulx en Velin vendredi soir o\u00f9 nous attendons plusieurs anciens sportifs et 2 encore en activit\u00e9 ! \u00ab\u00a0.<\/li>\n<li><strong>Enfin combien de b\u00e9n\u00e9voles mobilis\u00e9s pour un tel \u00e9v\u00e8nement ? <\/strong>\u00ab\u00a0Plus de 80, des membres de l\u2019ASPVV mais aussi du Comit\u00e9 du Rh\u00f4ne de P\u00e9tanque, de l\u2019association des retrait\u00e9s de Vaulx en Velin, des clubs amis de la commune et de l\u2019Epide. sans compter l\u2019appui et le soutien de la Ville de Vaulx en Velin, de l\u2019OMS et nos nombreux partenaires publics et priv\u00e9s !\u00a0\u00bb. \u00a0<strong><br \/>\n<\/strong><\/li>\n<\/ul>\n<p><span style=\"text-decoration: underline\"><em><strong>Le 3\u00b0 International en chiffres<\/strong><\/em><\/span> : 454 \u00e9quipes, 7 formations nationales \u00e9trang\u00e8res, 80 b\u00e9n\u00e9voles mobilis\u00e9s, 227 jeux install\u00e9s.<\/p>\n<p><strong>PHOTO A LA UNE<\/strong> : Une partie de l\u2019\u00e9quipe organisatrice.<\/p>\n<div id='gallery-1' class='gallery galleryid-57740 gallery-columns-3 gallery-size-thumbnail'><figure class='gallery-item'>\n\t\t\t<div class='gallery-icon portrait'>\n\t\t\t\t<a href='https:\/\/newsestlyonnais.fr\/site\/newsestlyonnais-int-petanque-vaulx\/'><img loading=\"lazy\" decoding=\"async\" width=\"150\" height=\"150\" src=\"https:\/\/newsestlyonnais.fr\/site\/wp-content\/uploads\/2018\/07\/NEWSESTLYONNAIS-INT-PETANQUE-VAULX-150x150.jpg\" class=\"attachment-thumbnail size-thumbnail\" alt=\"NEWSESTLYONNAIS INT PETANQUE VAULX\" aria-describedby=\"gallery-1-54230\" \/><\/a>\n\t\t\t<\/div>\n\t\t\t\t<figcaption class='wp-caption-text gallery-caption' id='gallery-1-54230'>\n\t\t\t\t3\u00b0 INTERNATIONAL DE PETANQUE \n\t\t\t\t<\/figcaption><\/figure>\n\t\t<\/div>\n\n","protected":false},"excerpt":{"rendered":"<p>La commune vaudaise sera durant 3 jours la capitale de la p\u00e9tanque \u00e0 l\u2019\u00e9chelle mondiale puisque 7 \u00e9quipes \u00e9trang\u00e8res sont attendues (Madagascar, Pays Bas, Portugal, Alg\u00e9rie, S\u00e9n\u00e9gal, Espagne et pour la premi\u00e8re fois le Cambodge). Nous avons rencontr\u00e9 Fr\u00e9d\u00e9ric Veglione, pr\u00e9sident du club organisateur de l\u2019AS P\u00e9tanque Vaulx Village, \u00e0 quelques jours du lancer des [&hellip;]<\/p>\n","protected":false},"author":4,"featured_media":57743,"comment_status":"open","ping_status":"open","sticky":false,"template":"","format":"standard","meta":{"footnotes":""},"categories":[2977,2978,28],"tags":[],"class_list":["post-57740","post","type-post","status-publish","format-standard","has-post-thumbnail","hentry","category-boules-petanque-sports","category-petanque-sports","category-vaulx-en-velin"],"yoast_head":"<!-- This site is optimized with the Yoast SEO plugin v27.2 - https:\/\/yoast.com\/product\/yoast-seo-wordpress\/ -->\n<title>VAULX EN VELIN : Le gratin de la p\u00e9tanque ce week-end<\/title>\n<meta name=\"description\" content=\"VAULX EN VELIN : Le gratin de la p\u00e9tanque ce week-end\" \/>\n<meta name=\"robots\" content=\"index, follow, max-snippet:-1, max-image-preview:large, max-video-preview:-1\" \/>\n<link rel=\"canonical\" href=\"https:\/\/newsestlyonnais.fr\/site\/2018\/10\/01\/vaulx-en-velin-le-gratin-de-la-petanque-ce-week-end\/\" \/>\n<meta property=\"og:locale\" content=\"fr_FR\" \/>\n<meta property=\"og:type\" content=\"article\" \/>\n<meta property=\"og:title\" content=\"VAULX EN VELIN : Le gratin de la p\u00e9tanque ce week-end\" \/>\n<meta property=\"og:description\" content=\"VAULX EN VELIN : Le gratin de la p\u00e9tanque ce week-end\" \/>\n<meta property=\"og:url\" content=\"https:\/\/newsestlyonnais.fr\/site\/2018\/10\/01\/vaulx-en-velin-le-gratin-de-la-petanque-ce-week-end\/\" \/>\n<meta property=\"og:site_name\" content=\"News Est Lyonnais\" \/>\n<meta property=\"article:author\" content=\"https:\/\/www.facebook.com\/pascal.oberson.1?fref=ts\" \/>\n<meta property=\"article:published_time\" content=\"2018-10-01T13:23:38+00:00\" \/>\n<meta property=\"article:modified_time\" content=\"2020-11-20T14:59:34+00:00\" \/>\n<meta property=\"og:image\" content=\"https:\/\/i0.wp.com\/newsestlyonnais.fr\/site\/wp-content\/uploads\/2018\/10\/NEWSESTLYONNAIS-VAULX-PETANQUE.jpg?fit=2048%2C1536&ssl=1\" \/>\n\t<meta property=\"og:image:width\" content=\"2048\" \/>\n\t<meta property=\"og:image:height\" content=\"1536\" \/>\n\t<meta property=\"og:image:type\" content=\"image\/jpeg\" \/>\n<meta name=\"author\" content=\"R\u00e9dac. NEWS\" \/>\n<meta name=\"twitter:card\" content=\"summary_large_image\" \/>\n<meta name=\"twitter:label1\" content=\"\u00c9crit par\" \/>\n\t<meta name=\"twitter:data1\" content=\"R\u00e9dac. NEWS\" \/>\n\t<meta name=\"twitter:label2\" content=\"Dur\u00e9e de lecture estim\u00e9e\" \/>\n\t<meta name=\"twitter:data2\" content=\"3 minutes\" \/>\n<script type=\"application\/ld+json\" class=\"yoast-schema-graph\">{\"@context\":\"https:\/\/schema.org\",\"@graph\":[{\"@type\":\"Article\",\"@id\":\"https:\/\/newsestlyonnais.fr\/site\/2018\/10\/01\/vaulx-en-velin-le-gratin-de-la-petanque-ce-week-end\/#article\",\"isPartOf\":{\"@id\":\"https:\/\/newsestlyonnais.fr\/site\/2018\/10\/01\/vaulx-en-velin-le-gratin-de-la-petanque-ce-week-end\/\"},\"author\":{\"name\":\"R\u00e9dac. NEWS\",\"@id\":\"https:\/\/newsestlyonnais.fr\/site\/#\/schema\/person\/3230d5615f390bb808365d673001e887\"},\"headline\":\"VAULX-EN-VELIN | Le gratin de la p\u00e9tanque ce week-end\",\"datePublished\":\"2018-10-01T13:23:38+00:00\",\"dateModified\":\"2020-11-20T14:59:34+00:00\",\"mainEntityOfPage\":{\"@id\":\"https:\/\/newsestlyonnais.fr\/site\/2018\/10\/01\/vaulx-en-velin-le-gratin-de-la-petanque-ce-week-end\/\"},\"wordCount\":530,\"commentCount\":0,\"publisher\":{\"@id\":\"https:\/\/newsestlyonnais.fr\/site\/#organization\"},\"image\":{\"@id\":\"https:\/\/newsestlyonnais.fr\/site\/2018\/10\/01\/vaulx-en-velin-le-gratin-de-la-petanque-ce-week-end\/#primaryimage\"},\"thumbnailUrl\":\"https:\/\/newsestlyonnais.fr\/site\/wp-content\/uploads\/2018\/10\/NEWSESTLYONNAIS-VAULX-PETANQUE.jpg\",\"articleSection\":[\"Boules | P\u00e9tanque\",\"P\u00e9tanque\",\"Vaulx-en-Velin\"],\"inLanguage\":\"fr-FR\",\"potentialAction\":[{\"@type\":\"CommentAction\",\"name\":\"Comment\",\"target\":[\"https:\/\/newsestlyonnais.fr\/site\/2018\/10\/01\/vaulx-en-velin-le-gratin-de-la-petanque-ce-week-end\/#respond\"]}]},{\"@type\":\"WebPage\",\"@id\":\"https:\/\/newsestlyonnais.fr\/site\/2018\/10\/01\/vaulx-en-velin-le-gratin-de-la-petanque-ce-week-end\/\",\"url\":\"https:\/\/newsestlyonnais.fr\/site\/2018\/10\/01\/vaulx-en-velin-le-gratin-de-la-petanque-ce-week-end\/\",\"name\":\"VAULX EN VELIN : Le gratin de la p\u00e9tanque ce week-end\",\"isPartOf\":{\"@id\":\"https:\/\/newsestlyonnais.fr\/site\/#website\"},\"primaryImageOfPage\":{\"@id\":\"https:\/\/newsestlyonnais.fr\/site\/2018\/10\/01\/vaulx-en-velin-le-gratin-de-la-petanque-ce-week-end\/#primaryimage\"},\"image\":{\"@id\":\"https:\/\/newsestlyonnais.fr\/site\/2018\/10\/01\/vaulx-en-velin-le-gratin-de-la-petanque-ce-week-end\/#primaryimage\"},\"thumbnailUrl\":\"https:\/\/newsestlyonnais.fr\/site\/wp-content\/uploads\/2018\/10\/NEWSESTLYONNAIS-VAULX-PETANQUE.jpg\",\"datePublished\":\"2018-10-01T13:23:38+00:00\",\"dateModified\":\"2020-11-20T14:59:34+00:00\",\"description\":\"VAULX EN VELIN : Le gratin de la p\u00e9tanque ce week-end\",\"breadcrumb\":{\"@id\":\"https:\/\/newsestlyonnais.fr\/site\/2018\/10\/01\/vaulx-en-velin-le-gratin-de-la-petanque-ce-week-end\/#breadcrumb\"},\"inLanguage\":\"fr-FR\",\"potentialAction\":[{\"@type\":\"ReadAction\",\"target\":[\"https:\/\/newsestlyonnais.fr\/site\/2018\/10\/01\/vaulx-en-velin-le-gratin-de-la-petanque-ce-week-end\/\"]}]},{\"@type\":\"ImageObject\",\"inLanguage\":\"fr-FR\",\"@id\":\"https:\/\/newsestlyonnais.fr\/site\/2018\/10\/01\/vaulx-en-velin-le-gratin-de-la-petanque-ce-week-end\/#primaryimage\",\"url\":\"https:\/\/newsestlyonnais.fr\/site\/wp-content\/uploads\/2018\/10\/NEWSESTLYONNAIS-VAULX-PETANQUE.jpg\",\"contentUrl\":\"https:\/\/newsestlyonnais.fr\/site\/wp-content\/uploads\/2018\/10\/NEWSESTLYONNAIS-VAULX-PETANQUE.jpg\",\"width\":2048,\"height\":1536,\"caption\":\"NEWSESTLYONNAIS VAULX PETANQUE\"},{\"@type\":\"BreadcrumbList\",\"@id\":\"https:\/\/newsestlyonnais.fr\/site\/2018\/10\/01\/vaulx-en-velin-le-gratin-de-la-petanque-ce-week-end\/#breadcrumb\",\"itemListElement\":[{\"@type\":\"ListItem\",\"position\":1,\"name\":\"Accueil\",\"item\":\"https:\/\/newsestlyonnais.fr\/site\/\"},{\"@type\":\"ListItem\",\"position\":2,\"name\":\"VAULX-EN-VELIN | Le gratin de la p\u00e9tanque ce week-end\"}]},{\"@type\":\"WebSite\",\"@id\":\"https:\/\/newsestlyonnais.fr\/site\/#website\",\"url\":\"https:\/\/newsestlyonnais.fr\/site\/\",\"name\":\"News Est Lyonnais\",\"description\":\"L&#039;actualit\u00e9 au plus pr\u00e8s\",\"publisher\":{\"@id\":\"https:\/\/newsestlyonnais.fr\/site\/#organization\"},\"potentialAction\":[{\"@type\":\"SearchAction\",\"target\":{\"@type\":\"EntryPoint\",\"urlTemplate\":\"https:\/\/newsestlyonnais.fr\/site\/?s={search_term_string}\"},\"query-input\":{\"@type\":\"PropertyValueSpecification\",\"valueRequired\":true,\"valueName\":\"search_term_string\"}}],\"inLanguage\":\"fr-FR\"},{\"@type\":\"Organization\",\"@id\":\"https:\/\/newsestlyonnais.fr\/site\/#organization\",\"name\":\"News EST LYONNAIS\",\"url\":\"https:\/\/newsestlyonnais.fr\/site\/\",\"logo\":{\"@type\":\"ImageObject\",\"inLanguage\":\"fr-FR\",\"@id\":\"https:\/\/newsestlyonnais.fr\/site\/#\/schema\/logo\/image\/\",\"url\":\"\",\"contentUrl\":\"\",\"caption\":\"News EST LYONNAIS\"},\"image\":{\"@id\":\"https:\/\/newsestlyonnais.fr\/site\/#\/schema\/logo\/image\/\"}},{\"@type\":\"Person\",\"@id\":\"https:\/\/newsestlyonnais.fr\/site\/#\/schema\/person\/3230d5615f390bb808365d673001e887\",\"name\":\"R\u00e9dac. NEWS\",\"sameAs\":[\"http:\/\/www.newsestlyonnais.fr\",\"https:\/\/www.facebook.com\/pascal.oberson.1?fref=ts\",\"https:\/\/fr.linkedin.com\/in\/pascal-oberson-b17045113\"],\"url\":\"https:\/\/newsestlyonnais.fr\/site\/author\/nel\/\"}]}<\/script>\n<!-- \/ Yoast SEO plugin. -->","yoast_head_json":{"title":"VAULX EN VELIN : Le gratin de la p\u00e9tanque ce week-end","description":"VAULX EN VELIN : Le gratin de la p\u00e9tanque ce week-end","robots":{"index":"index","follow":"follow","max-snippet":"max-snippet:-1","max-image-preview":"max-image-preview:large","max-video-preview":"max-video-preview:-1"},"canonical":"https:\/\/newsestlyonnais.fr\/site\/2018\/10\/01\/vaulx-en-velin-le-gratin-de-la-petanque-ce-week-end\/","og_locale":"fr_FR","og_type":"article","og_title":"VAULX EN VELIN : Le gratin de la p\u00e9tanque ce week-end","og_description":"VAULX EN VELIN : Le gratin de la p\u00e9tanque ce week-end","og_url":"https:\/\/newsestlyonnais.fr\/site\/2018\/10\/01\/vaulx-en-velin-le-gratin-de-la-petanque-ce-week-end\/","og_site_name":"News Est Lyonnais","article_author":"https:\/\/www.facebook.com\/pascal.oberson.1?fref=ts","article_published_time":"2018-10-01T13:23:38+00:00","article_modified_time":"2020-11-20T14:59:34+00:00","og_image":[{"width":2048,"height":1536,"url":"https:\/\/i0.wp.com\/newsestlyonnais.fr\/site\/wp-content\/uploads\/2018\/10\/NEWSESTLYONNAIS-VAULX-PETANQUE.jpg?fit=2048%2C1536&ssl=1","type":"image\/jpeg"}],"author":"R\u00e9dac. NEWS","twitter_card":"summary_large_image","twitter_misc":{"\u00c9crit par":"R\u00e9dac. NEWS","Dur\u00e9e de lecture estim\u00e9e":"3 minutes"},"schema":{"@context":"https:\/\/schema.org","@graph":[{"@type":"Article","@id":"https:\/\/newsestlyonnais.fr\/site\/2018\/10\/01\/vaulx-en-velin-le-gratin-de-la-petanque-ce-week-end\/#article","isPartOf":{"@id":"https:\/\/newsestlyonnais.fr\/site\/2018\/10\/01\/vaulx-en-velin-le-gratin-de-la-petanque-ce-week-end\/"},"author":{"name":"R\u00e9dac. NEWS","@id":"https:\/\/newsestlyonnais.fr\/site\/#\/schema\/person\/3230d5615f390bb808365d673001e887"},"headline":"VAULX-EN-VELIN | Le gratin de la p\u00e9tanque ce week-end","datePublished":"2018-10-01T13:23:38+00:00","dateModified":"2020-11-20T14:59:34+00:00","mainEntityOfPage":{"@id":"https:\/\/newsestlyonnais.fr\/site\/2018\/10\/01\/vaulx-en-velin-le-gratin-de-la-petanque-ce-week-end\/"},"wordCount":530,"commentCount":0,"publisher":{"@id":"https:\/\/newsestlyonnais.fr\/site\/#organization"},"image":{"@id":"https:\/\/newsestlyonnais.fr\/site\/2018\/10\/01\/vaulx-en-velin-le-gratin-de-la-petanque-ce-week-end\/#primaryimage"},"thumbnailUrl":"https:\/\/newsestlyonnais.fr\/site\/wp-content\/uploads\/2018\/10\/NEWSESTLYONNAIS-VAULX-PETANQUE.jpg","articleSection":["Boules | P\u00e9tanque","P\u00e9tanque","Vaulx-en-Velin"],"inLanguage":"fr-FR","potentialAction":[{"@type":"CommentAction","name":"Comment","target":["https:\/\/newsestlyonnais.fr\/site\/2018\/10\/01\/vaulx-en-velin-le-gratin-de-la-petanque-ce-week-end\/#respond"]}]},{"@type":"WebPage","@id":"https:\/\/newsestlyonnais.fr\/site\/2018\/10\/01\/vaulx-en-velin-le-gratin-de-la-petanque-ce-week-end\/","url":"https:\/\/newsestlyonnais.fr\/site\/2018\/10\/01\/vaulx-en-velin-le-gratin-de-la-petanque-ce-week-end\/","name":"VAULX EN VELIN : Le gratin de la p\u00e9tanque ce week-end","isPartOf":{"@id":"https:\/\/newsestlyonnais.fr\/site\/#website"},"primaryImageOfPage":{"@id":"https:\/\/newsestlyonnais.fr\/site\/2018\/10\/01\/vaulx-en-velin-le-gratin-de-la-petanque-ce-week-end\/#primaryimage"},"image":{"@id":"https:\/\/newsestlyonnais.fr\/site\/2018\/10\/01\/vaulx-en-velin-le-gratin-de-la-petanque-ce-week-end\/#primaryimage"},"thumbnailUrl":"https:\/\/newsestlyonnais.fr\/site\/wp-content\/uploads\/2018\/10\/NEWSESTLYONNAIS-VAULX-PETANQUE.jpg","datePublished":"2018-10-01T13:23:38+00:00","dateModified":"2020-11-20T14:59:34+00:00","description":"VAULX EN VELIN : Le gratin de la p\u00e9tanque ce week-end","breadcrumb":{"@id":"https:\/\/newsestlyonnais.fr\/site\/2018\/10\/01\/vaulx-en-velin-le-gratin-de-la-petanque-ce-week-end\/#breadcrumb"},"inLanguage":"fr-FR","potentialAction":[{"@type":"ReadAction","target":["https:\/\/newsestlyonnais.fr\/site\/2018\/10\/01\/vaulx-en-velin-le-gratin-de-la-petanque-ce-week-end\/"]}]},{"@type":"ImageObject","inLanguage":"fr-FR","@id":"https:\/\/newsestlyonnais.fr\/site\/2018\/10\/01\/vaulx-en-velin-le-gratin-de-la-petanque-ce-week-end\/#primaryimage","url":"https:\/\/newsestlyonnais.fr\/site\/wp-content\/uploads\/2018\/10\/NEWSESTLYONNAIS-VAULX-PETANQUE.jpg","contentUrl":"https:\/\/newsestlyonnais.fr\/site\/wp-content\/uploads\/2018\/10\/NEWSESTLYONNAIS-VAULX-PETANQUE.jpg","width":2048,"height":1536,"caption":"NEWSESTLYONNAIS VAULX PETANQUE"},{"@type":"BreadcrumbList","@id":"https:\/\/newsestlyonnais.fr\/site\/2018\/10\/01\/vaulx-en-velin-le-gratin-de-la-petanque-ce-week-end\/#breadcrumb","itemListElement":[{"@type":"ListItem","position":1,"name":"Accueil","item":"https:\/\/newsestlyonnais.fr\/site\/"},{"@type":"ListItem","position":2,"name":"VAULX-EN-VELIN | Le gratin de la p\u00e9tanque ce week-end"}]},{"@type":"WebSite","@id":"https:\/\/newsestlyonnais.fr\/site\/#website","url":"https:\/\/newsestlyonnais.fr\/site\/","name":"News Est Lyonnais","description":"L&#039;actualit\u00e9 au plus pr\u00e8s","publisher":{"@id":"https:\/\/newsestlyonnais.fr\/site\/#organization"},"potentialAction":[{"@type":"SearchAction","target":{"@type":"EntryPoint","urlTemplate":"https:\/\/newsestlyonnais.fr\/site\/?s={search_term_string}"},"query-input":{"@type":"PropertyValueSpecification","valueRequired":true,"valueName":"search_term_string"}}],"inLanguage":"fr-FR"},{"@type":"Organization","@id":"https:\/\/newsestlyonnais.fr\/site\/#organization","name":"News EST LYONNAIS","url":"https:\/\/newsestlyonnais.fr\/site\/","logo":{"@type":"ImageObject","inLanguage":"fr-FR","@id":"https:\/\/newsestlyonnais.fr\/site\/#\/schema\/logo\/image\/","url":"","contentUrl":"","caption":"News EST LYONNAIS"},"image":{"@id":"https:\/\/newsestlyonnais.fr\/site\/#\/schema\/logo\/image\/"}},{"@type":"Person","@id":"https:\/\/newsestlyonnais.fr\/site\/#\/schema\/person\/3230d5615f390bb808365d673001e887","name":"R\u00e9dac. NEWS","sameAs":["http:\/\/www.newsestlyonnais.fr","https:\/\/www.facebook.com\/pascal.oberson.1?fref=ts","https:\/\/fr.linkedin.com\/in\/pascal-oberson-b17045113"],"url":"https:\/\/newsestlyonnais.fr\/site\/author\/nel\/"}]}},"_links":{"self":[{"href":"https:\/\/newsestlyonnais.fr\/site\/wp-json\/wp\/v2\/posts\/57740","targetHints":{"allow":["GET"]}}],"collection":[{"href":"https:\/\/newsestlyonnais.fr\/site\/wp-json\/wp\/v2\/posts"}],"about":[{"href":"https:\/\/newsestlyonnais.fr\/site\/wp-json\/wp\/v2\/types\/post"}],"author":[{"embeddable":true,"href":"https:\/\/newsestlyonnais.fr\/site\/wp-json\/wp\/v2\/users\/4"}],"replies":[{"embeddable":true,"href":"https:\/\/newsestlyonnais.fr\/site\/wp-json\/wp\/v2\/comments?post=57740"}],"version-history":[{"count":0,"href":"https:\/\/newsestlyonnais.fr\/site\/wp-json\/wp\/v2\/posts\/57740\/revisions"}],"wp:featuredmedia":[{"embeddable":true,"href":"https:\/\/newsestlyonnais.fr\/site\/wp-json\/wp\/v2\/media\/57743"}],"wp:attachment":[{"href":"https:\/\/newsestlyonnais.fr\/site\/wp-json\/wp\/v2\/media?parent=57740"}],"wp:term":[{"taxonomy":"category","embeddable":true,"href":"https:\/\/newsestlyonnais.fr\/site\/wp-json\/wp\/v2\/categories?post=57740"},{"taxonomy":"post_tag","embeddable":true,"href":"https:\/\/newsestlyonnais.fr\/site\/wp-json\/wp\/v2\/tags?post=57740"}],"curies":[{"name":"wp","href":"https:\/\/api.w.org\/{rel}","templated":true}]}}