{"id":58077,"date":"2018-10-14T18:41:37","date_gmt":"2018-10-14T17:41:37","guid":{"rendered":"http:\/\/newsestlyonnais.fr\/site\/?p=58077"},"modified":"2018-10-16T07:12:13","modified_gmt":"2018-10-16T06:12:13","slug":"meyzieu-une-reunion-dinformation-jeudi-18-octobre-2018-sur-la-prime-air-bois","status":"publish","type":"post","link":"https:\/\/newsestlyonnais.fr\/site\/2018\/10\/14\/meyzieu-une-reunion-dinformation-jeudi-18-octobre-2018-sur-la-prime-air-bois\/","title":{"rendered":"MEYZIEU : Une r\u00e9union d\u2019information jeudi 18 octobre 2018 sur la prime air\/bois"},"content":{"rendered":"<h4>Prime air\/bois allant jusqu\u2019\u00e0 1 000 \u20ac : des milliers de foyers majolans concern\u00e9s !<\/h4>\n<p>Sur le territoire m\u00e9tropolitain, 25 % des \u00e9missions de particules fines sont dues au chauffage au bois r\u00e9sidentiel. Les po\u00eales \u00e0 bois datant d\u2019avant 2002 et les chemin\u00e9es \u00e0 foyer ouvert sont les principaux concern\u00e9s.<\/p>\n<p>\u00c0 Meyzieu, ville tr\u00e8s majoritairement r\u00e9sidentielle, ce sont plus de <strong>7 000 foyers qui sont concern\u00e9s<\/strong>. Conscient de l\u2019enjeu, la Ville de Meyzieu s\u2019est associ\u00e9e \u00e0 la M\u00e9tropole pour organiser un temps d\u2019information avec des<br \/>\nprofessionnels du secteur.<\/p>\n<p>Pour soutenir concr\u00e8tement ses habitants dans leur d\u00e9marche de changement, la M\u00e9tropole s\u2019engage par l\u2019octroi d\u2019<strong>une prime pouvant aller jusqu\u2019\u00e0 1 000 \u20ac<\/strong>, s\u2019ils optent pour un <strong>\u00e9quipement labellis\u00e9 \u00ab Flamme verte \u00bb<\/strong>.<\/p>\n<p>Quel que soit leur mode de chauffage, <span style=\"text-decoration: underline\"><strong>les Majolans sont donc invit\u00e9s le jeudi 18 octobre \u00e0 19 h dans le hall de l\u2019Espace Jean Poperen<\/strong><\/span> pour un temps d\u2019\u00e9change au cours duquel ils pourront obtenir toutes les r\u00e9ponses techniques concernant leur projet et l\u2019obtention de cette prime.<\/p>\n<p>Au-del\u00e0 des enjeux climatiques, un changement d\u2019\u00e9quipement permet aussi d\u2019inonder son foyer d\u2019une chaleur douce et agr\u00e9able et de faire des \u00e9conomies de bois.<\/p>\n<p><span style=\"text-decoration: underline\"><em><strong>NOTA<\/strong> <\/em><\/span>: Le choix du hall de l\u2019Espace Jean Poperen pour organiser ce temps d\u2019infirmation n\u2019est pas anodin puisque cet \u00e9quipement municipal fera l\u2019objet en 2020 et 2021 d\u2019une r\u00e9novation totale \u00e0 fort enjeu \u00e9nerg\u00e9tique.<\/p>\n<div id='gallery-1' class='gallery galleryid-58077 gallery-columns-3 gallery-size-thumbnail'><figure class='gallery-item'>\n\t\t\t<div class='gallery-icon portrait'>\n\t\t\t\t<a href='https:\/\/newsestlyonnais.fr\/site\/2018\/10\/14\/meyzieu-une-reunion-dinformation-jeudi-18-octobre-2018-sur-la-prime-air-bois\/villedemeyzieu_primeairbois_flyer-page-001-2\/'><img loading=\"lazy\" decoding=\"async\" width=\"150\" height=\"150\" src=\"https:\/\/newsestlyonnais.fr\/site\/wp-content\/uploads\/2018\/10\/VilledeMeyzieu_PrimeAirBois_Flyer-page-001-1-150x150.jpg\" class=\"attachment-thumbnail size-thumbnail\" alt=\"VilledeMeyzieu_PrimeAirBois_Flyer-page-001\" \/><\/a>\n\t\t\t<\/div><\/figure><figure class='gallery-item'>\n\t\t\t<div class='gallery-icon portrait'>\n\t\t\t\t<a href='https:\/\/newsestlyonnais.fr\/site\/2018\/10\/14\/meyzieu-une-reunion-dinformation-jeudi-18-octobre-2018-sur-la-prime-air-bois\/villedemeyzieu_primeairbois_flyer-page-002\/'><img loading=\"lazy\" decoding=\"async\" width=\"150\" height=\"150\" src=\"https:\/\/newsestlyonnais.fr\/site\/wp-content\/uploads\/2018\/10\/VilledeMeyzieu_PrimeAirBois_Flyer-page-002-150x150.jpg\" class=\"attachment-thumbnail size-thumbnail\" alt=\"illedeMeyzieu_PrimeAirBois_Flyer-page-002\" \/><\/a>\n\t\t\t<\/div><\/figure>\n\t\t<\/div>\n\n","protected":false},"excerpt":{"rendered":"<p>Prime air\/bois allant jusqu\u2019\u00e0 1 000 \u20ac : des milliers de foyers majolans concern\u00e9s ! Sur le territoire m\u00e9tropolitain, 25 % des \u00e9missions de particules fines sont dues au chauffage au bois r\u00e9sidentiel. Les po\u00eales \u00e0 bois datant d\u2019avant 2002 et les chemin\u00e9es \u00e0 foyer ouvert sont les principaux concern\u00e9s. \u00c0 Meyzieu, ville tr\u00e8s majoritairement [&hellip;]<\/p>\n","protected":false},"author":4,"featured_media":58078,"comment_status":"open","ping_status":"open","sticky":false,"template":"","format":"standard","meta":{"footnotes":""},"categories":[30,24,309],"tags":[],"class_list":["post-58077","post","type-post","status-publish","format-standard","has-post-thumbnail","hentry","category-a-la-une","category-meyzieu","category-pratique"],"yoast_head":"<!-- This site is optimized with the Yoast SEO plugin v27.2 - https:\/\/yoast.com\/product\/yoast-seo-wordpress\/ -->\n<title>MEYZIEU : Une r\u00e9union d\u2019information jeudi 18 octobre 2018 sur la prime air\/bois<\/title>\n<meta name=\"description\" content=\"MEYZIEU : Une r\u00e9union d\u2019information jeudi 18 octobre 2018 sur la prime air\/bois\" \/>\n<meta name=\"robots\" content=\"index, follow, max-snippet:-1, max-image-preview:large, max-video-preview:-1\" \/>\n<link rel=\"canonical\" href=\"https:\/\/newsestlyonnais.fr\/site\/2018\/10\/14\/meyzieu-une-reunion-dinformation-jeudi-18-octobre-2018-sur-la-prime-air-bois\/\" \/>\n<meta property=\"og:locale\" content=\"fr_FR\" \/>\n<meta property=\"og:type\" content=\"article\" \/>\n<meta property=\"og:title\" content=\"MEYZIEU : Une r\u00e9union d\u2019information jeudi 18 octobre 2018 sur la prime air\/bois\" \/>\n<meta property=\"og:description\" content=\"MEYZIEU : Une r\u00e9union d\u2019information jeudi 18 octobre 2018 sur la prime air\/bois\" \/>\n<meta property=\"og:url\" content=\"https:\/\/newsestlyonnais.fr\/site\/2018\/10\/14\/meyzieu-une-reunion-dinformation-jeudi-18-octobre-2018-sur-la-prime-air-bois\/\" \/>\n<meta property=\"og:site_name\" content=\"News Est Lyonnais\" \/>\n<meta property=\"article:author\" content=\"https:\/\/www.facebook.com\/pascal.oberson.1?fref=ts\" \/>\n<meta property=\"article:published_time\" content=\"2018-10-14T17:41:37+00:00\" \/>\n<meta property=\"article:modified_time\" content=\"2018-10-16T06:12:13+00:00\" \/>\n<meta property=\"og:image\" content=\"https:\/\/i0.wp.com\/newsestlyonnais.fr\/site\/wp-content\/uploads\/2018\/10\/VilledeMeyzieu_PrimeAirBois_Flyer-page-001.jpg?fit=874%2C1240&ssl=1\" \/>\n\t<meta property=\"og:image:width\" content=\"874\" \/>\n\t<meta property=\"og:image:height\" content=\"1240\" \/>\n\t<meta property=\"og:image:type\" content=\"image\/jpeg\" \/>\n<meta name=\"author\" content=\"R\u00e9dac. NEWS\" \/>\n<meta name=\"twitter:card\" content=\"summary_large_image\" \/>\n<meta name=\"twitter:label1\" content=\"\u00c9crit par\" \/>\n\t<meta name=\"twitter:data1\" content=\"R\u00e9dac. NEWS\" \/>\n\t<meta name=\"twitter:label2\" content=\"Dur\u00e9e de lecture estim\u00e9e\" \/>\n\t<meta name=\"twitter:data2\" content=\"1 minute\" \/>\n<script type=\"application\/ld+json\" class=\"yoast-schema-graph\">{\"@context\":\"https:\/\/schema.org\",\"@graph\":[{\"@type\":\"Article\",\"@id\":\"https:\/\/newsestlyonnais.fr\/site\/2018\/10\/14\/meyzieu-une-reunion-dinformation-jeudi-18-octobre-2018-sur-la-prime-air-bois\/#article\",\"isPartOf\":{\"@id\":\"https:\/\/newsestlyonnais.fr\/site\/2018\/10\/14\/meyzieu-une-reunion-dinformation-jeudi-18-octobre-2018-sur-la-prime-air-bois\/\"},\"author\":{\"name\":\"R\u00e9dac. NEWS\",\"@id\":\"https:\/\/newsestlyonnais.fr\/site\/#\/schema\/person\/3230d5615f390bb808365d673001e887\"},\"headline\":\"MEYZIEU : Une r\u00e9union d\u2019information jeudi 18 octobre 2018 sur la prime air\/bois\",\"datePublished\":\"2018-10-14T17:41:37+00:00\",\"dateModified\":\"2018-10-16T06:12:13+00:00\",\"mainEntityOfPage\":{\"@id\":\"https:\/\/newsestlyonnais.fr\/site\/2018\/10\/14\/meyzieu-une-reunion-dinformation-jeudi-18-octobre-2018-sur-la-prime-air-bois\/\"},\"wordCount\":258,\"commentCount\":0,\"publisher\":{\"@id\":\"https:\/\/newsestlyonnais.fr\/site\/#organization\"},\"image\":{\"@id\":\"https:\/\/newsestlyonnais.fr\/site\/2018\/10\/14\/meyzieu-une-reunion-dinformation-jeudi-18-octobre-2018-sur-la-prime-air-bois\/#primaryimage\"},\"thumbnailUrl\":\"https:\/\/newsestlyonnais.fr\/site\/wp-content\/uploads\/2018\/10\/VilledeMeyzieu_PrimeAirBois_Flyer-page-001.jpg\",\"articleSection\":[\"\u00e0 la une\",\"Meyzieu\",\"Pratique\"],\"inLanguage\":\"fr-FR\",\"potentialAction\":[{\"@type\":\"CommentAction\",\"name\":\"Comment\",\"target\":[\"https:\/\/newsestlyonnais.fr\/site\/2018\/10\/14\/meyzieu-une-reunion-dinformation-jeudi-18-octobre-2018-sur-la-prime-air-bois\/#respond\"]}]},{\"@type\":\"WebPage\",\"@id\":\"https:\/\/newsestlyonnais.fr\/site\/2018\/10\/14\/meyzieu-une-reunion-dinformation-jeudi-18-octobre-2018-sur-la-prime-air-bois\/\",\"url\":\"https:\/\/newsestlyonnais.fr\/site\/2018\/10\/14\/meyzieu-une-reunion-dinformation-jeudi-18-octobre-2018-sur-la-prime-air-bois\/\",\"name\":\"MEYZIEU : Une r\u00e9union d\u2019information jeudi 18 octobre 2018 sur la prime air\/bois\",\"isPartOf\":{\"@id\":\"https:\/\/newsestlyonnais.fr\/site\/#website\"},\"primaryImageOfPage\":{\"@id\":\"https:\/\/newsestlyonnais.fr\/site\/2018\/10\/14\/meyzieu-une-reunion-dinformation-jeudi-18-octobre-2018-sur-la-prime-air-bois\/#primaryimage\"},\"image\":{\"@id\":\"https:\/\/newsestlyonnais.fr\/site\/2018\/10\/14\/meyzieu-une-reunion-dinformation-jeudi-18-octobre-2018-sur-la-prime-air-bois\/#primaryimage\"},\"thumbnailUrl\":\"https:\/\/newsestlyonnais.fr\/site\/wp-content\/uploads\/2018\/10\/VilledeMeyzieu_PrimeAirBois_Flyer-page-001.jpg\",\"datePublished\":\"2018-10-14T17:41:37+00:00\",\"dateModified\":\"2018-10-16T06:12:13+00:00\",\"description\":\"MEYZIEU : Une r\u00e9union d\u2019information jeudi 18 octobre 2018 sur la prime air\/bois\",\"breadcrumb\":{\"@id\":\"https:\/\/newsestlyonnais.fr\/site\/2018\/10\/14\/meyzieu-une-reunion-dinformation-jeudi-18-octobre-2018-sur-la-prime-air-bois\/#breadcrumb\"},\"inLanguage\":\"fr-FR\",\"potentialAction\":[{\"@type\":\"ReadAction\",\"target\":[\"https:\/\/newsestlyonnais.fr\/site\/2018\/10\/14\/meyzieu-une-reunion-dinformation-jeudi-18-octobre-2018-sur-la-prime-air-bois\/\"]}]},{\"@type\":\"ImageObject\",\"inLanguage\":\"fr-FR\",\"@id\":\"https:\/\/newsestlyonnais.fr\/site\/2018\/10\/14\/meyzieu-une-reunion-dinformation-jeudi-18-octobre-2018-sur-la-prime-air-bois\/#primaryimage\",\"url\":\"https:\/\/newsestlyonnais.fr\/site\/wp-content\/uploads\/2018\/10\/VilledeMeyzieu_PrimeAirBois_Flyer-page-001.jpg\",\"contentUrl\":\"https:\/\/newsestlyonnais.fr\/site\/wp-content\/uploads\/2018\/10\/VilledeMeyzieu_PrimeAirBois_Flyer-page-001.jpg\",\"width\":874,\"height\":1240,\"caption\":\"VilledeMeyzieu_PrimeAirBois_Flyer-page-001\"},{\"@type\":\"BreadcrumbList\",\"@id\":\"https:\/\/newsestlyonnais.fr\/site\/2018\/10\/14\/meyzieu-une-reunion-dinformation-jeudi-18-octobre-2018-sur-la-prime-air-bois\/#breadcrumb\",\"itemListElement\":[{\"@type\":\"ListItem\",\"position\":1,\"name\":\"Accueil\",\"item\":\"https:\/\/newsestlyonnais.fr\/site\/\"},{\"@type\":\"ListItem\",\"position\":2,\"name\":\"MEYZIEU : Une r\u00e9union d\u2019information jeudi 18 octobre 2018 sur la prime air\/bois\"}]},{\"@type\":\"WebSite\",\"@id\":\"https:\/\/newsestlyonnais.fr\/site\/#website\",\"url\":\"https:\/\/newsestlyonnais.fr\/site\/\",\"name\":\"News Est Lyonnais\",\"description\":\"L&#039;actualit\u00e9 au plus pr\u00e8s\",\"publisher\":{\"@id\":\"https:\/\/newsestlyonnais.fr\/site\/#organization\"},\"potentialAction\":[{\"@type\":\"SearchAction\",\"target\":{\"@type\":\"EntryPoint\",\"urlTemplate\":\"https:\/\/newsestlyonnais.fr\/site\/?s={search_term_string}\"},\"query-input\":{\"@type\":\"PropertyValueSpecification\",\"valueRequired\":true,\"valueName\":\"search_term_string\"}}],\"inLanguage\":\"fr-FR\"},{\"@type\":\"Organization\",\"@id\":\"https:\/\/newsestlyonnais.fr\/site\/#organization\",\"name\":\"News EST LYONNAIS\",\"url\":\"https:\/\/newsestlyonnais.fr\/site\/\",\"logo\":{\"@type\":\"ImageObject\",\"inLanguage\":\"fr-FR\",\"@id\":\"https:\/\/newsestlyonnais.fr\/site\/#\/schema\/logo\/image\/\",\"url\":\"\",\"contentUrl\":\"\",\"caption\":\"News EST LYONNAIS\"},\"image\":{\"@id\":\"https:\/\/newsestlyonnais.fr\/site\/#\/schema\/logo\/image\/\"}},{\"@type\":\"Person\",\"@id\":\"https:\/\/newsestlyonnais.fr\/site\/#\/schema\/person\/3230d5615f390bb808365d673001e887\",\"name\":\"R\u00e9dac. NEWS\",\"sameAs\":[\"http:\/\/www.newsestlyonnais.fr\",\"https:\/\/www.facebook.com\/pascal.oberson.1?fref=ts\",\"https:\/\/fr.linkedin.com\/in\/pascal-oberson-b17045113\"],\"url\":\"https:\/\/newsestlyonnais.fr\/site\/author\/nel\/\"}]}<\/script>\n<!-- \/ Yoast SEO plugin. -->","yoast_head_json":{"title":"MEYZIEU : Une r\u00e9union d\u2019information jeudi 18 octobre 2018 sur la prime air\/bois","description":"MEYZIEU : Une r\u00e9union d\u2019information jeudi 18 octobre 2018 sur la prime air\/bois","robots":{"index":"index","follow":"follow","max-snippet":"max-snippet:-1","max-image-preview":"max-image-preview:large","max-video-preview":"max-video-preview:-1"},"canonical":"https:\/\/newsestlyonnais.fr\/site\/2018\/10\/14\/meyzieu-une-reunion-dinformation-jeudi-18-octobre-2018-sur-la-prime-air-bois\/","og_locale":"fr_FR","og_type":"article","og_title":"MEYZIEU : Une r\u00e9union d\u2019information jeudi 18 octobre 2018 sur la prime air\/bois","og_description":"MEYZIEU : Une r\u00e9union d\u2019information jeudi 18 octobre 2018 sur la prime air\/bois","og_url":"https:\/\/newsestlyonnais.fr\/site\/2018\/10\/14\/meyzieu-une-reunion-dinformation-jeudi-18-octobre-2018-sur-la-prime-air-bois\/","og_site_name":"News Est Lyonnais","article_author":"https:\/\/www.facebook.com\/pascal.oberson.1?fref=ts","article_published_time":"2018-10-14T17:41:37+00:00","article_modified_time":"2018-10-16T06:12:13+00:00","og_image":[{"width":874,"height":1240,"url":"https:\/\/i0.wp.com\/newsestlyonnais.fr\/site\/wp-content\/uploads\/2018\/10\/VilledeMeyzieu_PrimeAirBois_Flyer-page-001.jpg?fit=874%2C1240&ssl=1","type":"image\/jpeg"}],"author":"R\u00e9dac. NEWS","twitter_card":"summary_large_image","twitter_misc":{"\u00c9crit par":"R\u00e9dac. NEWS","Dur\u00e9e de lecture estim\u00e9e":"1 minute"},"schema":{"@context":"https:\/\/schema.org","@graph":[{"@type":"Article","@id":"https:\/\/newsestlyonnais.fr\/site\/2018\/10\/14\/meyzieu-une-reunion-dinformation-jeudi-18-octobre-2018-sur-la-prime-air-bois\/#article","isPartOf":{"@id":"https:\/\/newsestlyonnais.fr\/site\/2018\/10\/14\/meyzieu-une-reunion-dinformation-jeudi-18-octobre-2018-sur-la-prime-air-bois\/"},"author":{"name":"R\u00e9dac. NEWS","@id":"https:\/\/newsestlyonnais.fr\/site\/#\/schema\/person\/3230d5615f390bb808365d673001e887"},"headline":"MEYZIEU : Une r\u00e9union d\u2019information jeudi 18 octobre 2018 sur la prime air\/bois","datePublished":"2018-10-14T17:41:37+00:00","dateModified":"2018-10-16T06:12:13+00:00","mainEntityOfPage":{"@id":"https:\/\/newsestlyonnais.fr\/site\/2018\/10\/14\/meyzieu-une-reunion-dinformation-jeudi-18-octobre-2018-sur-la-prime-air-bois\/"},"wordCount":258,"commentCount":0,"publisher":{"@id":"https:\/\/newsestlyonnais.fr\/site\/#organization"},"image":{"@id":"https:\/\/newsestlyonnais.fr\/site\/2018\/10\/14\/meyzieu-une-reunion-dinformation-jeudi-18-octobre-2018-sur-la-prime-air-bois\/#primaryimage"},"thumbnailUrl":"https:\/\/newsestlyonnais.fr\/site\/wp-content\/uploads\/2018\/10\/VilledeMeyzieu_PrimeAirBois_Flyer-page-001.jpg","articleSection":["\u00e0 la une","Meyzieu","Pratique"],"inLanguage":"fr-FR","potentialAction":[{"@type":"CommentAction","name":"Comment","target":["https:\/\/newsestlyonnais.fr\/site\/2018\/10\/14\/meyzieu-une-reunion-dinformation-jeudi-18-octobre-2018-sur-la-prime-air-bois\/#respond"]}]},{"@type":"WebPage","@id":"https:\/\/newsestlyonnais.fr\/site\/2018\/10\/14\/meyzieu-une-reunion-dinformation-jeudi-18-octobre-2018-sur-la-prime-air-bois\/","url":"https:\/\/newsestlyonnais.fr\/site\/2018\/10\/14\/meyzieu-une-reunion-dinformation-jeudi-18-octobre-2018-sur-la-prime-air-bois\/","name":"MEYZIEU : Une r\u00e9union d\u2019information jeudi 18 octobre 2018 sur la prime air\/bois","isPartOf":{"@id":"https:\/\/newsestlyonnais.fr\/site\/#website"},"primaryImageOfPage":{"@id":"https:\/\/newsestlyonnais.fr\/site\/2018\/10\/14\/meyzieu-une-reunion-dinformation-jeudi-18-octobre-2018-sur-la-prime-air-bois\/#primaryimage"},"image":{"@id":"https:\/\/newsestlyonnais.fr\/site\/2018\/10\/14\/meyzieu-une-reunion-dinformation-jeudi-18-octobre-2018-sur-la-prime-air-bois\/#primaryimage"},"thumbnailUrl":"https:\/\/newsestlyonnais.fr\/site\/wp-content\/uploads\/2018\/10\/VilledeMeyzieu_PrimeAirBois_Flyer-page-001.jpg","datePublished":"2018-10-14T17:41:37+00:00","dateModified":"2018-10-16T06:12:13+00:00","description":"MEYZIEU : Une r\u00e9union d\u2019information jeudi 18 octobre 2018 sur la prime air\/bois","breadcrumb":{"@id":"https:\/\/newsestlyonnais.fr\/site\/2018\/10\/14\/meyzieu-une-reunion-dinformation-jeudi-18-octobre-2018-sur-la-prime-air-bois\/#breadcrumb"},"inLanguage":"fr-FR","potentialAction":[{"@type":"ReadAction","target":["https:\/\/newsestlyonnais.fr\/site\/2018\/10\/14\/meyzieu-une-reunion-dinformation-jeudi-18-octobre-2018-sur-la-prime-air-bois\/"]}]},{"@type":"ImageObject","inLanguage":"fr-FR","@id":"https:\/\/newsestlyonnais.fr\/site\/2018\/10\/14\/meyzieu-une-reunion-dinformation-jeudi-18-octobre-2018-sur-la-prime-air-bois\/#primaryimage","url":"https:\/\/newsestlyonnais.fr\/site\/wp-content\/uploads\/2018\/10\/VilledeMeyzieu_PrimeAirBois_Flyer-page-001.jpg","contentUrl":"https:\/\/newsestlyonnais.fr\/site\/wp-content\/uploads\/2018\/10\/VilledeMeyzieu_PrimeAirBois_Flyer-page-001.jpg","width":874,"height":1240,"caption":"VilledeMeyzieu_PrimeAirBois_Flyer-page-001"},{"@type":"BreadcrumbList","@id":"https:\/\/newsestlyonnais.fr\/site\/2018\/10\/14\/meyzieu-une-reunion-dinformation-jeudi-18-octobre-2018-sur-la-prime-air-bois\/#breadcrumb","itemListElement":[{"@type":"ListItem","position":1,"name":"Accueil","item":"https:\/\/newsestlyonnais.fr\/site\/"},{"@type":"ListItem","position":2,"name":"MEYZIEU : Une r\u00e9union d\u2019information jeudi 18 octobre 2018 sur la prime air\/bois"}]},{"@type":"WebSite","@id":"https:\/\/newsestlyonnais.fr\/site\/#website","url":"https:\/\/newsestlyonnais.fr\/site\/","name":"News Est Lyonnais","description":"L&#039;actualit\u00e9 au plus pr\u00e8s","publisher":{"@id":"https:\/\/newsestlyonnais.fr\/site\/#organization"},"potentialAction":[{"@type":"SearchAction","target":{"@type":"EntryPoint","urlTemplate":"https:\/\/newsestlyonnais.fr\/site\/?s={search_term_string}"},"query-input":{"@type":"PropertyValueSpecification","valueRequired":true,"valueName":"search_term_string"}}],"inLanguage":"fr-FR"},{"@type":"Organization","@id":"https:\/\/newsestlyonnais.fr\/site\/#organization","name":"News EST LYONNAIS","url":"https:\/\/newsestlyonnais.fr\/site\/","logo":{"@type":"ImageObject","inLanguage":"fr-FR","@id":"https:\/\/newsestlyonnais.fr\/site\/#\/schema\/logo\/image\/","url":"","contentUrl":"","caption":"News EST LYONNAIS"},"image":{"@id":"https:\/\/newsestlyonnais.fr\/site\/#\/schema\/logo\/image\/"}},{"@type":"Person","@id":"https:\/\/newsestlyonnais.fr\/site\/#\/schema\/person\/3230d5615f390bb808365d673001e887","name":"R\u00e9dac. NEWS","sameAs":["http:\/\/www.newsestlyonnais.fr","https:\/\/www.facebook.com\/pascal.oberson.1?fref=ts","https:\/\/fr.linkedin.com\/in\/pascal-oberson-b17045113"],"url":"https:\/\/newsestlyonnais.fr\/site\/author\/nel\/"}]}},"_links":{"self":[{"href":"https:\/\/newsestlyonnais.fr\/site\/wp-json\/wp\/v2\/posts\/58077","targetHints":{"allow":["GET"]}}],"collection":[{"href":"https:\/\/newsestlyonnais.fr\/site\/wp-json\/wp\/v2\/posts"}],"about":[{"href":"https:\/\/newsestlyonnais.fr\/site\/wp-json\/wp\/v2\/types\/post"}],"author":[{"embeddable":true,"href":"https:\/\/newsestlyonnais.fr\/site\/wp-json\/wp\/v2\/users\/4"}],"replies":[{"embeddable":true,"href":"https:\/\/newsestlyonnais.fr\/site\/wp-json\/wp\/v2\/comments?post=58077"}],"version-history":[{"count":0,"href":"https:\/\/newsestlyonnais.fr\/site\/wp-json\/wp\/v2\/posts\/58077\/revisions"}],"wp:featuredmedia":[{"embeddable":true,"href":"https:\/\/newsestlyonnais.fr\/site\/wp-json\/wp\/v2\/media\/58078"}],"wp:attachment":[{"href":"https:\/\/newsestlyonnais.fr\/site\/wp-json\/wp\/v2\/media?parent=58077"}],"wp:term":[{"taxonomy":"category","embeddable":true,"href":"https:\/\/newsestlyonnais.fr\/site\/wp-json\/wp\/v2\/categories?post=58077"},{"taxonomy":"post_tag","embeddable":true,"href":"https:\/\/newsestlyonnais.fr\/site\/wp-json\/wp\/v2\/tags?post=58077"}],"curies":[{"name":"wp","href":"https:\/\/api.w.org\/{rel}","templated":true}]}}