{"id":58169,"date":"2018-10-07T14:13:59","date_gmt":"2018-10-07T13:13:59","guid":{"rendered":"http:\/\/newsestlyonnais.fr\/site\/?p=58169"},"modified":"2020-11-03T18:57:35","modified_gmt":"2020-11-03T17:57:35","slug":"vaulx-en-velin-un-international-de-petanque-de-haute-volee","status":"publish","type":"post","link":"https:\/\/newsestlyonnais.fr\/site\/2018\/10\/07\/vaulx-en-velin-un-international-de-petanque-de-haute-volee\/","title":{"rendered":"VAULX-EN-VELIN | Un international de P\u00e9tanque de haute vol\u00e9e !"},"content":{"rendered":"<h4>Ce premier week-end d\u2019octobre \u00e9tait totalement d\u00e9di\u00e9 \u00e0 la p\u00e9tanque et ceci en plein centre ville de la commune vaudaise.<\/h4>\n<p>Une <strong>3\u00b0 \u00e9dition de l\u2019 International de p\u00e9tanque<\/strong> qui aura \u00e0 nouveau connu un r\u00e9el succ\u00e8s tant sportif que populaire au vu des 2 tribunes bien remplies. Les concours organis\u00e9s en parall\u00e8le de cet International auront vu la participation record d\u2019\u00e9quipes sur le GP V\u00e9t\u00e9rans Roger Taillandier (128 triplettes), Gentleman (16 triplettes), Challenge F. Charbit (200 triplettes), T\u00eate \u00e0 T\u00eate (64 joueurs), Triplettes mixtes (64 formations). Sans compter les 454 \u00e9quipes (dont 8 nations \u00e9trang\u00e8res) inscrites au concours majeur et international !<\/p>\n<p>Un tr\u00e8s beau plateau qui aura permis \u00e0 un club de la r\u00e9gion (Bron Terraillon) de s\u2019imposer en finale face \u00e0 une des meilleurs triplettes de France apr\u00e8s plus d\u2019une heure trente de partie.<\/p>\n<p>\u00bb On va revenir \u00e0 nos bases et redonner une belle image \u00e9corn\u00e9e \u00e0 cet International (suite probl\u00e8mes de tra\u00e7ages de terrains rencontr\u00e9s). On a pu compter sur des b\u00e9n\u00e9voles en or m\u00eame s\u2019ils sont un peu vieillissants et surtout on a fait rayonner notre ville, c\u2019est ce qui nous tenait vraiment \u00e0 coeur !\u00a0\u00bb confiait Fred Veglione, pr\u00e9sident de l\u2019AS P\u00e9tanque Vaulx Village avant le lancement de la finale.<\/p>\n<p><em><strong><span style=\"text-decoration: underline\">Finale de ce 3\u00b0 International de Vaulx en Velin :<\/span><\/strong><\/em><\/p>\n<p><strong>J\u00e9r\u00e9my Hubert\/Michel Reygaza\/Fabrice Uytterhoeven<\/strong> (P\u00e9tanque Bron-Terraillon) battent<br \/>\nJean-Michel Puccinelli\/Ludovic Montoro\/Patrick Hervo (ABC Draguignan) 13\/10.<\/p>\n<div id='gallery-1' class='gallery galleryid-58169 gallery-columns-3 gallery-size-thumbnail'><figure class='gallery-item'>\n\t\t\t<div class='gallery-icon portrait'>\n\t\t\t\t<a href='https:\/\/newsestlyonnais.fr\/site\/2018\/10\/07\/vaulx-en-velin-un-international-de-petanque-de-haute-volee\/newsestlyonnais-affi-int-vaulx-petanque\/'><img loading=\"lazy\" decoding=\"async\" width=\"150\" height=\"150\" src=\"https:\/\/newsestlyonnais.fr\/site\/wp-content\/uploads\/2018\/10\/NEWSESTLYONNAIS-AFFI-INT-VAULX-PETANQUE-150x150.jpg\" class=\"attachment-thumbnail size-thumbnail\" alt=\"NEWSESTLYONNAIS AFFI INT VAULX PETANQUE\" aria-describedby=\"gallery-1-58173\" \/><\/a>\n\t\t\t<\/div>\n\t\t\t\t<figcaption class='wp-caption-text gallery-caption' id='gallery-1-58173'>\n\t\t\t\tL\u2019affiche de l\u2019\u00e9v\u00e8nement ! \n\t\t\t\t<\/figcaption><\/figure><figure class='gallery-item'>\n\t\t\t<div class='gallery-icon landscape'>\n\t\t\t\t<a href='https:\/\/newsestlyonnais.fr\/site\/2018\/10\/07\/vaulx-en-velin-un-international-de-petanque-de-haute-volee\/newsestlyonnais-inter-nat-pet-05\/'><img loading=\"lazy\" decoding=\"async\" width=\"150\" height=\"150\" src=\"https:\/\/newsestlyonnais.fr\/site\/wp-content\/uploads\/2018\/10\/NEWSESTLYONNAIS-INTER-NAT-PET-05-150x150.jpg\" class=\"attachment-thumbnail size-thumbnail\" alt=\"NEWSESTLYONNAIS INTER NAT PET 05\" aria-describedby=\"gallery-1-58195\" \/><\/a>\n\t\t\t<\/div>\n\t\t\t\t<figcaption class='wp-caption-text gallery-caption' id='gallery-1-58195'>\n\t\t\t\tLa s\u00e9lection du Portugal pr\u00e9sente \u00e0 cet International \n\t\t\t\t<\/figcaption><\/figure><figure class='gallery-item'>\n\t\t\t<div class='gallery-icon landscape'>\n\t\t\t\t<a href='https:\/\/newsestlyonnais.fr\/site\/2018\/10\/07\/vaulx-en-velin-un-international-de-petanque-de-haute-volee\/newsestlyonnais-inter-nat-pet-14\/'><img loading=\"lazy\" decoding=\"async\" width=\"150\" height=\"150\" src=\"https:\/\/newsestlyonnais.fr\/site\/wp-content\/uploads\/2018\/10\/NEWSESTLYONNAIS-INTER-NAT-PET-14-150x150.jpg\" class=\"attachment-thumbnail size-thumbnail\" alt=\"NEWSESTLYONNAIS INTER NAT PET 14\" aria-describedby=\"gallery-1-58175\" \/><\/a>\n\t\t\t<\/div>\n\t\t\t\t<figcaption class='wp-caption-text gallery-caption' id='gallery-1-58175'>\n\t\t\t\tLa formation malgache masculine pr\u00e9sente ce week-end \n\t\t\t\t<\/figcaption><\/figure><figure class='gallery-item'>\n\t\t\t<div class='gallery-icon landscape'>\n\t\t\t\t<a href='https:\/\/newsestlyonnais.fr\/site\/2018\/10\/07\/vaulx-en-velin-un-international-de-petanque-de-haute-volee\/newsestlyonnais-inter-nat-pet-11\/'><img loading=\"lazy\" decoding=\"async\" width=\"150\" height=\"150\" src=\"https:\/\/newsestlyonnais.fr\/site\/wp-content\/uploads\/2018\/10\/NEWSESTLYONNAIS-INTER-NAT-PET-11-150x150.jpg\" class=\"attachment-thumbnail size-thumbnail\" alt=\"NEWSESTLYONNAIS INTER NAT PET 11\" aria-describedby=\"gallery-1-58185\" \/><\/a>\n\t\t\t<\/div>\n\t\t\t\t<figcaption class='wp-caption-text gallery-caption' id='gallery-1-58185'>\n\t\t\t\tDe beaux troph\u00e9es mis en jeu pour cet International ! \n\t\t\t\t<\/figcaption><\/figure><figure class='gallery-item'>\n\t\t\t<div class='gallery-icon landscape'>\n\t\t\t\t<a href='https:\/\/newsestlyonnais.fr\/site\/2018\/10\/07\/vaulx-en-velin-un-international-de-petanque-de-haute-volee\/newsestlyonnais-inter-nat-pet-13\/'><img loading=\"lazy\" decoding=\"async\" width=\"150\" height=\"150\" src=\"https:\/\/newsestlyonnais.fr\/site\/wp-content\/uploads\/2018\/10\/NEWSESTLYONNAIS-INTER-NAT-PET-13-150x150.jpg\" class=\"attachment-thumbnail size-thumbnail\" alt=\"NEWSESTLYONNAIS INTER NAT PET 13\" aria-describedby=\"gallery-1-58179\" \/><\/a>\n\t\t\t<\/div>\n\t\t\t\t<figcaption class='wp-caption-text gallery-caption' id='gallery-1-58179'>\n\t\t\t\tLa 2\u00b0 tribune install\u00e9e cette ann\u00e9e \u00e9tait aussi bien remplie ! \n\t\t\t\t<\/figcaption><\/figure><figure class='gallery-item'>\n\t\t\t<div class='gallery-icon landscape'>\n\t\t\t\t<a href='https:\/\/newsestlyonnais.fr\/site\/2018\/10\/07\/vaulx-en-velin-un-international-de-petanque-de-haute-volee\/newsestlyonnais-inter-nat-pet-12\/'><img loading=\"lazy\" decoding=\"async\" width=\"150\" height=\"150\" src=\"https:\/\/newsestlyonnais.fr\/site\/wp-content\/uploads\/2018\/10\/NEWSESTLYONNAIS-INTER-NAT-PET-12-150x150.jpg\" class=\"attachment-thumbnail size-thumbnail\" alt=\"NEWSESTLYONNAIS INTER NAT PET 12\" aria-describedby=\"gallery-1-58181\" \/><\/a>\n\t\t\t<\/div>\n\t\t\t\t<figcaption class='wp-caption-text gallery-caption' id='gallery-1-58181'>\n\t\t\t\tLa triplette tenante du titre et \u00e9limin\u00e9e d\u00e8s les 1\/8\u00b0 de finale ! \n\t\t\t\t<\/figcaption><\/figure><figure class='gallery-item'>\n\t\t\t<div class='gallery-icon landscape'>\n\t\t\t\t<a href='https:\/\/newsestlyonnais.fr\/site\/2018\/10\/07\/vaulx-en-velin-un-international-de-petanque-de-haute-volee\/newsestlyonnais-inter-nat-pet-12-2\/'><img loading=\"lazy\" decoding=\"async\" width=\"150\" height=\"150\" src=\"https:\/\/newsestlyonnais.fr\/site\/wp-content\/uploads\/2018\/10\/NEWSESTLYONNAIS-INTER-NAT-PET-12-2-150x150.jpg\" class=\"attachment-thumbnail size-thumbnail\" alt=\"NEWSESTLYONNAIS INTER NAT PET 12 (2)\" aria-describedby=\"gallery-1-58183\" \/><\/a>\n\t\t\t<\/div>\n\t\t\t\t<figcaption class='wp-caption-text gallery-caption' id='gallery-1-58183'>\n\t\t\t\tLe brondillant Christophe Sarrio a particip\u00e9 \u00e0 cet International \n\t\t\t\t<\/figcaption><\/figure><figure class='gallery-item'>\n\t\t\t<div class='gallery-icon landscape'>\n\t\t\t\t<a href='https:\/\/newsestlyonnais.fr\/site\/2018\/10\/07\/vaulx-en-velin-un-international-de-petanque-de-haute-volee\/newsestlyonnais-inter-nat-pet-10\/'><img loading=\"lazy\" decoding=\"async\" width=\"150\" height=\"150\" src=\"https:\/\/newsestlyonnais.fr\/site\/wp-content\/uploads\/2018\/10\/NEWSESTLYONNAIS-INTER-NAT-PET-10-150x150.jpg\" class=\"attachment-thumbnail size-thumbnail\" alt=\"NEWSESTLYONNAIS INTER NAT PET 10\" aria-describedby=\"gallery-1-58187\" \/><\/a>\n\t\t\t<\/div>\n\t\t\t\t<figcaption class='wp-caption-text gallery-caption' id='gallery-1-58187'>\n\t\t\t\tLe protocole d\u2019avant finale avec la pr\u00e9sentation des \u00e9quipes nationales \n\t\t\t\t<\/figcaption><\/figure><figure class='gallery-item'>\n\t\t\t<div class='gallery-icon landscape'>\n\t\t\t\t<a href='https:\/\/newsestlyonnais.fr\/site\/2018\/10\/07\/vaulx-en-velin-un-international-de-petanque-de-haute-volee\/newsestlyonnais-inter-nat-pet-06\/'><img loading=\"lazy\" decoding=\"async\" width=\"150\" height=\"150\" src=\"https:\/\/newsestlyonnais.fr\/site\/wp-content\/uploads\/2018\/10\/NEWSESTLYONNAIS-INTER-NAT-PET-06-150x150.jpg\" class=\"attachment-thumbnail size-thumbnail\" alt=\"NEWSESTLYONNAIS INTER NAT PET 06\" aria-describedby=\"gallery-1-58193\" \/><\/a>\n\t\t\t<\/div>\n\t\t\t\t<figcaption class='wp-caption-text gallery-caption' id='gallery-1-58193'>\n\t\t\t\tLe discours des officiels avant la grande finale\n\t\t\t\t<\/figcaption><\/figure><figure class='gallery-item'>\n\t\t\t<div class='gallery-icon landscape'>\n\t\t\t\t<a href='https:\/\/newsestlyonnais.fr\/site\/2018\/10\/07\/vaulx-en-velin-un-international-de-petanque-de-haute-volee\/newsestlyonnais-inter-nat-pet-09\/'><img loading=\"lazy\" decoding=\"async\" width=\"150\" height=\"150\" src=\"https:\/\/newsestlyonnais.fr\/site\/wp-content\/uploads\/2018\/10\/NEWSESTLYONNAIS-INTER-NAT-PET-09-150x150.jpg\" class=\"attachment-thumbnail size-thumbnail\" alt=\"NEWSESTLYONNAIS INTER NAT PET 09\" aria-describedby=\"gallery-1-58189\" \/><\/a>\n\t\t\t<\/div>\n\t\t\t\t<figcaption class='wp-caption-text gallery-caption' id='gallery-1-58189'>\n\t\t\t\tDamien Ruiz (speaker de l\u2019\u00e9v\u00e8nement) interviewant Fred Veglione avant la finale \n\t\t\t\t<\/figcaption><\/figure><figure class='gallery-item'>\n\t\t\t<div class='gallery-icon landscape'>\n\t\t\t\t<a href='https:\/\/newsestlyonnais.fr\/site\/2018\/10\/07\/vaulx-en-velin-un-international-de-petanque-de-haute-volee\/newsestlyonnais-inter-nat-pet-02\/'><img loading=\"lazy\" decoding=\"async\" width=\"150\" height=\"150\" src=\"https:\/\/newsestlyonnais.fr\/site\/wp-content\/uploads\/2018\/10\/NEWSESTLYONNAIS-INTER-NAT-PET-02--150x150.jpg\" class=\"attachment-thumbnail size-thumbnail\" alt=\"NEWSESTLYONNAIS INTER NAT PET 02\" aria-describedby=\"gallery-1-58199\" \/><\/a>\n\t\t\t<\/div>\n\t\t\t\t<figcaption class='wp-caption-text gallery-caption' id='gallery-1-58199'>\n\t\t\t\tUne finale comment\u00e9e par le pr\u00e9sident en direct sur Boulistenaute.com ! \n\t\t\t\t<\/figcaption><\/figure><figure class='gallery-item'>\n\t\t\t<div class='gallery-icon landscape'>\n\t\t\t\t<a href='https:\/\/newsestlyonnais.fr\/site\/2018\/10\/07\/vaulx-en-velin-un-international-de-petanque-de-haute-volee\/newsestlyonnais-inter-nat-pet-03\/'><img loading=\"lazy\" decoding=\"async\" width=\"150\" height=\"150\" src=\"https:\/\/newsestlyonnais.fr\/site\/wp-content\/uploads\/2018\/10\/NEWSESTLYONNAIS-INTER-NAT-PET-03-150x150.jpg\" class=\"attachment-thumbnail size-thumbnail\" alt=\"NEWSESTLYONNAIS INTER NAT PET 03\" aria-describedby=\"gallery-1-58198\" \/><\/a>\n\t\t\t<\/div>\n\t\t\t\t<figcaption class='wp-caption-text gallery-caption' id='gallery-1-58198'>\n\t\t\t\tLes 2 \u00e9quipes finalistes et l\u2019arbitre \n\t\t\t\t<\/figcaption><\/figure><figure class='gallery-item'>\n\t\t\t<div class='gallery-icon landscape'>\n\t\t\t\t<a href='https:\/\/newsestlyonnais.fr\/site\/2018\/10\/07\/vaulx-en-velin-un-international-de-petanque-de-haute-volee\/newsestlyonnais-inter-nat-pet-01\/'><img loading=\"lazy\" decoding=\"async\" width=\"150\" height=\"150\" src=\"https:\/\/newsestlyonnais.fr\/site\/wp-content\/uploads\/2018\/10\/NEWSESTLYONNAIS-INTER-NAT-PET-01-150x150.jpg\" class=\"attachment-thumbnail size-thumbnail\" alt=\"NEWSESTLYONNAIS INTER NAT PET 01\" aria-describedby=\"gallery-1-58200\" \/><\/a>\n\t\t\t<\/div>\n\t\t\t\t<figcaption class='wp-caption-text gallery-caption' id='gallery-1-58200'>\n\t\t\t\tUne finale d\u2019une heure 30 achev\u00e9e en faveur des brondillants \n\t\t\t\t<\/figcaption><\/figure><figure class='gallery-item'>\n\t\t\t<div class='gallery-icon landscape'>\n\t\t\t\t<a href='https:\/\/newsestlyonnais.fr\/site\/2018\/10\/07\/vaulx-en-velin-un-international-de-petanque-de-haute-volee\/newsestlyonnais-inter-nat-pet-08\/'><img loading=\"lazy\" decoding=\"async\" width=\"150\" height=\"150\" src=\"https:\/\/newsestlyonnais.fr\/site\/wp-content\/uploads\/2018\/10\/NEWSESTLYONNAIS-INTER-NAT-PET-08-150x150.jpg\" class=\"attachment-thumbnail size-thumbnail\" alt=\"NEWSESTLYONNAIS INTER NAT PET 08\" aria-describedby=\"gallery-1-58190\" \/><\/a>\n\t\t\t<\/div>\n\t\t\t\t<figcaption class='wp-caption-text gallery-caption' id='gallery-1-58190'>\n\t\t\t\tLa formation brondillante vainqueur ce 3\u00b0 International ! \n\t\t\t\t<\/figcaption><\/figure><figure class='gallery-item'>\n\t\t\t<div class='gallery-icon landscape'>\n\t\t\t\t<a href='https:\/\/newsestlyonnais.fr\/site\/2018\/10\/07\/vaulx-en-velin-un-international-de-petanque-de-haute-volee\/newsestlyonnais-inter-nat-pet-07\/'><img loading=\"lazy\" decoding=\"async\" width=\"150\" height=\"150\" src=\"https:\/\/newsestlyonnais.fr\/site\/wp-content\/uploads\/2018\/10\/NEWSESTLYONNAIS-INTER-NAT-PET-07-150x150.jpg\" class=\"attachment-thumbnail size-thumbnail\" alt=\"NEWSESTLYONNAIS INTER NAT PET 07\" aria-describedby=\"gallery-1-58192\" \/><\/a>\n\t\t\t<\/div>\n\t\t\t\t<figcaption class='wp-caption-text gallery-caption' id='gallery-1-58192'>\n\t\t\t\tLa formation de Draguignan finaliste de cet International \n\t\t\t\t<\/figcaption><\/figure><figure class='gallery-item'>\n\t\t\t<div class='gallery-icon landscape'>\n\t\t\t\t<a href='https:\/\/newsestlyonnais.fr\/site\/2018\/10\/07\/vaulx-en-velin-un-international-de-petanque-de-haute-volee\/newsestlyonnais-inter-nat-pet-04\/'><img loading=\"lazy\" decoding=\"async\" width=\"150\" height=\"150\" src=\"https:\/\/newsestlyonnais.fr\/site\/wp-content\/uploads\/2018\/10\/NEWSESTLYONNAIS-INTER-NAT-PET-04-150x150.jpg\" class=\"attachment-thumbnail size-thumbnail\" alt=\"NEWSESTLYONNAIS INTER NAT PET 04\" aria-describedby=\"gallery-1-58197\" \/><\/a>\n\t\t\t<\/div>\n\t\t\t\t<figcaption class='wp-caption-text gallery-caption' id='gallery-1-58197'>\n\t\t\t\tLes finalistes du Challenge Fran\u00e7oise Charbit\/Boulenciel \n\t\t\t\t<\/figcaption><\/figure><figure class='gallery-item'>\n\t\t\t<div class='gallery-icon landscape'>\n\t\t\t\t<a href='https:\/\/newsestlyonnais.fr\/site\/2018\/10\/07\/vaulx-en-velin-un-international-de-petanque-de-haute-volee\/newsestlyonnais-inter-nat-pet-14-2\/'><img loading=\"lazy\" decoding=\"async\" width=\"150\" height=\"150\" src=\"https:\/\/newsestlyonnais.fr\/site\/wp-content\/uploads\/2018\/10\/NEWSESTLYONNAIS-INTER-NAT-PET-14-2-150x150.jpg\" class=\"attachment-thumbnail size-thumbnail\" alt=\"NEWSESTLYONNAIS INTER NAT PET 14 (2)\" aria-describedby=\"gallery-1-58178\" \/><\/a>\n\t\t\t<\/div>\n\t\t\t\t<figcaption class='wp-caption-text gallery-caption' id='gallery-1-58178'>\n\t\t\t\tDavid Dutois, Damien Ruiz et JL Cazemajou avant le d\u00e9but du Gentleman \n\t\t\t\t<\/figcaption><\/figure>\n\t\t<\/div>\n\n","protected":false},"excerpt":{"rendered":"<p>Ce premier week-end d\u2019octobre \u00e9tait totalement d\u00e9di\u00e9 \u00e0 la p\u00e9tanque et ceci en plein centre ville de la commune vaudaise. Une 3\u00b0 \u00e9dition de l\u2019 International de p\u00e9tanque qui aura \u00e0 nouveau connu un r\u00e9el succ\u00e8s tant sportif que populaire au vu des 2 tribunes bien remplies. Les concours organis\u00e9s en parall\u00e8le de cet International [&hellip;]<\/p>\n","protected":false},"author":4,"featured_media":58172,"comment_status":"open","ping_status":"open","sticky":false,"template":"","format":"standard","meta":{"footnotes":""},"categories":[2977,4,2978,28],"tags":[],"class_list":["post-58169","post","type-post","status-publish","format-standard","has-post-thumbnail","hentry","category-boules-petanque-sports","category-evenements-divers","category-petanque-sports","category-vaulx-en-velin"],"yoast_head":"<!-- This site is optimized with the Yoast SEO plugin v27.2 - https:\/\/yoast.com\/product\/yoast-seo-wordpress\/ -->\n<title>VAULX EN VELIN : Un international de P\u00e9tanque de haute vol\u00e9e !<\/title>\n<meta name=\"description\" content=\"VAULX EN VELIN : Un international de P\u00e9tanque de haute vol\u00e9e !\" \/>\n<meta name=\"robots\" content=\"index, follow, max-snippet:-1, max-image-preview:large, max-video-preview:-1\" \/>\n<link rel=\"canonical\" href=\"https:\/\/newsestlyonnais.fr\/site\/2018\/10\/07\/vaulx-en-velin-un-international-de-petanque-de-haute-volee\/\" \/>\n<meta property=\"og:locale\" content=\"fr_FR\" \/>\n<meta property=\"og:type\" content=\"article\" \/>\n<meta property=\"og:title\" content=\"VAULX EN VELIN : Un international de P\u00e9tanque de haute vol\u00e9e !\" \/>\n<meta property=\"og:description\" content=\"VAULX EN VELIN : Un international de P\u00e9tanque de haute vol\u00e9e !\" \/>\n<meta property=\"og:url\" content=\"https:\/\/newsestlyonnais.fr\/site\/2018\/10\/07\/vaulx-en-velin-un-international-de-petanque-de-haute-volee\/\" \/>\n<meta property=\"og:site_name\" content=\"News Est Lyonnais\" \/>\n<meta property=\"article:author\" content=\"https:\/\/www.facebook.com\/pascal.oberson.1?fref=ts\" \/>\n<meta property=\"article:published_time\" content=\"2018-10-07T13:13:59+00:00\" \/>\n<meta property=\"article:modified_time\" content=\"2020-11-03T17:57:35+00:00\" \/>\n<meta property=\"og:image\" content=\"https:\/\/i2.wp.com\/newsestlyonnais.fr\/site\/wp-content\/uploads\/2018\/10\/NEWSESTLYONNAIS-INTERN-PETANQUE-VAULX.jpg?fit=2048%2C1536&ssl=1\" \/>\n\t<meta property=\"og:image:width\" content=\"2048\" \/>\n\t<meta property=\"og:image:height\" content=\"1536\" \/>\n\t<meta property=\"og:image:type\" content=\"image\/jpeg\" \/>\n<meta name=\"author\" content=\"R\u00e9dac. NEWS\" \/>\n<meta name=\"twitter:card\" content=\"summary_large_image\" \/>\n<meta name=\"twitter:label1\" content=\"\u00c9crit par\" \/>\n\t<meta name=\"twitter:data1\" content=\"R\u00e9dac. NEWS\" \/>\n\t<meta name=\"twitter:label2\" content=\"Dur\u00e9e de lecture estim\u00e9e\" \/>\n\t<meta name=\"twitter:data2\" content=\"1 minute\" \/>\n<script type=\"application\/ld+json\" class=\"yoast-schema-graph\">{\"@context\":\"https:\/\/schema.org\",\"@graph\":[{\"@type\":\"Article\",\"@id\":\"https:\/\/newsestlyonnais.fr\/site\/2018\/10\/07\/vaulx-en-velin-un-international-de-petanque-de-haute-volee\/#article\",\"isPartOf\":{\"@id\":\"https:\/\/newsestlyonnais.fr\/site\/2018\/10\/07\/vaulx-en-velin-un-international-de-petanque-de-haute-volee\/\"},\"author\":{\"name\":\"R\u00e9dac. NEWS\",\"@id\":\"https:\/\/newsestlyonnais.fr\/site\/#\/schema\/person\/3230d5615f390bb808365d673001e887\"},\"headline\":\"VAULX-EN-VELIN | Un international de P\u00e9tanque de haute vol\u00e9e !\",\"datePublished\":\"2018-10-07T13:13:59+00:00\",\"dateModified\":\"2020-11-03T17:57:35+00:00\",\"mainEntityOfPage\":{\"@id\":\"https:\/\/newsestlyonnais.fr\/site\/2018\/10\/07\/vaulx-en-velin-un-international-de-petanque-de-haute-volee\/\"},\"wordCount\":259,\"commentCount\":0,\"publisher\":{\"@id\":\"https:\/\/newsestlyonnais.fr\/site\/#organization\"},\"image\":{\"@id\":\"https:\/\/newsestlyonnais.fr\/site\/2018\/10\/07\/vaulx-en-velin-un-international-de-petanque-de-haute-volee\/#primaryimage\"},\"thumbnailUrl\":\"https:\/\/newsestlyonnais.fr\/site\/wp-content\/uploads\/2018\/10\/NEWSESTLYONNAIS-INTERN-PETANQUE-VAULX.jpg\",\"articleSection\":[\"Boules | P\u00e9tanque\",\"Ev\u00e8nements divers\",\"P\u00e9tanque\",\"Vaulx-en-Velin\"],\"inLanguage\":\"fr-FR\",\"potentialAction\":[{\"@type\":\"CommentAction\",\"name\":\"Comment\",\"target\":[\"https:\/\/newsestlyonnais.fr\/site\/2018\/10\/07\/vaulx-en-velin-un-international-de-petanque-de-haute-volee\/#respond\"]}]},{\"@type\":\"WebPage\",\"@id\":\"https:\/\/newsestlyonnais.fr\/site\/2018\/10\/07\/vaulx-en-velin-un-international-de-petanque-de-haute-volee\/\",\"url\":\"https:\/\/newsestlyonnais.fr\/site\/2018\/10\/07\/vaulx-en-velin-un-international-de-petanque-de-haute-volee\/\",\"name\":\"VAULX EN VELIN : Un international de P\u00e9tanque de haute vol\u00e9e !\",\"isPartOf\":{\"@id\":\"https:\/\/newsestlyonnais.fr\/site\/#website\"},\"primaryImageOfPage\":{\"@id\":\"https:\/\/newsestlyonnais.fr\/site\/2018\/10\/07\/vaulx-en-velin-un-international-de-petanque-de-haute-volee\/#primaryimage\"},\"image\":{\"@id\":\"https:\/\/newsestlyonnais.fr\/site\/2018\/10\/07\/vaulx-en-velin-un-international-de-petanque-de-haute-volee\/#primaryimage\"},\"thumbnailUrl\":\"https:\/\/newsestlyonnais.fr\/site\/wp-content\/uploads\/2018\/10\/NEWSESTLYONNAIS-INTERN-PETANQUE-VAULX.jpg\",\"datePublished\":\"2018-10-07T13:13:59+00:00\",\"dateModified\":\"2020-11-03T17:57:35+00:00\",\"description\":\"VAULX EN VELIN : Un international de P\u00e9tanque de haute vol\u00e9e !\",\"breadcrumb\":{\"@id\":\"https:\/\/newsestlyonnais.fr\/site\/2018\/10\/07\/vaulx-en-velin-un-international-de-petanque-de-haute-volee\/#breadcrumb\"},\"inLanguage\":\"fr-FR\",\"potentialAction\":[{\"@type\":\"ReadAction\",\"target\":[\"https:\/\/newsestlyonnais.fr\/site\/2018\/10\/07\/vaulx-en-velin-un-international-de-petanque-de-haute-volee\/\"]}]},{\"@type\":\"ImageObject\",\"inLanguage\":\"fr-FR\",\"@id\":\"https:\/\/newsestlyonnais.fr\/site\/2018\/10\/07\/vaulx-en-velin-un-international-de-petanque-de-haute-volee\/#primaryimage\",\"url\":\"https:\/\/newsestlyonnais.fr\/site\/wp-content\/uploads\/2018\/10\/NEWSESTLYONNAIS-INTERN-PETANQUE-VAULX.jpg\",\"contentUrl\":\"https:\/\/newsestlyonnais.fr\/site\/wp-content\/uploads\/2018\/10\/NEWSESTLYONNAIS-INTERN-PETANQUE-VAULX.jpg\",\"width\":2048,\"height\":1536,\"caption\":\"NEWSESTLYONNAIS INTERN PETANQUE VAULX\"},{\"@type\":\"BreadcrumbList\",\"@id\":\"https:\/\/newsestlyonnais.fr\/site\/2018\/10\/07\/vaulx-en-velin-un-international-de-petanque-de-haute-volee\/#breadcrumb\",\"itemListElement\":[{\"@type\":\"ListItem\",\"position\":1,\"name\":\"Accueil\",\"item\":\"https:\/\/newsestlyonnais.fr\/site\/\"},{\"@type\":\"ListItem\",\"position\":2,\"name\":\"VAULX-EN-VELIN | Un international de P\u00e9tanque de haute vol\u00e9e !\"}]},{\"@type\":\"WebSite\",\"@id\":\"https:\/\/newsestlyonnais.fr\/site\/#website\",\"url\":\"https:\/\/newsestlyonnais.fr\/site\/\",\"name\":\"News Est Lyonnais\",\"description\":\"L&#039;actualit\u00e9 au plus pr\u00e8s\",\"publisher\":{\"@id\":\"https:\/\/newsestlyonnais.fr\/site\/#organization\"},\"potentialAction\":[{\"@type\":\"SearchAction\",\"target\":{\"@type\":\"EntryPoint\",\"urlTemplate\":\"https:\/\/newsestlyonnais.fr\/site\/?s={search_term_string}\"},\"query-input\":{\"@type\":\"PropertyValueSpecification\",\"valueRequired\":true,\"valueName\":\"search_term_string\"}}],\"inLanguage\":\"fr-FR\"},{\"@type\":\"Organization\",\"@id\":\"https:\/\/newsestlyonnais.fr\/site\/#organization\",\"name\":\"News EST LYONNAIS\",\"url\":\"https:\/\/newsestlyonnais.fr\/site\/\",\"logo\":{\"@type\":\"ImageObject\",\"inLanguage\":\"fr-FR\",\"@id\":\"https:\/\/newsestlyonnais.fr\/site\/#\/schema\/logo\/image\/\",\"url\":\"\",\"contentUrl\":\"\",\"caption\":\"News EST LYONNAIS\"},\"image\":{\"@id\":\"https:\/\/newsestlyonnais.fr\/site\/#\/schema\/logo\/image\/\"}},{\"@type\":\"Person\",\"@id\":\"https:\/\/newsestlyonnais.fr\/site\/#\/schema\/person\/3230d5615f390bb808365d673001e887\",\"name\":\"R\u00e9dac. NEWS\",\"sameAs\":[\"http:\/\/www.newsestlyonnais.fr\",\"https:\/\/www.facebook.com\/pascal.oberson.1?fref=ts\",\"https:\/\/fr.linkedin.com\/in\/pascal-oberson-b17045113\"],\"url\":\"https:\/\/newsestlyonnais.fr\/site\/author\/nel\/\"}]}<\/script>\n<!-- \/ Yoast SEO plugin. -->","yoast_head_json":{"title":"VAULX EN VELIN : Un international de P\u00e9tanque de haute vol\u00e9e !","description":"VAULX EN VELIN : Un international de P\u00e9tanque de haute vol\u00e9e !","robots":{"index":"index","follow":"follow","max-snippet":"max-snippet:-1","max-image-preview":"max-image-preview:large","max-video-preview":"max-video-preview:-1"},"canonical":"https:\/\/newsestlyonnais.fr\/site\/2018\/10\/07\/vaulx-en-velin-un-international-de-petanque-de-haute-volee\/","og_locale":"fr_FR","og_type":"article","og_title":"VAULX EN VELIN : Un international de P\u00e9tanque de haute vol\u00e9e !","og_description":"VAULX EN VELIN : Un international de P\u00e9tanque de haute vol\u00e9e !","og_url":"https:\/\/newsestlyonnais.fr\/site\/2018\/10\/07\/vaulx-en-velin-un-international-de-petanque-de-haute-volee\/","og_site_name":"News Est Lyonnais","article_author":"https:\/\/www.facebook.com\/pascal.oberson.1?fref=ts","article_published_time":"2018-10-07T13:13:59+00:00","article_modified_time":"2020-11-03T17:57:35+00:00","og_image":[{"width":2048,"height":1536,"url":"https:\/\/i2.wp.com\/newsestlyonnais.fr\/site\/wp-content\/uploads\/2018\/10\/NEWSESTLYONNAIS-INTERN-PETANQUE-VAULX.jpg?fit=2048%2C1536&ssl=1","type":"image\/jpeg"}],"author":"R\u00e9dac. NEWS","twitter_card":"summary_large_image","twitter_misc":{"\u00c9crit par":"R\u00e9dac. NEWS","Dur\u00e9e de lecture estim\u00e9e":"1 minute"},"schema":{"@context":"https:\/\/schema.org","@graph":[{"@type":"Article","@id":"https:\/\/newsestlyonnais.fr\/site\/2018\/10\/07\/vaulx-en-velin-un-international-de-petanque-de-haute-volee\/#article","isPartOf":{"@id":"https:\/\/newsestlyonnais.fr\/site\/2018\/10\/07\/vaulx-en-velin-un-international-de-petanque-de-haute-volee\/"},"author":{"name":"R\u00e9dac. NEWS","@id":"https:\/\/newsestlyonnais.fr\/site\/#\/schema\/person\/3230d5615f390bb808365d673001e887"},"headline":"VAULX-EN-VELIN | Un international de P\u00e9tanque de haute vol\u00e9e !","datePublished":"2018-10-07T13:13:59+00:00","dateModified":"2020-11-03T17:57:35+00:00","mainEntityOfPage":{"@id":"https:\/\/newsestlyonnais.fr\/site\/2018\/10\/07\/vaulx-en-velin-un-international-de-petanque-de-haute-volee\/"},"wordCount":259,"commentCount":0,"publisher":{"@id":"https:\/\/newsestlyonnais.fr\/site\/#organization"},"image":{"@id":"https:\/\/newsestlyonnais.fr\/site\/2018\/10\/07\/vaulx-en-velin-un-international-de-petanque-de-haute-volee\/#primaryimage"},"thumbnailUrl":"https:\/\/newsestlyonnais.fr\/site\/wp-content\/uploads\/2018\/10\/NEWSESTLYONNAIS-INTERN-PETANQUE-VAULX.jpg","articleSection":["Boules | P\u00e9tanque","Ev\u00e8nements divers","P\u00e9tanque","Vaulx-en-Velin"],"inLanguage":"fr-FR","potentialAction":[{"@type":"CommentAction","name":"Comment","target":["https:\/\/newsestlyonnais.fr\/site\/2018\/10\/07\/vaulx-en-velin-un-international-de-petanque-de-haute-volee\/#respond"]}]},{"@type":"WebPage","@id":"https:\/\/newsestlyonnais.fr\/site\/2018\/10\/07\/vaulx-en-velin-un-international-de-petanque-de-haute-volee\/","url":"https:\/\/newsestlyonnais.fr\/site\/2018\/10\/07\/vaulx-en-velin-un-international-de-petanque-de-haute-volee\/","name":"VAULX EN VELIN : Un international de P\u00e9tanque de haute vol\u00e9e !","isPartOf":{"@id":"https:\/\/newsestlyonnais.fr\/site\/#website"},"primaryImageOfPage":{"@id":"https:\/\/newsestlyonnais.fr\/site\/2018\/10\/07\/vaulx-en-velin-un-international-de-petanque-de-haute-volee\/#primaryimage"},"image":{"@id":"https:\/\/newsestlyonnais.fr\/site\/2018\/10\/07\/vaulx-en-velin-un-international-de-petanque-de-haute-volee\/#primaryimage"},"thumbnailUrl":"https:\/\/newsestlyonnais.fr\/site\/wp-content\/uploads\/2018\/10\/NEWSESTLYONNAIS-INTERN-PETANQUE-VAULX.jpg","datePublished":"2018-10-07T13:13:59+00:00","dateModified":"2020-11-03T17:57:35+00:00","description":"VAULX EN VELIN : Un international de P\u00e9tanque de haute vol\u00e9e !","breadcrumb":{"@id":"https:\/\/newsestlyonnais.fr\/site\/2018\/10\/07\/vaulx-en-velin-un-international-de-petanque-de-haute-volee\/#breadcrumb"},"inLanguage":"fr-FR","potentialAction":[{"@type":"ReadAction","target":["https:\/\/newsestlyonnais.fr\/site\/2018\/10\/07\/vaulx-en-velin-un-international-de-petanque-de-haute-volee\/"]}]},{"@type":"ImageObject","inLanguage":"fr-FR","@id":"https:\/\/newsestlyonnais.fr\/site\/2018\/10\/07\/vaulx-en-velin-un-international-de-petanque-de-haute-volee\/#primaryimage","url":"https:\/\/newsestlyonnais.fr\/site\/wp-content\/uploads\/2018\/10\/NEWSESTLYONNAIS-INTERN-PETANQUE-VAULX.jpg","contentUrl":"https:\/\/newsestlyonnais.fr\/site\/wp-content\/uploads\/2018\/10\/NEWSESTLYONNAIS-INTERN-PETANQUE-VAULX.jpg","width":2048,"height":1536,"caption":"NEWSESTLYONNAIS INTERN PETANQUE VAULX"},{"@type":"BreadcrumbList","@id":"https:\/\/newsestlyonnais.fr\/site\/2018\/10\/07\/vaulx-en-velin-un-international-de-petanque-de-haute-volee\/#breadcrumb","itemListElement":[{"@type":"ListItem","position":1,"name":"Accueil","item":"https:\/\/newsestlyonnais.fr\/site\/"},{"@type":"ListItem","position":2,"name":"VAULX-EN-VELIN | Un international de P\u00e9tanque de haute vol\u00e9e !"}]},{"@type":"WebSite","@id":"https:\/\/newsestlyonnais.fr\/site\/#website","url":"https:\/\/newsestlyonnais.fr\/site\/","name":"News Est Lyonnais","description":"L&#039;actualit\u00e9 au plus pr\u00e8s","publisher":{"@id":"https:\/\/newsestlyonnais.fr\/site\/#organization"},"potentialAction":[{"@type":"SearchAction","target":{"@type":"EntryPoint","urlTemplate":"https:\/\/newsestlyonnais.fr\/site\/?s={search_term_string}"},"query-input":{"@type":"PropertyValueSpecification","valueRequired":true,"valueName":"search_term_string"}}],"inLanguage":"fr-FR"},{"@type":"Organization","@id":"https:\/\/newsestlyonnais.fr\/site\/#organization","name":"News EST LYONNAIS","url":"https:\/\/newsestlyonnais.fr\/site\/","logo":{"@type":"ImageObject","inLanguage":"fr-FR","@id":"https:\/\/newsestlyonnais.fr\/site\/#\/schema\/logo\/image\/","url":"","contentUrl":"","caption":"News EST LYONNAIS"},"image":{"@id":"https:\/\/newsestlyonnais.fr\/site\/#\/schema\/logo\/image\/"}},{"@type":"Person","@id":"https:\/\/newsestlyonnais.fr\/site\/#\/schema\/person\/3230d5615f390bb808365d673001e887","name":"R\u00e9dac. NEWS","sameAs":["http:\/\/www.newsestlyonnais.fr","https:\/\/www.facebook.com\/pascal.oberson.1?fref=ts","https:\/\/fr.linkedin.com\/in\/pascal-oberson-b17045113"],"url":"https:\/\/newsestlyonnais.fr\/site\/author\/nel\/"}]}},"_links":{"self":[{"href":"https:\/\/newsestlyonnais.fr\/site\/wp-json\/wp\/v2\/posts\/58169","targetHints":{"allow":["GET"]}}],"collection":[{"href":"https:\/\/newsestlyonnais.fr\/site\/wp-json\/wp\/v2\/posts"}],"about":[{"href":"https:\/\/newsestlyonnais.fr\/site\/wp-json\/wp\/v2\/types\/post"}],"author":[{"embeddable":true,"href":"https:\/\/newsestlyonnais.fr\/site\/wp-json\/wp\/v2\/users\/4"}],"replies":[{"embeddable":true,"href":"https:\/\/newsestlyonnais.fr\/site\/wp-json\/wp\/v2\/comments?post=58169"}],"version-history":[{"count":0,"href":"https:\/\/newsestlyonnais.fr\/site\/wp-json\/wp\/v2\/posts\/58169\/revisions"}],"wp:featuredmedia":[{"embeddable":true,"href":"https:\/\/newsestlyonnais.fr\/site\/wp-json\/wp\/v2\/media\/58172"}],"wp:attachment":[{"href":"https:\/\/newsestlyonnais.fr\/site\/wp-json\/wp\/v2\/media?parent=58169"}],"wp:term":[{"taxonomy":"category","embeddable":true,"href":"https:\/\/newsestlyonnais.fr\/site\/wp-json\/wp\/v2\/categories?post=58169"},{"taxonomy":"post_tag","embeddable":true,"href":"https:\/\/newsestlyonnais.fr\/site\/wp-json\/wp\/v2\/tags?post=58169"}],"curies":[{"name":"wp","href":"https:\/\/api.w.org\/{rel}","templated":true}]}}