{"id":58272,"date":"2018-10-13T16:15:27","date_gmt":"2018-10-13T15:15:27","guid":{"rendered":"http:\/\/newsestlyonnais.fr\/site\/?p=58272"},"modified":"2020-11-10T11:11:49","modified_gmt":"2020-11-10T10:11:49","slug":"vaulx-en-velin-boules-lyonnaises-les-equipes-jan-p-et-paturel-en-finale-de-la-coupe-de-la-municipalite","status":"publish","type":"post","link":"https:\/\/newsestlyonnais.fr\/site\/2018\/10\/13\/vaulx-en-velin-boules-lyonnaises-les-equipes-jan-p-et-paturel-en-finale-de-la-coupe-de-la-municipalite\/","title":{"rendered":"VAULX-EN-VELIN | Boules Lyonnaises > les \u00e9quipes Jan P. et Paturel en finale de la Coupe de la Municipalit\u00e9"},"content":{"rendered":"<h4>La Coupe de la Municipalit\u00e9, concours de 16 quadrettes (3 &amp; 4\u00b0 division par poules) organis\u00e9 par la Boule Vaudaise, d\u00e9marrait samedi au boulodrome couvert de Vaulx en Velin.<\/h4>\n<p><strong>Un concours qui affichait complet<\/strong> et a vu la participation de bonnes \u00e9quipes r\u00e9gionales Paturel (Corbas), Martel (Bourgoin), Jan (ASBM), Jacon (ALBEU), Bruno (La Boisse), Demia, Pr\u00e9sident du Secteur 07 (ASVEL), 2 \u00e9quipes de Bron (Moussi &amp; Blanchefleur), des formations du secteur Roche (CBV), Fraioli (La Pompe), des locaux C\u00e9Fa\u00cf-Peyratou-Moron-De Groot(pr\u00e9sident de la Vaudaise).<\/p>\n<p>A noter \u00e9galement la pr\u00e9sence d\u2019une \u00e9quipe f\u00e9minine compos\u00e9e d\u2019 Estrella Lago, Lucette Jullian, Sylvette Valour &amp; Isabelle Bergeon) et qu\u2019une 5 \u00b0 femme (Saskia De Groot) jouait dans l\u2019\u00e9quipe Martel.<\/p>\n<p>Un nombreux public s\u2019\u00e9tait d\u00e9plac\u00e9 au boulodrome pour suivre de belles confrontations. Belle prestation de l\u2019 \u00e9quipe Jan P.\u00a0 qui en poule a puni ses adversaires en infligeant 2 bagues et a laiss\u00e9 faire 5 pts \u00e0 leurs adversaires durant le concours. En demi-finales, Paturel M. bataillait dur pour battre l\u2019\u00e9quipe Jacon.<\/p>\n<ul>\n<li><b>\u00a0Perdants 1\/4 finale : <\/b>Roche (CBV) \u2013 Demia (ASVEL) \u2013 Peyratou (La Vaudaise) \u2013 Blanchefleur (Bron)<\/li>\n<li><b>\u00a01\/2 finale : <\/b>Jan P. gagne Colas P.-Laubies P.-Brousse Cl.-Tournier JF (Givors) &amp; Paturel gagne Jacon R.-Durand B.-Theuil D.-Chamoley G.-Ferretti A.(ALBEU)<\/li>\n<\/ul>\n<h4>Les \u00e9quipes Jan P. (ASBM) &amp; Paturel (Corbas) disputeront la finale de la Coupe qui <strong>se d\u00e9roulera vendredi 19 octobre \u00e0 18 heures au boulodrome.<\/strong><\/h4>\n<ul>\n<li><em><strong>\u00a0PHOTO A LA UNE<\/strong><\/em> : Equipe Jacon (ALBEU) en rouge &amp; Paturel (Corbas) en bleu.<\/li>\n<\/ul>\n<div id='gallery-1' class='gallery galleryid-58272 gallery-columns-3 gallery-size-thumbnail'><figure class='gallery-item'>\n\t\t\t<div class='gallery-icon portrait'>\n\t\t\t\t<a href='https:\/\/newsestlyonnais.fr\/site\/2018\/10\/13\/vaulx-en-velin-boules-lyonnaises-les-equipes-jan-p-et-paturel-en-finale-de-la-coupe-de-la-municipalite\/newsestlyonnais-coupe-municipalite-2018ne-page-001-2\/'><img loading=\"lazy\" decoding=\"async\" width=\"150\" height=\"150\" src=\"https:\/\/newsestlyonnais.fr\/site\/wp-content\/uploads\/2018\/10\/NEWSESTLYONNAIS-COUPE-MUNICIPALITE-2018ne-page-001-150x150.jpg\" class=\"attachment-thumbnail size-thumbnail\" alt=\"\" aria-describedby=\"gallery-1-58466\" \/><\/a>\n\t\t\t<\/div>\n\t\t\t\t<figcaption class='wp-caption-text gallery-caption' id='gallery-1-58466'>\n\t\t\t\tL&rsquo;affiche du concours\n\t\t\t\t<\/figcaption><\/figure><figure class='gallery-item'>\n\t\t\t<div class='gallery-icon landscape'>\n\t\t\t\t<a href='https:\/\/newsestlyonnais.fr\/site\/2018\/10\/13\/vaulx-en-velin-boules-lyonnaises-les-equipes-jan-p-et-paturel-en-finale-de-la-coupe-de-la-municipalite\/newsestlyonnais-coupe-municipalite-2018\/'><img loading=\"lazy\" decoding=\"async\" width=\"150\" height=\"150\" src=\"https:\/\/newsestlyonnais.fr\/site\/wp-content\/uploads\/2018\/10\/NEWSESTLYONNAIS-COUPE-MUNICIPALITE-2018-150x150.jpeg\" class=\"attachment-thumbnail size-thumbnail\" alt=\"NEWSESTLYONNAIS COUPE MUNICIPALITE 2018\" aria-describedby=\"gallery-1-58467\" \/><\/a>\n\t\t\t<\/div>\n\t\t\t\t<figcaption class='wp-caption-text gallery-caption' id='gallery-1-58467'>\n\t\t\t\tEquipe Colas (Givors) en noir et Jan (ASBM) en rouge \n\t\t\t\t<\/figcaption><\/figure>\n\t\t<\/div>\n\n","protected":false},"excerpt":{"rendered":"<p>La Coupe de la Municipalit\u00e9, concours de 16 quadrettes (3 &amp; 4\u00b0 division par poules) organis\u00e9 par la Boule Vaudaise, d\u00e9marrait samedi au boulodrome couvert de Vaulx en Velin. Un concours qui affichait complet et a vu la participation de bonnes \u00e9quipes r\u00e9gionales Paturel (Corbas), Martel (Bourgoin), Jan (ASBM), Jacon (ALBEU), Bruno (La Boisse), Demia, [&hellip;]<\/p>\n","protected":false},"author":4,"featured_media":58465,"comment_status":"open","ping_status":"open","sticky":false,"template":"","format":"standard","meta":{"footnotes":""},"categories":[2977,1341,28],"tags":[],"class_list":["post-58272","post","type-post","status-publish","format-standard","has-post-thumbnail","hentry","category-boules-petanque-sports","category-boules-lyonnaises","category-vaulx-en-velin"],"yoast_head":"<!-- This site is optimized with the Yoast SEO plugin v27.2 - https:\/\/yoast.com\/product\/yoast-seo-wordpress\/ -->\n<title>VAULX EN VELIN : Boules Lyonnaises : Les \u00e9quipes Jan P. et Paturel en finale de la Coupe de la Municipalit\u00e9 %titlepagesepsitename%%<\/title>\n<meta name=\"description\" content=\"VAULX EN VELIN : Boules Lyonnaises : Les \u00e9quipes Jan P. et Paturel en finale de la Coupe de la Municipalit\u00e9\" \/>\n<meta name=\"robots\" content=\"index, follow, max-snippet:-1, max-image-preview:large, max-video-preview:-1\" \/>\n<link rel=\"canonical\" href=\"https:\/\/newsestlyonnais.fr\/site\/2018\/10\/13\/vaulx-en-velin-boules-lyonnaises-les-equipes-jan-p-et-paturel-en-finale-de-la-coupe-de-la-municipalite\/\" \/>\n<meta property=\"og:locale\" content=\"fr_FR\" \/>\n<meta property=\"og:type\" content=\"article\" \/>\n<meta property=\"og:title\" content=\"VAULX EN VELIN : Boules Lyonnaises : Les \u00e9quipes Jan P. et Paturel en finale de la Coupe de la Municipalit\u00e9 %titlepagesepsitename%%\" \/>\n<meta property=\"og:description\" content=\"VAULX EN VELIN : Boules Lyonnaises : Les \u00e9quipes Jan P. et Paturel en finale de la Coupe de la Municipalit\u00e9\" \/>\n<meta property=\"og:url\" content=\"https:\/\/newsestlyonnais.fr\/site\/2018\/10\/13\/vaulx-en-velin-boules-lyonnaises-les-equipes-jan-p-et-paturel-en-finale-de-la-coupe-de-la-municipalite\/\" \/>\n<meta property=\"og:site_name\" content=\"News Est Lyonnais\" \/>\n<meta property=\"article:author\" content=\"https:\/\/www.facebook.com\/pascal.oberson.1?fref=ts\" \/>\n<meta property=\"article:published_time\" content=\"2018-10-13T15:15:27+00:00\" \/>\n<meta property=\"article:modified_time\" content=\"2020-11-10T10:11:49+00:00\" \/>\n<meta property=\"og:image\" content=\"https:\/\/i0.wp.com\/newsestlyonnais.fr\/site\/wp-content\/uploads\/2018\/10\/se-d\u00e9roulera-vendredi-19-octobre-\u00e0-18-heures-au-boulodrome..jpeg?fit=500%2C375&ssl=1\" \/>\n\t<meta property=\"og:image:width\" content=\"500\" \/>\n\t<meta property=\"og:image:height\" content=\"375\" \/>\n\t<meta property=\"og:image:type\" content=\"image\/jpeg\" \/>\n<meta name=\"author\" content=\"R\u00e9dac. NEWS\" \/>\n<meta name=\"twitter:card\" content=\"summary_large_image\" \/>\n<meta name=\"twitter:label1\" content=\"\u00c9crit par\" \/>\n\t<meta name=\"twitter:data1\" content=\"R\u00e9dac. NEWS\" \/>\n\t<meta name=\"twitter:label2\" content=\"Dur\u00e9e de lecture estim\u00e9e\" \/>\n\t<meta name=\"twitter:data2\" content=\"1 minute\" \/>\n<script type=\"application\/ld+json\" class=\"yoast-schema-graph\">{\"@context\":\"https:\/\/schema.org\",\"@graph\":[{\"@type\":\"Article\",\"@id\":\"https:\/\/newsestlyonnais.fr\/site\/2018\/10\/13\/vaulx-en-velin-boules-lyonnaises-les-equipes-jan-p-et-paturel-en-finale-de-la-coupe-de-la-municipalite\/#article\",\"isPartOf\":{\"@id\":\"https:\/\/newsestlyonnais.fr\/site\/2018\/10\/13\/vaulx-en-velin-boules-lyonnaises-les-equipes-jan-p-et-paturel-en-finale-de-la-coupe-de-la-municipalite\/\"},\"author\":{\"name\":\"R\u00e9dac. NEWS\",\"@id\":\"https:\/\/newsestlyonnais.fr\/site\/#\/schema\/person\/3230d5615f390bb808365d673001e887\"},\"headline\":\"VAULX-EN-VELIN | Boules Lyonnaises > les \u00e9quipes Jan P. et Paturel en finale de la Coupe de la Municipalit\u00e9\",\"datePublished\":\"2018-10-13T15:15:27+00:00\",\"dateModified\":\"2020-11-10T10:11:49+00:00\",\"mainEntityOfPage\":{\"@id\":\"https:\/\/newsestlyonnais.fr\/site\/2018\/10\/13\/vaulx-en-velin-boules-lyonnaises-les-equipes-jan-p-et-paturel-en-finale-de-la-coupe-de-la-municipalite\/\"},\"wordCount\":268,\"commentCount\":0,\"publisher\":{\"@id\":\"https:\/\/newsestlyonnais.fr\/site\/#organization\"},\"image\":{\"@id\":\"https:\/\/newsestlyonnais.fr\/site\/2018\/10\/13\/vaulx-en-velin-boules-lyonnaises-les-equipes-jan-p-et-paturel-en-finale-de-la-coupe-de-la-municipalite\/#primaryimage\"},\"thumbnailUrl\":\"https:\/\/newsestlyonnais.fr\/site\/wp-content\/uploads\/2018\/10\/se-d\u00e9roulera-vendredi-19-octobre-\u00e0-18-heures-au-boulodrome..jpeg\",\"articleSection\":[\"Boules | P\u00e9tanque\",\"Boules Lyonnaises\",\"Vaulx-en-Velin\"],\"inLanguage\":\"fr-FR\",\"potentialAction\":[{\"@type\":\"CommentAction\",\"name\":\"Comment\",\"target\":[\"https:\/\/newsestlyonnais.fr\/site\/2018\/10\/13\/vaulx-en-velin-boules-lyonnaises-les-equipes-jan-p-et-paturel-en-finale-de-la-coupe-de-la-municipalite\/#respond\"]}]},{\"@type\":\"WebPage\",\"@id\":\"https:\/\/newsestlyonnais.fr\/site\/2018\/10\/13\/vaulx-en-velin-boules-lyonnaises-les-equipes-jan-p-et-paturel-en-finale-de-la-coupe-de-la-municipalite\/\",\"url\":\"https:\/\/newsestlyonnais.fr\/site\/2018\/10\/13\/vaulx-en-velin-boules-lyonnaises-les-equipes-jan-p-et-paturel-en-finale-de-la-coupe-de-la-municipalite\/\",\"name\":\"VAULX EN VELIN : Boules Lyonnaises : Les \u00e9quipes Jan P. et Paturel en finale de la Coupe de la Municipalit\u00e9 %titlepagesepsitename%%\",\"isPartOf\":{\"@id\":\"https:\/\/newsestlyonnais.fr\/site\/#website\"},\"primaryImageOfPage\":{\"@id\":\"https:\/\/newsestlyonnais.fr\/site\/2018\/10\/13\/vaulx-en-velin-boules-lyonnaises-les-equipes-jan-p-et-paturel-en-finale-de-la-coupe-de-la-municipalite\/#primaryimage\"},\"image\":{\"@id\":\"https:\/\/newsestlyonnais.fr\/site\/2018\/10\/13\/vaulx-en-velin-boules-lyonnaises-les-equipes-jan-p-et-paturel-en-finale-de-la-coupe-de-la-municipalite\/#primaryimage\"},\"thumbnailUrl\":\"https:\/\/newsestlyonnais.fr\/site\/wp-content\/uploads\/2018\/10\/se-d\u00e9roulera-vendredi-19-octobre-\u00e0-18-heures-au-boulodrome..jpeg\",\"datePublished\":\"2018-10-13T15:15:27+00:00\",\"dateModified\":\"2020-11-10T10:11:49+00:00\",\"description\":\"VAULX EN VELIN : Boules Lyonnaises : Les \u00e9quipes Jan P. et Paturel en finale de la Coupe de la Municipalit\u00e9\",\"breadcrumb\":{\"@id\":\"https:\/\/newsestlyonnais.fr\/site\/2018\/10\/13\/vaulx-en-velin-boules-lyonnaises-les-equipes-jan-p-et-paturel-en-finale-de-la-coupe-de-la-municipalite\/#breadcrumb\"},\"inLanguage\":\"fr-FR\",\"potentialAction\":[{\"@type\":\"ReadAction\",\"target\":[\"https:\/\/newsestlyonnais.fr\/site\/2018\/10\/13\/vaulx-en-velin-boules-lyonnaises-les-equipes-jan-p-et-paturel-en-finale-de-la-coupe-de-la-municipalite\/\"]}]},{\"@type\":\"ImageObject\",\"inLanguage\":\"fr-FR\",\"@id\":\"https:\/\/newsestlyonnais.fr\/site\/2018\/10\/13\/vaulx-en-velin-boules-lyonnaises-les-equipes-jan-p-et-paturel-en-finale-de-la-coupe-de-la-municipalite\/#primaryimage\",\"url\":\"https:\/\/newsestlyonnais.fr\/site\/wp-content\/uploads\/2018\/10\/se-d\u00e9roulera-vendredi-19-octobre-\u00e0-18-heures-au-boulodrome..jpeg\",\"contentUrl\":\"https:\/\/newsestlyonnais.fr\/site\/wp-content\/uploads\/2018\/10\/se-d\u00e9roulera-vendredi-19-octobre-\u00e0-18-heures-au-boulodrome..jpeg\",\"width\":500,\"height\":375,\"caption\":\"NEWSESTLYONNAIS BOULES VAULX\"},{\"@type\":\"BreadcrumbList\",\"@id\":\"https:\/\/newsestlyonnais.fr\/site\/2018\/10\/13\/vaulx-en-velin-boules-lyonnaises-les-equipes-jan-p-et-paturel-en-finale-de-la-coupe-de-la-municipalite\/#breadcrumb\",\"itemListElement\":[{\"@type\":\"ListItem\",\"position\":1,\"name\":\"Accueil\",\"item\":\"https:\/\/newsestlyonnais.fr\/site\/\"},{\"@type\":\"ListItem\",\"position\":2,\"name\":\"VAULX-EN-VELIN | Boules Lyonnaises > les \u00e9quipes Jan P. et Paturel en finale de la Coupe de la Municipalit\u00e9\"}]},{\"@type\":\"WebSite\",\"@id\":\"https:\/\/newsestlyonnais.fr\/site\/#website\",\"url\":\"https:\/\/newsestlyonnais.fr\/site\/\",\"name\":\"News Est Lyonnais\",\"description\":\"L&#039;actualit\u00e9 au plus pr\u00e8s\",\"publisher\":{\"@id\":\"https:\/\/newsestlyonnais.fr\/site\/#organization\"},\"potentialAction\":[{\"@type\":\"SearchAction\",\"target\":{\"@type\":\"EntryPoint\",\"urlTemplate\":\"https:\/\/newsestlyonnais.fr\/site\/?s={search_term_string}\"},\"query-input\":{\"@type\":\"PropertyValueSpecification\",\"valueRequired\":true,\"valueName\":\"search_term_string\"}}],\"inLanguage\":\"fr-FR\"},{\"@type\":\"Organization\",\"@id\":\"https:\/\/newsestlyonnais.fr\/site\/#organization\",\"name\":\"News EST LYONNAIS\",\"url\":\"https:\/\/newsestlyonnais.fr\/site\/\",\"logo\":{\"@type\":\"ImageObject\",\"inLanguage\":\"fr-FR\",\"@id\":\"https:\/\/newsestlyonnais.fr\/site\/#\/schema\/logo\/image\/\",\"url\":\"\",\"contentUrl\":\"\",\"caption\":\"News EST LYONNAIS\"},\"image\":{\"@id\":\"https:\/\/newsestlyonnais.fr\/site\/#\/schema\/logo\/image\/\"}},{\"@type\":\"Person\",\"@id\":\"https:\/\/newsestlyonnais.fr\/site\/#\/schema\/person\/3230d5615f390bb808365d673001e887\",\"name\":\"R\u00e9dac. NEWS\",\"sameAs\":[\"http:\/\/www.newsestlyonnais.fr\",\"https:\/\/www.facebook.com\/pascal.oberson.1?fref=ts\",\"https:\/\/fr.linkedin.com\/in\/pascal-oberson-b17045113\"],\"url\":\"https:\/\/newsestlyonnais.fr\/site\/author\/nel\/\"}]}<\/script>\n<!-- \/ Yoast SEO plugin. -->","yoast_head_json":{"title":"VAULX EN VELIN : Boules Lyonnaises : Les \u00e9quipes Jan P. et Paturel en finale de la Coupe de la Municipalit\u00e9 %titlepagesepsitename%%","description":"VAULX EN VELIN : Boules Lyonnaises : Les \u00e9quipes Jan P. et Paturel en finale de la Coupe de la Municipalit\u00e9","robots":{"index":"index","follow":"follow","max-snippet":"max-snippet:-1","max-image-preview":"max-image-preview:large","max-video-preview":"max-video-preview:-1"},"canonical":"https:\/\/newsestlyonnais.fr\/site\/2018\/10\/13\/vaulx-en-velin-boules-lyonnaises-les-equipes-jan-p-et-paturel-en-finale-de-la-coupe-de-la-municipalite\/","og_locale":"fr_FR","og_type":"article","og_title":"VAULX EN VELIN : Boules Lyonnaises : Les \u00e9quipes Jan P. et Paturel en finale de la Coupe de la Municipalit\u00e9 %titlepagesepsitename%%","og_description":"VAULX EN VELIN : Boules Lyonnaises : Les \u00e9quipes Jan P. et Paturel en finale de la Coupe de la Municipalit\u00e9","og_url":"https:\/\/newsestlyonnais.fr\/site\/2018\/10\/13\/vaulx-en-velin-boules-lyonnaises-les-equipes-jan-p-et-paturel-en-finale-de-la-coupe-de-la-municipalite\/","og_site_name":"News Est Lyonnais","article_author":"https:\/\/www.facebook.com\/pascal.oberson.1?fref=ts","article_published_time":"2018-10-13T15:15:27+00:00","article_modified_time":"2020-11-10T10:11:49+00:00","og_image":[{"width":500,"height":375,"url":"https:\/\/i0.wp.com\/newsestlyonnais.fr\/site\/wp-content\/uploads\/2018\/10\/se-d\u00e9roulera-vendredi-19-octobre-\u00e0-18-heures-au-boulodrome..jpeg?fit=500%2C375&ssl=1","type":"image\/jpeg"}],"author":"R\u00e9dac. NEWS","twitter_card":"summary_large_image","twitter_misc":{"\u00c9crit par":"R\u00e9dac. NEWS","Dur\u00e9e de lecture estim\u00e9e":"1 minute"},"schema":{"@context":"https:\/\/schema.org","@graph":[{"@type":"Article","@id":"https:\/\/newsestlyonnais.fr\/site\/2018\/10\/13\/vaulx-en-velin-boules-lyonnaises-les-equipes-jan-p-et-paturel-en-finale-de-la-coupe-de-la-municipalite\/#article","isPartOf":{"@id":"https:\/\/newsestlyonnais.fr\/site\/2018\/10\/13\/vaulx-en-velin-boules-lyonnaises-les-equipes-jan-p-et-paturel-en-finale-de-la-coupe-de-la-municipalite\/"},"author":{"name":"R\u00e9dac. NEWS","@id":"https:\/\/newsestlyonnais.fr\/site\/#\/schema\/person\/3230d5615f390bb808365d673001e887"},"headline":"VAULX-EN-VELIN | Boules Lyonnaises > les \u00e9quipes Jan P. et Paturel en finale de la Coupe de la Municipalit\u00e9","datePublished":"2018-10-13T15:15:27+00:00","dateModified":"2020-11-10T10:11:49+00:00","mainEntityOfPage":{"@id":"https:\/\/newsestlyonnais.fr\/site\/2018\/10\/13\/vaulx-en-velin-boules-lyonnaises-les-equipes-jan-p-et-paturel-en-finale-de-la-coupe-de-la-municipalite\/"},"wordCount":268,"commentCount":0,"publisher":{"@id":"https:\/\/newsestlyonnais.fr\/site\/#organization"},"image":{"@id":"https:\/\/newsestlyonnais.fr\/site\/2018\/10\/13\/vaulx-en-velin-boules-lyonnaises-les-equipes-jan-p-et-paturel-en-finale-de-la-coupe-de-la-municipalite\/#primaryimage"},"thumbnailUrl":"https:\/\/newsestlyonnais.fr\/site\/wp-content\/uploads\/2018\/10\/se-d\u00e9roulera-vendredi-19-octobre-\u00e0-18-heures-au-boulodrome..jpeg","articleSection":["Boules | P\u00e9tanque","Boules Lyonnaises","Vaulx-en-Velin"],"inLanguage":"fr-FR","potentialAction":[{"@type":"CommentAction","name":"Comment","target":["https:\/\/newsestlyonnais.fr\/site\/2018\/10\/13\/vaulx-en-velin-boules-lyonnaises-les-equipes-jan-p-et-paturel-en-finale-de-la-coupe-de-la-municipalite\/#respond"]}]},{"@type":"WebPage","@id":"https:\/\/newsestlyonnais.fr\/site\/2018\/10\/13\/vaulx-en-velin-boules-lyonnaises-les-equipes-jan-p-et-paturel-en-finale-de-la-coupe-de-la-municipalite\/","url":"https:\/\/newsestlyonnais.fr\/site\/2018\/10\/13\/vaulx-en-velin-boules-lyonnaises-les-equipes-jan-p-et-paturel-en-finale-de-la-coupe-de-la-municipalite\/","name":"VAULX EN VELIN : Boules Lyonnaises : Les \u00e9quipes Jan P. et Paturel en finale de la Coupe de la Municipalit\u00e9 %titlepagesepsitename%%","isPartOf":{"@id":"https:\/\/newsestlyonnais.fr\/site\/#website"},"primaryImageOfPage":{"@id":"https:\/\/newsestlyonnais.fr\/site\/2018\/10\/13\/vaulx-en-velin-boules-lyonnaises-les-equipes-jan-p-et-paturel-en-finale-de-la-coupe-de-la-municipalite\/#primaryimage"},"image":{"@id":"https:\/\/newsestlyonnais.fr\/site\/2018\/10\/13\/vaulx-en-velin-boules-lyonnaises-les-equipes-jan-p-et-paturel-en-finale-de-la-coupe-de-la-municipalite\/#primaryimage"},"thumbnailUrl":"https:\/\/newsestlyonnais.fr\/site\/wp-content\/uploads\/2018\/10\/se-d\u00e9roulera-vendredi-19-octobre-\u00e0-18-heures-au-boulodrome..jpeg","datePublished":"2018-10-13T15:15:27+00:00","dateModified":"2020-11-10T10:11:49+00:00","description":"VAULX EN VELIN : Boules Lyonnaises : Les \u00e9quipes Jan P. et Paturel en finale de la Coupe de la Municipalit\u00e9","breadcrumb":{"@id":"https:\/\/newsestlyonnais.fr\/site\/2018\/10\/13\/vaulx-en-velin-boules-lyonnaises-les-equipes-jan-p-et-paturel-en-finale-de-la-coupe-de-la-municipalite\/#breadcrumb"},"inLanguage":"fr-FR","potentialAction":[{"@type":"ReadAction","target":["https:\/\/newsestlyonnais.fr\/site\/2018\/10\/13\/vaulx-en-velin-boules-lyonnaises-les-equipes-jan-p-et-paturel-en-finale-de-la-coupe-de-la-municipalite\/"]}]},{"@type":"ImageObject","inLanguage":"fr-FR","@id":"https:\/\/newsestlyonnais.fr\/site\/2018\/10\/13\/vaulx-en-velin-boules-lyonnaises-les-equipes-jan-p-et-paturel-en-finale-de-la-coupe-de-la-municipalite\/#primaryimage","url":"https:\/\/newsestlyonnais.fr\/site\/wp-content\/uploads\/2018\/10\/se-d\u00e9roulera-vendredi-19-octobre-\u00e0-18-heures-au-boulodrome..jpeg","contentUrl":"https:\/\/newsestlyonnais.fr\/site\/wp-content\/uploads\/2018\/10\/se-d\u00e9roulera-vendredi-19-octobre-\u00e0-18-heures-au-boulodrome..jpeg","width":500,"height":375,"caption":"NEWSESTLYONNAIS BOULES VAULX"},{"@type":"BreadcrumbList","@id":"https:\/\/newsestlyonnais.fr\/site\/2018\/10\/13\/vaulx-en-velin-boules-lyonnaises-les-equipes-jan-p-et-paturel-en-finale-de-la-coupe-de-la-municipalite\/#breadcrumb","itemListElement":[{"@type":"ListItem","position":1,"name":"Accueil","item":"https:\/\/newsestlyonnais.fr\/site\/"},{"@type":"ListItem","position":2,"name":"VAULX-EN-VELIN | Boules Lyonnaises > les \u00e9quipes Jan P. et Paturel en finale de la Coupe de la Municipalit\u00e9"}]},{"@type":"WebSite","@id":"https:\/\/newsestlyonnais.fr\/site\/#website","url":"https:\/\/newsestlyonnais.fr\/site\/","name":"News Est Lyonnais","description":"L&#039;actualit\u00e9 au plus pr\u00e8s","publisher":{"@id":"https:\/\/newsestlyonnais.fr\/site\/#organization"},"potentialAction":[{"@type":"SearchAction","target":{"@type":"EntryPoint","urlTemplate":"https:\/\/newsestlyonnais.fr\/site\/?s={search_term_string}"},"query-input":{"@type":"PropertyValueSpecification","valueRequired":true,"valueName":"search_term_string"}}],"inLanguage":"fr-FR"},{"@type":"Organization","@id":"https:\/\/newsestlyonnais.fr\/site\/#organization","name":"News EST LYONNAIS","url":"https:\/\/newsestlyonnais.fr\/site\/","logo":{"@type":"ImageObject","inLanguage":"fr-FR","@id":"https:\/\/newsestlyonnais.fr\/site\/#\/schema\/logo\/image\/","url":"","contentUrl":"","caption":"News EST LYONNAIS"},"image":{"@id":"https:\/\/newsestlyonnais.fr\/site\/#\/schema\/logo\/image\/"}},{"@type":"Person","@id":"https:\/\/newsestlyonnais.fr\/site\/#\/schema\/person\/3230d5615f390bb808365d673001e887","name":"R\u00e9dac. NEWS","sameAs":["http:\/\/www.newsestlyonnais.fr","https:\/\/www.facebook.com\/pascal.oberson.1?fref=ts","https:\/\/fr.linkedin.com\/in\/pascal-oberson-b17045113"],"url":"https:\/\/newsestlyonnais.fr\/site\/author\/nel\/"}]}},"_links":{"self":[{"href":"https:\/\/newsestlyonnais.fr\/site\/wp-json\/wp\/v2\/posts\/58272","targetHints":{"allow":["GET"]}}],"collection":[{"href":"https:\/\/newsestlyonnais.fr\/site\/wp-json\/wp\/v2\/posts"}],"about":[{"href":"https:\/\/newsestlyonnais.fr\/site\/wp-json\/wp\/v2\/types\/post"}],"author":[{"embeddable":true,"href":"https:\/\/newsestlyonnais.fr\/site\/wp-json\/wp\/v2\/users\/4"}],"replies":[{"embeddable":true,"href":"https:\/\/newsestlyonnais.fr\/site\/wp-json\/wp\/v2\/comments?post=58272"}],"version-history":[{"count":0,"href":"https:\/\/newsestlyonnais.fr\/site\/wp-json\/wp\/v2\/posts\/58272\/revisions"}],"wp:featuredmedia":[{"embeddable":true,"href":"https:\/\/newsestlyonnais.fr\/site\/wp-json\/wp\/v2\/media\/58465"}],"wp:attachment":[{"href":"https:\/\/newsestlyonnais.fr\/site\/wp-json\/wp\/v2\/media?parent=58272"}],"wp:term":[{"taxonomy":"category","embeddable":true,"href":"https:\/\/newsestlyonnais.fr\/site\/wp-json\/wp\/v2\/categories?post=58272"},{"taxonomy":"post_tag","embeddable":true,"href":"https:\/\/newsestlyonnais.fr\/site\/wp-json\/wp\/v2\/tags?post=58272"}],"curies":[{"name":"wp","href":"https:\/\/api.w.org\/{rel}","templated":true}]}}