{"id":58291,"date":"2018-10-12T15:52:07","date_gmt":"2018-10-12T14:52:07","guid":{"rendered":"http:\/\/newsestlyonnais.fr\/site\/?p=58291"},"modified":"2020-11-16T11:24:54","modified_gmt":"2020-11-16T10:24:54","slug":"mions-deux-nouveaux-terrains-de-tennis-inaugures-samedi-matin","status":"publish","type":"post","link":"https:\/\/newsestlyonnais.fr\/site\/2018\/10\/12\/mions-deux-nouveaux-terrains-de-tennis-inaugures-samedi-matin\/","title":{"rendered":"MIONS | Deux nouveaux terrains de tennis inaugur\u00e9s samedi matin"},"content":{"rendered":"<h4><span style=\"font-size: large\">Il y avait foule samedi matin pour cet \u00e9v\u00e8nement important pour la vie locale et pour le d\u00e9veloppement du Tennis Club de Mions.<\/span><\/h4>\n<p>De nombreuses personnalit\u00e9s comme <span class=\"st\">\u00c9tienne Blanc (1\u00b0 vice-pr\u00e9sident de la r\u00e9gion Auvergne Rh\u00f4ne-Alpes), Claude Cohen (maire de Mions), Patrick Luquet (repr\u00e9sentant la F\u00e9d\u00e9ration Fran\u00e7aise de Tennis, responsable du d\u00e9veloppement des clubs sur la r\u00e9gion AURA),\u00a0Jean Michel Saponara (adjoint aux sports), Philippe Tarri (pr\u00e9sident de l&rsquo;OMS de Mions) \u00e9taient entre autres, pr\u00e9sentes pour cette inauguration officielle.<br \/>\n<\/span><\/p>\n<p>St\u00e9phane Bellintani, le pr\u00e9sident du TC MIONS a, lors de son discours de bienvenue indiqu\u00e9 : \u00a0\u00bb Inaugurer ces terrains est un moment fort pour notre club et je voudrais remercier un certain nombre de personnes. Tous les projets que je soumettais pour le club ont \u00e9t\u00e9 men\u00e9s \u00e0 bien 2 ans apr\u00e8s\u00a0: pour exemple, les plus importants\u00a0: r\u00e9paration des terrains 3 et 4, r\u00e9novation du club house et donc aujourd\u2019hui refonte compl\u00e8te des terrains 1 et 2 qui \u00e9taient les 2 premiers terrains cr\u00e9es dans les ann\u00e9es 70 et n\u2019avaient jamais \u00e9t\u00e9 refaits avant.<\/p>\n<p>Il a fallu aussi du soutien ext\u00e9rieur et \u00e0 ce titre je voudrais remercier la r\u00e9gion Rh\u00f4ne-Alpes, son soutien financier a \u00e9t\u00e9 d\u00e9cisif et la F\u00e9d\u00e9ration Fran\u00e7aise de Tennis pour l\u2019aide financi\u00e8re que nous avons eu, mais \u00e9galement pour tous les pr\u00e9cieux conseils que nous recevons de Sylvie Sorg depuis 2 ans et pour l\u2019 accompagnement sp\u00e9cifique de St\u00e9phane Costarella sur ce projet. Tes conseils ont \u00e9t\u00e9 pr\u00e9cieux et avis\u00e9s et cette r\u00e9ussite est aussi la tienne.<\/p>\n<p>Cette inauguration \u00e0 mes yeux n\u2019est qu\u2019une \u00e9tape, nous esp\u00e9rons pouvoir compter sur votre aide pour la cr\u00e9ation de 2 nouveaux courts couverts et d\u2019un nouveau lieu de vie dans les prochains mois\u2026 euh pardon ann\u00e9e !. Au-del\u00e0 des chiffres \u00e9nonc\u00e9s, je pense que ce que nous avons r\u00e9ussi \u00e0 construire c\u2019est une aventure humaine, on a transform\u00e9 un sport par essence tr\u00e8s individualiste en une aventure collective ou se m\u00ealent entraide, partage, fiert\u00e9 d\u2019appartenance et esprit d\u2019\u00e9quipe. Plus que tout chiffre ou tout troph\u00e9e, cet esprit d\u2019\u00e9quipe est pour moi la plus belle des r\u00e9compenses possibles ! Et c\u2019est un travail de longue haleine que nous avons fait avec l\u2019\u00e9quipe de b\u00e9n\u00e9voles qui m\u2019entoure : St\u00e9phanie Colonna (gardienne du temple, travailleuse de l\u2019ombre), Florence Savalle (autre travailleuse de l\u2019ombre, toujours pr\u00e9sente dans les moments importants on sait qu\u2019on peut compter sur elle\u00a0!), Nabila (derni\u00e8re arriv\u00e9e dans le bureau, comme les autres filles, ultra carr\u00e9e et consciencieuse), Mathieu Garnier (mon vice-pr\u00e9sident, le club est sa 2\u00b0 maison, il est n\u00e9 sur les terrains), Fred Begon (qui sait tout faire, peindre le nom de la ville sur les terrains, pr\u00e9parer des saucisses frites pour 50 enfants morts de faim, r\u00e9parer tout ce qui est cass\u00e9, bref il est au bricolage ce que Federer est au tennis ! ).<\/p>\n<p>Et je n\u2019oublie pas l\u2019\u00e9quipe enseignante, maillon essentiel de la vie d\u2019un club, Jean Laurent, Nicolas et Philippe qui sont en charge de l\u2019\u00e9cole de tennis enfant et des cours adultes. Il faut aussi remercier toutes celles et ceux qui se mobilisent lors de nos temps forts : les permanences pour le tournoi par exemple, ou pour repr\u00e9senter le club lors des \u00e9v\u00e9nements organis\u00e9s par la commune ou l\u2019OMS. Enfin merci \u00e0 tous pour la confiance que vous m\u2019accordez c\u2019est un honneur d\u2019\u00eatre votre pr\u00e9sident\u00a0! \u00a0\u00bb<\/p>\n<p><strong><span style=\"font-size: large\">Le Tennis Club de Mions en bref :<\/span><\/strong><\/p>\n<ul>\n<li>en <span style=\"font-size: large\">2015\u00a0: 158 adh\u00e9rents.<\/span><\/li>\n<li>70 nouveaux adh\u00e9rents cette ann\u00e9e.<\/li>\n<li><span style=\"font-size: large\">2<\/span><span style=\"font-size: large\">50 aujourd\u2019hui, et avec les personnes qui prendront des cotisations saisonni\u00e8res, le club devrait finir l\u2019ann\u00e9e aux alentours de 270\/280.<\/span><\/li>\n<li><span style=\"font-size: large\">3 salari\u00e9s\u00a0: Jean Laurent, Nicolas et Philippe qui entrainent les enfants et les adultes.<\/span><\/li>\n<li><span style=\"font-size: large\">des stages organis\u00e9s pendant les vacances scolaires, avec notamment 50 enfants sur 2 semaines l\u2019\u00e9t\u00e9 dernier.<\/span><\/li>\n<\/ul>\n<h4>Retrouvez l&rsquo;ACTU du club sur : <a href=\"https:\/\/www.facebook.com\/tcmions\" target=\"_blank\" rel=\"noopener noreferrer\">https:\/\/www.facebook.com\/tcmions<\/a><\/h4>\n<div id='gallery-1' class='gallery galleryid-58291 gallery-columns-3 gallery-size-thumbnail'><figure class='gallery-item'>\n\t\t\t<div class='gallery-icon landscape'>\n\t\t\t\t<a href='https:\/\/newsestlyonnais.fr\/site\/2018\/10\/12\/mions-deux-nouveaux-terrains-de-tennis-inaugures-samedi-matin\/newsestlyonnais-inaug-terrains-tennis-01\/'><img loading=\"lazy\" decoding=\"async\" width=\"150\" height=\"150\" src=\"https:\/\/newsestlyonnais.fr\/site\/wp-content\/uploads\/2018\/10\/NEWSESTLYONNAIS-INAUG-TERRAINS-TENNIS-01-150x150.jpg\" class=\"attachment-thumbnail size-thumbnail\" alt=\"NEWSESTLYONNAIS INAUG TERRAINS TENNIS 01\" aria-describedby=\"gallery-1-58309\" \/><\/a>\n\t\t\t<\/div>\n\t\t\t\t<figcaption class='wp-caption-text gallery-caption' id='gallery-1-58309'>\n\t\t\t\tLe traditionnel et officiel couper de ruban \n\t\t\t\t<\/figcaption><\/figure><figure class='gallery-item'>\n\t\t\t<div class='gallery-icon landscape'>\n\t\t\t\t<a href='https:\/\/newsestlyonnais.fr\/site\/2018\/10\/12\/mions-deux-nouveaux-terrains-de-tennis-inaugures-samedi-matin\/newsestlyonnais-inaug-terrains-tennis-03\/'><img loading=\"lazy\" decoding=\"async\" width=\"150\" height=\"150\" src=\"https:\/\/newsestlyonnais.fr\/site\/wp-content\/uploads\/2018\/10\/NEWSESTLYONNAIS-INAUG-TERRAINS-TENNIS-03-150x150.jpg\" class=\"attachment-thumbnail size-thumbnail\" alt=\"NEWSESTLYONNAIS INAUG TERRAINS TENNIS 03\" aria-describedby=\"gallery-1-58310\" \/><\/a>\n\t\t\t<\/div>\n\t\t\t\t<figcaption class='wp-caption-text gallery-caption' id='gallery-1-58310'>\n\t\t\t\tUne belle affleunce pour cette inauguration\n\t\t\t\t<\/figcaption><\/figure><figure class='gallery-item'>\n\t\t\t<div class='gallery-icon landscape'>\n\t\t\t\t<a href='https:\/\/newsestlyonnais.fr\/site\/2018\/10\/12\/mions-deux-nouveaux-terrains-de-tennis-inaugures-samedi-matin\/newsestlyonnais-inaug-terrains-tennis-04\/'><img loading=\"lazy\" decoding=\"async\" width=\"150\" height=\"150\" src=\"https:\/\/newsestlyonnais.fr\/site\/wp-content\/uploads\/2018\/10\/NEWSESTLYONNAIS-INAUG-TERRAINS-TENNIS-04-150x150.jpg\" class=\"attachment-thumbnail size-thumbnail\" alt=\"NEWSESTLYONNAIS INAUG TERRAINS TENNIS 04\" \/><\/a>\n\t\t\t<\/div><\/figure>\n\t\t<\/div>\n\n<p>&nbsp;<\/p>\n<p>&nbsp;<\/p>\n<p><span style=\"font-size: large\">\u00a0<\/span><\/p>\n<p>&nbsp;<\/p>\n<p><span style=\"font-size: large\">\u00a0<\/span><\/p>\n<p>&nbsp;<\/p>\n<p>&nbsp;<\/p>\n","protected":false},"excerpt":{"rendered":"<p>Il y avait foule samedi matin pour cet \u00e9v\u00e8nement important pour la vie locale et pour le d\u00e9veloppement du Tennis Club de Mions. De nombreuses personnalit\u00e9s comme \u00c9tienne Blanc (1\u00b0 vice-pr\u00e9sident de la r\u00e9gion Auvergne Rh\u00f4ne-Alpes), Claude Cohen (maire de Mions), Patrick Luquet (repr\u00e9sentant la F\u00e9d\u00e9ration Fran\u00e7aise de Tennis, responsable du d\u00e9veloppement des clubs sur [&hellip;]<\/p>\n","protected":false},"author":4,"featured_media":58307,"comment_status":"open","ping_status":"open","sticky":false,"template":"","format":"standard","meta":{"footnotes":""},"categories":[1286,2992,2991],"tags":[],"class_list":["post-58291","post","type-post","status-publish","format-standard","has-post-thumbnail","hentry","category-mions","category-tennis-padel","category-tennis-tennis-table-sports"],"yoast_head":"<!-- This site is optimized with the Yoast SEO plugin v27.2 - https:\/\/yoast.com\/product\/yoast-seo-wordpress\/ -->\n<title>MIONS : Deux nouveaux terrains de tennis inaugur\u00e9s samedi matin<\/title>\n<meta name=\"description\" content=\"MIONS : Deux nouveaux terrains de tennis inaugur\u00e9s samedi matin\" \/>\n<meta name=\"robots\" content=\"index, follow, max-snippet:-1, max-image-preview:large, max-video-preview:-1\" \/>\n<link rel=\"canonical\" href=\"https:\/\/newsestlyonnais.fr\/site\/2018\/10\/12\/mions-deux-nouveaux-terrains-de-tennis-inaugures-samedi-matin\/\" \/>\n<meta property=\"og:locale\" content=\"fr_FR\" \/>\n<meta property=\"og:type\" content=\"article\" \/>\n<meta property=\"og:title\" content=\"MIONS : Deux nouveaux terrains de tennis inaugur\u00e9s samedi matin\" \/>\n<meta property=\"og:description\" content=\"MIONS : Deux nouveaux terrains de tennis inaugur\u00e9s samedi matin\" \/>\n<meta property=\"og:url\" content=\"https:\/\/newsestlyonnais.fr\/site\/2018\/10\/12\/mions-deux-nouveaux-terrains-de-tennis-inaugures-samedi-matin\/\" \/>\n<meta property=\"og:site_name\" content=\"News Est Lyonnais\" \/>\n<meta property=\"article:author\" content=\"https:\/\/www.facebook.com\/pascal.oberson.1?fref=ts\" \/>\n<meta property=\"article:published_time\" content=\"2018-10-12T14:52:07+00:00\" \/>\n<meta property=\"article:modified_time\" content=\"2020-11-16T10:24:54+00:00\" \/>\n<meta property=\"og:image\" content=\"https:\/\/i0.wp.com\/newsestlyonnais.fr\/site\/wp-content\/uploads\/2018\/10\/NEWSESTLYONNAIS-INAUG-TERRAINS-TENNIS-02.jpg?fit=960%2C640&ssl=1\" \/>\n\t<meta property=\"og:image:width\" content=\"960\" \/>\n\t<meta property=\"og:image:height\" content=\"640\" \/>\n\t<meta property=\"og:image:type\" content=\"image\/jpeg\" \/>\n<meta name=\"author\" content=\"R\u00e9dac. NEWS\" \/>\n<meta name=\"twitter:card\" content=\"summary_large_image\" \/>\n<meta name=\"twitter:label1\" content=\"\u00c9crit par\" \/>\n\t<meta name=\"twitter:data1\" content=\"R\u00e9dac. NEWS\" \/>\n\t<meta name=\"twitter:label2\" content=\"Dur\u00e9e de lecture estim\u00e9e\" \/>\n\t<meta name=\"twitter:data2\" content=\"3 minutes\" \/>\n<script type=\"application\/ld+json\" class=\"yoast-schema-graph\">{\"@context\":\"https:\/\/schema.org\",\"@graph\":[{\"@type\":\"Article\",\"@id\":\"https:\/\/newsestlyonnais.fr\/site\/2018\/10\/12\/mions-deux-nouveaux-terrains-de-tennis-inaugures-samedi-matin\/#article\",\"isPartOf\":{\"@id\":\"https:\/\/newsestlyonnais.fr\/site\/2018\/10\/12\/mions-deux-nouveaux-terrains-de-tennis-inaugures-samedi-matin\/\"},\"author\":{\"name\":\"R\u00e9dac. NEWS\",\"@id\":\"https:\/\/newsestlyonnais.fr\/site\/#\/schema\/person\/3230d5615f390bb808365d673001e887\"},\"headline\":\"MIONS | Deux nouveaux terrains de tennis inaugur\u00e9s samedi matin\",\"datePublished\":\"2018-10-12T14:52:07+00:00\",\"dateModified\":\"2020-11-16T10:24:54+00:00\",\"mainEntityOfPage\":{\"@id\":\"https:\/\/newsestlyonnais.fr\/site\/2018\/10\/12\/mions-deux-nouveaux-terrains-de-tennis-inaugures-samedi-matin\/\"},\"wordCount\":711,\"commentCount\":0,\"publisher\":{\"@id\":\"https:\/\/newsestlyonnais.fr\/site\/#organization\"},\"image\":{\"@id\":\"https:\/\/newsestlyonnais.fr\/site\/2018\/10\/12\/mions-deux-nouveaux-terrains-de-tennis-inaugures-samedi-matin\/#primaryimage\"},\"thumbnailUrl\":\"https:\/\/newsestlyonnais.fr\/site\/wp-content\/uploads\/2018\/10\/NEWSESTLYONNAIS-INAUG-TERRAINS-TENNIS-02.jpg\",\"articleSection\":[\"Mions\",\"Tennis | Padel\",\"Tennis | Tennis de table\"],\"inLanguage\":\"fr-FR\",\"potentialAction\":[{\"@type\":\"CommentAction\",\"name\":\"Comment\",\"target\":[\"https:\/\/newsestlyonnais.fr\/site\/2018\/10\/12\/mions-deux-nouveaux-terrains-de-tennis-inaugures-samedi-matin\/#respond\"]}]},{\"@type\":\"WebPage\",\"@id\":\"https:\/\/newsestlyonnais.fr\/site\/2018\/10\/12\/mions-deux-nouveaux-terrains-de-tennis-inaugures-samedi-matin\/\",\"url\":\"https:\/\/newsestlyonnais.fr\/site\/2018\/10\/12\/mions-deux-nouveaux-terrains-de-tennis-inaugures-samedi-matin\/\",\"name\":\"MIONS : Deux nouveaux terrains de tennis inaugur\u00e9s samedi matin\",\"isPartOf\":{\"@id\":\"https:\/\/newsestlyonnais.fr\/site\/#website\"},\"primaryImageOfPage\":{\"@id\":\"https:\/\/newsestlyonnais.fr\/site\/2018\/10\/12\/mions-deux-nouveaux-terrains-de-tennis-inaugures-samedi-matin\/#primaryimage\"},\"image\":{\"@id\":\"https:\/\/newsestlyonnais.fr\/site\/2018\/10\/12\/mions-deux-nouveaux-terrains-de-tennis-inaugures-samedi-matin\/#primaryimage\"},\"thumbnailUrl\":\"https:\/\/newsestlyonnais.fr\/site\/wp-content\/uploads\/2018\/10\/NEWSESTLYONNAIS-INAUG-TERRAINS-TENNIS-02.jpg\",\"datePublished\":\"2018-10-12T14:52:07+00:00\",\"dateModified\":\"2020-11-16T10:24:54+00:00\",\"description\":\"MIONS : Deux nouveaux terrains de tennis inaugur\u00e9s samedi matin\",\"breadcrumb\":{\"@id\":\"https:\/\/newsestlyonnais.fr\/site\/2018\/10\/12\/mions-deux-nouveaux-terrains-de-tennis-inaugures-samedi-matin\/#breadcrumb\"},\"inLanguage\":\"fr-FR\",\"potentialAction\":[{\"@type\":\"ReadAction\",\"target\":[\"https:\/\/newsestlyonnais.fr\/site\/2018\/10\/12\/mions-deux-nouveaux-terrains-de-tennis-inaugures-samedi-matin\/\"]}]},{\"@type\":\"ImageObject\",\"inLanguage\":\"fr-FR\",\"@id\":\"https:\/\/newsestlyonnais.fr\/site\/2018\/10\/12\/mions-deux-nouveaux-terrains-de-tennis-inaugures-samedi-matin\/#primaryimage\",\"url\":\"https:\/\/newsestlyonnais.fr\/site\/wp-content\/uploads\/2018\/10\/NEWSESTLYONNAIS-INAUG-TERRAINS-TENNIS-02.jpg\",\"contentUrl\":\"https:\/\/newsestlyonnais.fr\/site\/wp-content\/uploads\/2018\/10\/NEWSESTLYONNAIS-INAUG-TERRAINS-TENNIS-02.jpg\",\"width\":960,\"height\":640,\"caption\":\"NEWSESTLYONNAIS INAUG TERRAINS TENNIS 02\"},{\"@type\":\"BreadcrumbList\",\"@id\":\"https:\/\/newsestlyonnais.fr\/site\/2018\/10\/12\/mions-deux-nouveaux-terrains-de-tennis-inaugures-samedi-matin\/#breadcrumb\",\"itemListElement\":[{\"@type\":\"ListItem\",\"position\":1,\"name\":\"Accueil\",\"item\":\"https:\/\/newsestlyonnais.fr\/site\/\"},{\"@type\":\"ListItem\",\"position\":2,\"name\":\"MIONS | Deux nouveaux terrains de tennis inaugur\u00e9s samedi matin\"}]},{\"@type\":\"WebSite\",\"@id\":\"https:\/\/newsestlyonnais.fr\/site\/#website\",\"url\":\"https:\/\/newsestlyonnais.fr\/site\/\",\"name\":\"News Est Lyonnais\",\"description\":\"L&#039;actualit\u00e9 au plus pr\u00e8s\",\"publisher\":{\"@id\":\"https:\/\/newsestlyonnais.fr\/site\/#organization\"},\"potentialAction\":[{\"@type\":\"SearchAction\",\"target\":{\"@type\":\"EntryPoint\",\"urlTemplate\":\"https:\/\/newsestlyonnais.fr\/site\/?s={search_term_string}\"},\"query-input\":{\"@type\":\"PropertyValueSpecification\",\"valueRequired\":true,\"valueName\":\"search_term_string\"}}],\"inLanguage\":\"fr-FR\"},{\"@type\":\"Organization\",\"@id\":\"https:\/\/newsestlyonnais.fr\/site\/#organization\",\"name\":\"News EST LYONNAIS\",\"url\":\"https:\/\/newsestlyonnais.fr\/site\/\",\"logo\":{\"@type\":\"ImageObject\",\"inLanguage\":\"fr-FR\",\"@id\":\"https:\/\/newsestlyonnais.fr\/site\/#\/schema\/logo\/image\/\",\"url\":\"\",\"contentUrl\":\"\",\"caption\":\"News EST LYONNAIS\"},\"image\":{\"@id\":\"https:\/\/newsestlyonnais.fr\/site\/#\/schema\/logo\/image\/\"}},{\"@type\":\"Person\",\"@id\":\"https:\/\/newsestlyonnais.fr\/site\/#\/schema\/person\/3230d5615f390bb808365d673001e887\",\"name\":\"R\u00e9dac. NEWS\",\"sameAs\":[\"http:\/\/www.newsestlyonnais.fr\",\"https:\/\/www.facebook.com\/pascal.oberson.1?fref=ts\",\"https:\/\/fr.linkedin.com\/in\/pascal-oberson-b17045113\"],\"url\":\"https:\/\/newsestlyonnais.fr\/site\/author\/nel\/\"}]}<\/script>\n<!-- \/ Yoast SEO plugin. -->","yoast_head_json":{"title":"MIONS : Deux nouveaux terrains de tennis inaugur\u00e9s samedi matin","description":"MIONS : Deux nouveaux terrains de tennis inaugur\u00e9s samedi matin","robots":{"index":"index","follow":"follow","max-snippet":"max-snippet:-1","max-image-preview":"max-image-preview:large","max-video-preview":"max-video-preview:-1"},"canonical":"https:\/\/newsestlyonnais.fr\/site\/2018\/10\/12\/mions-deux-nouveaux-terrains-de-tennis-inaugures-samedi-matin\/","og_locale":"fr_FR","og_type":"article","og_title":"MIONS : Deux nouveaux terrains de tennis inaugur\u00e9s samedi matin","og_description":"MIONS : Deux nouveaux terrains de tennis inaugur\u00e9s samedi matin","og_url":"https:\/\/newsestlyonnais.fr\/site\/2018\/10\/12\/mions-deux-nouveaux-terrains-de-tennis-inaugures-samedi-matin\/","og_site_name":"News Est Lyonnais","article_author":"https:\/\/www.facebook.com\/pascal.oberson.1?fref=ts","article_published_time":"2018-10-12T14:52:07+00:00","article_modified_time":"2020-11-16T10:24:54+00:00","og_image":[{"width":960,"height":640,"url":"https:\/\/i0.wp.com\/newsestlyonnais.fr\/site\/wp-content\/uploads\/2018\/10\/NEWSESTLYONNAIS-INAUG-TERRAINS-TENNIS-02.jpg?fit=960%2C640&ssl=1","type":"image\/jpeg"}],"author":"R\u00e9dac. NEWS","twitter_card":"summary_large_image","twitter_misc":{"\u00c9crit par":"R\u00e9dac. NEWS","Dur\u00e9e de lecture estim\u00e9e":"3 minutes"},"schema":{"@context":"https:\/\/schema.org","@graph":[{"@type":"Article","@id":"https:\/\/newsestlyonnais.fr\/site\/2018\/10\/12\/mions-deux-nouveaux-terrains-de-tennis-inaugures-samedi-matin\/#article","isPartOf":{"@id":"https:\/\/newsestlyonnais.fr\/site\/2018\/10\/12\/mions-deux-nouveaux-terrains-de-tennis-inaugures-samedi-matin\/"},"author":{"name":"R\u00e9dac. NEWS","@id":"https:\/\/newsestlyonnais.fr\/site\/#\/schema\/person\/3230d5615f390bb808365d673001e887"},"headline":"MIONS | Deux nouveaux terrains de tennis inaugur\u00e9s samedi matin","datePublished":"2018-10-12T14:52:07+00:00","dateModified":"2020-11-16T10:24:54+00:00","mainEntityOfPage":{"@id":"https:\/\/newsestlyonnais.fr\/site\/2018\/10\/12\/mions-deux-nouveaux-terrains-de-tennis-inaugures-samedi-matin\/"},"wordCount":711,"commentCount":0,"publisher":{"@id":"https:\/\/newsestlyonnais.fr\/site\/#organization"},"image":{"@id":"https:\/\/newsestlyonnais.fr\/site\/2018\/10\/12\/mions-deux-nouveaux-terrains-de-tennis-inaugures-samedi-matin\/#primaryimage"},"thumbnailUrl":"https:\/\/newsestlyonnais.fr\/site\/wp-content\/uploads\/2018\/10\/NEWSESTLYONNAIS-INAUG-TERRAINS-TENNIS-02.jpg","articleSection":["Mions","Tennis | Padel","Tennis | Tennis de table"],"inLanguage":"fr-FR","potentialAction":[{"@type":"CommentAction","name":"Comment","target":["https:\/\/newsestlyonnais.fr\/site\/2018\/10\/12\/mions-deux-nouveaux-terrains-de-tennis-inaugures-samedi-matin\/#respond"]}]},{"@type":"WebPage","@id":"https:\/\/newsestlyonnais.fr\/site\/2018\/10\/12\/mions-deux-nouveaux-terrains-de-tennis-inaugures-samedi-matin\/","url":"https:\/\/newsestlyonnais.fr\/site\/2018\/10\/12\/mions-deux-nouveaux-terrains-de-tennis-inaugures-samedi-matin\/","name":"MIONS : Deux nouveaux terrains de tennis inaugur\u00e9s samedi matin","isPartOf":{"@id":"https:\/\/newsestlyonnais.fr\/site\/#website"},"primaryImageOfPage":{"@id":"https:\/\/newsestlyonnais.fr\/site\/2018\/10\/12\/mions-deux-nouveaux-terrains-de-tennis-inaugures-samedi-matin\/#primaryimage"},"image":{"@id":"https:\/\/newsestlyonnais.fr\/site\/2018\/10\/12\/mions-deux-nouveaux-terrains-de-tennis-inaugures-samedi-matin\/#primaryimage"},"thumbnailUrl":"https:\/\/newsestlyonnais.fr\/site\/wp-content\/uploads\/2018\/10\/NEWSESTLYONNAIS-INAUG-TERRAINS-TENNIS-02.jpg","datePublished":"2018-10-12T14:52:07+00:00","dateModified":"2020-11-16T10:24:54+00:00","description":"MIONS : Deux nouveaux terrains de tennis inaugur\u00e9s samedi matin","breadcrumb":{"@id":"https:\/\/newsestlyonnais.fr\/site\/2018\/10\/12\/mions-deux-nouveaux-terrains-de-tennis-inaugures-samedi-matin\/#breadcrumb"},"inLanguage":"fr-FR","potentialAction":[{"@type":"ReadAction","target":["https:\/\/newsestlyonnais.fr\/site\/2018\/10\/12\/mions-deux-nouveaux-terrains-de-tennis-inaugures-samedi-matin\/"]}]},{"@type":"ImageObject","inLanguage":"fr-FR","@id":"https:\/\/newsestlyonnais.fr\/site\/2018\/10\/12\/mions-deux-nouveaux-terrains-de-tennis-inaugures-samedi-matin\/#primaryimage","url":"https:\/\/newsestlyonnais.fr\/site\/wp-content\/uploads\/2018\/10\/NEWSESTLYONNAIS-INAUG-TERRAINS-TENNIS-02.jpg","contentUrl":"https:\/\/newsestlyonnais.fr\/site\/wp-content\/uploads\/2018\/10\/NEWSESTLYONNAIS-INAUG-TERRAINS-TENNIS-02.jpg","width":960,"height":640,"caption":"NEWSESTLYONNAIS INAUG TERRAINS TENNIS 02"},{"@type":"BreadcrumbList","@id":"https:\/\/newsestlyonnais.fr\/site\/2018\/10\/12\/mions-deux-nouveaux-terrains-de-tennis-inaugures-samedi-matin\/#breadcrumb","itemListElement":[{"@type":"ListItem","position":1,"name":"Accueil","item":"https:\/\/newsestlyonnais.fr\/site\/"},{"@type":"ListItem","position":2,"name":"MIONS | Deux nouveaux terrains de tennis inaugur\u00e9s samedi matin"}]},{"@type":"WebSite","@id":"https:\/\/newsestlyonnais.fr\/site\/#website","url":"https:\/\/newsestlyonnais.fr\/site\/","name":"News Est Lyonnais","description":"L&#039;actualit\u00e9 au plus pr\u00e8s","publisher":{"@id":"https:\/\/newsestlyonnais.fr\/site\/#organization"},"potentialAction":[{"@type":"SearchAction","target":{"@type":"EntryPoint","urlTemplate":"https:\/\/newsestlyonnais.fr\/site\/?s={search_term_string}"},"query-input":{"@type":"PropertyValueSpecification","valueRequired":true,"valueName":"search_term_string"}}],"inLanguage":"fr-FR"},{"@type":"Organization","@id":"https:\/\/newsestlyonnais.fr\/site\/#organization","name":"News EST LYONNAIS","url":"https:\/\/newsestlyonnais.fr\/site\/","logo":{"@type":"ImageObject","inLanguage":"fr-FR","@id":"https:\/\/newsestlyonnais.fr\/site\/#\/schema\/logo\/image\/","url":"","contentUrl":"","caption":"News EST LYONNAIS"},"image":{"@id":"https:\/\/newsestlyonnais.fr\/site\/#\/schema\/logo\/image\/"}},{"@type":"Person","@id":"https:\/\/newsestlyonnais.fr\/site\/#\/schema\/person\/3230d5615f390bb808365d673001e887","name":"R\u00e9dac. NEWS","sameAs":["http:\/\/www.newsestlyonnais.fr","https:\/\/www.facebook.com\/pascal.oberson.1?fref=ts","https:\/\/fr.linkedin.com\/in\/pascal-oberson-b17045113"],"url":"https:\/\/newsestlyonnais.fr\/site\/author\/nel\/"}]}},"_links":{"self":[{"href":"https:\/\/newsestlyonnais.fr\/site\/wp-json\/wp\/v2\/posts\/58291","targetHints":{"allow":["GET"]}}],"collection":[{"href":"https:\/\/newsestlyonnais.fr\/site\/wp-json\/wp\/v2\/posts"}],"about":[{"href":"https:\/\/newsestlyonnais.fr\/site\/wp-json\/wp\/v2\/types\/post"}],"author":[{"embeddable":true,"href":"https:\/\/newsestlyonnais.fr\/site\/wp-json\/wp\/v2\/users\/4"}],"replies":[{"embeddable":true,"href":"https:\/\/newsestlyonnais.fr\/site\/wp-json\/wp\/v2\/comments?post=58291"}],"version-history":[{"count":0,"href":"https:\/\/newsestlyonnais.fr\/site\/wp-json\/wp\/v2\/posts\/58291\/revisions"}],"wp:featuredmedia":[{"embeddable":true,"href":"https:\/\/newsestlyonnais.fr\/site\/wp-json\/wp\/v2\/media\/58307"}],"wp:attachment":[{"href":"https:\/\/newsestlyonnais.fr\/site\/wp-json\/wp\/v2\/media?parent=58291"}],"wp:term":[{"taxonomy":"category","embeddable":true,"href":"https:\/\/newsestlyonnais.fr\/site\/wp-json\/wp\/v2\/categories?post=58291"},{"taxonomy":"post_tag","embeddable":true,"href":"https:\/\/newsestlyonnais.fr\/site\/wp-json\/wp\/v2\/tags?post=58291"}],"curies":[{"name":"wp","href":"https:\/\/api.w.org\/{rel}","templated":true}]}}