{"id":58375,"date":"2018-10-16T14:13:17","date_gmt":"2018-10-16T13:13:17","guid":{"rendered":"http:\/\/newsestlyonnais.fr\/site\/?p=58375"},"modified":"2018-10-16T14:13:17","modified_gmt":"2018-10-16T13:13:17","slug":"vaulx-en-velin-lagenda-des-manifestations-du-16-au-21-octobre-2018","status":"publish","type":"post","link":"https:\/\/newsestlyonnais.fr\/site\/2018\/10\/16\/vaulx-en-velin-lagenda-des-manifestations-du-16-au-21-octobre-2018\/","title":{"rendered":"VAULX EN VELIN : L\u2019agenda des manifestations du 16 au 21 Octobre 2018"},"content":{"rendered":"<h4>Nombreux sont les \u00e9v\u00e8nements et manifestations qui se d\u00e9rouleront durant cette p\u00e9riode, sur la commune vaudaise, \u00e0 savoir :<\/h4>\n<ul>\n<li><strong>Du 13 octobre au 11 novembre 2018<\/strong> : <span style=\"text-decoration: underline\">Centenaire de l&rsquo; Armistice 1918-2018<\/span>. Dans le cadre des c\u00e9l\u00e9brations du Centenaire de l&rsquo;Armistice du 11 novembre 1918 : <span style=\"text-decoration: underline\">Th\u00e9\u00e2tre \u00ab\u00a0Les vibrants\u00a0\u00bb de la Compagnie Tekna<\/span>\u00ef,<strong> mardi 16 octobre \u00e0 20 h 30<\/strong> (Centre culturel Charlie Chaplin, place de la Nation): l&rsquo;incroyable destin d&rsquo;une gueule cass\u00e9e, des tranch\u00e9es de Verdun aux planches de la Com\u00e9die Fran\u00e7aise. Sur r\u00e9servation, payant.. <span style=\"text-decoration: underline\">Conf\u00e9rence \u00ab\u00a0Vaulx-en-Velin dans la grande guerre\u00a0\u00bb<\/span>, <strong>jeudi 18 octobre \u00e0 18 h<\/strong> (salle du Conseil municipal, H\u00f4tel de Ville, place de la Nation). Entr\u00e9e libre et gratuite. <span style=\"text-decoration: underline\">Exposition \u00ab\u00a0Vaulx-en-Velin dans la grande guerre\u00a0\u00bb<\/span>, <strong>du 15 au 24 octobre 2018<\/strong>. (H\u00f4tel de Ville &#8211; Place de la nation). Entr\u00e9e libre et gratuite. Plus d&rsquo;infos : t\u00e9l. 04 78 80 44 37, et sur : <a href=\"http:\/\/www.vaulx-en-velin.net\/vie-associative\/actualites\/Du-13-octobre-au-11-novembre-2018-Celebrations-du-centenaire-de-l-Armistice-du-11-novembre-2018\" target=\"_blank\" rel=\"noopener\">http:\/\/www.vaulx-en-velin.net\/vie-associative\/actualites\/Du-13-octobre-au-11-novembre-2018-Celebrations-du-centenaire-de-l-Armistice-du-11-novembre-2018<\/a><\/li>\n<li><strong>Mardi 16 octobre, \u00e0 18 h<\/strong> : <span style=\"text-decoration: underline\">Caf\u00e9 au f\u00e9minin : Rencontre avec Sarra Said<\/span>. (Brasserie de l\u2019H\u00f4tel de Ville, 18 rue Maurice Audin). Entr\u00e9e libre et gratuite. Sarra Said (d\u00e9l\u00e9gu\u00e9e du D\u00e9fenseur des Droits) accueille, \u00e9coute et oriente, gratuitement, celles et ceux qui sollicitent de l&rsquo;aide pour faire valoir leurs droits. Cette rencontre sera un \u00e9change autour de cas concrets de discriminations afin de mieux conna\u00eetre comment le D\u00e9fenseur des Droits peut vous aider. Plus d&rsquo;infos sur :<\/li>\n<li><strong>Mercredi 17 octobre<\/strong> : <span style=\"text-decoration: underline\">C\u00e9r\u00e9monie des victimes de la Manifestation du 17 Octobre 1961<\/span>. (Monument des Droits de l&rsquo;Homme puis au Centre Culturel Communal Charlie Chaplin) en pr\u00e9sence d&rsquo;H\u00e9l\u00e8ne Geoffroy (Maire de Vaulx-en-Velin), de Pierre Barneoud (Conseiller municipal d\u00e9l\u00e9gu\u00e9 aux Anciens combattants, aux Coop\u00e9rations d\u00e9centralis\u00e9es et Solidarit\u00e9s internationales, \u00e0 la valorisation du Patrimoine et aux Comm\u00e9morations, de la Municipalit\u00e9) et du Collectif du 17 octobre 1961 de Vaulx-en-Velin.<\/li>\n<li><strong>Jeudi 18 et vendredi 19 octobre, \u00e0 18 h<\/strong> : <span style=\"text-decoration: underline\">Accompagnement \u00e0 la scolarit\u00e9<\/span> : Pr\u00e9-Inscriptions. (Service Municipal de la Jeunesse, rue du Lyc\u00e9e). Le Service Municipal de la Jeunesse propose un accompagnement \u00e0 la scolarit\u00e9 aux coll\u00e9giens 2 fois par semaine (mardis et jeudis de 17 h 30 \u00e0 19 h 30) dans diff\u00e9rents quartiers de la Ville (Espace Marcel Cachin, Espace Malval, Espace Verch\u00e8res, Espace Carmagnole, Espace Les Mandolines et Centre Social Peyri). Les pr\u00e9-inscriptions se d\u00e9rouleront au Service municipal de la Jeunesse jeudi 18 et vendredi 19 octobre lors d&rsquo;une <strong>r\u00e9union d&rsquo;information \u00e0 18 h<\/strong>. Pr\u00e9sence obligatoire d&rsquo;un parent et de l&rsquo;enfant. Plus d&rsquo;infos : Service municipal de la Jeunesse, t\u00e9l. 04 72 04 93 40<\/li>\n<li><strong>Vendredi 19 octobre, de 9 h \u00e0 11 h<\/strong> : <span style=\"text-decoration: underline\">Rendez-Vous de l&rsquo;Emploi<\/span> : M\u00e9tiers du Nettoyage. (Centre culturel communal Charlie Chaplin).<span style=\"text-decoration: underline\"> Pour les candidats<\/span> (- D\u00e9couverte de nouveaux m\u00e9tiers- Aide \u00e0 la recherche d\u2019emploi (CV et entretien)- Rencontre avec des employeurs) &amp; <span style=\"text-decoration: underline\">Pour les recruteurs<\/span> : (- \u00c9changes directs avec des candidats motiv\u00e9s,- Rencontre des acteurs de l\u2019emploi).<\/li>\n<li><strong>Samedi 20 octobre 2018 \u00e0 9 h (ou 10 h 45,<\/strong> sans la visite en bus). <span style=\"text-decoration: underline\">Accueil des Nouveaux Habitants<\/span> : (Plan\u00e9tarium). Gratuit, sur inscription. Vous connaissez de nouveaux Vaudais ? Invitez-les \u00e0 s&rsquo;inscrire \u00e0 l&rsquo;accueil des nouveaux habitants ! Au programme : &#8211; \u00e0 9 h : accueil puis visite en bus (dur\u00e9e : 1 h 30), d\u00e9couverte de la ville et de ses diff\u00e9rents quartiers.- \u00e0 10 h 45, projection du film \u00ab Bienvenue \u00e0 Vaulx-en-Velin \u00bb suivie d\u2019une s\u00e9ance d\u2019astronomie.- \u00e0 12 h : mot d\u2019accueil de la Maire, H\u00e9l\u00e8ne Geoffroy, suivi de la remise du kit du nouvel habitant et d&rsquo;un ap\u00e9ritif d\u00e9jeunatoire. <strong>&amp; \u00e0 14 h<\/strong> : <span style=\"text-decoration: underline\">Inauguration du 2\u00b0 secteur du Parcours de Sant\u00e9 du Parc de la Rize.<\/span> (Parc de la Rize, avenue Grandcl\u00e9ment. D\u00e9part impasse Thibaudon). Le parcours de sant\u00e9 du Parc de la Rize, inaugur\u00e9 en octobre 2017, poursuit son d\u00e9veloppement avec l&rsquo;ouverture d&rsquo;un deuxi\u00e8me secteur. Cet espace permet la pratique de diverses activit\u00e9s physiques (marche, course, assouplissements, exercices). Cette initiative est port\u00e9e par le Conseil de Quartier du Pont des Planches.<\/li>\n<li><strong>Dimanche 21 octobre, \u00e0 partir de 9 h<\/strong>. <span style=\"text-decoration: underline\">INTER VTT<\/span>. (Grand Parc Miribel Jonage) . L\u2019Inter VTT revient pour une <strong>27\u00b0 \u00e9dition<\/strong>, et va vous faire voyager ! Au programme : &#8211; Enqu\u00eate Rando VTT (10 km : d\u00e9parts libres toutes les 30 minutes entre 9 h et 12 h 30 \/ 18 km : d\u00e9parts libres toutes les 30 minutes entre 9 h et 11 h 30).- Rando VTT sans enqu\u00eate (10 km ou 18 km : d\u00e9parts libres toutes les 30 minutes entre 9h et 10 h 30).- 2 Parcours VTT\u2019orientation (d\u00e9couverte ou technique : d\u00e9parts libres toutes les 30 minutes entre 9 h et 11 h 30).Plus d&rsquo;informations sur le site du Grand Parc Miribel Jonage, t\u00e9l. 04 78 80 56 20 et sur le site Internet de la Ville.<\/li>\n<\/ul>\n<p><strong>Retrouvez l\u2019ACTU de la commune sur : <a href=\"http:\/\/www.vaulx-en-velin.net\" target=\"_blank\" rel=\"noopener\">http:\/\/www.vaulx-en-velin.net<\/a><\/strong><\/p>\n<div id='gallery-1' class='gallery galleryid-58375 gallery-columns-3 gallery-size-thumbnail'><figure class='gallery-item'>\n\t\t\t<div class='gallery-icon portrait'>\n\t\t\t\t<a href='https:\/\/newsestlyonnais.fr\/site\/newsestlyonnais-conf-centenaire-armistice\/'><img loading=\"lazy\" decoding=\"async\" width=\"150\" height=\"150\" src=\"https:\/\/newsestlyonnais.fr\/site\/wp-content\/uploads\/2018\/10\/NEWSESTLYONNAIS-CONF-CENTENAIRE-ARMISTICE-150x150.png\" class=\"attachment-thumbnail size-thumbnail\" alt=\"NEWSESTLYONNAIS CONF CENTENAIRE ARMISTICE\" aria-describedby=\"gallery-1-58094\" \/><\/a>\n\t\t\t<\/div>\n\t\t\t\t<figcaption class='wp-caption-text gallery-caption' id='gallery-1-58094'>\n\t\t\t\t     Centenaire de l&rsquo;Armistice \n\t\t\t\t<\/figcaption><\/figure><figure class='gallery-item'>\n\t\t\t<div class='gallery-icon portrait'>\n\t\t\t\t<a href='https:\/\/newsestlyonnais.fr\/site\/newsestlyonnais-intervtt-2018\/'><img loading=\"lazy\" decoding=\"async\" width=\"150\" height=\"150\" src=\"https:\/\/newsestlyonnais.fr\/site\/wp-content\/uploads\/2017\/07\/NEWSESTLYONNAIS-INTERVTT-2018-150x150.jpg\" class=\"attachment-thumbnail size-thumbnail\" alt=\"NEWSESTLYONNAIS INTERVTT 2018\" aria-describedby=\"gallery-1-56367\" srcset=\"https:\/\/newsestlyonnais.fr\/site\/wp-content\/uploads\/2017\/07\/NEWSESTLYONNAIS-INTERVTT-2018-150x150.jpg 150w, https:\/\/newsestlyonnais.fr\/site\/wp-content\/uploads\/2017\/07\/NEWSESTLYONNAIS-INTERVTT-2018-400x400.jpg 400w\" sizes=\"auto, (max-width: 150px) 100vw, 150px\" \/><\/a>\n\t\t\t<\/div>\n\t\t\t\t<figcaption class='wp-caption-text gallery-caption' id='gallery-1-56367'>\n\t\t\t\t           27\u00b0intervtt \n\t\t\t\t<\/figcaption><\/figure>\n\t\t<\/div>\n\n","protected":false},"excerpt":{"rendered":"<p>Nombreux sont les \u00e9v\u00e8nements et manifestations qui se d\u00e9rouleront durant cette p\u00e9riode, sur la commune vaudaise, \u00e0 savoir : Du 13 octobre au 11 novembre 2018 : Centenaire de l&rsquo; Armistice 1918-2018. Dans le cadre des c\u00e9l\u00e9brations du Centenaire de l&rsquo;Armistice du 11 novembre 1918 : Th\u00e9\u00e2tre \u00ab\u00a0Les vibrants\u00a0\u00bb de la Compagnie Tekna\u00ef, mardi 16 [&hellip;]<\/p>\n","protected":false},"author":4,"featured_media":25509,"comment_status":"open","ping_status":"open","sticky":false,"template":"","format":"standard","meta":{"footnotes":""},"categories":[30,28],"tags":[],"class_list":["post-58375","post","type-post","status-publish","format-standard","has-post-thumbnail","hentry","category-a-la-une","category-vaulx-en-velin"],"yoast_head":"<!-- This site is optimized with the Yoast SEO plugin v27.2 - https:\/\/yoast.com\/product\/yoast-seo-wordpress\/ -->\n<title>VAULX EN VELIN : L\u2019agenda des manifestations du 16 au 21 Octobre 2018<\/title>\n<meta name=\"description\" content=\"VAULX EN VELIN : L\u2019agenda des manifestations du 16 au 21 Octobre 2018\" \/>\n<meta name=\"robots\" content=\"index, follow, max-snippet:-1, max-image-preview:large, max-video-preview:-1\" \/>\n<link rel=\"canonical\" href=\"https:\/\/newsestlyonnais.fr\/site\/2018\/10\/16\/vaulx-en-velin-lagenda-des-manifestations-du-16-au-21-octobre-2018\/\" \/>\n<meta property=\"og:locale\" content=\"fr_FR\" \/>\n<meta property=\"og:type\" content=\"article\" \/>\n<meta property=\"og:title\" content=\"VAULX EN VELIN : L\u2019agenda des manifestations du 16 au 21 Octobre 2018\" \/>\n<meta property=\"og:description\" content=\"VAULX EN VELIN : L\u2019agenda des manifestations du 16 au 21 Octobre 2018\" \/>\n<meta property=\"og:url\" content=\"https:\/\/newsestlyonnais.fr\/site\/2018\/10\/16\/vaulx-en-velin-lagenda-des-manifestations-du-16-au-21-octobre-2018\/\" \/>\n<meta property=\"og:site_name\" content=\"News Est Lyonnais\" \/>\n<meta property=\"article:author\" content=\"https:\/\/www.facebook.com\/pascal.oberson.1?fref=ts\" \/>\n<meta property=\"article:published_time\" content=\"2018-10-16T13:13:17+00:00\" \/>\n<meta property=\"og:image\" content=\"https:\/\/i1.wp.com\/newsestlyonnais.fr\/site\/wp-content\/uploads\/2017\/05\/NEWSESTLYONNAIS-PaNNEAU-VAULX-.jpg?fit=1000%2C750&ssl=1\" \/>\n\t<meta property=\"og:image:width\" content=\"1000\" \/>\n\t<meta property=\"og:image:height\" content=\"750\" \/>\n\t<meta property=\"og:image:type\" content=\"image\/jpeg\" \/>\n<meta name=\"author\" content=\"R\u00e9dac. NEWS\" \/>\n<meta name=\"twitter:card\" content=\"summary_large_image\" \/>\n<meta name=\"twitter:label1\" content=\"\u00c9crit par\" \/>\n\t<meta name=\"twitter:data1\" content=\"R\u00e9dac. NEWS\" \/>\n\t<meta name=\"twitter:label2\" content=\"Dur\u00e9e de lecture estim\u00e9e\" \/>\n\t<meta name=\"twitter:data2\" content=\"4 minutes\" \/>\n<script type=\"application\/ld+json\" class=\"yoast-schema-graph\">{\"@context\":\"https:\/\/schema.org\",\"@graph\":[{\"@type\":\"Article\",\"@id\":\"https:\/\/newsestlyonnais.fr\/site\/2018\/10\/16\/vaulx-en-velin-lagenda-des-manifestations-du-16-au-21-octobre-2018\/#article\",\"isPartOf\":{\"@id\":\"https:\/\/newsestlyonnais.fr\/site\/2018\/10\/16\/vaulx-en-velin-lagenda-des-manifestations-du-16-au-21-octobre-2018\/\"},\"author\":{\"name\":\"R\u00e9dac. NEWS\",\"@id\":\"https:\/\/newsestlyonnais.fr\/site\/#\/schema\/person\/3230d5615f390bb808365d673001e887\"},\"headline\":\"VAULX EN VELIN : L\u2019agenda des manifestations du 16 au 21 Octobre 2018\",\"datePublished\":\"2018-10-16T13:13:17+00:00\",\"mainEntityOfPage\":{\"@id\":\"https:\/\/newsestlyonnais.fr\/site\/2018\/10\/16\/vaulx-en-velin-lagenda-des-manifestations-du-16-au-21-octobre-2018\/\"},\"wordCount\":793,\"commentCount\":0,\"publisher\":{\"@id\":\"https:\/\/newsestlyonnais.fr\/site\/#organization\"},\"image\":{\"@id\":\"https:\/\/newsestlyonnais.fr\/site\/2018\/10\/16\/vaulx-en-velin-lagenda-des-manifestations-du-16-au-21-octobre-2018\/#primaryimage\"},\"thumbnailUrl\":\"https:\/\/newsestlyonnais.fr\/site\/wp-content\/uploads\/2017\/05\/NEWSESTLYONNAIS-PaNNEAU-VAULX-.jpg\",\"articleSection\":[\"\u00e0 la une\",\"Vaulx-en-Velin\"],\"inLanguage\":\"fr-FR\",\"potentialAction\":[{\"@type\":\"CommentAction\",\"name\":\"Comment\",\"target\":[\"https:\/\/newsestlyonnais.fr\/site\/2018\/10\/16\/vaulx-en-velin-lagenda-des-manifestations-du-16-au-21-octobre-2018\/#respond\"]}]},{\"@type\":\"WebPage\",\"@id\":\"https:\/\/newsestlyonnais.fr\/site\/2018\/10\/16\/vaulx-en-velin-lagenda-des-manifestations-du-16-au-21-octobre-2018\/\",\"url\":\"https:\/\/newsestlyonnais.fr\/site\/2018\/10\/16\/vaulx-en-velin-lagenda-des-manifestations-du-16-au-21-octobre-2018\/\",\"name\":\"VAULX EN VELIN : L\u2019agenda des manifestations du 16 au 21 Octobre 2018\",\"isPartOf\":{\"@id\":\"https:\/\/newsestlyonnais.fr\/site\/#website\"},\"primaryImageOfPage\":{\"@id\":\"https:\/\/newsestlyonnais.fr\/site\/2018\/10\/16\/vaulx-en-velin-lagenda-des-manifestations-du-16-au-21-octobre-2018\/#primaryimage\"},\"image\":{\"@id\":\"https:\/\/newsestlyonnais.fr\/site\/2018\/10\/16\/vaulx-en-velin-lagenda-des-manifestations-du-16-au-21-octobre-2018\/#primaryimage\"},\"thumbnailUrl\":\"https:\/\/newsestlyonnais.fr\/site\/wp-content\/uploads\/2017\/05\/NEWSESTLYONNAIS-PaNNEAU-VAULX-.jpg\",\"datePublished\":\"2018-10-16T13:13:17+00:00\",\"description\":\"VAULX EN VELIN : L\u2019agenda des manifestations du 16 au 21 Octobre 2018\",\"breadcrumb\":{\"@id\":\"https:\/\/newsestlyonnais.fr\/site\/2018\/10\/16\/vaulx-en-velin-lagenda-des-manifestations-du-16-au-21-octobre-2018\/#breadcrumb\"},\"inLanguage\":\"fr-FR\",\"potentialAction\":[{\"@type\":\"ReadAction\",\"target\":[\"https:\/\/newsestlyonnais.fr\/site\/2018\/10\/16\/vaulx-en-velin-lagenda-des-manifestations-du-16-au-21-octobre-2018\/\"]}]},{\"@type\":\"ImageObject\",\"inLanguage\":\"fr-FR\",\"@id\":\"https:\/\/newsestlyonnais.fr\/site\/2018\/10\/16\/vaulx-en-velin-lagenda-des-manifestations-du-16-au-21-octobre-2018\/#primaryimage\",\"url\":\"https:\/\/newsestlyonnais.fr\/site\/wp-content\/uploads\/2017\/05\/NEWSESTLYONNAIS-PaNNEAU-VAULX-.jpg\",\"contentUrl\":\"https:\/\/newsestlyonnais.fr\/site\/wp-content\/uploads\/2017\/05\/NEWSESTLYONNAIS-PaNNEAU-VAULX-.jpg\",\"width\":1000,\"height\":750,\"caption\":\"NEWSESTLYONNAIS - PaNNEAU VAULX\"},{\"@type\":\"BreadcrumbList\",\"@id\":\"https:\/\/newsestlyonnais.fr\/site\/2018\/10\/16\/vaulx-en-velin-lagenda-des-manifestations-du-16-au-21-octobre-2018\/#breadcrumb\",\"itemListElement\":[{\"@type\":\"ListItem\",\"position\":1,\"name\":\"Accueil\",\"item\":\"https:\/\/newsestlyonnais.fr\/site\/\"},{\"@type\":\"ListItem\",\"position\":2,\"name\":\"VAULX EN VELIN : L\u2019agenda des manifestations du 16 au 21 Octobre 2018\"}]},{\"@type\":\"WebSite\",\"@id\":\"https:\/\/newsestlyonnais.fr\/site\/#website\",\"url\":\"https:\/\/newsestlyonnais.fr\/site\/\",\"name\":\"News Est Lyonnais\",\"description\":\"L&#039;actualit\u00e9 au plus pr\u00e8s\",\"publisher\":{\"@id\":\"https:\/\/newsestlyonnais.fr\/site\/#organization\"},\"potentialAction\":[{\"@type\":\"SearchAction\",\"target\":{\"@type\":\"EntryPoint\",\"urlTemplate\":\"https:\/\/newsestlyonnais.fr\/site\/?s={search_term_string}\"},\"query-input\":{\"@type\":\"PropertyValueSpecification\",\"valueRequired\":true,\"valueName\":\"search_term_string\"}}],\"inLanguage\":\"fr-FR\"},{\"@type\":\"Organization\",\"@id\":\"https:\/\/newsestlyonnais.fr\/site\/#organization\",\"name\":\"News EST LYONNAIS\",\"url\":\"https:\/\/newsestlyonnais.fr\/site\/\",\"logo\":{\"@type\":\"ImageObject\",\"inLanguage\":\"fr-FR\",\"@id\":\"https:\/\/newsestlyonnais.fr\/site\/#\/schema\/logo\/image\/\",\"url\":\"\",\"contentUrl\":\"\",\"caption\":\"News EST LYONNAIS\"},\"image\":{\"@id\":\"https:\/\/newsestlyonnais.fr\/site\/#\/schema\/logo\/image\/\"}},{\"@type\":\"Person\",\"@id\":\"https:\/\/newsestlyonnais.fr\/site\/#\/schema\/person\/3230d5615f390bb808365d673001e887\",\"name\":\"R\u00e9dac. NEWS\",\"sameAs\":[\"http:\/\/www.newsestlyonnais.fr\",\"https:\/\/www.facebook.com\/pascal.oberson.1?fref=ts\",\"https:\/\/fr.linkedin.com\/in\/pascal-oberson-b17045113\"],\"url\":\"https:\/\/newsestlyonnais.fr\/site\/author\/nel\/\"}]}<\/script>\n<!-- \/ Yoast SEO plugin. -->","yoast_head_json":{"title":"VAULX EN VELIN : L\u2019agenda des manifestations du 16 au 21 Octobre 2018","description":"VAULX EN VELIN : L\u2019agenda des manifestations du 16 au 21 Octobre 2018","robots":{"index":"index","follow":"follow","max-snippet":"max-snippet:-1","max-image-preview":"max-image-preview:large","max-video-preview":"max-video-preview:-1"},"canonical":"https:\/\/newsestlyonnais.fr\/site\/2018\/10\/16\/vaulx-en-velin-lagenda-des-manifestations-du-16-au-21-octobre-2018\/","og_locale":"fr_FR","og_type":"article","og_title":"VAULX EN VELIN : L\u2019agenda des manifestations du 16 au 21 Octobre 2018","og_description":"VAULX EN VELIN : L\u2019agenda des manifestations du 16 au 21 Octobre 2018","og_url":"https:\/\/newsestlyonnais.fr\/site\/2018\/10\/16\/vaulx-en-velin-lagenda-des-manifestations-du-16-au-21-octobre-2018\/","og_site_name":"News Est Lyonnais","article_author":"https:\/\/www.facebook.com\/pascal.oberson.1?fref=ts","article_published_time":"2018-10-16T13:13:17+00:00","og_image":[{"width":1000,"height":750,"url":"https:\/\/i1.wp.com\/newsestlyonnais.fr\/site\/wp-content\/uploads\/2017\/05\/NEWSESTLYONNAIS-PaNNEAU-VAULX-.jpg?fit=1000%2C750&ssl=1","type":"image\/jpeg"}],"author":"R\u00e9dac. NEWS","twitter_card":"summary_large_image","twitter_misc":{"\u00c9crit par":"R\u00e9dac. NEWS","Dur\u00e9e de lecture estim\u00e9e":"4 minutes"},"schema":{"@context":"https:\/\/schema.org","@graph":[{"@type":"Article","@id":"https:\/\/newsestlyonnais.fr\/site\/2018\/10\/16\/vaulx-en-velin-lagenda-des-manifestations-du-16-au-21-octobre-2018\/#article","isPartOf":{"@id":"https:\/\/newsestlyonnais.fr\/site\/2018\/10\/16\/vaulx-en-velin-lagenda-des-manifestations-du-16-au-21-octobre-2018\/"},"author":{"name":"R\u00e9dac. NEWS","@id":"https:\/\/newsestlyonnais.fr\/site\/#\/schema\/person\/3230d5615f390bb808365d673001e887"},"headline":"VAULX EN VELIN : L\u2019agenda des manifestations du 16 au 21 Octobre 2018","datePublished":"2018-10-16T13:13:17+00:00","mainEntityOfPage":{"@id":"https:\/\/newsestlyonnais.fr\/site\/2018\/10\/16\/vaulx-en-velin-lagenda-des-manifestations-du-16-au-21-octobre-2018\/"},"wordCount":793,"commentCount":0,"publisher":{"@id":"https:\/\/newsestlyonnais.fr\/site\/#organization"},"image":{"@id":"https:\/\/newsestlyonnais.fr\/site\/2018\/10\/16\/vaulx-en-velin-lagenda-des-manifestations-du-16-au-21-octobre-2018\/#primaryimage"},"thumbnailUrl":"https:\/\/newsestlyonnais.fr\/site\/wp-content\/uploads\/2017\/05\/NEWSESTLYONNAIS-PaNNEAU-VAULX-.jpg","articleSection":["\u00e0 la une","Vaulx-en-Velin"],"inLanguage":"fr-FR","potentialAction":[{"@type":"CommentAction","name":"Comment","target":["https:\/\/newsestlyonnais.fr\/site\/2018\/10\/16\/vaulx-en-velin-lagenda-des-manifestations-du-16-au-21-octobre-2018\/#respond"]}]},{"@type":"WebPage","@id":"https:\/\/newsestlyonnais.fr\/site\/2018\/10\/16\/vaulx-en-velin-lagenda-des-manifestations-du-16-au-21-octobre-2018\/","url":"https:\/\/newsestlyonnais.fr\/site\/2018\/10\/16\/vaulx-en-velin-lagenda-des-manifestations-du-16-au-21-octobre-2018\/","name":"VAULX EN VELIN : L\u2019agenda des manifestations du 16 au 21 Octobre 2018","isPartOf":{"@id":"https:\/\/newsestlyonnais.fr\/site\/#website"},"primaryImageOfPage":{"@id":"https:\/\/newsestlyonnais.fr\/site\/2018\/10\/16\/vaulx-en-velin-lagenda-des-manifestations-du-16-au-21-octobre-2018\/#primaryimage"},"image":{"@id":"https:\/\/newsestlyonnais.fr\/site\/2018\/10\/16\/vaulx-en-velin-lagenda-des-manifestations-du-16-au-21-octobre-2018\/#primaryimage"},"thumbnailUrl":"https:\/\/newsestlyonnais.fr\/site\/wp-content\/uploads\/2017\/05\/NEWSESTLYONNAIS-PaNNEAU-VAULX-.jpg","datePublished":"2018-10-16T13:13:17+00:00","description":"VAULX EN VELIN : L\u2019agenda des manifestations du 16 au 21 Octobre 2018","breadcrumb":{"@id":"https:\/\/newsestlyonnais.fr\/site\/2018\/10\/16\/vaulx-en-velin-lagenda-des-manifestations-du-16-au-21-octobre-2018\/#breadcrumb"},"inLanguage":"fr-FR","potentialAction":[{"@type":"ReadAction","target":["https:\/\/newsestlyonnais.fr\/site\/2018\/10\/16\/vaulx-en-velin-lagenda-des-manifestations-du-16-au-21-octobre-2018\/"]}]},{"@type":"ImageObject","inLanguage":"fr-FR","@id":"https:\/\/newsestlyonnais.fr\/site\/2018\/10\/16\/vaulx-en-velin-lagenda-des-manifestations-du-16-au-21-octobre-2018\/#primaryimage","url":"https:\/\/newsestlyonnais.fr\/site\/wp-content\/uploads\/2017\/05\/NEWSESTLYONNAIS-PaNNEAU-VAULX-.jpg","contentUrl":"https:\/\/newsestlyonnais.fr\/site\/wp-content\/uploads\/2017\/05\/NEWSESTLYONNAIS-PaNNEAU-VAULX-.jpg","width":1000,"height":750,"caption":"NEWSESTLYONNAIS - PaNNEAU VAULX"},{"@type":"BreadcrumbList","@id":"https:\/\/newsestlyonnais.fr\/site\/2018\/10\/16\/vaulx-en-velin-lagenda-des-manifestations-du-16-au-21-octobre-2018\/#breadcrumb","itemListElement":[{"@type":"ListItem","position":1,"name":"Accueil","item":"https:\/\/newsestlyonnais.fr\/site\/"},{"@type":"ListItem","position":2,"name":"VAULX EN VELIN : L\u2019agenda des manifestations du 16 au 21 Octobre 2018"}]},{"@type":"WebSite","@id":"https:\/\/newsestlyonnais.fr\/site\/#website","url":"https:\/\/newsestlyonnais.fr\/site\/","name":"News Est Lyonnais","description":"L&#039;actualit\u00e9 au plus pr\u00e8s","publisher":{"@id":"https:\/\/newsestlyonnais.fr\/site\/#organization"},"potentialAction":[{"@type":"SearchAction","target":{"@type":"EntryPoint","urlTemplate":"https:\/\/newsestlyonnais.fr\/site\/?s={search_term_string}"},"query-input":{"@type":"PropertyValueSpecification","valueRequired":true,"valueName":"search_term_string"}}],"inLanguage":"fr-FR"},{"@type":"Organization","@id":"https:\/\/newsestlyonnais.fr\/site\/#organization","name":"News EST LYONNAIS","url":"https:\/\/newsestlyonnais.fr\/site\/","logo":{"@type":"ImageObject","inLanguage":"fr-FR","@id":"https:\/\/newsestlyonnais.fr\/site\/#\/schema\/logo\/image\/","url":"","contentUrl":"","caption":"News EST LYONNAIS"},"image":{"@id":"https:\/\/newsestlyonnais.fr\/site\/#\/schema\/logo\/image\/"}},{"@type":"Person","@id":"https:\/\/newsestlyonnais.fr\/site\/#\/schema\/person\/3230d5615f390bb808365d673001e887","name":"R\u00e9dac. NEWS","sameAs":["http:\/\/www.newsestlyonnais.fr","https:\/\/www.facebook.com\/pascal.oberson.1?fref=ts","https:\/\/fr.linkedin.com\/in\/pascal-oberson-b17045113"],"url":"https:\/\/newsestlyonnais.fr\/site\/author\/nel\/"}]}},"_links":{"self":[{"href":"https:\/\/newsestlyonnais.fr\/site\/wp-json\/wp\/v2\/posts\/58375","targetHints":{"allow":["GET"]}}],"collection":[{"href":"https:\/\/newsestlyonnais.fr\/site\/wp-json\/wp\/v2\/posts"}],"about":[{"href":"https:\/\/newsestlyonnais.fr\/site\/wp-json\/wp\/v2\/types\/post"}],"author":[{"embeddable":true,"href":"https:\/\/newsestlyonnais.fr\/site\/wp-json\/wp\/v2\/users\/4"}],"replies":[{"embeddable":true,"href":"https:\/\/newsestlyonnais.fr\/site\/wp-json\/wp\/v2\/comments?post=58375"}],"version-history":[{"count":0,"href":"https:\/\/newsestlyonnais.fr\/site\/wp-json\/wp\/v2\/posts\/58375\/revisions"}],"wp:featuredmedia":[{"embeddable":true,"href":"https:\/\/newsestlyonnais.fr\/site\/wp-json\/wp\/v2\/media\/25509"}],"wp:attachment":[{"href":"https:\/\/newsestlyonnais.fr\/site\/wp-json\/wp\/v2\/media?parent=58375"}],"wp:term":[{"taxonomy":"category","embeddable":true,"href":"https:\/\/newsestlyonnais.fr\/site\/wp-json\/wp\/v2\/categories?post=58375"},{"taxonomy":"post_tag","embeddable":true,"href":"https:\/\/newsestlyonnais.fr\/site\/wp-json\/wp\/v2\/tags?post=58375"}],"curies":[{"name":"wp","href":"https:\/\/api.w.org\/{rel}","templated":true}]}}