{"id":58726,"date":"2018-10-23T05:09:00","date_gmt":"2018-10-23T04:09:00","guid":{"rendered":"http:\/\/newsestlyonnais.fr\/site\/?p=58726"},"modified":"2020-11-12T06:30:45","modified_gmt":"2020-11-12T05:30:45","slug":"lyon-transports-tcl-larret-gare-part-dieu-vivier-merle-des-lignes-c1-et-c2-reporte","status":"publish","type":"post","link":"https:\/\/newsestlyonnais.fr\/site\/2018\/10\/23\/lyon-transports-tcl-larret-gare-part-dieu-vivier-merle-des-lignes-c1-et-c2-reporte\/","title":{"rendered":"LYON | Transports TCL > arr\u00eat Gare Part-Dieu Vivier Merle des lignes C1 et C2 report\u00e9"},"content":{"rendered":"<h4>Depuis ce lundi 22 octobre et en raison des travaux de la place Charles B\u00e9raudier et du r\u00e9am\u00e9nagement de la gare SNCF, l\u2019arr\u00eat de bus des lignes C1 et C2 et de Gare Part-Dieu Vivier Merle est report\u00e9.<\/h4>\n<p>Ceci \u00e0 300 m\u00e8tres sur le boulevard Jules Favre, \u00e0 l\u2019arr\u00eat Part-Dieu Jules Favre.<\/p>\n<ul>\n<li>Plus d&rsquo;infos sur le projet du p\u00f4le d&rsquo;\u00e9change multimodal Part-Dieu jusqu&rsquo;en 2020 :\u00a0<a href=\"http:\/\/lyon-partdieu.com\/gare\" target=\"_blank\" rel=\"noopener noreferrer\">http:\/\/lyon-partdieu.com\/gare<\/a><\/li>\n<\/ul>\n<p>&nbsp;<\/p>\n<table class=\"renderedtable\" style=\"width: 731px\" cellspacing=\"0\" cellpadding=\"\">\n<tbody>\n<tr>\n<td style=\"width: 731px\">\n<div class=\"content-view-embeddedmedia\">\n<div class=\"class-image\">\n<div class=\"attribute-image\">\n<p><img loading=\"lazy\" decoding=\"async\" class=\"IMG FLOAT-left aligncenter\" src=\"http:\/\/www.tcl.fr\/var\/tcl\/storage\/images\/media\/images\/24\/33418801-1-fre-FR\/2.jpg\" alt=\"\" width=\"210\" height=\"100\" \/><\/p>\n<\/div>\n<\/div>\n<\/div>\n<div class=\"content-view-embeddedmedia\">\n<div class=\"class-image\">\n<div class=\"attribute-image\">\n<p><img loading=\"lazy\" decoding=\"async\" class=\"IMG FLOAT-left aligncenter\" src=\"http:\/\/www.tcl.fr\/var\/tcl\/storage\/images\/media\/images\/33\/33418828-1-fre-FR\/3.jpg\" alt=\"\" width=\"210\" height=\"91\" \/><\/p>\n<\/div>\n<\/div>\n<\/div>\n<\/td>\n<\/tr>\n<\/tbody>\n<\/table>\n","protected":false},"excerpt":{"rendered":"<p>Depuis ce lundi 22 octobre et en raison des travaux de la place Charles B\u00e9raudier et du r\u00e9am\u00e9nagement de la gare SNCF, l\u2019arr\u00eat de bus des lignes C1 et C2 et de Gare Part-Dieu Vivier Merle est report\u00e9. Ceci \u00e0 300 m\u00e8tres sur le boulevard Jules Favre, \u00e0 l\u2019arr\u00eat Part-Dieu Jules Favre. Plus d&rsquo;infos sur [&hellip;]<\/p>\n","protected":false},"author":4,"featured_media":25760,"comment_status":"open","ping_status":"open","sticky":false,"template":"","format":"standard","meta":{"footnotes":""},"categories":[1625,13,172],"tags":[2051,2050],"class_list":["post-58726","post","type-post","status-publish","format-standard","has-post-thumbnail","hentry","category-lyon","category-transports-circulation","category-travaux-amenagements","tag-tcl","tag-transports"],"yoast_head":"<!-- This site is optimized with the Yoast SEO plugin v27.2 - https:\/\/yoast.com\/product\/yoast-seo-wordpress\/ -->\n<title>LYON : Transports TCL : L\u2019arr\u00eat Gare Part-Dieu Vivier Merle des lignes C1 et C2 report\u00e9<\/title>\n<meta name=\"description\" content=\"LYON : Transports TCL : L\u2019arr\u00eat Gare Part-Dieu Vivier Merle des lignes C1 et C2 report\u00e9\" \/>\n<meta name=\"robots\" content=\"index, follow, max-snippet:-1, max-image-preview:large, max-video-preview:-1\" \/>\n<link rel=\"canonical\" href=\"https:\/\/newsestlyonnais.fr\/site\/2018\/10\/23\/lyon-transports-tcl-larret-gare-part-dieu-vivier-merle-des-lignes-c1-et-c2-reporte\/\" \/>\n<meta property=\"og:locale\" content=\"fr_FR\" \/>\n<meta property=\"og:type\" content=\"article\" \/>\n<meta property=\"og:title\" content=\"LYON : Transports TCL : L\u2019arr\u00eat Gare Part-Dieu Vivier Merle des lignes C1 et C2 report\u00e9\" \/>\n<meta property=\"og:description\" content=\"LYON : Transports TCL : L\u2019arr\u00eat Gare Part-Dieu Vivier Merle des lignes C1 et C2 report\u00e9\" \/>\n<meta property=\"og:url\" content=\"https:\/\/newsestlyonnais.fr\/site\/2018\/10\/23\/lyon-transports-tcl-larret-gare-part-dieu-vivier-merle-des-lignes-c1-et-c2-reporte\/\" \/>\n<meta property=\"og:site_name\" content=\"News Est Lyonnais\" \/>\n<meta property=\"article:author\" content=\"https:\/\/www.facebook.com\/pascal.oberson.1?fref=ts\" \/>\n<meta property=\"article:published_time\" content=\"2018-10-23T04:09:00+00:00\" \/>\n<meta property=\"article:modified_time\" content=\"2020-11-12T05:30:45+00:00\" \/>\n<meta property=\"og:image\" content=\"https:\/\/i2.wp.com\/newsestlyonnais.fr\/site\/wp-content\/uploads\/2017\/04\/NewsEstLyonnais-Flash-Info.png?fit=1000%2C750&ssl=1\" \/>\n\t<meta property=\"og:image:width\" content=\"1000\" \/>\n\t<meta property=\"og:image:height\" content=\"750\" \/>\n\t<meta property=\"og:image:type\" content=\"image\/png\" \/>\n<meta name=\"author\" content=\"R\u00e9dac. NEWS\" \/>\n<meta name=\"twitter:card\" content=\"summary_large_image\" \/>\n<meta name=\"twitter:label1\" content=\"\u00c9crit par\" \/>\n\t<meta name=\"twitter:data1\" content=\"R\u00e9dac. NEWS\" \/>\n<script type=\"application\/ld+json\" class=\"yoast-schema-graph\">{\"@context\":\"https:\/\/schema.org\",\"@graph\":[{\"@type\":\"Article\",\"@id\":\"https:\/\/newsestlyonnais.fr\/site\/2018\/10\/23\/lyon-transports-tcl-larret-gare-part-dieu-vivier-merle-des-lignes-c1-et-c2-reporte\/#article\",\"isPartOf\":{\"@id\":\"https:\/\/newsestlyonnais.fr\/site\/2018\/10\/23\/lyon-transports-tcl-larret-gare-part-dieu-vivier-merle-des-lignes-c1-et-c2-reporte\/\"},\"author\":{\"name\":\"R\u00e9dac. NEWS\",\"@id\":\"https:\/\/newsestlyonnais.fr\/site\/#\/schema\/person\/3230d5615f390bb808365d673001e887\"},\"headline\":\"LYON | Transports TCL > arr\u00eat Gare Part-Dieu Vivier Merle des lignes C1 et C2 report\u00e9\",\"datePublished\":\"2018-10-23T04:09:00+00:00\",\"dateModified\":\"2020-11-12T05:30:45+00:00\",\"mainEntityOfPage\":{\"@id\":\"https:\/\/newsestlyonnais.fr\/site\/2018\/10\/23\/lyon-transports-tcl-larret-gare-part-dieu-vivier-merle-des-lignes-c1-et-c2-reporte\/\"},\"wordCount\":91,\"commentCount\":0,\"publisher\":{\"@id\":\"https:\/\/newsestlyonnais.fr\/site\/#organization\"},\"image\":{\"@id\":\"https:\/\/newsestlyonnais.fr\/site\/2018\/10\/23\/lyon-transports-tcl-larret-gare-part-dieu-vivier-merle-des-lignes-c1-et-c2-reporte\/#primaryimage\"},\"thumbnailUrl\":\"https:\/\/newsestlyonnais.fr\/site\/wp-content\/uploads\/2017\/04\/NewsEstLyonnais-Flash-Info.png\",\"keywords\":[\"TCL\",\"TRANSPORTS\"],\"articleSection\":[\"Lyon\",\"Transports | Circulation\",\"Travaux | Am\u00e9nagements\"],\"inLanguage\":\"fr-FR\",\"potentialAction\":[{\"@type\":\"CommentAction\",\"name\":\"Comment\",\"target\":[\"https:\/\/newsestlyonnais.fr\/site\/2018\/10\/23\/lyon-transports-tcl-larret-gare-part-dieu-vivier-merle-des-lignes-c1-et-c2-reporte\/#respond\"]}]},{\"@type\":\"WebPage\",\"@id\":\"https:\/\/newsestlyonnais.fr\/site\/2018\/10\/23\/lyon-transports-tcl-larret-gare-part-dieu-vivier-merle-des-lignes-c1-et-c2-reporte\/\",\"url\":\"https:\/\/newsestlyonnais.fr\/site\/2018\/10\/23\/lyon-transports-tcl-larret-gare-part-dieu-vivier-merle-des-lignes-c1-et-c2-reporte\/\",\"name\":\"LYON : Transports TCL : L\u2019arr\u00eat Gare Part-Dieu Vivier Merle des lignes C1 et C2 report\u00e9\",\"isPartOf\":{\"@id\":\"https:\/\/newsestlyonnais.fr\/site\/#website\"},\"primaryImageOfPage\":{\"@id\":\"https:\/\/newsestlyonnais.fr\/site\/2018\/10\/23\/lyon-transports-tcl-larret-gare-part-dieu-vivier-merle-des-lignes-c1-et-c2-reporte\/#primaryimage\"},\"image\":{\"@id\":\"https:\/\/newsestlyonnais.fr\/site\/2018\/10\/23\/lyon-transports-tcl-larret-gare-part-dieu-vivier-merle-des-lignes-c1-et-c2-reporte\/#primaryimage\"},\"thumbnailUrl\":\"https:\/\/newsestlyonnais.fr\/site\/wp-content\/uploads\/2017\/04\/NewsEstLyonnais-Flash-Info.png\",\"datePublished\":\"2018-10-23T04:09:00+00:00\",\"dateModified\":\"2020-11-12T05:30:45+00:00\",\"description\":\"LYON : Transports TCL : L\u2019arr\u00eat Gare Part-Dieu Vivier Merle des lignes C1 et C2 report\u00e9\",\"breadcrumb\":{\"@id\":\"https:\/\/newsestlyonnais.fr\/site\/2018\/10\/23\/lyon-transports-tcl-larret-gare-part-dieu-vivier-merle-des-lignes-c1-et-c2-reporte\/#breadcrumb\"},\"inLanguage\":\"fr-FR\",\"potentialAction\":[{\"@type\":\"ReadAction\",\"target\":[\"https:\/\/newsestlyonnais.fr\/site\/2018\/10\/23\/lyon-transports-tcl-larret-gare-part-dieu-vivier-merle-des-lignes-c1-et-c2-reporte\/\"]}]},{\"@type\":\"ImageObject\",\"inLanguage\":\"fr-FR\",\"@id\":\"https:\/\/newsestlyonnais.fr\/site\/2018\/10\/23\/lyon-transports-tcl-larret-gare-part-dieu-vivier-merle-des-lignes-c1-et-c2-reporte\/#primaryimage\",\"url\":\"https:\/\/newsestlyonnais.fr\/site\/wp-content\/uploads\/2017\/04\/NewsEstLyonnais-Flash-Info.png\",\"contentUrl\":\"https:\/\/newsestlyonnais.fr\/site\/wp-content\/uploads\/2017\/04\/NewsEstLyonnais-Flash-Info.png\",\"width\":1000,\"height\":750,\"caption\":\"NewsEstLyonnais-Flash-Info\"},{\"@type\":\"BreadcrumbList\",\"@id\":\"https:\/\/newsestlyonnais.fr\/site\/2018\/10\/23\/lyon-transports-tcl-larret-gare-part-dieu-vivier-merle-des-lignes-c1-et-c2-reporte\/#breadcrumb\",\"itemListElement\":[{\"@type\":\"ListItem\",\"position\":1,\"name\":\"Accueil\",\"item\":\"https:\/\/newsestlyonnais.fr\/site\/\"},{\"@type\":\"ListItem\",\"position\":2,\"name\":\"LYON | Transports TCL > arr\u00eat Gare Part-Dieu Vivier Merle des lignes C1 et C2 report\u00e9\"}]},{\"@type\":\"WebSite\",\"@id\":\"https:\/\/newsestlyonnais.fr\/site\/#website\",\"url\":\"https:\/\/newsestlyonnais.fr\/site\/\",\"name\":\"News Est Lyonnais\",\"description\":\"L&#039;actualit\u00e9 au plus pr\u00e8s\",\"publisher\":{\"@id\":\"https:\/\/newsestlyonnais.fr\/site\/#organization\"},\"potentialAction\":[{\"@type\":\"SearchAction\",\"target\":{\"@type\":\"EntryPoint\",\"urlTemplate\":\"https:\/\/newsestlyonnais.fr\/site\/?s={search_term_string}\"},\"query-input\":{\"@type\":\"PropertyValueSpecification\",\"valueRequired\":true,\"valueName\":\"search_term_string\"}}],\"inLanguage\":\"fr-FR\"},{\"@type\":\"Organization\",\"@id\":\"https:\/\/newsestlyonnais.fr\/site\/#organization\",\"name\":\"News EST LYONNAIS\",\"url\":\"https:\/\/newsestlyonnais.fr\/site\/\",\"logo\":{\"@type\":\"ImageObject\",\"inLanguage\":\"fr-FR\",\"@id\":\"https:\/\/newsestlyonnais.fr\/site\/#\/schema\/logo\/image\/\",\"url\":\"\",\"contentUrl\":\"\",\"caption\":\"News EST LYONNAIS\"},\"image\":{\"@id\":\"https:\/\/newsestlyonnais.fr\/site\/#\/schema\/logo\/image\/\"}},{\"@type\":\"Person\",\"@id\":\"https:\/\/newsestlyonnais.fr\/site\/#\/schema\/person\/3230d5615f390bb808365d673001e887\",\"name\":\"R\u00e9dac. NEWS\",\"sameAs\":[\"http:\/\/www.newsestlyonnais.fr\",\"https:\/\/www.facebook.com\/pascal.oberson.1?fref=ts\",\"https:\/\/fr.linkedin.com\/in\/pascal-oberson-b17045113\"],\"url\":\"https:\/\/newsestlyonnais.fr\/site\/author\/nel\/\"}]}<\/script>\n<!-- \/ Yoast SEO plugin. -->","yoast_head_json":{"title":"LYON : Transports TCL : L\u2019arr\u00eat Gare Part-Dieu Vivier Merle des lignes C1 et C2 report\u00e9","description":"LYON : Transports TCL : L\u2019arr\u00eat Gare Part-Dieu Vivier Merle des lignes C1 et C2 report\u00e9","robots":{"index":"index","follow":"follow","max-snippet":"max-snippet:-1","max-image-preview":"max-image-preview:large","max-video-preview":"max-video-preview:-1"},"canonical":"https:\/\/newsestlyonnais.fr\/site\/2018\/10\/23\/lyon-transports-tcl-larret-gare-part-dieu-vivier-merle-des-lignes-c1-et-c2-reporte\/","og_locale":"fr_FR","og_type":"article","og_title":"LYON : Transports TCL : L\u2019arr\u00eat Gare Part-Dieu Vivier Merle des lignes C1 et C2 report\u00e9","og_description":"LYON : Transports TCL : L\u2019arr\u00eat Gare Part-Dieu Vivier Merle des lignes C1 et C2 report\u00e9","og_url":"https:\/\/newsestlyonnais.fr\/site\/2018\/10\/23\/lyon-transports-tcl-larret-gare-part-dieu-vivier-merle-des-lignes-c1-et-c2-reporte\/","og_site_name":"News Est Lyonnais","article_author":"https:\/\/www.facebook.com\/pascal.oberson.1?fref=ts","article_published_time":"2018-10-23T04:09:00+00:00","article_modified_time":"2020-11-12T05:30:45+00:00","og_image":[{"width":1000,"height":750,"url":"https:\/\/i2.wp.com\/newsestlyonnais.fr\/site\/wp-content\/uploads\/2017\/04\/NewsEstLyonnais-Flash-Info.png?fit=1000%2C750&ssl=1","type":"image\/png"}],"author":"R\u00e9dac. NEWS","twitter_card":"summary_large_image","twitter_misc":{"\u00c9crit par":"R\u00e9dac. NEWS"},"schema":{"@context":"https:\/\/schema.org","@graph":[{"@type":"Article","@id":"https:\/\/newsestlyonnais.fr\/site\/2018\/10\/23\/lyon-transports-tcl-larret-gare-part-dieu-vivier-merle-des-lignes-c1-et-c2-reporte\/#article","isPartOf":{"@id":"https:\/\/newsestlyonnais.fr\/site\/2018\/10\/23\/lyon-transports-tcl-larret-gare-part-dieu-vivier-merle-des-lignes-c1-et-c2-reporte\/"},"author":{"name":"R\u00e9dac. NEWS","@id":"https:\/\/newsestlyonnais.fr\/site\/#\/schema\/person\/3230d5615f390bb808365d673001e887"},"headline":"LYON | Transports TCL > arr\u00eat Gare Part-Dieu Vivier Merle des lignes C1 et C2 report\u00e9","datePublished":"2018-10-23T04:09:00+00:00","dateModified":"2020-11-12T05:30:45+00:00","mainEntityOfPage":{"@id":"https:\/\/newsestlyonnais.fr\/site\/2018\/10\/23\/lyon-transports-tcl-larret-gare-part-dieu-vivier-merle-des-lignes-c1-et-c2-reporte\/"},"wordCount":91,"commentCount":0,"publisher":{"@id":"https:\/\/newsestlyonnais.fr\/site\/#organization"},"image":{"@id":"https:\/\/newsestlyonnais.fr\/site\/2018\/10\/23\/lyon-transports-tcl-larret-gare-part-dieu-vivier-merle-des-lignes-c1-et-c2-reporte\/#primaryimage"},"thumbnailUrl":"https:\/\/newsestlyonnais.fr\/site\/wp-content\/uploads\/2017\/04\/NewsEstLyonnais-Flash-Info.png","keywords":["TCL","TRANSPORTS"],"articleSection":["Lyon","Transports | Circulation","Travaux | Am\u00e9nagements"],"inLanguage":"fr-FR","potentialAction":[{"@type":"CommentAction","name":"Comment","target":["https:\/\/newsestlyonnais.fr\/site\/2018\/10\/23\/lyon-transports-tcl-larret-gare-part-dieu-vivier-merle-des-lignes-c1-et-c2-reporte\/#respond"]}]},{"@type":"WebPage","@id":"https:\/\/newsestlyonnais.fr\/site\/2018\/10\/23\/lyon-transports-tcl-larret-gare-part-dieu-vivier-merle-des-lignes-c1-et-c2-reporte\/","url":"https:\/\/newsestlyonnais.fr\/site\/2018\/10\/23\/lyon-transports-tcl-larret-gare-part-dieu-vivier-merle-des-lignes-c1-et-c2-reporte\/","name":"LYON : Transports TCL : L\u2019arr\u00eat Gare Part-Dieu Vivier Merle des lignes C1 et C2 report\u00e9","isPartOf":{"@id":"https:\/\/newsestlyonnais.fr\/site\/#website"},"primaryImageOfPage":{"@id":"https:\/\/newsestlyonnais.fr\/site\/2018\/10\/23\/lyon-transports-tcl-larret-gare-part-dieu-vivier-merle-des-lignes-c1-et-c2-reporte\/#primaryimage"},"image":{"@id":"https:\/\/newsestlyonnais.fr\/site\/2018\/10\/23\/lyon-transports-tcl-larret-gare-part-dieu-vivier-merle-des-lignes-c1-et-c2-reporte\/#primaryimage"},"thumbnailUrl":"https:\/\/newsestlyonnais.fr\/site\/wp-content\/uploads\/2017\/04\/NewsEstLyonnais-Flash-Info.png","datePublished":"2018-10-23T04:09:00+00:00","dateModified":"2020-11-12T05:30:45+00:00","description":"LYON : Transports TCL : L\u2019arr\u00eat Gare Part-Dieu Vivier Merle des lignes C1 et C2 report\u00e9","breadcrumb":{"@id":"https:\/\/newsestlyonnais.fr\/site\/2018\/10\/23\/lyon-transports-tcl-larret-gare-part-dieu-vivier-merle-des-lignes-c1-et-c2-reporte\/#breadcrumb"},"inLanguage":"fr-FR","potentialAction":[{"@type":"ReadAction","target":["https:\/\/newsestlyonnais.fr\/site\/2018\/10\/23\/lyon-transports-tcl-larret-gare-part-dieu-vivier-merle-des-lignes-c1-et-c2-reporte\/"]}]},{"@type":"ImageObject","inLanguage":"fr-FR","@id":"https:\/\/newsestlyonnais.fr\/site\/2018\/10\/23\/lyon-transports-tcl-larret-gare-part-dieu-vivier-merle-des-lignes-c1-et-c2-reporte\/#primaryimage","url":"https:\/\/newsestlyonnais.fr\/site\/wp-content\/uploads\/2017\/04\/NewsEstLyonnais-Flash-Info.png","contentUrl":"https:\/\/newsestlyonnais.fr\/site\/wp-content\/uploads\/2017\/04\/NewsEstLyonnais-Flash-Info.png","width":1000,"height":750,"caption":"NewsEstLyonnais-Flash-Info"},{"@type":"BreadcrumbList","@id":"https:\/\/newsestlyonnais.fr\/site\/2018\/10\/23\/lyon-transports-tcl-larret-gare-part-dieu-vivier-merle-des-lignes-c1-et-c2-reporte\/#breadcrumb","itemListElement":[{"@type":"ListItem","position":1,"name":"Accueil","item":"https:\/\/newsestlyonnais.fr\/site\/"},{"@type":"ListItem","position":2,"name":"LYON | Transports TCL > arr\u00eat Gare Part-Dieu Vivier Merle des lignes C1 et C2 report\u00e9"}]},{"@type":"WebSite","@id":"https:\/\/newsestlyonnais.fr\/site\/#website","url":"https:\/\/newsestlyonnais.fr\/site\/","name":"News Est Lyonnais","description":"L&#039;actualit\u00e9 au plus pr\u00e8s","publisher":{"@id":"https:\/\/newsestlyonnais.fr\/site\/#organization"},"potentialAction":[{"@type":"SearchAction","target":{"@type":"EntryPoint","urlTemplate":"https:\/\/newsestlyonnais.fr\/site\/?s={search_term_string}"},"query-input":{"@type":"PropertyValueSpecification","valueRequired":true,"valueName":"search_term_string"}}],"inLanguage":"fr-FR"},{"@type":"Organization","@id":"https:\/\/newsestlyonnais.fr\/site\/#organization","name":"News EST LYONNAIS","url":"https:\/\/newsestlyonnais.fr\/site\/","logo":{"@type":"ImageObject","inLanguage":"fr-FR","@id":"https:\/\/newsestlyonnais.fr\/site\/#\/schema\/logo\/image\/","url":"","contentUrl":"","caption":"News EST LYONNAIS"},"image":{"@id":"https:\/\/newsestlyonnais.fr\/site\/#\/schema\/logo\/image\/"}},{"@type":"Person","@id":"https:\/\/newsestlyonnais.fr\/site\/#\/schema\/person\/3230d5615f390bb808365d673001e887","name":"R\u00e9dac. NEWS","sameAs":["http:\/\/www.newsestlyonnais.fr","https:\/\/www.facebook.com\/pascal.oberson.1?fref=ts","https:\/\/fr.linkedin.com\/in\/pascal-oberson-b17045113"],"url":"https:\/\/newsestlyonnais.fr\/site\/author\/nel\/"}]}},"_links":{"self":[{"href":"https:\/\/newsestlyonnais.fr\/site\/wp-json\/wp\/v2\/posts\/58726","targetHints":{"allow":["GET"]}}],"collection":[{"href":"https:\/\/newsestlyonnais.fr\/site\/wp-json\/wp\/v2\/posts"}],"about":[{"href":"https:\/\/newsestlyonnais.fr\/site\/wp-json\/wp\/v2\/types\/post"}],"author":[{"embeddable":true,"href":"https:\/\/newsestlyonnais.fr\/site\/wp-json\/wp\/v2\/users\/4"}],"replies":[{"embeddable":true,"href":"https:\/\/newsestlyonnais.fr\/site\/wp-json\/wp\/v2\/comments?post=58726"}],"version-history":[{"count":0,"href":"https:\/\/newsestlyonnais.fr\/site\/wp-json\/wp\/v2\/posts\/58726\/revisions"}],"wp:featuredmedia":[{"embeddable":true,"href":"https:\/\/newsestlyonnais.fr\/site\/wp-json\/wp\/v2\/media\/25760"}],"wp:attachment":[{"href":"https:\/\/newsestlyonnais.fr\/site\/wp-json\/wp\/v2\/media?parent=58726"}],"wp:term":[{"taxonomy":"category","embeddable":true,"href":"https:\/\/newsestlyonnais.fr\/site\/wp-json\/wp\/v2\/categories?post=58726"},{"taxonomy":"post_tag","embeddable":true,"href":"https:\/\/newsestlyonnais.fr\/site\/wp-json\/wp\/v2\/tags?post=58726"}],"curies":[{"name":"wp","href":"https:\/\/api.w.org\/{rel}","templated":true}]}}