{"id":58850,"date":"2018-10-22T07:09:15","date_gmt":"2018-10-22T06:09:15","guid":{"rendered":"http:\/\/newsestlyonnais.fr\/site\/?p=58850"},"modified":"2020-11-01T12:32:51","modified_gmt":"2020-11-01T11:32:51","slug":"colombier-saugnieu-460-participants-a-la-3-course-nature-des-3-etangs","status":"publish","type":"post","link":"https:\/\/newsestlyonnais.fr\/site\/2018\/10\/22\/colombier-saugnieu-460-participants-a-la-3-course-nature-des-3-etangs\/","title":{"rendered":"COLOMBIER-SAUGNIEU | 460 participants \u00e0 la 3\u00b0 Course nature des 3 \u00e9tangs"},"content":{"rendered":"<h4>La 3\u00b0 \u00e9dition de la course nature des 3 \u00e9tangs se d\u00e9roulait dimanche matin avec 2 distances programm\u00e9es (9 et 18 kilom\u00e8tres) et un d\u00e9part commun du stade.<\/h4>\n<p>\u00a0\u00bb Une course qui s&rsquo;est bien pass\u00e9e m\u00eame si on a connu une baisse de fr\u00e9quentation (510 coureurs en 2017) due \u00e0 une concomittance avec d&rsquo;autres \u00e9preuves qui n&rsquo;\u00e9taient pas \u00e0 la m\u00eame date l&rsquo;an dernier. Mais avec 460 participants (<strong>245 sur le 9 kms &amp; 215 sur le 18 kms<\/strong>), on a enregistr\u00e9 une fid\u00e9lisation de coureurs, malgr\u00e9 le temps gris. A noter notre partenariat avec l&rsquo;A\u00e9roport de Lyon Saint-Exup\u00e9ry, l&rsquo; \u00e9chauffement musculaire effectu\u00e9 par Rachel (club Formes et forme), la Banda festive sur le parcours par \u00ab\u00a0Los Piardos\u00a0\u00bb, les nombreux lots \u00e0 l&rsquo;arriv\u00e9e et la tombola gratuite \u00a0\u00bb confiait \u00e0 l&rsquo;issue de l&rsquo;\u00e9preuve, <strong>Georges Viscogliosi, pr\u00e9sident du Running Club Colombier-Saugnieu<\/strong>, organisateur de cet \u00e9v\u00e8nement.<\/p>\n<p>Succ\u00e8s sur les <strong>9 kms<\/strong> d&rsquo; <strong>Hugo Altmeyer<\/strong> (Team Scott\/Terre de Running) en <strong>30&prime; 45<\/strong> (<span style=\"text-decoration: underline\">nouveau record de l&rsquo;\u00e9preuve<\/span>) &amp; de <strong>Virginie Murat<\/strong> (Non licenci\u00e9e) en 42 &lsquo; 32. Sur les 18 kms, victoires d&rsquo;<strong>Anthony Mauger<\/strong> (non licenci\u00e9) en 1 h 7&prime; 28 &amp; de <strong>Paula De Campos<\/strong> (La Foul\u00e9e Muroise) en 1 h 20&prime; 15 (<span style=\"text-decoration: underline\">nouveau record de l&rsquo;\u00e9preuve<\/span> &amp; 16\u00b0 au scratch).<\/p>\n<p><span style=\"text-decoration: underline\"><em><strong>R\u00e9sultats complets<\/strong><\/em><\/span> :<\/p>\n<ul>\n<li>du <span style=\"text-decoration: underline\">9 kms (90 m\u00e8tres D+)<\/span> sur :\u00a0<a href=\"http:\/\/rccs.e-monsite.com\/medias\/files\/9-km-2018.pdf\" target=\"_blank\" rel=\"noopener noreferrer\">http:\/\/rccs.e-monsite.com\/medias\/files\/9-km-2018.pdf<\/a><\/li>\n<li>du <span style=\"text-decoration: underline\">18 kms (180 m\u00e8tres D+)<\/span> sur : <a href=\"http:\/\/rccs.e-monsite.com\/medias\/files\/18-km-2018.pdf\" target=\"_blank\" rel=\"noopener noreferrer\">http:\/\/rccs.e-monsite.com\/medias\/files\/18-km-2018.pdf<\/a><\/li>\n<\/ul>\n<div id='gallery-1' class='gallery galleryid-58850 gallery-columns-3 gallery-size-thumbnail'><figure class='gallery-item'>\n\t\t\t<div class='gallery-icon landscape'>\n\t\t\t\t<a href='https:\/\/newsestlyonnais.fr\/site\/newsestlyonnais-course-nature-2018\/'><img loading=\"lazy\" decoding=\"async\" width=\"150\" height=\"150\" src=\"https:\/\/newsestlyonnais.fr\/site\/wp-content\/uploads\/2018\/02\/NEWSESTLYONNAIS-COURSE-NATURE-2018-150x150.jpg\" class=\"attachment-thumbnail size-thumbnail\" alt=\"NEWSESTLYONNAIS - COURSE NATURE 2018\" aria-describedby=\"gallery-1-44184\" \/><\/a>\n\t\t\t<\/div>\n\t\t\t\t<figcaption class='wp-caption-text gallery-caption' id='gallery-1-44184'>\n\t\t\t\t   L&rsquo;affiche de la course \n\t\t\t\t<\/figcaption><\/figure><figure class='gallery-item'>\n\t\t\t<div class='gallery-icon landscape'>\n\t\t\t\t<a href='https:\/\/newsestlyonnais.fr\/site\/2018\/10\/22\/colombier-saugnieu-460-participants-a-la-3-course-nature-des-3-etangs\/newsestlyonnais-course-etangs-02\/'><img loading=\"lazy\" decoding=\"async\" width=\"150\" height=\"150\" src=\"https:\/\/newsestlyonnais.fr\/site\/wp-content\/uploads\/2018\/10\/NEWSESTLYONNAIS-COURSE-ETANGS-02-150x150.jpeg\" class=\"attachment-thumbnail size-thumbnail\" alt=\"\" aria-describedby=\"gallery-1-58857\" \/><\/a>\n\t\t\t<\/div>\n\t\t\t\t<figcaption class='wp-caption-text gallery-caption' id='gallery-1-58857'>\n\t\t\t\tD\u00e9part commun pour les 2 distances  \n\t\t\t\t<\/figcaption><\/figure>\n\t\t<\/div>\n\n","protected":false},"excerpt":{"rendered":"<p>La 3\u00b0 \u00e9dition de la course nature des 3 \u00e9tangs se d\u00e9roulait dimanche matin avec 2 distances programm\u00e9es (9 et 18 kilom\u00e8tres) et un d\u00e9part commun du stade. \u00a0\u00bb Une course qui s&rsquo;est bien pass\u00e9e m\u00eame si on a connu une baisse de fr\u00e9quentation (510 coureurs en 2017) due \u00e0 une concomittance avec d&rsquo;autres \u00e9preuves [&hellip;]<\/p>\n","protected":false},"author":4,"featured_media":58853,"comment_status":"open","ping_status":"open","sticky":false,"template":"","format":"standard","meta":{"footnotes":""},"categories":[2968,270,1280],"tags":[],"class_list":["post-58850","post","type-post","status-publish","format-standard","has-post-thumbnail","hentry","category-athle-course-pied-marche","category-cte-de-communes-c-c-e-l","category-colombier-saugnieu"],"yoast_head":"<!-- This site is optimized with the Yoast SEO plugin v27.2 - https:\/\/yoast.com\/product\/yoast-seo-wordpress\/ -->\n<title>COLOMBIER-SAUGNIEU : 460 participants \u00e0 la 3\u00b0 Course nature des 3 \u00e9tangs<\/title>\n<meta name=\"description\" content=\"COLOMBIER-SAUGNIEU : 460 participants \u00e0 la 3\u00b0 Course nature des 3 \u00e9tangs\" \/>\n<meta name=\"robots\" content=\"index, follow, max-snippet:-1, max-image-preview:large, max-video-preview:-1\" \/>\n<link rel=\"canonical\" href=\"https:\/\/newsestlyonnais.fr\/site\/2018\/10\/22\/colombier-saugnieu-460-participants-a-la-3-course-nature-des-3-etangs\/\" \/>\n<meta property=\"og:locale\" content=\"fr_FR\" \/>\n<meta property=\"og:type\" content=\"article\" \/>\n<meta property=\"og:title\" content=\"COLOMBIER-SAUGNIEU : 460 participants \u00e0 la 3\u00b0 Course nature des 3 \u00e9tangs\" \/>\n<meta property=\"og:description\" content=\"COLOMBIER-SAUGNIEU : 460 participants \u00e0 la 3\u00b0 Course nature des 3 \u00e9tangs\" \/>\n<meta property=\"og:url\" content=\"https:\/\/newsestlyonnais.fr\/site\/2018\/10\/22\/colombier-saugnieu-460-participants-a-la-3-course-nature-des-3-etangs\/\" \/>\n<meta property=\"og:site_name\" content=\"News Est Lyonnais\" \/>\n<meta property=\"article:author\" content=\"https:\/\/www.facebook.com\/pascal.oberson.1?fref=ts\" \/>\n<meta property=\"article:published_time\" content=\"2018-10-22T06:09:15+00:00\" \/>\n<meta property=\"article:modified_time\" content=\"2020-11-01T11:32:51+00:00\" \/>\n<meta property=\"og:image\" content=\"https:\/\/i2.wp.com\/newsestlyonnais.fr\/site\/wp-content\/uploads\/2018\/10\/NEWSESTLYONNAIS-COURSE-ETANGS-01.jpeg?fit=500%2C331&ssl=1\" \/>\n\t<meta property=\"og:image:width\" content=\"500\" \/>\n\t<meta property=\"og:image:height\" content=\"331\" \/>\n\t<meta property=\"og:image:type\" content=\"image\/jpeg\" \/>\n<meta name=\"author\" content=\"R\u00e9dac. NEWS\" \/>\n<meta name=\"twitter:card\" content=\"summary_large_image\" \/>\n<meta name=\"twitter:label1\" content=\"\u00c9crit par\" \/>\n\t<meta name=\"twitter:data1\" content=\"R\u00e9dac. NEWS\" \/>\n\t<meta name=\"twitter:label2\" content=\"Dur\u00e9e de lecture estim\u00e9e\" \/>\n\t<meta name=\"twitter:data2\" content=\"1 minute\" \/>\n<script type=\"application\/ld+json\" class=\"yoast-schema-graph\">{\"@context\":\"https:\/\/schema.org\",\"@graph\":[{\"@type\":\"Article\",\"@id\":\"https:\/\/newsestlyonnais.fr\/site\/2018\/10\/22\/colombier-saugnieu-460-participants-a-la-3-course-nature-des-3-etangs\/#article\",\"isPartOf\":{\"@id\":\"https:\/\/newsestlyonnais.fr\/site\/2018\/10\/22\/colombier-saugnieu-460-participants-a-la-3-course-nature-des-3-etangs\/\"},\"author\":{\"name\":\"R\u00e9dac. NEWS\",\"@id\":\"https:\/\/newsestlyonnais.fr\/site\/#\/schema\/person\/3230d5615f390bb808365d673001e887\"},\"headline\":\"COLOMBIER-SAUGNIEU | 460 participants \u00e0 la 3\u00b0 Course nature des 3 \u00e9tangs\",\"datePublished\":\"2018-10-22T06:09:15+00:00\",\"dateModified\":\"2020-11-01T11:32:51+00:00\",\"mainEntityOfPage\":{\"@id\":\"https:\/\/newsestlyonnais.fr\/site\/2018\/10\/22\/colombier-saugnieu-460-participants-a-la-3-course-nature-des-3-etangs\/\"},\"wordCount\":247,\"commentCount\":0,\"publisher\":{\"@id\":\"https:\/\/newsestlyonnais.fr\/site\/#organization\"},\"image\":{\"@id\":\"https:\/\/newsestlyonnais.fr\/site\/2018\/10\/22\/colombier-saugnieu-460-participants-a-la-3-course-nature-des-3-etangs\/#primaryimage\"},\"thumbnailUrl\":\"https:\/\/newsestlyonnais.fr\/site\/wp-content\/uploads\/2018\/10\/NEWSESTLYONNAIS-COURSE-ETANGS-01.jpeg\",\"articleSection\":[\"Athl\u00e9 | Course pied | Marche\",\"CCEL | Communes\",\"Colombier-Saugnieu\"],\"inLanguage\":\"fr-FR\",\"potentialAction\":[{\"@type\":\"CommentAction\",\"name\":\"Comment\",\"target\":[\"https:\/\/newsestlyonnais.fr\/site\/2018\/10\/22\/colombier-saugnieu-460-participants-a-la-3-course-nature-des-3-etangs\/#respond\"]}]},{\"@type\":\"WebPage\",\"@id\":\"https:\/\/newsestlyonnais.fr\/site\/2018\/10\/22\/colombier-saugnieu-460-participants-a-la-3-course-nature-des-3-etangs\/\",\"url\":\"https:\/\/newsestlyonnais.fr\/site\/2018\/10\/22\/colombier-saugnieu-460-participants-a-la-3-course-nature-des-3-etangs\/\",\"name\":\"COLOMBIER-SAUGNIEU : 460 participants \u00e0 la 3\u00b0 Course nature des 3 \u00e9tangs\",\"isPartOf\":{\"@id\":\"https:\/\/newsestlyonnais.fr\/site\/#website\"},\"primaryImageOfPage\":{\"@id\":\"https:\/\/newsestlyonnais.fr\/site\/2018\/10\/22\/colombier-saugnieu-460-participants-a-la-3-course-nature-des-3-etangs\/#primaryimage\"},\"image\":{\"@id\":\"https:\/\/newsestlyonnais.fr\/site\/2018\/10\/22\/colombier-saugnieu-460-participants-a-la-3-course-nature-des-3-etangs\/#primaryimage\"},\"thumbnailUrl\":\"https:\/\/newsestlyonnais.fr\/site\/wp-content\/uploads\/2018\/10\/NEWSESTLYONNAIS-COURSE-ETANGS-01.jpeg\",\"datePublished\":\"2018-10-22T06:09:15+00:00\",\"dateModified\":\"2020-11-01T11:32:51+00:00\",\"description\":\"COLOMBIER-SAUGNIEU : 460 participants \u00e0 la 3\u00b0 Course nature des 3 \u00e9tangs\",\"breadcrumb\":{\"@id\":\"https:\/\/newsestlyonnais.fr\/site\/2018\/10\/22\/colombier-saugnieu-460-participants-a-la-3-course-nature-des-3-etangs\/#breadcrumb\"},\"inLanguage\":\"fr-FR\",\"potentialAction\":[{\"@type\":\"ReadAction\",\"target\":[\"https:\/\/newsestlyonnais.fr\/site\/2018\/10\/22\/colombier-saugnieu-460-participants-a-la-3-course-nature-des-3-etangs\/\"]}]},{\"@type\":\"ImageObject\",\"inLanguage\":\"fr-FR\",\"@id\":\"https:\/\/newsestlyonnais.fr\/site\/2018\/10\/22\/colombier-saugnieu-460-participants-a-la-3-course-nature-des-3-etangs\/#primaryimage\",\"url\":\"https:\/\/newsestlyonnais.fr\/site\/wp-content\/uploads\/2018\/10\/NEWSESTLYONNAIS-COURSE-ETANGS-01.jpeg\",\"contentUrl\":\"https:\/\/newsestlyonnais.fr\/site\/wp-content\/uploads\/2018\/10\/NEWSESTLYONNAIS-COURSE-ETANGS-01.jpeg\",\"width\":500,\"height\":331,\"caption\":\"NEWSESTLYONNAIS COURSE ETANGS 01\"},{\"@type\":\"BreadcrumbList\",\"@id\":\"https:\/\/newsestlyonnais.fr\/site\/2018\/10\/22\/colombier-saugnieu-460-participants-a-la-3-course-nature-des-3-etangs\/#breadcrumb\",\"itemListElement\":[{\"@type\":\"ListItem\",\"position\":1,\"name\":\"Accueil\",\"item\":\"https:\/\/newsestlyonnais.fr\/site\/\"},{\"@type\":\"ListItem\",\"position\":2,\"name\":\"COLOMBIER-SAUGNIEU | 460 participants \u00e0 la 3\u00b0 Course nature des 3 \u00e9tangs\"}]},{\"@type\":\"WebSite\",\"@id\":\"https:\/\/newsestlyonnais.fr\/site\/#website\",\"url\":\"https:\/\/newsestlyonnais.fr\/site\/\",\"name\":\"News Est Lyonnais\",\"description\":\"L&#039;actualit\u00e9 au plus pr\u00e8s\",\"publisher\":{\"@id\":\"https:\/\/newsestlyonnais.fr\/site\/#organization\"},\"potentialAction\":[{\"@type\":\"SearchAction\",\"target\":{\"@type\":\"EntryPoint\",\"urlTemplate\":\"https:\/\/newsestlyonnais.fr\/site\/?s={search_term_string}\"},\"query-input\":{\"@type\":\"PropertyValueSpecification\",\"valueRequired\":true,\"valueName\":\"search_term_string\"}}],\"inLanguage\":\"fr-FR\"},{\"@type\":\"Organization\",\"@id\":\"https:\/\/newsestlyonnais.fr\/site\/#organization\",\"name\":\"News EST LYONNAIS\",\"url\":\"https:\/\/newsestlyonnais.fr\/site\/\",\"logo\":{\"@type\":\"ImageObject\",\"inLanguage\":\"fr-FR\",\"@id\":\"https:\/\/newsestlyonnais.fr\/site\/#\/schema\/logo\/image\/\",\"url\":\"\",\"contentUrl\":\"\",\"caption\":\"News EST LYONNAIS\"},\"image\":{\"@id\":\"https:\/\/newsestlyonnais.fr\/site\/#\/schema\/logo\/image\/\"}},{\"@type\":\"Person\",\"@id\":\"https:\/\/newsestlyonnais.fr\/site\/#\/schema\/person\/3230d5615f390bb808365d673001e887\",\"name\":\"R\u00e9dac. NEWS\",\"sameAs\":[\"http:\/\/www.newsestlyonnais.fr\",\"https:\/\/www.facebook.com\/pascal.oberson.1?fref=ts\",\"https:\/\/fr.linkedin.com\/in\/pascal-oberson-b17045113\"],\"url\":\"https:\/\/newsestlyonnais.fr\/site\/author\/nel\/\"}]}<\/script>\n<!-- \/ Yoast SEO plugin. -->","yoast_head_json":{"title":"COLOMBIER-SAUGNIEU : 460 participants \u00e0 la 3\u00b0 Course nature des 3 \u00e9tangs","description":"COLOMBIER-SAUGNIEU : 460 participants \u00e0 la 3\u00b0 Course nature des 3 \u00e9tangs","robots":{"index":"index","follow":"follow","max-snippet":"max-snippet:-1","max-image-preview":"max-image-preview:large","max-video-preview":"max-video-preview:-1"},"canonical":"https:\/\/newsestlyonnais.fr\/site\/2018\/10\/22\/colombier-saugnieu-460-participants-a-la-3-course-nature-des-3-etangs\/","og_locale":"fr_FR","og_type":"article","og_title":"COLOMBIER-SAUGNIEU : 460 participants \u00e0 la 3\u00b0 Course nature des 3 \u00e9tangs","og_description":"COLOMBIER-SAUGNIEU : 460 participants \u00e0 la 3\u00b0 Course nature des 3 \u00e9tangs","og_url":"https:\/\/newsestlyonnais.fr\/site\/2018\/10\/22\/colombier-saugnieu-460-participants-a-la-3-course-nature-des-3-etangs\/","og_site_name":"News Est Lyonnais","article_author":"https:\/\/www.facebook.com\/pascal.oberson.1?fref=ts","article_published_time":"2018-10-22T06:09:15+00:00","article_modified_time":"2020-11-01T11:32:51+00:00","og_image":[{"width":500,"height":331,"url":"https:\/\/i2.wp.com\/newsestlyonnais.fr\/site\/wp-content\/uploads\/2018\/10\/NEWSESTLYONNAIS-COURSE-ETANGS-01.jpeg?fit=500%2C331&ssl=1","type":"image\/jpeg"}],"author":"R\u00e9dac. NEWS","twitter_card":"summary_large_image","twitter_misc":{"\u00c9crit par":"R\u00e9dac. NEWS","Dur\u00e9e de lecture estim\u00e9e":"1 minute"},"schema":{"@context":"https:\/\/schema.org","@graph":[{"@type":"Article","@id":"https:\/\/newsestlyonnais.fr\/site\/2018\/10\/22\/colombier-saugnieu-460-participants-a-la-3-course-nature-des-3-etangs\/#article","isPartOf":{"@id":"https:\/\/newsestlyonnais.fr\/site\/2018\/10\/22\/colombier-saugnieu-460-participants-a-la-3-course-nature-des-3-etangs\/"},"author":{"name":"R\u00e9dac. NEWS","@id":"https:\/\/newsestlyonnais.fr\/site\/#\/schema\/person\/3230d5615f390bb808365d673001e887"},"headline":"COLOMBIER-SAUGNIEU | 460 participants \u00e0 la 3\u00b0 Course nature des 3 \u00e9tangs","datePublished":"2018-10-22T06:09:15+00:00","dateModified":"2020-11-01T11:32:51+00:00","mainEntityOfPage":{"@id":"https:\/\/newsestlyonnais.fr\/site\/2018\/10\/22\/colombier-saugnieu-460-participants-a-la-3-course-nature-des-3-etangs\/"},"wordCount":247,"commentCount":0,"publisher":{"@id":"https:\/\/newsestlyonnais.fr\/site\/#organization"},"image":{"@id":"https:\/\/newsestlyonnais.fr\/site\/2018\/10\/22\/colombier-saugnieu-460-participants-a-la-3-course-nature-des-3-etangs\/#primaryimage"},"thumbnailUrl":"https:\/\/newsestlyonnais.fr\/site\/wp-content\/uploads\/2018\/10\/NEWSESTLYONNAIS-COURSE-ETANGS-01.jpeg","articleSection":["Athl\u00e9 | Course pied | Marche","CCEL | Communes","Colombier-Saugnieu"],"inLanguage":"fr-FR","potentialAction":[{"@type":"CommentAction","name":"Comment","target":["https:\/\/newsestlyonnais.fr\/site\/2018\/10\/22\/colombier-saugnieu-460-participants-a-la-3-course-nature-des-3-etangs\/#respond"]}]},{"@type":"WebPage","@id":"https:\/\/newsestlyonnais.fr\/site\/2018\/10\/22\/colombier-saugnieu-460-participants-a-la-3-course-nature-des-3-etangs\/","url":"https:\/\/newsestlyonnais.fr\/site\/2018\/10\/22\/colombier-saugnieu-460-participants-a-la-3-course-nature-des-3-etangs\/","name":"COLOMBIER-SAUGNIEU : 460 participants \u00e0 la 3\u00b0 Course nature des 3 \u00e9tangs","isPartOf":{"@id":"https:\/\/newsestlyonnais.fr\/site\/#website"},"primaryImageOfPage":{"@id":"https:\/\/newsestlyonnais.fr\/site\/2018\/10\/22\/colombier-saugnieu-460-participants-a-la-3-course-nature-des-3-etangs\/#primaryimage"},"image":{"@id":"https:\/\/newsestlyonnais.fr\/site\/2018\/10\/22\/colombier-saugnieu-460-participants-a-la-3-course-nature-des-3-etangs\/#primaryimage"},"thumbnailUrl":"https:\/\/newsestlyonnais.fr\/site\/wp-content\/uploads\/2018\/10\/NEWSESTLYONNAIS-COURSE-ETANGS-01.jpeg","datePublished":"2018-10-22T06:09:15+00:00","dateModified":"2020-11-01T11:32:51+00:00","description":"COLOMBIER-SAUGNIEU : 460 participants \u00e0 la 3\u00b0 Course nature des 3 \u00e9tangs","breadcrumb":{"@id":"https:\/\/newsestlyonnais.fr\/site\/2018\/10\/22\/colombier-saugnieu-460-participants-a-la-3-course-nature-des-3-etangs\/#breadcrumb"},"inLanguage":"fr-FR","potentialAction":[{"@type":"ReadAction","target":["https:\/\/newsestlyonnais.fr\/site\/2018\/10\/22\/colombier-saugnieu-460-participants-a-la-3-course-nature-des-3-etangs\/"]}]},{"@type":"ImageObject","inLanguage":"fr-FR","@id":"https:\/\/newsestlyonnais.fr\/site\/2018\/10\/22\/colombier-saugnieu-460-participants-a-la-3-course-nature-des-3-etangs\/#primaryimage","url":"https:\/\/newsestlyonnais.fr\/site\/wp-content\/uploads\/2018\/10\/NEWSESTLYONNAIS-COURSE-ETANGS-01.jpeg","contentUrl":"https:\/\/newsestlyonnais.fr\/site\/wp-content\/uploads\/2018\/10\/NEWSESTLYONNAIS-COURSE-ETANGS-01.jpeg","width":500,"height":331,"caption":"NEWSESTLYONNAIS COURSE ETANGS 01"},{"@type":"BreadcrumbList","@id":"https:\/\/newsestlyonnais.fr\/site\/2018\/10\/22\/colombier-saugnieu-460-participants-a-la-3-course-nature-des-3-etangs\/#breadcrumb","itemListElement":[{"@type":"ListItem","position":1,"name":"Accueil","item":"https:\/\/newsestlyonnais.fr\/site\/"},{"@type":"ListItem","position":2,"name":"COLOMBIER-SAUGNIEU | 460 participants \u00e0 la 3\u00b0 Course nature des 3 \u00e9tangs"}]},{"@type":"WebSite","@id":"https:\/\/newsestlyonnais.fr\/site\/#website","url":"https:\/\/newsestlyonnais.fr\/site\/","name":"News Est Lyonnais","description":"L&#039;actualit\u00e9 au plus pr\u00e8s","publisher":{"@id":"https:\/\/newsestlyonnais.fr\/site\/#organization"},"potentialAction":[{"@type":"SearchAction","target":{"@type":"EntryPoint","urlTemplate":"https:\/\/newsestlyonnais.fr\/site\/?s={search_term_string}"},"query-input":{"@type":"PropertyValueSpecification","valueRequired":true,"valueName":"search_term_string"}}],"inLanguage":"fr-FR"},{"@type":"Organization","@id":"https:\/\/newsestlyonnais.fr\/site\/#organization","name":"News EST LYONNAIS","url":"https:\/\/newsestlyonnais.fr\/site\/","logo":{"@type":"ImageObject","inLanguage":"fr-FR","@id":"https:\/\/newsestlyonnais.fr\/site\/#\/schema\/logo\/image\/","url":"","contentUrl":"","caption":"News EST LYONNAIS"},"image":{"@id":"https:\/\/newsestlyonnais.fr\/site\/#\/schema\/logo\/image\/"}},{"@type":"Person","@id":"https:\/\/newsestlyonnais.fr\/site\/#\/schema\/person\/3230d5615f390bb808365d673001e887","name":"R\u00e9dac. NEWS","sameAs":["http:\/\/www.newsestlyonnais.fr","https:\/\/www.facebook.com\/pascal.oberson.1?fref=ts","https:\/\/fr.linkedin.com\/in\/pascal-oberson-b17045113"],"url":"https:\/\/newsestlyonnais.fr\/site\/author\/nel\/"}]}},"_links":{"self":[{"href":"https:\/\/newsestlyonnais.fr\/site\/wp-json\/wp\/v2\/posts\/58850","targetHints":{"allow":["GET"]}}],"collection":[{"href":"https:\/\/newsestlyonnais.fr\/site\/wp-json\/wp\/v2\/posts"}],"about":[{"href":"https:\/\/newsestlyonnais.fr\/site\/wp-json\/wp\/v2\/types\/post"}],"author":[{"embeddable":true,"href":"https:\/\/newsestlyonnais.fr\/site\/wp-json\/wp\/v2\/users\/4"}],"replies":[{"embeddable":true,"href":"https:\/\/newsestlyonnais.fr\/site\/wp-json\/wp\/v2\/comments?post=58850"}],"version-history":[{"count":0,"href":"https:\/\/newsestlyonnais.fr\/site\/wp-json\/wp\/v2\/posts\/58850\/revisions"}],"wp:featuredmedia":[{"embeddable":true,"href":"https:\/\/newsestlyonnais.fr\/site\/wp-json\/wp\/v2\/media\/58853"}],"wp:attachment":[{"href":"https:\/\/newsestlyonnais.fr\/site\/wp-json\/wp\/v2\/media?parent=58850"}],"wp:term":[{"taxonomy":"category","embeddable":true,"href":"https:\/\/newsestlyonnais.fr\/site\/wp-json\/wp\/v2\/categories?post=58850"},{"taxonomy":"post_tag","embeddable":true,"href":"https:\/\/newsestlyonnais.fr\/site\/wp-json\/wp\/v2\/tags?post=58850"}],"curies":[{"name":"wp","href":"https:\/\/api.w.org\/{rel}","templated":true}]}}