{"id":58921,"date":"2018-10-20T10:45:18","date_gmt":"2018-10-20T09:45:18","guid":{"rendered":"http:\/\/newsestlyonnais.fr\/site\/?p=58921"},"modified":"2020-11-04T15:30:11","modified_gmt":"2020-11-04T14:30:11","slug":"vaulx-en-velin-boules-lyonnaises-lequipe-jan-remporte-la-coupe-de-la-municipalite","status":"publish","type":"post","link":"https:\/\/newsestlyonnais.fr\/site\/2018\/10\/20\/vaulx-en-velin-boules-lyonnaises-lequipe-jan-remporte-la-coupe-de-la-municipalite\/","title":{"rendered":"VAULX-EN-VELIN | Boules Lyonnaises > l\u2019\u00e9quipe Jan remporte la Coupe de la Municipalit\u00e9"},"content":{"rendered":"<h4>Finale de la Coupe de la Municipalit\u00e9 vendredi dernier en soir\u00e9e au boulodrome couvert de Vaulx en Velin.<\/h4>\n<p>Une belle finale suivie par un nombreux public dont le but a \u00e9t\u00e9 lanc\u00e9 par Pierre Dussurgey (1\u00b0 adjoint d\u00e9l\u00e9gu\u00e9 aux finances et aux sports).<\/p>\n<p>L\u2019\u00e9quipe Jan (ASBM) remporte cette Coupe de la Municipalit\u00e9 face \u00e0 l\u2019\u00e9quipe Paturel (Corbas) vainqueur de l\u2019\u00e9dition 2017.<\/p>\n<p>D\u00e9but de partie difficile de l\u2019\u00e9quipe Jan (0-4) et il faudra 2 annulations de D. Accasto pour les relancer. L\u2019\u00e9quipe Paturel manquera une grosse marque (2 points au lieu de 6) alors que Jan ne manquera pas l\u2019opportunit\u00e9 dans une m\u00e8ne de faire 5 points.<\/p>\n<p>A noter la pr\u00e9sence de Madame la Maire H\u00e9l\u00e8ne Geoffroy\u00a0accompagn\u00e9e de Muriel Lecerf, Pierre Dussurgey et St\u00e9phane Gomez qui repr\u00e9sentaient la Municipalit\u00e9.<\/p>\n<p>Fleurs et coupes ont \u00e9t\u00e9 remises aux joueurs par ces derni\u00e8res, apr\u00e8s discours de la Maire et de Rens De Groot pr\u00e9sident de la Boule Vaudaise.<\/p>\n<p>La soir\u00e9e se terminait par le traditionnel repas de la convivialit\u00e9<\/p>\n<ul>\n<li>\u00a0<strong>Les r\u00e9sultats<\/strong> :<\/li>\n<\/ul>\n<p><span style=\"text-decoration: underline\"><em>Perdants \u00bd finale<\/em><\/span><em> :<\/em> Jacon \u2013 B. Durand \u2013 D.\/ Theuil \u2013 G. Chamoley \u2013 A. Ferretti (ALBEU- Ozon) &amp; Collas \u2013 P. Laubies \u2013 Cl. Brousse \u2013 JF. Tournier (Givors)<\/p>\n<p><span style=\"text-decoration: underline\">Finale<\/span> : Jan \u2013 D. Accasto \u2013 J. Frasse \u2013 G. Bousch \u2013 N. Bousch (ASBM) gagnent M.Paturel \u2013 JL Virieux \u2013 G. Bertholet \u2013 P. Dentressangle (Corbas).<\/p>\n<p><span style=\"text-decoration: underline\"><em><strong>PHOTO A LA UNE<\/strong> <\/em><\/span>: Les vainqueurs (de G \u00e0 D) : J. Frasse \u2013 G. Bousch \u2013 P. Jan \u2013 D. Accasto \u2013 N. Bousch<\/p>\n<ul>\n<li>\u00a0Prochain rendez-vous <strong>M\u00e9morial Dagier le 17 novembre<\/strong> &amp; <strong>reprise des concours du Mardi le 13 Novembre. <\/strong>Inscriptions au 04. 72. 04. 37. 32 (AM uniquement).<\/li>\n<\/ul>\n<div id='gallery-1' class='gallery galleryid-58921 gallery-columns-3 gallery-size-thumbnail'><figure class='gallery-item'>\n\t\t\t<div class='gallery-icon landscape'>\n\t\t\t\t<a href='https:\/\/newsestlyonnais.fr\/site\/2018\/10\/20\/vaulx-en-velin-boules-lyonnaises-lequipe-jan-remporte-la-coupe-de-la-municipalite\/newsestlyonnais-coupe-mun-vaulx\/'><img loading=\"lazy\" decoding=\"async\" width=\"150\" height=\"150\" src=\"https:\/\/newsestlyonnais.fr\/site\/wp-content\/uploads\/2018\/10\/NEWSESTLYONNAIS-COUPE-MUN-VAULX-150x150.jpeg\" class=\"attachment-thumbnail size-thumbnail\" alt=\"NEWSESTLYONNAIS COUPE MUN VAULX\" \/><\/a>\n\t\t\t<\/div><\/figure><figure class='gallery-item'>\n\t\t\t<div class='gallery-icon landscape'>\n\t\t\t\t<a href='https:\/\/newsestlyonnais.fr\/site\/2018\/10\/20\/vaulx-en-velin-boules-lyonnaises-lequipe-jan-remporte-la-coupe-de-la-municipalite\/newsestlyonnais-coupe-mun-vaulx-04\/'><img loading=\"lazy\" decoding=\"async\" width=\"150\" height=\"150\" src=\"https:\/\/newsestlyonnais.fr\/site\/wp-content\/uploads\/2018\/10\/NEWSESTLYONNAIS-COUPE-MUN-VAULX-04-150x150.jpg\" class=\"attachment-thumbnail size-thumbnail\" alt=\"\" aria-describedby=\"gallery-1-58927\" \/><\/a>\n\t\t\t<\/div>\n\t\t\t\t<figcaption class='wp-caption-text gallery-caption' id='gallery-1-58927'>\n\t\t\t\tLe troph\u00e9e mis en jeu depuis 1979 et les 10 coupes \n\t\t\t\t<\/figcaption><\/figure><figure class='gallery-item'>\n\t\t\t<div class='gallery-icon portrait'>\n\t\t\t\t<a href='https:\/\/newsestlyonnais.fr\/site\/newsestestlyonnais-affiche-dagier-2018-page-001\/'><img loading=\"lazy\" decoding=\"async\" width=\"150\" height=\"150\" src=\"https:\/\/newsestlyonnais.fr\/site\/wp-content\/uploads\/2018\/10\/NEWSESTESTLYONNAIS-AFFICHE-Dagier-2018-page-001-150x150.jpg\" class=\"attachment-thumbnail size-thumbnail\" alt=\"NEWSESTESTLYONNAIS AFFICHE Dagier 2018-page-001\" aria-describedby=\"gallery-1-58398\" \/><\/a>\n\t\t\t<\/div>\n\t\t\t\t<figcaption class='wp-caption-text gallery-caption' id='gallery-1-58398'>\n\t\t\t\tProchain concours : M\u00e9morial Dagier \n\t\t\t\t<\/figcaption><\/figure>\n\t\t<\/div>\n\n","protected":false},"excerpt":{"rendered":"<p>Finale de la Coupe de la Municipalit\u00e9 vendredi dernier en soir\u00e9e au boulodrome couvert de Vaulx en Velin. Une belle finale suivie par un nombreux public dont le but a \u00e9t\u00e9 lanc\u00e9 par Pierre Dussurgey (1\u00b0 adjoint d\u00e9l\u00e9gu\u00e9 aux finances et aux sports). L\u2019\u00e9quipe Jan (ASBM) remporte cette Coupe de la Municipalit\u00e9 face \u00e0 l\u2019\u00e9quipe [&hellip;]<\/p>\n","protected":false},"author":4,"featured_media":58925,"comment_status":"open","ping_status":"open","sticky":false,"template":"","format":"standard","meta":{"footnotes":""},"categories":[2977,1341,4,28],"tags":[],"class_list":["post-58921","post","type-post","status-publish","format-standard","has-post-thumbnail","hentry","category-boules-petanque-sports","category-boules-lyonnaises","category-evenements-divers","category-vaulx-en-velin"],"yoast_head":"<!-- This site is optimized with the Yoast SEO plugin v27.2 - https:\/\/yoast.com\/product\/yoast-seo-wordpress\/ -->\n<title>VAULX EN VELIN : L\u2019\u00e9quipe Jan remporte la Coupe de la Municipalit\u00e9 de Boules Lyonnaises<\/title>\n<meta name=\"description\" content=\"VAULX EN VELIN : L\u2019\u00e9quipe Jan remporte la Coupe de la Municipalit\u00e9 de Boules Lyonnaises\" \/>\n<meta name=\"robots\" content=\"index, follow, max-snippet:-1, max-image-preview:large, max-video-preview:-1\" \/>\n<link rel=\"canonical\" href=\"https:\/\/newsestlyonnais.fr\/site\/2018\/10\/20\/vaulx-en-velin-boules-lyonnaises-lequipe-jan-remporte-la-coupe-de-la-municipalite\/\" \/>\n<meta property=\"og:locale\" content=\"fr_FR\" \/>\n<meta property=\"og:type\" content=\"article\" \/>\n<meta property=\"og:title\" content=\"VAULX EN VELIN : L\u2019\u00e9quipe Jan remporte la Coupe de la Municipalit\u00e9 de Boules Lyonnaises\" \/>\n<meta property=\"og:description\" content=\"VAULX EN VELIN : L\u2019\u00e9quipe Jan remporte la Coupe de la Municipalit\u00e9 de Boules Lyonnaises\" \/>\n<meta property=\"og:url\" content=\"https:\/\/newsestlyonnais.fr\/site\/2018\/10\/20\/vaulx-en-velin-boules-lyonnaises-lequipe-jan-remporte-la-coupe-de-la-municipalite\/\" \/>\n<meta property=\"og:site_name\" content=\"News Est Lyonnais\" \/>\n<meta property=\"article:author\" content=\"https:\/\/www.facebook.com\/pascal.oberson.1?fref=ts\" \/>\n<meta property=\"article:published_time\" content=\"2018-10-20T09:45:18+00:00\" \/>\n<meta property=\"article:modified_time\" content=\"2020-11-04T14:30:11+00:00\" \/>\n<meta property=\"og:image\" content=\"https:\/\/i1.wp.com\/newsestlyonnais.fr\/site\/wp-content\/uploads\/2018\/10\/NEWSESTLYONNAIS-FIN-COUPE-MUNIC.jpeg?fit=500%2C375&ssl=1\" \/>\n\t<meta property=\"og:image:width\" content=\"500\" \/>\n\t<meta property=\"og:image:height\" content=\"375\" \/>\n\t<meta property=\"og:image:type\" content=\"image\/jpeg\" \/>\n<meta name=\"author\" content=\"R\u00e9dac. NEWS\" \/>\n<meta name=\"twitter:card\" content=\"summary_large_image\" \/>\n<meta name=\"twitter:label1\" content=\"\u00c9crit par\" \/>\n\t<meta name=\"twitter:data1\" content=\"R\u00e9dac. NEWS\" \/>\n\t<meta name=\"twitter:label2\" content=\"Dur\u00e9e de lecture estim\u00e9e\" \/>\n\t<meta name=\"twitter:data2\" content=\"1 minute\" \/>\n<script type=\"application\/ld+json\" class=\"yoast-schema-graph\">{\"@context\":\"https:\/\/schema.org\",\"@graph\":[{\"@type\":\"Article\",\"@id\":\"https:\/\/newsestlyonnais.fr\/site\/2018\/10\/20\/vaulx-en-velin-boules-lyonnaises-lequipe-jan-remporte-la-coupe-de-la-municipalite\/#article\",\"isPartOf\":{\"@id\":\"https:\/\/newsestlyonnais.fr\/site\/2018\/10\/20\/vaulx-en-velin-boules-lyonnaises-lequipe-jan-remporte-la-coupe-de-la-municipalite\/\"},\"author\":{\"name\":\"R\u00e9dac. NEWS\",\"@id\":\"https:\/\/newsestlyonnais.fr\/site\/#\/schema\/person\/3230d5615f390bb808365d673001e887\"},\"headline\":\"VAULX-EN-VELIN | Boules Lyonnaises > l\u2019\u00e9quipe Jan remporte la Coupe de la Municipalit\u00e9\",\"datePublished\":\"2018-10-20T09:45:18+00:00\",\"dateModified\":\"2020-11-04T14:30:11+00:00\",\"mainEntityOfPage\":{\"@id\":\"https:\/\/newsestlyonnais.fr\/site\/2018\/10\/20\/vaulx-en-velin-boules-lyonnaises-lequipe-jan-remporte-la-coupe-de-la-municipalite\/\"},\"wordCount\":280,\"commentCount\":0,\"publisher\":{\"@id\":\"https:\/\/newsestlyonnais.fr\/site\/#organization\"},\"image\":{\"@id\":\"https:\/\/newsestlyonnais.fr\/site\/2018\/10\/20\/vaulx-en-velin-boules-lyonnaises-lequipe-jan-remporte-la-coupe-de-la-municipalite\/#primaryimage\"},\"thumbnailUrl\":\"https:\/\/newsestlyonnais.fr\/site\/wp-content\/uploads\/2018\/10\/NEWSESTLYONNAIS-FIN-COUPE-MUNIC.jpeg\",\"articleSection\":[\"Boules | P\u00e9tanque\",\"Boules Lyonnaises\",\"Ev\u00e8nements divers\",\"Vaulx-en-Velin\"],\"inLanguage\":\"fr-FR\",\"potentialAction\":[{\"@type\":\"CommentAction\",\"name\":\"Comment\",\"target\":[\"https:\/\/newsestlyonnais.fr\/site\/2018\/10\/20\/vaulx-en-velin-boules-lyonnaises-lequipe-jan-remporte-la-coupe-de-la-municipalite\/#respond\"]}]},{\"@type\":\"WebPage\",\"@id\":\"https:\/\/newsestlyonnais.fr\/site\/2018\/10\/20\/vaulx-en-velin-boules-lyonnaises-lequipe-jan-remporte-la-coupe-de-la-municipalite\/\",\"url\":\"https:\/\/newsestlyonnais.fr\/site\/2018\/10\/20\/vaulx-en-velin-boules-lyonnaises-lequipe-jan-remporte-la-coupe-de-la-municipalite\/\",\"name\":\"VAULX EN VELIN : L\u2019\u00e9quipe Jan remporte la Coupe de la Municipalit\u00e9 de Boules Lyonnaises\",\"isPartOf\":{\"@id\":\"https:\/\/newsestlyonnais.fr\/site\/#website\"},\"primaryImageOfPage\":{\"@id\":\"https:\/\/newsestlyonnais.fr\/site\/2018\/10\/20\/vaulx-en-velin-boules-lyonnaises-lequipe-jan-remporte-la-coupe-de-la-municipalite\/#primaryimage\"},\"image\":{\"@id\":\"https:\/\/newsestlyonnais.fr\/site\/2018\/10\/20\/vaulx-en-velin-boules-lyonnaises-lequipe-jan-remporte-la-coupe-de-la-municipalite\/#primaryimage\"},\"thumbnailUrl\":\"https:\/\/newsestlyonnais.fr\/site\/wp-content\/uploads\/2018\/10\/NEWSESTLYONNAIS-FIN-COUPE-MUNIC.jpeg\",\"datePublished\":\"2018-10-20T09:45:18+00:00\",\"dateModified\":\"2020-11-04T14:30:11+00:00\",\"description\":\"VAULX EN VELIN : L\u2019\u00e9quipe Jan remporte la Coupe de la Municipalit\u00e9 de Boules Lyonnaises\",\"breadcrumb\":{\"@id\":\"https:\/\/newsestlyonnais.fr\/site\/2018\/10\/20\/vaulx-en-velin-boules-lyonnaises-lequipe-jan-remporte-la-coupe-de-la-municipalite\/#breadcrumb\"},\"inLanguage\":\"fr-FR\",\"potentialAction\":[{\"@type\":\"ReadAction\",\"target\":[\"https:\/\/newsestlyonnais.fr\/site\/2018\/10\/20\/vaulx-en-velin-boules-lyonnaises-lequipe-jan-remporte-la-coupe-de-la-municipalite\/\"]}]},{\"@type\":\"ImageObject\",\"inLanguage\":\"fr-FR\",\"@id\":\"https:\/\/newsestlyonnais.fr\/site\/2018\/10\/20\/vaulx-en-velin-boules-lyonnaises-lequipe-jan-remporte-la-coupe-de-la-municipalite\/#primaryimage\",\"url\":\"https:\/\/newsestlyonnais.fr\/site\/wp-content\/uploads\/2018\/10\/NEWSESTLYONNAIS-FIN-COUPE-MUNIC.jpeg\",\"contentUrl\":\"https:\/\/newsestlyonnais.fr\/site\/wp-content\/uploads\/2018\/10\/NEWSESTLYONNAIS-FIN-COUPE-MUNIC.jpeg\",\"width\":500,\"height\":375,\"caption\":\"NEWSESTLYONNAIS FIN COUPE MUNIC\"},{\"@type\":\"BreadcrumbList\",\"@id\":\"https:\/\/newsestlyonnais.fr\/site\/2018\/10\/20\/vaulx-en-velin-boules-lyonnaises-lequipe-jan-remporte-la-coupe-de-la-municipalite\/#breadcrumb\",\"itemListElement\":[{\"@type\":\"ListItem\",\"position\":1,\"name\":\"Accueil\",\"item\":\"https:\/\/newsestlyonnais.fr\/site\/\"},{\"@type\":\"ListItem\",\"position\":2,\"name\":\"VAULX-EN-VELIN | Boules Lyonnaises > l\u2019\u00e9quipe Jan remporte la Coupe de la Municipalit\u00e9\"}]},{\"@type\":\"WebSite\",\"@id\":\"https:\/\/newsestlyonnais.fr\/site\/#website\",\"url\":\"https:\/\/newsestlyonnais.fr\/site\/\",\"name\":\"News Est Lyonnais\",\"description\":\"L&#039;actualit\u00e9 au plus pr\u00e8s\",\"publisher\":{\"@id\":\"https:\/\/newsestlyonnais.fr\/site\/#organization\"},\"potentialAction\":[{\"@type\":\"SearchAction\",\"target\":{\"@type\":\"EntryPoint\",\"urlTemplate\":\"https:\/\/newsestlyonnais.fr\/site\/?s={search_term_string}\"},\"query-input\":{\"@type\":\"PropertyValueSpecification\",\"valueRequired\":true,\"valueName\":\"search_term_string\"}}],\"inLanguage\":\"fr-FR\"},{\"@type\":\"Organization\",\"@id\":\"https:\/\/newsestlyonnais.fr\/site\/#organization\",\"name\":\"News EST LYONNAIS\",\"url\":\"https:\/\/newsestlyonnais.fr\/site\/\",\"logo\":{\"@type\":\"ImageObject\",\"inLanguage\":\"fr-FR\",\"@id\":\"https:\/\/newsestlyonnais.fr\/site\/#\/schema\/logo\/image\/\",\"url\":\"\",\"contentUrl\":\"\",\"caption\":\"News EST LYONNAIS\"},\"image\":{\"@id\":\"https:\/\/newsestlyonnais.fr\/site\/#\/schema\/logo\/image\/\"}},{\"@type\":\"Person\",\"@id\":\"https:\/\/newsestlyonnais.fr\/site\/#\/schema\/person\/3230d5615f390bb808365d673001e887\",\"name\":\"R\u00e9dac. NEWS\",\"sameAs\":[\"http:\/\/www.newsestlyonnais.fr\",\"https:\/\/www.facebook.com\/pascal.oberson.1?fref=ts\",\"https:\/\/fr.linkedin.com\/in\/pascal-oberson-b17045113\"],\"url\":\"https:\/\/newsestlyonnais.fr\/site\/author\/nel\/\"}]}<\/script>\n<!-- \/ Yoast SEO plugin. -->","yoast_head_json":{"title":"VAULX EN VELIN : L\u2019\u00e9quipe Jan remporte la Coupe de la Municipalit\u00e9 de Boules Lyonnaises","description":"VAULX EN VELIN : L\u2019\u00e9quipe Jan remporte la Coupe de la Municipalit\u00e9 de Boules Lyonnaises","robots":{"index":"index","follow":"follow","max-snippet":"max-snippet:-1","max-image-preview":"max-image-preview:large","max-video-preview":"max-video-preview:-1"},"canonical":"https:\/\/newsestlyonnais.fr\/site\/2018\/10\/20\/vaulx-en-velin-boules-lyonnaises-lequipe-jan-remporte-la-coupe-de-la-municipalite\/","og_locale":"fr_FR","og_type":"article","og_title":"VAULX EN VELIN : L\u2019\u00e9quipe Jan remporte la Coupe de la Municipalit\u00e9 de Boules Lyonnaises","og_description":"VAULX EN VELIN : L\u2019\u00e9quipe Jan remporte la Coupe de la Municipalit\u00e9 de Boules Lyonnaises","og_url":"https:\/\/newsestlyonnais.fr\/site\/2018\/10\/20\/vaulx-en-velin-boules-lyonnaises-lequipe-jan-remporte-la-coupe-de-la-municipalite\/","og_site_name":"News Est Lyonnais","article_author":"https:\/\/www.facebook.com\/pascal.oberson.1?fref=ts","article_published_time":"2018-10-20T09:45:18+00:00","article_modified_time":"2020-11-04T14:30:11+00:00","og_image":[{"width":500,"height":375,"url":"https:\/\/i1.wp.com\/newsestlyonnais.fr\/site\/wp-content\/uploads\/2018\/10\/NEWSESTLYONNAIS-FIN-COUPE-MUNIC.jpeg?fit=500%2C375&ssl=1","type":"image\/jpeg"}],"author":"R\u00e9dac. NEWS","twitter_card":"summary_large_image","twitter_misc":{"\u00c9crit par":"R\u00e9dac. NEWS","Dur\u00e9e de lecture estim\u00e9e":"1 minute"},"schema":{"@context":"https:\/\/schema.org","@graph":[{"@type":"Article","@id":"https:\/\/newsestlyonnais.fr\/site\/2018\/10\/20\/vaulx-en-velin-boules-lyonnaises-lequipe-jan-remporte-la-coupe-de-la-municipalite\/#article","isPartOf":{"@id":"https:\/\/newsestlyonnais.fr\/site\/2018\/10\/20\/vaulx-en-velin-boules-lyonnaises-lequipe-jan-remporte-la-coupe-de-la-municipalite\/"},"author":{"name":"R\u00e9dac. NEWS","@id":"https:\/\/newsestlyonnais.fr\/site\/#\/schema\/person\/3230d5615f390bb808365d673001e887"},"headline":"VAULX-EN-VELIN | Boules Lyonnaises > l\u2019\u00e9quipe Jan remporte la Coupe de la Municipalit\u00e9","datePublished":"2018-10-20T09:45:18+00:00","dateModified":"2020-11-04T14:30:11+00:00","mainEntityOfPage":{"@id":"https:\/\/newsestlyonnais.fr\/site\/2018\/10\/20\/vaulx-en-velin-boules-lyonnaises-lequipe-jan-remporte-la-coupe-de-la-municipalite\/"},"wordCount":280,"commentCount":0,"publisher":{"@id":"https:\/\/newsestlyonnais.fr\/site\/#organization"},"image":{"@id":"https:\/\/newsestlyonnais.fr\/site\/2018\/10\/20\/vaulx-en-velin-boules-lyonnaises-lequipe-jan-remporte-la-coupe-de-la-municipalite\/#primaryimage"},"thumbnailUrl":"https:\/\/newsestlyonnais.fr\/site\/wp-content\/uploads\/2018\/10\/NEWSESTLYONNAIS-FIN-COUPE-MUNIC.jpeg","articleSection":["Boules | P\u00e9tanque","Boules Lyonnaises","Ev\u00e8nements divers","Vaulx-en-Velin"],"inLanguage":"fr-FR","potentialAction":[{"@type":"CommentAction","name":"Comment","target":["https:\/\/newsestlyonnais.fr\/site\/2018\/10\/20\/vaulx-en-velin-boules-lyonnaises-lequipe-jan-remporte-la-coupe-de-la-municipalite\/#respond"]}]},{"@type":"WebPage","@id":"https:\/\/newsestlyonnais.fr\/site\/2018\/10\/20\/vaulx-en-velin-boules-lyonnaises-lequipe-jan-remporte-la-coupe-de-la-municipalite\/","url":"https:\/\/newsestlyonnais.fr\/site\/2018\/10\/20\/vaulx-en-velin-boules-lyonnaises-lequipe-jan-remporte-la-coupe-de-la-municipalite\/","name":"VAULX EN VELIN : L\u2019\u00e9quipe Jan remporte la Coupe de la Municipalit\u00e9 de Boules Lyonnaises","isPartOf":{"@id":"https:\/\/newsestlyonnais.fr\/site\/#website"},"primaryImageOfPage":{"@id":"https:\/\/newsestlyonnais.fr\/site\/2018\/10\/20\/vaulx-en-velin-boules-lyonnaises-lequipe-jan-remporte-la-coupe-de-la-municipalite\/#primaryimage"},"image":{"@id":"https:\/\/newsestlyonnais.fr\/site\/2018\/10\/20\/vaulx-en-velin-boules-lyonnaises-lequipe-jan-remporte-la-coupe-de-la-municipalite\/#primaryimage"},"thumbnailUrl":"https:\/\/newsestlyonnais.fr\/site\/wp-content\/uploads\/2018\/10\/NEWSESTLYONNAIS-FIN-COUPE-MUNIC.jpeg","datePublished":"2018-10-20T09:45:18+00:00","dateModified":"2020-11-04T14:30:11+00:00","description":"VAULX EN VELIN : L\u2019\u00e9quipe Jan remporte la Coupe de la Municipalit\u00e9 de Boules Lyonnaises","breadcrumb":{"@id":"https:\/\/newsestlyonnais.fr\/site\/2018\/10\/20\/vaulx-en-velin-boules-lyonnaises-lequipe-jan-remporte-la-coupe-de-la-municipalite\/#breadcrumb"},"inLanguage":"fr-FR","potentialAction":[{"@type":"ReadAction","target":["https:\/\/newsestlyonnais.fr\/site\/2018\/10\/20\/vaulx-en-velin-boules-lyonnaises-lequipe-jan-remporte-la-coupe-de-la-municipalite\/"]}]},{"@type":"ImageObject","inLanguage":"fr-FR","@id":"https:\/\/newsestlyonnais.fr\/site\/2018\/10\/20\/vaulx-en-velin-boules-lyonnaises-lequipe-jan-remporte-la-coupe-de-la-municipalite\/#primaryimage","url":"https:\/\/newsestlyonnais.fr\/site\/wp-content\/uploads\/2018\/10\/NEWSESTLYONNAIS-FIN-COUPE-MUNIC.jpeg","contentUrl":"https:\/\/newsestlyonnais.fr\/site\/wp-content\/uploads\/2018\/10\/NEWSESTLYONNAIS-FIN-COUPE-MUNIC.jpeg","width":500,"height":375,"caption":"NEWSESTLYONNAIS FIN COUPE MUNIC"},{"@type":"BreadcrumbList","@id":"https:\/\/newsestlyonnais.fr\/site\/2018\/10\/20\/vaulx-en-velin-boules-lyonnaises-lequipe-jan-remporte-la-coupe-de-la-municipalite\/#breadcrumb","itemListElement":[{"@type":"ListItem","position":1,"name":"Accueil","item":"https:\/\/newsestlyonnais.fr\/site\/"},{"@type":"ListItem","position":2,"name":"VAULX-EN-VELIN | Boules Lyonnaises > l\u2019\u00e9quipe Jan remporte la Coupe de la Municipalit\u00e9"}]},{"@type":"WebSite","@id":"https:\/\/newsestlyonnais.fr\/site\/#website","url":"https:\/\/newsestlyonnais.fr\/site\/","name":"News Est Lyonnais","description":"L&#039;actualit\u00e9 au plus pr\u00e8s","publisher":{"@id":"https:\/\/newsestlyonnais.fr\/site\/#organization"},"potentialAction":[{"@type":"SearchAction","target":{"@type":"EntryPoint","urlTemplate":"https:\/\/newsestlyonnais.fr\/site\/?s={search_term_string}"},"query-input":{"@type":"PropertyValueSpecification","valueRequired":true,"valueName":"search_term_string"}}],"inLanguage":"fr-FR"},{"@type":"Organization","@id":"https:\/\/newsestlyonnais.fr\/site\/#organization","name":"News EST LYONNAIS","url":"https:\/\/newsestlyonnais.fr\/site\/","logo":{"@type":"ImageObject","inLanguage":"fr-FR","@id":"https:\/\/newsestlyonnais.fr\/site\/#\/schema\/logo\/image\/","url":"","contentUrl":"","caption":"News EST LYONNAIS"},"image":{"@id":"https:\/\/newsestlyonnais.fr\/site\/#\/schema\/logo\/image\/"}},{"@type":"Person","@id":"https:\/\/newsestlyonnais.fr\/site\/#\/schema\/person\/3230d5615f390bb808365d673001e887","name":"R\u00e9dac. NEWS","sameAs":["http:\/\/www.newsestlyonnais.fr","https:\/\/www.facebook.com\/pascal.oberson.1?fref=ts","https:\/\/fr.linkedin.com\/in\/pascal-oberson-b17045113"],"url":"https:\/\/newsestlyonnais.fr\/site\/author\/nel\/"}]}},"_links":{"self":[{"href":"https:\/\/newsestlyonnais.fr\/site\/wp-json\/wp\/v2\/posts\/58921","targetHints":{"allow":["GET"]}}],"collection":[{"href":"https:\/\/newsestlyonnais.fr\/site\/wp-json\/wp\/v2\/posts"}],"about":[{"href":"https:\/\/newsestlyonnais.fr\/site\/wp-json\/wp\/v2\/types\/post"}],"author":[{"embeddable":true,"href":"https:\/\/newsestlyonnais.fr\/site\/wp-json\/wp\/v2\/users\/4"}],"replies":[{"embeddable":true,"href":"https:\/\/newsestlyonnais.fr\/site\/wp-json\/wp\/v2\/comments?post=58921"}],"version-history":[{"count":0,"href":"https:\/\/newsestlyonnais.fr\/site\/wp-json\/wp\/v2\/posts\/58921\/revisions"}],"wp:featuredmedia":[{"embeddable":true,"href":"https:\/\/newsestlyonnais.fr\/site\/wp-json\/wp\/v2\/media\/58925"}],"wp:attachment":[{"href":"https:\/\/newsestlyonnais.fr\/site\/wp-json\/wp\/v2\/media?parent=58921"}],"wp:term":[{"taxonomy":"category","embeddable":true,"href":"https:\/\/newsestlyonnais.fr\/site\/wp-json\/wp\/v2\/categories?post=58921"},{"taxonomy":"post_tag","embeddable":true,"href":"https:\/\/newsestlyonnais.fr\/site\/wp-json\/wp\/v2\/tags?post=58921"}],"curies":[{"name":"wp","href":"https:\/\/api.w.org\/{rel}","templated":true}]}}