{"id":58959,"date":"2018-10-23T05:30:31","date_gmt":"2018-10-23T04:30:31","guid":{"rendered":"http:\/\/newsestlyonnais.fr\/site\/?p=58959"},"modified":"2020-11-15T18:26:18","modified_gmt":"2020-11-15T17:26:18","slug":"genas-les-genas-azieu-cyclo-a-fete-ses-40-ans-dexistence","status":"publish","type":"post","link":"https:\/\/newsestlyonnais.fr\/site\/2018\/10\/23\/genas-les-genas-azieu-cyclo-a-fete-ses-40-ans-dexistence\/","title":{"rendered":"GENAS | L&rsquo;ESGA Cyclo a f\u00eat\u00e9 ses 40 ans d&rsquo;existence"},"content":{"rendered":"<h4>Le samedi 6 Octobre 2018, restera comme une date importante dans l&rsquo;historique de l&rsquo;ES Genas Azieu Cyclo, section pr\u00e9sid\u00e9e par Bernard Drevon.<\/h4>\n<p>Le club cyclotouriste f\u00eatait en effet ses 40 ann\u00e9es d&rsquo;existence et avait mis en place des festivit\u00e9s tout au long de cette belle journ\u00e9e bien remplie : sortie matinale en v\u00e9lo, repas en commun \u00e0 midi et le soir et concours de p\u00e9tanque l&rsquo;apr\u00e8s-midi !<\/p>\n<p>Le pr\u00e9sident revient sur cette c\u00e9l\u00e9bration :<\/p>\n<p>\u00a0\u00bb D\u00e9part de tous les cyclos le matin (PHOTO A LA UNE), depuis la place d\u2019Azieu, avec un peloton imposant sur la piste cyclable de Pusignan. Ensuite ce peloton\u00a0 s\u2019est scind\u00e9 en trois. La consigne \u00e9tant d\u2019\u00eatre \u00e0 la salle Marius Berliet pour midi, les costauds ont fait une boucle d\u2019une soixantaine de km, les dames ont quant \u00e0 elles ont choisi une distance plus raisonnable alors que d\u2019autres soucieux d\u2019aller pr\u00e9parer les festivit\u00e9s on fait demi tour.<\/p>\n<p>Le Maire Daniel Val\u00e9ro nous a honor\u00e9 de sa pr\u00e9sence pour l\u2019ap\u00e9ritif, \u00e0 noter que quelques anciens du club avaient r\u00e9pondu \u00e0 l\u2019invitation y compris Brigitte et Georges les Alsaciens.<\/p>\n<p><strong>Petite pr\u00e9cision, 40 ans, et pour f\u00eater \u00e7a, 40 participants !<\/strong><\/p>\n<p>Apr\u00e8s le repas les activit\u00e9s n\u2019ont pas manqu\u00e9. Les cyclos ont pu consulter des archives du club, qui si elles ne remontent pas \u00e0 la cr\u00e9ation du club datent tout de m\u00eame de plus de 30 ans et sont toujours appr\u00e9ci\u00e9es. A noter dans ces archives, des photos, les r\u00e9sultats des \u00e9preuves organis\u00e9es, les sorties\u2026<\/p>\n<p>Si on parle d\u2019organisation, l\u2019ESGA Cyclo, c\u2019est <strong>40 rallyes de Printemps<\/strong>, <strong>15 rallyes d\u2019Automne<\/strong>, <strong>23 Gentlemen 17 cyclatlhons et quelques cyclo cross et VTT. <\/strong>Pour les records, 462 participants pour le rallye, 135 \u00e9quipes pour le Gentleman et 180 pour le Cyclatlhon.<\/p>\n<p>En guise de sieste un \u00a0diaporama sur le club\u00a0 a \u00e9t\u00e9 diffus\u00e9 suivi d\u2019un quiz au niveau intellectuel tr\u00e8s \u00e9lev\u00e9. Pour\u00a0 clore l\u2019apr\u00e8s midi un concours de p\u00e9tanque constitu\u00e9 de quatre quadrettes termin\u00e9 \u00e0 la nuit et \u00e0 l\u2019issue duquel la hi\u00e9rarchie a \u00e9t\u00e9 respect\u00e9e\u00a0!!!.<\/p>\n<p>Parce qu\u2019un cycliste \u00ab\u00a0\u00e7a mange\u00a0\u00bb, une vingtaine de personnes est rest\u00e9e pour le repas du soir. Je n\u2019y \u00e9tais pas, mais l\u2019id\u00e9e de former un club cyclo \u00e0 Genas est venue au cours d\u2019une sortie v\u00e9lo organis\u00e9e par la G.V. ! \u00a0\u00bb conclut le pr\u00e9sident.<\/p>\n<ul>\n<li><strong>Retrouvez l&rsquo;ACTU du club sur : <a href=\"http:\/\/www.cyclogenas.com\" target=\"_blank\" rel=\"noopener noreferrer\">http:\/\/www.cyclogenas.com<\/a><\/strong><\/li>\n<\/ul>\n","protected":false},"excerpt":{"rendered":"<p>Le samedi 6 Octobre 2018, restera comme une date importante dans l&rsquo;historique de l&rsquo;ES Genas Azieu Cyclo, section pr\u00e9sid\u00e9e par Bernard Drevon. Le club cyclotouriste f\u00eatait en effet ses 40 ann\u00e9es d&rsquo;existence et avait mis en place des festivit\u00e9s tout au long de cette belle journ\u00e9e bien remplie : sortie matinale en v\u00e9lo, repas en [&hellip;]<\/p>\n","protected":false},"author":4,"featured_media":58960,"comment_status":"open","ping_status":"open","sticky":false,"template":"","format":"standard","meta":{"footnotes":""},"categories":[270,2969,1598],"tags":[],"class_list":["post-58959","post","type-post","status-publish","format-standard","has-post-thumbnail","hentry","category-cte-de-communes-c-c-e-l","category-cyclisme-cyclo-vtt","category-genas"],"yoast_head":"<!-- This site is optimized with the Yoast SEO plugin v27.2 - https:\/\/yoast.com\/product\/yoast-seo-wordpress\/ -->\n<title>GENAS &quot; L&#039;ES Genas Azieu Cyclo &quot;a f\u00eat\u00e9 ses 40 ans d&#039;existence !<\/title>\n<meta name=\"description\" content=\"GENAS &quot; L&#039;ES Genas Azieu Cyclo &quot;a f\u00eat\u00e9 ses 40 ans d&#039;existence !\" \/>\n<meta name=\"robots\" content=\"index, follow, max-snippet:-1, max-image-preview:large, max-video-preview:-1\" \/>\n<link rel=\"canonical\" href=\"https:\/\/newsestlyonnais.fr\/site\/2018\/10\/23\/genas-les-genas-azieu-cyclo-a-fete-ses-40-ans-dexistence\/\" \/>\n<meta property=\"og:locale\" content=\"fr_FR\" \/>\n<meta property=\"og:type\" content=\"article\" \/>\n<meta property=\"og:title\" content=\"GENAS &quot; L&#039;ES Genas Azieu Cyclo &quot;a f\u00eat\u00e9 ses 40 ans d&#039;existence !\" \/>\n<meta property=\"og:description\" content=\"GENAS &quot; L&#039;ES Genas Azieu Cyclo &quot;a f\u00eat\u00e9 ses 40 ans d&#039;existence !\" \/>\n<meta property=\"og:url\" content=\"https:\/\/newsestlyonnais.fr\/site\/2018\/10\/23\/genas-les-genas-azieu-cyclo-a-fete-ses-40-ans-dexistence\/\" \/>\n<meta property=\"og:site_name\" content=\"News Est Lyonnais\" \/>\n<meta property=\"article:author\" content=\"https:\/\/www.facebook.com\/pascal.oberson.1?fref=ts\" \/>\n<meta property=\"article:published_time\" content=\"2018-10-23T04:30:31+00:00\" \/>\n<meta property=\"article:modified_time\" content=\"2020-11-15T17:26:18+00:00\" \/>\n<meta property=\"og:image\" content=\"https:\/\/i1.wp.com\/newsestlyonnais.fr\/site\/wp-content\/uploads\/2018\/10\/NEWSESTLYONNAIS-40-ANS-ESGA-CYCLO.jpg?fit=1296%2C972&ssl=1\" \/>\n\t<meta property=\"og:image:width\" content=\"1296\" \/>\n\t<meta property=\"og:image:height\" content=\"972\" \/>\n\t<meta property=\"og:image:type\" content=\"image\/jpeg\" \/>\n<meta name=\"author\" content=\"R\u00e9dac. NEWS\" \/>\n<meta name=\"twitter:card\" content=\"summary_large_image\" \/>\n<meta name=\"twitter:label1\" content=\"\u00c9crit par\" \/>\n\t<meta name=\"twitter:data1\" content=\"R\u00e9dac. NEWS\" \/>\n\t<meta name=\"twitter:label2\" content=\"Dur\u00e9e de lecture estim\u00e9e\" \/>\n\t<meta name=\"twitter:data2\" content=\"2 minutes\" \/>\n<script type=\"application\/ld+json\" class=\"yoast-schema-graph\">{\"@context\":\"https:\/\/schema.org\",\"@graph\":[{\"@type\":\"Article\",\"@id\":\"https:\/\/newsestlyonnais.fr\/site\/2018\/10\/23\/genas-les-genas-azieu-cyclo-a-fete-ses-40-ans-dexistence\/#article\",\"isPartOf\":{\"@id\":\"https:\/\/newsestlyonnais.fr\/site\/2018\/10\/23\/genas-les-genas-azieu-cyclo-a-fete-ses-40-ans-dexistence\/\"},\"author\":{\"name\":\"R\u00e9dac. NEWS\",\"@id\":\"https:\/\/newsestlyonnais.fr\/site\/#\/schema\/person\/3230d5615f390bb808365d673001e887\"},\"headline\":\"GENAS | L&rsquo;ESGA Cyclo a f\u00eat\u00e9 ses 40 ans d&rsquo;existence\",\"datePublished\":\"2018-10-23T04:30:31+00:00\",\"dateModified\":\"2020-11-15T17:26:18+00:00\",\"mainEntityOfPage\":{\"@id\":\"https:\/\/newsestlyonnais.fr\/site\/2018\/10\/23\/genas-les-genas-azieu-cyclo-a-fete-ses-40-ans-dexistence\/\"},\"wordCount\":436,\"commentCount\":0,\"publisher\":{\"@id\":\"https:\/\/newsestlyonnais.fr\/site\/#organization\"},\"image\":{\"@id\":\"https:\/\/newsestlyonnais.fr\/site\/2018\/10\/23\/genas-les-genas-azieu-cyclo-a-fete-ses-40-ans-dexistence\/#primaryimage\"},\"thumbnailUrl\":\"https:\/\/newsestlyonnais.fr\/site\/wp-content\/uploads\/2018\/10\/NEWSESTLYONNAIS-40-ANS-ESGA-CYCLO.jpg\",\"articleSection\":[\"CCEL | Communes\",\"Cyclisme | Cyclo | Vtt\",\"Genas\"],\"inLanguage\":\"fr-FR\",\"potentialAction\":[{\"@type\":\"CommentAction\",\"name\":\"Comment\",\"target\":[\"https:\/\/newsestlyonnais.fr\/site\/2018\/10\/23\/genas-les-genas-azieu-cyclo-a-fete-ses-40-ans-dexistence\/#respond\"]}]},{\"@type\":\"WebPage\",\"@id\":\"https:\/\/newsestlyonnais.fr\/site\/2018\/10\/23\/genas-les-genas-azieu-cyclo-a-fete-ses-40-ans-dexistence\/\",\"url\":\"https:\/\/newsestlyonnais.fr\/site\/2018\/10\/23\/genas-les-genas-azieu-cyclo-a-fete-ses-40-ans-dexistence\/\",\"name\":\"GENAS \\\" L'ES Genas Azieu Cyclo \\\"a f\u00eat\u00e9 ses 40 ans d'existence !\",\"isPartOf\":{\"@id\":\"https:\/\/newsestlyonnais.fr\/site\/#website\"},\"primaryImageOfPage\":{\"@id\":\"https:\/\/newsestlyonnais.fr\/site\/2018\/10\/23\/genas-les-genas-azieu-cyclo-a-fete-ses-40-ans-dexistence\/#primaryimage\"},\"image\":{\"@id\":\"https:\/\/newsestlyonnais.fr\/site\/2018\/10\/23\/genas-les-genas-azieu-cyclo-a-fete-ses-40-ans-dexistence\/#primaryimage\"},\"thumbnailUrl\":\"https:\/\/newsestlyonnais.fr\/site\/wp-content\/uploads\/2018\/10\/NEWSESTLYONNAIS-40-ANS-ESGA-CYCLO.jpg\",\"datePublished\":\"2018-10-23T04:30:31+00:00\",\"dateModified\":\"2020-11-15T17:26:18+00:00\",\"description\":\"GENAS \\\" L'ES Genas Azieu Cyclo \\\"a f\u00eat\u00e9 ses 40 ans d'existence !\",\"breadcrumb\":{\"@id\":\"https:\/\/newsestlyonnais.fr\/site\/2018\/10\/23\/genas-les-genas-azieu-cyclo-a-fete-ses-40-ans-dexistence\/#breadcrumb\"},\"inLanguage\":\"fr-FR\",\"potentialAction\":[{\"@type\":\"ReadAction\",\"target\":[\"https:\/\/newsestlyonnais.fr\/site\/2018\/10\/23\/genas-les-genas-azieu-cyclo-a-fete-ses-40-ans-dexistence\/\"]}]},{\"@type\":\"ImageObject\",\"inLanguage\":\"fr-FR\",\"@id\":\"https:\/\/newsestlyonnais.fr\/site\/2018\/10\/23\/genas-les-genas-azieu-cyclo-a-fete-ses-40-ans-dexistence\/#primaryimage\",\"url\":\"https:\/\/newsestlyonnais.fr\/site\/wp-content\/uploads\/2018\/10\/NEWSESTLYONNAIS-40-ANS-ESGA-CYCLO.jpg\",\"contentUrl\":\"https:\/\/newsestlyonnais.fr\/site\/wp-content\/uploads\/2018\/10\/NEWSESTLYONNAIS-40-ANS-ESGA-CYCLO.jpg\",\"width\":1296,\"height\":972,\"caption\":\"NEWSESTLYONNAIS 40 ANS ESGA CYCLO\"},{\"@type\":\"BreadcrumbList\",\"@id\":\"https:\/\/newsestlyonnais.fr\/site\/2018\/10\/23\/genas-les-genas-azieu-cyclo-a-fete-ses-40-ans-dexistence\/#breadcrumb\",\"itemListElement\":[{\"@type\":\"ListItem\",\"position\":1,\"name\":\"Accueil\",\"item\":\"https:\/\/newsestlyonnais.fr\/site\/\"},{\"@type\":\"ListItem\",\"position\":2,\"name\":\"GENAS | L&rsquo;ESGA Cyclo a f\u00eat\u00e9 ses 40 ans d&rsquo;existence\"}]},{\"@type\":\"WebSite\",\"@id\":\"https:\/\/newsestlyonnais.fr\/site\/#website\",\"url\":\"https:\/\/newsestlyonnais.fr\/site\/\",\"name\":\"News Est Lyonnais\",\"description\":\"L&#039;actualit\u00e9 au plus pr\u00e8s\",\"publisher\":{\"@id\":\"https:\/\/newsestlyonnais.fr\/site\/#organization\"},\"potentialAction\":[{\"@type\":\"SearchAction\",\"target\":{\"@type\":\"EntryPoint\",\"urlTemplate\":\"https:\/\/newsestlyonnais.fr\/site\/?s={search_term_string}\"},\"query-input\":{\"@type\":\"PropertyValueSpecification\",\"valueRequired\":true,\"valueName\":\"search_term_string\"}}],\"inLanguage\":\"fr-FR\"},{\"@type\":\"Organization\",\"@id\":\"https:\/\/newsestlyonnais.fr\/site\/#organization\",\"name\":\"News EST LYONNAIS\",\"url\":\"https:\/\/newsestlyonnais.fr\/site\/\",\"logo\":{\"@type\":\"ImageObject\",\"inLanguage\":\"fr-FR\",\"@id\":\"https:\/\/newsestlyonnais.fr\/site\/#\/schema\/logo\/image\/\",\"url\":\"\",\"contentUrl\":\"\",\"caption\":\"News EST LYONNAIS\"},\"image\":{\"@id\":\"https:\/\/newsestlyonnais.fr\/site\/#\/schema\/logo\/image\/\"}},{\"@type\":\"Person\",\"@id\":\"https:\/\/newsestlyonnais.fr\/site\/#\/schema\/person\/3230d5615f390bb808365d673001e887\",\"name\":\"R\u00e9dac. NEWS\",\"sameAs\":[\"http:\/\/www.newsestlyonnais.fr\",\"https:\/\/www.facebook.com\/pascal.oberson.1?fref=ts\",\"https:\/\/fr.linkedin.com\/in\/pascal-oberson-b17045113\"],\"url\":\"https:\/\/newsestlyonnais.fr\/site\/author\/nel\/\"}]}<\/script>\n<!-- \/ Yoast SEO plugin. -->","yoast_head_json":{"title":"GENAS \" L'ES Genas Azieu Cyclo \"a f\u00eat\u00e9 ses 40 ans d'existence !","description":"GENAS \" L'ES Genas Azieu Cyclo \"a f\u00eat\u00e9 ses 40 ans d'existence !","robots":{"index":"index","follow":"follow","max-snippet":"max-snippet:-1","max-image-preview":"max-image-preview:large","max-video-preview":"max-video-preview:-1"},"canonical":"https:\/\/newsestlyonnais.fr\/site\/2018\/10\/23\/genas-les-genas-azieu-cyclo-a-fete-ses-40-ans-dexistence\/","og_locale":"fr_FR","og_type":"article","og_title":"GENAS \" L'ES Genas Azieu Cyclo \"a f\u00eat\u00e9 ses 40 ans d'existence !","og_description":"GENAS \" L'ES Genas Azieu Cyclo \"a f\u00eat\u00e9 ses 40 ans d'existence !","og_url":"https:\/\/newsestlyonnais.fr\/site\/2018\/10\/23\/genas-les-genas-azieu-cyclo-a-fete-ses-40-ans-dexistence\/","og_site_name":"News Est Lyonnais","article_author":"https:\/\/www.facebook.com\/pascal.oberson.1?fref=ts","article_published_time":"2018-10-23T04:30:31+00:00","article_modified_time":"2020-11-15T17:26:18+00:00","og_image":[{"width":1296,"height":972,"url":"https:\/\/i1.wp.com\/newsestlyonnais.fr\/site\/wp-content\/uploads\/2018\/10\/NEWSESTLYONNAIS-40-ANS-ESGA-CYCLO.jpg?fit=1296%2C972&ssl=1","type":"image\/jpeg"}],"author":"R\u00e9dac. NEWS","twitter_card":"summary_large_image","twitter_misc":{"\u00c9crit par":"R\u00e9dac. NEWS","Dur\u00e9e de lecture estim\u00e9e":"2 minutes"},"schema":{"@context":"https:\/\/schema.org","@graph":[{"@type":"Article","@id":"https:\/\/newsestlyonnais.fr\/site\/2018\/10\/23\/genas-les-genas-azieu-cyclo-a-fete-ses-40-ans-dexistence\/#article","isPartOf":{"@id":"https:\/\/newsestlyonnais.fr\/site\/2018\/10\/23\/genas-les-genas-azieu-cyclo-a-fete-ses-40-ans-dexistence\/"},"author":{"name":"R\u00e9dac. NEWS","@id":"https:\/\/newsestlyonnais.fr\/site\/#\/schema\/person\/3230d5615f390bb808365d673001e887"},"headline":"GENAS | L&rsquo;ESGA Cyclo a f\u00eat\u00e9 ses 40 ans d&rsquo;existence","datePublished":"2018-10-23T04:30:31+00:00","dateModified":"2020-11-15T17:26:18+00:00","mainEntityOfPage":{"@id":"https:\/\/newsestlyonnais.fr\/site\/2018\/10\/23\/genas-les-genas-azieu-cyclo-a-fete-ses-40-ans-dexistence\/"},"wordCount":436,"commentCount":0,"publisher":{"@id":"https:\/\/newsestlyonnais.fr\/site\/#organization"},"image":{"@id":"https:\/\/newsestlyonnais.fr\/site\/2018\/10\/23\/genas-les-genas-azieu-cyclo-a-fete-ses-40-ans-dexistence\/#primaryimage"},"thumbnailUrl":"https:\/\/newsestlyonnais.fr\/site\/wp-content\/uploads\/2018\/10\/NEWSESTLYONNAIS-40-ANS-ESGA-CYCLO.jpg","articleSection":["CCEL | Communes","Cyclisme | Cyclo | Vtt","Genas"],"inLanguage":"fr-FR","potentialAction":[{"@type":"CommentAction","name":"Comment","target":["https:\/\/newsestlyonnais.fr\/site\/2018\/10\/23\/genas-les-genas-azieu-cyclo-a-fete-ses-40-ans-dexistence\/#respond"]}]},{"@type":"WebPage","@id":"https:\/\/newsestlyonnais.fr\/site\/2018\/10\/23\/genas-les-genas-azieu-cyclo-a-fete-ses-40-ans-dexistence\/","url":"https:\/\/newsestlyonnais.fr\/site\/2018\/10\/23\/genas-les-genas-azieu-cyclo-a-fete-ses-40-ans-dexistence\/","name":"GENAS \" L'ES Genas Azieu Cyclo \"a f\u00eat\u00e9 ses 40 ans d'existence !","isPartOf":{"@id":"https:\/\/newsestlyonnais.fr\/site\/#website"},"primaryImageOfPage":{"@id":"https:\/\/newsestlyonnais.fr\/site\/2018\/10\/23\/genas-les-genas-azieu-cyclo-a-fete-ses-40-ans-dexistence\/#primaryimage"},"image":{"@id":"https:\/\/newsestlyonnais.fr\/site\/2018\/10\/23\/genas-les-genas-azieu-cyclo-a-fete-ses-40-ans-dexistence\/#primaryimage"},"thumbnailUrl":"https:\/\/newsestlyonnais.fr\/site\/wp-content\/uploads\/2018\/10\/NEWSESTLYONNAIS-40-ANS-ESGA-CYCLO.jpg","datePublished":"2018-10-23T04:30:31+00:00","dateModified":"2020-11-15T17:26:18+00:00","description":"GENAS \" L'ES Genas Azieu Cyclo \"a f\u00eat\u00e9 ses 40 ans d'existence !","breadcrumb":{"@id":"https:\/\/newsestlyonnais.fr\/site\/2018\/10\/23\/genas-les-genas-azieu-cyclo-a-fete-ses-40-ans-dexistence\/#breadcrumb"},"inLanguage":"fr-FR","potentialAction":[{"@type":"ReadAction","target":["https:\/\/newsestlyonnais.fr\/site\/2018\/10\/23\/genas-les-genas-azieu-cyclo-a-fete-ses-40-ans-dexistence\/"]}]},{"@type":"ImageObject","inLanguage":"fr-FR","@id":"https:\/\/newsestlyonnais.fr\/site\/2018\/10\/23\/genas-les-genas-azieu-cyclo-a-fete-ses-40-ans-dexistence\/#primaryimage","url":"https:\/\/newsestlyonnais.fr\/site\/wp-content\/uploads\/2018\/10\/NEWSESTLYONNAIS-40-ANS-ESGA-CYCLO.jpg","contentUrl":"https:\/\/newsestlyonnais.fr\/site\/wp-content\/uploads\/2018\/10\/NEWSESTLYONNAIS-40-ANS-ESGA-CYCLO.jpg","width":1296,"height":972,"caption":"NEWSESTLYONNAIS 40 ANS ESGA CYCLO"},{"@type":"BreadcrumbList","@id":"https:\/\/newsestlyonnais.fr\/site\/2018\/10\/23\/genas-les-genas-azieu-cyclo-a-fete-ses-40-ans-dexistence\/#breadcrumb","itemListElement":[{"@type":"ListItem","position":1,"name":"Accueil","item":"https:\/\/newsestlyonnais.fr\/site\/"},{"@type":"ListItem","position":2,"name":"GENAS | L&rsquo;ESGA Cyclo a f\u00eat\u00e9 ses 40 ans d&rsquo;existence"}]},{"@type":"WebSite","@id":"https:\/\/newsestlyonnais.fr\/site\/#website","url":"https:\/\/newsestlyonnais.fr\/site\/","name":"News Est Lyonnais","description":"L&#039;actualit\u00e9 au plus pr\u00e8s","publisher":{"@id":"https:\/\/newsestlyonnais.fr\/site\/#organization"},"potentialAction":[{"@type":"SearchAction","target":{"@type":"EntryPoint","urlTemplate":"https:\/\/newsestlyonnais.fr\/site\/?s={search_term_string}"},"query-input":{"@type":"PropertyValueSpecification","valueRequired":true,"valueName":"search_term_string"}}],"inLanguage":"fr-FR"},{"@type":"Organization","@id":"https:\/\/newsestlyonnais.fr\/site\/#organization","name":"News EST LYONNAIS","url":"https:\/\/newsestlyonnais.fr\/site\/","logo":{"@type":"ImageObject","inLanguage":"fr-FR","@id":"https:\/\/newsestlyonnais.fr\/site\/#\/schema\/logo\/image\/","url":"","contentUrl":"","caption":"News EST LYONNAIS"},"image":{"@id":"https:\/\/newsestlyonnais.fr\/site\/#\/schema\/logo\/image\/"}},{"@type":"Person","@id":"https:\/\/newsestlyonnais.fr\/site\/#\/schema\/person\/3230d5615f390bb808365d673001e887","name":"R\u00e9dac. NEWS","sameAs":["http:\/\/www.newsestlyonnais.fr","https:\/\/www.facebook.com\/pascal.oberson.1?fref=ts","https:\/\/fr.linkedin.com\/in\/pascal-oberson-b17045113"],"url":"https:\/\/newsestlyonnais.fr\/site\/author\/nel\/"}]}},"_links":{"self":[{"href":"https:\/\/newsestlyonnais.fr\/site\/wp-json\/wp\/v2\/posts\/58959","targetHints":{"allow":["GET"]}}],"collection":[{"href":"https:\/\/newsestlyonnais.fr\/site\/wp-json\/wp\/v2\/posts"}],"about":[{"href":"https:\/\/newsestlyonnais.fr\/site\/wp-json\/wp\/v2\/types\/post"}],"author":[{"embeddable":true,"href":"https:\/\/newsestlyonnais.fr\/site\/wp-json\/wp\/v2\/users\/4"}],"replies":[{"embeddable":true,"href":"https:\/\/newsestlyonnais.fr\/site\/wp-json\/wp\/v2\/comments?post=58959"}],"version-history":[{"count":0,"href":"https:\/\/newsestlyonnais.fr\/site\/wp-json\/wp\/v2\/posts\/58959\/revisions"}],"wp:featuredmedia":[{"embeddable":true,"href":"https:\/\/newsestlyonnais.fr\/site\/wp-json\/wp\/v2\/media\/58960"}],"wp:attachment":[{"href":"https:\/\/newsestlyonnais.fr\/site\/wp-json\/wp\/v2\/media?parent=58959"}],"wp:term":[{"taxonomy":"category","embeddable":true,"href":"https:\/\/newsestlyonnais.fr\/site\/wp-json\/wp\/v2\/categories?post=58959"},{"taxonomy":"post_tag","embeddable":true,"href":"https:\/\/newsestlyonnais.fr\/site\/wp-json\/wp\/v2\/tags?post=58959"}],"curies":[{"name":"wp","href":"https:\/\/api.w.org\/{rel}","templated":true}]}}