{"id":59025,"date":"2018-10-21T10:11:32","date_gmt":"2018-10-21T09:11:32","guid":{"rendered":"http:\/\/newsestlyonnais.fr\/site\/?p=59025"},"modified":"2020-11-20T15:56:24","modified_gmt":"2020-11-20T14:56:24","slug":"lyon-bron-3-edition-ce-week-end-de-l-open-de-racketlon-de-lyon-bron","status":"publish","type":"post","link":"https:\/\/newsestlyonnais.fr\/site\/2018\/10\/21\/lyon-bron-3-edition-ce-week-end-de-l-open-de-racketlon-de-lyon-bron\/","title":{"rendered":"BRON \/ LYON | 3\u00b0 \u00e9dition de l&rsquo; Open de racketlon de Lyon-Bron"},"content":{"rendered":"<div dir=\"ltr\">\n<p>65 joueurs par jour environ disputeront successivement diverses parties de sports de raquettes, allant de la plus petite \u00e0 la plus grande (tennis de table, badminton, squash &amp; tennis) dans le cadre d&rsquo;un racketlon, discipline en pleine \u00e9volution.<\/p>\n<p><img loading=\"lazy\" decoding=\"async\" class=\"alignleft size-full wp-image-23750\" src=\"https:\/\/newsestlyonnais.fr\/site\/medias\/2017\/03\/NEWSESTLYONNAIS-MICRO.png\" alt=\"NEWSESTLYONNAIS MICRO\" width=\"250\" height=\"150\" \/><strong>Romain Hetzel, co-organisateur du tournoi avec Herv\u00e9 Tixier &amp; Mandrin Mouchet<\/strong>, nous pr\u00e9sente l&rsquo; \u00e9dition 2018 : \u00a0\u00bb Nous avons un record de plus de 100 joueurs uniques inscrits, pour certains sur 2 tableaux et des listes d&rsquo;attente ont \u00e9t\u00e9 mises en place tr\u00e8s rapidement, vu le nombre d&rsquo;inscrits. Le tableau Simple Dame est complet avec 8 joueuses. Nous avons ouvert 2 tableaux de Double Homme vu le nombre d&rsquo;inscrits, un A et un B ainsi qu&rsquo; un de Simple Homme D, le dimanche, il s&rsquo;agit d&rsquo;un tableau de d\u00e9couverte de ce sport. Quant au niveau, nous avons les 6\u00b0, 7\u00b0, 11\u00b0, 20\u00b0 et 22\u00b0 joueurs fran\u00e7ais dans le tableau Simple Homme A, qui est tr\u00e8s tr\u00e8s homog\u00e8ne, contrairement aux autres ann\u00e9es. Enfin la ville de Bron nous soutient totalement cette ann\u00e9e en nous fournissant beaucoup de mat\u00e9riel et les coupes \u00ab\u00a0.<\/p>\n<p><span style=\"text-decoration: underline\"><strong>Samedi 27 &amp; Dimanche 28 Octobre 2018 \u00e0 partir de 8 heures: Squash Evasion ZAC du Ch\u00eane &#8211; Parc Gounod , 1, rue du 35\u00b0 R\u00e9giment d&rsquo;Aviation \u00e0 Bron. Entr\u00e9e gratuite.<\/strong><\/span><\/p>\n<\/div>\n<div><\/div>\n<div><strong>Plus d&rsquo;infos sur : <a href=\"https:\/\/www.facebook.com\/events\/314417585777840\/\" target=\"_blank\" rel=\"noopener noreferrer\">https:\/\/www.facebook.com\/events\/314417585777840\/<\/a><\/strong><\/div>\n<div dir=\"ltr\">\n<div><\/div>\n<\/div>\n","protected":false},"excerpt":{"rendered":"<p>162 matchs sont programm\u00e9s ce samedi et dimanche au sein du complexe Squash Evasion \u00e0 l&rsquo;occasion de la 3\u00b0 \u00e9dition de ce Racketlon.<\/p>\n","protected":false},"author":4,"featured_media":57528,"comment_status":"open","ping_status":"open","sticky":false,"template":"","format":"standard","meta":{"footnotes":""},"categories":[574,19,166,1625],"tags":[],"class_list":["post-59025","post","type-post","status-publish","format-standard","has-post-thumbnail","hentry","category-autres-sports","category-bron","category-divers-sports","category-lyon"],"yoast_head":"<!-- This site is optimized with the Yoast SEO plugin v27.2 - https:\/\/yoast.com\/product\/yoast-seo-wordpress\/ -->\n<title>LYON \/ BRON : 3\u00b0 \u00e9dition ce week-end de l&#039; Open de Racketlon de Lyon-Bron<\/title>\n<meta name=\"description\" content=\"LYON \/ BRON : 3\u00b0 \u00e9dition ce week-end de l&#039; Open de Racketlon de Lyon-Bron\" \/>\n<meta name=\"robots\" content=\"index, follow, max-snippet:-1, max-image-preview:large, max-video-preview:-1\" \/>\n<link rel=\"canonical\" href=\"https:\/\/newsestlyonnais.fr\/site\/2018\/10\/21\/lyon-bron-3-edition-ce-week-end-de-l-open-de-racketlon-de-lyon-bron\/\" \/>\n<meta property=\"og:locale\" content=\"fr_FR\" \/>\n<meta property=\"og:type\" content=\"article\" \/>\n<meta property=\"og:title\" content=\"LYON \/ BRON : 3\u00b0 \u00e9dition ce week-end de l&#039; Open de Racketlon de Lyon-Bron\" \/>\n<meta property=\"og:description\" content=\"LYON \/ BRON : 3\u00b0 \u00e9dition ce week-end de l&#039; Open de Racketlon de Lyon-Bron\" \/>\n<meta property=\"og:url\" content=\"https:\/\/newsestlyonnais.fr\/site\/2018\/10\/21\/lyon-bron-3-edition-ce-week-end-de-l-open-de-racketlon-de-lyon-bron\/\" \/>\n<meta property=\"og:site_name\" content=\"News Est Lyonnais\" \/>\n<meta property=\"article:author\" content=\"https:\/\/www.facebook.com\/pascal.oberson.1?fref=ts\" \/>\n<meta property=\"article:published_time\" content=\"2018-10-21T09:11:32+00:00\" \/>\n<meta property=\"article:modified_time\" content=\"2020-11-20T14:56:24+00:00\" \/>\n<meta property=\"og:image\" content=\"https:\/\/i0.wp.com\/newsestlyonnais.fr\/site\/wp-content\/uploads\/2018\/10\/NEWSESTLYONNAIS-3\u00b0-RACKETLON-LYON-BRON.jpg?fit=960%2C600&ssl=1\" \/>\n\t<meta property=\"og:image:width\" content=\"960\" \/>\n\t<meta property=\"og:image:height\" content=\"600\" \/>\n\t<meta property=\"og:image:type\" content=\"image\/jpeg\" \/>\n<meta name=\"author\" content=\"R\u00e9dac. NEWS\" \/>\n<meta name=\"twitter:card\" content=\"summary_large_image\" \/>\n<meta name=\"twitter:label1\" content=\"\u00c9crit par\" \/>\n\t<meta name=\"twitter:data1\" content=\"R\u00e9dac. NEWS\" \/>\n\t<meta name=\"twitter:label2\" content=\"Dur\u00e9e de lecture estim\u00e9e\" \/>\n\t<meta name=\"twitter:data2\" content=\"1 minute\" \/>\n<script type=\"application\/ld+json\" class=\"yoast-schema-graph\">{\"@context\":\"https:\/\/schema.org\",\"@graph\":[{\"@type\":\"Article\",\"@id\":\"https:\/\/newsestlyonnais.fr\/site\/2018\/10\/21\/lyon-bron-3-edition-ce-week-end-de-l-open-de-racketlon-de-lyon-bron\/#article\",\"isPartOf\":{\"@id\":\"https:\/\/newsestlyonnais.fr\/site\/2018\/10\/21\/lyon-bron-3-edition-ce-week-end-de-l-open-de-racketlon-de-lyon-bron\/\"},\"author\":{\"name\":\"R\u00e9dac. NEWS\",\"@id\":\"https:\/\/newsestlyonnais.fr\/site\/#\/schema\/person\/3230d5615f390bb808365d673001e887\"},\"headline\":\"BRON \/ LYON | 3\u00b0 \u00e9dition de l&rsquo; Open de racketlon de Lyon-Bron\",\"datePublished\":\"2018-10-21T09:11:32+00:00\",\"dateModified\":\"2020-11-20T14:56:24+00:00\",\"mainEntityOfPage\":{\"@id\":\"https:\/\/newsestlyonnais.fr\/site\/2018\/10\/21\/lyon-bron-3-edition-ce-week-end-de-l-open-de-racketlon-de-lyon-bron\/\"},\"wordCount\":226,\"commentCount\":0,\"publisher\":{\"@id\":\"https:\/\/newsestlyonnais.fr\/site\/#organization\"},\"image\":{\"@id\":\"https:\/\/newsestlyonnais.fr\/site\/2018\/10\/21\/lyon-bron-3-edition-ce-week-end-de-l-open-de-racketlon-de-lyon-bron\/#primaryimage\"},\"thumbnailUrl\":\"https:\/\/newsestlyonnais.fr\/site\/wp-content\/uploads\/2018\/10\/NEWSESTLYONNAIS-3\u00b0-RACKETLON-LYON-BRON.jpg\",\"articleSection\":[\"Autres sports\",\"Bron\",\"Divers Sports\",\"Lyon\"],\"inLanguage\":\"fr-FR\",\"potentialAction\":[{\"@type\":\"CommentAction\",\"name\":\"Comment\",\"target\":[\"https:\/\/newsestlyonnais.fr\/site\/2018\/10\/21\/lyon-bron-3-edition-ce-week-end-de-l-open-de-racketlon-de-lyon-bron\/#respond\"]}]},{\"@type\":\"WebPage\",\"@id\":\"https:\/\/newsestlyonnais.fr\/site\/2018\/10\/21\/lyon-bron-3-edition-ce-week-end-de-l-open-de-racketlon-de-lyon-bron\/\",\"url\":\"https:\/\/newsestlyonnais.fr\/site\/2018\/10\/21\/lyon-bron-3-edition-ce-week-end-de-l-open-de-racketlon-de-lyon-bron\/\",\"name\":\"LYON \/ BRON : 3\u00b0 \u00e9dition ce week-end de l' Open de Racketlon de Lyon-Bron\",\"isPartOf\":{\"@id\":\"https:\/\/newsestlyonnais.fr\/site\/#website\"},\"primaryImageOfPage\":{\"@id\":\"https:\/\/newsestlyonnais.fr\/site\/2018\/10\/21\/lyon-bron-3-edition-ce-week-end-de-l-open-de-racketlon-de-lyon-bron\/#primaryimage\"},\"image\":{\"@id\":\"https:\/\/newsestlyonnais.fr\/site\/2018\/10\/21\/lyon-bron-3-edition-ce-week-end-de-l-open-de-racketlon-de-lyon-bron\/#primaryimage\"},\"thumbnailUrl\":\"https:\/\/newsestlyonnais.fr\/site\/wp-content\/uploads\/2018\/10\/NEWSESTLYONNAIS-3\u00b0-RACKETLON-LYON-BRON.jpg\",\"datePublished\":\"2018-10-21T09:11:32+00:00\",\"dateModified\":\"2020-11-20T14:56:24+00:00\",\"description\":\"LYON \/ BRON : 3\u00b0 \u00e9dition ce week-end de l' Open de Racketlon de Lyon-Bron\",\"breadcrumb\":{\"@id\":\"https:\/\/newsestlyonnais.fr\/site\/2018\/10\/21\/lyon-bron-3-edition-ce-week-end-de-l-open-de-racketlon-de-lyon-bron\/#breadcrumb\"},\"inLanguage\":\"fr-FR\",\"potentialAction\":[{\"@type\":\"ReadAction\",\"target\":[\"https:\/\/newsestlyonnais.fr\/site\/2018\/10\/21\/lyon-bron-3-edition-ce-week-end-de-l-open-de-racketlon-de-lyon-bron\/\"]}]},{\"@type\":\"ImageObject\",\"inLanguage\":\"fr-FR\",\"@id\":\"https:\/\/newsestlyonnais.fr\/site\/2018\/10\/21\/lyon-bron-3-edition-ce-week-end-de-l-open-de-racketlon-de-lyon-bron\/#primaryimage\",\"url\":\"https:\/\/newsestlyonnais.fr\/site\/wp-content\/uploads\/2018\/10\/NEWSESTLYONNAIS-3\u00b0-RACKETLON-LYON-BRON.jpg\",\"contentUrl\":\"https:\/\/newsestlyonnais.fr\/site\/wp-content\/uploads\/2018\/10\/NEWSESTLYONNAIS-3\u00b0-RACKETLON-LYON-BRON.jpg\",\"width\":960,\"height\":600,\"caption\":\"NEWSESTLYONNAIS 3\u00b0 RACKETLON LYON BRON\"},{\"@type\":\"BreadcrumbList\",\"@id\":\"https:\/\/newsestlyonnais.fr\/site\/2018\/10\/21\/lyon-bron-3-edition-ce-week-end-de-l-open-de-racketlon-de-lyon-bron\/#breadcrumb\",\"itemListElement\":[{\"@type\":\"ListItem\",\"position\":1,\"name\":\"Accueil\",\"item\":\"https:\/\/newsestlyonnais.fr\/site\/\"},{\"@type\":\"ListItem\",\"position\":2,\"name\":\"BRON \/ LYON | 3\u00b0 \u00e9dition de l&rsquo; Open de racketlon de Lyon-Bron\"}]},{\"@type\":\"WebSite\",\"@id\":\"https:\/\/newsestlyonnais.fr\/site\/#website\",\"url\":\"https:\/\/newsestlyonnais.fr\/site\/\",\"name\":\"News Est Lyonnais\",\"description\":\"L&#039;actualit\u00e9 au plus pr\u00e8s\",\"publisher\":{\"@id\":\"https:\/\/newsestlyonnais.fr\/site\/#organization\"},\"potentialAction\":[{\"@type\":\"SearchAction\",\"target\":{\"@type\":\"EntryPoint\",\"urlTemplate\":\"https:\/\/newsestlyonnais.fr\/site\/?s={search_term_string}\"},\"query-input\":{\"@type\":\"PropertyValueSpecification\",\"valueRequired\":true,\"valueName\":\"search_term_string\"}}],\"inLanguage\":\"fr-FR\"},{\"@type\":\"Organization\",\"@id\":\"https:\/\/newsestlyonnais.fr\/site\/#organization\",\"name\":\"News EST LYONNAIS\",\"url\":\"https:\/\/newsestlyonnais.fr\/site\/\",\"logo\":{\"@type\":\"ImageObject\",\"inLanguage\":\"fr-FR\",\"@id\":\"https:\/\/newsestlyonnais.fr\/site\/#\/schema\/logo\/image\/\",\"url\":\"\",\"contentUrl\":\"\",\"caption\":\"News EST LYONNAIS\"},\"image\":{\"@id\":\"https:\/\/newsestlyonnais.fr\/site\/#\/schema\/logo\/image\/\"}},{\"@type\":\"Person\",\"@id\":\"https:\/\/newsestlyonnais.fr\/site\/#\/schema\/person\/3230d5615f390bb808365d673001e887\",\"name\":\"R\u00e9dac. NEWS\",\"sameAs\":[\"http:\/\/www.newsestlyonnais.fr\",\"https:\/\/www.facebook.com\/pascal.oberson.1?fref=ts\",\"https:\/\/fr.linkedin.com\/in\/pascal-oberson-b17045113\"],\"url\":\"https:\/\/newsestlyonnais.fr\/site\/author\/nel\/\"}]}<\/script>\n<!-- \/ Yoast SEO plugin. -->","yoast_head_json":{"title":"LYON \/ BRON : 3\u00b0 \u00e9dition ce week-end de l' Open de Racketlon de Lyon-Bron","description":"LYON \/ BRON : 3\u00b0 \u00e9dition ce week-end de l' Open de Racketlon de Lyon-Bron","robots":{"index":"index","follow":"follow","max-snippet":"max-snippet:-1","max-image-preview":"max-image-preview:large","max-video-preview":"max-video-preview:-1"},"canonical":"https:\/\/newsestlyonnais.fr\/site\/2018\/10\/21\/lyon-bron-3-edition-ce-week-end-de-l-open-de-racketlon-de-lyon-bron\/","og_locale":"fr_FR","og_type":"article","og_title":"LYON \/ BRON : 3\u00b0 \u00e9dition ce week-end de l' Open de Racketlon de Lyon-Bron","og_description":"LYON \/ BRON : 3\u00b0 \u00e9dition ce week-end de l' Open de Racketlon de Lyon-Bron","og_url":"https:\/\/newsestlyonnais.fr\/site\/2018\/10\/21\/lyon-bron-3-edition-ce-week-end-de-l-open-de-racketlon-de-lyon-bron\/","og_site_name":"News Est Lyonnais","article_author":"https:\/\/www.facebook.com\/pascal.oberson.1?fref=ts","article_published_time":"2018-10-21T09:11:32+00:00","article_modified_time":"2020-11-20T14:56:24+00:00","og_image":[{"width":960,"height":600,"url":"https:\/\/i0.wp.com\/newsestlyonnais.fr\/site\/wp-content\/uploads\/2018\/10\/NEWSESTLYONNAIS-3\u00b0-RACKETLON-LYON-BRON.jpg?fit=960%2C600&ssl=1","type":"image\/jpeg"}],"author":"R\u00e9dac. NEWS","twitter_card":"summary_large_image","twitter_misc":{"\u00c9crit par":"R\u00e9dac. NEWS","Dur\u00e9e de lecture estim\u00e9e":"1 minute"},"schema":{"@context":"https:\/\/schema.org","@graph":[{"@type":"Article","@id":"https:\/\/newsestlyonnais.fr\/site\/2018\/10\/21\/lyon-bron-3-edition-ce-week-end-de-l-open-de-racketlon-de-lyon-bron\/#article","isPartOf":{"@id":"https:\/\/newsestlyonnais.fr\/site\/2018\/10\/21\/lyon-bron-3-edition-ce-week-end-de-l-open-de-racketlon-de-lyon-bron\/"},"author":{"name":"R\u00e9dac. NEWS","@id":"https:\/\/newsestlyonnais.fr\/site\/#\/schema\/person\/3230d5615f390bb808365d673001e887"},"headline":"BRON \/ LYON | 3\u00b0 \u00e9dition de l&rsquo; Open de racketlon de Lyon-Bron","datePublished":"2018-10-21T09:11:32+00:00","dateModified":"2020-11-20T14:56:24+00:00","mainEntityOfPage":{"@id":"https:\/\/newsestlyonnais.fr\/site\/2018\/10\/21\/lyon-bron-3-edition-ce-week-end-de-l-open-de-racketlon-de-lyon-bron\/"},"wordCount":226,"commentCount":0,"publisher":{"@id":"https:\/\/newsestlyonnais.fr\/site\/#organization"},"image":{"@id":"https:\/\/newsestlyonnais.fr\/site\/2018\/10\/21\/lyon-bron-3-edition-ce-week-end-de-l-open-de-racketlon-de-lyon-bron\/#primaryimage"},"thumbnailUrl":"https:\/\/newsestlyonnais.fr\/site\/wp-content\/uploads\/2018\/10\/NEWSESTLYONNAIS-3\u00b0-RACKETLON-LYON-BRON.jpg","articleSection":["Autres sports","Bron","Divers Sports","Lyon"],"inLanguage":"fr-FR","potentialAction":[{"@type":"CommentAction","name":"Comment","target":["https:\/\/newsestlyonnais.fr\/site\/2018\/10\/21\/lyon-bron-3-edition-ce-week-end-de-l-open-de-racketlon-de-lyon-bron\/#respond"]}]},{"@type":"WebPage","@id":"https:\/\/newsestlyonnais.fr\/site\/2018\/10\/21\/lyon-bron-3-edition-ce-week-end-de-l-open-de-racketlon-de-lyon-bron\/","url":"https:\/\/newsestlyonnais.fr\/site\/2018\/10\/21\/lyon-bron-3-edition-ce-week-end-de-l-open-de-racketlon-de-lyon-bron\/","name":"LYON \/ BRON : 3\u00b0 \u00e9dition ce week-end de l' Open de Racketlon de Lyon-Bron","isPartOf":{"@id":"https:\/\/newsestlyonnais.fr\/site\/#website"},"primaryImageOfPage":{"@id":"https:\/\/newsestlyonnais.fr\/site\/2018\/10\/21\/lyon-bron-3-edition-ce-week-end-de-l-open-de-racketlon-de-lyon-bron\/#primaryimage"},"image":{"@id":"https:\/\/newsestlyonnais.fr\/site\/2018\/10\/21\/lyon-bron-3-edition-ce-week-end-de-l-open-de-racketlon-de-lyon-bron\/#primaryimage"},"thumbnailUrl":"https:\/\/newsestlyonnais.fr\/site\/wp-content\/uploads\/2018\/10\/NEWSESTLYONNAIS-3\u00b0-RACKETLON-LYON-BRON.jpg","datePublished":"2018-10-21T09:11:32+00:00","dateModified":"2020-11-20T14:56:24+00:00","description":"LYON \/ BRON : 3\u00b0 \u00e9dition ce week-end de l' Open de Racketlon de Lyon-Bron","breadcrumb":{"@id":"https:\/\/newsestlyonnais.fr\/site\/2018\/10\/21\/lyon-bron-3-edition-ce-week-end-de-l-open-de-racketlon-de-lyon-bron\/#breadcrumb"},"inLanguage":"fr-FR","potentialAction":[{"@type":"ReadAction","target":["https:\/\/newsestlyonnais.fr\/site\/2018\/10\/21\/lyon-bron-3-edition-ce-week-end-de-l-open-de-racketlon-de-lyon-bron\/"]}]},{"@type":"ImageObject","inLanguage":"fr-FR","@id":"https:\/\/newsestlyonnais.fr\/site\/2018\/10\/21\/lyon-bron-3-edition-ce-week-end-de-l-open-de-racketlon-de-lyon-bron\/#primaryimage","url":"https:\/\/newsestlyonnais.fr\/site\/wp-content\/uploads\/2018\/10\/NEWSESTLYONNAIS-3\u00b0-RACKETLON-LYON-BRON.jpg","contentUrl":"https:\/\/newsestlyonnais.fr\/site\/wp-content\/uploads\/2018\/10\/NEWSESTLYONNAIS-3\u00b0-RACKETLON-LYON-BRON.jpg","width":960,"height":600,"caption":"NEWSESTLYONNAIS 3\u00b0 RACKETLON LYON BRON"},{"@type":"BreadcrumbList","@id":"https:\/\/newsestlyonnais.fr\/site\/2018\/10\/21\/lyon-bron-3-edition-ce-week-end-de-l-open-de-racketlon-de-lyon-bron\/#breadcrumb","itemListElement":[{"@type":"ListItem","position":1,"name":"Accueil","item":"https:\/\/newsestlyonnais.fr\/site\/"},{"@type":"ListItem","position":2,"name":"BRON \/ LYON | 3\u00b0 \u00e9dition de l&rsquo; Open de racketlon de Lyon-Bron"}]},{"@type":"WebSite","@id":"https:\/\/newsestlyonnais.fr\/site\/#website","url":"https:\/\/newsestlyonnais.fr\/site\/","name":"News Est Lyonnais","description":"L&#039;actualit\u00e9 au plus pr\u00e8s","publisher":{"@id":"https:\/\/newsestlyonnais.fr\/site\/#organization"},"potentialAction":[{"@type":"SearchAction","target":{"@type":"EntryPoint","urlTemplate":"https:\/\/newsestlyonnais.fr\/site\/?s={search_term_string}"},"query-input":{"@type":"PropertyValueSpecification","valueRequired":true,"valueName":"search_term_string"}}],"inLanguage":"fr-FR"},{"@type":"Organization","@id":"https:\/\/newsestlyonnais.fr\/site\/#organization","name":"News EST LYONNAIS","url":"https:\/\/newsestlyonnais.fr\/site\/","logo":{"@type":"ImageObject","inLanguage":"fr-FR","@id":"https:\/\/newsestlyonnais.fr\/site\/#\/schema\/logo\/image\/","url":"","contentUrl":"","caption":"News EST LYONNAIS"},"image":{"@id":"https:\/\/newsestlyonnais.fr\/site\/#\/schema\/logo\/image\/"}},{"@type":"Person","@id":"https:\/\/newsestlyonnais.fr\/site\/#\/schema\/person\/3230d5615f390bb808365d673001e887","name":"R\u00e9dac. NEWS","sameAs":["http:\/\/www.newsestlyonnais.fr","https:\/\/www.facebook.com\/pascal.oberson.1?fref=ts","https:\/\/fr.linkedin.com\/in\/pascal-oberson-b17045113"],"url":"https:\/\/newsestlyonnais.fr\/site\/author\/nel\/"}]}},"_links":{"self":[{"href":"https:\/\/newsestlyonnais.fr\/site\/wp-json\/wp\/v2\/posts\/59025","targetHints":{"allow":["GET"]}}],"collection":[{"href":"https:\/\/newsestlyonnais.fr\/site\/wp-json\/wp\/v2\/posts"}],"about":[{"href":"https:\/\/newsestlyonnais.fr\/site\/wp-json\/wp\/v2\/types\/post"}],"author":[{"embeddable":true,"href":"https:\/\/newsestlyonnais.fr\/site\/wp-json\/wp\/v2\/users\/4"}],"replies":[{"embeddable":true,"href":"https:\/\/newsestlyonnais.fr\/site\/wp-json\/wp\/v2\/comments?post=59025"}],"version-history":[{"count":0,"href":"https:\/\/newsestlyonnais.fr\/site\/wp-json\/wp\/v2\/posts\/59025\/revisions"}],"wp:featuredmedia":[{"embeddable":true,"href":"https:\/\/newsestlyonnais.fr\/site\/wp-json\/wp\/v2\/media\/57528"}],"wp:attachment":[{"href":"https:\/\/newsestlyonnais.fr\/site\/wp-json\/wp\/v2\/media?parent=59025"}],"wp:term":[{"taxonomy":"category","embeddable":true,"href":"https:\/\/newsestlyonnais.fr\/site\/wp-json\/wp\/v2\/categories?post=59025"},{"taxonomy":"post_tag","embeddable":true,"href":"https:\/\/newsestlyonnais.fr\/site\/wp-json\/wp\/v2\/tags?post=59025"}],"curies":[{"name":"wp","href":"https:\/\/api.w.org\/{rel}","templated":true}]}}