{"id":59039,"date":"2018-10-22T08:40:24","date_gmt":"2018-10-22T07:40:24","guid":{"rendered":"http:\/\/newsestlyonnais.fr\/site\/?p=59039"},"modified":"2020-11-04T08:00:06","modified_gmt":"2020-11-04T07:00:06","slug":"bron-lyon-emma-picard-double-championne-deurope-de-petanque","status":"publish","type":"post","link":"https:\/\/newsestlyonnais.fr\/site\/2018\/10\/22\/bron-lyon-emma-picard-double-championne-deurope-de-petanque\/","title":{"rendered":"BRON \/ LYON | Emma Picard, double championne d&rsquo;Europe de P\u00e9tanque"},"content":{"rendered":"<h4>A seulement 19 ans, la jeune Emma Picard poss\u00e8de d\u00e9j\u00e0 un beau palmar\u00e8s dans le monde de la p\u00e9tanque, discipline qu&rsquo;elle pratique depuis l&rsquo;\u00e2ge de 4 ans !<\/h4>\n<p>Apr\u00e8s des d\u00e9buts au club de D\u00e9cines, elle a rejoint \u00e0 7 ans, le club de p\u00e9tanque de Bron-Terraillon o\u00f9 coach\u00e9e par son p\u00e8re Serge, elle a tap\u00e9 ses premi\u00e8res boules au boulodrome brondillant avec Henri Bayada, fondateur d&rsquo;un club o\u00f9 elle a poursuivi sa formation jusqu&rsquo;\u00e0 ses 15 ans. Puis ensuite port\u00e9 durant 3 ans les couleurs de la P\u00e9tanque Ripag\u00e9rienne (Rive de Gier), cette saison celles du Caz\u00e8res P\u00e9tanque Club (Toulouse). Elle rejoindra d\u00e9but janvier 2019, les rangs de la formation lyonnaise des Canuts pour jouer avec Ranya Kouadri &amp; Mouna Beji. Avec comme objectif \u00a0\u00bb d&rsquo;aller aux France et de gagner, tant par \u00e9quipes qu&rsquo;en individuel ! \u00ab\u00a0.<\/p>\n<p>Cette sp\u00e9cialiste du tir, qui appr\u00e9cie tout particuli\u00e8rement de jouer en doublettes, s&rsquo;entraine une fois par semaine en \u00e9t\u00e9, pour cause de concours le week-end, puis passe \u00e0 2 ou 3 s\u00e9ances en hiver. A son \u00e2ge elle peut se targuer de poss\u00e9der une vitrine aux troph\u00e9es d\u00e9j\u00e0 bien remplie avec des titres de tous genres. Les derniers en date ne sont pas des moindres avec <strong>2 titres europ\u00e9ens<\/strong> d\u00e9croch\u00e9s du 11 au 14 octobre dernier \u00e0 Alm\u00e9ria (Espagne) o\u00f9 sous le maillot tricolore de l&rsquo;\u00e9quipe de France, qu&rsquo;elle porte depuis 2015, elle remporte 2 m\u00e9dailles d&rsquo;or : en triplettes et au tir de pr\u00e9cision !<\/p>\n<p>Un double sacre continental qui vient compl\u00e9ter une belle carte de visite sportive : plusieurs fois championne du Rh\u00f4ne, vainqueur d&rsquo;une trentaine de concours nationaux (2 en t\u00eate \u00e0 t\u00eate \u00e0 Palavas et Millau, les autres en doublettes et en triplettes), vainqueur du P.P.F. en 2017, finaliste en 2018 mais gagnante au tir).<\/p>\n<div id='gallery-1' class='gallery galleryid-59039 gallery-columns-3 gallery-size-thumbnail'><figure class='gallery-item'>\n\t\t\t<div class='gallery-icon landscape'>\n\t\t\t\t<a href='https:\/\/newsestlyonnais.fr\/site\/2018\/10\/22\/bron-lyon-emma-picard-double-championne-deurope-de-petanque\/newsestlyonnais-emma-picard\/'><img loading=\"lazy\" decoding=\"async\" width=\"150\" height=\"150\" src=\"https:\/\/newsestlyonnais.fr\/site\/wp-content\/uploads\/2018\/10\/NEWSESTLYONNAIS-EMMA-PICARD-150x150.jpg\" class=\"attachment-thumbnail size-thumbnail\" alt=\"NEWSESTLYONNAIS EMMA PICARD\" aria-describedby=\"gallery-1-59045\" \/><\/a>\n\t\t\t<\/div>\n\t\t\t\t<figcaption class='wp-caption-text gallery-caption' id='gallery-1-59045'>\n\t\t\t\tEmma avec son maillot europ\u00e9en et ses 2 belles m\u00e9dailles !\n\t\t\t\t<\/figcaption><\/figure>\n\t\t<\/div>\n\n<p>&nbsp;<\/p>\n","protected":false},"excerpt":{"rendered":"<p>A seulement 19 ans, la jeune Emma Picard poss\u00e8de d\u00e9j\u00e0 un beau palmar\u00e8s dans le monde de la p\u00e9tanque, discipline qu&rsquo;elle pratique depuis l&rsquo;\u00e2ge de 4 ans ! Apr\u00e8s des d\u00e9buts au club de D\u00e9cines, elle a rejoint \u00e0 7 ans, le club de p\u00e9tanque de Bron-Terraillon o\u00f9 coach\u00e9e par son p\u00e8re Serge, elle a [&hellip;]<\/p>\n","protected":false},"author":4,"featured_media":59045,"comment_status":"open","ping_status":"open","sticky":false,"template":"","format":"standard","meta":{"footnotes":""},"categories":[2977,19,4,3421,1625,2978],"tags":[],"class_list":["post-59039","post","type-post","status-publish","format-standard","has-post-thumbnail","hentry","category-boules-petanque-sports","category-bron","category-evenements-divers","category-feminin-actu-au","category-lyon","category-petanque-sports"],"yoast_head":"<!-- This site is optimized with the Yoast SEO plugin v27.2 - https:\/\/yoast.com\/product\/yoast-seo-wordpress\/ -->\n<title>BRON \/ LYON : Emma Picard, double championne d&#039;Europe de P\u00e9tanque<\/title>\n<meta name=\"description\" content=\"BRON \/ LYON : Emma Picard, double championne d&#039;Europe de P\u00e9tanque\" \/>\n<meta name=\"robots\" content=\"index, follow, max-snippet:-1, max-image-preview:large, max-video-preview:-1\" \/>\n<link rel=\"canonical\" href=\"https:\/\/newsestlyonnais.fr\/site\/2018\/10\/22\/bron-lyon-emma-picard-double-championne-deurope-de-petanque\/\" \/>\n<meta property=\"og:locale\" content=\"fr_FR\" \/>\n<meta property=\"og:type\" content=\"article\" \/>\n<meta property=\"og:title\" content=\"BRON \/ LYON : Emma Picard, double championne d&#039;Europe de P\u00e9tanque\" \/>\n<meta property=\"og:description\" content=\"BRON \/ LYON : Emma Picard, double championne d&#039;Europe de P\u00e9tanque\" \/>\n<meta property=\"og:url\" content=\"https:\/\/newsestlyonnais.fr\/site\/2018\/10\/22\/bron-lyon-emma-picard-double-championne-deurope-de-petanque\/\" \/>\n<meta property=\"og:site_name\" content=\"News Est Lyonnais\" \/>\n<meta property=\"article:author\" content=\"https:\/\/www.facebook.com\/pascal.oberson.1?fref=ts\" \/>\n<meta property=\"article:published_time\" content=\"2018-10-22T07:40:24+00:00\" \/>\n<meta property=\"article:modified_time\" content=\"2020-11-04T07:00:06+00:00\" \/>\n<meta property=\"og:image\" content=\"https:\/\/i1.wp.com\/newsestlyonnais.fr\/site\/wp-content\/uploads\/2018\/10\/NEWSESTLYONNAIS-EMMA-PICARD.jpg?fit=2048%2C1536&ssl=1\" \/>\n\t<meta property=\"og:image:width\" content=\"2048\" \/>\n\t<meta property=\"og:image:height\" content=\"1536\" \/>\n\t<meta property=\"og:image:type\" content=\"image\/jpeg\" \/>\n<meta name=\"author\" content=\"R\u00e9dac. NEWS\" \/>\n<meta name=\"twitter:card\" content=\"summary_large_image\" \/>\n<meta name=\"twitter:label1\" content=\"\u00c9crit par\" \/>\n\t<meta name=\"twitter:data1\" content=\"R\u00e9dac. NEWS\" \/>\n\t<meta name=\"twitter:label2\" content=\"Dur\u00e9e de lecture estim\u00e9e\" \/>\n\t<meta name=\"twitter:data2\" content=\"2 minutes\" \/>\n<script type=\"application\/ld+json\" class=\"yoast-schema-graph\">{\"@context\":\"https:\/\/schema.org\",\"@graph\":[{\"@type\":\"Article\",\"@id\":\"https:\/\/newsestlyonnais.fr\/site\/2018\/10\/22\/bron-lyon-emma-picard-double-championne-deurope-de-petanque\/#article\",\"isPartOf\":{\"@id\":\"https:\/\/newsestlyonnais.fr\/site\/2018\/10\/22\/bron-lyon-emma-picard-double-championne-deurope-de-petanque\/\"},\"author\":{\"name\":\"R\u00e9dac. NEWS\",\"@id\":\"https:\/\/newsestlyonnais.fr\/site\/#\/schema\/person\/3230d5615f390bb808365d673001e887\"},\"headline\":\"BRON \/ LYON | Emma Picard, double championne d&rsquo;Europe de P\u00e9tanque\",\"datePublished\":\"2018-10-22T07:40:24+00:00\",\"dateModified\":\"2020-11-04T07:00:06+00:00\",\"mainEntityOfPage\":{\"@id\":\"https:\/\/newsestlyonnais.fr\/site\/2018\/10\/22\/bron-lyon-emma-picard-double-championne-deurope-de-petanque\/\"},\"wordCount\":331,\"commentCount\":0,\"publisher\":{\"@id\":\"https:\/\/newsestlyonnais.fr\/site\/#organization\"},\"image\":{\"@id\":\"https:\/\/newsestlyonnais.fr\/site\/2018\/10\/22\/bron-lyon-emma-picard-double-championne-deurope-de-petanque\/#primaryimage\"},\"thumbnailUrl\":\"https:\/\/newsestlyonnais.fr\/site\/wp-content\/uploads\/2018\/10\/NEWSESTLYONNAIS-EMMA-PICARD.jpg\",\"articleSection\":[\"Boules | P\u00e9tanque\",\"Bron\",\"Ev\u00e8nements divers\",\"F\u00e9minin (Actu au)\",\"Lyon\",\"P\u00e9tanque\"],\"inLanguage\":\"fr-FR\",\"potentialAction\":[{\"@type\":\"CommentAction\",\"name\":\"Comment\",\"target\":[\"https:\/\/newsestlyonnais.fr\/site\/2018\/10\/22\/bron-lyon-emma-picard-double-championne-deurope-de-petanque\/#respond\"]}]},{\"@type\":\"WebPage\",\"@id\":\"https:\/\/newsestlyonnais.fr\/site\/2018\/10\/22\/bron-lyon-emma-picard-double-championne-deurope-de-petanque\/\",\"url\":\"https:\/\/newsestlyonnais.fr\/site\/2018\/10\/22\/bron-lyon-emma-picard-double-championne-deurope-de-petanque\/\",\"name\":\"BRON \/ LYON : Emma Picard, double championne d'Europe de P\u00e9tanque\",\"isPartOf\":{\"@id\":\"https:\/\/newsestlyonnais.fr\/site\/#website\"},\"primaryImageOfPage\":{\"@id\":\"https:\/\/newsestlyonnais.fr\/site\/2018\/10\/22\/bron-lyon-emma-picard-double-championne-deurope-de-petanque\/#primaryimage\"},\"image\":{\"@id\":\"https:\/\/newsestlyonnais.fr\/site\/2018\/10\/22\/bron-lyon-emma-picard-double-championne-deurope-de-petanque\/#primaryimage\"},\"thumbnailUrl\":\"https:\/\/newsestlyonnais.fr\/site\/wp-content\/uploads\/2018\/10\/NEWSESTLYONNAIS-EMMA-PICARD.jpg\",\"datePublished\":\"2018-10-22T07:40:24+00:00\",\"dateModified\":\"2020-11-04T07:00:06+00:00\",\"description\":\"BRON \/ LYON : Emma Picard, double championne d'Europe de P\u00e9tanque\",\"breadcrumb\":{\"@id\":\"https:\/\/newsestlyonnais.fr\/site\/2018\/10\/22\/bron-lyon-emma-picard-double-championne-deurope-de-petanque\/#breadcrumb\"},\"inLanguage\":\"fr-FR\",\"potentialAction\":[{\"@type\":\"ReadAction\",\"target\":[\"https:\/\/newsestlyonnais.fr\/site\/2018\/10\/22\/bron-lyon-emma-picard-double-championne-deurope-de-petanque\/\"]}]},{\"@type\":\"ImageObject\",\"inLanguage\":\"fr-FR\",\"@id\":\"https:\/\/newsestlyonnais.fr\/site\/2018\/10\/22\/bron-lyon-emma-picard-double-championne-deurope-de-petanque\/#primaryimage\",\"url\":\"https:\/\/newsestlyonnais.fr\/site\/wp-content\/uploads\/2018\/10\/NEWSESTLYONNAIS-EMMA-PICARD.jpg\",\"contentUrl\":\"https:\/\/newsestlyonnais.fr\/site\/wp-content\/uploads\/2018\/10\/NEWSESTLYONNAIS-EMMA-PICARD.jpg\",\"width\":2048,\"height\":1536,\"caption\":\"Emma avec son maillot europ\u00e9en et ses 2 belles m\u00e9dailles !\"},{\"@type\":\"BreadcrumbList\",\"@id\":\"https:\/\/newsestlyonnais.fr\/site\/2018\/10\/22\/bron-lyon-emma-picard-double-championne-deurope-de-petanque\/#breadcrumb\",\"itemListElement\":[{\"@type\":\"ListItem\",\"position\":1,\"name\":\"Accueil\",\"item\":\"https:\/\/newsestlyonnais.fr\/site\/\"},{\"@type\":\"ListItem\",\"position\":2,\"name\":\"BRON \/ LYON | Emma Picard, double championne d&rsquo;Europe de P\u00e9tanque\"}]},{\"@type\":\"WebSite\",\"@id\":\"https:\/\/newsestlyonnais.fr\/site\/#website\",\"url\":\"https:\/\/newsestlyonnais.fr\/site\/\",\"name\":\"News Est Lyonnais\",\"description\":\"L&#039;actualit\u00e9 au plus pr\u00e8s\",\"publisher\":{\"@id\":\"https:\/\/newsestlyonnais.fr\/site\/#organization\"},\"potentialAction\":[{\"@type\":\"SearchAction\",\"target\":{\"@type\":\"EntryPoint\",\"urlTemplate\":\"https:\/\/newsestlyonnais.fr\/site\/?s={search_term_string}\"},\"query-input\":{\"@type\":\"PropertyValueSpecification\",\"valueRequired\":true,\"valueName\":\"search_term_string\"}}],\"inLanguage\":\"fr-FR\"},{\"@type\":\"Organization\",\"@id\":\"https:\/\/newsestlyonnais.fr\/site\/#organization\",\"name\":\"News EST LYONNAIS\",\"url\":\"https:\/\/newsestlyonnais.fr\/site\/\",\"logo\":{\"@type\":\"ImageObject\",\"inLanguage\":\"fr-FR\",\"@id\":\"https:\/\/newsestlyonnais.fr\/site\/#\/schema\/logo\/image\/\",\"url\":\"\",\"contentUrl\":\"\",\"caption\":\"News EST LYONNAIS\"},\"image\":{\"@id\":\"https:\/\/newsestlyonnais.fr\/site\/#\/schema\/logo\/image\/\"}},{\"@type\":\"Person\",\"@id\":\"https:\/\/newsestlyonnais.fr\/site\/#\/schema\/person\/3230d5615f390bb808365d673001e887\",\"name\":\"R\u00e9dac. NEWS\",\"sameAs\":[\"http:\/\/www.newsestlyonnais.fr\",\"https:\/\/www.facebook.com\/pascal.oberson.1?fref=ts\",\"https:\/\/fr.linkedin.com\/in\/pascal-oberson-b17045113\"],\"url\":\"https:\/\/newsestlyonnais.fr\/site\/author\/nel\/\"}]}<\/script>\n<!-- \/ Yoast SEO plugin. -->","yoast_head_json":{"title":"BRON \/ LYON : Emma Picard, double championne d'Europe de P\u00e9tanque","description":"BRON \/ LYON : Emma Picard, double championne d'Europe de P\u00e9tanque","robots":{"index":"index","follow":"follow","max-snippet":"max-snippet:-1","max-image-preview":"max-image-preview:large","max-video-preview":"max-video-preview:-1"},"canonical":"https:\/\/newsestlyonnais.fr\/site\/2018\/10\/22\/bron-lyon-emma-picard-double-championne-deurope-de-petanque\/","og_locale":"fr_FR","og_type":"article","og_title":"BRON \/ LYON : Emma Picard, double championne d'Europe de P\u00e9tanque","og_description":"BRON \/ LYON : Emma Picard, double championne d'Europe de P\u00e9tanque","og_url":"https:\/\/newsestlyonnais.fr\/site\/2018\/10\/22\/bron-lyon-emma-picard-double-championne-deurope-de-petanque\/","og_site_name":"News Est Lyonnais","article_author":"https:\/\/www.facebook.com\/pascal.oberson.1?fref=ts","article_published_time":"2018-10-22T07:40:24+00:00","article_modified_time":"2020-11-04T07:00:06+00:00","og_image":[{"width":2048,"height":1536,"url":"https:\/\/i1.wp.com\/newsestlyonnais.fr\/site\/wp-content\/uploads\/2018\/10\/NEWSESTLYONNAIS-EMMA-PICARD.jpg?fit=2048%2C1536&ssl=1","type":"image\/jpeg"}],"author":"R\u00e9dac. NEWS","twitter_card":"summary_large_image","twitter_misc":{"\u00c9crit par":"R\u00e9dac. NEWS","Dur\u00e9e de lecture estim\u00e9e":"2 minutes"},"schema":{"@context":"https:\/\/schema.org","@graph":[{"@type":"Article","@id":"https:\/\/newsestlyonnais.fr\/site\/2018\/10\/22\/bron-lyon-emma-picard-double-championne-deurope-de-petanque\/#article","isPartOf":{"@id":"https:\/\/newsestlyonnais.fr\/site\/2018\/10\/22\/bron-lyon-emma-picard-double-championne-deurope-de-petanque\/"},"author":{"name":"R\u00e9dac. NEWS","@id":"https:\/\/newsestlyonnais.fr\/site\/#\/schema\/person\/3230d5615f390bb808365d673001e887"},"headline":"BRON \/ LYON | Emma Picard, double championne d&rsquo;Europe de P\u00e9tanque","datePublished":"2018-10-22T07:40:24+00:00","dateModified":"2020-11-04T07:00:06+00:00","mainEntityOfPage":{"@id":"https:\/\/newsestlyonnais.fr\/site\/2018\/10\/22\/bron-lyon-emma-picard-double-championne-deurope-de-petanque\/"},"wordCount":331,"commentCount":0,"publisher":{"@id":"https:\/\/newsestlyonnais.fr\/site\/#organization"},"image":{"@id":"https:\/\/newsestlyonnais.fr\/site\/2018\/10\/22\/bron-lyon-emma-picard-double-championne-deurope-de-petanque\/#primaryimage"},"thumbnailUrl":"https:\/\/newsestlyonnais.fr\/site\/wp-content\/uploads\/2018\/10\/NEWSESTLYONNAIS-EMMA-PICARD.jpg","articleSection":["Boules | P\u00e9tanque","Bron","Ev\u00e8nements divers","F\u00e9minin (Actu au)","Lyon","P\u00e9tanque"],"inLanguage":"fr-FR","potentialAction":[{"@type":"CommentAction","name":"Comment","target":["https:\/\/newsestlyonnais.fr\/site\/2018\/10\/22\/bron-lyon-emma-picard-double-championne-deurope-de-petanque\/#respond"]}]},{"@type":"WebPage","@id":"https:\/\/newsestlyonnais.fr\/site\/2018\/10\/22\/bron-lyon-emma-picard-double-championne-deurope-de-petanque\/","url":"https:\/\/newsestlyonnais.fr\/site\/2018\/10\/22\/bron-lyon-emma-picard-double-championne-deurope-de-petanque\/","name":"BRON \/ LYON : Emma Picard, double championne d'Europe de P\u00e9tanque","isPartOf":{"@id":"https:\/\/newsestlyonnais.fr\/site\/#website"},"primaryImageOfPage":{"@id":"https:\/\/newsestlyonnais.fr\/site\/2018\/10\/22\/bron-lyon-emma-picard-double-championne-deurope-de-petanque\/#primaryimage"},"image":{"@id":"https:\/\/newsestlyonnais.fr\/site\/2018\/10\/22\/bron-lyon-emma-picard-double-championne-deurope-de-petanque\/#primaryimage"},"thumbnailUrl":"https:\/\/newsestlyonnais.fr\/site\/wp-content\/uploads\/2018\/10\/NEWSESTLYONNAIS-EMMA-PICARD.jpg","datePublished":"2018-10-22T07:40:24+00:00","dateModified":"2020-11-04T07:00:06+00:00","description":"BRON \/ LYON : Emma Picard, double championne d'Europe de P\u00e9tanque","breadcrumb":{"@id":"https:\/\/newsestlyonnais.fr\/site\/2018\/10\/22\/bron-lyon-emma-picard-double-championne-deurope-de-petanque\/#breadcrumb"},"inLanguage":"fr-FR","potentialAction":[{"@type":"ReadAction","target":["https:\/\/newsestlyonnais.fr\/site\/2018\/10\/22\/bron-lyon-emma-picard-double-championne-deurope-de-petanque\/"]}]},{"@type":"ImageObject","inLanguage":"fr-FR","@id":"https:\/\/newsestlyonnais.fr\/site\/2018\/10\/22\/bron-lyon-emma-picard-double-championne-deurope-de-petanque\/#primaryimage","url":"https:\/\/newsestlyonnais.fr\/site\/wp-content\/uploads\/2018\/10\/NEWSESTLYONNAIS-EMMA-PICARD.jpg","contentUrl":"https:\/\/newsestlyonnais.fr\/site\/wp-content\/uploads\/2018\/10\/NEWSESTLYONNAIS-EMMA-PICARD.jpg","width":2048,"height":1536,"caption":"Emma avec son maillot europ\u00e9en et ses 2 belles m\u00e9dailles !"},{"@type":"BreadcrumbList","@id":"https:\/\/newsestlyonnais.fr\/site\/2018\/10\/22\/bron-lyon-emma-picard-double-championne-deurope-de-petanque\/#breadcrumb","itemListElement":[{"@type":"ListItem","position":1,"name":"Accueil","item":"https:\/\/newsestlyonnais.fr\/site\/"},{"@type":"ListItem","position":2,"name":"BRON \/ LYON | Emma Picard, double championne d&rsquo;Europe de P\u00e9tanque"}]},{"@type":"WebSite","@id":"https:\/\/newsestlyonnais.fr\/site\/#website","url":"https:\/\/newsestlyonnais.fr\/site\/","name":"News Est Lyonnais","description":"L&#039;actualit\u00e9 au plus pr\u00e8s","publisher":{"@id":"https:\/\/newsestlyonnais.fr\/site\/#organization"},"potentialAction":[{"@type":"SearchAction","target":{"@type":"EntryPoint","urlTemplate":"https:\/\/newsestlyonnais.fr\/site\/?s={search_term_string}"},"query-input":{"@type":"PropertyValueSpecification","valueRequired":true,"valueName":"search_term_string"}}],"inLanguage":"fr-FR"},{"@type":"Organization","@id":"https:\/\/newsestlyonnais.fr\/site\/#organization","name":"News EST LYONNAIS","url":"https:\/\/newsestlyonnais.fr\/site\/","logo":{"@type":"ImageObject","inLanguage":"fr-FR","@id":"https:\/\/newsestlyonnais.fr\/site\/#\/schema\/logo\/image\/","url":"","contentUrl":"","caption":"News EST LYONNAIS"},"image":{"@id":"https:\/\/newsestlyonnais.fr\/site\/#\/schema\/logo\/image\/"}},{"@type":"Person","@id":"https:\/\/newsestlyonnais.fr\/site\/#\/schema\/person\/3230d5615f390bb808365d673001e887","name":"R\u00e9dac. NEWS","sameAs":["http:\/\/www.newsestlyonnais.fr","https:\/\/www.facebook.com\/pascal.oberson.1?fref=ts","https:\/\/fr.linkedin.com\/in\/pascal-oberson-b17045113"],"url":"https:\/\/newsestlyonnais.fr\/site\/author\/nel\/"}]}},"_links":{"self":[{"href":"https:\/\/newsestlyonnais.fr\/site\/wp-json\/wp\/v2\/posts\/59039","targetHints":{"allow":["GET"]}}],"collection":[{"href":"https:\/\/newsestlyonnais.fr\/site\/wp-json\/wp\/v2\/posts"}],"about":[{"href":"https:\/\/newsestlyonnais.fr\/site\/wp-json\/wp\/v2\/types\/post"}],"author":[{"embeddable":true,"href":"https:\/\/newsestlyonnais.fr\/site\/wp-json\/wp\/v2\/users\/4"}],"replies":[{"embeddable":true,"href":"https:\/\/newsestlyonnais.fr\/site\/wp-json\/wp\/v2\/comments?post=59039"}],"version-history":[{"count":0,"href":"https:\/\/newsestlyonnais.fr\/site\/wp-json\/wp\/v2\/posts\/59039\/revisions"}],"wp:featuredmedia":[{"embeddable":true,"href":"https:\/\/newsestlyonnais.fr\/site\/wp-json\/wp\/v2\/media\/59045"}],"wp:attachment":[{"href":"https:\/\/newsestlyonnais.fr\/site\/wp-json\/wp\/v2\/media?parent=59039"}],"wp:term":[{"taxonomy":"category","embeddable":true,"href":"https:\/\/newsestlyonnais.fr\/site\/wp-json\/wp\/v2\/categories?post=59039"},{"taxonomy":"post_tag","embeddable":true,"href":"https:\/\/newsestlyonnais.fr\/site\/wp-json\/wp\/v2\/tags?post=59039"}],"curies":[{"name":"wp","href":"https:\/\/api.w.org\/{rel}","templated":true}]}}