{"id":59263,"date":"2018-10-22T10:01:57","date_gmt":"2018-10-22T09:01:57","guid":{"rendered":"http:\/\/newsestlyonnais.fr\/site\/?p=59263"},"modified":"2020-11-02T11:44:08","modified_gmt":"2020-11-02T10:44:08","slug":"vaulx-en-velin-retour-sur-le-dernier-week-end-sportif","status":"publish","type":"post","link":"https:\/\/newsestlyonnais.fr\/site\/2018\/10\/22\/vaulx-en-velin-retour-sur-le-dernier-week-end-sportif\/","title":{"rendered":"VAULX-EN-VELIN | Retour sur le dernier week-end sportif"},"content":{"rendered":"<h4>Deux rencontres concernant des clubs vaudais dans des sports collectifs sont \u00e0 signaler lors du 3\u00b0 week-end d\u2019Octobre, \u00e0 savoir :<\/h4>\n<ul>\n<li><strong><u>Rugby \u00e0 XIII F\u00e9minines (Poule de Brassage) <\/u><\/strong><strong> : <\/strong>Les Lionnes avalent les Cigales du XIII Proven\u00e7al (50\/0)au stade Georges Lyvet \u00e0 Villeurbanne.Pour les Lionnes du LVR\/VVRL : 9 essais d\u2019 Aliz\u00e9e Julien (8e &amp; 39e) Aisse Thiam (11e), Fayina Mousa (17<sup>e<\/sup>) Elsa Bedu (23e) Alexandra Sagnard (30e) Yc\u00e8ne Sekmadji (36e) Amel Mohandi (45e) et Catherine Vo (49e). 7 transformations d\u2019Yc\u00e8ne Sekmakdji(4) et Elsa Bedu (3). Apr\u00e8s une minute de silence (<strong>PHOTO A LA UNE<\/strong>) en hommage aux naufrag\u00e9s des inondations de l\u2019Aude, le coup d\u2019envoi de cette premi\u00e8re rencontre de la saison entre les lionnes du LVR\/VVRL, vice-championnes de France Elite en juin dernier, et les Cigales du XIII Proven\u00e7al, Championnes de France de la division Nationale \u00e9tait donn\u00e9. Tr\u00e8s vite on pouvait noter une bonne circulation de balle cot\u00e9 Rh\u00f4danien et l\u2019\u00e9cart avec la division inf\u00e9rieure. Les lionnes vont r\u00e9ussir une belle entame de match et planter 3 banderilles dans la d\u00e9fense visiteuse qui se traduira par 3 essais (Aliz\u00e9e Julien en d\u00e9bordement (8e), Aisse suite \u00e0 un raid de 50 m\u00e8tres \u00e0 travers la d\u00e9fense proven\u00e7ale (11e) et par Fayina en d\u00e9bordement). Le score sera de 16\/0 apr\u00e8s 17 minutes. Les Cigales vont r\u00e9agir par contres, mais le jeu des Lionnes prend vite le dessus et Elsa Bedu trompera \u00e0 nouveau la d\u00e9fense \u00e0 la 23\u00e8me ponctuant une belle attaque minute suivi d\u2019 Alexandra Sagnard qui malgr\u00e9 le retour de trois cigales arrivera \u00e0 marquer l\u2019essai juste avant la pause (26\/0). En 2\u00b0 p\u00e9riode, les visiteuses vont faire circuler la balle mais la d\u00e9fense des lionnes veillera au grain et ce sont les Lionnes qui d\u00e9clencheront des br\u00e8ches dans la d\u00e9fense adverse et aggraveront la marque par 4 nouveaux essais. Au final, une belle rencontre de jeu ouvert qui aura permis de pr\u00e9parer les prochaines \u00e9ch\u00e9ances dont la rencontre France \u2013 Angleterre de samedi prochain \u00e0 Carcassonne pour les 3 Lionnes retenues en \u00e9quipe de France : Meissa Bouguessa \u2013 Elsa Bedue et Marie-Clemence Guillet (absente pour ce match).<\/li>\n<\/ul>\n<ul>\n<li><span style=\"text-decoration: underline\"><em><strong>Basket Nationale 2<\/strong><\/em><\/span> : d\u00e9faite (97\/90) des seniors du VBC dans le derby face \u00e0 Beaujolais Basket, samedi dernier \u00e0 Aubert. Une 6\u00b0 d\u00e9faite en 7 matchs qui a failli lors des derni\u00e8res minutes se transformer en victoire \u00e0 l\u2019arrach\u00e9. Marqueurs vaudais : Pasque 20 pts, Gelanor 20, Novelli 12, Marconnet 10, Neri 10, Courtial 6, Giraud-Sauveur 5, Kandom 4, Mukeku 2, Sourang 1. Les vaudais se d\u00e9placeront en terre phoc\u00e9enne le samedi 3 novembre pour aller d\u00e9fier le Stade Marseillais dans l\u2019espoir de remporter leur premier succ\u00e8s hors de leurs bases mais surtout pour rester dans la course au maintien en N2 !<\/li>\n<\/ul>\n<div id='gallery-1' class='gallery galleryid-59263 gallery-columns-3 gallery-size-thumbnail'><figure class='gallery-item'>\n\t\t\t<div class='gallery-icon landscape'>\n\t\t\t\t<a href='https:\/\/newsestlyonnais.fr\/site\/2018\/10\/22\/vaulx-en-velin-retour-sur-le-dernier-week-end-sportif\/p1320311\/'><img loading=\"lazy\" decoding=\"async\" width=\"150\" height=\"150\" src=\"https:\/\/newsestlyonnais.fr\/site\/wp-content\/uploads\/2018\/10\/P1320311-150x150.jpg\" class=\"attachment-thumbnail size-thumbnail\" alt=\"\" aria-describedby=\"gallery-1-59267\" \/><\/a>\n\t\t\t<\/div>\n\t\t\t\t<figcaption class='wp-caption-text gallery-caption' id='gallery-1-59267'>\n\t\t\t\tLes vaudais (en blanc) ont failli s\u2019imposer en fin de rencontre\n\t\t\t\t<\/figcaption><\/figure>\n\t\t<\/div>\n\n","protected":false},"excerpt":{"rendered":"<p>Deux rencontres concernant des clubs vaudais dans des sports collectifs sont \u00e0 signaler lors du 3\u00b0 week-end d\u2019Octobre, \u00e0 savoir : Rugby \u00e0 XIII F\u00e9minines (Poule de Brassage) : Les Lionnes avalent les Cigales du XIII Proven\u00e7al (50\/0)au stade Georges Lyvet \u00e0 Villeurbanne.Pour les Lionnes du LVR\/VVRL : 9 essais d\u2019 Aliz\u00e9e Julien (8e &amp; [&hellip;]<\/p>\n","protected":false},"author":4,"featured_media":59265,"comment_status":"open","ping_status":"open","sticky":false,"template":"","format":"standard","meta":{"footnotes":""},"categories":[1357,2975,2996,168,28],"tags":[],"class_list":["post-59263","post","type-post","status-publish","format-standard","has-post-thumbnail","hentry","category-basket","category-basket-hand-volley-sports","category-football-rugby","category-rugby-a-xiii","category-vaulx-en-velin"],"yoast_head":"<!-- This site is optimized with the Yoast SEO plugin v27.2 - https:\/\/yoast.com\/product\/yoast-seo-wordpress\/ -->\n<title>VAULX EN VELIN : Retour sur le dernier week-end sportif<\/title>\n<meta name=\"description\" content=\"VAULX EN VELIN : Retour sur le dernier week-end sportif\" \/>\n<meta name=\"robots\" content=\"index, follow, max-snippet:-1, max-image-preview:large, max-video-preview:-1\" \/>\n<link rel=\"canonical\" href=\"https:\/\/newsestlyonnais.fr\/site\/2018\/10\/22\/vaulx-en-velin-retour-sur-le-dernier-week-end-sportif\/\" \/>\n<meta property=\"og:locale\" content=\"fr_FR\" \/>\n<meta property=\"og:type\" content=\"article\" \/>\n<meta property=\"og:title\" content=\"VAULX EN VELIN : Retour sur le dernier week-end sportif\" \/>\n<meta property=\"og:description\" content=\"VAULX EN VELIN : Retour sur le dernier week-end sportif\" \/>\n<meta property=\"og:url\" content=\"https:\/\/newsestlyonnais.fr\/site\/2018\/10\/22\/vaulx-en-velin-retour-sur-le-dernier-week-end-sportif\/\" \/>\n<meta property=\"og:site_name\" content=\"News Est Lyonnais\" \/>\n<meta property=\"article:author\" content=\"https:\/\/www.facebook.com\/pascal.oberson.1?fref=ts\" \/>\n<meta property=\"article:published_time\" content=\"2018-10-22T09:01:57+00:00\" \/>\n<meta property=\"article:modified_time\" content=\"2020-11-02T10:44:08+00:00\" \/>\n<meta property=\"og:image\" content=\"https:\/\/i1.wp.com\/newsestlyonnais.fr\/site\/wp-content\/uploads\/2018\/10\/NEWSESTLYONNAIS-MINUTE-SILENCE-FILLES.jpg?fit=969%2C726&ssl=1\" \/>\n\t<meta property=\"og:image:width\" content=\"969\" \/>\n\t<meta property=\"og:image:height\" content=\"726\" \/>\n\t<meta property=\"og:image:type\" content=\"image\/jpeg\" \/>\n<meta name=\"author\" content=\"R\u00e9dac. NEWS\" \/>\n<meta name=\"twitter:card\" content=\"summary_large_image\" \/>\n<meta name=\"twitter:label1\" content=\"\u00c9crit par\" \/>\n\t<meta name=\"twitter:data1\" content=\"R\u00e9dac. NEWS\" \/>\n\t<meta name=\"twitter:label2\" content=\"Dur\u00e9e de lecture estim\u00e9e\" \/>\n\t<meta name=\"twitter:data2\" content=\"2 minutes\" \/>\n<script type=\"application\/ld+json\" class=\"yoast-schema-graph\">{\"@context\":\"https:\/\/schema.org\",\"@graph\":[{\"@type\":\"Article\",\"@id\":\"https:\/\/newsestlyonnais.fr\/site\/2018\/10\/22\/vaulx-en-velin-retour-sur-le-dernier-week-end-sportif\/#article\",\"isPartOf\":{\"@id\":\"https:\/\/newsestlyonnais.fr\/site\/2018\/10\/22\/vaulx-en-velin-retour-sur-le-dernier-week-end-sportif\/\"},\"author\":{\"name\":\"R\u00e9dac. NEWS\",\"@id\":\"https:\/\/newsestlyonnais.fr\/site\/#\/schema\/person\/3230d5615f390bb808365d673001e887\"},\"headline\":\"VAULX-EN-VELIN | Retour sur le dernier week-end sportif\",\"datePublished\":\"2018-10-22T09:01:57+00:00\",\"dateModified\":\"2020-11-02T10:44:08+00:00\",\"mainEntityOfPage\":{\"@id\":\"https:\/\/newsestlyonnais.fr\/site\/2018\/10\/22\/vaulx-en-velin-retour-sur-le-dernier-week-end-sportif\/\"},\"wordCount\":465,\"commentCount\":0,\"publisher\":{\"@id\":\"https:\/\/newsestlyonnais.fr\/site\/#organization\"},\"image\":{\"@id\":\"https:\/\/newsestlyonnais.fr\/site\/2018\/10\/22\/vaulx-en-velin-retour-sur-le-dernier-week-end-sportif\/#primaryimage\"},\"thumbnailUrl\":\"https:\/\/newsestlyonnais.fr\/site\/wp-content\/uploads\/2018\/10\/NEWSESTLYONNAIS-MINUTE-SILENCE-FILLES.jpg\",\"articleSection\":[\"Basket\",\"Basket | Hand | Volley\",\"Foot | Rugby\",\"RUGBY \u00e0 XIII\",\"Vaulx-en-Velin\"],\"inLanguage\":\"fr-FR\",\"potentialAction\":[{\"@type\":\"CommentAction\",\"name\":\"Comment\",\"target\":[\"https:\/\/newsestlyonnais.fr\/site\/2018\/10\/22\/vaulx-en-velin-retour-sur-le-dernier-week-end-sportif\/#respond\"]}]},{\"@type\":\"WebPage\",\"@id\":\"https:\/\/newsestlyonnais.fr\/site\/2018\/10\/22\/vaulx-en-velin-retour-sur-le-dernier-week-end-sportif\/\",\"url\":\"https:\/\/newsestlyonnais.fr\/site\/2018\/10\/22\/vaulx-en-velin-retour-sur-le-dernier-week-end-sportif\/\",\"name\":\"VAULX EN VELIN : Retour sur le dernier week-end sportif\",\"isPartOf\":{\"@id\":\"https:\/\/newsestlyonnais.fr\/site\/#website\"},\"primaryImageOfPage\":{\"@id\":\"https:\/\/newsestlyonnais.fr\/site\/2018\/10\/22\/vaulx-en-velin-retour-sur-le-dernier-week-end-sportif\/#primaryimage\"},\"image\":{\"@id\":\"https:\/\/newsestlyonnais.fr\/site\/2018\/10\/22\/vaulx-en-velin-retour-sur-le-dernier-week-end-sportif\/#primaryimage\"},\"thumbnailUrl\":\"https:\/\/newsestlyonnais.fr\/site\/wp-content\/uploads\/2018\/10\/NEWSESTLYONNAIS-MINUTE-SILENCE-FILLES.jpg\",\"datePublished\":\"2018-10-22T09:01:57+00:00\",\"dateModified\":\"2020-11-02T10:44:08+00:00\",\"description\":\"VAULX EN VELIN : Retour sur le dernier week-end sportif\",\"breadcrumb\":{\"@id\":\"https:\/\/newsestlyonnais.fr\/site\/2018\/10\/22\/vaulx-en-velin-retour-sur-le-dernier-week-end-sportif\/#breadcrumb\"},\"inLanguage\":\"fr-FR\",\"potentialAction\":[{\"@type\":\"ReadAction\",\"target\":[\"https:\/\/newsestlyonnais.fr\/site\/2018\/10\/22\/vaulx-en-velin-retour-sur-le-dernier-week-end-sportif\/\"]}]},{\"@type\":\"ImageObject\",\"inLanguage\":\"fr-FR\",\"@id\":\"https:\/\/newsestlyonnais.fr\/site\/2018\/10\/22\/vaulx-en-velin-retour-sur-le-dernier-week-end-sportif\/#primaryimage\",\"url\":\"https:\/\/newsestlyonnais.fr\/site\/wp-content\/uploads\/2018\/10\/NEWSESTLYONNAIS-MINUTE-SILENCE-FILLES.jpg\",\"contentUrl\":\"https:\/\/newsestlyonnais.fr\/site\/wp-content\/uploads\/2018\/10\/NEWSESTLYONNAIS-MINUTE-SILENCE-FILLES.jpg\",\"width\":969,\"height\":726},{\"@type\":\"BreadcrumbList\",\"@id\":\"https:\/\/newsestlyonnais.fr\/site\/2018\/10\/22\/vaulx-en-velin-retour-sur-le-dernier-week-end-sportif\/#breadcrumb\",\"itemListElement\":[{\"@type\":\"ListItem\",\"position\":1,\"name\":\"Accueil\",\"item\":\"https:\/\/newsestlyonnais.fr\/site\/\"},{\"@type\":\"ListItem\",\"position\":2,\"name\":\"VAULX-EN-VELIN | Retour sur le dernier week-end sportif\"}]},{\"@type\":\"WebSite\",\"@id\":\"https:\/\/newsestlyonnais.fr\/site\/#website\",\"url\":\"https:\/\/newsestlyonnais.fr\/site\/\",\"name\":\"News Est Lyonnais\",\"description\":\"L&#039;actualit\u00e9 au plus pr\u00e8s\",\"publisher\":{\"@id\":\"https:\/\/newsestlyonnais.fr\/site\/#organization\"},\"potentialAction\":[{\"@type\":\"SearchAction\",\"target\":{\"@type\":\"EntryPoint\",\"urlTemplate\":\"https:\/\/newsestlyonnais.fr\/site\/?s={search_term_string}\"},\"query-input\":{\"@type\":\"PropertyValueSpecification\",\"valueRequired\":true,\"valueName\":\"search_term_string\"}}],\"inLanguage\":\"fr-FR\"},{\"@type\":\"Organization\",\"@id\":\"https:\/\/newsestlyonnais.fr\/site\/#organization\",\"name\":\"News EST LYONNAIS\",\"url\":\"https:\/\/newsestlyonnais.fr\/site\/\",\"logo\":{\"@type\":\"ImageObject\",\"inLanguage\":\"fr-FR\",\"@id\":\"https:\/\/newsestlyonnais.fr\/site\/#\/schema\/logo\/image\/\",\"url\":\"\",\"contentUrl\":\"\",\"caption\":\"News EST LYONNAIS\"},\"image\":{\"@id\":\"https:\/\/newsestlyonnais.fr\/site\/#\/schema\/logo\/image\/\"}},{\"@type\":\"Person\",\"@id\":\"https:\/\/newsestlyonnais.fr\/site\/#\/schema\/person\/3230d5615f390bb808365d673001e887\",\"name\":\"R\u00e9dac. NEWS\",\"sameAs\":[\"http:\/\/www.newsestlyonnais.fr\",\"https:\/\/www.facebook.com\/pascal.oberson.1?fref=ts\",\"https:\/\/fr.linkedin.com\/in\/pascal-oberson-b17045113\"],\"url\":\"https:\/\/newsestlyonnais.fr\/site\/author\/nel\/\"}]}<\/script>\n<!-- \/ Yoast SEO plugin. -->","yoast_head_json":{"title":"VAULX EN VELIN : Retour sur le dernier week-end sportif","description":"VAULX EN VELIN : Retour sur le dernier week-end sportif","robots":{"index":"index","follow":"follow","max-snippet":"max-snippet:-1","max-image-preview":"max-image-preview:large","max-video-preview":"max-video-preview:-1"},"canonical":"https:\/\/newsestlyonnais.fr\/site\/2018\/10\/22\/vaulx-en-velin-retour-sur-le-dernier-week-end-sportif\/","og_locale":"fr_FR","og_type":"article","og_title":"VAULX EN VELIN : Retour sur le dernier week-end sportif","og_description":"VAULX EN VELIN : Retour sur le dernier week-end sportif","og_url":"https:\/\/newsestlyonnais.fr\/site\/2018\/10\/22\/vaulx-en-velin-retour-sur-le-dernier-week-end-sportif\/","og_site_name":"News Est Lyonnais","article_author":"https:\/\/www.facebook.com\/pascal.oberson.1?fref=ts","article_published_time":"2018-10-22T09:01:57+00:00","article_modified_time":"2020-11-02T10:44:08+00:00","og_image":[{"width":969,"height":726,"url":"https:\/\/i1.wp.com\/newsestlyonnais.fr\/site\/wp-content\/uploads\/2018\/10\/NEWSESTLYONNAIS-MINUTE-SILENCE-FILLES.jpg?fit=969%2C726&ssl=1","type":"image\/jpeg"}],"author":"R\u00e9dac. NEWS","twitter_card":"summary_large_image","twitter_misc":{"\u00c9crit par":"R\u00e9dac. NEWS","Dur\u00e9e de lecture estim\u00e9e":"2 minutes"},"schema":{"@context":"https:\/\/schema.org","@graph":[{"@type":"Article","@id":"https:\/\/newsestlyonnais.fr\/site\/2018\/10\/22\/vaulx-en-velin-retour-sur-le-dernier-week-end-sportif\/#article","isPartOf":{"@id":"https:\/\/newsestlyonnais.fr\/site\/2018\/10\/22\/vaulx-en-velin-retour-sur-le-dernier-week-end-sportif\/"},"author":{"name":"R\u00e9dac. NEWS","@id":"https:\/\/newsestlyonnais.fr\/site\/#\/schema\/person\/3230d5615f390bb808365d673001e887"},"headline":"VAULX-EN-VELIN | Retour sur le dernier week-end sportif","datePublished":"2018-10-22T09:01:57+00:00","dateModified":"2020-11-02T10:44:08+00:00","mainEntityOfPage":{"@id":"https:\/\/newsestlyonnais.fr\/site\/2018\/10\/22\/vaulx-en-velin-retour-sur-le-dernier-week-end-sportif\/"},"wordCount":465,"commentCount":0,"publisher":{"@id":"https:\/\/newsestlyonnais.fr\/site\/#organization"},"image":{"@id":"https:\/\/newsestlyonnais.fr\/site\/2018\/10\/22\/vaulx-en-velin-retour-sur-le-dernier-week-end-sportif\/#primaryimage"},"thumbnailUrl":"https:\/\/newsestlyonnais.fr\/site\/wp-content\/uploads\/2018\/10\/NEWSESTLYONNAIS-MINUTE-SILENCE-FILLES.jpg","articleSection":["Basket","Basket | Hand | Volley","Foot | Rugby","RUGBY \u00e0 XIII","Vaulx-en-Velin"],"inLanguage":"fr-FR","potentialAction":[{"@type":"CommentAction","name":"Comment","target":["https:\/\/newsestlyonnais.fr\/site\/2018\/10\/22\/vaulx-en-velin-retour-sur-le-dernier-week-end-sportif\/#respond"]}]},{"@type":"WebPage","@id":"https:\/\/newsestlyonnais.fr\/site\/2018\/10\/22\/vaulx-en-velin-retour-sur-le-dernier-week-end-sportif\/","url":"https:\/\/newsestlyonnais.fr\/site\/2018\/10\/22\/vaulx-en-velin-retour-sur-le-dernier-week-end-sportif\/","name":"VAULX EN VELIN : Retour sur le dernier week-end sportif","isPartOf":{"@id":"https:\/\/newsestlyonnais.fr\/site\/#website"},"primaryImageOfPage":{"@id":"https:\/\/newsestlyonnais.fr\/site\/2018\/10\/22\/vaulx-en-velin-retour-sur-le-dernier-week-end-sportif\/#primaryimage"},"image":{"@id":"https:\/\/newsestlyonnais.fr\/site\/2018\/10\/22\/vaulx-en-velin-retour-sur-le-dernier-week-end-sportif\/#primaryimage"},"thumbnailUrl":"https:\/\/newsestlyonnais.fr\/site\/wp-content\/uploads\/2018\/10\/NEWSESTLYONNAIS-MINUTE-SILENCE-FILLES.jpg","datePublished":"2018-10-22T09:01:57+00:00","dateModified":"2020-11-02T10:44:08+00:00","description":"VAULX EN VELIN : Retour sur le dernier week-end sportif","breadcrumb":{"@id":"https:\/\/newsestlyonnais.fr\/site\/2018\/10\/22\/vaulx-en-velin-retour-sur-le-dernier-week-end-sportif\/#breadcrumb"},"inLanguage":"fr-FR","potentialAction":[{"@type":"ReadAction","target":["https:\/\/newsestlyonnais.fr\/site\/2018\/10\/22\/vaulx-en-velin-retour-sur-le-dernier-week-end-sportif\/"]}]},{"@type":"ImageObject","inLanguage":"fr-FR","@id":"https:\/\/newsestlyonnais.fr\/site\/2018\/10\/22\/vaulx-en-velin-retour-sur-le-dernier-week-end-sportif\/#primaryimage","url":"https:\/\/newsestlyonnais.fr\/site\/wp-content\/uploads\/2018\/10\/NEWSESTLYONNAIS-MINUTE-SILENCE-FILLES.jpg","contentUrl":"https:\/\/newsestlyonnais.fr\/site\/wp-content\/uploads\/2018\/10\/NEWSESTLYONNAIS-MINUTE-SILENCE-FILLES.jpg","width":969,"height":726},{"@type":"BreadcrumbList","@id":"https:\/\/newsestlyonnais.fr\/site\/2018\/10\/22\/vaulx-en-velin-retour-sur-le-dernier-week-end-sportif\/#breadcrumb","itemListElement":[{"@type":"ListItem","position":1,"name":"Accueil","item":"https:\/\/newsestlyonnais.fr\/site\/"},{"@type":"ListItem","position":2,"name":"VAULX-EN-VELIN | Retour sur le dernier week-end sportif"}]},{"@type":"WebSite","@id":"https:\/\/newsestlyonnais.fr\/site\/#website","url":"https:\/\/newsestlyonnais.fr\/site\/","name":"News Est Lyonnais","description":"L&#039;actualit\u00e9 au plus pr\u00e8s","publisher":{"@id":"https:\/\/newsestlyonnais.fr\/site\/#organization"},"potentialAction":[{"@type":"SearchAction","target":{"@type":"EntryPoint","urlTemplate":"https:\/\/newsestlyonnais.fr\/site\/?s={search_term_string}"},"query-input":{"@type":"PropertyValueSpecification","valueRequired":true,"valueName":"search_term_string"}}],"inLanguage":"fr-FR"},{"@type":"Organization","@id":"https:\/\/newsestlyonnais.fr\/site\/#organization","name":"News EST LYONNAIS","url":"https:\/\/newsestlyonnais.fr\/site\/","logo":{"@type":"ImageObject","inLanguage":"fr-FR","@id":"https:\/\/newsestlyonnais.fr\/site\/#\/schema\/logo\/image\/","url":"","contentUrl":"","caption":"News EST LYONNAIS"},"image":{"@id":"https:\/\/newsestlyonnais.fr\/site\/#\/schema\/logo\/image\/"}},{"@type":"Person","@id":"https:\/\/newsestlyonnais.fr\/site\/#\/schema\/person\/3230d5615f390bb808365d673001e887","name":"R\u00e9dac. NEWS","sameAs":["http:\/\/www.newsestlyonnais.fr","https:\/\/www.facebook.com\/pascal.oberson.1?fref=ts","https:\/\/fr.linkedin.com\/in\/pascal-oberson-b17045113"],"url":"https:\/\/newsestlyonnais.fr\/site\/author\/nel\/"}]}},"_links":{"self":[{"href":"https:\/\/newsestlyonnais.fr\/site\/wp-json\/wp\/v2\/posts\/59263","targetHints":{"allow":["GET"]}}],"collection":[{"href":"https:\/\/newsestlyonnais.fr\/site\/wp-json\/wp\/v2\/posts"}],"about":[{"href":"https:\/\/newsestlyonnais.fr\/site\/wp-json\/wp\/v2\/types\/post"}],"author":[{"embeddable":true,"href":"https:\/\/newsestlyonnais.fr\/site\/wp-json\/wp\/v2\/users\/4"}],"replies":[{"embeddable":true,"href":"https:\/\/newsestlyonnais.fr\/site\/wp-json\/wp\/v2\/comments?post=59263"}],"version-history":[{"count":0,"href":"https:\/\/newsestlyonnais.fr\/site\/wp-json\/wp\/v2\/posts\/59263\/revisions"}],"wp:featuredmedia":[{"embeddable":true,"href":"https:\/\/newsestlyonnais.fr\/site\/wp-json\/wp\/v2\/media\/59265"}],"wp:attachment":[{"href":"https:\/\/newsestlyonnais.fr\/site\/wp-json\/wp\/v2\/media?parent=59263"}],"wp:term":[{"taxonomy":"category","embeddable":true,"href":"https:\/\/newsestlyonnais.fr\/site\/wp-json\/wp\/v2\/categories?post=59263"},{"taxonomy":"post_tag","embeddable":true,"href":"https:\/\/newsestlyonnais.fr\/site\/wp-json\/wp\/v2\/tags?post=59263"}],"curies":[{"name":"wp","href":"https:\/\/api.w.org\/{rel}","templated":true}]}}